{"id":210409,"date":"2026-03-17T16:50:30","date_gmt":"2026-03-17T19:50:30","guid":{"rendered":"https:\/\/radioinfinitagoya.com.ar\/v1\/?p=210409"},"modified":"2026-03-17T16:50:30","modified_gmt":"2026-03-17T19:50:30","slug":"el-problema-en-mclaren-que-le-impidio-a-lando-norris-y-oscar-piastri-iniciar-la-carrera","status":"publish","type":"post","link":"https:\/\/radioinfinitagoya.com.ar\/v1\/2026\/03\/17\/el-problema-en-mclaren-que-le-impidio-a-lando-norris-y-oscar-piastri-iniciar-la-carrera\/","title":{"rendered":"El problema en McLaren que le impidi\u00f3 a Lando Norris y Oscar Piastri iniciar la carrera"},"content":{"rendered":"<p>En el GP de China de F\u00f3rmula 1<\/p>\n<p>El brit\u00e1nico y el australiano sufrieron problemas el\u00e9ctricos en la unidad de potencia. No pudieron siquiera largar<\/p>\n<p>La nueva era de la F\u00f3rmula 1 viene generando dolores de cabeza a distintos equipos y un caso resonante sucedi\u00f3 el pasado fin de semana con el doble abandono de McLaren antes de iniciar la carrera principal del Gran Premio de China. Oscar Piastri y el campe\u00f3n Lando Norris siquiera pudieron largar la competencia que dej\u00f3 a otros cinco corredores fuera de pista a lo largo de las 56 vueltas.<\/p>\n<p>El equipo bicampe\u00f3n en el certamen de Constructores detall\u00f3 que tuvo \u201cdos fallos el\u00e9ctricos diferentes en la unidad de potencia\u201d del MCL40. El problema en el monoplaza del brit\u00e1nico se detect\u00f3 \u201cdurante los preparativos rutinarios para la carrera\u201d y, a pesar de los trabajos, \u201cno hubo forma de resolver la aver\u00eda antes del inicio\u201d de la cita.<\/p>\n<p>El australiano Piastri, que ven\u00eda de protagonizar un ins\u00f3lito accidente en la vuelta de formaci\u00f3n del Gran Premio de Melbourne que lo dej\u00f3 fuera de competencia, sufri\u00f3 tambi\u00e9n una falla en el \u201csistema el\u00e9ctrico\u201d durante la alineaci\u00f3n en la parrilla antes de la largada. \u201cSe produjeron al mismo tiempo fallos el\u00e9ctricos aparentemente diferentes en la unidad de potencia de ambos coches\u201d, aseguraron sobre este hecho que ocurri\u00f3 por primera vez en el equipo en m\u00e1s de 20 a\u00f1os.<\/p>\n<p>Andrea Stella, uno de los jefes del equipo, fue el encargado de filmar un video para las redes de la escuder\u00eda: \u201cHoy no hemos podido participar en el Gran Premio de China debido a un problema t\u00e9cnico relacionado con la parte el\u00e9ctrica de la unidad de potencia. Es excepcional que hayamos tenido dos problemas t\u00e9cnicos en el mismo componente, pero en realidad de naturaleza diferente. Averiguaremos qu\u00e9 ha pasado, lo solucionaremos y volveremos a intentarlo\u201d.<\/p>\n<p>Piastri y Norris iban a largar en tercera fila (5\u00b0 y 6\u00b0, respectivamente) detr\u00e1s de los Mercedes y las Ferraris. Precisamente Andrea Kimi Antonelli le dio la victoria a las Flechas Plateadas, que tambi\u00e9n se quedaron con los triunfos en Australia y en la Sprint de China gracias a George Russell en un inicio de temporada aplastante.<\/p>\n<p>Sin embargo, Stella mostr\u00f3 su disconformidad por la disparidad de rendimiento entre el motor Mercedes que lleva el equipo proveedor y el que portan los clientes como McLaren: \u201cSi tenemos en cuenta lo que lograron los motores Mercedes all\u00ed, nos queda mucho trabajo por delante. Debemos ampliar nuestra colaboraci\u00f3n con el fabricante, porque su \u00e9xito tambi\u00e9n deber\u00eda ser transferible a nosotros. Quiz\u00e1s el flujo de informaci\u00f3n no fue el que hab\u00edamos previsto\u201d, dijo el l\u00edder de McLaren seg\u00fan reflej\u00f3 el medio Auto Motor Und Sport.<\/p>\n<p>\u201cAunque logr\u00e9 llegar a la parrilla, lamentablemente tuve un problema el\u00e9ctrico en la unidad de potencia, diferente al de Lando, que a\u00fan estamos investigando\u201d, fueron las palabras de Piastri en el sitio oficial del team. El australiano de 24 a\u00f1os fue 6\u00b0 en la Sprint de China, pero no logr\u00f3 girar en las otras dos carreras que se desarrollaron hasta el momento. Norris, que fue 5\u00b0 en Melbourne y 4\u00b0 en la Sprint, asegur\u00f3: \u201cLo que lo hace a\u00fan m\u00e1s frustrante es que Oscar y yo parece que hemos tenido problemas completamente ajenos en ambos coches, as\u00ed que hemos tenido muy mala suerte en general\u201d.<\/p>\n<p>La jornada en China termin\u00f3 con abandonos de Alexander Albon, Gabriel Bortoleto, Lance Stroll, Fernando Alonso y Max Verstappen. La revancha para McLaren llegar\u00e1 dentro de dos fines de semana con la tercera fecha del calendario: el Gran Premio de Jap\u00f3n tendr\u00e1 su carrera principal el domingo 29 de marzo desde las 2 de la ma\u00f1ana (hora de Argentina). Hay que tener en cuenta que la cita en Suzuka ser\u00e1 la \u00faltima hasta mayo, ya que las dos carreras pautadas para abril (Bar\u00e9in y Arabia Saudita) fueron suspendidas por la situaci\u00f3n geopol\u00edtica en Medio Oriente.<\/p>\n<p>&nbsp;<\/p>\n","protected":false},"excerpt":{"rendered":"<p>En el GP de China de F\u00f3rmula 1 El brit\u00e1nico y el australiano sufrieron problemas el\u00e9ctricos en la unidad de potencia. No pudieron siquiera largar La nueva era de la F\u00f3rmula 1 viene generando dolores de cabeza a distintos equipos y un caso resonante sucedi\u00f3 el pasado fin de semana con el doble abandono de [&hellip;]<\/p>\n","protected":false},"author":4,"featured_media":210410,"comment_status":"open","ping_status":"open","sticky":false,"template":"","format":"standard","meta":{"_joinchat":[],"footnotes":""},"categories":[28],"tags":[],"class_list":{"0":"post-210409","1":"post","2":"type-post","3":"status-publish","4":"format-standard","5":"has-post-thumbnail","7":"category-deportes"},"yoast_head":"<!-- This site is optimized with the Yoast SEO plugin v27.2 - https:\/\/yoast.com\/product\/yoast-seo-wordpress\/ -->\n<title>El problema en McLaren que le impidi\u00f3 a Lando Norris y Oscar Piastri iniciar la carrera - Radio Infinita Goya<\/title>\n<meta name=\"description\" content=\"En el GP de China de F\u00f3rmula 1 El brit\u00e1nico y el australiano sufrieron problemas el\u00e9ctricos en la unidad de potencia. No pudieron siquiera largar La nueva\" \/>\n<meta name=\"robots\" content=\"index, follow, max-snippet:-1, max-image-preview:large, max-video-preview:-1\" \/>\n<link rel=\"canonical\" href=\"https:\/\/radioinfinitagoya.com.ar\/v1\/2026\/03\/17\/el-problema-en-mclaren-que-le-impidio-a-lando-norris-y-oscar-piastri-iniciar-la-carrera\/\" \/>\n<meta property=\"og:locale\" content=\"es_ES\" \/>\n<meta property=\"og:type\" content=\"article\" \/>\n<meta property=\"og:title\" content=\"El problema en McLaren que le impidi\u00f3 a Lando Norris y Oscar Piastri iniciar la carrera - Radio Infinita Goya\" \/>\n<meta property=\"og:description\" content=\"En el GP de China de F\u00f3rmula 1 El brit\u00e1nico y el australiano sufrieron problemas el\u00e9ctricos en la unidad de potencia. No pudieron siquiera largar La nueva\" \/>\n<meta property=\"og:url\" content=\"https:\/\/radioinfinitagoya.com.ar\/v1\/2026\/03\/17\/el-problema-en-mclaren-que-le-impidio-a-lando-norris-y-oscar-piastri-iniciar-la-carrera\/\" \/>\n<meta property=\"og:site_name\" content=\"Radio Infinita Goya\" \/>\n<meta property=\"article:publisher\" content=\"https:\/\/www.facebook.com\/p\/Infinita-Goya-100063870918311\/\" \/>\n<meta property=\"article:published_time\" content=\"2026-03-17T19:50:30+00:00\" \/>\n<meta name=\"author\" content=\"Jorge Mi\u00f1o\" \/>\n<meta name=\"twitter:card\" content=\"summary_large_image\" \/>\n<meta name=\"twitter:label1\" content=\"Escrito por\" \/>\n\t<meta name=\"twitter:data1\" content=\"Jorge Mi\u00f1o\" \/>\n\t<meta name=\"twitter:label2\" content=\"Tiempo de lectura\" \/>\n\t<meta name=\"twitter:data2\" content=\"4 minutos\" \/>\n<script type=\"application\/ld+json\" class=\"yoast-schema-graph\">{\"@context\":\"https:\/\/schema.org\",\"@graph\":[{\"@type\":\"Article\",\"@id\":\"https:\/\/radioinfinitagoya.com.ar\/v1\/2026\/03\/17\/el-problema-en-mclaren-que-le-impidio-a-lando-norris-y-oscar-piastri-iniciar-la-carrera\/#article\",\"isPartOf\":{\"@id\":\"https:\/\/radioinfinitagoya.com.ar\/v1\/2026\/03\/17\/el-problema-en-mclaren-que-le-impidio-a-lando-norris-y-oscar-piastri-iniciar-la-carrera\/\"},\"author\":{\"name\":\"Jorge Mi\u00f1o\",\"@id\":\"https:\/\/radioinfinitagoya.com.ar\/v1\/#\/schema\/person\/d4cf9c413d4f6edb24aabdccab49ca4a\"},\"headline\":\"El problema en McLaren que le impidi\u00f3 a Lando Norris y Oscar Piastri iniciar la carrera\",\"datePublished\":\"2026-03-17T19:50:30+00:00\",\"mainEntityOfPage\":{\"@id\":\"https:\/\/radioinfinitagoya.com.ar\/v1\/2026\/03\/17\/el-problema-en-mclaren-que-le-impidio-a-lando-norris-y-oscar-piastri-iniciar-la-carrera\/\"},\"wordCount\":694,\"commentCount\":0,\"publisher\":{\"@id\":\"https:\/\/radioinfinitagoya.com.ar\/v1\/#organization\"},\"image\":{\"@id\":\"https:\/\/radioinfinitagoya.com.ar\/v1\/2026\/03\/17\/el-problema-en-mclaren-que-le-impidio-a-lando-norris-y-oscar-piastri-iniciar-la-carrera\/#primaryimage\"},\"thumbnailUrl\":\"https:\/\/radioinfinitagoya.com.ar\/v1\/wp-content\/uploads\/2026\/03\/ZFJGB3V2OFEUNAZECHPEY74MR4.avif\",\"articleSection\":[\"DEPORTES\"],\"inLanguage\":\"es-AR\",\"potentialAction\":[{\"@type\":\"CommentAction\",\"name\":\"Comment\",\"target\":[\"https:\/\/radioinfinitagoya.com.ar\/v1\/2026\/03\/17\/el-problema-en-mclaren-que-le-impidio-a-lando-norris-y-oscar-piastri-iniciar-la-carrera\/#respond\"]}]},{\"@type\":\"WebPage\",\"@id\":\"https:\/\/radioinfinitagoya.com.ar\/v1\/2026\/03\/17\/el-problema-en-mclaren-que-le-impidio-a-lando-norris-y-oscar-piastri-iniciar-la-carrera\/\",\"url\":\"https:\/\/radioinfinitagoya.com.ar\/v1\/2026\/03\/17\/el-problema-en-mclaren-que-le-impidio-a-lando-norris-y-oscar-piastri-iniciar-la-carrera\/\",\"name\":\"El problema en McLaren que le impidi\u00f3 a Lando Norris y Oscar Piastri iniciar la carrera - Radio Infinita Goya\",\"isPartOf\":{\"@id\":\"https:\/\/radioinfinitagoya.com.ar\/v1\/#website\"},\"primaryImageOfPage\":{\"@id\":\"https:\/\/radioinfinitagoya.com.ar\/v1\/2026\/03\/17\/el-problema-en-mclaren-que-le-impidio-a-lando-norris-y-oscar-piastri-iniciar-la-carrera\/#primaryimage\"},\"image\":{\"@id\":\"https:\/\/radioinfinitagoya.com.ar\/v1\/2026\/03\/17\/el-problema-en-mclaren-que-le-impidio-a-lando-norris-y-oscar-piastri-iniciar-la-carrera\/#primaryimage\"},\"thumbnailUrl\":\"https:\/\/radioinfinitagoya.com.ar\/v1\/wp-content\/uploads\/2026\/03\/ZFJGB3V2OFEUNAZECHPEY74MR4.avif\",\"datePublished\":\"2026-03-17T19:50:30+00:00\",\"description\":\"En el GP de China de F\u00f3rmula 1 El brit\u00e1nico y el australiano sufrieron problemas el\u00e9ctricos en la unidad de potencia. No pudieron siquiera largar La nueva\",\"breadcrumb\":{\"@id\":\"https:\/\/radioinfinitagoya.com.ar\/v1\/2026\/03\/17\/el-problema-en-mclaren-que-le-impidio-a-lando-norris-y-oscar-piastri-iniciar-la-carrera\/#breadcrumb\"},\"inLanguage\":\"es-AR\",\"potentialAction\":[{\"@type\":\"ReadAction\",\"target\":[\"https:\/\/radioinfinitagoya.com.ar\/v1\/2026\/03\/17\/el-problema-en-mclaren-que-le-impidio-a-lando-norris-y-oscar-piastri-iniciar-la-carrera\/\"]}]},{\"@type\":\"ImageObject\",\"inLanguage\":\"es-AR\",\"@id\":\"https:\/\/radioinfinitagoya.com.ar\/v1\/2026\/03\/17\/el-problema-en-mclaren-que-le-impidio-a-lando-norris-y-oscar-piastri-iniciar-la-carrera\/#primaryimage\",\"url\":\"https:\/\/radioinfinitagoya.com.ar\/v1\/wp-content\/uploads\/2026\/03\/ZFJGB3V2OFEUNAZECHPEY74MR4.avif\",\"contentUrl\":\"https:\/\/radioinfinitagoya.com.ar\/v1\/wp-content\/uploads\/2026\/03\/ZFJGB3V2OFEUNAZECHPEY74MR4.avif\",\"width\":992,\"height\":730},{\"@type\":\"BreadcrumbList\",\"@id\":\"https:\/\/radioinfinitagoya.com.ar\/v1\/2026\/03\/17\/el-problema-en-mclaren-que-le-impidio-a-lando-norris-y-oscar-piastri-iniciar-la-carrera\/#breadcrumb\",\"itemListElement\":[{\"@type\":\"ListItem\",\"position\":1,\"name\":\"Inicio\",\"item\":\"https:\/\/radioinfinitagoya.com.ar\/v1\/\"},{\"@type\":\"ListItem\",\"position\":2,\"name\":\"El problema en McLaren que le impidi\u00f3 a Lando Norris y Oscar Piastri iniciar la carrera\"}]},{\"@type\":\"WebSite\",\"@id\":\"https:\/\/radioinfinitagoya.com.ar\/v1\/#website\",\"url\":\"https:\/\/radioinfinitagoya.com.ar\/v1\/\",\"name\":\"radioinfinitagoya.com.ar\",\"description\":\"Radio de noticias\",\"publisher\":{\"@id\":\"https:\/\/radioinfinitagoya.com.ar\/v1\/#organization\"},\"potentialAction\":[{\"@type\":\"SearchAction\",\"target\":{\"@type\":\"EntryPoint\",\"urlTemplate\":\"https:\/\/radioinfinitagoya.com.ar\/v1\/?s={search_term_string}\"},\"query-input\":{\"@type\":\"PropertyValueSpecification\",\"valueRequired\":true,\"valueName\":\"search_term_string\"}}],\"inLanguage\":\"es-AR\"},{\"@type\":\"Organization\",\"@id\":\"https:\/\/radioinfinitagoya.com.ar\/v1\/#organization\",\"name\":\"Radio Infinita Goya\",\"url\":\"https:\/\/radioinfinitagoya.com.ar\/v1\/\",\"logo\":{\"@type\":\"ImageObject\",\"inLanguage\":\"es-AR\",\"@id\":\"https:\/\/radioinfinitagoya.com.ar\/v1\/#\/schema\/logo\/image\/\",\"url\":\"https:\/\/radioinfinitagoya.com.ar\/v1\/wp-content\/uploads\/2019\/11\/logo-pie-web.png\",\"contentUrl\":\"https:\/\/radioinfinitagoya.com.ar\/v1\/wp-content\/uploads\/2019\/11\/logo-pie-web.png\",\"width\":635,\"height\":326,\"caption\":\"Radio Infinita Goya\"},\"image\":{\"@id\":\"https:\/\/radioinfinitagoya.com.ar\/v1\/#\/schema\/logo\/image\/\"},\"sameAs\":[\"https:\/\/www.facebook.com\/p\/Infinita-Goya-100063870918311\/\"]},{\"@type\":\"Person\",\"@id\":\"https:\/\/radioinfinitagoya.com.ar\/v1\/#\/schema\/person\/d4cf9c413d4f6edb24aabdccab49ca4a\",\"name\":\"Jorge Mi\u00f1o\",\"image\":{\"@type\":\"ImageObject\",\"inLanguage\":\"es-AR\",\"@id\":\"https:\/\/secure.gravatar.com\/avatar\/910fcf6728fe95320e07a6643c1581fec1c7fc4bf8ae12e3d8f0d0373dc844be?s=96&d=mm&r=g\",\"url\":\"https:\/\/secure.gravatar.com\/avatar\/910fcf6728fe95320e07a6643c1581fec1c7fc4bf8ae12e3d8f0d0373dc844be?s=96&d=mm&r=g\",\"contentUrl\":\"https:\/\/secure.gravatar.com\/avatar\/910fcf6728fe95320e07a6643c1581fec1c7fc4bf8ae12e3d8f0d0373dc844be?s=96&d=mm&r=g\",\"caption\":\"Jorge Mi\u00f1o\"},\"sameAs\":[\"http:\/\/radioinfinitagoya.com.ar\"]}]}<\/script>\n<!-- \/ Yoast SEO plugin. -->","yoast_head_json":{"title":"El problema en McLaren que le impidi\u00f3 a Lando Norris y Oscar Piastri iniciar la carrera - Radio Infinita Goya","description":"En el GP de China de F\u00f3rmula 1 El brit\u00e1nico y el australiano sufrieron problemas el\u00e9ctricos en la unidad de potencia. No pudieron siquiera largar La nueva","robots":{"index":"index","follow":"follow","max-snippet":"max-snippet:-1","max-image-preview":"max-image-preview:large","max-video-preview":"max-video-preview:-1"},"canonical":"https:\/\/radioinfinitagoya.com.ar\/v1\/2026\/03\/17\/el-problema-en-mclaren-que-le-impidio-a-lando-norris-y-oscar-piastri-iniciar-la-carrera\/","og_locale":"es_ES","og_type":"article","og_title":"El problema en McLaren que le impidi\u00f3 a Lando Norris y Oscar Piastri iniciar la carrera - Radio Infinita Goya","og_description":"En el GP de China de F\u00f3rmula 1 El brit\u00e1nico y el australiano sufrieron problemas el\u00e9ctricos en la unidad de potencia. No pudieron siquiera largar La nueva","og_url":"https:\/\/radioinfinitagoya.com.ar\/v1\/2026\/03\/17\/el-problema-en-mclaren-que-le-impidio-a-lando-norris-y-oscar-piastri-iniciar-la-carrera\/","og_site_name":"Radio Infinita Goya","article_publisher":"https:\/\/www.facebook.com\/p\/Infinita-Goya-100063870918311\/","article_published_time":"2026-03-17T19:50:30+00:00","author":"Jorge Mi\u00f1o","twitter_card":"summary_large_image","twitter_misc":{"Escrito por":"Jorge Mi\u00f1o","Tiempo de lectura":"4 minutos"},"schema":{"@context":"https:\/\/schema.org","@graph":[{"@type":"Article","@id":"https:\/\/radioinfinitagoya.com.ar\/v1\/2026\/03\/17\/el-problema-en-mclaren-que-le-impidio-a-lando-norris-y-oscar-piastri-iniciar-la-carrera\/#article","isPartOf":{"@id":"https:\/\/radioinfinitagoya.com.ar\/v1\/2026\/03\/17\/el-problema-en-mclaren-que-le-impidio-a-lando-norris-y-oscar-piastri-iniciar-la-carrera\/"},"author":{"name":"Jorge Mi\u00f1o","@id":"https:\/\/radioinfinitagoya.com.ar\/v1\/#\/schema\/person\/d4cf9c413d4f6edb24aabdccab49ca4a"},"headline":"El problema en McLaren que le impidi\u00f3 a Lando Norris y Oscar Piastri iniciar la carrera","datePublished":"2026-03-17T19:50:30+00:00","mainEntityOfPage":{"@id":"https:\/\/radioinfinitagoya.com.ar\/v1\/2026\/03\/17\/el-problema-en-mclaren-que-le-impidio-a-lando-norris-y-oscar-piastri-iniciar-la-carrera\/"},"wordCount":694,"commentCount":0,"publisher":{"@id":"https:\/\/radioinfinitagoya.com.ar\/v1\/#organization"},"image":{"@id":"https:\/\/radioinfinitagoya.com.ar\/v1\/2026\/03\/17\/el-problema-en-mclaren-que-le-impidio-a-lando-norris-y-oscar-piastri-iniciar-la-carrera\/#primaryimage"},"thumbnailUrl":"https:\/\/radioinfinitagoya.com.ar\/v1\/wp-content\/uploads\/2026\/03\/ZFJGB3V2OFEUNAZECHPEY74MR4.avif","articleSection":["DEPORTES"],"inLanguage":"es-AR","potentialAction":[{"@type":"CommentAction","name":"Comment","target":["https:\/\/radioinfinitagoya.com.ar\/v1\/2026\/03\/17\/el-problema-en-mclaren-que-le-impidio-a-lando-norris-y-oscar-piastri-iniciar-la-carrera\/#respond"]}]},{"@type":"WebPage","@id":"https:\/\/radioinfinitagoya.com.ar\/v1\/2026\/03\/17\/el-problema-en-mclaren-que-le-impidio-a-lando-norris-y-oscar-piastri-iniciar-la-carrera\/","url":"https:\/\/radioinfinitagoya.com.ar\/v1\/2026\/03\/17\/el-problema-en-mclaren-que-le-impidio-a-lando-norris-y-oscar-piastri-iniciar-la-carrera\/","name":"El problema en McLaren que le impidi\u00f3 a Lando Norris y Oscar Piastri iniciar la carrera - Radio Infinita Goya","isPartOf":{"@id":"https:\/\/radioinfinitagoya.com.ar\/v1\/#website"},"primaryImageOfPage":{"@id":"https:\/\/radioinfinitagoya.com.ar\/v1\/2026\/03\/17\/el-problema-en-mclaren-que-le-impidio-a-lando-norris-y-oscar-piastri-iniciar-la-carrera\/#primaryimage"},"image":{"@id":"https:\/\/radioinfinitagoya.com.ar\/v1\/2026\/03\/17\/el-problema-en-mclaren-que-le-impidio-a-lando-norris-y-oscar-piastri-iniciar-la-carrera\/#primaryimage"},"thumbnailUrl":"https:\/\/radioinfinitagoya.com.ar\/v1\/wp-content\/uploads\/2026\/03\/ZFJGB3V2OFEUNAZECHPEY74MR4.avif","datePublished":"2026-03-17T19:50:30+00:00","description":"En el GP de China de F\u00f3rmula 1 El brit\u00e1nico y el australiano sufrieron problemas el\u00e9ctricos en la unidad de potencia. No pudieron siquiera largar La nueva","breadcrumb":{"@id":"https:\/\/radioinfinitagoya.com.ar\/v1\/2026\/03\/17\/el-problema-en-mclaren-que-le-impidio-a-lando-norris-y-oscar-piastri-iniciar-la-carrera\/#breadcrumb"},"inLanguage":"es-AR","potentialAction":[{"@type":"ReadAction","target":["https:\/\/radioinfinitagoya.com.ar\/v1\/2026\/03\/17\/el-problema-en-mclaren-que-le-impidio-a-lando-norris-y-oscar-piastri-iniciar-la-carrera\/"]}]},{"@type":"ImageObject","inLanguage":"es-AR","@id":"https:\/\/radioinfinitagoya.com.ar\/v1\/2026\/03\/17\/el-problema-en-mclaren-que-le-impidio-a-lando-norris-y-oscar-piastri-iniciar-la-carrera\/#primaryimage","url":"https:\/\/radioinfinitagoya.com.ar\/v1\/wp-content\/uploads\/2026\/03\/ZFJGB3V2OFEUNAZECHPEY74MR4.avif","contentUrl":"https:\/\/radioinfinitagoya.com.ar\/v1\/wp-content\/uploads\/2026\/03\/ZFJGB3V2OFEUNAZECHPEY74MR4.avif","width":992,"height":730},{"@type":"BreadcrumbList","@id":"https:\/\/radioinfinitagoya.com.ar\/v1\/2026\/03\/17\/el-problema-en-mclaren-que-le-impidio-a-lando-norris-y-oscar-piastri-iniciar-la-carrera\/#breadcrumb","itemListElement":[{"@type":"ListItem","position":1,"name":"Inicio","item":"https:\/\/radioinfinitagoya.com.ar\/v1\/"},{"@type":"ListItem","position":2,"name":"El problema en McLaren que le impidi\u00f3 a Lando Norris y Oscar Piastri iniciar la carrera"}]},{"@type":"WebSite","@id":"https:\/\/radioinfinitagoya.com.ar\/v1\/#website","url":"https:\/\/radioinfinitagoya.com.ar\/v1\/","name":"radioinfinitagoya.com.ar","description":"Radio de noticias","publisher":{"@id":"https:\/\/radioinfinitagoya.com.ar\/v1\/#organization"},"potentialAction":[{"@type":"SearchAction","target":{"@type":"EntryPoint","urlTemplate":"https:\/\/radioinfinitagoya.com.ar\/v1\/?s={search_term_string}"},"query-input":{"@type":"PropertyValueSpecification","valueRequired":true,"valueName":"search_term_string"}}],"inLanguage":"es-AR"},{"@type":"Organization","@id":"https:\/\/radioinfinitagoya.com.ar\/v1\/#organization","name":"Radio Infinita Goya","url":"https:\/\/radioinfinitagoya.com.ar\/v1\/","logo":{"@type":"ImageObject","inLanguage":"es-AR","@id":"https:\/\/radioinfinitagoya.com.ar\/v1\/#\/schema\/logo\/image\/","url":"https:\/\/radioinfinitagoya.com.ar\/v1\/wp-content\/uploads\/2019\/11\/logo-pie-web.png","contentUrl":"https:\/\/radioinfinitagoya.com.ar\/v1\/wp-content\/uploads\/2019\/11\/logo-pie-web.png","width":635,"height":326,"caption":"Radio Infinita Goya"},"image":{"@id":"https:\/\/radioinfinitagoya.com.ar\/v1\/#\/schema\/logo\/image\/"},"sameAs":["https:\/\/www.facebook.com\/p\/Infinita-Goya-100063870918311\/"]},{"@type":"Person","@id":"https:\/\/radioinfinitagoya.com.ar\/v1\/#\/schema\/person\/d4cf9c413d4f6edb24aabdccab49ca4a","name":"Jorge Mi\u00f1o","image":{"@type":"ImageObject","inLanguage":"es-AR","@id":"https:\/\/secure.gravatar.com\/avatar\/910fcf6728fe95320e07a6643c1581fec1c7fc4bf8ae12e3d8f0d0373dc844be?s=96&d=mm&r=g","url":"https:\/\/secure.gravatar.com\/avatar\/910fcf6728fe95320e07a6643c1581fec1c7fc4bf8ae12e3d8f0d0373dc844be?s=96&d=mm&r=g","contentUrl":"https:\/\/secure.gravatar.com\/avatar\/910fcf6728fe95320e07a6643c1581fec1c7fc4bf8ae12e3d8f0d0373dc844be?s=96&d=mm&r=g","caption":"Jorge Mi\u00f1o"},"sameAs":["http:\/\/radioinfinitagoya.com.ar"]}]}},"_links":{"self":[{"href":"https:\/\/radioinfinitagoya.com.ar\/v1\/wp-json\/wp\/v2\/posts\/210409","targetHints":{"allow":["GET"]}}],"collection":[{"href":"https:\/\/radioinfinitagoya.com.ar\/v1\/wp-json\/wp\/v2\/posts"}],"about":[{"href":"https:\/\/radioinfinitagoya.com.ar\/v1\/wp-json\/wp\/v2\/types\/post"}],"author":[{"embeddable":true,"href":"https:\/\/radioinfinitagoya.com.ar\/v1\/wp-json\/wp\/v2\/users\/4"}],"replies":[{"embeddable":true,"href":"https:\/\/radioinfinitagoya.com.ar\/v1\/wp-json\/wp\/v2\/comments?post=210409"}],"version-history":[{"count":0,"href":"https:\/\/radioinfinitagoya.com.ar\/v1\/wp-json\/wp\/v2\/posts\/210409\/revisions"}],"wp:featuredmedia":[{"embeddable":true,"href":"https:\/\/radioinfinitagoya.com.ar\/v1\/wp-json\/wp\/v2\/media\/210410"}],"wp:attachment":[{"href":"https:\/\/radioinfinitagoya.com.ar\/v1\/wp-json\/wp\/v2\/media?parent=210409"}],"wp:term":[{"taxonomy":"category","embeddable":true,"href":"https:\/\/radioinfinitagoya.com.ar\/v1\/wp-json\/wp\/v2\/categories?post=210409"},{"taxonomy":"post_tag","embeddable":true,"href":"https:\/\/radioinfinitagoya.com.ar\/v1\/wp-json\/wp\/v2\/tags?post=210409"}],"curies":[{"name":"wp","href":"https:\/\/api.w.org\/{rel}","templated":true}]}}