{"id":210412,"date":"2026-03-17T16:53:18","date_gmt":"2026-03-17T19:53:18","guid":{"rendered":"https:\/\/radioinfinitagoya.com.ar\/v1\/?p=210412"},"modified":"2026-03-17T16:53:18","modified_gmt":"2026-03-17T19:53:18","slug":"se-confirmo-la-lesion-que-sufrio-santiago-ascacibar","status":"publish","type":"post","link":"https:\/\/radioinfinitagoya.com.ar\/v1\/2026\/03\/17\/se-confirmo-la-lesion-que-sufrio-santiago-ascacibar\/","title":{"rendered":"Se confirm\u00f3 la lesi\u00f3n que sufri\u00f3 Santiago Ascacibar"},"content":{"rendered":"<p>Cu\u00e1nto tiempo lo perder\u00e1 Boca Juniors<\/p>\n<p>El mediocampista se desgarr\u00f3 el isquiotibial izquierdo tras el partido en Santa Fe ante Uni\u00f3n<\/p>\n<p>Boca Juniors sum\u00f3 una mala noticia este martes al confirmarse el desgarro de Santiago Ascacibar. El mediocampista de 29 a\u00f1os, que lleg\u00f3 esta temporada al Xeneize proveniente de Estudiantes de La Plata, sufri\u00f3 la lesi\u00f3n muscular en el isquiotibial de su pierna izquierda tras someterse a estudios m\u00e9dicos y ser\u00e1 baja aproximadamente por 21 d\u00edas.<\/p>\n<p>Ascacibar se hab\u00eda retirado del partido del domingo, en el que Boca empat\u00f3 1-1 en el estadio 15 de Abril con Uni\u00f3n de Santa Fe, a los 51 minutos reemplazado por el espa\u00f1ol Ander Herrera. Esta tarde, seg\u00fan pudo averiguar Infobae, se confirm\u00f3 la lesi\u00f3n del jugador que ven\u00eda de marcar sus primeros goles con la camiseta azul y oro frente a Lan\u00fas y San Lorenzo.<\/p>\n<p>De esta manera, el futbolista con pasado en el Pincha no podr\u00e1 estar presente en el campo de juego el pr\u00f3ximo domingo 22 de marzo, en La Bombonera, en el partido frente a Instituto por la fecha 12 de la Zona A del Torneo Apertura. Luego, habr\u00e1 que esperar su evoluci\u00f3n para saber si podr\u00eda reaparecer ante Talleres de C\u00f3rdoba en el primer fin de semana de abril, ya que habr\u00e1 un receso por la Fecha FIFA.<\/p>\n<p>La lesi\u00f3n de Ascacibar complica a\u00fan m\u00e1s los planes de Claudio \u00dabeda, ya que deber\u00e1 ingeni\u00e1rselas para rearmar el medio campo sin una de las piezas claves. Uno de sus reemplazos podr\u00eda ser el vasco Ander Herrera, el chileno Williams Alarc\u00f3n o el juvenil Camilo Rey, ya que Tom\u00e1s Belmonte y Rodrigo Battaglia se est\u00e1n recuperando de sus problemas f\u00edsicos. Cabe recordar que en Boca tambi\u00e9n est\u00e1n lesionados Exequiel Zeballos, Edinson Cavani, Carlos Palacios y Milton Gim\u00e9nez.<\/p>\n<p>Boca Juniors se encuentra en la sexta posici\u00f3n de la Zona A del Torneo Apertura, con 14 puntos y mejor diferencia de gol que Independiente y Platense, que comparten la misma cantidad de unidades. Los dirigidos por Claudio \u00dabeda ganaron 3 partidos, empataron 5 y perdieron 2 encuentros. En ese registro, el Xeneize hace cuatro partidos que no gana en La Bombonera, igualdades ante Platense, Racing, Gimnasia de Mendoza y San Lorenzo. Adem\u00e1s, este semestre tendr\u00e1 el inicio de la Copa Libertadores de Am\u00e9rica, lo cual aumenta la presi\u00f3n sobre el cuerpo t\u00e9cnico y los jugadores para conseguir resultados.<\/p>\n<p>En el contexto pol\u00edtico del club, cabe destacar que el presidente Juan Rom\u00e1n Riquelme est\u00e1 impulsando la ampliaci\u00f3n de la capacidad del estadio a 80 mil espectadores. El Master Plan se divide en dos partes: la primera, que consta de la construcci\u00f3n de cuatro columnas y el montaje de una cuarta bandeja, empezar\u00e1 este a\u00f1o, siempre y cuando la CNRT (Comisi\u00f3n Nacional de Regulaci\u00f3n del Transporte) otorgue los avales correspondientes luego de la aprobaci\u00f3n de la empresa Ferrosur Roca SA. La segunda, m\u00e1s compleja, consiste en la demolici\u00f3n total de los palcos y sectores preferenciales de la calle Dr. del Valle Iberlucea, reci\u00e9n en 2027.<\/p>\n<p>Infobae tuvo acceso a n\u00fameros concluyentes y el desmenuzado de c\u00f3mo se agrandar\u00e1 cada sector popular, de plateas, preferencial y de palcos para arribar a la cifra final antes mencionada. La primera grada que contar\u00e1 con una ampliaci\u00f3n es el Sector K, que actualmente tiene todav\u00eda 500 plateas. Es muy probable que, al final del Torneo Apertura 2026, sean removidas esas butacas que quedan para generar espacio para 1.500 personas m\u00e1s, que har\u00e1n que la tribuna norte alta sea completamente popular otra vez. De esta forma, la Bombonera ya estar\u00e1 cerca de los 60.000 en primera instancia.<\/p>\n<p>El segundo punto en cuesti\u00f3n es el de la cuarta bandeja, que se montar\u00e1 sobre la estructura de la tercera y tendr\u00e1 un aforo total de 6.500 espectadores (todos sentados). Un dato importante que informaron desde el club es que el Alberto J. Armando tendr\u00e1 40 metros de altura con las nuevas disposiciones. Esta talla es incluso menor a la de otros estadios de mayor envergadura, como el Santiago Bernab\u00e9u del Real Madrid (60 metros) y el Allianz Arena del Bayern M\u00fanich (50 metros).<\/p>\n","protected":false},"excerpt":{"rendered":"<p>Cu\u00e1nto tiempo lo perder\u00e1 Boca Juniors El mediocampista se desgarr\u00f3 el isquiotibial izquierdo tras el partido en Santa Fe ante Uni\u00f3n Boca Juniors sum\u00f3 una mala noticia este martes al confirmarse el desgarro de Santiago Ascacibar. El mediocampista de 29 a\u00f1os, que lleg\u00f3 esta temporada al Xeneize proveniente de Estudiantes de La Plata, sufri\u00f3 la [&hellip;]<\/p>\n","protected":false},"author":4,"featured_media":210413,"comment_status":"open","ping_status":"open","sticky":false,"template":"","format":"standard","meta":{"_joinchat":[],"footnotes":""},"categories":[28],"tags":[],"class_list":{"0":"post-210412","1":"post","2":"type-post","3":"status-publish","4":"format-standard","5":"has-post-thumbnail","7":"category-deportes"},"yoast_head":"<!-- This site is optimized with the Yoast SEO plugin v27.2 - https:\/\/yoast.com\/product\/yoast-seo-wordpress\/ -->\n<title>Se confirm\u00f3 la lesi\u00f3n que sufri\u00f3 Santiago Ascacibar - Radio Infinita Goya<\/title>\n<meta name=\"description\" content=\"Cu\u00e1nto tiempo lo perder\u00e1 Boca Juniors El mediocampista se desgarr\u00f3 el isquiotibial izquierdo tras el partido en Santa Fe ante Uni\u00f3n Boca Juniors sum\u00f3 una\" \/>\n<meta name=\"robots\" content=\"index, follow, max-snippet:-1, max-image-preview:large, max-video-preview:-1\" \/>\n<link rel=\"canonical\" href=\"https:\/\/radioinfinitagoya.com.ar\/v1\/2026\/03\/17\/se-confirmo-la-lesion-que-sufrio-santiago-ascacibar\/\" \/>\n<meta property=\"og:locale\" content=\"es_ES\" \/>\n<meta property=\"og:type\" content=\"article\" \/>\n<meta property=\"og:title\" content=\"Se confirm\u00f3 la lesi\u00f3n que sufri\u00f3 Santiago Ascacibar - Radio Infinita Goya\" \/>\n<meta property=\"og:description\" content=\"Cu\u00e1nto tiempo lo perder\u00e1 Boca Juniors El mediocampista se desgarr\u00f3 el isquiotibial izquierdo tras el partido en Santa Fe ante Uni\u00f3n Boca Juniors sum\u00f3 una\" \/>\n<meta property=\"og:url\" content=\"https:\/\/radioinfinitagoya.com.ar\/v1\/2026\/03\/17\/se-confirmo-la-lesion-que-sufrio-santiago-ascacibar\/\" \/>\n<meta property=\"og:site_name\" content=\"Radio Infinita Goya\" \/>\n<meta property=\"article:publisher\" content=\"https:\/\/www.facebook.com\/p\/Infinita-Goya-100063870918311\/\" \/>\n<meta property=\"article:published_time\" content=\"2026-03-17T19:53:18+00:00\" \/>\n<meta name=\"author\" content=\"Jorge Mi\u00f1o\" \/>\n<meta name=\"twitter:card\" content=\"summary_large_image\" \/>\n<meta name=\"twitter:label1\" content=\"Escrito por\" \/>\n\t<meta name=\"twitter:data1\" content=\"Jorge Mi\u00f1o\" \/>\n\t<meta name=\"twitter:label2\" content=\"Tiempo de lectura\" \/>\n\t<meta name=\"twitter:data2\" content=\"4 minutos\" \/>\n<script type=\"application\/ld+json\" class=\"yoast-schema-graph\">{\"@context\":\"https:\/\/schema.org\",\"@graph\":[{\"@type\":\"Article\",\"@id\":\"https:\/\/radioinfinitagoya.com.ar\/v1\/2026\/03\/17\/se-confirmo-la-lesion-que-sufrio-santiago-ascacibar\/#article\",\"isPartOf\":{\"@id\":\"https:\/\/radioinfinitagoya.com.ar\/v1\/2026\/03\/17\/se-confirmo-la-lesion-que-sufrio-santiago-ascacibar\/\"},\"author\":{\"name\":\"Jorge Mi\u00f1o\",\"@id\":\"https:\/\/radioinfinitagoya.com.ar\/v1\/#\/schema\/person\/d4cf9c413d4f6edb24aabdccab49ca4a\"},\"headline\":\"Se confirm\u00f3 la lesi\u00f3n que sufri\u00f3 Santiago Ascacibar\",\"datePublished\":\"2026-03-17T19:53:18+00:00\",\"mainEntityOfPage\":{\"@id\":\"https:\/\/radioinfinitagoya.com.ar\/v1\/2026\/03\/17\/se-confirmo-la-lesion-que-sufrio-santiago-ascacibar\/\"},\"wordCount\":724,\"commentCount\":0,\"publisher\":{\"@id\":\"https:\/\/radioinfinitagoya.com.ar\/v1\/#organization\"},\"image\":{\"@id\":\"https:\/\/radioinfinitagoya.com.ar\/v1\/2026\/03\/17\/se-confirmo-la-lesion-que-sufrio-santiago-ascacibar\/#primaryimage\"},\"thumbnailUrl\":\"https:\/\/radioinfinitagoya.com.ar\/v1\/wp-content\/uploads\/2026\/03\/YQNZWF4KQBDS5MJI6XALZS2TVE.avif\",\"articleSection\":[\"DEPORTES\"],\"inLanguage\":\"es-AR\",\"potentialAction\":[{\"@type\":\"CommentAction\",\"name\":\"Comment\",\"target\":[\"https:\/\/radioinfinitagoya.com.ar\/v1\/2026\/03\/17\/se-confirmo-la-lesion-que-sufrio-santiago-ascacibar\/#respond\"]}]},{\"@type\":\"WebPage\",\"@id\":\"https:\/\/radioinfinitagoya.com.ar\/v1\/2026\/03\/17\/se-confirmo-la-lesion-que-sufrio-santiago-ascacibar\/\",\"url\":\"https:\/\/radioinfinitagoya.com.ar\/v1\/2026\/03\/17\/se-confirmo-la-lesion-que-sufrio-santiago-ascacibar\/\",\"name\":\"Se confirm\u00f3 la lesi\u00f3n que sufri\u00f3 Santiago Ascacibar - Radio Infinita Goya\",\"isPartOf\":{\"@id\":\"https:\/\/radioinfinitagoya.com.ar\/v1\/#website\"},\"primaryImageOfPage\":{\"@id\":\"https:\/\/radioinfinitagoya.com.ar\/v1\/2026\/03\/17\/se-confirmo-la-lesion-que-sufrio-santiago-ascacibar\/#primaryimage\"},\"image\":{\"@id\":\"https:\/\/radioinfinitagoya.com.ar\/v1\/2026\/03\/17\/se-confirmo-la-lesion-que-sufrio-santiago-ascacibar\/#primaryimage\"},\"thumbnailUrl\":\"https:\/\/radioinfinitagoya.com.ar\/v1\/wp-content\/uploads\/2026\/03\/YQNZWF4KQBDS5MJI6XALZS2TVE.avif\",\"datePublished\":\"2026-03-17T19:53:18+00:00\",\"description\":\"Cu\u00e1nto tiempo lo perder\u00e1 Boca Juniors El mediocampista se desgarr\u00f3 el isquiotibial izquierdo tras el partido en Santa Fe ante Uni\u00f3n Boca Juniors sum\u00f3 una\",\"breadcrumb\":{\"@id\":\"https:\/\/radioinfinitagoya.com.ar\/v1\/2026\/03\/17\/se-confirmo-la-lesion-que-sufrio-santiago-ascacibar\/#breadcrumb\"},\"inLanguage\":\"es-AR\",\"potentialAction\":[{\"@type\":\"ReadAction\",\"target\":[\"https:\/\/radioinfinitagoya.com.ar\/v1\/2026\/03\/17\/se-confirmo-la-lesion-que-sufrio-santiago-ascacibar\/\"]}]},{\"@type\":\"ImageObject\",\"inLanguage\":\"es-AR\",\"@id\":\"https:\/\/radioinfinitagoya.com.ar\/v1\/2026\/03\/17\/se-confirmo-la-lesion-que-sufrio-santiago-ascacibar\/#primaryimage\",\"url\":\"https:\/\/radioinfinitagoya.com.ar\/v1\/wp-content\/uploads\/2026\/03\/YQNZWF4KQBDS5MJI6XALZS2TVE.avif\",\"contentUrl\":\"https:\/\/radioinfinitagoya.com.ar\/v1\/wp-content\/uploads\/2026\/03\/YQNZWF4KQBDS5MJI6XALZS2TVE.avif\",\"width\":992,\"height\":684},{\"@type\":\"BreadcrumbList\",\"@id\":\"https:\/\/radioinfinitagoya.com.ar\/v1\/2026\/03\/17\/se-confirmo-la-lesion-que-sufrio-santiago-ascacibar\/#breadcrumb\",\"itemListElement\":[{\"@type\":\"ListItem\",\"position\":1,\"name\":\"Inicio\",\"item\":\"https:\/\/radioinfinitagoya.com.ar\/v1\/\"},{\"@type\":\"ListItem\",\"position\":2,\"name\":\"Se confirm\u00f3 la lesi\u00f3n que sufri\u00f3 Santiago Ascacibar\"}]},{\"@type\":\"WebSite\",\"@id\":\"https:\/\/radioinfinitagoya.com.ar\/v1\/#website\",\"url\":\"https:\/\/radioinfinitagoya.com.ar\/v1\/\",\"name\":\"radioinfinitagoya.com.ar\",\"description\":\"Radio de noticias\",\"publisher\":{\"@id\":\"https:\/\/radioinfinitagoya.com.ar\/v1\/#organization\"},\"potentialAction\":[{\"@type\":\"SearchAction\",\"target\":{\"@type\":\"EntryPoint\",\"urlTemplate\":\"https:\/\/radioinfinitagoya.com.ar\/v1\/?s={search_term_string}\"},\"query-input\":{\"@type\":\"PropertyValueSpecification\",\"valueRequired\":true,\"valueName\":\"search_term_string\"}}],\"inLanguage\":\"es-AR\"},{\"@type\":\"Organization\",\"@id\":\"https:\/\/radioinfinitagoya.com.ar\/v1\/#organization\",\"name\":\"Radio Infinita Goya\",\"url\":\"https:\/\/radioinfinitagoya.com.ar\/v1\/\",\"logo\":{\"@type\":\"ImageObject\",\"inLanguage\":\"es-AR\",\"@id\":\"https:\/\/radioinfinitagoya.com.ar\/v1\/#\/schema\/logo\/image\/\",\"url\":\"https:\/\/radioinfinitagoya.com.ar\/v1\/wp-content\/uploads\/2019\/11\/logo-pie-web.png\",\"contentUrl\":\"https:\/\/radioinfinitagoya.com.ar\/v1\/wp-content\/uploads\/2019\/11\/logo-pie-web.png\",\"width\":635,\"height\":326,\"caption\":\"Radio Infinita Goya\"},\"image\":{\"@id\":\"https:\/\/radioinfinitagoya.com.ar\/v1\/#\/schema\/logo\/image\/\"},\"sameAs\":[\"https:\/\/www.facebook.com\/p\/Infinita-Goya-100063870918311\/\"]},{\"@type\":\"Person\",\"@id\":\"https:\/\/radioinfinitagoya.com.ar\/v1\/#\/schema\/person\/d4cf9c413d4f6edb24aabdccab49ca4a\",\"name\":\"Jorge Mi\u00f1o\",\"image\":{\"@type\":\"ImageObject\",\"inLanguage\":\"es-AR\",\"@id\":\"https:\/\/secure.gravatar.com\/avatar\/910fcf6728fe95320e07a6643c1581fec1c7fc4bf8ae12e3d8f0d0373dc844be?s=96&d=mm&r=g\",\"url\":\"https:\/\/secure.gravatar.com\/avatar\/910fcf6728fe95320e07a6643c1581fec1c7fc4bf8ae12e3d8f0d0373dc844be?s=96&d=mm&r=g\",\"contentUrl\":\"https:\/\/secure.gravatar.com\/avatar\/910fcf6728fe95320e07a6643c1581fec1c7fc4bf8ae12e3d8f0d0373dc844be?s=96&d=mm&r=g\",\"caption\":\"Jorge Mi\u00f1o\"},\"sameAs\":[\"http:\/\/radioinfinitagoya.com.ar\"]}]}<\/script>\n<!-- \/ Yoast SEO plugin. -->","yoast_head_json":{"title":"Se confirm\u00f3 la lesi\u00f3n que sufri\u00f3 Santiago Ascacibar - Radio Infinita Goya","description":"Cu\u00e1nto tiempo lo perder\u00e1 Boca Juniors El mediocampista se desgarr\u00f3 el isquiotibial izquierdo tras el partido en Santa Fe ante Uni\u00f3n Boca Juniors sum\u00f3 una","robots":{"index":"index","follow":"follow","max-snippet":"max-snippet:-1","max-image-preview":"max-image-preview:large","max-video-preview":"max-video-preview:-1"},"canonical":"https:\/\/radioinfinitagoya.com.ar\/v1\/2026\/03\/17\/se-confirmo-la-lesion-que-sufrio-santiago-ascacibar\/","og_locale":"es_ES","og_type":"article","og_title":"Se confirm\u00f3 la lesi\u00f3n que sufri\u00f3 Santiago Ascacibar - Radio Infinita Goya","og_description":"Cu\u00e1nto tiempo lo perder\u00e1 Boca Juniors El mediocampista se desgarr\u00f3 el isquiotibial izquierdo tras el partido en Santa Fe ante Uni\u00f3n Boca Juniors sum\u00f3 una","og_url":"https:\/\/radioinfinitagoya.com.ar\/v1\/2026\/03\/17\/se-confirmo-la-lesion-que-sufrio-santiago-ascacibar\/","og_site_name":"Radio Infinita Goya","article_publisher":"https:\/\/www.facebook.com\/p\/Infinita-Goya-100063870918311\/","article_published_time":"2026-03-17T19:53:18+00:00","author":"Jorge Mi\u00f1o","twitter_card":"summary_large_image","twitter_misc":{"Escrito por":"Jorge Mi\u00f1o","Tiempo de lectura":"4 minutos"},"schema":{"@context":"https:\/\/schema.org","@graph":[{"@type":"Article","@id":"https:\/\/radioinfinitagoya.com.ar\/v1\/2026\/03\/17\/se-confirmo-la-lesion-que-sufrio-santiago-ascacibar\/#article","isPartOf":{"@id":"https:\/\/radioinfinitagoya.com.ar\/v1\/2026\/03\/17\/se-confirmo-la-lesion-que-sufrio-santiago-ascacibar\/"},"author":{"name":"Jorge Mi\u00f1o","@id":"https:\/\/radioinfinitagoya.com.ar\/v1\/#\/schema\/person\/d4cf9c413d4f6edb24aabdccab49ca4a"},"headline":"Se confirm\u00f3 la lesi\u00f3n que sufri\u00f3 Santiago Ascacibar","datePublished":"2026-03-17T19:53:18+00:00","mainEntityOfPage":{"@id":"https:\/\/radioinfinitagoya.com.ar\/v1\/2026\/03\/17\/se-confirmo-la-lesion-que-sufrio-santiago-ascacibar\/"},"wordCount":724,"commentCount":0,"publisher":{"@id":"https:\/\/radioinfinitagoya.com.ar\/v1\/#organization"},"image":{"@id":"https:\/\/radioinfinitagoya.com.ar\/v1\/2026\/03\/17\/se-confirmo-la-lesion-que-sufrio-santiago-ascacibar\/#primaryimage"},"thumbnailUrl":"https:\/\/radioinfinitagoya.com.ar\/v1\/wp-content\/uploads\/2026\/03\/YQNZWF4KQBDS5MJI6XALZS2TVE.avif","articleSection":["DEPORTES"],"inLanguage":"es-AR","potentialAction":[{"@type":"CommentAction","name":"Comment","target":["https:\/\/radioinfinitagoya.com.ar\/v1\/2026\/03\/17\/se-confirmo-la-lesion-que-sufrio-santiago-ascacibar\/#respond"]}]},{"@type":"WebPage","@id":"https:\/\/radioinfinitagoya.com.ar\/v1\/2026\/03\/17\/se-confirmo-la-lesion-que-sufrio-santiago-ascacibar\/","url":"https:\/\/radioinfinitagoya.com.ar\/v1\/2026\/03\/17\/se-confirmo-la-lesion-que-sufrio-santiago-ascacibar\/","name":"Se confirm\u00f3 la lesi\u00f3n que sufri\u00f3 Santiago Ascacibar - Radio Infinita Goya","isPartOf":{"@id":"https:\/\/radioinfinitagoya.com.ar\/v1\/#website"},"primaryImageOfPage":{"@id":"https:\/\/radioinfinitagoya.com.ar\/v1\/2026\/03\/17\/se-confirmo-la-lesion-que-sufrio-santiago-ascacibar\/#primaryimage"},"image":{"@id":"https:\/\/radioinfinitagoya.com.ar\/v1\/2026\/03\/17\/se-confirmo-la-lesion-que-sufrio-santiago-ascacibar\/#primaryimage"},"thumbnailUrl":"https:\/\/radioinfinitagoya.com.ar\/v1\/wp-content\/uploads\/2026\/03\/YQNZWF4KQBDS5MJI6XALZS2TVE.avif","datePublished":"2026-03-17T19:53:18+00:00","description":"Cu\u00e1nto tiempo lo perder\u00e1 Boca Juniors El mediocampista se desgarr\u00f3 el isquiotibial izquierdo tras el partido en Santa Fe ante Uni\u00f3n Boca Juniors sum\u00f3 una","breadcrumb":{"@id":"https:\/\/radioinfinitagoya.com.ar\/v1\/2026\/03\/17\/se-confirmo-la-lesion-que-sufrio-santiago-ascacibar\/#breadcrumb"},"inLanguage":"es-AR","potentialAction":[{"@type":"ReadAction","target":["https:\/\/radioinfinitagoya.com.ar\/v1\/2026\/03\/17\/se-confirmo-la-lesion-que-sufrio-santiago-ascacibar\/"]}]},{"@type":"ImageObject","inLanguage":"es-AR","@id":"https:\/\/radioinfinitagoya.com.ar\/v1\/2026\/03\/17\/se-confirmo-la-lesion-que-sufrio-santiago-ascacibar\/#primaryimage","url":"https:\/\/radioinfinitagoya.com.ar\/v1\/wp-content\/uploads\/2026\/03\/YQNZWF4KQBDS5MJI6XALZS2TVE.avif","contentUrl":"https:\/\/radioinfinitagoya.com.ar\/v1\/wp-content\/uploads\/2026\/03\/YQNZWF4KQBDS5MJI6XALZS2TVE.avif","width":992,"height":684},{"@type":"BreadcrumbList","@id":"https:\/\/radioinfinitagoya.com.ar\/v1\/2026\/03\/17\/se-confirmo-la-lesion-que-sufrio-santiago-ascacibar\/#breadcrumb","itemListElement":[{"@type":"ListItem","position":1,"name":"Inicio","item":"https:\/\/radioinfinitagoya.com.ar\/v1\/"},{"@type":"ListItem","position":2,"name":"Se confirm\u00f3 la lesi\u00f3n que sufri\u00f3 Santiago Ascacibar"}]},{"@type":"WebSite","@id":"https:\/\/radioinfinitagoya.com.ar\/v1\/#website","url":"https:\/\/radioinfinitagoya.com.ar\/v1\/","name":"radioinfinitagoya.com.ar","description":"Radio de noticias","publisher":{"@id":"https:\/\/radioinfinitagoya.com.ar\/v1\/#organization"},"potentialAction":[{"@type":"SearchAction","target":{"@type":"EntryPoint","urlTemplate":"https:\/\/radioinfinitagoya.com.ar\/v1\/?s={search_term_string}"},"query-input":{"@type":"PropertyValueSpecification","valueRequired":true,"valueName":"search_term_string"}}],"inLanguage":"es-AR"},{"@type":"Organization","@id":"https:\/\/radioinfinitagoya.com.ar\/v1\/#organization","name":"Radio Infinita Goya","url":"https:\/\/radioinfinitagoya.com.ar\/v1\/","logo":{"@type":"ImageObject","inLanguage":"es-AR","@id":"https:\/\/radioinfinitagoya.com.ar\/v1\/#\/schema\/logo\/image\/","url":"https:\/\/radioinfinitagoya.com.ar\/v1\/wp-content\/uploads\/2019\/11\/logo-pie-web.png","contentUrl":"https:\/\/radioinfinitagoya.com.ar\/v1\/wp-content\/uploads\/2019\/11\/logo-pie-web.png","width":635,"height":326,"caption":"Radio Infinita Goya"},"image":{"@id":"https:\/\/radioinfinitagoya.com.ar\/v1\/#\/schema\/logo\/image\/"},"sameAs":["https:\/\/www.facebook.com\/p\/Infinita-Goya-100063870918311\/"]},{"@type":"Person","@id":"https:\/\/radioinfinitagoya.com.ar\/v1\/#\/schema\/person\/d4cf9c413d4f6edb24aabdccab49ca4a","name":"Jorge Mi\u00f1o","image":{"@type":"ImageObject","inLanguage":"es-AR","@id":"https:\/\/secure.gravatar.com\/avatar\/910fcf6728fe95320e07a6643c1581fec1c7fc4bf8ae12e3d8f0d0373dc844be?s=96&d=mm&r=g","url":"https:\/\/secure.gravatar.com\/avatar\/910fcf6728fe95320e07a6643c1581fec1c7fc4bf8ae12e3d8f0d0373dc844be?s=96&d=mm&r=g","contentUrl":"https:\/\/secure.gravatar.com\/avatar\/910fcf6728fe95320e07a6643c1581fec1c7fc4bf8ae12e3d8f0d0373dc844be?s=96&d=mm&r=g","caption":"Jorge Mi\u00f1o"},"sameAs":["http:\/\/radioinfinitagoya.com.ar"]}]}},"_links":{"self":[{"href":"https:\/\/radioinfinitagoya.com.ar\/v1\/wp-json\/wp\/v2\/posts\/210412","targetHints":{"allow":["GET"]}}],"collection":[{"href":"https:\/\/radioinfinitagoya.com.ar\/v1\/wp-json\/wp\/v2\/posts"}],"about":[{"href":"https:\/\/radioinfinitagoya.com.ar\/v1\/wp-json\/wp\/v2\/types\/post"}],"author":[{"embeddable":true,"href":"https:\/\/radioinfinitagoya.com.ar\/v1\/wp-json\/wp\/v2\/users\/4"}],"replies":[{"embeddable":true,"href":"https:\/\/radioinfinitagoya.com.ar\/v1\/wp-json\/wp\/v2\/comments?post=210412"}],"version-history":[{"count":0,"href":"https:\/\/radioinfinitagoya.com.ar\/v1\/wp-json\/wp\/v2\/posts\/210412\/revisions"}],"wp:featuredmedia":[{"embeddable":true,"href":"https:\/\/radioinfinitagoya.com.ar\/v1\/wp-json\/wp\/v2\/media\/210413"}],"wp:attachment":[{"href":"https:\/\/radioinfinitagoya.com.ar\/v1\/wp-json\/wp\/v2\/media?parent=210412"}],"wp:term":[{"taxonomy":"category","embeddable":true,"href":"https:\/\/radioinfinitagoya.com.ar\/v1\/wp-json\/wp\/v2\/categories?post=210412"},{"taxonomy":"post_tag","embeddable":true,"href":"https:\/\/radioinfinitagoya.com.ar\/v1\/wp-json\/wp\/v2\/tags?post=210412"}],"curies":[{"name":"wp","href":"https:\/\/api.w.org\/{rel}","templated":true}]}}