{"id":210415,"date":"2026-03-17T16:59:14","date_gmt":"2026-03-17T19:59:14","guid":{"rendered":"https:\/\/radioinfinitagoya.com.ar\/v1\/?p=210415"},"modified":"2026-03-17T16:59:14","modified_gmt":"2026-03-17T19:59:14","slug":"milei-ratifico-su-alineamiento-con-eeuu-e-israel-en-la-guerra-contra-iran","status":"publish","type":"post","link":"https:\/\/radioinfinitagoya.com.ar\/v1\/2026\/03\/17\/milei-ratifico-su-alineamiento-con-eeuu-e-israel-en-la-guerra-contra-iran\/","title":{"rendered":"Milei ratific\u00f3 su alineamiento con EEUU e Israel en la guerra contra Ir\u00e1n"},"content":{"rendered":"<p>\u201cDejamos en claro en d\u00f3nde nos paramos\u201d<\/p>\n<p>El Presidente se convirti\u00f3 en el segundo mandatario en hablar en un acto por el atentado a la Embajada de Israel y asegur\u00f3 que \u201cimpulsa nuevas herramientas jur\u00eddicas para avanzar en el juzgamiento de los responsables\u201d. El agradecimiento de las autoridades diplom\u00e1ticas por la posici\u00f3n del Gobierno<\/p>\n<p>En el momento de m\u00e1xima tensi\u00f3n global y luego de haber recibido amenazas por parte de Ir\u00e1n, el presidente Javier Milei particip\u00f3 -y habl\u00f3- este martes de un nuevo aniversario del atentado a la Embajada de Israel y ratific\u00f3 su alineamiento geopol\u00edtico, al remarcar que su Gobierno \u201cdej\u00f3 en claro d\u00f3nde se para\u201d dentro del conflicto en Medio Oriente.<\/p>\n<p>\u201cHoy, la Argentina es socia en la defensa de estos valores de libertad y combate al terrorismo, y as\u00ed intentaron, mediante el miedo y las amenazas, alejarnos de una naci\u00f3n hermana que comparte los mismos valores que la nuestra, valores que forman parte indisoluble de la tradici\u00f3n occidental, la cual toma sus ra\u00edces en la herencia judeocristiana\u201d, sostuvo.<\/p>\n<p>El mandatario nacional no solo asisti\u00f3 con la plana mayor del Gabinete del acto en el que se volver\u00e1 a reclamar justicia por el ataque terrorista que dej\u00f3 29 muertos y m\u00e1s de 240 heridos, sino que tambi\u00e9n brind\u00f3 unas palabras.<\/p>\n<p>De esta manera, se convirti\u00f3 en el segundo jefe de Estado en dar un discurso en el marco de un homenaje a las v\u00edctimas de este hecho, solamente por detr\u00e1s de Carlos Menem, que lo hizo en 1993.<\/p>\n<p>En esta oportunidad, el encuentro se desarroll\u00f3 bajo una incesante lluvia que se torn\u00f3 intensa minutos antes de la llegada del libertario, pero que se calm\u00f3 un poco cuando estaba hablando ante el p\u00fablico.<\/p>\n<p>\u201cDejamos en claro en d\u00f3nde nos paramos en este momento hist\u00f3rico, en el que Estados Unidos e Israel han decidido ponerle fin al r\u00e9gimen iran\u00ed, una tiran\u00eda que no s\u00f3lo mantiene cautiva a su propia poblaci\u00f3n, sino que se ha dedicado a sembrar el terror durante d\u00e9cadas alrededor del mundo\u201d, se\u00f1al\u00f3.<\/p>\n<p>En este sentido, Milei remarc\u00f3 que tanto este ataque como el que sufri\u00f3 la AMIA dos a\u00f1os m\u00e1s tarde, \u201cintentaron cercenar, mediante el terror, la claridad moral de nuestro pueblo\u201d, sin la cual \u201cse pierde el respeto por la dignidad de la persona, la libertad y el respeto por la vida\u201d.<\/p>\n<p>Asimismo, el Presidente se refiri\u00f3 a las causas judiciales que se iniciaron para tratar de esclarecer los acontecimientos y destac\u00f3 que la Argentina \u201cha reconocido el car\u00e1cter de crimen de lesa humanidad de ambos atentados y ha se\u00f1alado la responsabilidad de la Rep\u00fablica Isl\u00e1mica de Ir\u00e1n y de Hezbol\u00e1 en la ejecuci\u00f3n de estos hechos atroces\u201d.<\/p>\n<p><img loading=\"lazy\" decoding=\"async\" class=\"alignnone size-medium wp-image-210417\" src=\"https:\/\/radioinfinitagoya.com.ar\/v1\/wp-content\/uploads\/2026\/03\/HMUYWTMSQBGLVAFPIRDKLPKPQM-300x200.jpg\" alt=\"\" width=\"300\" height=\"200\" srcset=\"https:\/\/radioinfinitagoya.com.ar\/v1\/wp-content\/uploads\/2026\/03\/HMUYWTMSQBGLVAFPIRDKLPKPQM-300x200.jpg 300w, https:\/\/radioinfinitagoya.com.ar\/v1\/wp-content\/uploads\/2026\/03\/HMUYWTMSQBGLVAFPIRDKLPKPQM-150x100.jpg 150w, https:\/\/radioinfinitagoya.com.ar\/v1\/wp-content\/uploads\/2026\/03\/HMUYWTMSQBGLVAFPIRDKLPKPQM-768x511.jpg 768w, https:\/\/radioinfinitagoya.com.ar\/v1\/wp-content\/uploads\/2026\/03\/HMUYWTMSQBGLVAFPIRDKLPKPQM-631x420.jpg 631w, https:\/\/radioinfinitagoya.com.ar\/v1\/wp-content\/uploads\/2026\/03\/HMUYWTMSQBGLVAFPIRDKLPKPQM-696x463.jpg 696w, https:\/\/radioinfinitagoya.com.ar\/v1\/wp-content\/uploads\/2026\/03\/HMUYWTMSQBGLVAFPIRDKLPKPQM.jpg 992w\" sizes=\"auto, (max-width: 300px) 100vw, 300px\" \/><\/p>\n<p>A 34 a\u00f1os de aquel terrible episodio en la historia argentina, todav\u00eda no se conden\u00f3 a ning\u00fan responsable y a pesar de que la investigaci\u00f3n tiene bastante probado la participaci\u00f3n de miembros de la mencionada organizaci\u00f3n pro iran\u00ed, los acusados siguen impunes.<\/p>\n<p>Adem\u00e1s, cuestion\u00f3 a las anteriores administraciones y subray\u00f3 que \u201cla declaraci\u00f3n de inconstitucionalidad del Memor\u00e1ndum con Ir\u00e1n represent\u00f3 otro paso necesario para restablecer el rumbo correcto en la investigaci\u00f3n; sin embargo, a\u00fan queda trabajo por delante\u201d.<\/p>\n<p>\u201cNuestro pa\u00eds impulsa nuevas herramientas jur\u00eddicas para avanzar en el juzgamiento de los responsables de estos cr\u00edmenes, incluso cuando pretendan eludir la acci\u00f3n de la justicia. Al mismo tiempo, el Estado argentino ha fortalecido sus instrumentos para prevenir y combatir el terrorismo y su financiamiento\u201d, enumer\u00f3.<\/p>\n<p>El reclamo porque avance el juicio en ausencia de los acusados por el ataque fue protagonista a lo largo de toda la jornada y estuvo tambi\u00e9n presente en los discursos de los dem\u00e1s oradores, que tambi\u00e9n celebraron que el pa\u00eds \u201cse haya puesto del lado correcto de la historia\u201d.<\/p>\n<p>Al tomar la palabra, el embajador israel\u00ed en Buenos Aires, Eyal Sela, advirti\u00f3 que su pa\u00eds y los Estados Unidos \u201chan decidido actuar para impedir que el plan de Ir\u00e1n avance\u201d y terminar as\u00ed con los \u201cataques sistem\u00e1ticos contra la sociedad con el fin de generar muerte y destrucci\u00f3n\u201d.<\/p>\n<p>\u201cLuchamos contra el terrorismo como instrumento de acci\u00f3n y una dictadura que se opone a los valores de la democracia, oprimiendo y asesinando su propio pueblo. Frente a ellos, el silencio no es neutralidad, es complicidad. No todos lo expresan con claridad, no todos lo sostienen con convicci\u00f3n. Se\u00f1or presidente Javier Milei, usted ha sido una voz firme en defensa de libertad, de la democracia, de los valores del Occidente. Usted se ha ubicado en el lado correcto de la historia. En nombre del Estado y del pueblo de Israel y de los que creen en el mundo libre, debo decirle una vez m\u00e1s, no solo a \u00e9l, a todos ustedes, muchas gracias\u201d, resumi\u00f3 el representante diplom\u00e1tico.<\/p>\n<p>El encuentro, en esta oportunidad, se realiz\u00f3 bajo la consigna \u201cla primera vez no se olvida, porque deja huella\u201dy busca seguir recordando a las v\u00edctimas de la voladura del edificio que estaba ubicado en la intersecci\u00f3n de las calles Arroyo y Suipacha, en el barrio porte\u00f1o de Retiro.<\/p>\n<p><img loading=\"lazy\" decoding=\"async\" class=\"alignnone size-medium wp-image-210418\" src=\"https:\/\/radioinfinitagoya.com.ar\/v1\/wp-content\/uploads\/2026\/03\/ZRZ6CWCTQVHSTETAMO4EXZLGAE-300x200.jpg\" alt=\"\" width=\"300\" height=\"200\" srcset=\"https:\/\/radioinfinitagoya.com.ar\/v1\/wp-content\/uploads\/2026\/03\/ZRZ6CWCTQVHSTETAMO4EXZLGAE-300x200.jpg 300w, https:\/\/radioinfinitagoya.com.ar\/v1\/wp-content\/uploads\/2026\/03\/ZRZ6CWCTQVHSTETAMO4EXZLGAE-150x100.jpg 150w, https:\/\/radioinfinitagoya.com.ar\/v1\/wp-content\/uploads\/2026\/03\/ZRZ6CWCTQVHSTETAMO4EXZLGAE-768x511.jpg 768w, https:\/\/radioinfinitagoya.com.ar\/v1\/wp-content\/uploads\/2026\/03\/ZRZ6CWCTQVHSTETAMO4EXZLGAE-631x420.jpg 631w, https:\/\/radioinfinitagoya.com.ar\/v1\/wp-content\/uploads\/2026\/03\/ZRZ6CWCTQVHSTETAMO4EXZLGAE-696x463.jpg 696w, https:\/\/radioinfinitagoya.com.ar\/v1\/wp-content\/uploads\/2026\/03\/ZRZ6CWCTQVHSTETAMO4EXZLGAE.avif 992w\" sizes=\"auto, (max-width: 300px) 100vw, 300px\" \/><\/p>\n<p>En ese lugar, actualmente hay una plaza conmemorativa de la tragedia, hasta donde se acercaron las principales autoridades nacionales y miembros del Poder Judicial, del Congreso y de la comunidad jud\u00eda.<\/p>\n<p>Por otra parte, el acto se lleva adelante en un contexto de extrema sensibilidad, tras las amenazas abiertas del r\u00e9gimen isl\u00e1mico contra Milei, al que acus\u00f3 de haber cruzado una \u201cl\u00ednea roja imperdonable\u201d.<\/p>\n<p>En una editorial de un diario oficialista de Teher\u00e1n, apuntaron contra el l\u00edder libertario por haber declarado p\u00fablicamente en Nueva York que Ir\u00e1n es \u201cenemiga\u201d de Argentina y reiterar su alineamiento estrat\u00e9gico con Estados Unidos e Israel.<\/p>\n<p>Una vez que termin\u00f3 su exposici\u00f3n, el Presidente se retir\u00f3 del lugar por motivos de seguridad, aunque en el sitio permanecieron varios de los funcionarios que lo acompa\u00f1aron.<\/p>\n<p>Estuvieron, por ejemplo, la secretaria general de la presidencia, Karina Milei; el jefe de Gabinete, Manuel Adorni; los ministros de Desregulaci\u00f3n, Federico Sturzenegger, de Relaciones Exteriores, Pablo Quirno, del Interior, Diego Santilli, y de Justicia, Juan Bautista Mahiques, y el jefe de gobierno de la Ciudad de Buenos Aires Jorge Macri.<\/p>\n<p>Debido a las condiciones clim\u00e1ticas, todo el evento se adelant\u00f3 y las ofrendas florales en memoria de las v\u00edctimas que iban a colocar representantes de diferentes sectores ya hab\u00edan sido puestas en su lugar, aunque Sela pidi\u00f3 que, de todas formas, se nombre a todos los que iban a entregarlas.<\/p>\n","protected":false},"excerpt":{"rendered":"<p>\u201cDejamos en claro en d\u00f3nde nos paramos\u201d El Presidente se convirti\u00f3 en el segundo mandatario en hablar en un acto por el atentado a la Embajada de Israel y asegur\u00f3 que \u201cimpulsa nuevas herramientas jur\u00eddicas para avanzar en el juzgamiento de los responsables\u201d. El agradecimiento de las autoridades diplom\u00e1ticas por la posici\u00f3n del Gobierno En [&hellip;]<\/p>\n","protected":false},"author":4,"featured_media":210416,"comment_status":"open","ping_status":"open","sticky":false,"template":"","format":"standard","meta":{"_joinchat":[],"footnotes":""},"categories":[34],"tags":[],"class_list":{"0":"post-210415","1":"post","2":"type-post","3":"status-publish","4":"format-standard","5":"has-post-thumbnail","7":"category-principal"},"yoast_head":"<!-- This site is optimized with the Yoast SEO plugin v27.2 - https:\/\/yoast.com\/product\/yoast-seo-wordpress\/ -->\n<title>Milei ratific\u00f3 su alineamiento con EEUU e Israel en la guerra contra Ir\u00e1n - Radio Infinita Goya<\/title>\n<meta name=\"description\" content=\"\u201cDejamos en claro en d\u00f3nde nos paramos\u201d El Presidente se convirti\u00f3 en el segundo mandatario en hablar en un acto por el atentado a la Embajada de Israel y\" \/>\n<meta name=\"robots\" content=\"index, follow, max-snippet:-1, max-image-preview:large, max-video-preview:-1\" \/>\n<link rel=\"canonical\" href=\"https:\/\/radioinfinitagoya.com.ar\/v1\/2026\/03\/17\/milei-ratifico-su-alineamiento-con-eeuu-e-israel-en-la-guerra-contra-iran\/\" \/>\n<meta property=\"og:locale\" content=\"es_ES\" \/>\n<meta property=\"og:type\" content=\"article\" \/>\n<meta property=\"og:title\" content=\"Milei ratific\u00f3 su alineamiento con EEUU e Israel en la guerra contra Ir\u00e1n - Radio Infinita Goya\" \/>\n<meta property=\"og:description\" content=\"\u201cDejamos en claro en d\u00f3nde nos paramos\u201d El Presidente se convirti\u00f3 en el segundo mandatario en hablar en un acto por el atentado a la Embajada de Israel y\" \/>\n<meta property=\"og:url\" content=\"https:\/\/radioinfinitagoya.com.ar\/v1\/2026\/03\/17\/milei-ratifico-su-alineamiento-con-eeuu-e-israel-en-la-guerra-contra-iran\/\" \/>\n<meta property=\"og:site_name\" content=\"Radio Infinita Goya\" \/>\n<meta property=\"article:publisher\" content=\"https:\/\/www.facebook.com\/p\/Infinita-Goya-100063870918311\/\" \/>\n<meta property=\"article:published_time\" content=\"2026-03-17T19:59:14+00:00\" \/>\n<meta name=\"author\" content=\"Jorge Mi\u00f1o\" \/>\n<meta name=\"twitter:card\" content=\"summary_large_image\" \/>\n<meta name=\"twitter:label1\" content=\"Escrito por\" \/>\n\t<meta name=\"twitter:data1\" content=\"Jorge Mi\u00f1o\" \/>\n\t<meta name=\"twitter:label2\" content=\"Tiempo de lectura\" \/>\n\t<meta name=\"twitter:data2\" content=\"6 minutos\" \/>\n<script type=\"application\/ld+json\" class=\"yoast-schema-graph\">{\"@context\":\"https:\/\/schema.org\",\"@graph\":[{\"@type\":\"Article\",\"@id\":\"https:\/\/radioinfinitagoya.com.ar\/v1\/2026\/03\/17\/milei-ratifico-su-alineamiento-con-eeuu-e-israel-en-la-guerra-contra-iran\/#article\",\"isPartOf\":{\"@id\":\"https:\/\/radioinfinitagoya.com.ar\/v1\/2026\/03\/17\/milei-ratifico-su-alineamiento-con-eeuu-e-israel-en-la-guerra-contra-iran\/\"},\"author\":{\"name\":\"Jorge Mi\u00f1o\",\"@id\":\"https:\/\/radioinfinitagoya.com.ar\/v1\/#\/schema\/person\/d4cf9c413d4f6edb24aabdccab49ca4a\"},\"headline\":\"Milei ratific\u00f3 su alineamiento con EEUU e Israel en la guerra contra Ir\u00e1n\",\"datePublished\":\"2026-03-17T19:59:14+00:00\",\"mainEntityOfPage\":{\"@id\":\"https:\/\/radioinfinitagoya.com.ar\/v1\/2026\/03\/17\/milei-ratifico-su-alineamiento-con-eeuu-e-israel-en-la-guerra-contra-iran\/\"},\"wordCount\":1151,\"commentCount\":0,\"publisher\":{\"@id\":\"https:\/\/radioinfinitagoya.com.ar\/v1\/#organization\"},\"image\":{\"@id\":\"https:\/\/radioinfinitagoya.com.ar\/v1\/2026\/03\/17\/milei-ratifico-su-alineamiento-con-eeuu-e-israel-en-la-guerra-contra-iran\/#primaryimage\"},\"thumbnailUrl\":\"https:\/\/radioinfinitagoya.com.ar\/v1\/wp-content\/uploads\/2026\/03\/RLAXQEG6UBBFFC42YKZCQ33PXM-1.avif\",\"articleSection\":[\"PRINCIPAL\"],\"inLanguage\":\"es-AR\",\"potentialAction\":[{\"@type\":\"CommentAction\",\"name\":\"Comment\",\"target\":[\"https:\/\/radioinfinitagoya.com.ar\/v1\/2026\/03\/17\/milei-ratifico-su-alineamiento-con-eeuu-e-israel-en-la-guerra-contra-iran\/#respond\"]}]},{\"@type\":\"WebPage\",\"@id\":\"https:\/\/radioinfinitagoya.com.ar\/v1\/2026\/03\/17\/milei-ratifico-su-alineamiento-con-eeuu-e-israel-en-la-guerra-contra-iran\/\",\"url\":\"https:\/\/radioinfinitagoya.com.ar\/v1\/2026\/03\/17\/milei-ratifico-su-alineamiento-con-eeuu-e-israel-en-la-guerra-contra-iran\/\",\"name\":\"Milei ratific\u00f3 su alineamiento con EEUU e Israel en la guerra contra Ir\u00e1n - Radio Infinita Goya\",\"isPartOf\":{\"@id\":\"https:\/\/radioinfinitagoya.com.ar\/v1\/#website\"},\"primaryImageOfPage\":{\"@id\":\"https:\/\/radioinfinitagoya.com.ar\/v1\/2026\/03\/17\/milei-ratifico-su-alineamiento-con-eeuu-e-israel-en-la-guerra-contra-iran\/#primaryimage\"},\"image\":{\"@id\":\"https:\/\/radioinfinitagoya.com.ar\/v1\/2026\/03\/17\/milei-ratifico-su-alineamiento-con-eeuu-e-israel-en-la-guerra-contra-iran\/#primaryimage\"},\"thumbnailUrl\":\"https:\/\/radioinfinitagoya.com.ar\/v1\/wp-content\/uploads\/2026\/03\/RLAXQEG6UBBFFC42YKZCQ33PXM-1.avif\",\"datePublished\":\"2026-03-17T19:59:14+00:00\",\"description\":\"\u201cDejamos en claro en d\u00f3nde nos paramos\u201d El Presidente se convirti\u00f3 en el segundo mandatario en hablar en un acto por el atentado a la Embajada de Israel y\",\"breadcrumb\":{\"@id\":\"https:\/\/radioinfinitagoya.com.ar\/v1\/2026\/03\/17\/milei-ratifico-su-alineamiento-con-eeuu-e-israel-en-la-guerra-contra-iran\/#breadcrumb\"},\"inLanguage\":\"es-AR\",\"potentialAction\":[{\"@type\":\"ReadAction\",\"target\":[\"https:\/\/radioinfinitagoya.com.ar\/v1\/2026\/03\/17\/milei-ratifico-su-alineamiento-con-eeuu-e-israel-en-la-guerra-contra-iran\/\"]}]},{\"@type\":\"ImageObject\",\"inLanguage\":\"es-AR\",\"@id\":\"https:\/\/radioinfinitagoya.com.ar\/v1\/2026\/03\/17\/milei-ratifico-su-alineamiento-con-eeuu-e-israel-en-la-guerra-contra-iran\/#primaryimage\",\"url\":\"https:\/\/radioinfinitagoya.com.ar\/v1\/wp-content\/uploads\/2026\/03\/RLAXQEG6UBBFFC42YKZCQ33PXM-1.avif\",\"contentUrl\":\"https:\/\/radioinfinitagoya.com.ar\/v1\/wp-content\/uploads\/2026\/03\/RLAXQEG6UBBFFC42YKZCQ33PXM-1.avif\",\"width\":992,\"height\":661},{\"@type\":\"BreadcrumbList\",\"@id\":\"https:\/\/radioinfinitagoya.com.ar\/v1\/2026\/03\/17\/milei-ratifico-su-alineamiento-con-eeuu-e-israel-en-la-guerra-contra-iran\/#breadcrumb\",\"itemListElement\":[{\"@type\":\"ListItem\",\"position\":1,\"name\":\"Inicio\",\"item\":\"https:\/\/radioinfinitagoya.com.ar\/v1\/\"},{\"@type\":\"ListItem\",\"position\":2,\"name\":\"Milei ratific\u00f3 su alineamiento con EEUU e Israel en la guerra contra Ir\u00e1n\"}]},{\"@type\":\"WebSite\",\"@id\":\"https:\/\/radioinfinitagoya.com.ar\/v1\/#website\",\"url\":\"https:\/\/radioinfinitagoya.com.ar\/v1\/\",\"name\":\"radioinfinitagoya.com.ar\",\"description\":\"Radio de noticias\",\"publisher\":{\"@id\":\"https:\/\/radioinfinitagoya.com.ar\/v1\/#organization\"},\"potentialAction\":[{\"@type\":\"SearchAction\",\"target\":{\"@type\":\"EntryPoint\",\"urlTemplate\":\"https:\/\/radioinfinitagoya.com.ar\/v1\/?s={search_term_string}\"},\"query-input\":{\"@type\":\"PropertyValueSpecification\",\"valueRequired\":true,\"valueName\":\"search_term_string\"}}],\"inLanguage\":\"es-AR\"},{\"@type\":\"Organization\",\"@id\":\"https:\/\/radioinfinitagoya.com.ar\/v1\/#organization\",\"name\":\"Radio Infinita Goya\",\"url\":\"https:\/\/radioinfinitagoya.com.ar\/v1\/\",\"logo\":{\"@type\":\"ImageObject\",\"inLanguage\":\"es-AR\",\"@id\":\"https:\/\/radioinfinitagoya.com.ar\/v1\/#\/schema\/logo\/image\/\",\"url\":\"https:\/\/radioinfinitagoya.com.ar\/v1\/wp-content\/uploads\/2019\/11\/logo-pie-web.png\",\"contentUrl\":\"https:\/\/radioinfinitagoya.com.ar\/v1\/wp-content\/uploads\/2019\/11\/logo-pie-web.png\",\"width\":635,\"height\":326,\"caption\":\"Radio Infinita Goya\"},\"image\":{\"@id\":\"https:\/\/radioinfinitagoya.com.ar\/v1\/#\/schema\/logo\/image\/\"},\"sameAs\":[\"https:\/\/www.facebook.com\/p\/Infinita-Goya-100063870918311\/\"]},{\"@type\":\"Person\",\"@id\":\"https:\/\/radioinfinitagoya.com.ar\/v1\/#\/schema\/person\/d4cf9c413d4f6edb24aabdccab49ca4a\",\"name\":\"Jorge Mi\u00f1o\",\"image\":{\"@type\":\"ImageObject\",\"inLanguage\":\"es-AR\",\"@id\":\"https:\/\/secure.gravatar.com\/avatar\/910fcf6728fe95320e07a6643c1581fec1c7fc4bf8ae12e3d8f0d0373dc844be?s=96&d=mm&r=g\",\"url\":\"https:\/\/secure.gravatar.com\/avatar\/910fcf6728fe95320e07a6643c1581fec1c7fc4bf8ae12e3d8f0d0373dc844be?s=96&d=mm&r=g\",\"contentUrl\":\"https:\/\/secure.gravatar.com\/avatar\/910fcf6728fe95320e07a6643c1581fec1c7fc4bf8ae12e3d8f0d0373dc844be?s=96&d=mm&r=g\",\"caption\":\"Jorge Mi\u00f1o\"},\"sameAs\":[\"http:\/\/radioinfinitagoya.com.ar\"]}]}<\/script>\n<!-- \/ Yoast SEO plugin. -->","yoast_head_json":{"title":"Milei ratific\u00f3 su alineamiento con EEUU e Israel en la guerra contra Ir\u00e1n - Radio Infinita Goya","description":"\u201cDejamos en claro en d\u00f3nde nos paramos\u201d El Presidente se convirti\u00f3 en el segundo mandatario en hablar en un acto por el atentado a la Embajada de Israel y","robots":{"index":"index","follow":"follow","max-snippet":"max-snippet:-1","max-image-preview":"max-image-preview:large","max-video-preview":"max-video-preview:-1"},"canonical":"https:\/\/radioinfinitagoya.com.ar\/v1\/2026\/03\/17\/milei-ratifico-su-alineamiento-con-eeuu-e-israel-en-la-guerra-contra-iran\/","og_locale":"es_ES","og_type":"article","og_title":"Milei ratific\u00f3 su alineamiento con EEUU e Israel en la guerra contra Ir\u00e1n - Radio Infinita Goya","og_description":"\u201cDejamos en claro en d\u00f3nde nos paramos\u201d El Presidente se convirti\u00f3 en el segundo mandatario en hablar en un acto por el atentado a la Embajada de Israel y","og_url":"https:\/\/radioinfinitagoya.com.ar\/v1\/2026\/03\/17\/milei-ratifico-su-alineamiento-con-eeuu-e-israel-en-la-guerra-contra-iran\/","og_site_name":"Radio Infinita Goya","article_publisher":"https:\/\/www.facebook.com\/p\/Infinita-Goya-100063870918311\/","article_published_time":"2026-03-17T19:59:14+00:00","author":"Jorge Mi\u00f1o","twitter_card":"summary_large_image","twitter_misc":{"Escrito por":"Jorge Mi\u00f1o","Tiempo de lectura":"6 minutos"},"schema":{"@context":"https:\/\/schema.org","@graph":[{"@type":"Article","@id":"https:\/\/radioinfinitagoya.com.ar\/v1\/2026\/03\/17\/milei-ratifico-su-alineamiento-con-eeuu-e-israel-en-la-guerra-contra-iran\/#article","isPartOf":{"@id":"https:\/\/radioinfinitagoya.com.ar\/v1\/2026\/03\/17\/milei-ratifico-su-alineamiento-con-eeuu-e-israel-en-la-guerra-contra-iran\/"},"author":{"name":"Jorge Mi\u00f1o","@id":"https:\/\/radioinfinitagoya.com.ar\/v1\/#\/schema\/person\/d4cf9c413d4f6edb24aabdccab49ca4a"},"headline":"Milei ratific\u00f3 su alineamiento con EEUU e Israel en la guerra contra Ir\u00e1n","datePublished":"2026-03-17T19:59:14+00:00","mainEntityOfPage":{"@id":"https:\/\/radioinfinitagoya.com.ar\/v1\/2026\/03\/17\/milei-ratifico-su-alineamiento-con-eeuu-e-israel-en-la-guerra-contra-iran\/"},"wordCount":1151,"commentCount":0,"publisher":{"@id":"https:\/\/radioinfinitagoya.com.ar\/v1\/#organization"},"image":{"@id":"https:\/\/radioinfinitagoya.com.ar\/v1\/2026\/03\/17\/milei-ratifico-su-alineamiento-con-eeuu-e-israel-en-la-guerra-contra-iran\/#primaryimage"},"thumbnailUrl":"https:\/\/radioinfinitagoya.com.ar\/v1\/wp-content\/uploads\/2026\/03\/RLAXQEG6UBBFFC42YKZCQ33PXM-1.avif","articleSection":["PRINCIPAL"],"inLanguage":"es-AR","potentialAction":[{"@type":"CommentAction","name":"Comment","target":["https:\/\/radioinfinitagoya.com.ar\/v1\/2026\/03\/17\/milei-ratifico-su-alineamiento-con-eeuu-e-israel-en-la-guerra-contra-iran\/#respond"]}]},{"@type":"WebPage","@id":"https:\/\/radioinfinitagoya.com.ar\/v1\/2026\/03\/17\/milei-ratifico-su-alineamiento-con-eeuu-e-israel-en-la-guerra-contra-iran\/","url":"https:\/\/radioinfinitagoya.com.ar\/v1\/2026\/03\/17\/milei-ratifico-su-alineamiento-con-eeuu-e-israel-en-la-guerra-contra-iran\/","name":"Milei ratific\u00f3 su alineamiento con EEUU e Israel en la guerra contra Ir\u00e1n - Radio Infinita Goya","isPartOf":{"@id":"https:\/\/radioinfinitagoya.com.ar\/v1\/#website"},"primaryImageOfPage":{"@id":"https:\/\/radioinfinitagoya.com.ar\/v1\/2026\/03\/17\/milei-ratifico-su-alineamiento-con-eeuu-e-israel-en-la-guerra-contra-iran\/#primaryimage"},"image":{"@id":"https:\/\/radioinfinitagoya.com.ar\/v1\/2026\/03\/17\/milei-ratifico-su-alineamiento-con-eeuu-e-israel-en-la-guerra-contra-iran\/#primaryimage"},"thumbnailUrl":"https:\/\/radioinfinitagoya.com.ar\/v1\/wp-content\/uploads\/2026\/03\/RLAXQEG6UBBFFC42YKZCQ33PXM-1.avif","datePublished":"2026-03-17T19:59:14+00:00","description":"\u201cDejamos en claro en d\u00f3nde nos paramos\u201d El Presidente se convirti\u00f3 en el segundo mandatario en hablar en un acto por el atentado a la Embajada de Israel y","breadcrumb":{"@id":"https:\/\/radioinfinitagoya.com.ar\/v1\/2026\/03\/17\/milei-ratifico-su-alineamiento-con-eeuu-e-israel-en-la-guerra-contra-iran\/#breadcrumb"},"inLanguage":"es-AR","potentialAction":[{"@type":"ReadAction","target":["https:\/\/radioinfinitagoya.com.ar\/v1\/2026\/03\/17\/milei-ratifico-su-alineamiento-con-eeuu-e-israel-en-la-guerra-contra-iran\/"]}]},{"@type":"ImageObject","inLanguage":"es-AR","@id":"https:\/\/radioinfinitagoya.com.ar\/v1\/2026\/03\/17\/milei-ratifico-su-alineamiento-con-eeuu-e-israel-en-la-guerra-contra-iran\/#primaryimage","url":"https:\/\/radioinfinitagoya.com.ar\/v1\/wp-content\/uploads\/2026\/03\/RLAXQEG6UBBFFC42YKZCQ33PXM-1.avif","contentUrl":"https:\/\/radioinfinitagoya.com.ar\/v1\/wp-content\/uploads\/2026\/03\/RLAXQEG6UBBFFC42YKZCQ33PXM-1.avif","width":992,"height":661},{"@type":"BreadcrumbList","@id":"https:\/\/radioinfinitagoya.com.ar\/v1\/2026\/03\/17\/milei-ratifico-su-alineamiento-con-eeuu-e-israel-en-la-guerra-contra-iran\/#breadcrumb","itemListElement":[{"@type":"ListItem","position":1,"name":"Inicio","item":"https:\/\/radioinfinitagoya.com.ar\/v1\/"},{"@type":"ListItem","position":2,"name":"Milei ratific\u00f3 su alineamiento con EEUU e Israel en la guerra contra Ir\u00e1n"}]},{"@type":"WebSite","@id":"https:\/\/radioinfinitagoya.com.ar\/v1\/#website","url":"https:\/\/radioinfinitagoya.com.ar\/v1\/","name":"radioinfinitagoya.com.ar","description":"Radio de noticias","publisher":{"@id":"https:\/\/radioinfinitagoya.com.ar\/v1\/#organization"},"potentialAction":[{"@type":"SearchAction","target":{"@type":"EntryPoint","urlTemplate":"https:\/\/radioinfinitagoya.com.ar\/v1\/?s={search_term_string}"},"query-input":{"@type":"PropertyValueSpecification","valueRequired":true,"valueName":"search_term_string"}}],"inLanguage":"es-AR"},{"@type":"Organization","@id":"https:\/\/radioinfinitagoya.com.ar\/v1\/#organization","name":"Radio Infinita Goya","url":"https:\/\/radioinfinitagoya.com.ar\/v1\/","logo":{"@type":"ImageObject","inLanguage":"es-AR","@id":"https:\/\/radioinfinitagoya.com.ar\/v1\/#\/schema\/logo\/image\/","url":"https:\/\/radioinfinitagoya.com.ar\/v1\/wp-content\/uploads\/2019\/11\/logo-pie-web.png","contentUrl":"https:\/\/radioinfinitagoya.com.ar\/v1\/wp-content\/uploads\/2019\/11\/logo-pie-web.png","width":635,"height":326,"caption":"Radio Infinita Goya"},"image":{"@id":"https:\/\/radioinfinitagoya.com.ar\/v1\/#\/schema\/logo\/image\/"},"sameAs":["https:\/\/www.facebook.com\/p\/Infinita-Goya-100063870918311\/"]},{"@type":"Person","@id":"https:\/\/radioinfinitagoya.com.ar\/v1\/#\/schema\/person\/d4cf9c413d4f6edb24aabdccab49ca4a","name":"Jorge Mi\u00f1o","image":{"@type":"ImageObject","inLanguage":"es-AR","@id":"https:\/\/secure.gravatar.com\/avatar\/910fcf6728fe95320e07a6643c1581fec1c7fc4bf8ae12e3d8f0d0373dc844be?s=96&d=mm&r=g","url":"https:\/\/secure.gravatar.com\/avatar\/910fcf6728fe95320e07a6643c1581fec1c7fc4bf8ae12e3d8f0d0373dc844be?s=96&d=mm&r=g","contentUrl":"https:\/\/secure.gravatar.com\/avatar\/910fcf6728fe95320e07a6643c1581fec1c7fc4bf8ae12e3d8f0d0373dc844be?s=96&d=mm&r=g","caption":"Jorge Mi\u00f1o"},"sameAs":["http:\/\/radioinfinitagoya.com.ar"]}]}},"_links":{"self":[{"href":"https:\/\/radioinfinitagoya.com.ar\/v1\/wp-json\/wp\/v2\/posts\/210415","targetHints":{"allow":["GET"]}}],"collection":[{"href":"https:\/\/radioinfinitagoya.com.ar\/v1\/wp-json\/wp\/v2\/posts"}],"about":[{"href":"https:\/\/radioinfinitagoya.com.ar\/v1\/wp-json\/wp\/v2\/types\/post"}],"author":[{"embeddable":true,"href":"https:\/\/radioinfinitagoya.com.ar\/v1\/wp-json\/wp\/v2\/users\/4"}],"replies":[{"embeddable":true,"href":"https:\/\/radioinfinitagoya.com.ar\/v1\/wp-json\/wp\/v2\/comments?post=210415"}],"version-history":[{"count":0,"href":"https:\/\/radioinfinitagoya.com.ar\/v1\/wp-json\/wp\/v2\/posts\/210415\/revisions"}],"wp:featuredmedia":[{"embeddable":true,"href":"https:\/\/radioinfinitagoya.com.ar\/v1\/wp-json\/wp\/v2\/media\/210416"}],"wp:attachment":[{"href":"https:\/\/radioinfinitagoya.com.ar\/v1\/wp-json\/wp\/v2\/media?parent=210415"}],"wp:term":[{"taxonomy":"category","embeddable":true,"href":"https:\/\/radioinfinitagoya.com.ar\/v1\/wp-json\/wp\/v2\/categories?post=210415"},{"taxonomy":"post_tag","embeddable":true,"href":"https:\/\/radioinfinitagoya.com.ar\/v1\/wp-json\/wp\/v2\/tags?post=210415"}],"curies":[{"name":"wp","href":"https:\/\/api.w.org\/{rel}","templated":true}]}}