{"id":210420,"date":"2026-03-17T17:19:04","date_gmt":"2026-03-17T20:19:04","guid":{"rendered":"https:\/\/radioinfinitagoya.com.ar\/v1\/?p=210420"},"modified":"2026-03-17T17:19:04","modified_gmt":"2026-03-17T20:19:04","slug":"iran-amenazo-con-impedir-la-normalizacion-del-estrecho-de-ormuz","status":"publish","type":"post","link":"https:\/\/radioinfinitagoya.com.ar\/v1\/2026\/03\/17\/iran-amenazo-con-impedir-la-normalizacion-del-estrecho-de-ormuz\/","title":{"rendered":"Ir\u00e1n amenaz\u00f3 con impedir la normalizaci\u00f3n del estrecho de Ormuz"},"content":{"rendered":"<p>A\u00fan despu\u00e9s del fin de la guerra<\/p>\n<p>El bloqueo efectivo del tr\u00e1fico mar\u00edtimo a trav\u00e9s de esta ruta vital ha tenido consecuencias significativas para la econom\u00eda mundial, provocando un aumento vertiginoso de los precios del petr\u00f3leo y el gas<\/p>\n<p>Una oleada de ataques con drones y cohetes tuvo como objetivo la embajada de Estados Unidos en Bagdad a primera hora del martes, seg\u00fan informaron fuentes de seguridad iraqu\u00edes. Describieron el ataque como el m\u00e1s intenso desde el inicio de la escalada, con el uso de al menos cinco drones, inform\u00f3 Reuters.<\/p>\n<p>En paralelo, Israel lanz\u00f3 una \u201cola masiva\u201d de ataques contra objetivos en Teher\u00e1n y Beirut. El ej\u00e9rcito israel\u00ed indic\u00f3 que inici\u00f3 \u201cuna amplia ola de ataques\u201d contra infraestructura del r\u00e9gimen iran\u00ed en la capital, y agreg\u00f3 que tambi\u00e9n comenz\u00f3 \u201cuna ola adicional de ataques contra infraestructura terrorista de Hezbollah en Beirut\u201d.<\/p>\n<p>Por su parte, el presidente de Estados Unidos, Donald Trump, anunci\u00f3 que pronto dar\u00e1 a conocer los pa\u00edses que accedieron a ayudar a reabrir el estrecho de Ormuz y critic\u00f3 a aliados como la OTAN y el Reino Unido por negarse a participar, mientras que estos respondieron que \u201cesta no es una guerra de la OTAN\u201d y la Uni\u00f3n Europea sostuvo que \u201cno tiene ning\u00fan inter\u00e9s\u201d en ampliar su misi\u00f3n naval en la zona. Trump tambi\u00e9n afirm\u00f3 que la guerra \u201cterminar\u00eda\u201d pronto y que, aunque no ser\u00eda esta semana, \u201cno tardar\u00eda mucho\u201d.<\/p>\n<p>A continuaci\u00f3n, la cobertura minuto a minuto:<\/p>\n<p>En pocas l\u00edneas:<\/p>\n<p>Israel anunci\u00f3 que abati\u00f3 a Al\u00ed Larijani, jefe del Consejo de Seguridad y pol\u00edtico m\u00e1s poderoso de Ir\u00e1n tras la muerte de Khamenei<\/p>\n<p>Israel inform\u00f3 que abati\u00f3 a Gholam Reza Soleimani, alto mando de la Guardia Revolucionaria de Ir\u00e1n<br \/>\nIsrael atac\u00f3 la sede del Comando de Seguridad Interna del r\u00e9gimen iran\u00ed y un dep\u00f3sito de misiles bal\u00edsticos en Teher\u00e1n<\/p>\n<p>Ir\u00e1n atac\u00f3 con drones y misiles la embajada de Estados Unidos en Irak<\/p>\n<p>Ir\u00e1n advirti\u00f3 que el estrecho de Ormuz no volver\u00e1 a funcionar como antes de la guerra<\/p>\n<p>Funcionario iran\u00ed advierte que la situaci\u00f3n en el estrecho de Ormuz \u201cno volver\u00e1 a ser como antes de la guerra\u201d. En una breve publicaci\u00f3n en X, el presidente del Parlamento iran\u00ed, Mohammad Bagher Ghalibaf, escribi\u00f3 que la situaci\u00f3n en el estrecho de Ormuz \u201cno volver\u00e1 a ser como antes de la guerra\u201d. No ofreci\u00f3 m\u00e1s detalles.<\/p>\n<p>El bloqueo efectivo del tr\u00e1fico mar\u00edtimo a trav\u00e9s de esta ruta vital ha tenido consecuencias significativas para la econom\u00eda mundial, provocando un aumento vertiginoso de los precios del petr\u00f3leo y el gas.<\/p>\n<p>Donald Trump ha estado presionando (sin \u00e9xito) a los aliados de la OTAN y a otros pa\u00edses para que ayuden a Estados Unidos a asegurar esta v\u00eda mar\u00edtima crucial, pero el entusiasmo de otros pa\u00edses que no desean participar en la guerra de Estados Unidos e Israel contra Ir\u00e1n ha sido escaso.<\/p>\n<p>Emiratos \u00c1rabes Unidos podr\u00eda sumarse a la iniciativa internacional liderada por Estados Unidos para garantizar la seguridad del estrecho de Ormuz.<\/p>\n<p>Anwar Gargash, asesor diplom\u00e1tico del presidente de los Emiratos \u00c1rabes Unidos, declar\u00f3 el martes que su pa\u00eds podr\u00eda unirse a la iniciativa internacional liderada por Estados Unidos para garantizar la seguridad del estrecho de Ormuz.<\/p>\n<p>En un evento en l\u00ednea organizado por el Consejo de Relaciones Exteriores (CFR), un centro de estudios estadounidense, Gargash afirm\u00f3 que Emiratos \u00c1rabes Unidos no mantiene actualmente conversaciones activas con Ir\u00e1n.<\/p>\n<p>Sus declaraciones se producen en medio de la creciente preocupaci\u00f3n por la seguridad del tr\u00e1fico mar\u00edtimo en el estrecho de Ormuz.<\/p>\n<p>Las bolsas europeas avanzan pese a la volatilidad por el conflicto en Medio Oriente<\/p>\n<p>Un entorno marcado por incertidumbre internacional condicion\u00f3 el comportamiento de los mercados, mientras los inversores monitorean decisiones de pol\u00edtica monetaria en Estados Unidos y Europa y se intensifica la sensibilidad por los precios de la energ\u00eda<\/p>\n<p><img loading=\"lazy\" decoding=\"async\" class=\"alignnone size-medium wp-image-210422\" src=\"https:\/\/radioinfinitagoya.com.ar\/v1\/wp-content\/uploads\/2026\/03\/Z5L4MFXSO5AGPATRGIGVMVXAOQ-300x200.jpg\" alt=\"\" width=\"300\" height=\"200\" srcset=\"https:\/\/radioinfinitagoya.com.ar\/v1\/wp-content\/uploads\/2026\/03\/Z5L4MFXSO5AGPATRGIGVMVXAOQ-300x200.jpg 300w, https:\/\/radioinfinitagoya.com.ar\/v1\/wp-content\/uploads\/2026\/03\/Z5L4MFXSO5AGPATRGIGVMVXAOQ-150x100.jpg 150w, https:\/\/radioinfinitagoya.com.ar\/v1\/wp-content\/uploads\/2026\/03\/Z5L4MFXSO5AGPATRGIGVMVXAOQ-768x512.jpg 768w, https:\/\/radioinfinitagoya.com.ar\/v1\/wp-content\/uploads\/2026\/03\/Z5L4MFXSO5AGPATRGIGVMVXAOQ-630x420.jpg 630w, https:\/\/radioinfinitagoya.com.ar\/v1\/wp-content\/uploads\/2026\/03\/Z5L4MFXSO5AGPATRGIGVMVXAOQ-696x464.jpg 696w, https:\/\/radioinfinitagoya.com.ar\/v1\/wp-content\/uploads\/2026\/03\/Z5L4MFXSO5AGPATRGIGVMVXAOQ.avif 992w\" sizes=\"auto, (max-width: 300px) 100vw, 300px\" \/><\/p>\n<p>Las acciones europeas subieron el martes, continuando con el tono tranquilo que marc\u00f3 el inicio de la semana. El crecimiento se produjo en un contexto en el que los inversores, alertados por la volatilidad generada por el conflicto en Oriente Medio, aguardaban se\u00f1ales claras de los bancos centrales para ajustar sus estrategias de inversi\u00f3n. La regi\u00f3n mantiene una alta sensibilidad ante el aumento del precio del petr\u00f3leo, ya que la guerra entre Estados Unidos e Israel contra Ir\u00e1n y la tensi\u00f3n en el suministro de crudo muestran escasos signos de alivio.<\/p>\n<p>Guterres urge un alto el fuego en L\u00edbano<br \/>\nEl secretario general de la ONU, Ant\u00f3nio Guterres, urgi\u00f3 este martes a poner fin a las hostilidades en L\u00edbano e insisti\u00f3 en que \u201ctodas las resoluciones del Consejo de Seguridad deben ser plenamente implementadas\u201d, incluida la 1701, adoptada en 2006 tras la guerra entre Israel y Hezbollah, que establece un alto al fuego, el despliegue de la misi\u00f3n UNIFIL y el desarme de grupos armados no estatales en el sur del pa\u00eds.<\/p>\n<p>El portavoz Farhan Haq reiter\u00f3 hoy en rueda de prensa que Guterres cree que \u201cno hay una soluci\u00f3n militar a este conflicto\u201d y que es \u201cfundamental que todas las partes recurran a los canales diplom\u00e1ticos y respeten las resoluciones del Consejo de Seguridad\u201d.<\/p>\n<p>Guterres, agreg\u00f3, subraya \u201cla necesidad de proteger el acceso humanitario y garantizar asistencia a las comunidades afectadas por la violencia y los desplazamientos\u201d.<\/p>\n<p>El auge de los drones en las guerras despierta el inter\u00e9s por los sistemas de defensa con l\u00e1ser<\/p>\n<p>Pa\u00edses como Estados Unidos, China, Israel, Reino Unido y Francia avanzan en la implementaci\u00f3n de estas armas, que prometen disparos por apenas unos centavos y munici\u00f3n virtualmente ilimitada<\/p>\n<p><img loading=\"lazy\" decoding=\"async\" class=\"alignnone size-medium wp-image-210423\" src=\"https:\/\/radioinfinitagoya.com.ar\/v1\/wp-content\/uploads\/2026\/03\/2IVW7KJZUVCIZFAJU5YMX6W32M-300x200.jpg\" alt=\"\" width=\"300\" height=\"200\" srcset=\"https:\/\/radioinfinitagoya.com.ar\/v1\/wp-content\/uploads\/2026\/03\/2IVW7KJZUVCIZFAJU5YMX6W32M-300x200.jpg 300w, https:\/\/radioinfinitagoya.com.ar\/v1\/wp-content\/uploads\/2026\/03\/2IVW7KJZUVCIZFAJU5YMX6W32M-150x100.jpg 150w, https:\/\/radioinfinitagoya.com.ar\/v1\/wp-content\/uploads\/2026\/03\/2IVW7KJZUVCIZFAJU5YMX6W32M-768x512.jpg 768w, https:\/\/radioinfinitagoya.com.ar\/v1\/wp-content\/uploads\/2026\/03\/2IVW7KJZUVCIZFAJU5YMX6W32M-630x420.jpg 630w, https:\/\/radioinfinitagoya.com.ar\/v1\/wp-content\/uploads\/2026\/03\/2IVW7KJZUVCIZFAJU5YMX6W32M-696x464.jpg 696w, https:\/\/radioinfinitagoya.com.ar\/v1\/wp-content\/uploads\/2026\/03\/2IVW7KJZUVCIZFAJU5YMX6W32M.avif 992w\" sizes=\"auto, (max-width: 300px) 100vw, 300px\" \/><\/p>\n<p>El aumento del uso de drones en conflictos en todo el mundo, vistos con mayor crudeza en Ucrania y Medio Oriente, acelerar\u00e1 la carrera por el desarrollo de sistemas l\u00e1ser superpotentes que puedan derribar estos dispositivos mucho m\u00e1s baratos que las tradicionales armas de defensa<\/p>\n<p>M\u00e1s de 200 expertos ucranianos en defensa antidrones desplegados en Oriente Medio<\/p>\n<p>El presidente Volod\u00edmir Zelensky anunci\u00f3 el martes que 201 expertos militares ucranianos en defensa antidrones se encuentran en Oriente Medio para ayudar a proteger la regi\u00f3n contra los drones Shahed de dise\u00f1o iran\u00ed, y que otros 34 est\u00e1n \u201clistos para ser desplegados\u201d.<\/p>\n<p>\u201cSe trata de expertos militares, expertos que saben c\u00f3mo ayudar y c\u00f3mo defenderse de los drones Shahed. Nuestros equipos ya est\u00e1n en los Emiratos \u00c1rabes Unidos, Catar y Arabia Saudita, y de camino a Kuwait\u201d, declar\u00f3 Zelensky ante el Parlamento brit\u00e1nico.<\/p>\n<p>Estados Unidos ordena a todas sus embajadas que revisen \u201cinmediatamente\u201d la seguridad tras los ataques de Ir\u00e1n<\/p>\n<p>La orden del Departamento de Estado se produce tras los constantes ataques contra las misiones estadounidenses, con casi 300 reportados solo en Irak, seg\u00fan un recuento interno del departamento<\/p>\n<p><img loading=\"lazy\" decoding=\"async\" class=\"alignnone size-medium wp-image-210424\" src=\"https:\/\/radioinfinitagoya.com.ar\/v1\/wp-content\/uploads\/2026\/03\/7OWGKPH55RBM3JU3JZS5HAV3NA-300x175.jpg\" alt=\"\" width=\"300\" height=\"175\" srcset=\"https:\/\/radioinfinitagoya.com.ar\/v1\/wp-content\/uploads\/2026\/03\/7OWGKPH55RBM3JU3JZS5HAV3NA-300x175.jpg 300w, https:\/\/radioinfinitagoya.com.ar\/v1\/wp-content\/uploads\/2026\/03\/7OWGKPH55RBM3JU3JZS5HAV3NA-150x88.jpg 150w, https:\/\/radioinfinitagoya.com.ar\/v1\/wp-content\/uploads\/2026\/03\/7OWGKPH55RBM3JU3JZS5HAV3NA-768x449.jpg 768w, https:\/\/radioinfinitagoya.com.ar\/v1\/wp-content\/uploads\/2026\/03\/7OWGKPH55RBM3JU3JZS5HAV3NA-718x420.jpg 718w, https:\/\/radioinfinitagoya.com.ar\/v1\/wp-content\/uploads\/2026\/03\/7OWGKPH55RBM3JU3JZS5HAV3NA-696x407.jpg 696w, https:\/\/radioinfinitagoya.com.ar\/v1\/wp-content\/uploads\/2026\/03\/7OWGKPH55RBM3JU3JZS5HAV3NA.avif 992w\" sizes=\"auto, (max-width: 300px) 100vw, 300px\" \/><\/p>\n<p>El Departamento de Estado orden\u00f3 a todas las misiones diplom\u00e1ticas estadounidenses en el mundo que realizaran evaluaciones de seguridad de forma inmediata, citando la situaci\u00f3n actual y en constante evoluci\u00f3n en Medio Oriente y el potencial de repercusiones, seg\u00fan un cable enviado el martes y revisado por The Washington Post.<\/p>\n<p>La Guardia Revolucionaria iran\u00ed lanz\u00f3 un nuevo tipo de misil en otra oleada de ataques contra Israel y bases de Estados Unidos<\/p>\n<p>Una operaci\u00f3n bautizada como \u201cPromesa Verdadera 4\u2033 incorpor\u00f3 por vez inicial el misil bal\u00edstico Haj Qasem, impactando en distintas ciudades y bases en Oriente Medio, seg\u00fan medios iran\u00edes y fuentes regionales<\/p>\n<p><img loading=\"lazy\" decoding=\"async\" class=\"alignnone size-medium wp-image-210425\" src=\"https:\/\/radioinfinitagoya.com.ar\/v1\/wp-content\/uploads\/2026\/03\/V6B7XF3EJBBOVMS5342FTJ2QD4-300x200.jpg\" alt=\"\" width=\"300\" height=\"200\" srcset=\"https:\/\/radioinfinitagoya.com.ar\/v1\/wp-content\/uploads\/2026\/03\/V6B7XF3EJBBOVMS5342FTJ2QD4-300x200.jpg 300w, https:\/\/radioinfinitagoya.com.ar\/v1\/wp-content\/uploads\/2026\/03\/V6B7XF3EJBBOVMS5342FTJ2QD4-150x100.jpg 150w, https:\/\/radioinfinitagoya.com.ar\/v1\/wp-content\/uploads\/2026\/03\/V6B7XF3EJBBOVMS5342FTJ2QD4-768x512.jpg 768w, https:\/\/radioinfinitagoya.com.ar\/v1\/wp-content\/uploads\/2026\/03\/V6B7XF3EJBBOVMS5342FTJ2QD4-630x420.jpg 630w, https:\/\/radioinfinitagoya.com.ar\/v1\/wp-content\/uploads\/2026\/03\/V6B7XF3EJBBOVMS5342FTJ2QD4-696x464.jpg 696w, https:\/\/radioinfinitagoya.com.ar\/v1\/wp-content\/uploads\/2026\/03\/V6B7XF3EJBBOVMS5342FTJ2QD4.avif 992w\" sizes=\"auto, (max-width: 300px) 100vw, 300px\" \/><\/p>\n<p>La Guardia Revolucionaria iran\u00ed anunci\u00f3 el lanzamiento de una nueva oleada de ataques con misiles y drones contra Israel y bases estadounidenses en el Golfo P\u00e9rsico, empleando por primera vez el misil bal\u00edstico Haj Qasem. Seg\u00fan la agencia iran\u00ed Fars, este misil tiene un alcance de 1.400 kil\u00f3metros y una ojiva de 500 kilos. Los ataques alcanzaron objetivos en Beit Shamish, Tel Aviv y Jerusal\u00e9n, as\u00ed como en bases estadounidenses en Qatar, Kuwait, Bar\u00e9in, Emiratos \u00c1rabes Unidos y el Kurdist\u00e1n iraqu\u00ed. La ofensiva incluy\u00f3 tambi\u00e9n misiles Fatah, Emad y drones destructivos, y fue dedicada a los \u201cm\u00e1rtires de la industria aeroespacial\u201d.<\/p>\n<p>Las FDI afirman haber atacado posiciones de Hezbollah en todo el L\u00edbano<br \/>\nLas FDI informaron haber atacado hoy a operativos de Hezbollah, lanzacohetes y otras instalaciones utilizadas por el grupo terrorista en todo el L\u00edbano.<\/p>\n<p>El comunicado se produce despu\u00e9s de que las FDI advirtieran que Hezbollah probablemente planea un importante ataque con cohetes contra Israel esta noche.<\/p>\n<p>El ej\u00e9rcito inform\u00f3 haber atacado un lanzacohetes de Hezbollah cerca de la ciudad de Deir ez-Zahrani y, en ataques separados en el sur del L\u00edbano, haber abatido a varios operativos.<\/p>\n<p>Otro ataque en Beirut destruy\u00f3 un edificio utilizado por el grupo terrorista para log\u00edstica, seg\u00fan el ej\u00e9rcito.<\/p>\n<p>Francia lista para unirse a la escolta de buques en el estrecho de Ormuz una vez que la situaci\u00f3n se calme<\/p>\n<p>Francia est\u00e1 dispuesta a ayudar a escoltar buques a trav\u00e9s del estrecho de Ormuz, pero solo cuando la situaci\u00f3n se haya calmado, declar\u00f3 el presidente Emmanuel Macron el martes.<\/p>\n<p>Sus declaraciones se producen tras la exigencia del presidente estadounidense Donald Trump de que los aliados ayuden a asegurar la v\u00eda mar\u00edtima, bloqueada de facto por Ir\u00e1n en respuesta a la guerra iniciada por Estados Unidos e Israel el 28 de febrero.<\/p>\n<p>Los precios mundiales del petr\u00f3leo se han disparado entre un 40 y un 50 por ciento desde que Ir\u00e1n comenz\u00f3 a atacar la navegaci\u00f3n en esta v\u00eda mar\u00edtima crucial y lanz\u00f3 oleadas de ataques con misiles y drones en el Golfo P\u00e9rsico.<\/p>\n<p>\u201cNo somos parte del conflicto y, por lo tanto, Francia nunca participar\u00e1 en operaciones para abrir o liberar el estrecho de Ormuz en el contexto actual\u201d, afirm\u00f3 Macron.<\/p>\n<p>\u201cSin embargo, estamos convencidos de que, una vez que la situaci\u00f3n se calme, estaremos listos, junto con otras naciones, para asumir la responsabilidad de un sistema de escolta\u201d.<\/p>\n<p>Israel ataca a la milicia Basij en Teher\u00e1n<\/p>\n<p>El ej\u00e9rcito israel\u00ed anunci\u00f3 el martes un ataque a\u00e9reo contra posiciones de la milicia paramilitar Basij de Ir\u00e1n en los alrededores de Teher\u00e1n, tras informar de la muerte de su m\u00e1ximo comandante.<\/p>\n<p>\u201cLa fuerza a\u00e9rea ha atacado, en las \u00faltimas horas, a soldados y posiciones de la unidad Basij desplegadas en Teher\u00e1n\u201d, public\u00f3 la fuerza a\u00e9rea israel\u00ed en l\u00ednea junto con un video que, seg\u00fan afirm\u00f3, mostraba un ataque en la capital iran\u00ed.<\/p>\n<p>Israel hab\u00eda anunciado previamente el martes la muerte del comandante de la Basij, Gholamreza Soleimani, en un ataque a\u00e9reo, al tiempo que informaba del asesinato del jefe de seguridad nacional de Teher\u00e1n, Ali Larijani.<\/p>\n<p>Se reanudan los ataques con cohetes y drones contra la embajada de Estados Unidos en Bagdad<\/p>\n<p>Seg\u00fan confirmaron fuentes de seguridad a Al Jazeera y Reuters, se han reanudado los ataques con cohetes y drones contra la embajada y la sede diplom\u00e1tica de Estados Unidos en Irak tras una serie de ofensivas ocurridas hoy.<\/p>\n<p>Cohetes y un dron explosivo impactaron la embajada estadounidense en Bagdad, activando las sirenas y registr\u00e1ndose una explosi\u00f3n cerca del recinto.<\/p>\n<p>Al menos tres drones explosivos tambi\u00e9n atacaron una sede diplom\u00e1tica estadounidense cerca del Aeropuerto Internacional de Bagdad, activando los sistemas de defensa a\u00e9rea C-RAM, a\u00f1adieron las fuentes.<\/p>\n<p>No se reportaron v\u00edctimas ni da\u00f1os de inmediato.<\/p>\n<p>Un reconocido analista explic\u00f3 por qu\u00e9 la estrategia militar de Estados Unidos e Israel contra Ir\u00e1n \u201cest\u00e1 funcionando\u201d<\/p>\n<p>Muhanad Seloom argumenta que los cr\u00edticos miden los costos de la guerra pero ignoran el balance estrat\u00e9gico. Los lanzamientos de misiles iran\u00edes cayeron un 90 por ciento en dos semanas y cada instrumento de poder de Teher\u00e1n est\u00e1 siendo degradado sistem\u00e1ticamente<\/p>\n<p><img loading=\"lazy\" decoding=\"async\" class=\"alignnone size-medium wp-image-210426\" src=\"https:\/\/radioinfinitagoya.com.ar\/v1\/wp-content\/uploads\/2026\/03\/JP7LDQOCTJCLPIEMHDN5TARXEI-300x169.jpg\" alt=\"\" width=\"300\" height=\"169\" srcset=\"https:\/\/radioinfinitagoya.com.ar\/v1\/wp-content\/uploads\/2026\/03\/JP7LDQOCTJCLPIEMHDN5TARXEI-300x169.jpg 300w, https:\/\/radioinfinitagoya.com.ar\/v1\/wp-content\/uploads\/2026\/03\/JP7LDQOCTJCLPIEMHDN5TARXEI-150x85.jpg 150w, https:\/\/radioinfinitagoya.com.ar\/v1\/wp-content\/uploads\/2026\/03\/JP7LDQOCTJCLPIEMHDN5TARXEI-768x433.jpg 768w, https:\/\/radioinfinitagoya.com.ar\/v1\/wp-content\/uploads\/2026\/03\/JP7LDQOCTJCLPIEMHDN5TARXEI-745x420.jpg 745w, https:\/\/radioinfinitagoya.com.ar\/v1\/wp-content\/uploads\/2026\/03\/JP7LDQOCTJCLPIEMHDN5TARXEI-696x392.jpg 696w, https:\/\/radioinfinitagoya.com.ar\/v1\/wp-content\/uploads\/2026\/03\/JP7LDQOCTJCLPIEMHDN5TARXEI.avif 992w\" sizes=\"auto, (max-width: 300px) 100vw, 300px\" \/><\/p>\n<p>A dos semanas del inicio de la Operaci\u00f3n Furia \u00c9pica, la narrativa reflejada en muchos medios occidentales describe una guerra sin plan, con costos econ\u00f3micos descontrolados y una escalada regional imparable. Muhanad Seloom, investigador especializado en inteligencia y uso de la fuerza estatal, no est\u00e1 de acuerdo. En un art\u00edculo de opini\u00f3n publicado el domingo por Al Jazeera, el analista \u2014que escribe desde Doha, donde las alertas de misiles iran\u00edes son cotidianas\u2014 argumenta que esa narrativa \u201ces incorrecta\u201d y que la estrategia estadounidense e israel\u00ed est\u00e1 logrando exactamente lo que se propuso.<\/p>\n<p>El mensaje que public\u00f3 la cuenta de Al\u00ed Larijani tras el anuncio de su muerte<\/p>\n<p>El jefe iran\u00ed que muri\u00f3 en un bombardeo de Israel era considerado el principal responsable del control del pa\u00eds, sumido en la conmoci\u00f3n por la muerte de su l\u00edder supremo y la escalada de la guerra<\/p>\n<p><img loading=\"lazy\" decoding=\"async\" class=\"alignnone size-medium wp-image-210427\" src=\"https:\/\/radioinfinitagoya.com.ar\/v1\/wp-content\/uploads\/2026\/03\/F4AMIUCVNJHWNIFRAUZM4LR34A-300x208.jpg\" alt=\"\" width=\"300\" height=\"208\" srcset=\"https:\/\/radioinfinitagoya.com.ar\/v1\/wp-content\/uploads\/2026\/03\/F4AMIUCVNJHWNIFRAUZM4LR34A-300x208.jpg 300w, https:\/\/radioinfinitagoya.com.ar\/v1\/wp-content\/uploads\/2026\/03\/F4AMIUCVNJHWNIFRAUZM4LR34A-150x104.jpg 150w, https:\/\/radioinfinitagoya.com.ar\/v1\/wp-content\/uploads\/2026\/03\/F4AMIUCVNJHWNIFRAUZM4LR34A-768x533.jpg 768w, https:\/\/radioinfinitagoya.com.ar\/v1\/wp-content\/uploads\/2026\/03\/F4AMIUCVNJHWNIFRAUZM4LR34A-605x420.jpg 605w, https:\/\/radioinfinitagoya.com.ar\/v1\/wp-content\/uploads\/2026\/03\/F4AMIUCVNJHWNIFRAUZM4LR34A-218x150.jpg 218w, https:\/\/radioinfinitagoya.com.ar\/v1\/wp-content\/uploads\/2026\/03\/F4AMIUCVNJHWNIFRAUZM4LR34A-696x483.jpg 696w, https:\/\/radioinfinitagoya.com.ar\/v1\/wp-content\/uploads\/2026\/03\/F4AMIUCVNJHWNIFRAUZM4LR34A-100x70.jpg 100w, https:\/\/radioinfinitagoya.com.ar\/v1\/wp-content\/uploads\/2026\/03\/F4AMIUCVNJHWNIFRAUZM4LR34A.avif 992w\" sizes=\"auto, (max-width: 300px) 100vw, 300px\" \/><\/p>\n<p>Ali Larijani, un alto funcionario de seguridad iran\u00ed, era considerado el principal responsable del control del pa\u00eds, sumido en la conmoci\u00f3n por el asesinato de su l\u00edder supremo y la escalada de la guerra. Israel anunci\u00f3 el martes la muerte de Larijani en un ataque nocturno.<\/p>\n<p>Trump habl\u00f3 sobre la negativa de pa\u00edses de la OTAN a apoyar la campa\u00f1a militar de EEUU e Israel contra Ir\u00e1n: \u201cNo necesitamos ayuda de nadie\u201d<\/p>\n<p>El mandatario asegur\u00f3 que, pese a las diferencias, \u201ccasi todos los pa\u00edses est\u00e1n firmemente de acuerdo\u201d con las acciones de Estados Unidos y \u201cconsideran que no se puede permitir, bajo ninguna circunstancia, que Ir\u00e1n posea armas nucleares\u201d<\/p>\n<p><img loading=\"lazy\" decoding=\"async\" class=\"alignnone size-medium wp-image-210428\" src=\"https:\/\/radioinfinitagoya.com.ar\/v1\/wp-content\/uploads\/2026\/03\/T3IGYXLNA5A5NFVWM3FCD6T54U-300x200.jpg\" alt=\"\" width=\"300\" height=\"200\" srcset=\"https:\/\/radioinfinitagoya.com.ar\/v1\/wp-content\/uploads\/2026\/03\/T3IGYXLNA5A5NFVWM3FCD6T54U-300x200.jpg 300w, https:\/\/radioinfinitagoya.com.ar\/v1\/wp-content\/uploads\/2026\/03\/T3IGYXLNA5A5NFVWM3FCD6T54U-150x100.jpg 150w, https:\/\/radioinfinitagoya.com.ar\/v1\/wp-content\/uploads\/2026\/03\/T3IGYXLNA5A5NFVWM3FCD6T54U-768x512.jpg 768w, https:\/\/radioinfinitagoya.com.ar\/v1\/wp-content\/uploads\/2026\/03\/T3IGYXLNA5A5NFVWM3FCD6T54U-630x420.jpg 630w, https:\/\/radioinfinitagoya.com.ar\/v1\/wp-content\/uploads\/2026\/03\/T3IGYXLNA5A5NFVWM3FCD6T54U-696x464.jpg 696w, https:\/\/radioinfinitagoya.com.ar\/v1\/wp-content\/uploads\/2026\/03\/T3IGYXLNA5A5NFVWM3FCD6T54U.avif 992w\" sizes=\"auto, (max-width: 300px) 100vw, 300px\" \/><\/p>\n<p>Donald Trump afirm\u00f3 que Estados Unidos ya no requiere el respaldo de sus aliados de la OTAN ni de otros pa\u00edses para su campa\u00f1a militar conjunta con Israel contra Ir\u00e1n en Oriente Medio. La declaraci\u00f3n fue emitida tras la negativa de varios pa\u00edses de la alianza atl\u00e1ntica a intervenir en el conflicto, especialmente en la reapertura del estrecho de Ormuz, bloqueado desde el inicio de las hostilidades.<\/p>\n<p>La crisis por el cierre del Estrecho de Ormuz obliga a Asia a medidas extremas<\/p>\n<p>Las restricciones a la circulaci\u00f3n de hidrocarburos desde Medio Oriente han generado escasez y desajustes en los sistemas energ\u00e9ticos asi\u00e1tico<\/p>\n<p><img loading=\"lazy\" decoding=\"async\" class=\"alignnone size-medium wp-image-210429\" src=\"https:\/\/radioinfinitagoya.com.ar\/v1\/wp-content\/uploads\/2026\/03\/TATFCBTJSZHOXHEULYO74CMBCM-300x169.jpg\" alt=\"\" width=\"300\" height=\"169\" srcset=\"https:\/\/radioinfinitagoya.com.ar\/v1\/wp-content\/uploads\/2026\/03\/TATFCBTJSZHOXHEULYO74CMBCM-300x169.jpg 300w, https:\/\/radioinfinitagoya.com.ar\/v1\/wp-content\/uploads\/2026\/03\/TATFCBTJSZHOXHEULYO74CMBCM-150x84.jpg 150w, https:\/\/radioinfinitagoya.com.ar\/v1\/wp-content\/uploads\/2026\/03\/TATFCBTJSZHOXHEULYO74CMBCM-768x432.jpg 768w, https:\/\/radioinfinitagoya.com.ar\/v1\/wp-content\/uploads\/2026\/03\/TATFCBTJSZHOXHEULYO74CMBCM-747x420.jpg 747w, https:\/\/radioinfinitagoya.com.ar\/v1\/wp-content\/uploads\/2026\/03\/TATFCBTJSZHOXHEULYO74CMBCM-696x392.jpg 696w, https:\/\/radioinfinitagoya.com.ar\/v1\/wp-content\/uploads\/2026\/03\/TATFCBTJSZHOXHEULYO74CMBCM.avif 992w\" sizes=\"auto, (max-width: 300px) 100vw, 300px\" \/><\/p>\n<p>El cierre del Estrecho de Ormuz, decisivo para el transporte mundial de energ\u00eda, ha desencadenado una crisis que trasciende los mercados petroleros, obligando a varios pa\u00edses de Asia a adoptar medidas extremas \u2014como la suspensi\u00f3n de clases, el recorte de la semana laboral y la intervenci\u00f3n en precios\u2014 para enfrentar los efectos econ\u00f3micos de la guerra en Ir\u00e1n. Con m\u00e1s del 80% de los productos petroleros que cruzan esta v\u00eda mar\u00edtima destinados a Asia en 2024, el impacto se manifiesta en escasez y tensi\u00f3n social, mientras los gobiernos buscan frenar las consecuencias de un conflicto externo que redefine el acceso global a la energ\u00eda, seg\u00fan inform\u00f3 Axios.<\/p>\n<p>El jefe del Centro Nacional de Contraterrorismo de EEUU dimiti\u00f3 por la guerra en Ir\u00e1n<\/p>\n<p>El director del Centro Nacional de Contraterrorismo estadounidense, Joseph Kent, dimiti\u00f3 el martes en protesta por la guerra de Estados Unidos e Israel contra Ir\u00e1n.<\/p>\n<p>\u201cNo puedo, en conciencia, apoyar la guerra en curso en Ir\u00e1n\u201d, afirm\u00f3 en su carta de renuncia dirigida al presidente Donald Trump que comparti\u00f3 en la red X.<\/p>\n<p>Benjamin Netanyahu: \u201cHoy eliminamos a Al\u00ed Larijani, el jefe de la banda de mafiosos que realmente controla Ir\u00e1n\u201d<\/p>\n<p>El primer ministro israel\u00ed prometi\u00f3 seguir debilitando al r\u00e9gimen de Ir\u00e1n y remarc\u00f3 que lo har\u00e1 hasta que el pueblo iran\u00ed pueda derrocarlo. Tambi\u00e9n asegur\u00f3 que hay \u201cmuchas sorpresas\u201d por venir<\/p>\n","protected":false},"excerpt":{"rendered":"<p>A\u00fan despu\u00e9s del fin de la guerra El bloqueo efectivo del tr\u00e1fico mar\u00edtimo a trav\u00e9s de esta ruta vital ha tenido consecuencias significativas para la econom\u00eda mundial, provocando un aumento vertiginoso de los precios del petr\u00f3leo y el gas Una oleada de ataques con drones y cohetes tuvo como objetivo la embajada de Estados Unidos [&hellip;]<\/p>\n","protected":false},"author":4,"featured_media":210421,"comment_status":"open","ping_status":"open","sticky":false,"template":"","format":"standard","meta":{"_joinchat":[],"footnotes":""},"categories":[25],"tags":[],"class_list":{"0":"post-210420","1":"post","2":"type-post","3":"status-publish","4":"format-standard","5":"has-post-thumbnail","7":"category-destacados"},"yoast_head":"<!-- This site is optimized with the Yoast SEO plugin v27.2 - https:\/\/yoast.com\/product\/yoast-seo-wordpress\/ -->\n<title>Ir\u00e1n amenaz\u00f3 con impedir la normalizaci\u00f3n del estrecho de Ormuz - Radio Infinita Goya<\/title>\n<meta name=\"description\" content=\"A\u00fan despu\u00e9s del fin de la guerra El bloqueo efectivo del tr\u00e1fico mar\u00edtimo a trav\u00e9s de esta ruta vital ha tenido consecuencias significativas para la\" \/>\n<meta name=\"robots\" content=\"index, follow, max-snippet:-1, max-image-preview:large, max-video-preview:-1\" \/>\n<link rel=\"canonical\" href=\"https:\/\/radioinfinitagoya.com.ar\/v1\/2026\/03\/17\/iran-amenazo-con-impedir-la-normalizacion-del-estrecho-de-ormuz\/\" \/>\n<meta property=\"og:locale\" content=\"es_ES\" \/>\n<meta property=\"og:type\" content=\"article\" \/>\n<meta property=\"og:title\" content=\"Ir\u00e1n amenaz\u00f3 con impedir la normalizaci\u00f3n del estrecho de Ormuz - Radio Infinita Goya\" \/>\n<meta property=\"og:description\" content=\"A\u00fan despu\u00e9s del fin de la guerra El bloqueo efectivo del tr\u00e1fico mar\u00edtimo a trav\u00e9s de esta ruta vital ha tenido consecuencias significativas para la\" \/>\n<meta property=\"og:url\" content=\"https:\/\/radioinfinitagoya.com.ar\/v1\/2026\/03\/17\/iran-amenazo-con-impedir-la-normalizacion-del-estrecho-de-ormuz\/\" \/>\n<meta property=\"og:site_name\" content=\"Radio Infinita Goya\" \/>\n<meta property=\"article:publisher\" content=\"https:\/\/www.facebook.com\/p\/Infinita-Goya-100063870918311\/\" \/>\n<meta property=\"article:published_time\" content=\"2026-03-17T20:19:04+00:00\" \/>\n<meta name=\"author\" content=\"Jorge Mi\u00f1o\" \/>\n<meta name=\"twitter:card\" content=\"summary_large_image\" \/>\n<meta name=\"twitter:label1\" content=\"Escrito por\" \/>\n\t<meta name=\"twitter:data1\" content=\"Jorge Mi\u00f1o\" \/>\n\t<meta name=\"twitter:label2\" content=\"Tiempo de lectura\" \/>\n\t<meta name=\"twitter:data2\" content=\"14 minutos\" \/>\n<script type=\"application\/ld+json\" class=\"yoast-schema-graph\">{\"@context\":\"https:\/\/schema.org\",\"@graph\":[{\"@type\":\"Article\",\"@id\":\"https:\/\/radioinfinitagoya.com.ar\/v1\/2026\/03\/17\/iran-amenazo-con-impedir-la-normalizacion-del-estrecho-de-ormuz\/#article\",\"isPartOf\":{\"@id\":\"https:\/\/radioinfinitagoya.com.ar\/v1\/2026\/03\/17\/iran-amenazo-con-impedir-la-normalizacion-del-estrecho-de-ormuz\/\"},\"author\":{\"name\":\"Jorge Mi\u00f1o\",\"@id\":\"https:\/\/radioinfinitagoya.com.ar\/v1\/#\/schema\/person\/d4cf9c413d4f6edb24aabdccab49ca4a\"},\"headline\":\"Ir\u00e1n amenaz\u00f3 con impedir la normalizaci\u00f3n del estrecho de Ormuz\",\"datePublished\":\"2026-03-17T20:19:04+00:00\",\"mainEntityOfPage\":{\"@id\":\"https:\/\/radioinfinitagoya.com.ar\/v1\/2026\/03\/17\/iran-amenazo-con-impedir-la-normalizacion-del-estrecho-de-ormuz\/\"},\"wordCount\":2661,\"commentCount\":0,\"publisher\":{\"@id\":\"https:\/\/radioinfinitagoya.com.ar\/v1\/#organization\"},\"image\":{\"@id\":\"https:\/\/radioinfinitagoya.com.ar\/v1\/2026\/03\/17\/iran-amenazo-con-impedir-la-normalizacion-del-estrecho-de-ormuz\/#primaryimage\"},\"thumbnailUrl\":\"https:\/\/radioinfinitagoya.com.ar\/v1\/wp-content\/uploads\/2026\/03\/Q5ILITGJQ5EBHHCBDIU2IVKGRQ.avif\",\"articleSection\":[\"DESTACADOS\"],\"inLanguage\":\"es-AR\",\"potentialAction\":[{\"@type\":\"CommentAction\",\"name\":\"Comment\",\"target\":[\"https:\/\/radioinfinitagoya.com.ar\/v1\/2026\/03\/17\/iran-amenazo-con-impedir-la-normalizacion-del-estrecho-de-ormuz\/#respond\"]}]},{\"@type\":\"WebPage\",\"@id\":\"https:\/\/radioinfinitagoya.com.ar\/v1\/2026\/03\/17\/iran-amenazo-con-impedir-la-normalizacion-del-estrecho-de-ormuz\/\",\"url\":\"https:\/\/radioinfinitagoya.com.ar\/v1\/2026\/03\/17\/iran-amenazo-con-impedir-la-normalizacion-del-estrecho-de-ormuz\/\",\"name\":\"Ir\u00e1n amenaz\u00f3 con impedir la normalizaci\u00f3n del estrecho de Ormuz - Radio Infinita Goya\",\"isPartOf\":{\"@id\":\"https:\/\/radioinfinitagoya.com.ar\/v1\/#website\"},\"primaryImageOfPage\":{\"@id\":\"https:\/\/radioinfinitagoya.com.ar\/v1\/2026\/03\/17\/iran-amenazo-con-impedir-la-normalizacion-del-estrecho-de-ormuz\/#primaryimage\"},\"image\":{\"@id\":\"https:\/\/radioinfinitagoya.com.ar\/v1\/2026\/03\/17\/iran-amenazo-con-impedir-la-normalizacion-del-estrecho-de-ormuz\/#primaryimage\"},\"thumbnailUrl\":\"https:\/\/radioinfinitagoya.com.ar\/v1\/wp-content\/uploads\/2026\/03\/Q5ILITGJQ5EBHHCBDIU2IVKGRQ.avif\",\"datePublished\":\"2026-03-17T20:19:04+00:00\",\"description\":\"A\u00fan despu\u00e9s del fin de la guerra El bloqueo efectivo del tr\u00e1fico mar\u00edtimo a trav\u00e9s de esta ruta vital ha tenido consecuencias significativas para la\",\"breadcrumb\":{\"@id\":\"https:\/\/radioinfinitagoya.com.ar\/v1\/2026\/03\/17\/iran-amenazo-con-impedir-la-normalizacion-del-estrecho-de-ormuz\/#breadcrumb\"},\"inLanguage\":\"es-AR\",\"potentialAction\":[{\"@type\":\"ReadAction\",\"target\":[\"https:\/\/radioinfinitagoya.com.ar\/v1\/2026\/03\/17\/iran-amenazo-con-impedir-la-normalizacion-del-estrecho-de-ormuz\/\"]}]},{\"@type\":\"ImageObject\",\"inLanguage\":\"es-AR\",\"@id\":\"https:\/\/radioinfinitagoya.com.ar\/v1\/2026\/03\/17\/iran-amenazo-con-impedir-la-normalizacion-del-estrecho-de-ormuz\/#primaryimage\",\"url\":\"https:\/\/radioinfinitagoya.com.ar\/v1\/wp-content\/uploads\/2026\/03\/Q5ILITGJQ5EBHHCBDIU2IVKGRQ.avif\",\"contentUrl\":\"https:\/\/radioinfinitagoya.com.ar\/v1\/wp-content\/uploads\/2026\/03\/Q5ILITGJQ5EBHHCBDIU2IVKGRQ.avif\",\"width\":350,\"height\":197},{\"@type\":\"BreadcrumbList\",\"@id\":\"https:\/\/radioinfinitagoya.com.ar\/v1\/2026\/03\/17\/iran-amenazo-con-impedir-la-normalizacion-del-estrecho-de-ormuz\/#breadcrumb\",\"itemListElement\":[{\"@type\":\"ListItem\",\"position\":1,\"name\":\"Inicio\",\"item\":\"https:\/\/radioinfinitagoya.com.ar\/v1\/\"},{\"@type\":\"ListItem\",\"position\":2,\"name\":\"Ir\u00e1n amenaz\u00f3 con impedir la normalizaci\u00f3n del estrecho de Ormuz\"}]},{\"@type\":\"WebSite\",\"@id\":\"https:\/\/radioinfinitagoya.com.ar\/v1\/#website\",\"url\":\"https:\/\/radioinfinitagoya.com.ar\/v1\/\",\"name\":\"radioinfinitagoya.com.ar\",\"description\":\"Radio de noticias\",\"publisher\":{\"@id\":\"https:\/\/radioinfinitagoya.com.ar\/v1\/#organization\"},\"potentialAction\":[{\"@type\":\"SearchAction\",\"target\":{\"@type\":\"EntryPoint\",\"urlTemplate\":\"https:\/\/radioinfinitagoya.com.ar\/v1\/?s={search_term_string}\"},\"query-input\":{\"@type\":\"PropertyValueSpecification\",\"valueRequired\":true,\"valueName\":\"search_term_string\"}}],\"inLanguage\":\"es-AR\"},{\"@type\":\"Organization\",\"@id\":\"https:\/\/radioinfinitagoya.com.ar\/v1\/#organization\",\"name\":\"Radio Infinita Goya\",\"url\":\"https:\/\/radioinfinitagoya.com.ar\/v1\/\",\"logo\":{\"@type\":\"ImageObject\",\"inLanguage\":\"es-AR\",\"@id\":\"https:\/\/radioinfinitagoya.com.ar\/v1\/#\/schema\/logo\/image\/\",\"url\":\"https:\/\/radioinfinitagoya.com.ar\/v1\/wp-content\/uploads\/2019\/11\/logo-pie-web.png\",\"contentUrl\":\"https:\/\/radioinfinitagoya.com.ar\/v1\/wp-content\/uploads\/2019\/11\/logo-pie-web.png\",\"width\":635,\"height\":326,\"caption\":\"Radio Infinita Goya\"},\"image\":{\"@id\":\"https:\/\/radioinfinitagoya.com.ar\/v1\/#\/schema\/logo\/image\/\"},\"sameAs\":[\"https:\/\/www.facebook.com\/p\/Infinita-Goya-100063870918311\/\"]},{\"@type\":\"Person\",\"@id\":\"https:\/\/radioinfinitagoya.com.ar\/v1\/#\/schema\/person\/d4cf9c413d4f6edb24aabdccab49ca4a\",\"name\":\"Jorge Mi\u00f1o\",\"image\":{\"@type\":\"ImageObject\",\"inLanguage\":\"es-AR\",\"@id\":\"https:\/\/secure.gravatar.com\/avatar\/910fcf6728fe95320e07a6643c1581fec1c7fc4bf8ae12e3d8f0d0373dc844be?s=96&d=mm&r=g\",\"url\":\"https:\/\/secure.gravatar.com\/avatar\/910fcf6728fe95320e07a6643c1581fec1c7fc4bf8ae12e3d8f0d0373dc844be?s=96&d=mm&r=g\",\"contentUrl\":\"https:\/\/secure.gravatar.com\/avatar\/910fcf6728fe95320e07a6643c1581fec1c7fc4bf8ae12e3d8f0d0373dc844be?s=96&d=mm&r=g\",\"caption\":\"Jorge Mi\u00f1o\"},\"sameAs\":[\"http:\/\/radioinfinitagoya.com.ar\"]}]}<\/script>\n<!-- \/ Yoast SEO plugin. -->","yoast_head_json":{"title":"Ir\u00e1n amenaz\u00f3 con impedir la normalizaci\u00f3n del estrecho de Ormuz - Radio Infinita Goya","description":"A\u00fan despu\u00e9s del fin de la guerra El bloqueo efectivo del tr\u00e1fico mar\u00edtimo a trav\u00e9s de esta ruta vital ha tenido consecuencias significativas para la","robots":{"index":"index","follow":"follow","max-snippet":"max-snippet:-1","max-image-preview":"max-image-preview:large","max-video-preview":"max-video-preview:-1"},"canonical":"https:\/\/radioinfinitagoya.com.ar\/v1\/2026\/03\/17\/iran-amenazo-con-impedir-la-normalizacion-del-estrecho-de-ormuz\/","og_locale":"es_ES","og_type":"article","og_title":"Ir\u00e1n amenaz\u00f3 con impedir la normalizaci\u00f3n del estrecho de Ormuz - Radio Infinita Goya","og_description":"A\u00fan despu\u00e9s del fin de la guerra El bloqueo efectivo del tr\u00e1fico mar\u00edtimo a trav\u00e9s de esta ruta vital ha tenido consecuencias significativas para la","og_url":"https:\/\/radioinfinitagoya.com.ar\/v1\/2026\/03\/17\/iran-amenazo-con-impedir-la-normalizacion-del-estrecho-de-ormuz\/","og_site_name":"Radio Infinita Goya","article_publisher":"https:\/\/www.facebook.com\/p\/Infinita-Goya-100063870918311\/","article_published_time":"2026-03-17T20:19:04+00:00","author":"Jorge Mi\u00f1o","twitter_card":"summary_large_image","twitter_misc":{"Escrito por":"Jorge Mi\u00f1o","Tiempo de lectura":"14 minutos"},"schema":{"@context":"https:\/\/schema.org","@graph":[{"@type":"Article","@id":"https:\/\/radioinfinitagoya.com.ar\/v1\/2026\/03\/17\/iran-amenazo-con-impedir-la-normalizacion-del-estrecho-de-ormuz\/#article","isPartOf":{"@id":"https:\/\/radioinfinitagoya.com.ar\/v1\/2026\/03\/17\/iran-amenazo-con-impedir-la-normalizacion-del-estrecho-de-ormuz\/"},"author":{"name":"Jorge Mi\u00f1o","@id":"https:\/\/radioinfinitagoya.com.ar\/v1\/#\/schema\/person\/d4cf9c413d4f6edb24aabdccab49ca4a"},"headline":"Ir\u00e1n amenaz\u00f3 con impedir la normalizaci\u00f3n del estrecho de Ormuz","datePublished":"2026-03-17T20:19:04+00:00","mainEntityOfPage":{"@id":"https:\/\/radioinfinitagoya.com.ar\/v1\/2026\/03\/17\/iran-amenazo-con-impedir-la-normalizacion-del-estrecho-de-ormuz\/"},"wordCount":2661,"commentCount":0,"publisher":{"@id":"https:\/\/radioinfinitagoya.com.ar\/v1\/#organization"},"image":{"@id":"https:\/\/radioinfinitagoya.com.ar\/v1\/2026\/03\/17\/iran-amenazo-con-impedir-la-normalizacion-del-estrecho-de-ormuz\/#primaryimage"},"thumbnailUrl":"https:\/\/radioinfinitagoya.com.ar\/v1\/wp-content\/uploads\/2026\/03\/Q5ILITGJQ5EBHHCBDIU2IVKGRQ.avif","articleSection":["DESTACADOS"],"inLanguage":"es-AR","potentialAction":[{"@type":"CommentAction","name":"Comment","target":["https:\/\/radioinfinitagoya.com.ar\/v1\/2026\/03\/17\/iran-amenazo-con-impedir-la-normalizacion-del-estrecho-de-ormuz\/#respond"]}]},{"@type":"WebPage","@id":"https:\/\/radioinfinitagoya.com.ar\/v1\/2026\/03\/17\/iran-amenazo-con-impedir-la-normalizacion-del-estrecho-de-ormuz\/","url":"https:\/\/radioinfinitagoya.com.ar\/v1\/2026\/03\/17\/iran-amenazo-con-impedir-la-normalizacion-del-estrecho-de-ormuz\/","name":"Ir\u00e1n amenaz\u00f3 con impedir la normalizaci\u00f3n del estrecho de Ormuz - Radio Infinita Goya","isPartOf":{"@id":"https:\/\/radioinfinitagoya.com.ar\/v1\/#website"},"primaryImageOfPage":{"@id":"https:\/\/radioinfinitagoya.com.ar\/v1\/2026\/03\/17\/iran-amenazo-con-impedir-la-normalizacion-del-estrecho-de-ormuz\/#primaryimage"},"image":{"@id":"https:\/\/radioinfinitagoya.com.ar\/v1\/2026\/03\/17\/iran-amenazo-con-impedir-la-normalizacion-del-estrecho-de-ormuz\/#primaryimage"},"thumbnailUrl":"https:\/\/radioinfinitagoya.com.ar\/v1\/wp-content\/uploads\/2026\/03\/Q5ILITGJQ5EBHHCBDIU2IVKGRQ.avif","datePublished":"2026-03-17T20:19:04+00:00","description":"A\u00fan despu\u00e9s del fin de la guerra El bloqueo efectivo del tr\u00e1fico mar\u00edtimo a trav\u00e9s de esta ruta vital ha tenido consecuencias significativas para la","breadcrumb":{"@id":"https:\/\/radioinfinitagoya.com.ar\/v1\/2026\/03\/17\/iran-amenazo-con-impedir-la-normalizacion-del-estrecho-de-ormuz\/#breadcrumb"},"inLanguage":"es-AR","potentialAction":[{"@type":"ReadAction","target":["https:\/\/radioinfinitagoya.com.ar\/v1\/2026\/03\/17\/iran-amenazo-con-impedir-la-normalizacion-del-estrecho-de-ormuz\/"]}]},{"@type":"ImageObject","inLanguage":"es-AR","@id":"https:\/\/radioinfinitagoya.com.ar\/v1\/2026\/03\/17\/iran-amenazo-con-impedir-la-normalizacion-del-estrecho-de-ormuz\/#primaryimage","url":"https:\/\/radioinfinitagoya.com.ar\/v1\/wp-content\/uploads\/2026\/03\/Q5ILITGJQ5EBHHCBDIU2IVKGRQ.avif","contentUrl":"https:\/\/radioinfinitagoya.com.ar\/v1\/wp-content\/uploads\/2026\/03\/Q5ILITGJQ5EBHHCBDIU2IVKGRQ.avif","width":350,"height":197},{"@type":"BreadcrumbList","@id":"https:\/\/radioinfinitagoya.com.ar\/v1\/2026\/03\/17\/iran-amenazo-con-impedir-la-normalizacion-del-estrecho-de-ormuz\/#breadcrumb","itemListElement":[{"@type":"ListItem","position":1,"name":"Inicio","item":"https:\/\/radioinfinitagoya.com.ar\/v1\/"},{"@type":"ListItem","position":2,"name":"Ir\u00e1n amenaz\u00f3 con impedir la normalizaci\u00f3n del estrecho de Ormuz"}]},{"@type":"WebSite","@id":"https:\/\/radioinfinitagoya.com.ar\/v1\/#website","url":"https:\/\/radioinfinitagoya.com.ar\/v1\/","name":"radioinfinitagoya.com.ar","description":"Radio de noticias","publisher":{"@id":"https:\/\/radioinfinitagoya.com.ar\/v1\/#organization"},"potentialAction":[{"@type":"SearchAction","target":{"@type":"EntryPoint","urlTemplate":"https:\/\/radioinfinitagoya.com.ar\/v1\/?s={search_term_string}"},"query-input":{"@type":"PropertyValueSpecification","valueRequired":true,"valueName":"search_term_string"}}],"inLanguage":"es-AR"},{"@type":"Organization","@id":"https:\/\/radioinfinitagoya.com.ar\/v1\/#organization","name":"Radio Infinita Goya","url":"https:\/\/radioinfinitagoya.com.ar\/v1\/","logo":{"@type":"ImageObject","inLanguage":"es-AR","@id":"https:\/\/radioinfinitagoya.com.ar\/v1\/#\/schema\/logo\/image\/","url":"https:\/\/radioinfinitagoya.com.ar\/v1\/wp-content\/uploads\/2019\/11\/logo-pie-web.png","contentUrl":"https:\/\/radioinfinitagoya.com.ar\/v1\/wp-content\/uploads\/2019\/11\/logo-pie-web.png","width":635,"height":326,"caption":"Radio Infinita Goya"},"image":{"@id":"https:\/\/radioinfinitagoya.com.ar\/v1\/#\/schema\/logo\/image\/"},"sameAs":["https:\/\/www.facebook.com\/p\/Infinita-Goya-100063870918311\/"]},{"@type":"Person","@id":"https:\/\/radioinfinitagoya.com.ar\/v1\/#\/schema\/person\/d4cf9c413d4f6edb24aabdccab49ca4a","name":"Jorge Mi\u00f1o","image":{"@type":"ImageObject","inLanguage":"es-AR","@id":"https:\/\/secure.gravatar.com\/avatar\/910fcf6728fe95320e07a6643c1581fec1c7fc4bf8ae12e3d8f0d0373dc844be?s=96&d=mm&r=g","url":"https:\/\/secure.gravatar.com\/avatar\/910fcf6728fe95320e07a6643c1581fec1c7fc4bf8ae12e3d8f0d0373dc844be?s=96&d=mm&r=g","contentUrl":"https:\/\/secure.gravatar.com\/avatar\/910fcf6728fe95320e07a6643c1581fec1c7fc4bf8ae12e3d8f0d0373dc844be?s=96&d=mm&r=g","caption":"Jorge Mi\u00f1o"},"sameAs":["http:\/\/radioinfinitagoya.com.ar"]}]}},"_links":{"self":[{"href":"https:\/\/radioinfinitagoya.com.ar\/v1\/wp-json\/wp\/v2\/posts\/210420","targetHints":{"allow":["GET"]}}],"collection":[{"href":"https:\/\/radioinfinitagoya.com.ar\/v1\/wp-json\/wp\/v2\/posts"}],"about":[{"href":"https:\/\/radioinfinitagoya.com.ar\/v1\/wp-json\/wp\/v2\/types\/post"}],"author":[{"embeddable":true,"href":"https:\/\/radioinfinitagoya.com.ar\/v1\/wp-json\/wp\/v2\/users\/4"}],"replies":[{"embeddable":true,"href":"https:\/\/radioinfinitagoya.com.ar\/v1\/wp-json\/wp\/v2\/comments?post=210420"}],"version-history":[{"count":0,"href":"https:\/\/radioinfinitagoya.com.ar\/v1\/wp-json\/wp\/v2\/posts\/210420\/revisions"}],"wp:featuredmedia":[{"embeddable":true,"href":"https:\/\/radioinfinitagoya.com.ar\/v1\/wp-json\/wp\/v2\/media\/210421"}],"wp:attachment":[{"href":"https:\/\/radioinfinitagoya.com.ar\/v1\/wp-json\/wp\/v2\/media?parent=210420"}],"wp:term":[{"taxonomy":"category","embeddable":true,"href":"https:\/\/radioinfinitagoya.com.ar\/v1\/wp-json\/wp\/v2\/categories?post=210420"},{"taxonomy":"post_tag","embeddable":true,"href":"https:\/\/radioinfinitagoya.com.ar\/v1\/wp-json\/wp\/v2\/tags?post=210420"}],"curies":[{"name":"wp","href":"https:\/\/api.w.org\/{rel}","templated":true}]}}