{"id":210434,"date":"2026-03-18T16:12:42","date_gmt":"2026-03-18T19:12:42","guid":{"rendered":"https:\/\/radioinfinitagoya.com.ar\/v1\/?p=210434"},"modified":"2026-03-18T16:12:42","modified_gmt":"2026-03-18T19:12:42","slug":"municipio-de-goya-inicio-campana-de-vacunacion-contra-la-gripe","status":"publish","type":"post","link":"https:\/\/radioinfinitagoya.com.ar\/v1\/2026\/03\/18\/municipio-de-goya-inicio-campana-de-vacunacion-contra-la-gripe\/","title":{"rendered":"Municipio de Goya inici\u00f3 campa\u00f1a de vacunaci\u00f3n contra la Gripe"},"content":{"rendered":"<p>En la provincia inici\u00f3 d\u00edas atr\u00e1s la campa\u00f1a de vacunaci\u00f3n antigripal para adultos mayores. El operativo se adelant\u00f3 por la circulaci\u00f3n temprana de virus respiratorios. En Goya, se realiza la vacunaci\u00f3n en Sala Cabecera (Asistencia Municipal) y salas dependientes del municipio, se est\u00e1 vacunando a adultos mayores de 65 a\u00f1os.<\/p>\n<p>As\u00ed lo asegur\u00f3 este mi\u00e9rcoles el subsecretario de APS, Dr. Emilio Mart\u00ednez.<\/p>\n<p>El Gobierno de Corrientes inici\u00f3 la semana pasada, la campa\u00f1a nacional de vacunaci\u00f3n antigripal para adultos mayores. Forma parte de un trabajo conjunto entre los ministerios de Salud P\u00fablica, Desarrollo Social y municipios del interior.<\/p>\n<p>\u201cEste a\u00f1o empez\u00f3 m\u00e1s temprano con el personal de salud de APS Municipal, que fueron los primeros en vacunarse, y algunas dosis para mayores de 65 a\u00f1os. La campa\u00f1a depende de un sistema escalonado: naci\u00f3n distribuye a provincia y de all\u00ed a los municipios. En esta etapa nosotros rendimos las vacunas aplicadas y nos env\u00edan m\u00e1s vacunas\u201d explic\u00f3 este mi\u00e9rcoles el Dr. Mart\u00ednez.<\/p>\n<p>Desde provincia remitieron 200 dosis para menores de 64 a\u00f1os y ante consultas para mayores de 65 a\u00f1os \u201cnos dijeron que estaban esperando que naci\u00f3n mande m\u00e1s dosis\u201d.<\/p>\n<p>\u201cEs una situaci\u00f3n que se repite todos los a\u00f1os en inicio de campa\u00f1a, esta premura por vacunarse y nosotros dependemos de la provisi\u00f3n, asunto externo a los municipios\u201d aclar\u00f3.<\/p>\n<p>\u201cEst\u00e1 garantizada la aplicaci\u00f3n de cada dosis recibida y salud municipal est\u00e1 preparado para ampliar el sistema de cobertura, siempre y cuando llegen m\u00e1s vacunas. Lo bueno es que se empez\u00f3 antes, tenemos mayor cantidad de tiempo, le pedimos a la gente que tenga paciencia, nosotros dependemos de lo que nos env\u00edan, generalmente llegan las vacunas los mi\u00e9rcoles\u201d se\u00f1al\u00f3.<\/p>\n<p>Cabe se\u00f1alar que el municipio a trav\u00e9s de APS maneja siete salas perif\u00e9ricas, Hogar de D\u00eda y dos CIC, las cuales reciben sus dosis correspondientes<\/p>\n<p>SISTEMATIZACI\u00d3N DE LA SALUD<\/p>\n<p>\u201cNuestra mayor consulta dentro de las salas perif\u00e9ricas pasa por la salud materno infantil, es donde tenemos que reforzar las vacunaciones y las capacitaciones. Hoy por hoy se est\u00e1 trabajando con provincia para otro gran desaf\u00edo que se tiene dentro de salud que es la sistematizaci\u00f3n o modernizaci\u00f3n de sistema, a trav\u00e9s de historias cl\u00ednicas digitales que est\u00e9n encadenados entre APS municipal, APS provincia y todo lo que sea Ministerio de Salud de la Provincia\u201d.<\/p>\n<p>\u201cTenemos desaf\u00edos muy grandes por delante, estamos trabajando con fortalezas y debilidades, yo conf\u00edo mucho en el equipo que hemos conformado durante estos \u00faltimos a\u00f1os\u201d.<\/p>\n<p>Direcci\u00f3n de Prensa &#8211; Municipalidad de Goya.<\/p>\n","protected":false},"excerpt":{"rendered":"<p>En la provincia inici\u00f3 d\u00edas atr\u00e1s la campa\u00f1a de vacunaci\u00f3n antigripal para adultos mayores. El operativo se adelant\u00f3 por la circulaci\u00f3n temprana de virus respiratorios. En Goya, se realiza la vacunaci\u00f3n en Sala Cabecera (Asistencia Municipal) y salas dependientes del municipio, se est\u00e1 vacunando a adultos mayores de 65 a\u00f1os. As\u00ed lo asegur\u00f3 este mi\u00e9rcoles [&hellip;]<\/p>\n","protected":false},"author":4,"featured_media":210435,"comment_status":"open","ping_status":"open","sticky":false,"template":"","format":"standard","meta":{"_joinchat":[],"footnotes":""},"categories":[27],"tags":[],"class_list":{"0":"post-210434","1":"post","2":"type-post","3":"status-publish","4":"format-standard","5":"has-post-thumbnail","7":"category-locales"},"yoast_head":"<!-- This site is optimized with the Yoast SEO plugin v27.2 - https:\/\/yoast.com\/product\/yoast-seo-wordpress\/ -->\n<title>Municipio de Goya inici\u00f3 campa\u00f1a de vacunaci\u00f3n contra la Gripe - Radio Infinita Goya<\/title>\n<meta name=\"description\" content=\"En la provincia inici\u00f3 d\u00edas atr\u00e1s la campa\u00f1a de vacunaci\u00f3n antigripal para adultos mayores. El operativo se adelant\u00f3 por la circulaci\u00f3n temprana de virus\" \/>\n<meta name=\"robots\" content=\"index, follow, max-snippet:-1, max-image-preview:large, max-video-preview:-1\" \/>\n<link rel=\"canonical\" href=\"https:\/\/radioinfinitagoya.com.ar\/v1\/2026\/03\/18\/municipio-de-goya-inicio-campana-de-vacunacion-contra-la-gripe\/\" \/>\n<meta property=\"og:locale\" content=\"es_ES\" \/>\n<meta property=\"og:type\" content=\"article\" \/>\n<meta property=\"og:title\" content=\"Municipio de Goya inici\u00f3 campa\u00f1a de vacunaci\u00f3n contra la Gripe - Radio Infinita Goya\" \/>\n<meta property=\"og:description\" content=\"En la provincia inici\u00f3 d\u00edas atr\u00e1s la campa\u00f1a de vacunaci\u00f3n antigripal para adultos mayores. El operativo se adelant\u00f3 por la circulaci\u00f3n temprana de virus\" \/>\n<meta property=\"og:url\" content=\"https:\/\/radioinfinitagoya.com.ar\/v1\/2026\/03\/18\/municipio-de-goya-inicio-campana-de-vacunacion-contra-la-gripe\/\" \/>\n<meta property=\"og:site_name\" content=\"Radio Infinita Goya\" \/>\n<meta property=\"article:publisher\" content=\"https:\/\/www.facebook.com\/p\/Infinita-Goya-100063870918311\/\" \/>\n<meta property=\"article:published_time\" content=\"2026-03-18T19:12:42+00:00\" \/>\n<meta property=\"og:image\" content=\"https:\/\/radioinfinitagoya.com.ar\/v1\/wp-content\/uploads\/2026\/03\/nota_emili.jpg\" \/>\n\t<meta property=\"og:image:width\" content=\"848\" \/>\n\t<meta property=\"og:image:height\" content=\"477\" \/>\n\t<meta property=\"og:image:type\" content=\"image\/jpeg\" \/>\n<meta name=\"author\" content=\"Jorge Mi\u00f1o\" \/>\n<meta name=\"twitter:card\" content=\"summary_large_image\" \/>\n<meta name=\"twitter:label1\" content=\"Escrito por\" \/>\n\t<meta name=\"twitter:data1\" content=\"Jorge Mi\u00f1o\" \/>\n\t<meta name=\"twitter:label2\" content=\"Tiempo de lectura\" \/>\n\t<meta name=\"twitter:data2\" content=\"3 minutos\" \/>\n<script type=\"application\/ld+json\" class=\"yoast-schema-graph\">{\"@context\":\"https:\/\/schema.org\",\"@graph\":[{\"@type\":\"Article\",\"@id\":\"https:\/\/radioinfinitagoya.com.ar\/v1\/2026\/03\/18\/municipio-de-goya-inicio-campana-de-vacunacion-contra-la-gripe\/#article\",\"isPartOf\":{\"@id\":\"https:\/\/radioinfinitagoya.com.ar\/v1\/2026\/03\/18\/municipio-de-goya-inicio-campana-de-vacunacion-contra-la-gripe\/\"},\"author\":{\"name\":\"Jorge Mi\u00f1o\",\"@id\":\"https:\/\/radioinfinitagoya.com.ar\/v1\/#\/schema\/person\/d4cf9c413d4f6edb24aabdccab49ca4a\"},\"headline\":\"Municipio de Goya inici\u00f3 campa\u00f1a de vacunaci\u00f3n contra la Gripe\",\"datePublished\":\"2026-03-18T19:12:42+00:00\",\"mainEntityOfPage\":{\"@id\":\"https:\/\/radioinfinitagoya.com.ar\/v1\/2026\/03\/18\/municipio-de-goya-inicio-campana-de-vacunacion-contra-la-gripe\/\"},\"wordCount\":469,\"commentCount\":0,\"publisher\":{\"@id\":\"https:\/\/radioinfinitagoya.com.ar\/v1\/#organization\"},\"image\":{\"@id\":\"https:\/\/radioinfinitagoya.com.ar\/v1\/2026\/03\/18\/municipio-de-goya-inicio-campana-de-vacunacion-contra-la-gripe\/#primaryimage\"},\"thumbnailUrl\":\"https:\/\/radioinfinitagoya.com.ar\/v1\/wp-content\/uploads\/2026\/03\/nota_emili.jpg\",\"articleSection\":[\"LOCALES\"],\"inLanguage\":\"es-AR\",\"potentialAction\":[{\"@type\":\"CommentAction\",\"name\":\"Comment\",\"target\":[\"https:\/\/radioinfinitagoya.com.ar\/v1\/2026\/03\/18\/municipio-de-goya-inicio-campana-de-vacunacion-contra-la-gripe\/#respond\"]}]},{\"@type\":\"WebPage\",\"@id\":\"https:\/\/radioinfinitagoya.com.ar\/v1\/2026\/03\/18\/municipio-de-goya-inicio-campana-de-vacunacion-contra-la-gripe\/\",\"url\":\"https:\/\/radioinfinitagoya.com.ar\/v1\/2026\/03\/18\/municipio-de-goya-inicio-campana-de-vacunacion-contra-la-gripe\/\",\"name\":\"Municipio de Goya inici\u00f3 campa\u00f1a de vacunaci\u00f3n contra la Gripe - Radio Infinita Goya\",\"isPartOf\":{\"@id\":\"https:\/\/radioinfinitagoya.com.ar\/v1\/#website\"},\"primaryImageOfPage\":{\"@id\":\"https:\/\/radioinfinitagoya.com.ar\/v1\/2026\/03\/18\/municipio-de-goya-inicio-campana-de-vacunacion-contra-la-gripe\/#primaryimage\"},\"image\":{\"@id\":\"https:\/\/radioinfinitagoya.com.ar\/v1\/2026\/03\/18\/municipio-de-goya-inicio-campana-de-vacunacion-contra-la-gripe\/#primaryimage\"},\"thumbnailUrl\":\"https:\/\/radioinfinitagoya.com.ar\/v1\/wp-content\/uploads\/2026\/03\/nota_emili.jpg\",\"datePublished\":\"2026-03-18T19:12:42+00:00\",\"description\":\"En la provincia inici\u00f3 d\u00edas atr\u00e1s la campa\u00f1a de vacunaci\u00f3n antigripal para adultos mayores. El operativo se adelant\u00f3 por la circulaci\u00f3n temprana de virus\",\"breadcrumb\":{\"@id\":\"https:\/\/radioinfinitagoya.com.ar\/v1\/2026\/03\/18\/municipio-de-goya-inicio-campana-de-vacunacion-contra-la-gripe\/#breadcrumb\"},\"inLanguage\":\"es-AR\",\"potentialAction\":[{\"@type\":\"ReadAction\",\"target\":[\"https:\/\/radioinfinitagoya.com.ar\/v1\/2026\/03\/18\/municipio-de-goya-inicio-campana-de-vacunacion-contra-la-gripe\/\"]}]},{\"@type\":\"ImageObject\",\"inLanguage\":\"es-AR\",\"@id\":\"https:\/\/radioinfinitagoya.com.ar\/v1\/2026\/03\/18\/municipio-de-goya-inicio-campana-de-vacunacion-contra-la-gripe\/#primaryimage\",\"url\":\"https:\/\/radioinfinitagoya.com.ar\/v1\/wp-content\/uploads\/2026\/03\/nota_emili.jpg\",\"contentUrl\":\"https:\/\/radioinfinitagoya.com.ar\/v1\/wp-content\/uploads\/2026\/03\/nota_emili.jpg\",\"width\":848,\"height\":477},{\"@type\":\"BreadcrumbList\",\"@id\":\"https:\/\/radioinfinitagoya.com.ar\/v1\/2026\/03\/18\/municipio-de-goya-inicio-campana-de-vacunacion-contra-la-gripe\/#breadcrumb\",\"itemListElement\":[{\"@type\":\"ListItem\",\"position\":1,\"name\":\"Inicio\",\"item\":\"https:\/\/radioinfinitagoya.com.ar\/v1\/\"},{\"@type\":\"ListItem\",\"position\":2,\"name\":\"Municipio de Goya inici\u00f3 campa\u00f1a de vacunaci\u00f3n contra la Gripe\"}]},{\"@type\":\"WebSite\",\"@id\":\"https:\/\/radioinfinitagoya.com.ar\/v1\/#website\",\"url\":\"https:\/\/radioinfinitagoya.com.ar\/v1\/\",\"name\":\"radioinfinitagoya.com.ar\",\"description\":\"Radio de noticias\",\"publisher\":{\"@id\":\"https:\/\/radioinfinitagoya.com.ar\/v1\/#organization\"},\"potentialAction\":[{\"@type\":\"SearchAction\",\"target\":{\"@type\":\"EntryPoint\",\"urlTemplate\":\"https:\/\/radioinfinitagoya.com.ar\/v1\/?s={search_term_string}\"},\"query-input\":{\"@type\":\"PropertyValueSpecification\",\"valueRequired\":true,\"valueName\":\"search_term_string\"}}],\"inLanguage\":\"es-AR\"},{\"@type\":\"Organization\",\"@id\":\"https:\/\/radioinfinitagoya.com.ar\/v1\/#organization\",\"name\":\"Radio Infinita Goya\",\"url\":\"https:\/\/radioinfinitagoya.com.ar\/v1\/\",\"logo\":{\"@type\":\"ImageObject\",\"inLanguage\":\"es-AR\",\"@id\":\"https:\/\/radioinfinitagoya.com.ar\/v1\/#\/schema\/logo\/image\/\",\"url\":\"https:\/\/radioinfinitagoya.com.ar\/v1\/wp-content\/uploads\/2019\/11\/logo-pie-web.png\",\"contentUrl\":\"https:\/\/radioinfinitagoya.com.ar\/v1\/wp-content\/uploads\/2019\/11\/logo-pie-web.png\",\"width\":635,\"height\":326,\"caption\":\"Radio Infinita Goya\"},\"image\":{\"@id\":\"https:\/\/radioinfinitagoya.com.ar\/v1\/#\/schema\/logo\/image\/\"},\"sameAs\":[\"https:\/\/www.facebook.com\/p\/Infinita-Goya-100063870918311\/\"]},{\"@type\":\"Person\",\"@id\":\"https:\/\/radioinfinitagoya.com.ar\/v1\/#\/schema\/person\/d4cf9c413d4f6edb24aabdccab49ca4a\",\"name\":\"Jorge Mi\u00f1o\",\"image\":{\"@type\":\"ImageObject\",\"inLanguage\":\"es-AR\",\"@id\":\"https:\/\/secure.gravatar.com\/avatar\/910fcf6728fe95320e07a6643c1581fec1c7fc4bf8ae12e3d8f0d0373dc844be?s=96&d=mm&r=g\",\"url\":\"https:\/\/secure.gravatar.com\/avatar\/910fcf6728fe95320e07a6643c1581fec1c7fc4bf8ae12e3d8f0d0373dc844be?s=96&d=mm&r=g\",\"contentUrl\":\"https:\/\/secure.gravatar.com\/avatar\/910fcf6728fe95320e07a6643c1581fec1c7fc4bf8ae12e3d8f0d0373dc844be?s=96&d=mm&r=g\",\"caption\":\"Jorge Mi\u00f1o\"},\"sameAs\":[\"http:\/\/radioinfinitagoya.com.ar\"]}]}<\/script>\n<!-- \/ Yoast SEO plugin. -->","yoast_head_json":{"title":"Municipio de Goya inici\u00f3 campa\u00f1a de vacunaci\u00f3n contra la Gripe - Radio Infinita Goya","description":"En la provincia inici\u00f3 d\u00edas atr\u00e1s la campa\u00f1a de vacunaci\u00f3n antigripal para adultos mayores. El operativo se adelant\u00f3 por la circulaci\u00f3n temprana de virus","robots":{"index":"index","follow":"follow","max-snippet":"max-snippet:-1","max-image-preview":"max-image-preview:large","max-video-preview":"max-video-preview:-1"},"canonical":"https:\/\/radioinfinitagoya.com.ar\/v1\/2026\/03\/18\/municipio-de-goya-inicio-campana-de-vacunacion-contra-la-gripe\/","og_locale":"es_ES","og_type":"article","og_title":"Municipio de Goya inici\u00f3 campa\u00f1a de vacunaci\u00f3n contra la Gripe - Radio Infinita Goya","og_description":"En la provincia inici\u00f3 d\u00edas atr\u00e1s la campa\u00f1a de vacunaci\u00f3n antigripal para adultos mayores. El operativo se adelant\u00f3 por la circulaci\u00f3n temprana de virus","og_url":"https:\/\/radioinfinitagoya.com.ar\/v1\/2026\/03\/18\/municipio-de-goya-inicio-campana-de-vacunacion-contra-la-gripe\/","og_site_name":"Radio Infinita Goya","article_publisher":"https:\/\/www.facebook.com\/p\/Infinita-Goya-100063870918311\/","article_published_time":"2026-03-18T19:12:42+00:00","og_image":[{"width":848,"height":477,"url":"https:\/\/radioinfinitagoya.com.ar\/v1\/wp-content\/uploads\/2026\/03\/nota_emili.jpg","type":"image\/jpeg"}],"author":"Jorge Mi\u00f1o","twitter_card":"summary_large_image","twitter_misc":{"Escrito por":"Jorge Mi\u00f1o","Tiempo de lectura":"3 minutos"},"schema":{"@context":"https:\/\/schema.org","@graph":[{"@type":"Article","@id":"https:\/\/radioinfinitagoya.com.ar\/v1\/2026\/03\/18\/municipio-de-goya-inicio-campana-de-vacunacion-contra-la-gripe\/#article","isPartOf":{"@id":"https:\/\/radioinfinitagoya.com.ar\/v1\/2026\/03\/18\/municipio-de-goya-inicio-campana-de-vacunacion-contra-la-gripe\/"},"author":{"name":"Jorge Mi\u00f1o","@id":"https:\/\/radioinfinitagoya.com.ar\/v1\/#\/schema\/person\/d4cf9c413d4f6edb24aabdccab49ca4a"},"headline":"Municipio de Goya inici\u00f3 campa\u00f1a de vacunaci\u00f3n contra la Gripe","datePublished":"2026-03-18T19:12:42+00:00","mainEntityOfPage":{"@id":"https:\/\/radioinfinitagoya.com.ar\/v1\/2026\/03\/18\/municipio-de-goya-inicio-campana-de-vacunacion-contra-la-gripe\/"},"wordCount":469,"commentCount":0,"publisher":{"@id":"https:\/\/radioinfinitagoya.com.ar\/v1\/#organization"},"image":{"@id":"https:\/\/radioinfinitagoya.com.ar\/v1\/2026\/03\/18\/municipio-de-goya-inicio-campana-de-vacunacion-contra-la-gripe\/#primaryimage"},"thumbnailUrl":"https:\/\/radioinfinitagoya.com.ar\/v1\/wp-content\/uploads\/2026\/03\/nota_emili.jpg","articleSection":["LOCALES"],"inLanguage":"es-AR","potentialAction":[{"@type":"CommentAction","name":"Comment","target":["https:\/\/radioinfinitagoya.com.ar\/v1\/2026\/03\/18\/municipio-de-goya-inicio-campana-de-vacunacion-contra-la-gripe\/#respond"]}]},{"@type":"WebPage","@id":"https:\/\/radioinfinitagoya.com.ar\/v1\/2026\/03\/18\/municipio-de-goya-inicio-campana-de-vacunacion-contra-la-gripe\/","url":"https:\/\/radioinfinitagoya.com.ar\/v1\/2026\/03\/18\/municipio-de-goya-inicio-campana-de-vacunacion-contra-la-gripe\/","name":"Municipio de Goya inici\u00f3 campa\u00f1a de vacunaci\u00f3n contra la Gripe - Radio Infinita Goya","isPartOf":{"@id":"https:\/\/radioinfinitagoya.com.ar\/v1\/#website"},"primaryImageOfPage":{"@id":"https:\/\/radioinfinitagoya.com.ar\/v1\/2026\/03\/18\/municipio-de-goya-inicio-campana-de-vacunacion-contra-la-gripe\/#primaryimage"},"image":{"@id":"https:\/\/radioinfinitagoya.com.ar\/v1\/2026\/03\/18\/municipio-de-goya-inicio-campana-de-vacunacion-contra-la-gripe\/#primaryimage"},"thumbnailUrl":"https:\/\/radioinfinitagoya.com.ar\/v1\/wp-content\/uploads\/2026\/03\/nota_emili.jpg","datePublished":"2026-03-18T19:12:42+00:00","description":"En la provincia inici\u00f3 d\u00edas atr\u00e1s la campa\u00f1a de vacunaci\u00f3n antigripal para adultos mayores. El operativo se adelant\u00f3 por la circulaci\u00f3n temprana de virus","breadcrumb":{"@id":"https:\/\/radioinfinitagoya.com.ar\/v1\/2026\/03\/18\/municipio-de-goya-inicio-campana-de-vacunacion-contra-la-gripe\/#breadcrumb"},"inLanguage":"es-AR","potentialAction":[{"@type":"ReadAction","target":["https:\/\/radioinfinitagoya.com.ar\/v1\/2026\/03\/18\/municipio-de-goya-inicio-campana-de-vacunacion-contra-la-gripe\/"]}]},{"@type":"ImageObject","inLanguage":"es-AR","@id":"https:\/\/radioinfinitagoya.com.ar\/v1\/2026\/03\/18\/municipio-de-goya-inicio-campana-de-vacunacion-contra-la-gripe\/#primaryimage","url":"https:\/\/radioinfinitagoya.com.ar\/v1\/wp-content\/uploads\/2026\/03\/nota_emili.jpg","contentUrl":"https:\/\/radioinfinitagoya.com.ar\/v1\/wp-content\/uploads\/2026\/03\/nota_emili.jpg","width":848,"height":477},{"@type":"BreadcrumbList","@id":"https:\/\/radioinfinitagoya.com.ar\/v1\/2026\/03\/18\/municipio-de-goya-inicio-campana-de-vacunacion-contra-la-gripe\/#breadcrumb","itemListElement":[{"@type":"ListItem","position":1,"name":"Inicio","item":"https:\/\/radioinfinitagoya.com.ar\/v1\/"},{"@type":"ListItem","position":2,"name":"Municipio de Goya inici\u00f3 campa\u00f1a de vacunaci\u00f3n contra la Gripe"}]},{"@type":"WebSite","@id":"https:\/\/radioinfinitagoya.com.ar\/v1\/#website","url":"https:\/\/radioinfinitagoya.com.ar\/v1\/","name":"radioinfinitagoya.com.ar","description":"Radio de noticias","publisher":{"@id":"https:\/\/radioinfinitagoya.com.ar\/v1\/#organization"},"potentialAction":[{"@type":"SearchAction","target":{"@type":"EntryPoint","urlTemplate":"https:\/\/radioinfinitagoya.com.ar\/v1\/?s={search_term_string}"},"query-input":{"@type":"PropertyValueSpecification","valueRequired":true,"valueName":"search_term_string"}}],"inLanguage":"es-AR"},{"@type":"Organization","@id":"https:\/\/radioinfinitagoya.com.ar\/v1\/#organization","name":"Radio Infinita Goya","url":"https:\/\/radioinfinitagoya.com.ar\/v1\/","logo":{"@type":"ImageObject","inLanguage":"es-AR","@id":"https:\/\/radioinfinitagoya.com.ar\/v1\/#\/schema\/logo\/image\/","url":"https:\/\/radioinfinitagoya.com.ar\/v1\/wp-content\/uploads\/2019\/11\/logo-pie-web.png","contentUrl":"https:\/\/radioinfinitagoya.com.ar\/v1\/wp-content\/uploads\/2019\/11\/logo-pie-web.png","width":635,"height":326,"caption":"Radio Infinita Goya"},"image":{"@id":"https:\/\/radioinfinitagoya.com.ar\/v1\/#\/schema\/logo\/image\/"},"sameAs":["https:\/\/www.facebook.com\/p\/Infinita-Goya-100063870918311\/"]},{"@type":"Person","@id":"https:\/\/radioinfinitagoya.com.ar\/v1\/#\/schema\/person\/d4cf9c413d4f6edb24aabdccab49ca4a","name":"Jorge Mi\u00f1o","image":{"@type":"ImageObject","inLanguage":"es-AR","@id":"https:\/\/secure.gravatar.com\/avatar\/910fcf6728fe95320e07a6643c1581fec1c7fc4bf8ae12e3d8f0d0373dc844be?s=96&d=mm&r=g","url":"https:\/\/secure.gravatar.com\/avatar\/910fcf6728fe95320e07a6643c1581fec1c7fc4bf8ae12e3d8f0d0373dc844be?s=96&d=mm&r=g","contentUrl":"https:\/\/secure.gravatar.com\/avatar\/910fcf6728fe95320e07a6643c1581fec1c7fc4bf8ae12e3d8f0d0373dc844be?s=96&d=mm&r=g","caption":"Jorge Mi\u00f1o"},"sameAs":["http:\/\/radioinfinitagoya.com.ar"]}]}},"_links":{"self":[{"href":"https:\/\/radioinfinitagoya.com.ar\/v1\/wp-json\/wp\/v2\/posts\/210434","targetHints":{"allow":["GET"]}}],"collection":[{"href":"https:\/\/radioinfinitagoya.com.ar\/v1\/wp-json\/wp\/v2\/posts"}],"about":[{"href":"https:\/\/radioinfinitagoya.com.ar\/v1\/wp-json\/wp\/v2\/types\/post"}],"author":[{"embeddable":true,"href":"https:\/\/radioinfinitagoya.com.ar\/v1\/wp-json\/wp\/v2\/users\/4"}],"replies":[{"embeddable":true,"href":"https:\/\/radioinfinitagoya.com.ar\/v1\/wp-json\/wp\/v2\/comments?post=210434"}],"version-history":[{"count":0,"href":"https:\/\/radioinfinitagoya.com.ar\/v1\/wp-json\/wp\/v2\/posts\/210434\/revisions"}],"wp:featuredmedia":[{"embeddable":true,"href":"https:\/\/radioinfinitagoya.com.ar\/v1\/wp-json\/wp\/v2\/media\/210435"}],"wp:attachment":[{"href":"https:\/\/radioinfinitagoya.com.ar\/v1\/wp-json\/wp\/v2\/media?parent=210434"}],"wp:term":[{"taxonomy":"category","embeddable":true,"href":"https:\/\/radioinfinitagoya.com.ar\/v1\/wp-json\/wp\/v2\/categories?post=210434"},{"taxonomy":"post_tag","embeddable":true,"href":"https:\/\/radioinfinitagoya.com.ar\/v1\/wp-json\/wp\/v2\/tags?post=210434"}],"curies":[{"name":"wp","href":"https:\/\/api.w.org\/{rel}","templated":true}]}}