{"id":210437,"date":"2026-03-18T16:14:08","date_gmt":"2026-03-18T19:14:08","guid":{"rendered":"https:\/\/radioinfinitagoya.com.ar\/v1\/?p=210437"},"modified":"2026-03-18T16:14:08","modified_gmt":"2026-03-18T19:14:08","slug":"salud-municipal-avanza-en-un-reordenamiento-de-recursos-para-oprtimizarla-atencion-en-goya","status":"publish","type":"post","link":"https:\/\/radioinfinitagoya.com.ar\/v1\/2026\/03\/18\/salud-municipal-avanza-en-un-reordenamiento-de-recursos-para-oprtimizarla-atencion-en-goya\/","title":{"rendered":"Salud Municipal avanza en un reordenamiento de recursos para oprtimizarla atenci\u00f3n en Goya"},"content":{"rendered":"<p>El subsecretario de Atenci\u00f3n Primaria de la Salud, doctor Emilio Mart\u00ednez, explic\u00f3 que, ante el complejo contexto econ\u00f3mico y la reducci\u00f3n de recursos provenientes de Naci\u00f3n, la gesti\u00f3n municipal impulsa un proceso de reorganizaci\u00f3n basado en datos y demanda real, con el objetivo de mejorar la eficiencia del sistema sanitario, fortalecer la articulaci\u00f3n con la provincia y garantizar una atenci\u00f3n m\u00e1s \u00e1gil, ordenada y equitativa para la comunidad.<\/p>\n<p>El funcionario municipal explic\u00f3 que, en el marco de una realidad econ\u00f3mica compleja por la que atraviesa el pa\u00eds con recortes desde Naci\u00f3n en la coparticipaci\u00f3n. Ante esta realidad desde la gesti\u00f3n se afronta un proceso de reorganizaci\u00f3n para optimizar los recursos del sistema sanitario local.<\/p>\n<p>Mejorar la articulaci\u00f3n con la provincia y fortalecer el uso eficiente de los recursos p\u00fablicos. Se trata de medidas concretas para evitar la dispersi\u00f3n administrativa, eliminar estructuras sin operatividad real y garantizar un sistema sanitario m\u00e1s ordenado, \u00e1gil y transparente. Estos nuevos desaf\u00edos en el contexto que atraviesa el pa\u00eds, vienen realizando la gesti\u00f3n desde hace unos meses y comprende a diferentes \u00e1reas municipales.<\/p>\n<p>El Subsecretario de APS Emilio Mart\u00ednez al respecto manifest\u00f3: \u201cEstamos pasando por un proceso de reorganizaci\u00f3n: optimizando recursos dentro de APS. Esto no es improvisado, est\u00e1 basado en datos concretos, estad\u00edstica y demanda, volumen de atenci\u00f3n, necesidades reales de cada \u00e1rea program\u00e1tica, eso nos lleva a ver que hay lugares donde es necesario reforzar o redistribuir recursos para mejorar la eficiencia del sistema. La idea es ordenar para atender mejor\u201d dijo.<\/p>\n<p>\u201cLa salud p\u00fablica hoy exige gesti\u00f3n en datos y no con criterios hist\u00f3ricos, la realidad cambi\u00f3 y nuestro objetivo es poner los recursos donde m\u00e1s se necesite para un sistema de salud m\u00e1s justo y con respuesta en la comunidad\u201d cerr\u00f3.<\/p>\n<p>&nbsp;<\/p>\n","protected":false},"excerpt":{"rendered":"<p>El subsecretario de Atenci\u00f3n Primaria de la Salud, doctor Emilio Mart\u00ednez, explic\u00f3 que, ante el complejo contexto econ\u00f3mico y la reducci\u00f3n de recursos provenientes de Naci\u00f3n, la gesti\u00f3n municipal impulsa un proceso de reorganizaci\u00f3n basado en datos y demanda real, con el objetivo de mejorar la eficiencia del sistema sanitario, fortalecer la articulaci\u00f3n con la [&hellip;]<\/p>\n","protected":false},"author":4,"featured_media":210438,"comment_status":"open","ping_status":"open","sticky":false,"template":"","format":"standard","meta":{"_joinchat":[],"footnotes":""},"categories":[27],"tags":[],"class_list":{"0":"post-210437","1":"post","2":"type-post","3":"status-publish","4":"format-standard","5":"has-post-thumbnail","7":"category-locales"},"yoast_head":"<!-- This site is optimized with the Yoast SEO plugin v27.2 - https:\/\/yoast.com\/product\/yoast-seo-wordpress\/ -->\n<title>Salud Municipal avanza en un reordenamiento de recursos para oprtimizarla atenci\u00f3n en Goya - Radio Infinita Goya<\/title>\n<meta name=\"description\" content=\"El subsecretario de Atenci\u00f3n Primaria de la Salud, doctor Emilio Mart\u00ednez, explic\u00f3 que, ante el complejo contexto econ\u00f3mico y la reducci\u00f3n de recursos\" \/>\n<meta name=\"robots\" content=\"index, follow, max-snippet:-1, max-image-preview:large, max-video-preview:-1\" \/>\n<link rel=\"canonical\" href=\"https:\/\/radioinfinitagoya.com.ar\/v1\/2026\/03\/18\/salud-municipal-avanza-en-un-reordenamiento-de-recursos-para-oprtimizarla-atencion-en-goya\/\" \/>\n<meta property=\"og:locale\" content=\"es_ES\" \/>\n<meta property=\"og:type\" content=\"article\" \/>\n<meta property=\"og:title\" content=\"Salud Municipal avanza en un reordenamiento de recursos para oprtimizarla atenci\u00f3n en Goya - Radio Infinita Goya\" \/>\n<meta property=\"og:description\" content=\"El subsecretario de Atenci\u00f3n Primaria de la Salud, doctor Emilio Mart\u00ednez, explic\u00f3 que, ante el complejo contexto econ\u00f3mico y la reducci\u00f3n de recursos\" \/>\n<meta property=\"og:url\" content=\"https:\/\/radioinfinitagoya.com.ar\/v1\/2026\/03\/18\/salud-municipal-avanza-en-un-reordenamiento-de-recursos-para-oprtimizarla-atencion-en-goya\/\" \/>\n<meta property=\"og:site_name\" content=\"Radio Infinita Goya\" \/>\n<meta property=\"article:publisher\" content=\"https:\/\/www.facebook.com\/p\/Infinita-Goya-100063870918311\/\" \/>\n<meta property=\"article:published_time\" content=\"2026-03-18T19:14:08+00:00\" \/>\n<meta property=\"og:image\" content=\"https:\/\/radioinfinitagoya.com.ar\/v1\/wp-content\/uploads\/2026\/03\/dr._emilio_martin_0.jpg\" \/>\n\t<meta property=\"og:image:width\" content=\"848\" \/>\n\t<meta property=\"og:image:height\" content=\"477\" \/>\n\t<meta property=\"og:image:type\" content=\"image\/jpeg\" \/>\n<meta name=\"author\" content=\"Jorge Mi\u00f1o\" \/>\n<meta name=\"twitter:card\" content=\"summary_large_image\" \/>\n<meta name=\"twitter:label1\" content=\"Escrito por\" \/>\n\t<meta name=\"twitter:data1\" content=\"Jorge Mi\u00f1o\" \/>\n\t<meta name=\"twitter:label2\" content=\"Tiempo de lectura\" \/>\n\t<meta name=\"twitter:data2\" content=\"2 minutos\" \/>\n<script type=\"application\/ld+json\" class=\"yoast-schema-graph\">{\"@context\":\"https:\/\/schema.org\",\"@graph\":[{\"@type\":\"Article\",\"@id\":\"https:\/\/radioinfinitagoya.com.ar\/v1\/2026\/03\/18\/salud-municipal-avanza-en-un-reordenamiento-de-recursos-para-oprtimizarla-atencion-en-goya\/#article\",\"isPartOf\":{\"@id\":\"https:\/\/radioinfinitagoya.com.ar\/v1\/2026\/03\/18\/salud-municipal-avanza-en-un-reordenamiento-de-recursos-para-oprtimizarla-atencion-en-goya\/\"},\"author\":{\"name\":\"Jorge Mi\u00f1o\",\"@id\":\"https:\/\/radioinfinitagoya.com.ar\/v1\/#\/schema\/person\/d4cf9c413d4f6edb24aabdccab49ca4a\"},\"headline\":\"Salud Municipal avanza en un reordenamiento de recursos para oprtimizarla atenci\u00f3n en Goya\",\"datePublished\":\"2026-03-18T19:14:08+00:00\",\"mainEntityOfPage\":{\"@id\":\"https:\/\/radioinfinitagoya.com.ar\/v1\/2026\/03\/18\/salud-municipal-avanza-en-un-reordenamiento-de-recursos-para-oprtimizarla-atencion-en-goya\/\"},\"wordCount\":338,\"commentCount\":0,\"publisher\":{\"@id\":\"https:\/\/radioinfinitagoya.com.ar\/v1\/#organization\"},\"image\":{\"@id\":\"https:\/\/radioinfinitagoya.com.ar\/v1\/2026\/03\/18\/salud-municipal-avanza-en-un-reordenamiento-de-recursos-para-oprtimizarla-atencion-en-goya\/#primaryimage\"},\"thumbnailUrl\":\"https:\/\/radioinfinitagoya.com.ar\/v1\/wp-content\/uploads\/2026\/03\/dr._emilio_martin_0.jpg\",\"articleSection\":[\"LOCALES\"],\"inLanguage\":\"es-AR\",\"potentialAction\":[{\"@type\":\"CommentAction\",\"name\":\"Comment\",\"target\":[\"https:\/\/radioinfinitagoya.com.ar\/v1\/2026\/03\/18\/salud-municipal-avanza-en-un-reordenamiento-de-recursos-para-oprtimizarla-atencion-en-goya\/#respond\"]}]},{\"@type\":\"WebPage\",\"@id\":\"https:\/\/radioinfinitagoya.com.ar\/v1\/2026\/03\/18\/salud-municipal-avanza-en-un-reordenamiento-de-recursos-para-oprtimizarla-atencion-en-goya\/\",\"url\":\"https:\/\/radioinfinitagoya.com.ar\/v1\/2026\/03\/18\/salud-municipal-avanza-en-un-reordenamiento-de-recursos-para-oprtimizarla-atencion-en-goya\/\",\"name\":\"Salud Municipal avanza en un reordenamiento de recursos para oprtimizarla atenci\u00f3n en Goya - Radio Infinita Goya\",\"isPartOf\":{\"@id\":\"https:\/\/radioinfinitagoya.com.ar\/v1\/#website\"},\"primaryImageOfPage\":{\"@id\":\"https:\/\/radioinfinitagoya.com.ar\/v1\/2026\/03\/18\/salud-municipal-avanza-en-un-reordenamiento-de-recursos-para-oprtimizarla-atencion-en-goya\/#primaryimage\"},\"image\":{\"@id\":\"https:\/\/radioinfinitagoya.com.ar\/v1\/2026\/03\/18\/salud-municipal-avanza-en-un-reordenamiento-de-recursos-para-oprtimizarla-atencion-en-goya\/#primaryimage\"},\"thumbnailUrl\":\"https:\/\/radioinfinitagoya.com.ar\/v1\/wp-content\/uploads\/2026\/03\/dr._emilio_martin_0.jpg\",\"datePublished\":\"2026-03-18T19:14:08+00:00\",\"description\":\"El subsecretario de Atenci\u00f3n Primaria de la Salud, doctor Emilio Mart\u00ednez, explic\u00f3 que, ante el complejo contexto econ\u00f3mico y la reducci\u00f3n de recursos\",\"breadcrumb\":{\"@id\":\"https:\/\/radioinfinitagoya.com.ar\/v1\/2026\/03\/18\/salud-municipal-avanza-en-un-reordenamiento-de-recursos-para-oprtimizarla-atencion-en-goya\/#breadcrumb\"},\"inLanguage\":\"es-AR\",\"potentialAction\":[{\"@type\":\"ReadAction\",\"target\":[\"https:\/\/radioinfinitagoya.com.ar\/v1\/2026\/03\/18\/salud-municipal-avanza-en-un-reordenamiento-de-recursos-para-oprtimizarla-atencion-en-goya\/\"]}]},{\"@type\":\"ImageObject\",\"inLanguage\":\"es-AR\",\"@id\":\"https:\/\/radioinfinitagoya.com.ar\/v1\/2026\/03\/18\/salud-municipal-avanza-en-un-reordenamiento-de-recursos-para-oprtimizarla-atencion-en-goya\/#primaryimage\",\"url\":\"https:\/\/radioinfinitagoya.com.ar\/v1\/wp-content\/uploads\/2026\/03\/dr._emilio_martin_0.jpg\",\"contentUrl\":\"https:\/\/radioinfinitagoya.com.ar\/v1\/wp-content\/uploads\/2026\/03\/dr._emilio_martin_0.jpg\",\"width\":848,\"height\":477},{\"@type\":\"BreadcrumbList\",\"@id\":\"https:\/\/radioinfinitagoya.com.ar\/v1\/2026\/03\/18\/salud-municipal-avanza-en-un-reordenamiento-de-recursos-para-oprtimizarla-atencion-en-goya\/#breadcrumb\",\"itemListElement\":[{\"@type\":\"ListItem\",\"position\":1,\"name\":\"Inicio\",\"item\":\"https:\/\/radioinfinitagoya.com.ar\/v1\/\"},{\"@type\":\"ListItem\",\"position\":2,\"name\":\"Salud Municipal avanza en un reordenamiento de recursos para oprtimizarla atenci\u00f3n en Goya\"}]},{\"@type\":\"WebSite\",\"@id\":\"https:\/\/radioinfinitagoya.com.ar\/v1\/#website\",\"url\":\"https:\/\/radioinfinitagoya.com.ar\/v1\/\",\"name\":\"radioinfinitagoya.com.ar\",\"description\":\"Radio de noticias\",\"publisher\":{\"@id\":\"https:\/\/radioinfinitagoya.com.ar\/v1\/#organization\"},\"potentialAction\":[{\"@type\":\"SearchAction\",\"target\":{\"@type\":\"EntryPoint\",\"urlTemplate\":\"https:\/\/radioinfinitagoya.com.ar\/v1\/?s={search_term_string}\"},\"query-input\":{\"@type\":\"PropertyValueSpecification\",\"valueRequired\":true,\"valueName\":\"search_term_string\"}}],\"inLanguage\":\"es-AR\"},{\"@type\":\"Organization\",\"@id\":\"https:\/\/radioinfinitagoya.com.ar\/v1\/#organization\",\"name\":\"Radio Infinita Goya\",\"url\":\"https:\/\/radioinfinitagoya.com.ar\/v1\/\",\"logo\":{\"@type\":\"ImageObject\",\"inLanguage\":\"es-AR\",\"@id\":\"https:\/\/radioinfinitagoya.com.ar\/v1\/#\/schema\/logo\/image\/\",\"url\":\"https:\/\/radioinfinitagoya.com.ar\/v1\/wp-content\/uploads\/2019\/11\/logo-pie-web.png\",\"contentUrl\":\"https:\/\/radioinfinitagoya.com.ar\/v1\/wp-content\/uploads\/2019\/11\/logo-pie-web.png\",\"width\":635,\"height\":326,\"caption\":\"Radio Infinita Goya\"},\"image\":{\"@id\":\"https:\/\/radioinfinitagoya.com.ar\/v1\/#\/schema\/logo\/image\/\"},\"sameAs\":[\"https:\/\/www.facebook.com\/p\/Infinita-Goya-100063870918311\/\"]},{\"@type\":\"Person\",\"@id\":\"https:\/\/radioinfinitagoya.com.ar\/v1\/#\/schema\/person\/d4cf9c413d4f6edb24aabdccab49ca4a\",\"name\":\"Jorge Mi\u00f1o\",\"image\":{\"@type\":\"ImageObject\",\"inLanguage\":\"es-AR\",\"@id\":\"https:\/\/secure.gravatar.com\/avatar\/910fcf6728fe95320e07a6643c1581fec1c7fc4bf8ae12e3d8f0d0373dc844be?s=96&d=mm&r=g\",\"url\":\"https:\/\/secure.gravatar.com\/avatar\/910fcf6728fe95320e07a6643c1581fec1c7fc4bf8ae12e3d8f0d0373dc844be?s=96&d=mm&r=g\",\"contentUrl\":\"https:\/\/secure.gravatar.com\/avatar\/910fcf6728fe95320e07a6643c1581fec1c7fc4bf8ae12e3d8f0d0373dc844be?s=96&d=mm&r=g\",\"caption\":\"Jorge Mi\u00f1o\"},\"sameAs\":[\"http:\/\/radioinfinitagoya.com.ar\"]}]}<\/script>\n<!-- \/ Yoast SEO plugin. -->","yoast_head_json":{"title":"Salud Municipal avanza en un reordenamiento de recursos para oprtimizarla atenci\u00f3n en Goya - Radio Infinita Goya","description":"El subsecretario de Atenci\u00f3n Primaria de la Salud, doctor Emilio Mart\u00ednez, explic\u00f3 que, ante el complejo contexto econ\u00f3mico y la reducci\u00f3n de recursos","robots":{"index":"index","follow":"follow","max-snippet":"max-snippet:-1","max-image-preview":"max-image-preview:large","max-video-preview":"max-video-preview:-1"},"canonical":"https:\/\/radioinfinitagoya.com.ar\/v1\/2026\/03\/18\/salud-municipal-avanza-en-un-reordenamiento-de-recursos-para-oprtimizarla-atencion-en-goya\/","og_locale":"es_ES","og_type":"article","og_title":"Salud Municipal avanza en un reordenamiento de recursos para oprtimizarla atenci\u00f3n en Goya - Radio Infinita Goya","og_description":"El subsecretario de Atenci\u00f3n Primaria de la Salud, doctor Emilio Mart\u00ednez, explic\u00f3 que, ante el complejo contexto econ\u00f3mico y la reducci\u00f3n de recursos","og_url":"https:\/\/radioinfinitagoya.com.ar\/v1\/2026\/03\/18\/salud-municipal-avanza-en-un-reordenamiento-de-recursos-para-oprtimizarla-atencion-en-goya\/","og_site_name":"Radio Infinita Goya","article_publisher":"https:\/\/www.facebook.com\/p\/Infinita-Goya-100063870918311\/","article_published_time":"2026-03-18T19:14:08+00:00","og_image":[{"width":848,"height":477,"url":"https:\/\/radioinfinitagoya.com.ar\/v1\/wp-content\/uploads\/2026\/03\/dr._emilio_martin_0.jpg","type":"image\/jpeg"}],"author":"Jorge Mi\u00f1o","twitter_card":"summary_large_image","twitter_misc":{"Escrito por":"Jorge Mi\u00f1o","Tiempo de lectura":"2 minutos"},"schema":{"@context":"https:\/\/schema.org","@graph":[{"@type":"Article","@id":"https:\/\/radioinfinitagoya.com.ar\/v1\/2026\/03\/18\/salud-municipal-avanza-en-un-reordenamiento-de-recursos-para-oprtimizarla-atencion-en-goya\/#article","isPartOf":{"@id":"https:\/\/radioinfinitagoya.com.ar\/v1\/2026\/03\/18\/salud-municipal-avanza-en-un-reordenamiento-de-recursos-para-oprtimizarla-atencion-en-goya\/"},"author":{"name":"Jorge Mi\u00f1o","@id":"https:\/\/radioinfinitagoya.com.ar\/v1\/#\/schema\/person\/d4cf9c413d4f6edb24aabdccab49ca4a"},"headline":"Salud Municipal avanza en un reordenamiento de recursos para oprtimizarla atenci\u00f3n en Goya","datePublished":"2026-03-18T19:14:08+00:00","mainEntityOfPage":{"@id":"https:\/\/radioinfinitagoya.com.ar\/v1\/2026\/03\/18\/salud-municipal-avanza-en-un-reordenamiento-de-recursos-para-oprtimizarla-atencion-en-goya\/"},"wordCount":338,"commentCount":0,"publisher":{"@id":"https:\/\/radioinfinitagoya.com.ar\/v1\/#organization"},"image":{"@id":"https:\/\/radioinfinitagoya.com.ar\/v1\/2026\/03\/18\/salud-municipal-avanza-en-un-reordenamiento-de-recursos-para-oprtimizarla-atencion-en-goya\/#primaryimage"},"thumbnailUrl":"https:\/\/radioinfinitagoya.com.ar\/v1\/wp-content\/uploads\/2026\/03\/dr._emilio_martin_0.jpg","articleSection":["LOCALES"],"inLanguage":"es-AR","potentialAction":[{"@type":"CommentAction","name":"Comment","target":["https:\/\/radioinfinitagoya.com.ar\/v1\/2026\/03\/18\/salud-municipal-avanza-en-un-reordenamiento-de-recursos-para-oprtimizarla-atencion-en-goya\/#respond"]}]},{"@type":"WebPage","@id":"https:\/\/radioinfinitagoya.com.ar\/v1\/2026\/03\/18\/salud-municipal-avanza-en-un-reordenamiento-de-recursos-para-oprtimizarla-atencion-en-goya\/","url":"https:\/\/radioinfinitagoya.com.ar\/v1\/2026\/03\/18\/salud-municipal-avanza-en-un-reordenamiento-de-recursos-para-oprtimizarla-atencion-en-goya\/","name":"Salud Municipal avanza en un reordenamiento de recursos para oprtimizarla atenci\u00f3n en Goya - Radio Infinita Goya","isPartOf":{"@id":"https:\/\/radioinfinitagoya.com.ar\/v1\/#website"},"primaryImageOfPage":{"@id":"https:\/\/radioinfinitagoya.com.ar\/v1\/2026\/03\/18\/salud-municipal-avanza-en-un-reordenamiento-de-recursos-para-oprtimizarla-atencion-en-goya\/#primaryimage"},"image":{"@id":"https:\/\/radioinfinitagoya.com.ar\/v1\/2026\/03\/18\/salud-municipal-avanza-en-un-reordenamiento-de-recursos-para-oprtimizarla-atencion-en-goya\/#primaryimage"},"thumbnailUrl":"https:\/\/radioinfinitagoya.com.ar\/v1\/wp-content\/uploads\/2026\/03\/dr._emilio_martin_0.jpg","datePublished":"2026-03-18T19:14:08+00:00","description":"El subsecretario de Atenci\u00f3n Primaria de la Salud, doctor Emilio Mart\u00ednez, explic\u00f3 que, ante el complejo contexto econ\u00f3mico y la reducci\u00f3n de recursos","breadcrumb":{"@id":"https:\/\/radioinfinitagoya.com.ar\/v1\/2026\/03\/18\/salud-municipal-avanza-en-un-reordenamiento-de-recursos-para-oprtimizarla-atencion-en-goya\/#breadcrumb"},"inLanguage":"es-AR","potentialAction":[{"@type":"ReadAction","target":["https:\/\/radioinfinitagoya.com.ar\/v1\/2026\/03\/18\/salud-municipal-avanza-en-un-reordenamiento-de-recursos-para-oprtimizarla-atencion-en-goya\/"]}]},{"@type":"ImageObject","inLanguage":"es-AR","@id":"https:\/\/radioinfinitagoya.com.ar\/v1\/2026\/03\/18\/salud-municipal-avanza-en-un-reordenamiento-de-recursos-para-oprtimizarla-atencion-en-goya\/#primaryimage","url":"https:\/\/radioinfinitagoya.com.ar\/v1\/wp-content\/uploads\/2026\/03\/dr._emilio_martin_0.jpg","contentUrl":"https:\/\/radioinfinitagoya.com.ar\/v1\/wp-content\/uploads\/2026\/03\/dr._emilio_martin_0.jpg","width":848,"height":477},{"@type":"BreadcrumbList","@id":"https:\/\/radioinfinitagoya.com.ar\/v1\/2026\/03\/18\/salud-municipal-avanza-en-un-reordenamiento-de-recursos-para-oprtimizarla-atencion-en-goya\/#breadcrumb","itemListElement":[{"@type":"ListItem","position":1,"name":"Inicio","item":"https:\/\/radioinfinitagoya.com.ar\/v1\/"},{"@type":"ListItem","position":2,"name":"Salud Municipal avanza en un reordenamiento de recursos para oprtimizarla atenci\u00f3n en Goya"}]},{"@type":"WebSite","@id":"https:\/\/radioinfinitagoya.com.ar\/v1\/#website","url":"https:\/\/radioinfinitagoya.com.ar\/v1\/","name":"radioinfinitagoya.com.ar","description":"Radio de noticias","publisher":{"@id":"https:\/\/radioinfinitagoya.com.ar\/v1\/#organization"},"potentialAction":[{"@type":"SearchAction","target":{"@type":"EntryPoint","urlTemplate":"https:\/\/radioinfinitagoya.com.ar\/v1\/?s={search_term_string}"},"query-input":{"@type":"PropertyValueSpecification","valueRequired":true,"valueName":"search_term_string"}}],"inLanguage":"es-AR"},{"@type":"Organization","@id":"https:\/\/radioinfinitagoya.com.ar\/v1\/#organization","name":"Radio Infinita Goya","url":"https:\/\/radioinfinitagoya.com.ar\/v1\/","logo":{"@type":"ImageObject","inLanguage":"es-AR","@id":"https:\/\/radioinfinitagoya.com.ar\/v1\/#\/schema\/logo\/image\/","url":"https:\/\/radioinfinitagoya.com.ar\/v1\/wp-content\/uploads\/2019\/11\/logo-pie-web.png","contentUrl":"https:\/\/radioinfinitagoya.com.ar\/v1\/wp-content\/uploads\/2019\/11\/logo-pie-web.png","width":635,"height":326,"caption":"Radio Infinita Goya"},"image":{"@id":"https:\/\/radioinfinitagoya.com.ar\/v1\/#\/schema\/logo\/image\/"},"sameAs":["https:\/\/www.facebook.com\/p\/Infinita-Goya-100063870918311\/"]},{"@type":"Person","@id":"https:\/\/radioinfinitagoya.com.ar\/v1\/#\/schema\/person\/d4cf9c413d4f6edb24aabdccab49ca4a","name":"Jorge Mi\u00f1o","image":{"@type":"ImageObject","inLanguage":"es-AR","@id":"https:\/\/secure.gravatar.com\/avatar\/910fcf6728fe95320e07a6643c1581fec1c7fc4bf8ae12e3d8f0d0373dc844be?s=96&d=mm&r=g","url":"https:\/\/secure.gravatar.com\/avatar\/910fcf6728fe95320e07a6643c1581fec1c7fc4bf8ae12e3d8f0d0373dc844be?s=96&d=mm&r=g","contentUrl":"https:\/\/secure.gravatar.com\/avatar\/910fcf6728fe95320e07a6643c1581fec1c7fc4bf8ae12e3d8f0d0373dc844be?s=96&d=mm&r=g","caption":"Jorge Mi\u00f1o"},"sameAs":["http:\/\/radioinfinitagoya.com.ar"]}]}},"_links":{"self":[{"href":"https:\/\/radioinfinitagoya.com.ar\/v1\/wp-json\/wp\/v2\/posts\/210437","targetHints":{"allow":["GET"]}}],"collection":[{"href":"https:\/\/radioinfinitagoya.com.ar\/v1\/wp-json\/wp\/v2\/posts"}],"about":[{"href":"https:\/\/radioinfinitagoya.com.ar\/v1\/wp-json\/wp\/v2\/types\/post"}],"author":[{"embeddable":true,"href":"https:\/\/radioinfinitagoya.com.ar\/v1\/wp-json\/wp\/v2\/users\/4"}],"replies":[{"embeddable":true,"href":"https:\/\/radioinfinitagoya.com.ar\/v1\/wp-json\/wp\/v2\/comments?post=210437"}],"version-history":[{"count":0,"href":"https:\/\/radioinfinitagoya.com.ar\/v1\/wp-json\/wp\/v2\/posts\/210437\/revisions"}],"wp:featuredmedia":[{"embeddable":true,"href":"https:\/\/radioinfinitagoya.com.ar\/v1\/wp-json\/wp\/v2\/media\/210438"}],"wp:attachment":[{"href":"https:\/\/radioinfinitagoya.com.ar\/v1\/wp-json\/wp\/v2\/media?parent=210437"}],"wp:term":[{"taxonomy":"category","embeddable":true,"href":"https:\/\/radioinfinitagoya.com.ar\/v1\/wp-json\/wp\/v2\/categories?post=210437"},{"taxonomy":"post_tag","embeddable":true,"href":"https:\/\/radioinfinitagoya.com.ar\/v1\/wp-json\/wp\/v2\/tags?post=210437"}],"curies":[{"name":"wp","href":"https:\/\/api.w.org\/{rel}","templated":true}]}}