{"id":210446,"date":"2026-03-18T16:24:25","date_gmt":"2026-03-18T19:24:25","guid":{"rendered":"https:\/\/radioinfinitagoya.com.ar\/v1\/?p=210446"},"modified":"2026-03-18T16:24:25","modified_gmt":"2026-03-18T19:24:25","slug":"caso-rose-condenaron-a-cuatro-policias-a-diez-anos-de-prision","status":"publish","type":"post","link":"https:\/\/radioinfinitagoya.com.ar\/v1\/2026\/03\/18\/caso-rose-condenaron-a-cuatro-policias-a-diez-anos-de-prision\/","title":{"rendered":"Caso Ros\u00e9: condenaron a cuatro polic\u00edas a diez a\u00f1os de prisi\u00f3n"},"content":{"rendered":"<p>El hecho ocurri\u00f3 en 2021 en la costanera sur de Corrientes. Otros dos imputados resultaron absueltos. Los fundamentos del fallo se conocer\u00e1n el 27 de marzo.<\/p>\n<p>El Tribunal Oral Penal N\u00b01 de Corrientes dict\u00f3 la Sentencia N\u00b041 y conden\u00f3 a cuatro funcionarios policiales a diez a\u00f1os de prisi\u00f3n por el delito de abandono de persona agravado por el resultado de muerte, en perjuicio de Lautaro Alexander Ros\u00e9<\/p>\n<p>La resoluci\u00f3n fue dada a conocer este mi\u00e9rcoles durante la audiencia en la que se ley\u00f3 la parte resolutiva del fallo.<\/p>\n<p>Condenas<br \/>\nEl Tribunal resolvi\u00f3 condenar como coautores a:<\/p>\n<p>Carlos Alberto Prieto<\/p>\n<p>Sergio Iv\u00e1n Barber\u00e1n Robledo<\/p>\n<p>Omar Guillermo Aguirre<\/p>\n<p>Maximiliano Leonel Romero<\/p>\n<p>La condena fue establecida en diez a\u00f1os de prisi\u00f3n por el delito previsto en el art\u00edculo 106 del C\u00f3digo Penal.<\/p>\n<p>Hasta que la sentencia quede firme, los condenados deber\u00e1n cumplir medidas de conducta, entre ellas fijar domicilio, presentarse mensualmente ante la Justicia y no salir de la provincia sin autorizaci\u00f3n.<\/p>\n<p>Absoluciones<\/p>\n<p>El Tribunal tambi\u00e9n dispuso la absoluci\u00f3n de Juan Daniel Aveiro, al considerar que exist\u00eda insuficiencia probatoria.<\/p>\n<p>Adem\u00e1s, todos los imputados fueron absueltos por los delitos de apremios ilegales e incumplimiento de los deberes de funcionario p\u00fablico, debido a la falta de acusaci\u00f3n fiscal.<\/p>\n<p>En el mismo sentido, fue absuelto Vicente Manuel Pruyas Su\u00e1rez, quien estaba acusado por incumplimiento de los deberes de funcionario p\u00fablico.<\/p>\n<p>Otros puntos del fallo<br \/>\nDurante la audiencia, el Tribunal rechaz\u00f3 un pedido de falso testimonio vinculado a Ismael Maximiliano Meza.<\/p>\n<p>Asimismo, se dispuso que los fundamentos de la sentencia se dar\u00e1n a conocer el 27 de marzo a las 12:30.<\/p>\n<p>El hecho<br \/>\nSeg\u00fan la reconstrucci\u00f3n judicial, la madrugada del 8 de noviembre de 2021, Lautaro y un grupo de amigos se encontraban en la zona de la costanera sur, cerca del predio del club Boca Unidos.<\/p>\n<p>Tras un llamado al 911 por disturbios, m\u00f3viles policiales acudieron al lugar. Registros de c\u00e1maras de seguridad y testimonios indican que los agentes realizaron un giro en \u201cU\u201d e iniciaron una persecuci\u00f3n contra los j\u00f3venes.<\/p>\n<p>En ese contexto, Lautaro, que no sab\u00eda nadar, se arroj\u00f3 a las aguas del r\u00edo Paran\u00e1.<\/p>\n<p>Testimonio y pruebas<\/p>\n<p>Un menor que acompa\u00f1aba a la v\u00edctima logr\u00f3 salir del agua y denunci\u00f3 haber sido golpeado y esposado por los efectivos, sin que su detenci\u00f3n fuera registrada oficialmente.<\/p>\n<p>Los informes m\u00e9dicos incorporados a la causa corroboraron las lesiones denunciadas. Adem\u00e1s, el testigo afirm\u00f3 que los agentes ignoraron los pedidos de auxilio de Lautaro y lo amenazaron para que no revelara lo sucedido.<\/p>\n<p>&nbsp;<\/p>\n","protected":false},"excerpt":{"rendered":"<p>El hecho ocurri\u00f3 en 2021 en la costanera sur de Corrientes. Otros dos imputados resultaron absueltos. Los fundamentos del fallo se conocer\u00e1n el 27 de marzo. El Tribunal Oral Penal N\u00b01 de Corrientes dict\u00f3 la Sentencia N\u00b041 y conden\u00f3 a cuatro funcionarios policiales a diez a\u00f1os de prisi\u00f3n por el delito de abandono de persona [&hellip;]<\/p>\n","protected":false},"author":4,"featured_media":210447,"comment_status":"open","ping_status":"open","sticky":false,"template":"","format":"standard","meta":{"_joinchat":[],"footnotes":""},"categories":[26],"tags":[],"class_list":{"0":"post-210446","1":"post","2":"type-post","3":"status-publish","4":"format-standard","5":"has-post-thumbnail","7":"category-provinciales"},"yoast_head":"<!-- This site is optimized with the Yoast SEO plugin v27.2 - https:\/\/yoast.com\/product\/yoast-seo-wordpress\/ -->\n<title>Caso Ros\u00e9: condenaron a cuatro polic\u00edas a diez a\u00f1os de prisi\u00f3n - Radio Infinita Goya<\/title>\n<meta name=\"description\" content=\"El hecho ocurri\u00f3 en 2021 en la costanera sur de Corrientes. Otros dos imputados resultaron absueltos. Los fundamentos del fallo se conocer\u00e1n el 27 de\" \/>\n<meta name=\"robots\" content=\"index, follow, max-snippet:-1, max-image-preview:large, max-video-preview:-1\" \/>\n<link rel=\"canonical\" href=\"https:\/\/radioinfinitagoya.com.ar\/v1\/2026\/03\/18\/caso-rose-condenaron-a-cuatro-policias-a-diez-anos-de-prision\/\" \/>\n<meta property=\"og:locale\" content=\"es_ES\" \/>\n<meta property=\"og:type\" content=\"article\" \/>\n<meta property=\"og:title\" content=\"Caso Ros\u00e9: condenaron a cuatro polic\u00edas a diez a\u00f1os de prisi\u00f3n - Radio Infinita Goya\" \/>\n<meta property=\"og:description\" content=\"El hecho ocurri\u00f3 en 2021 en la costanera sur de Corrientes. Otros dos imputados resultaron absueltos. Los fundamentos del fallo se conocer\u00e1n el 27 de\" \/>\n<meta property=\"og:url\" content=\"https:\/\/radioinfinitagoya.com.ar\/v1\/2026\/03\/18\/caso-rose-condenaron-a-cuatro-policias-a-diez-anos-de-prision\/\" \/>\n<meta property=\"og:site_name\" content=\"Radio Infinita Goya\" \/>\n<meta property=\"article:publisher\" content=\"https:\/\/www.facebook.com\/p\/Infinita-Goya-100063870918311\/\" \/>\n<meta property=\"article:published_time\" content=\"2026-03-18T19:24:25+00:00\" \/>\n<meta property=\"og:image\" content=\"https:\/\/radioinfinitagoya.com.ar\/v1\/wp-content\/uploads\/2026\/03\/1773835205549.webp\" \/>\n\t<meta property=\"og:image:width\" content=\"1200\" \/>\n\t<meta property=\"og:image:height\" content=\"675\" \/>\n\t<meta property=\"og:image:type\" content=\"image\/webp\" \/>\n<meta name=\"author\" content=\"Jorge Mi\u00f1o\" \/>\n<meta name=\"twitter:card\" content=\"summary_large_image\" \/>\n<meta name=\"twitter:label1\" content=\"Escrito por\" \/>\n\t<meta name=\"twitter:data1\" content=\"Jorge Mi\u00f1o\" \/>\n\t<meta name=\"twitter:label2\" content=\"Tiempo de lectura\" \/>\n\t<meta name=\"twitter:data2\" content=\"3 minutos\" \/>\n<script type=\"application\/ld+json\" class=\"yoast-schema-graph\">{\"@context\":\"https:\/\/schema.org\",\"@graph\":[{\"@type\":\"Article\",\"@id\":\"https:\/\/radioinfinitagoya.com.ar\/v1\/2026\/03\/18\/caso-rose-condenaron-a-cuatro-policias-a-diez-anos-de-prision\/#article\",\"isPartOf\":{\"@id\":\"https:\/\/radioinfinitagoya.com.ar\/v1\/2026\/03\/18\/caso-rose-condenaron-a-cuatro-policias-a-diez-anos-de-prision\/\"},\"author\":{\"name\":\"Jorge Mi\u00f1o\",\"@id\":\"https:\/\/radioinfinitagoya.com.ar\/v1\/#\/schema\/person\/d4cf9c413d4f6edb24aabdccab49ca4a\"},\"headline\":\"Caso Ros\u00e9: condenaron a cuatro polic\u00edas a diez a\u00f1os de prisi\u00f3n\",\"datePublished\":\"2026-03-18T19:24:25+00:00\",\"mainEntityOfPage\":{\"@id\":\"https:\/\/radioinfinitagoya.com.ar\/v1\/2026\/03\/18\/caso-rose-condenaron-a-cuatro-policias-a-diez-anos-de-prision\/\"},\"wordCount\":458,\"commentCount\":0,\"publisher\":{\"@id\":\"https:\/\/radioinfinitagoya.com.ar\/v1\/#organization\"},\"image\":{\"@id\":\"https:\/\/radioinfinitagoya.com.ar\/v1\/2026\/03\/18\/caso-rose-condenaron-a-cuatro-policias-a-diez-anos-de-prision\/#primaryimage\"},\"thumbnailUrl\":\"https:\/\/radioinfinitagoya.com.ar\/v1\/wp-content\/uploads\/2026\/03\/1773835205549.webp\",\"articleSection\":[\"PROVINCIALES\"],\"inLanguage\":\"es-AR\",\"potentialAction\":[{\"@type\":\"CommentAction\",\"name\":\"Comment\",\"target\":[\"https:\/\/radioinfinitagoya.com.ar\/v1\/2026\/03\/18\/caso-rose-condenaron-a-cuatro-policias-a-diez-anos-de-prision\/#respond\"]}]},{\"@type\":\"WebPage\",\"@id\":\"https:\/\/radioinfinitagoya.com.ar\/v1\/2026\/03\/18\/caso-rose-condenaron-a-cuatro-policias-a-diez-anos-de-prision\/\",\"url\":\"https:\/\/radioinfinitagoya.com.ar\/v1\/2026\/03\/18\/caso-rose-condenaron-a-cuatro-policias-a-diez-anos-de-prision\/\",\"name\":\"Caso Ros\u00e9: condenaron a cuatro polic\u00edas a diez a\u00f1os de prisi\u00f3n - Radio Infinita Goya\",\"isPartOf\":{\"@id\":\"https:\/\/radioinfinitagoya.com.ar\/v1\/#website\"},\"primaryImageOfPage\":{\"@id\":\"https:\/\/radioinfinitagoya.com.ar\/v1\/2026\/03\/18\/caso-rose-condenaron-a-cuatro-policias-a-diez-anos-de-prision\/#primaryimage\"},\"image\":{\"@id\":\"https:\/\/radioinfinitagoya.com.ar\/v1\/2026\/03\/18\/caso-rose-condenaron-a-cuatro-policias-a-diez-anos-de-prision\/#primaryimage\"},\"thumbnailUrl\":\"https:\/\/radioinfinitagoya.com.ar\/v1\/wp-content\/uploads\/2026\/03\/1773835205549.webp\",\"datePublished\":\"2026-03-18T19:24:25+00:00\",\"description\":\"El hecho ocurri\u00f3 en 2021 en la costanera sur de Corrientes. Otros dos imputados resultaron absueltos. Los fundamentos del fallo se conocer\u00e1n el 27 de\",\"breadcrumb\":{\"@id\":\"https:\/\/radioinfinitagoya.com.ar\/v1\/2026\/03\/18\/caso-rose-condenaron-a-cuatro-policias-a-diez-anos-de-prision\/#breadcrumb\"},\"inLanguage\":\"es-AR\",\"potentialAction\":[{\"@type\":\"ReadAction\",\"target\":[\"https:\/\/radioinfinitagoya.com.ar\/v1\/2026\/03\/18\/caso-rose-condenaron-a-cuatro-policias-a-diez-anos-de-prision\/\"]}]},{\"@type\":\"ImageObject\",\"inLanguage\":\"es-AR\",\"@id\":\"https:\/\/radioinfinitagoya.com.ar\/v1\/2026\/03\/18\/caso-rose-condenaron-a-cuatro-policias-a-diez-anos-de-prision\/#primaryimage\",\"url\":\"https:\/\/radioinfinitagoya.com.ar\/v1\/wp-content\/uploads\/2026\/03\/1773835205549.webp\",\"contentUrl\":\"https:\/\/radioinfinitagoya.com.ar\/v1\/wp-content\/uploads\/2026\/03\/1773835205549.webp\",\"width\":1200,\"height\":675},{\"@type\":\"BreadcrumbList\",\"@id\":\"https:\/\/radioinfinitagoya.com.ar\/v1\/2026\/03\/18\/caso-rose-condenaron-a-cuatro-policias-a-diez-anos-de-prision\/#breadcrumb\",\"itemListElement\":[{\"@type\":\"ListItem\",\"position\":1,\"name\":\"Inicio\",\"item\":\"https:\/\/radioinfinitagoya.com.ar\/v1\/\"},{\"@type\":\"ListItem\",\"position\":2,\"name\":\"Caso Ros\u00e9: condenaron a cuatro polic\u00edas a diez a\u00f1os de prisi\u00f3n\"}]},{\"@type\":\"WebSite\",\"@id\":\"https:\/\/radioinfinitagoya.com.ar\/v1\/#website\",\"url\":\"https:\/\/radioinfinitagoya.com.ar\/v1\/\",\"name\":\"radioinfinitagoya.com.ar\",\"description\":\"Radio de noticias\",\"publisher\":{\"@id\":\"https:\/\/radioinfinitagoya.com.ar\/v1\/#organization\"},\"potentialAction\":[{\"@type\":\"SearchAction\",\"target\":{\"@type\":\"EntryPoint\",\"urlTemplate\":\"https:\/\/radioinfinitagoya.com.ar\/v1\/?s={search_term_string}\"},\"query-input\":{\"@type\":\"PropertyValueSpecification\",\"valueRequired\":true,\"valueName\":\"search_term_string\"}}],\"inLanguage\":\"es-AR\"},{\"@type\":\"Organization\",\"@id\":\"https:\/\/radioinfinitagoya.com.ar\/v1\/#organization\",\"name\":\"Radio Infinita Goya\",\"url\":\"https:\/\/radioinfinitagoya.com.ar\/v1\/\",\"logo\":{\"@type\":\"ImageObject\",\"inLanguage\":\"es-AR\",\"@id\":\"https:\/\/radioinfinitagoya.com.ar\/v1\/#\/schema\/logo\/image\/\",\"url\":\"https:\/\/radioinfinitagoya.com.ar\/v1\/wp-content\/uploads\/2019\/11\/logo-pie-web.png\",\"contentUrl\":\"https:\/\/radioinfinitagoya.com.ar\/v1\/wp-content\/uploads\/2019\/11\/logo-pie-web.png\",\"width\":635,\"height\":326,\"caption\":\"Radio Infinita Goya\"},\"image\":{\"@id\":\"https:\/\/radioinfinitagoya.com.ar\/v1\/#\/schema\/logo\/image\/\"},\"sameAs\":[\"https:\/\/www.facebook.com\/p\/Infinita-Goya-100063870918311\/\"]},{\"@type\":\"Person\",\"@id\":\"https:\/\/radioinfinitagoya.com.ar\/v1\/#\/schema\/person\/d4cf9c413d4f6edb24aabdccab49ca4a\",\"name\":\"Jorge Mi\u00f1o\",\"image\":{\"@type\":\"ImageObject\",\"inLanguage\":\"es-AR\",\"@id\":\"https:\/\/secure.gravatar.com\/avatar\/910fcf6728fe95320e07a6643c1581fec1c7fc4bf8ae12e3d8f0d0373dc844be?s=96&d=mm&r=g\",\"url\":\"https:\/\/secure.gravatar.com\/avatar\/910fcf6728fe95320e07a6643c1581fec1c7fc4bf8ae12e3d8f0d0373dc844be?s=96&d=mm&r=g\",\"contentUrl\":\"https:\/\/secure.gravatar.com\/avatar\/910fcf6728fe95320e07a6643c1581fec1c7fc4bf8ae12e3d8f0d0373dc844be?s=96&d=mm&r=g\",\"caption\":\"Jorge Mi\u00f1o\"},\"sameAs\":[\"http:\/\/radioinfinitagoya.com.ar\"]}]}<\/script>\n<!-- \/ Yoast SEO plugin. -->","yoast_head_json":{"title":"Caso Ros\u00e9: condenaron a cuatro polic\u00edas a diez a\u00f1os de prisi\u00f3n - Radio Infinita Goya","description":"El hecho ocurri\u00f3 en 2021 en la costanera sur de Corrientes. Otros dos imputados resultaron absueltos. Los fundamentos del fallo se conocer\u00e1n el 27 de","robots":{"index":"index","follow":"follow","max-snippet":"max-snippet:-1","max-image-preview":"max-image-preview:large","max-video-preview":"max-video-preview:-1"},"canonical":"https:\/\/radioinfinitagoya.com.ar\/v1\/2026\/03\/18\/caso-rose-condenaron-a-cuatro-policias-a-diez-anos-de-prision\/","og_locale":"es_ES","og_type":"article","og_title":"Caso Ros\u00e9: condenaron a cuatro polic\u00edas a diez a\u00f1os de prisi\u00f3n - Radio Infinita Goya","og_description":"El hecho ocurri\u00f3 en 2021 en la costanera sur de Corrientes. Otros dos imputados resultaron absueltos. Los fundamentos del fallo se conocer\u00e1n el 27 de","og_url":"https:\/\/radioinfinitagoya.com.ar\/v1\/2026\/03\/18\/caso-rose-condenaron-a-cuatro-policias-a-diez-anos-de-prision\/","og_site_name":"Radio Infinita Goya","article_publisher":"https:\/\/www.facebook.com\/p\/Infinita-Goya-100063870918311\/","article_published_time":"2026-03-18T19:24:25+00:00","og_image":[{"width":1200,"height":675,"url":"https:\/\/radioinfinitagoya.com.ar\/v1\/wp-content\/uploads\/2026\/03\/1773835205549.webp","type":"image\/webp"}],"author":"Jorge Mi\u00f1o","twitter_card":"summary_large_image","twitter_misc":{"Escrito por":"Jorge Mi\u00f1o","Tiempo de lectura":"3 minutos"},"schema":{"@context":"https:\/\/schema.org","@graph":[{"@type":"Article","@id":"https:\/\/radioinfinitagoya.com.ar\/v1\/2026\/03\/18\/caso-rose-condenaron-a-cuatro-policias-a-diez-anos-de-prision\/#article","isPartOf":{"@id":"https:\/\/radioinfinitagoya.com.ar\/v1\/2026\/03\/18\/caso-rose-condenaron-a-cuatro-policias-a-diez-anos-de-prision\/"},"author":{"name":"Jorge Mi\u00f1o","@id":"https:\/\/radioinfinitagoya.com.ar\/v1\/#\/schema\/person\/d4cf9c413d4f6edb24aabdccab49ca4a"},"headline":"Caso Ros\u00e9: condenaron a cuatro polic\u00edas a diez a\u00f1os de prisi\u00f3n","datePublished":"2026-03-18T19:24:25+00:00","mainEntityOfPage":{"@id":"https:\/\/radioinfinitagoya.com.ar\/v1\/2026\/03\/18\/caso-rose-condenaron-a-cuatro-policias-a-diez-anos-de-prision\/"},"wordCount":458,"commentCount":0,"publisher":{"@id":"https:\/\/radioinfinitagoya.com.ar\/v1\/#organization"},"image":{"@id":"https:\/\/radioinfinitagoya.com.ar\/v1\/2026\/03\/18\/caso-rose-condenaron-a-cuatro-policias-a-diez-anos-de-prision\/#primaryimage"},"thumbnailUrl":"https:\/\/radioinfinitagoya.com.ar\/v1\/wp-content\/uploads\/2026\/03\/1773835205549.webp","articleSection":["PROVINCIALES"],"inLanguage":"es-AR","potentialAction":[{"@type":"CommentAction","name":"Comment","target":["https:\/\/radioinfinitagoya.com.ar\/v1\/2026\/03\/18\/caso-rose-condenaron-a-cuatro-policias-a-diez-anos-de-prision\/#respond"]}]},{"@type":"WebPage","@id":"https:\/\/radioinfinitagoya.com.ar\/v1\/2026\/03\/18\/caso-rose-condenaron-a-cuatro-policias-a-diez-anos-de-prision\/","url":"https:\/\/radioinfinitagoya.com.ar\/v1\/2026\/03\/18\/caso-rose-condenaron-a-cuatro-policias-a-diez-anos-de-prision\/","name":"Caso Ros\u00e9: condenaron a cuatro polic\u00edas a diez a\u00f1os de prisi\u00f3n - Radio Infinita Goya","isPartOf":{"@id":"https:\/\/radioinfinitagoya.com.ar\/v1\/#website"},"primaryImageOfPage":{"@id":"https:\/\/radioinfinitagoya.com.ar\/v1\/2026\/03\/18\/caso-rose-condenaron-a-cuatro-policias-a-diez-anos-de-prision\/#primaryimage"},"image":{"@id":"https:\/\/radioinfinitagoya.com.ar\/v1\/2026\/03\/18\/caso-rose-condenaron-a-cuatro-policias-a-diez-anos-de-prision\/#primaryimage"},"thumbnailUrl":"https:\/\/radioinfinitagoya.com.ar\/v1\/wp-content\/uploads\/2026\/03\/1773835205549.webp","datePublished":"2026-03-18T19:24:25+00:00","description":"El hecho ocurri\u00f3 en 2021 en la costanera sur de Corrientes. Otros dos imputados resultaron absueltos. Los fundamentos del fallo se conocer\u00e1n el 27 de","breadcrumb":{"@id":"https:\/\/radioinfinitagoya.com.ar\/v1\/2026\/03\/18\/caso-rose-condenaron-a-cuatro-policias-a-diez-anos-de-prision\/#breadcrumb"},"inLanguage":"es-AR","potentialAction":[{"@type":"ReadAction","target":["https:\/\/radioinfinitagoya.com.ar\/v1\/2026\/03\/18\/caso-rose-condenaron-a-cuatro-policias-a-diez-anos-de-prision\/"]}]},{"@type":"ImageObject","inLanguage":"es-AR","@id":"https:\/\/radioinfinitagoya.com.ar\/v1\/2026\/03\/18\/caso-rose-condenaron-a-cuatro-policias-a-diez-anos-de-prision\/#primaryimage","url":"https:\/\/radioinfinitagoya.com.ar\/v1\/wp-content\/uploads\/2026\/03\/1773835205549.webp","contentUrl":"https:\/\/radioinfinitagoya.com.ar\/v1\/wp-content\/uploads\/2026\/03\/1773835205549.webp","width":1200,"height":675},{"@type":"BreadcrumbList","@id":"https:\/\/radioinfinitagoya.com.ar\/v1\/2026\/03\/18\/caso-rose-condenaron-a-cuatro-policias-a-diez-anos-de-prision\/#breadcrumb","itemListElement":[{"@type":"ListItem","position":1,"name":"Inicio","item":"https:\/\/radioinfinitagoya.com.ar\/v1\/"},{"@type":"ListItem","position":2,"name":"Caso Ros\u00e9: condenaron a cuatro polic\u00edas a diez a\u00f1os de prisi\u00f3n"}]},{"@type":"WebSite","@id":"https:\/\/radioinfinitagoya.com.ar\/v1\/#website","url":"https:\/\/radioinfinitagoya.com.ar\/v1\/","name":"radioinfinitagoya.com.ar","description":"Radio de noticias","publisher":{"@id":"https:\/\/radioinfinitagoya.com.ar\/v1\/#organization"},"potentialAction":[{"@type":"SearchAction","target":{"@type":"EntryPoint","urlTemplate":"https:\/\/radioinfinitagoya.com.ar\/v1\/?s={search_term_string}"},"query-input":{"@type":"PropertyValueSpecification","valueRequired":true,"valueName":"search_term_string"}}],"inLanguage":"es-AR"},{"@type":"Organization","@id":"https:\/\/radioinfinitagoya.com.ar\/v1\/#organization","name":"Radio Infinita Goya","url":"https:\/\/radioinfinitagoya.com.ar\/v1\/","logo":{"@type":"ImageObject","inLanguage":"es-AR","@id":"https:\/\/radioinfinitagoya.com.ar\/v1\/#\/schema\/logo\/image\/","url":"https:\/\/radioinfinitagoya.com.ar\/v1\/wp-content\/uploads\/2019\/11\/logo-pie-web.png","contentUrl":"https:\/\/radioinfinitagoya.com.ar\/v1\/wp-content\/uploads\/2019\/11\/logo-pie-web.png","width":635,"height":326,"caption":"Radio Infinita Goya"},"image":{"@id":"https:\/\/radioinfinitagoya.com.ar\/v1\/#\/schema\/logo\/image\/"},"sameAs":["https:\/\/www.facebook.com\/p\/Infinita-Goya-100063870918311\/"]},{"@type":"Person","@id":"https:\/\/radioinfinitagoya.com.ar\/v1\/#\/schema\/person\/d4cf9c413d4f6edb24aabdccab49ca4a","name":"Jorge Mi\u00f1o","image":{"@type":"ImageObject","inLanguage":"es-AR","@id":"https:\/\/secure.gravatar.com\/avatar\/910fcf6728fe95320e07a6643c1581fec1c7fc4bf8ae12e3d8f0d0373dc844be?s=96&d=mm&r=g","url":"https:\/\/secure.gravatar.com\/avatar\/910fcf6728fe95320e07a6643c1581fec1c7fc4bf8ae12e3d8f0d0373dc844be?s=96&d=mm&r=g","contentUrl":"https:\/\/secure.gravatar.com\/avatar\/910fcf6728fe95320e07a6643c1581fec1c7fc4bf8ae12e3d8f0d0373dc844be?s=96&d=mm&r=g","caption":"Jorge Mi\u00f1o"},"sameAs":["http:\/\/radioinfinitagoya.com.ar"]}]}},"_links":{"self":[{"href":"https:\/\/radioinfinitagoya.com.ar\/v1\/wp-json\/wp\/v2\/posts\/210446","targetHints":{"allow":["GET"]}}],"collection":[{"href":"https:\/\/radioinfinitagoya.com.ar\/v1\/wp-json\/wp\/v2\/posts"}],"about":[{"href":"https:\/\/radioinfinitagoya.com.ar\/v1\/wp-json\/wp\/v2\/types\/post"}],"author":[{"embeddable":true,"href":"https:\/\/radioinfinitagoya.com.ar\/v1\/wp-json\/wp\/v2\/users\/4"}],"replies":[{"embeddable":true,"href":"https:\/\/radioinfinitagoya.com.ar\/v1\/wp-json\/wp\/v2\/comments?post=210446"}],"version-history":[{"count":0,"href":"https:\/\/radioinfinitagoya.com.ar\/v1\/wp-json\/wp\/v2\/posts\/210446\/revisions"}],"wp:featuredmedia":[{"embeddable":true,"href":"https:\/\/radioinfinitagoya.com.ar\/v1\/wp-json\/wp\/v2\/media\/210447"}],"wp:attachment":[{"href":"https:\/\/radioinfinitagoya.com.ar\/v1\/wp-json\/wp\/v2\/media?parent=210446"}],"wp:term":[{"taxonomy":"category","embeddable":true,"href":"https:\/\/radioinfinitagoya.com.ar\/v1\/wp-json\/wp\/v2\/categories?post=210446"},{"taxonomy":"post_tag","embeddable":true,"href":"https:\/\/radioinfinitagoya.com.ar\/v1\/wp-json\/wp\/v2\/tags?post=210446"}],"curies":[{"name":"wp","href":"https:\/\/api.w.org\/{rel}","templated":true}]}}