{"id":210449,"date":"2026-03-18T16:29:35","date_gmt":"2026-03-18T19:29:35","guid":{"rendered":"https:\/\/radioinfinitagoya.com.ar\/v1\/?p=210449"},"modified":"2026-03-18T16:29:35","modified_gmt":"2026-03-18T19:29:35","slug":"reestructuracion-en-la-policia-de-corrientes","status":"publish","type":"post","link":"https:\/\/radioinfinitagoya.com.ar\/v1\/2026\/03\/18\/reestructuracion-en-la-policia-de-corrientes\/","title":{"rendered":"Reestructuraci\u00f3n en la Polic\u00eda de Corrientes"},"content":{"rendered":"<p>Retiraron a cuatro comisarios mayores<\/p>\n<p>La decisi\u00f3n implic\u00f3 nuevas designaciones en \u00e1reas clave de la fuerza. El jefe y el subjefe contin\u00faan en funciones.<\/p>\n<p>La Polic\u00eda de Corrientes atraviesa una importante reestructuraci\u00f3n en su conducci\u00f3n, tras la decisi\u00f3n del gobernador Juan Pablo Vald\u00e9s de avanzar con cambios en la c\u00fapula policial<\/p>\n<p>La medida incluy\u00f3 el pase a retiro de cuatro comisarios generales, generando un recambio en puestos estrat\u00e9gicos dentro de la fuerza provincial.<\/p>\n<p>Qui\u00e9nes dejan sus cargos<br \/>\nDe acuerdo a lo dispuesto por el Ejecutivo provincial, fueron pasados a retiro:<\/p>\n<p>Comisario General V\u00edctor Garc\u00eda<\/p>\n<p>Comisario General Liliana Acosta<\/p>\n<p>Comisario General Claudio Balmaceda<\/p>\n<p>A estos movimientos se suma el retiro previo del Comisario General Javier Toledo, lo que dej\u00f3 vacante la Direcci\u00f3n General de Drogas Peligrosas.<\/p>\n<p>Nuevas designaciones en la Polic\u00eda<br \/>\nEn este marco, el Gobierno provincial design\u00f3 a los nuevos responsables en distintas \u00e1reas clave:<\/p>\n<p>Direcci\u00f3n General de Personal y Formaci\u00f3n Policial: Comisario General Diego Luis Sotelo Fern\u00e1ndez<\/p>\n<p>Direcci\u00f3n General de Asuntos Judiciales y Represi\u00f3n del Delito: Comisario General Sergio Fidel Aguilar<\/p>\n<p>Direcci\u00f3n General de Drogas Peligrosas y Crimen Organizado: Comisario General Jos\u00e9 Sena<\/p>\n<p>Direcci\u00f3n General de Grupos Especiales: Comisario General Roberto Ariel Hertler<\/p>\n<p>Por su parte, el jefe y subjefe de la Polic\u00eda de Corrientes contin\u00faan en funciones, en el marco de esta etapa de reorganizaci\u00f3n institucional.<\/p>\n<p>Acto oficial en Jefatura de Polic\u00eda<br \/>\nLos nuevos directores generales asumieron formalmente este 18 de marzo, durante un acto realizado en el patio central de la Jefatura de Polic\u00eda.<\/p>\n<p>La ceremonia fue encabezada por el gobernador Juan Pablo Vald\u00e9s, junto al ministro de Seguridad Ad\u00e1n Gaya, el jefe de Polic\u00eda Miguel \u00c1ngel Leguizam\u00f3n y dem\u00e1s autoridades provinciales.<\/p>\n<p>Durante el acto, se realiz\u00f3 una invocaci\u00f3n religiosa, se dio lectura a los decretos del Poder Ejecutivo y, posteriormente, el jefe de Polic\u00eda puso en funciones a los nuevos directores generales mediante la f\u00f3rmula de pr\u00e1ctica.<\/p>\n<p>El cierre estuvo a cargo del ministro de Seguridad y del propio gobernador, quienes destacaron la importancia de estos cambios para fortalecer el funcionamiento de la fuerza y optimizar la seguridad en la provincia.<\/p>\n","protected":false},"excerpt":{"rendered":"<p>Retiraron a cuatro comisarios mayores La decisi\u00f3n implic\u00f3 nuevas designaciones en \u00e1reas clave de la fuerza. El jefe y el subjefe contin\u00faan en funciones. La Polic\u00eda de Corrientes atraviesa una importante reestructuraci\u00f3n en su conducci\u00f3n, tras la decisi\u00f3n del gobernador Juan Pablo Vald\u00e9s de avanzar con cambios en la c\u00fapula policial La medida incluy\u00f3 el [&hellip;]<\/p>\n","protected":false},"author":4,"featured_media":210450,"comment_status":"open","ping_status":"open","sticky":false,"template":"","format":"standard","meta":{"_joinchat":[],"footnotes":""},"categories":[26],"tags":[],"class_list":{"0":"post-210449","1":"post","2":"type-post","3":"status-publish","4":"format-standard","5":"has-post-thumbnail","7":"category-provinciales"},"yoast_head":"<!-- This site is optimized with the Yoast SEO plugin v27.2 - https:\/\/yoast.com\/product\/yoast-seo-wordpress\/ -->\n<title>Reestructuraci\u00f3n en la Polic\u00eda de Corrientes - Radio Infinita Goya<\/title>\n<meta name=\"description\" content=\"Retiraron a cuatro comisarios mayores La decisi\u00f3n implic\u00f3 nuevas designaciones en \u00e1reas clave de la fuerza. El jefe y el subjefe contin\u00faan en funciones.\" \/>\n<meta name=\"robots\" content=\"index, follow, max-snippet:-1, max-image-preview:large, max-video-preview:-1\" \/>\n<link rel=\"canonical\" href=\"https:\/\/radioinfinitagoya.com.ar\/v1\/2026\/03\/18\/reestructuracion-en-la-policia-de-corrientes\/\" \/>\n<meta property=\"og:locale\" content=\"es_ES\" \/>\n<meta property=\"og:type\" content=\"article\" \/>\n<meta property=\"og:title\" content=\"Reestructuraci\u00f3n en la Polic\u00eda de Corrientes - Radio Infinita Goya\" \/>\n<meta property=\"og:description\" content=\"Retiraron a cuatro comisarios mayores La decisi\u00f3n implic\u00f3 nuevas designaciones en \u00e1reas clave de la fuerza. El jefe y el subjefe contin\u00faan en funciones.\" \/>\n<meta property=\"og:url\" content=\"https:\/\/radioinfinitagoya.com.ar\/v1\/2026\/03\/18\/reestructuracion-en-la-policia-de-corrientes\/\" \/>\n<meta property=\"og:site_name\" content=\"Radio Infinita Goya\" \/>\n<meta property=\"article:publisher\" content=\"https:\/\/www.facebook.com\/p\/Infinita-Goya-100063870918311\/\" \/>\n<meta property=\"article:published_time\" content=\"2026-03-18T19:29:35+00:00\" \/>\n<meta property=\"og:image\" content=\"https:\/\/radioinfinitagoya.com.ar\/v1\/wp-content\/uploads\/2026\/03\/HDtek4rWAAAc1vL.jpg\" \/>\n\t<meta property=\"og:image:width\" content=\"1024\" \/>\n\t<meta property=\"og:image:height\" content=\"682\" \/>\n\t<meta property=\"og:image:type\" content=\"image\/jpeg\" \/>\n<meta name=\"author\" content=\"Jorge Mi\u00f1o\" \/>\n<meta name=\"twitter:card\" content=\"summary_large_image\" \/>\n<meta name=\"twitter:label1\" content=\"Escrito por\" \/>\n\t<meta name=\"twitter:data1\" content=\"Jorge Mi\u00f1o\" \/>\n\t<meta name=\"twitter:label2\" content=\"Tiempo de lectura\" \/>\n\t<meta name=\"twitter:data2\" content=\"2 minutos\" \/>\n<script type=\"application\/ld+json\" class=\"yoast-schema-graph\">{\"@context\":\"https:\/\/schema.org\",\"@graph\":[{\"@type\":\"Article\",\"@id\":\"https:\/\/radioinfinitagoya.com.ar\/v1\/2026\/03\/18\/reestructuracion-en-la-policia-de-corrientes\/#article\",\"isPartOf\":{\"@id\":\"https:\/\/radioinfinitagoya.com.ar\/v1\/2026\/03\/18\/reestructuracion-en-la-policia-de-corrientes\/\"},\"author\":{\"name\":\"Jorge Mi\u00f1o\",\"@id\":\"https:\/\/radioinfinitagoya.com.ar\/v1\/#\/schema\/person\/d4cf9c413d4f6edb24aabdccab49ca4a\"},\"headline\":\"Reestructuraci\u00f3n en la Polic\u00eda de Corrientes\",\"datePublished\":\"2026-03-18T19:29:35+00:00\",\"mainEntityOfPage\":{\"@id\":\"https:\/\/radioinfinitagoya.com.ar\/v1\/2026\/03\/18\/reestructuracion-en-la-policia-de-corrientes\/\"},\"wordCount\":387,\"commentCount\":0,\"publisher\":{\"@id\":\"https:\/\/radioinfinitagoya.com.ar\/v1\/#organization\"},\"image\":{\"@id\":\"https:\/\/radioinfinitagoya.com.ar\/v1\/2026\/03\/18\/reestructuracion-en-la-policia-de-corrientes\/#primaryimage\"},\"thumbnailUrl\":\"https:\/\/radioinfinitagoya.com.ar\/v1\/wp-content\/uploads\/2026\/03\/HDtek4rWAAAc1vL.jpg\",\"articleSection\":[\"PROVINCIALES\"],\"inLanguage\":\"es-AR\",\"potentialAction\":[{\"@type\":\"CommentAction\",\"name\":\"Comment\",\"target\":[\"https:\/\/radioinfinitagoya.com.ar\/v1\/2026\/03\/18\/reestructuracion-en-la-policia-de-corrientes\/#respond\"]}]},{\"@type\":\"WebPage\",\"@id\":\"https:\/\/radioinfinitagoya.com.ar\/v1\/2026\/03\/18\/reestructuracion-en-la-policia-de-corrientes\/\",\"url\":\"https:\/\/radioinfinitagoya.com.ar\/v1\/2026\/03\/18\/reestructuracion-en-la-policia-de-corrientes\/\",\"name\":\"Reestructuraci\u00f3n en la Polic\u00eda de Corrientes - Radio Infinita Goya\",\"isPartOf\":{\"@id\":\"https:\/\/radioinfinitagoya.com.ar\/v1\/#website\"},\"primaryImageOfPage\":{\"@id\":\"https:\/\/radioinfinitagoya.com.ar\/v1\/2026\/03\/18\/reestructuracion-en-la-policia-de-corrientes\/#primaryimage\"},\"image\":{\"@id\":\"https:\/\/radioinfinitagoya.com.ar\/v1\/2026\/03\/18\/reestructuracion-en-la-policia-de-corrientes\/#primaryimage\"},\"thumbnailUrl\":\"https:\/\/radioinfinitagoya.com.ar\/v1\/wp-content\/uploads\/2026\/03\/HDtek4rWAAAc1vL.jpg\",\"datePublished\":\"2026-03-18T19:29:35+00:00\",\"description\":\"Retiraron a cuatro comisarios mayores La decisi\u00f3n implic\u00f3 nuevas designaciones en \u00e1reas clave de la fuerza. El jefe y el subjefe contin\u00faan en funciones.\",\"breadcrumb\":{\"@id\":\"https:\/\/radioinfinitagoya.com.ar\/v1\/2026\/03\/18\/reestructuracion-en-la-policia-de-corrientes\/#breadcrumb\"},\"inLanguage\":\"es-AR\",\"potentialAction\":[{\"@type\":\"ReadAction\",\"target\":[\"https:\/\/radioinfinitagoya.com.ar\/v1\/2026\/03\/18\/reestructuracion-en-la-policia-de-corrientes\/\"]}]},{\"@type\":\"ImageObject\",\"inLanguage\":\"es-AR\",\"@id\":\"https:\/\/radioinfinitagoya.com.ar\/v1\/2026\/03\/18\/reestructuracion-en-la-policia-de-corrientes\/#primaryimage\",\"url\":\"https:\/\/radioinfinitagoya.com.ar\/v1\/wp-content\/uploads\/2026\/03\/HDtek4rWAAAc1vL.jpg\",\"contentUrl\":\"https:\/\/radioinfinitagoya.com.ar\/v1\/wp-content\/uploads\/2026\/03\/HDtek4rWAAAc1vL.jpg\",\"width\":1024,\"height\":682},{\"@type\":\"BreadcrumbList\",\"@id\":\"https:\/\/radioinfinitagoya.com.ar\/v1\/2026\/03\/18\/reestructuracion-en-la-policia-de-corrientes\/#breadcrumb\",\"itemListElement\":[{\"@type\":\"ListItem\",\"position\":1,\"name\":\"Inicio\",\"item\":\"https:\/\/radioinfinitagoya.com.ar\/v1\/\"},{\"@type\":\"ListItem\",\"position\":2,\"name\":\"Reestructuraci\u00f3n en la Polic\u00eda de Corrientes\"}]},{\"@type\":\"WebSite\",\"@id\":\"https:\/\/radioinfinitagoya.com.ar\/v1\/#website\",\"url\":\"https:\/\/radioinfinitagoya.com.ar\/v1\/\",\"name\":\"radioinfinitagoya.com.ar\",\"description\":\"Radio de noticias\",\"publisher\":{\"@id\":\"https:\/\/radioinfinitagoya.com.ar\/v1\/#organization\"},\"potentialAction\":[{\"@type\":\"SearchAction\",\"target\":{\"@type\":\"EntryPoint\",\"urlTemplate\":\"https:\/\/radioinfinitagoya.com.ar\/v1\/?s={search_term_string}\"},\"query-input\":{\"@type\":\"PropertyValueSpecification\",\"valueRequired\":true,\"valueName\":\"search_term_string\"}}],\"inLanguage\":\"es-AR\"},{\"@type\":\"Organization\",\"@id\":\"https:\/\/radioinfinitagoya.com.ar\/v1\/#organization\",\"name\":\"Radio Infinita Goya\",\"url\":\"https:\/\/radioinfinitagoya.com.ar\/v1\/\",\"logo\":{\"@type\":\"ImageObject\",\"inLanguage\":\"es-AR\",\"@id\":\"https:\/\/radioinfinitagoya.com.ar\/v1\/#\/schema\/logo\/image\/\",\"url\":\"https:\/\/radioinfinitagoya.com.ar\/v1\/wp-content\/uploads\/2019\/11\/logo-pie-web.png\",\"contentUrl\":\"https:\/\/radioinfinitagoya.com.ar\/v1\/wp-content\/uploads\/2019\/11\/logo-pie-web.png\",\"width\":635,\"height\":326,\"caption\":\"Radio Infinita Goya\"},\"image\":{\"@id\":\"https:\/\/radioinfinitagoya.com.ar\/v1\/#\/schema\/logo\/image\/\"},\"sameAs\":[\"https:\/\/www.facebook.com\/p\/Infinita-Goya-100063870918311\/\"]},{\"@type\":\"Person\",\"@id\":\"https:\/\/radioinfinitagoya.com.ar\/v1\/#\/schema\/person\/d4cf9c413d4f6edb24aabdccab49ca4a\",\"name\":\"Jorge Mi\u00f1o\",\"image\":{\"@type\":\"ImageObject\",\"inLanguage\":\"es-AR\",\"@id\":\"https:\/\/secure.gravatar.com\/avatar\/910fcf6728fe95320e07a6643c1581fec1c7fc4bf8ae12e3d8f0d0373dc844be?s=96&d=mm&r=g\",\"url\":\"https:\/\/secure.gravatar.com\/avatar\/910fcf6728fe95320e07a6643c1581fec1c7fc4bf8ae12e3d8f0d0373dc844be?s=96&d=mm&r=g\",\"contentUrl\":\"https:\/\/secure.gravatar.com\/avatar\/910fcf6728fe95320e07a6643c1581fec1c7fc4bf8ae12e3d8f0d0373dc844be?s=96&d=mm&r=g\",\"caption\":\"Jorge Mi\u00f1o\"},\"sameAs\":[\"http:\/\/radioinfinitagoya.com.ar\"]}]}<\/script>\n<!-- \/ Yoast SEO plugin. -->","yoast_head_json":{"title":"Reestructuraci\u00f3n en la Polic\u00eda de Corrientes - Radio Infinita Goya","description":"Retiraron a cuatro comisarios mayores La decisi\u00f3n implic\u00f3 nuevas designaciones en \u00e1reas clave de la fuerza. El jefe y el subjefe contin\u00faan en funciones.","robots":{"index":"index","follow":"follow","max-snippet":"max-snippet:-1","max-image-preview":"max-image-preview:large","max-video-preview":"max-video-preview:-1"},"canonical":"https:\/\/radioinfinitagoya.com.ar\/v1\/2026\/03\/18\/reestructuracion-en-la-policia-de-corrientes\/","og_locale":"es_ES","og_type":"article","og_title":"Reestructuraci\u00f3n en la Polic\u00eda de Corrientes - Radio Infinita Goya","og_description":"Retiraron a cuatro comisarios mayores La decisi\u00f3n implic\u00f3 nuevas designaciones en \u00e1reas clave de la fuerza. El jefe y el subjefe contin\u00faan en funciones.","og_url":"https:\/\/radioinfinitagoya.com.ar\/v1\/2026\/03\/18\/reestructuracion-en-la-policia-de-corrientes\/","og_site_name":"Radio Infinita Goya","article_publisher":"https:\/\/www.facebook.com\/p\/Infinita-Goya-100063870918311\/","article_published_time":"2026-03-18T19:29:35+00:00","og_image":[{"width":1024,"height":682,"url":"https:\/\/radioinfinitagoya.com.ar\/v1\/wp-content\/uploads\/2026\/03\/HDtek4rWAAAc1vL.jpg","type":"image\/jpeg"}],"author":"Jorge Mi\u00f1o","twitter_card":"summary_large_image","twitter_misc":{"Escrito por":"Jorge Mi\u00f1o","Tiempo de lectura":"2 minutos"},"schema":{"@context":"https:\/\/schema.org","@graph":[{"@type":"Article","@id":"https:\/\/radioinfinitagoya.com.ar\/v1\/2026\/03\/18\/reestructuracion-en-la-policia-de-corrientes\/#article","isPartOf":{"@id":"https:\/\/radioinfinitagoya.com.ar\/v1\/2026\/03\/18\/reestructuracion-en-la-policia-de-corrientes\/"},"author":{"name":"Jorge Mi\u00f1o","@id":"https:\/\/radioinfinitagoya.com.ar\/v1\/#\/schema\/person\/d4cf9c413d4f6edb24aabdccab49ca4a"},"headline":"Reestructuraci\u00f3n en la Polic\u00eda de Corrientes","datePublished":"2026-03-18T19:29:35+00:00","mainEntityOfPage":{"@id":"https:\/\/radioinfinitagoya.com.ar\/v1\/2026\/03\/18\/reestructuracion-en-la-policia-de-corrientes\/"},"wordCount":387,"commentCount":0,"publisher":{"@id":"https:\/\/radioinfinitagoya.com.ar\/v1\/#organization"},"image":{"@id":"https:\/\/radioinfinitagoya.com.ar\/v1\/2026\/03\/18\/reestructuracion-en-la-policia-de-corrientes\/#primaryimage"},"thumbnailUrl":"https:\/\/radioinfinitagoya.com.ar\/v1\/wp-content\/uploads\/2026\/03\/HDtek4rWAAAc1vL.jpg","articleSection":["PROVINCIALES"],"inLanguage":"es-AR","potentialAction":[{"@type":"CommentAction","name":"Comment","target":["https:\/\/radioinfinitagoya.com.ar\/v1\/2026\/03\/18\/reestructuracion-en-la-policia-de-corrientes\/#respond"]}]},{"@type":"WebPage","@id":"https:\/\/radioinfinitagoya.com.ar\/v1\/2026\/03\/18\/reestructuracion-en-la-policia-de-corrientes\/","url":"https:\/\/radioinfinitagoya.com.ar\/v1\/2026\/03\/18\/reestructuracion-en-la-policia-de-corrientes\/","name":"Reestructuraci\u00f3n en la Polic\u00eda de Corrientes - Radio Infinita Goya","isPartOf":{"@id":"https:\/\/radioinfinitagoya.com.ar\/v1\/#website"},"primaryImageOfPage":{"@id":"https:\/\/radioinfinitagoya.com.ar\/v1\/2026\/03\/18\/reestructuracion-en-la-policia-de-corrientes\/#primaryimage"},"image":{"@id":"https:\/\/radioinfinitagoya.com.ar\/v1\/2026\/03\/18\/reestructuracion-en-la-policia-de-corrientes\/#primaryimage"},"thumbnailUrl":"https:\/\/radioinfinitagoya.com.ar\/v1\/wp-content\/uploads\/2026\/03\/HDtek4rWAAAc1vL.jpg","datePublished":"2026-03-18T19:29:35+00:00","description":"Retiraron a cuatro comisarios mayores La decisi\u00f3n implic\u00f3 nuevas designaciones en \u00e1reas clave de la fuerza. El jefe y el subjefe contin\u00faan en funciones.","breadcrumb":{"@id":"https:\/\/radioinfinitagoya.com.ar\/v1\/2026\/03\/18\/reestructuracion-en-la-policia-de-corrientes\/#breadcrumb"},"inLanguage":"es-AR","potentialAction":[{"@type":"ReadAction","target":["https:\/\/radioinfinitagoya.com.ar\/v1\/2026\/03\/18\/reestructuracion-en-la-policia-de-corrientes\/"]}]},{"@type":"ImageObject","inLanguage":"es-AR","@id":"https:\/\/radioinfinitagoya.com.ar\/v1\/2026\/03\/18\/reestructuracion-en-la-policia-de-corrientes\/#primaryimage","url":"https:\/\/radioinfinitagoya.com.ar\/v1\/wp-content\/uploads\/2026\/03\/HDtek4rWAAAc1vL.jpg","contentUrl":"https:\/\/radioinfinitagoya.com.ar\/v1\/wp-content\/uploads\/2026\/03\/HDtek4rWAAAc1vL.jpg","width":1024,"height":682},{"@type":"BreadcrumbList","@id":"https:\/\/radioinfinitagoya.com.ar\/v1\/2026\/03\/18\/reestructuracion-en-la-policia-de-corrientes\/#breadcrumb","itemListElement":[{"@type":"ListItem","position":1,"name":"Inicio","item":"https:\/\/radioinfinitagoya.com.ar\/v1\/"},{"@type":"ListItem","position":2,"name":"Reestructuraci\u00f3n en la Polic\u00eda de Corrientes"}]},{"@type":"WebSite","@id":"https:\/\/radioinfinitagoya.com.ar\/v1\/#website","url":"https:\/\/radioinfinitagoya.com.ar\/v1\/","name":"radioinfinitagoya.com.ar","description":"Radio de noticias","publisher":{"@id":"https:\/\/radioinfinitagoya.com.ar\/v1\/#organization"},"potentialAction":[{"@type":"SearchAction","target":{"@type":"EntryPoint","urlTemplate":"https:\/\/radioinfinitagoya.com.ar\/v1\/?s={search_term_string}"},"query-input":{"@type":"PropertyValueSpecification","valueRequired":true,"valueName":"search_term_string"}}],"inLanguage":"es-AR"},{"@type":"Organization","@id":"https:\/\/radioinfinitagoya.com.ar\/v1\/#organization","name":"Radio Infinita Goya","url":"https:\/\/radioinfinitagoya.com.ar\/v1\/","logo":{"@type":"ImageObject","inLanguage":"es-AR","@id":"https:\/\/radioinfinitagoya.com.ar\/v1\/#\/schema\/logo\/image\/","url":"https:\/\/radioinfinitagoya.com.ar\/v1\/wp-content\/uploads\/2019\/11\/logo-pie-web.png","contentUrl":"https:\/\/radioinfinitagoya.com.ar\/v1\/wp-content\/uploads\/2019\/11\/logo-pie-web.png","width":635,"height":326,"caption":"Radio Infinita Goya"},"image":{"@id":"https:\/\/radioinfinitagoya.com.ar\/v1\/#\/schema\/logo\/image\/"},"sameAs":["https:\/\/www.facebook.com\/p\/Infinita-Goya-100063870918311\/"]},{"@type":"Person","@id":"https:\/\/radioinfinitagoya.com.ar\/v1\/#\/schema\/person\/d4cf9c413d4f6edb24aabdccab49ca4a","name":"Jorge Mi\u00f1o","image":{"@type":"ImageObject","inLanguage":"es-AR","@id":"https:\/\/secure.gravatar.com\/avatar\/910fcf6728fe95320e07a6643c1581fec1c7fc4bf8ae12e3d8f0d0373dc844be?s=96&d=mm&r=g","url":"https:\/\/secure.gravatar.com\/avatar\/910fcf6728fe95320e07a6643c1581fec1c7fc4bf8ae12e3d8f0d0373dc844be?s=96&d=mm&r=g","contentUrl":"https:\/\/secure.gravatar.com\/avatar\/910fcf6728fe95320e07a6643c1581fec1c7fc4bf8ae12e3d8f0d0373dc844be?s=96&d=mm&r=g","caption":"Jorge Mi\u00f1o"},"sameAs":["http:\/\/radioinfinitagoya.com.ar"]}]}},"_links":{"self":[{"href":"https:\/\/radioinfinitagoya.com.ar\/v1\/wp-json\/wp\/v2\/posts\/210449","targetHints":{"allow":["GET"]}}],"collection":[{"href":"https:\/\/radioinfinitagoya.com.ar\/v1\/wp-json\/wp\/v2\/posts"}],"about":[{"href":"https:\/\/radioinfinitagoya.com.ar\/v1\/wp-json\/wp\/v2\/types\/post"}],"author":[{"embeddable":true,"href":"https:\/\/radioinfinitagoya.com.ar\/v1\/wp-json\/wp\/v2\/users\/4"}],"replies":[{"embeddable":true,"href":"https:\/\/radioinfinitagoya.com.ar\/v1\/wp-json\/wp\/v2\/comments?post=210449"}],"version-history":[{"count":0,"href":"https:\/\/radioinfinitagoya.com.ar\/v1\/wp-json\/wp\/v2\/posts\/210449\/revisions"}],"wp:featuredmedia":[{"embeddable":true,"href":"https:\/\/radioinfinitagoya.com.ar\/v1\/wp-json\/wp\/v2\/media\/210450"}],"wp:attachment":[{"href":"https:\/\/radioinfinitagoya.com.ar\/v1\/wp-json\/wp\/v2\/media?parent=210449"}],"wp:term":[{"taxonomy":"category","embeddable":true,"href":"https:\/\/radioinfinitagoya.com.ar\/v1\/wp-json\/wp\/v2\/categories?post=210449"},{"taxonomy":"post_tag","embeddable":true,"href":"https:\/\/radioinfinitagoya.com.ar\/v1\/wp-json\/wp\/v2\/tags?post=210449"}],"curies":[{"name":"wp","href":"https:\/\/api.w.org\/{rel}","templated":true}]}}