{"id":210452,"date":"2026-03-18T16:46:56","date_gmt":"2026-03-18T19:46:56","guid":{"rendered":"https:\/\/radioinfinitagoya.com.ar\/v1\/?p=210452"},"modified":"2026-03-18T16:46:56","modified_gmt":"2026-03-18T19:46:56","slug":"juan-p-valdes-anuncio-acto-por-malvinas-y-viaje-de-veteranos","status":"publish","type":"post","link":"https:\/\/radioinfinitagoya.com.ar\/v1\/2026\/03\/18\/juan-p-valdes-anuncio-acto-por-malvinas-y-viaje-de-veteranos\/","title":{"rendered":"Juan P Vald\u00e9s anunci\u00f3 acto por Malvinas y viaje de veteranos"},"content":{"rendered":"<p>El acto central ser\u00e1 el 1 de abril en Ituzaing\u00f3. Participar\u00e1n excombatientes y autoridades provinciales.<\/p>\n<p>El gobernador de Corrientes, Juan Pablo Vald\u00e9s, encabez\u00f3 el lanzamiento del acto central por el 44\u00b0 aniversario de la Gesta de Malvinas y confirm\u00f3 la realizaci\u00f3n de un nuevo viaje de excombatientes a las Islas.<\/p>\n<p>La actividad conmemorativa se realizar\u00e1 el 1 de abril a las 18 en la ciudad de Ituzaing\u00f3.<\/p>\n<p>Acto central en Ituzaing\u00f3<br \/>\nEl evento incluir\u00e1 un acto y desfile c\u00edvico militar, con epicentro en el cors\u00f3dromo de la localidad.<\/p>\n<p>Durante la presentaci\u00f3n, el mandatario destac\u00f3 el trabajo conjunto entre la Provincia, el Ministerio de Seguridad, los centros de excombatientes y el municipio anfitri\u00f3n.<\/p>\n<p><img loading=\"lazy\" decoding=\"async\" class=\"alignnone size-medium wp-image-210453\" src=\"https:\/\/radioinfinitagoya.com.ar\/v1\/wp-content\/uploads\/2026\/03\/1773847785783-300x200.jpeg\" alt=\"\" width=\"300\" height=\"200\" srcset=\"https:\/\/radioinfinitagoya.com.ar\/v1\/wp-content\/uploads\/2026\/03\/1773847785783-300x200.jpeg 300w, https:\/\/radioinfinitagoya.com.ar\/v1\/wp-content\/uploads\/2026\/03\/1773847785783-150x100.jpeg 150w, https:\/\/radioinfinitagoya.com.ar\/v1\/wp-content\/uploads\/2026\/03\/1773847785783-768x511.jpeg 768w, https:\/\/radioinfinitagoya.com.ar\/v1\/wp-content\/uploads\/2026\/03\/1773847785783-631x420.jpeg 631w, https:\/\/radioinfinitagoya.com.ar\/v1\/wp-content\/uploads\/2026\/03\/1773847785783-696x463.jpeg 696w, https:\/\/radioinfinitagoya.com.ar\/v1\/wp-content\/uploads\/2026\/03\/1773847785783.jpeg 807w\" sizes=\"auto, (max-width: 300px) 100vw, 300px\" \/><\/p>\n<p>S\u00e9ptimo viaje a las Islas Malvinas<\/p>\n<p>En la misma ocasi\u00f3n se anunci\u00f3 el s\u00e9ptimo viaje de excombatientes correntinos a las Islas Malvinas, previsto a partir del 10 de abril.<\/p>\n<p>El contingente estar\u00e1 integrado por 20 veteranos, quienes ser\u00e1n acompa\u00f1ados por dos periodistas y un coordinador.<\/p>\n<p>Desde el Gobierno provincial indicaron que el programa continuar\u00e1 con el objetivo de que todos los excombatientes puedan regresar a las Islas.<\/p>\n<p>Participaci\u00f3n de excombatientes<br \/>\nEl presidente del Centro de Excombatientes de Ituzaing\u00f3, Eudoro Barrios, expres\u00f3 su participaci\u00f3n en la organizaci\u00f3n del acto y valor\u00f3 el acompa\u00f1amiento del Gobierno provincial<\/p>\n<p>Adem\u00e1s, se inform\u00f3 que el 30 de marzo se proyectar\u00e1 una pel\u00edcula sobre uno de los viajes anteriores en el auditorio \u201cJuli\u00e1n Zini\u201d del Centro Administrativo.<\/p>\n<p>&#8220;Malvinas es una causa de Estado\u201d<\/p>\n<p>El ministro de Seguridad, Ad\u00e1n Gaya, sostuvo que \u201cMalvinas es una causa de estado para el Gobierno de Corrientes\u201d y destac\u00f3 el trabajo conjunto con los centros de excombatientes.<\/p>\n<p>Tambi\u00e9n remarc\u00f3 la importancia de concretar un nuevo viaje de veteranos a las Islas.<\/p>\n<p>Organizaci\u00f3n local<br \/>\nEl intendente de Ituzaing\u00f3, Emilio Nicol\u00e1s, expres\u00f3 su acompa\u00f1amiento y se\u00f1al\u00f3 que la ciudad se prepara para recibir el evento.<\/p>\n<p>En el lanzamiento participaron autoridades provinciales, legisladores, excombatientes y p\u00fablico en general.<\/p>\n<p>&nbsp;<\/p>\n","protected":false},"excerpt":{"rendered":"<p>El acto central ser\u00e1 el 1 de abril en Ituzaing\u00f3. Participar\u00e1n excombatientes y autoridades provinciales. El gobernador de Corrientes, Juan Pablo Vald\u00e9s, encabez\u00f3 el lanzamiento del acto central por el 44\u00b0 aniversario de la Gesta de Malvinas y confirm\u00f3 la realizaci\u00f3n de un nuevo viaje de excombatientes a las Islas. La actividad conmemorativa se realizar\u00e1 [&hellip;]<\/p>\n","protected":false},"author":4,"featured_media":210454,"comment_status":"open","ping_status":"open","sticky":false,"template":"","format":"standard","meta":{"_joinchat":[],"footnotes":""},"categories":[26],"tags":[],"class_list":{"0":"post-210452","1":"post","2":"type-post","3":"status-publish","4":"format-standard","5":"has-post-thumbnail","7":"category-provinciales"},"yoast_head":"<!-- This site is optimized with the Yoast SEO plugin v27.2 - https:\/\/yoast.com\/product\/yoast-seo-wordpress\/ -->\n<title>Juan P Vald\u00e9s anunci\u00f3 acto por Malvinas y viaje de veteranos - Radio Infinita Goya<\/title>\n<meta name=\"description\" content=\"El acto central ser\u00e1 el 1 de abril en Ituzaing\u00f3. Participar\u00e1n excombatientes y autoridades provinciales. El gobernador de Corrientes, Juan Pablo Vald\u00e9s,\" \/>\n<meta name=\"robots\" content=\"index, follow, max-snippet:-1, max-image-preview:large, max-video-preview:-1\" \/>\n<link rel=\"canonical\" href=\"https:\/\/radioinfinitagoya.com.ar\/v1\/2026\/03\/18\/juan-p-valdes-anuncio-acto-por-malvinas-y-viaje-de-veteranos\/\" \/>\n<meta property=\"og:locale\" content=\"es_ES\" \/>\n<meta property=\"og:type\" content=\"article\" \/>\n<meta property=\"og:title\" content=\"Juan P Vald\u00e9s anunci\u00f3 acto por Malvinas y viaje de veteranos - Radio Infinita Goya\" \/>\n<meta property=\"og:description\" content=\"El acto central ser\u00e1 el 1 de abril en Ituzaing\u00f3. Participar\u00e1n excombatientes y autoridades provinciales. El gobernador de Corrientes, Juan Pablo Vald\u00e9s,\" \/>\n<meta property=\"og:url\" content=\"https:\/\/radioinfinitagoya.com.ar\/v1\/2026\/03\/18\/juan-p-valdes-anuncio-acto-por-malvinas-y-viaje-de-veteranos\/\" \/>\n<meta property=\"og:site_name\" content=\"Radio Infinita Goya\" \/>\n<meta property=\"article:publisher\" content=\"https:\/\/www.facebook.com\/p\/Infinita-Goya-100063870918311\/\" \/>\n<meta property=\"article:published_time\" content=\"2026-03-18T19:46:56+00:00\" \/>\n<meta property=\"og:image\" content=\"https:\/\/radioinfinitagoya.com.ar\/v1\/wp-content\/uploads\/2026\/03\/1773847763165.webp\" \/>\n\t<meta property=\"og:image:width\" content=\"1200\" \/>\n\t<meta property=\"og:image:height\" content=\"675\" \/>\n\t<meta property=\"og:image:type\" content=\"image\/webp\" \/>\n<meta name=\"author\" content=\"Jorge Mi\u00f1o\" \/>\n<meta name=\"twitter:card\" content=\"summary_large_image\" \/>\n<meta name=\"twitter:label1\" content=\"Escrito por\" \/>\n\t<meta name=\"twitter:data1\" content=\"Jorge Mi\u00f1o\" \/>\n\t<meta name=\"twitter:label2\" content=\"Tiempo de lectura\" \/>\n\t<meta name=\"twitter:data2\" content=\"2 minutos\" \/>\n<script type=\"application\/ld+json\" class=\"yoast-schema-graph\">{\"@context\":\"https:\/\/schema.org\",\"@graph\":[{\"@type\":\"Article\",\"@id\":\"https:\/\/radioinfinitagoya.com.ar\/v1\/2026\/03\/18\/juan-p-valdes-anuncio-acto-por-malvinas-y-viaje-de-veteranos\/#article\",\"isPartOf\":{\"@id\":\"https:\/\/radioinfinitagoya.com.ar\/v1\/2026\/03\/18\/juan-p-valdes-anuncio-acto-por-malvinas-y-viaje-de-veteranos\/\"},\"author\":{\"name\":\"Jorge Mi\u00f1o\",\"@id\":\"https:\/\/radioinfinitagoya.com.ar\/v1\/#\/schema\/person\/d4cf9c413d4f6edb24aabdccab49ca4a\"},\"headline\":\"Juan P Vald\u00e9s anunci\u00f3 acto por Malvinas y viaje de veteranos\",\"datePublished\":\"2026-03-18T19:46:56+00:00\",\"mainEntityOfPage\":{\"@id\":\"https:\/\/radioinfinitagoya.com.ar\/v1\/2026\/03\/18\/juan-p-valdes-anuncio-acto-por-malvinas-y-viaje-de-veteranos\/\"},\"wordCount\":348,\"commentCount\":0,\"publisher\":{\"@id\":\"https:\/\/radioinfinitagoya.com.ar\/v1\/#organization\"},\"image\":{\"@id\":\"https:\/\/radioinfinitagoya.com.ar\/v1\/2026\/03\/18\/juan-p-valdes-anuncio-acto-por-malvinas-y-viaje-de-veteranos\/#primaryimage\"},\"thumbnailUrl\":\"https:\/\/radioinfinitagoya.com.ar\/v1\/wp-content\/uploads\/2026\/03\/1773847763165.webp\",\"articleSection\":[\"PROVINCIALES\"],\"inLanguage\":\"es-AR\",\"potentialAction\":[{\"@type\":\"CommentAction\",\"name\":\"Comment\",\"target\":[\"https:\/\/radioinfinitagoya.com.ar\/v1\/2026\/03\/18\/juan-p-valdes-anuncio-acto-por-malvinas-y-viaje-de-veteranos\/#respond\"]}]},{\"@type\":\"WebPage\",\"@id\":\"https:\/\/radioinfinitagoya.com.ar\/v1\/2026\/03\/18\/juan-p-valdes-anuncio-acto-por-malvinas-y-viaje-de-veteranos\/\",\"url\":\"https:\/\/radioinfinitagoya.com.ar\/v1\/2026\/03\/18\/juan-p-valdes-anuncio-acto-por-malvinas-y-viaje-de-veteranos\/\",\"name\":\"Juan P Vald\u00e9s anunci\u00f3 acto por Malvinas y viaje de veteranos - Radio Infinita Goya\",\"isPartOf\":{\"@id\":\"https:\/\/radioinfinitagoya.com.ar\/v1\/#website\"},\"primaryImageOfPage\":{\"@id\":\"https:\/\/radioinfinitagoya.com.ar\/v1\/2026\/03\/18\/juan-p-valdes-anuncio-acto-por-malvinas-y-viaje-de-veteranos\/#primaryimage\"},\"image\":{\"@id\":\"https:\/\/radioinfinitagoya.com.ar\/v1\/2026\/03\/18\/juan-p-valdes-anuncio-acto-por-malvinas-y-viaje-de-veteranos\/#primaryimage\"},\"thumbnailUrl\":\"https:\/\/radioinfinitagoya.com.ar\/v1\/wp-content\/uploads\/2026\/03\/1773847763165.webp\",\"datePublished\":\"2026-03-18T19:46:56+00:00\",\"description\":\"El acto central ser\u00e1 el 1 de abril en Ituzaing\u00f3. Participar\u00e1n excombatientes y autoridades provinciales. El gobernador de Corrientes, Juan Pablo Vald\u00e9s,\",\"breadcrumb\":{\"@id\":\"https:\/\/radioinfinitagoya.com.ar\/v1\/2026\/03\/18\/juan-p-valdes-anuncio-acto-por-malvinas-y-viaje-de-veteranos\/#breadcrumb\"},\"inLanguage\":\"es-AR\",\"potentialAction\":[{\"@type\":\"ReadAction\",\"target\":[\"https:\/\/radioinfinitagoya.com.ar\/v1\/2026\/03\/18\/juan-p-valdes-anuncio-acto-por-malvinas-y-viaje-de-veteranos\/\"]}]},{\"@type\":\"ImageObject\",\"inLanguage\":\"es-AR\",\"@id\":\"https:\/\/radioinfinitagoya.com.ar\/v1\/2026\/03\/18\/juan-p-valdes-anuncio-acto-por-malvinas-y-viaje-de-veteranos\/#primaryimage\",\"url\":\"https:\/\/radioinfinitagoya.com.ar\/v1\/wp-content\/uploads\/2026\/03\/1773847763165.webp\",\"contentUrl\":\"https:\/\/radioinfinitagoya.com.ar\/v1\/wp-content\/uploads\/2026\/03\/1773847763165.webp\",\"width\":1200,\"height\":675},{\"@type\":\"BreadcrumbList\",\"@id\":\"https:\/\/radioinfinitagoya.com.ar\/v1\/2026\/03\/18\/juan-p-valdes-anuncio-acto-por-malvinas-y-viaje-de-veteranos\/#breadcrumb\",\"itemListElement\":[{\"@type\":\"ListItem\",\"position\":1,\"name\":\"Inicio\",\"item\":\"https:\/\/radioinfinitagoya.com.ar\/v1\/\"},{\"@type\":\"ListItem\",\"position\":2,\"name\":\"Juan P Vald\u00e9s anunci\u00f3 acto por Malvinas y viaje de veteranos\"}]},{\"@type\":\"WebSite\",\"@id\":\"https:\/\/radioinfinitagoya.com.ar\/v1\/#website\",\"url\":\"https:\/\/radioinfinitagoya.com.ar\/v1\/\",\"name\":\"radioinfinitagoya.com.ar\",\"description\":\"Radio de noticias\",\"publisher\":{\"@id\":\"https:\/\/radioinfinitagoya.com.ar\/v1\/#organization\"},\"potentialAction\":[{\"@type\":\"SearchAction\",\"target\":{\"@type\":\"EntryPoint\",\"urlTemplate\":\"https:\/\/radioinfinitagoya.com.ar\/v1\/?s={search_term_string}\"},\"query-input\":{\"@type\":\"PropertyValueSpecification\",\"valueRequired\":true,\"valueName\":\"search_term_string\"}}],\"inLanguage\":\"es-AR\"},{\"@type\":\"Organization\",\"@id\":\"https:\/\/radioinfinitagoya.com.ar\/v1\/#organization\",\"name\":\"Radio Infinita Goya\",\"url\":\"https:\/\/radioinfinitagoya.com.ar\/v1\/\",\"logo\":{\"@type\":\"ImageObject\",\"inLanguage\":\"es-AR\",\"@id\":\"https:\/\/radioinfinitagoya.com.ar\/v1\/#\/schema\/logo\/image\/\",\"url\":\"https:\/\/radioinfinitagoya.com.ar\/v1\/wp-content\/uploads\/2019\/11\/logo-pie-web.png\",\"contentUrl\":\"https:\/\/radioinfinitagoya.com.ar\/v1\/wp-content\/uploads\/2019\/11\/logo-pie-web.png\",\"width\":635,\"height\":326,\"caption\":\"Radio Infinita Goya\"},\"image\":{\"@id\":\"https:\/\/radioinfinitagoya.com.ar\/v1\/#\/schema\/logo\/image\/\"},\"sameAs\":[\"https:\/\/www.facebook.com\/p\/Infinita-Goya-100063870918311\/\"]},{\"@type\":\"Person\",\"@id\":\"https:\/\/radioinfinitagoya.com.ar\/v1\/#\/schema\/person\/d4cf9c413d4f6edb24aabdccab49ca4a\",\"name\":\"Jorge Mi\u00f1o\",\"image\":{\"@type\":\"ImageObject\",\"inLanguage\":\"es-AR\",\"@id\":\"https:\/\/secure.gravatar.com\/avatar\/910fcf6728fe95320e07a6643c1581fec1c7fc4bf8ae12e3d8f0d0373dc844be?s=96&d=mm&r=g\",\"url\":\"https:\/\/secure.gravatar.com\/avatar\/910fcf6728fe95320e07a6643c1581fec1c7fc4bf8ae12e3d8f0d0373dc844be?s=96&d=mm&r=g\",\"contentUrl\":\"https:\/\/secure.gravatar.com\/avatar\/910fcf6728fe95320e07a6643c1581fec1c7fc4bf8ae12e3d8f0d0373dc844be?s=96&d=mm&r=g\",\"caption\":\"Jorge Mi\u00f1o\"},\"sameAs\":[\"http:\/\/radioinfinitagoya.com.ar\"]}]}<\/script>\n<!-- \/ Yoast SEO plugin. -->","yoast_head_json":{"title":"Juan P Vald\u00e9s anunci\u00f3 acto por Malvinas y viaje de veteranos - Radio Infinita Goya","description":"El acto central ser\u00e1 el 1 de abril en Ituzaing\u00f3. Participar\u00e1n excombatientes y autoridades provinciales. El gobernador de Corrientes, Juan Pablo Vald\u00e9s,","robots":{"index":"index","follow":"follow","max-snippet":"max-snippet:-1","max-image-preview":"max-image-preview:large","max-video-preview":"max-video-preview:-1"},"canonical":"https:\/\/radioinfinitagoya.com.ar\/v1\/2026\/03\/18\/juan-p-valdes-anuncio-acto-por-malvinas-y-viaje-de-veteranos\/","og_locale":"es_ES","og_type":"article","og_title":"Juan P Vald\u00e9s anunci\u00f3 acto por Malvinas y viaje de veteranos - Radio Infinita Goya","og_description":"El acto central ser\u00e1 el 1 de abril en Ituzaing\u00f3. Participar\u00e1n excombatientes y autoridades provinciales. El gobernador de Corrientes, Juan Pablo Vald\u00e9s,","og_url":"https:\/\/radioinfinitagoya.com.ar\/v1\/2026\/03\/18\/juan-p-valdes-anuncio-acto-por-malvinas-y-viaje-de-veteranos\/","og_site_name":"Radio Infinita Goya","article_publisher":"https:\/\/www.facebook.com\/p\/Infinita-Goya-100063870918311\/","article_published_time":"2026-03-18T19:46:56+00:00","og_image":[{"width":1200,"height":675,"url":"https:\/\/radioinfinitagoya.com.ar\/v1\/wp-content\/uploads\/2026\/03\/1773847763165.webp","type":"image\/webp"}],"author":"Jorge Mi\u00f1o","twitter_card":"summary_large_image","twitter_misc":{"Escrito por":"Jorge Mi\u00f1o","Tiempo de lectura":"2 minutos"},"schema":{"@context":"https:\/\/schema.org","@graph":[{"@type":"Article","@id":"https:\/\/radioinfinitagoya.com.ar\/v1\/2026\/03\/18\/juan-p-valdes-anuncio-acto-por-malvinas-y-viaje-de-veteranos\/#article","isPartOf":{"@id":"https:\/\/radioinfinitagoya.com.ar\/v1\/2026\/03\/18\/juan-p-valdes-anuncio-acto-por-malvinas-y-viaje-de-veteranos\/"},"author":{"name":"Jorge Mi\u00f1o","@id":"https:\/\/radioinfinitagoya.com.ar\/v1\/#\/schema\/person\/d4cf9c413d4f6edb24aabdccab49ca4a"},"headline":"Juan P Vald\u00e9s anunci\u00f3 acto por Malvinas y viaje de veteranos","datePublished":"2026-03-18T19:46:56+00:00","mainEntityOfPage":{"@id":"https:\/\/radioinfinitagoya.com.ar\/v1\/2026\/03\/18\/juan-p-valdes-anuncio-acto-por-malvinas-y-viaje-de-veteranos\/"},"wordCount":348,"commentCount":0,"publisher":{"@id":"https:\/\/radioinfinitagoya.com.ar\/v1\/#organization"},"image":{"@id":"https:\/\/radioinfinitagoya.com.ar\/v1\/2026\/03\/18\/juan-p-valdes-anuncio-acto-por-malvinas-y-viaje-de-veteranos\/#primaryimage"},"thumbnailUrl":"https:\/\/radioinfinitagoya.com.ar\/v1\/wp-content\/uploads\/2026\/03\/1773847763165.webp","articleSection":["PROVINCIALES"],"inLanguage":"es-AR","potentialAction":[{"@type":"CommentAction","name":"Comment","target":["https:\/\/radioinfinitagoya.com.ar\/v1\/2026\/03\/18\/juan-p-valdes-anuncio-acto-por-malvinas-y-viaje-de-veteranos\/#respond"]}]},{"@type":"WebPage","@id":"https:\/\/radioinfinitagoya.com.ar\/v1\/2026\/03\/18\/juan-p-valdes-anuncio-acto-por-malvinas-y-viaje-de-veteranos\/","url":"https:\/\/radioinfinitagoya.com.ar\/v1\/2026\/03\/18\/juan-p-valdes-anuncio-acto-por-malvinas-y-viaje-de-veteranos\/","name":"Juan P Vald\u00e9s anunci\u00f3 acto por Malvinas y viaje de veteranos - Radio Infinita Goya","isPartOf":{"@id":"https:\/\/radioinfinitagoya.com.ar\/v1\/#website"},"primaryImageOfPage":{"@id":"https:\/\/radioinfinitagoya.com.ar\/v1\/2026\/03\/18\/juan-p-valdes-anuncio-acto-por-malvinas-y-viaje-de-veteranos\/#primaryimage"},"image":{"@id":"https:\/\/radioinfinitagoya.com.ar\/v1\/2026\/03\/18\/juan-p-valdes-anuncio-acto-por-malvinas-y-viaje-de-veteranos\/#primaryimage"},"thumbnailUrl":"https:\/\/radioinfinitagoya.com.ar\/v1\/wp-content\/uploads\/2026\/03\/1773847763165.webp","datePublished":"2026-03-18T19:46:56+00:00","description":"El acto central ser\u00e1 el 1 de abril en Ituzaing\u00f3. Participar\u00e1n excombatientes y autoridades provinciales. El gobernador de Corrientes, Juan Pablo Vald\u00e9s,","breadcrumb":{"@id":"https:\/\/radioinfinitagoya.com.ar\/v1\/2026\/03\/18\/juan-p-valdes-anuncio-acto-por-malvinas-y-viaje-de-veteranos\/#breadcrumb"},"inLanguage":"es-AR","potentialAction":[{"@type":"ReadAction","target":["https:\/\/radioinfinitagoya.com.ar\/v1\/2026\/03\/18\/juan-p-valdes-anuncio-acto-por-malvinas-y-viaje-de-veteranos\/"]}]},{"@type":"ImageObject","inLanguage":"es-AR","@id":"https:\/\/radioinfinitagoya.com.ar\/v1\/2026\/03\/18\/juan-p-valdes-anuncio-acto-por-malvinas-y-viaje-de-veteranos\/#primaryimage","url":"https:\/\/radioinfinitagoya.com.ar\/v1\/wp-content\/uploads\/2026\/03\/1773847763165.webp","contentUrl":"https:\/\/radioinfinitagoya.com.ar\/v1\/wp-content\/uploads\/2026\/03\/1773847763165.webp","width":1200,"height":675},{"@type":"BreadcrumbList","@id":"https:\/\/radioinfinitagoya.com.ar\/v1\/2026\/03\/18\/juan-p-valdes-anuncio-acto-por-malvinas-y-viaje-de-veteranos\/#breadcrumb","itemListElement":[{"@type":"ListItem","position":1,"name":"Inicio","item":"https:\/\/radioinfinitagoya.com.ar\/v1\/"},{"@type":"ListItem","position":2,"name":"Juan P Vald\u00e9s anunci\u00f3 acto por Malvinas y viaje de veteranos"}]},{"@type":"WebSite","@id":"https:\/\/radioinfinitagoya.com.ar\/v1\/#website","url":"https:\/\/radioinfinitagoya.com.ar\/v1\/","name":"radioinfinitagoya.com.ar","description":"Radio de noticias","publisher":{"@id":"https:\/\/radioinfinitagoya.com.ar\/v1\/#organization"},"potentialAction":[{"@type":"SearchAction","target":{"@type":"EntryPoint","urlTemplate":"https:\/\/radioinfinitagoya.com.ar\/v1\/?s={search_term_string}"},"query-input":{"@type":"PropertyValueSpecification","valueRequired":true,"valueName":"search_term_string"}}],"inLanguage":"es-AR"},{"@type":"Organization","@id":"https:\/\/radioinfinitagoya.com.ar\/v1\/#organization","name":"Radio Infinita Goya","url":"https:\/\/radioinfinitagoya.com.ar\/v1\/","logo":{"@type":"ImageObject","inLanguage":"es-AR","@id":"https:\/\/radioinfinitagoya.com.ar\/v1\/#\/schema\/logo\/image\/","url":"https:\/\/radioinfinitagoya.com.ar\/v1\/wp-content\/uploads\/2019\/11\/logo-pie-web.png","contentUrl":"https:\/\/radioinfinitagoya.com.ar\/v1\/wp-content\/uploads\/2019\/11\/logo-pie-web.png","width":635,"height":326,"caption":"Radio Infinita Goya"},"image":{"@id":"https:\/\/radioinfinitagoya.com.ar\/v1\/#\/schema\/logo\/image\/"},"sameAs":["https:\/\/www.facebook.com\/p\/Infinita-Goya-100063870918311\/"]},{"@type":"Person","@id":"https:\/\/radioinfinitagoya.com.ar\/v1\/#\/schema\/person\/d4cf9c413d4f6edb24aabdccab49ca4a","name":"Jorge Mi\u00f1o","image":{"@type":"ImageObject","inLanguage":"es-AR","@id":"https:\/\/secure.gravatar.com\/avatar\/910fcf6728fe95320e07a6643c1581fec1c7fc4bf8ae12e3d8f0d0373dc844be?s=96&d=mm&r=g","url":"https:\/\/secure.gravatar.com\/avatar\/910fcf6728fe95320e07a6643c1581fec1c7fc4bf8ae12e3d8f0d0373dc844be?s=96&d=mm&r=g","contentUrl":"https:\/\/secure.gravatar.com\/avatar\/910fcf6728fe95320e07a6643c1581fec1c7fc4bf8ae12e3d8f0d0373dc844be?s=96&d=mm&r=g","caption":"Jorge Mi\u00f1o"},"sameAs":["http:\/\/radioinfinitagoya.com.ar"]}]}},"_links":{"self":[{"href":"https:\/\/radioinfinitagoya.com.ar\/v1\/wp-json\/wp\/v2\/posts\/210452","targetHints":{"allow":["GET"]}}],"collection":[{"href":"https:\/\/radioinfinitagoya.com.ar\/v1\/wp-json\/wp\/v2\/posts"}],"about":[{"href":"https:\/\/radioinfinitagoya.com.ar\/v1\/wp-json\/wp\/v2\/types\/post"}],"author":[{"embeddable":true,"href":"https:\/\/radioinfinitagoya.com.ar\/v1\/wp-json\/wp\/v2\/users\/4"}],"replies":[{"embeddable":true,"href":"https:\/\/radioinfinitagoya.com.ar\/v1\/wp-json\/wp\/v2\/comments?post=210452"}],"version-history":[{"count":0,"href":"https:\/\/radioinfinitagoya.com.ar\/v1\/wp-json\/wp\/v2\/posts\/210452\/revisions"}],"wp:featuredmedia":[{"embeddable":true,"href":"https:\/\/radioinfinitagoya.com.ar\/v1\/wp-json\/wp\/v2\/media\/210454"}],"wp:attachment":[{"href":"https:\/\/radioinfinitagoya.com.ar\/v1\/wp-json\/wp\/v2\/media?parent=210452"}],"wp:term":[{"taxonomy":"category","embeddable":true,"href":"https:\/\/radioinfinitagoya.com.ar\/v1\/wp-json\/wp\/v2\/categories?post=210452"},{"taxonomy":"post_tag","embeddable":true,"href":"https:\/\/radioinfinitagoya.com.ar\/v1\/wp-json\/wp\/v2\/tags?post=210452"}],"curies":[{"name":"wp","href":"https:\/\/api.w.org\/{rel}","templated":true}]}}