{"id":211487,"date":"2026-04-04T17:24:14","date_gmt":"2026-04-04T20:24:14","guid":{"rendered":"https:\/\/radioinfinitagoya.com.ar\/v1\/?p=211487"},"modified":"2026-04-04T17:24:14","modified_gmt":"2026-04-04T20:24:14","slug":"reforma-laboral-el-gobierno-acelera-la-reglamentacion-y-busca-oficializarla-en-abril","status":"publish","type":"post","link":"https:\/\/radioinfinitagoya.com.ar\/v1\/2026\/04\/04\/reforma-laboral-el-gobierno-acelera-la-reglamentacion-y-busca-oficializarla-en-abril\/","title":{"rendered":"Reforma laboral: el Gobierno acelera la reglamentaci\u00f3n y busca oficializarla en abril"},"content":{"rendered":"<p>El Ejecutivo avanza con el decreto reglamentario de la Ley 27.802 mientras enfrenta amparos judiciales que frenaron parte de su implementaci\u00f3n.<\/p>\n<p>El Gobierno nacional acelera la reglamentaci\u00f3n de la reforma laboral y apunta a oficializarla durante abril, en medio de presentaciones judiciales que limitaron su aplicaci\u00f3n. La Ley 27.802 fue sancionada por el Congreso el pasado 27 de febrero.<\/p>\n<p>Desde la Casa Rosada sostienen que no habr\u00e1 cambios de fondo en el contenido de la norma. Sin embargo, admiten que la reglamentaci\u00f3n buscar\u00e1 reforzar aspectos que quedaron bajo mayor cuestionamiento en la Justicia.<\/p>\n<p>La estrategia legal est\u00e1 coordinada entre la Procuraci\u00f3n del Tesoro y la Secretar\u00eda de Legal y T\u00e9cnica. El objetivo es concentrar las denuncias en el fuero Contencioso Administrativo y unificar los procesos para una defensa coordinada.<\/p>\n<p>En paralelo, el oficialismo prev\u00e9 que la discusi\u00f3n pueda escalar hasta la Corte Suprema. En ese marco, el decreto reglamentario es considerado una herramienta clave para sostener la implementaci\u00f3n de la reforma.<\/p>\n<p>El circuito administrativo involucra a distintas \u00e1reas del Estado, entre ellas Desregulaci\u00f3n, Econom\u00eda, Trabajo y la Agencia de Recaudaci\u00f3n y Control Aduanero (ARCA). Luego, la Secretar\u00eda de Legal y T\u00e9cnica centraliza los expedientes y define el texto final para su publicaci\u00f3n.<\/p>\n<p>La normativa asigna a ARCA funciones espec\u00edficas vinculadas a la registraci\u00f3n laboral y a obligaciones de seguridad social. Tambi\u00e9n remite a la reglamentaci\u00f3n aspectos como los sistemas de pago en prestaciones sin relaci\u00f3n de dependencia.<\/p>\n<p>Uno de los puntos en an\u00e1lisis es el Fondo de Asistencia Laboral, cuya implementaci\u00f3n figura entre las prioridades oficiales. Adem\u00e1s, se eval\u00faa la posibilidad de orientar esos recursos hacia instrumentos financieros, como colocaciones del Tesoro.<\/p>\n<p>El avance del decreto se da en paralelo a una estrategia m\u00e1s amplia sobre el fuero laboral. El Gobierno busca sostener el traspaso de competencias a la Ciudad de Buenos Aires como parte de un esquema para ordenar la disputa judicial.<\/p>\n<p>En el Ejecutivo consideran que la reglamentaci\u00f3n funcionar\u00e1 como un respaldo t\u00e9cnico en la aplicaci\u00f3n de la ley. Los principales ejes est\u00e1n puestos en su alcance sobre relaciones laborales vigentes y en los nuevos procedimientos establecidos.<\/p>\n<p>&nbsp;<\/p>\n","protected":false},"excerpt":{"rendered":"<p>El Ejecutivo avanza con el decreto reglamentario de la Ley 27.802 mientras enfrenta amparos judiciales que frenaron parte de su implementaci\u00f3n. El Gobierno nacional acelera la reglamentaci\u00f3n de la reforma laboral y apunta a oficializarla durante abril, en medio de presentaciones judiciales que limitaron su aplicaci\u00f3n. La Ley 27.802 fue sancionada por el Congreso el [&hellip;]<\/p>\n","protected":false},"author":4,"featured_media":211488,"comment_status":"open","ping_status":"open","sticky":false,"template":"","format":"standard","meta":{"_joinchat":[],"footnotes":""},"categories":[29],"tags":[],"class_list":{"0":"post-211487","1":"post","2":"type-post","3":"status-publish","4":"format-standard","5":"has-post-thumbnail","7":"category-nacionales"},"yoast_head":"<!-- This site is optimized with the Yoast SEO plugin v27.2 - https:\/\/yoast.com\/product\/yoast-seo-wordpress\/ -->\n<title>Reforma laboral: el Gobierno acelera la reglamentaci\u00f3n y busca oficializarla en abril - Radio Infinita Goya<\/title>\n<meta name=\"description\" content=\"El Ejecutivo avanza con el decreto reglamentario de la Ley 27.802 mientras enfrenta amparos judiciales que frenaron parte de su implementaci\u00f3n. El\" \/>\n<meta name=\"robots\" content=\"index, follow, max-snippet:-1, max-image-preview:large, max-video-preview:-1\" \/>\n<link rel=\"canonical\" href=\"https:\/\/radioinfinitagoya.com.ar\/v1\/2026\/04\/04\/reforma-laboral-el-gobierno-acelera-la-reglamentacion-y-busca-oficializarla-en-abril\/\" \/>\n<meta property=\"og:locale\" content=\"es_ES\" \/>\n<meta property=\"og:type\" content=\"article\" \/>\n<meta property=\"og:title\" content=\"Reforma laboral: el Gobierno acelera la reglamentaci\u00f3n y busca oficializarla en abril - Radio Infinita Goya\" \/>\n<meta property=\"og:description\" content=\"El Ejecutivo avanza con el decreto reglamentario de la Ley 27.802 mientras enfrenta amparos judiciales que frenaron parte de su implementaci\u00f3n. El\" \/>\n<meta property=\"og:url\" content=\"https:\/\/radioinfinitagoya.com.ar\/v1\/2026\/04\/04\/reforma-laboral-el-gobierno-acelera-la-reglamentacion-y-busca-oficializarla-en-abril\/\" \/>\n<meta property=\"og:site_name\" content=\"Radio Infinita Goya\" \/>\n<meta property=\"article:publisher\" content=\"https:\/\/www.facebook.com\/p\/Infinita-Goya-100063870918311\/\" \/>\n<meta property=\"article:published_time\" content=\"2026-04-04T20:24:14+00:00\" \/>\n<meta property=\"og:image\" content=\"https:\/\/radioinfinitagoya.com.ar\/v1\/wp-content\/uploads\/2026\/04\/HE2_FA7XMAE0lFt.jpg\" \/>\n\t<meta property=\"og:image:width\" content=\"680\" \/>\n\t<meta property=\"og:image:height\" content=\"383\" \/>\n\t<meta property=\"og:image:type\" content=\"image\/jpeg\" \/>\n<meta name=\"author\" content=\"Jorge Mi\u00f1o\" \/>\n<meta name=\"twitter:card\" content=\"summary_large_image\" \/>\n<meta name=\"twitter:label1\" content=\"Escrito por\" \/>\n\t<meta name=\"twitter:data1\" content=\"Jorge Mi\u00f1o\" \/>\n\t<meta name=\"twitter:label2\" content=\"Tiempo de lectura\" \/>\n\t<meta name=\"twitter:data2\" content=\"2 minutos\" \/>\n<script type=\"application\/ld+json\" class=\"yoast-schema-graph\">{\"@context\":\"https:\/\/schema.org\",\"@graph\":[{\"@type\":\"Article\",\"@id\":\"https:\/\/radioinfinitagoya.com.ar\/v1\/2026\/04\/04\/reforma-laboral-el-gobierno-acelera-la-reglamentacion-y-busca-oficializarla-en-abril\/#article\",\"isPartOf\":{\"@id\":\"https:\/\/radioinfinitagoya.com.ar\/v1\/2026\/04\/04\/reforma-laboral-el-gobierno-acelera-la-reglamentacion-y-busca-oficializarla-en-abril\/\"},\"author\":{\"name\":\"Jorge Mi\u00f1o\",\"@id\":\"https:\/\/radioinfinitagoya.com.ar\/v1\/#\/schema\/person\/d4cf9c413d4f6edb24aabdccab49ca4a\"},\"headline\":\"Reforma laboral: el Gobierno acelera la reglamentaci\u00f3n y busca oficializarla en abril\",\"datePublished\":\"2026-04-04T20:24:14+00:00\",\"mainEntityOfPage\":{\"@id\":\"https:\/\/radioinfinitagoya.com.ar\/v1\/2026\/04\/04\/reforma-laboral-el-gobierno-acelera-la-reglamentacion-y-busca-oficializarla-en-abril\/\"},\"wordCount\":389,\"commentCount\":0,\"publisher\":{\"@id\":\"https:\/\/radioinfinitagoya.com.ar\/v1\/#organization\"},\"image\":{\"@id\":\"https:\/\/radioinfinitagoya.com.ar\/v1\/2026\/04\/04\/reforma-laboral-el-gobierno-acelera-la-reglamentacion-y-busca-oficializarla-en-abril\/#primaryimage\"},\"thumbnailUrl\":\"https:\/\/radioinfinitagoya.com.ar\/v1\/wp-content\/uploads\/2026\/04\/HE2_FA7XMAE0lFt.jpg\",\"articleSection\":[\"NACIONALES\"],\"inLanguage\":\"es-AR\",\"potentialAction\":[{\"@type\":\"CommentAction\",\"name\":\"Comment\",\"target\":[\"https:\/\/radioinfinitagoya.com.ar\/v1\/2026\/04\/04\/reforma-laboral-el-gobierno-acelera-la-reglamentacion-y-busca-oficializarla-en-abril\/#respond\"]}]},{\"@type\":\"WebPage\",\"@id\":\"https:\/\/radioinfinitagoya.com.ar\/v1\/2026\/04\/04\/reforma-laboral-el-gobierno-acelera-la-reglamentacion-y-busca-oficializarla-en-abril\/\",\"url\":\"https:\/\/radioinfinitagoya.com.ar\/v1\/2026\/04\/04\/reforma-laboral-el-gobierno-acelera-la-reglamentacion-y-busca-oficializarla-en-abril\/\",\"name\":\"Reforma laboral: el Gobierno acelera la reglamentaci\u00f3n y busca oficializarla en abril - Radio Infinita Goya\",\"isPartOf\":{\"@id\":\"https:\/\/radioinfinitagoya.com.ar\/v1\/#website\"},\"primaryImageOfPage\":{\"@id\":\"https:\/\/radioinfinitagoya.com.ar\/v1\/2026\/04\/04\/reforma-laboral-el-gobierno-acelera-la-reglamentacion-y-busca-oficializarla-en-abril\/#primaryimage\"},\"image\":{\"@id\":\"https:\/\/radioinfinitagoya.com.ar\/v1\/2026\/04\/04\/reforma-laboral-el-gobierno-acelera-la-reglamentacion-y-busca-oficializarla-en-abril\/#primaryimage\"},\"thumbnailUrl\":\"https:\/\/radioinfinitagoya.com.ar\/v1\/wp-content\/uploads\/2026\/04\/HE2_FA7XMAE0lFt.jpg\",\"datePublished\":\"2026-04-04T20:24:14+00:00\",\"description\":\"El Ejecutivo avanza con el decreto reglamentario de la Ley 27.802 mientras enfrenta amparos judiciales que frenaron parte de su implementaci\u00f3n. El\",\"breadcrumb\":{\"@id\":\"https:\/\/radioinfinitagoya.com.ar\/v1\/2026\/04\/04\/reforma-laboral-el-gobierno-acelera-la-reglamentacion-y-busca-oficializarla-en-abril\/#breadcrumb\"},\"inLanguage\":\"es-AR\",\"potentialAction\":[{\"@type\":\"ReadAction\",\"target\":[\"https:\/\/radioinfinitagoya.com.ar\/v1\/2026\/04\/04\/reforma-laboral-el-gobierno-acelera-la-reglamentacion-y-busca-oficializarla-en-abril\/\"]}]},{\"@type\":\"ImageObject\",\"inLanguage\":\"es-AR\",\"@id\":\"https:\/\/radioinfinitagoya.com.ar\/v1\/2026\/04\/04\/reforma-laboral-el-gobierno-acelera-la-reglamentacion-y-busca-oficializarla-en-abril\/#primaryimage\",\"url\":\"https:\/\/radioinfinitagoya.com.ar\/v1\/wp-content\/uploads\/2026\/04\/HE2_FA7XMAE0lFt.jpg\",\"contentUrl\":\"https:\/\/radioinfinitagoya.com.ar\/v1\/wp-content\/uploads\/2026\/04\/HE2_FA7XMAE0lFt.jpg\",\"width\":680,\"height\":383},{\"@type\":\"BreadcrumbList\",\"@id\":\"https:\/\/radioinfinitagoya.com.ar\/v1\/2026\/04\/04\/reforma-laboral-el-gobierno-acelera-la-reglamentacion-y-busca-oficializarla-en-abril\/#breadcrumb\",\"itemListElement\":[{\"@type\":\"ListItem\",\"position\":1,\"name\":\"Inicio\",\"item\":\"https:\/\/radioinfinitagoya.com.ar\/v1\/\"},{\"@type\":\"ListItem\",\"position\":2,\"name\":\"Reforma laboral: el Gobierno acelera la reglamentaci\u00f3n y busca oficializarla en abril\"}]},{\"@type\":\"WebSite\",\"@id\":\"https:\/\/radioinfinitagoya.com.ar\/v1\/#website\",\"url\":\"https:\/\/radioinfinitagoya.com.ar\/v1\/\",\"name\":\"radioinfinitagoya.com.ar\",\"description\":\"Radio de noticias\",\"publisher\":{\"@id\":\"https:\/\/radioinfinitagoya.com.ar\/v1\/#organization\"},\"potentialAction\":[{\"@type\":\"SearchAction\",\"target\":{\"@type\":\"EntryPoint\",\"urlTemplate\":\"https:\/\/radioinfinitagoya.com.ar\/v1\/?s={search_term_string}\"},\"query-input\":{\"@type\":\"PropertyValueSpecification\",\"valueRequired\":true,\"valueName\":\"search_term_string\"}}],\"inLanguage\":\"es-AR\"},{\"@type\":\"Organization\",\"@id\":\"https:\/\/radioinfinitagoya.com.ar\/v1\/#organization\",\"name\":\"Radio Infinita Goya\",\"url\":\"https:\/\/radioinfinitagoya.com.ar\/v1\/\",\"logo\":{\"@type\":\"ImageObject\",\"inLanguage\":\"es-AR\",\"@id\":\"https:\/\/radioinfinitagoya.com.ar\/v1\/#\/schema\/logo\/image\/\",\"url\":\"https:\/\/radioinfinitagoya.com.ar\/v1\/wp-content\/uploads\/2019\/11\/logo-pie-web.png\",\"contentUrl\":\"https:\/\/radioinfinitagoya.com.ar\/v1\/wp-content\/uploads\/2019\/11\/logo-pie-web.png\",\"width\":635,\"height\":326,\"caption\":\"Radio Infinita Goya\"},\"image\":{\"@id\":\"https:\/\/radioinfinitagoya.com.ar\/v1\/#\/schema\/logo\/image\/\"},\"sameAs\":[\"https:\/\/www.facebook.com\/p\/Infinita-Goya-100063870918311\/\"]},{\"@type\":\"Person\",\"@id\":\"https:\/\/radioinfinitagoya.com.ar\/v1\/#\/schema\/person\/d4cf9c413d4f6edb24aabdccab49ca4a\",\"name\":\"Jorge Mi\u00f1o\",\"image\":{\"@type\":\"ImageObject\",\"inLanguage\":\"es-AR\",\"@id\":\"https:\/\/secure.gravatar.com\/avatar\/910fcf6728fe95320e07a6643c1581fec1c7fc4bf8ae12e3d8f0d0373dc844be?s=96&d=mm&r=g\",\"url\":\"https:\/\/secure.gravatar.com\/avatar\/910fcf6728fe95320e07a6643c1581fec1c7fc4bf8ae12e3d8f0d0373dc844be?s=96&d=mm&r=g\",\"contentUrl\":\"https:\/\/secure.gravatar.com\/avatar\/910fcf6728fe95320e07a6643c1581fec1c7fc4bf8ae12e3d8f0d0373dc844be?s=96&d=mm&r=g\",\"caption\":\"Jorge Mi\u00f1o\"},\"sameAs\":[\"http:\/\/radioinfinitagoya.com.ar\"]}]}<\/script>\n<!-- \/ Yoast SEO plugin. -->","yoast_head_json":{"title":"Reforma laboral: el Gobierno acelera la reglamentaci\u00f3n y busca oficializarla en abril - Radio Infinita Goya","description":"El Ejecutivo avanza con el decreto reglamentario de la Ley 27.802 mientras enfrenta amparos judiciales que frenaron parte de su implementaci\u00f3n. El","robots":{"index":"index","follow":"follow","max-snippet":"max-snippet:-1","max-image-preview":"max-image-preview:large","max-video-preview":"max-video-preview:-1"},"canonical":"https:\/\/radioinfinitagoya.com.ar\/v1\/2026\/04\/04\/reforma-laboral-el-gobierno-acelera-la-reglamentacion-y-busca-oficializarla-en-abril\/","og_locale":"es_ES","og_type":"article","og_title":"Reforma laboral: el Gobierno acelera la reglamentaci\u00f3n y busca oficializarla en abril - Radio Infinita Goya","og_description":"El Ejecutivo avanza con el decreto reglamentario de la Ley 27.802 mientras enfrenta amparos judiciales que frenaron parte de su implementaci\u00f3n. El","og_url":"https:\/\/radioinfinitagoya.com.ar\/v1\/2026\/04\/04\/reforma-laboral-el-gobierno-acelera-la-reglamentacion-y-busca-oficializarla-en-abril\/","og_site_name":"Radio Infinita Goya","article_publisher":"https:\/\/www.facebook.com\/p\/Infinita-Goya-100063870918311\/","article_published_time":"2026-04-04T20:24:14+00:00","og_image":[{"width":680,"height":383,"url":"https:\/\/radioinfinitagoya.com.ar\/v1\/wp-content\/uploads\/2026\/04\/HE2_FA7XMAE0lFt.jpg","type":"image\/jpeg"}],"author":"Jorge Mi\u00f1o","twitter_card":"summary_large_image","twitter_misc":{"Escrito por":"Jorge Mi\u00f1o","Tiempo de lectura":"2 minutos"},"schema":{"@context":"https:\/\/schema.org","@graph":[{"@type":"Article","@id":"https:\/\/radioinfinitagoya.com.ar\/v1\/2026\/04\/04\/reforma-laboral-el-gobierno-acelera-la-reglamentacion-y-busca-oficializarla-en-abril\/#article","isPartOf":{"@id":"https:\/\/radioinfinitagoya.com.ar\/v1\/2026\/04\/04\/reforma-laboral-el-gobierno-acelera-la-reglamentacion-y-busca-oficializarla-en-abril\/"},"author":{"name":"Jorge Mi\u00f1o","@id":"https:\/\/radioinfinitagoya.com.ar\/v1\/#\/schema\/person\/d4cf9c413d4f6edb24aabdccab49ca4a"},"headline":"Reforma laboral: el Gobierno acelera la reglamentaci\u00f3n y busca oficializarla en abril","datePublished":"2026-04-04T20:24:14+00:00","mainEntityOfPage":{"@id":"https:\/\/radioinfinitagoya.com.ar\/v1\/2026\/04\/04\/reforma-laboral-el-gobierno-acelera-la-reglamentacion-y-busca-oficializarla-en-abril\/"},"wordCount":389,"commentCount":0,"publisher":{"@id":"https:\/\/radioinfinitagoya.com.ar\/v1\/#organization"},"image":{"@id":"https:\/\/radioinfinitagoya.com.ar\/v1\/2026\/04\/04\/reforma-laboral-el-gobierno-acelera-la-reglamentacion-y-busca-oficializarla-en-abril\/#primaryimage"},"thumbnailUrl":"https:\/\/radioinfinitagoya.com.ar\/v1\/wp-content\/uploads\/2026\/04\/HE2_FA7XMAE0lFt.jpg","articleSection":["NACIONALES"],"inLanguage":"es-AR","potentialAction":[{"@type":"CommentAction","name":"Comment","target":["https:\/\/radioinfinitagoya.com.ar\/v1\/2026\/04\/04\/reforma-laboral-el-gobierno-acelera-la-reglamentacion-y-busca-oficializarla-en-abril\/#respond"]}]},{"@type":"WebPage","@id":"https:\/\/radioinfinitagoya.com.ar\/v1\/2026\/04\/04\/reforma-laboral-el-gobierno-acelera-la-reglamentacion-y-busca-oficializarla-en-abril\/","url":"https:\/\/radioinfinitagoya.com.ar\/v1\/2026\/04\/04\/reforma-laboral-el-gobierno-acelera-la-reglamentacion-y-busca-oficializarla-en-abril\/","name":"Reforma laboral: el Gobierno acelera la reglamentaci\u00f3n y busca oficializarla en abril - Radio Infinita Goya","isPartOf":{"@id":"https:\/\/radioinfinitagoya.com.ar\/v1\/#website"},"primaryImageOfPage":{"@id":"https:\/\/radioinfinitagoya.com.ar\/v1\/2026\/04\/04\/reforma-laboral-el-gobierno-acelera-la-reglamentacion-y-busca-oficializarla-en-abril\/#primaryimage"},"image":{"@id":"https:\/\/radioinfinitagoya.com.ar\/v1\/2026\/04\/04\/reforma-laboral-el-gobierno-acelera-la-reglamentacion-y-busca-oficializarla-en-abril\/#primaryimage"},"thumbnailUrl":"https:\/\/radioinfinitagoya.com.ar\/v1\/wp-content\/uploads\/2026\/04\/HE2_FA7XMAE0lFt.jpg","datePublished":"2026-04-04T20:24:14+00:00","description":"El Ejecutivo avanza con el decreto reglamentario de la Ley 27.802 mientras enfrenta amparos judiciales que frenaron parte de su implementaci\u00f3n. El","breadcrumb":{"@id":"https:\/\/radioinfinitagoya.com.ar\/v1\/2026\/04\/04\/reforma-laboral-el-gobierno-acelera-la-reglamentacion-y-busca-oficializarla-en-abril\/#breadcrumb"},"inLanguage":"es-AR","potentialAction":[{"@type":"ReadAction","target":["https:\/\/radioinfinitagoya.com.ar\/v1\/2026\/04\/04\/reforma-laboral-el-gobierno-acelera-la-reglamentacion-y-busca-oficializarla-en-abril\/"]}]},{"@type":"ImageObject","inLanguage":"es-AR","@id":"https:\/\/radioinfinitagoya.com.ar\/v1\/2026\/04\/04\/reforma-laboral-el-gobierno-acelera-la-reglamentacion-y-busca-oficializarla-en-abril\/#primaryimage","url":"https:\/\/radioinfinitagoya.com.ar\/v1\/wp-content\/uploads\/2026\/04\/HE2_FA7XMAE0lFt.jpg","contentUrl":"https:\/\/radioinfinitagoya.com.ar\/v1\/wp-content\/uploads\/2026\/04\/HE2_FA7XMAE0lFt.jpg","width":680,"height":383},{"@type":"BreadcrumbList","@id":"https:\/\/radioinfinitagoya.com.ar\/v1\/2026\/04\/04\/reforma-laboral-el-gobierno-acelera-la-reglamentacion-y-busca-oficializarla-en-abril\/#breadcrumb","itemListElement":[{"@type":"ListItem","position":1,"name":"Inicio","item":"https:\/\/radioinfinitagoya.com.ar\/v1\/"},{"@type":"ListItem","position":2,"name":"Reforma laboral: el Gobierno acelera la reglamentaci\u00f3n y busca oficializarla en abril"}]},{"@type":"WebSite","@id":"https:\/\/radioinfinitagoya.com.ar\/v1\/#website","url":"https:\/\/radioinfinitagoya.com.ar\/v1\/","name":"radioinfinitagoya.com.ar","description":"Radio de noticias","publisher":{"@id":"https:\/\/radioinfinitagoya.com.ar\/v1\/#organization"},"potentialAction":[{"@type":"SearchAction","target":{"@type":"EntryPoint","urlTemplate":"https:\/\/radioinfinitagoya.com.ar\/v1\/?s={search_term_string}"},"query-input":{"@type":"PropertyValueSpecification","valueRequired":true,"valueName":"search_term_string"}}],"inLanguage":"es-AR"},{"@type":"Organization","@id":"https:\/\/radioinfinitagoya.com.ar\/v1\/#organization","name":"Radio Infinita Goya","url":"https:\/\/radioinfinitagoya.com.ar\/v1\/","logo":{"@type":"ImageObject","inLanguage":"es-AR","@id":"https:\/\/radioinfinitagoya.com.ar\/v1\/#\/schema\/logo\/image\/","url":"https:\/\/radioinfinitagoya.com.ar\/v1\/wp-content\/uploads\/2019\/11\/logo-pie-web.png","contentUrl":"https:\/\/radioinfinitagoya.com.ar\/v1\/wp-content\/uploads\/2019\/11\/logo-pie-web.png","width":635,"height":326,"caption":"Radio Infinita Goya"},"image":{"@id":"https:\/\/radioinfinitagoya.com.ar\/v1\/#\/schema\/logo\/image\/"},"sameAs":["https:\/\/www.facebook.com\/p\/Infinita-Goya-100063870918311\/"]},{"@type":"Person","@id":"https:\/\/radioinfinitagoya.com.ar\/v1\/#\/schema\/person\/d4cf9c413d4f6edb24aabdccab49ca4a","name":"Jorge Mi\u00f1o","image":{"@type":"ImageObject","inLanguage":"es-AR","@id":"https:\/\/secure.gravatar.com\/avatar\/910fcf6728fe95320e07a6643c1581fec1c7fc4bf8ae12e3d8f0d0373dc844be?s=96&d=mm&r=g","url":"https:\/\/secure.gravatar.com\/avatar\/910fcf6728fe95320e07a6643c1581fec1c7fc4bf8ae12e3d8f0d0373dc844be?s=96&d=mm&r=g","contentUrl":"https:\/\/secure.gravatar.com\/avatar\/910fcf6728fe95320e07a6643c1581fec1c7fc4bf8ae12e3d8f0d0373dc844be?s=96&d=mm&r=g","caption":"Jorge Mi\u00f1o"},"sameAs":["http:\/\/radioinfinitagoya.com.ar"]}]}},"_links":{"self":[{"href":"https:\/\/radioinfinitagoya.com.ar\/v1\/wp-json\/wp\/v2\/posts\/211487","targetHints":{"allow":["GET"]}}],"collection":[{"href":"https:\/\/radioinfinitagoya.com.ar\/v1\/wp-json\/wp\/v2\/posts"}],"about":[{"href":"https:\/\/radioinfinitagoya.com.ar\/v1\/wp-json\/wp\/v2\/types\/post"}],"author":[{"embeddable":true,"href":"https:\/\/radioinfinitagoya.com.ar\/v1\/wp-json\/wp\/v2\/users\/4"}],"replies":[{"embeddable":true,"href":"https:\/\/radioinfinitagoya.com.ar\/v1\/wp-json\/wp\/v2\/comments?post=211487"}],"version-history":[{"count":0,"href":"https:\/\/radioinfinitagoya.com.ar\/v1\/wp-json\/wp\/v2\/posts\/211487\/revisions"}],"wp:featuredmedia":[{"embeddable":true,"href":"https:\/\/radioinfinitagoya.com.ar\/v1\/wp-json\/wp\/v2\/media\/211488"}],"wp:attachment":[{"href":"https:\/\/radioinfinitagoya.com.ar\/v1\/wp-json\/wp\/v2\/media?parent=211487"}],"wp:term":[{"taxonomy":"category","embeddable":true,"href":"https:\/\/radioinfinitagoya.com.ar\/v1\/wp-json\/wp\/v2\/categories?post=211487"},{"taxonomy":"post_tag","embeddable":true,"href":"https:\/\/radioinfinitagoya.com.ar\/v1\/wp-json\/wp\/v2\/tags?post=211487"}],"curies":[{"name":"wp","href":"https:\/\/api.w.org\/{rel}","templated":true}]}}