{"id":211493,"date":"2026-04-04T17:35:58","date_gmt":"2026-04-04T20:35:58","guid":{"rendered":"https:\/\/radioinfinitagoya.com.ar\/v1\/?p=211493"},"modified":"2026-04-04T17:35:58","modified_gmt":"2026-04-04T20:35:58","slug":"el-mallorca-de-martin-demichelis-le-gano-de-manera-agonica-al-real-madrid","status":"publish","type":"post","link":"https:\/\/radioinfinitagoya.com.ar\/v1\/2026\/04\/04\/el-mallorca-de-martin-demichelis-le-gano-de-manera-agonica-al-real-madrid\/","title":{"rendered":"El Mallorca de Mart\u00edn Demichelis le gan\u00f3 de manera ag\u00f3nica al Real Madrid"},"content":{"rendered":"<p>Y sali\u00f3 de la zona de descenso<\/p>\n<p>Con un tanto de Muriqi sobre la hora, los conducidos por el director t\u00e9cnico argentino se impusieron por 2-1 ante los de la Casa Blanca<\/p>\n<p>El Mallorca, dirigido por Mart\u00edn Demichelis, consigui\u00f3 una victoria ag\u00f3nica por 2-1 ante el Real Madrid en el estadio Son Moix, resultado que le permite salir de la zona de descenso en La Liga. Morlanes y Muriqui, los autores de los goles para el conjunto local (Militao marc\u00f3 el empate transitorio). El arquero Leo Rom\u00e1n, la gran figura del encuentro.<\/p>\n<p>El conjunto balear abri\u00f3 el marcador cerca del final del primer tiempo. Manu Morlanes recibi\u00f3 un centro preciso de Pablo Maffeo y defini\u00f3 ante la salida de Andriy Lunin para poner en ventaja al equipo local. La jugada, que descoloc\u00f3 a la defensa madridista, se tradujo en celebraciones tanto en el campo como en la banca, donde Demichelis abraz\u00f3 al autor del tanto.<\/p>\n<p>Durante la segunda mitad, el Real Madrid increment\u00f3 la presi\u00f3n y gener\u00f3 varias ocasiones de peligro. Kylian Mbapp\u00e9 y Vin\u00edcius Junior encabezaron los ataques del equipo dirigido por \u00c1lvaro Arbeloa, pero el arquero Leo Rom\u00e1n sostuvo la ventaja local con intervenciones clave.<\/p>\n<p>A pesar de los esfuerzos defensivos del Mallorca, el equipo visitante logr\u00f3 igualar el marcador a pocos minutos del final. En el minuto 88, Eder Militao conect\u00f3 de cabeza un tiro de esquina ejecutado por Trent Alexander-Arnold, enviando el bal\u00f3n al fondo de la red y silenciando moment\u00e1neamente el estadio Son Moix.<\/p>\n<p>Cuando el empate parec\u00eda definitivo, el Mallorca encontr\u00f3 un \u00faltimo impulso en tiempo de descuento. En una r\u00e1pida transici\u00f3n ofensiva, Mateo Joseph avanz\u00f3 por el costado y asisti\u00f3 a Vedat Muriqi, quien control\u00f3 el bal\u00f3n dentro del \u00e1rea y defini\u00f3 con la pierna derecha, superando nuevamente a Lunin. El segundo gol local desat\u00f3 la emoci\u00f3n entre los aficionados y provoc\u00f3 l\u00e1grimas de alegr\u00eda en el delantero kosovar, que celebr\u00f3 con sus compa\u00f1eros y el cuerpo t\u00e9cnico.<\/p>\n<p>La victoria tiene consecuencias importantes para la clasificaci\u00f3n. El Mallorca, que se encontraba en puestos de descenso antes del inicio de la jornada, asciende posiciones y toma ox\u00edgeno en la lucha por la permanencia. El resultado representa un alivio para Demichelis y refuerza la confianza del plantel en la recta final del campeonato. Con 31 unidades super\u00f3 la l\u00ednea de Elche (29) y Levante (26) y alcanz\u00f3 a Alav\u00e9s y Sevilla. Adem\u00e1s, qued\u00f3 a s\u00f3lo tres de Girona.<\/p>\n<p>Por su parte, el Real Madrid sufre un rev\u00e9s inesperado en su objetivo de mantenerse en la pelea por el t\u00edtulo. A pesar de haber dominado la posesi\u00f3n y generado m\u00e1s oportunidades, el equipo merengue se vio superado en momentos clave y no pudo concretar la remontada. Con este resultado, los de la Casa Blanca siguen en la segunda posici\u00f3n con 69 puntos, cuatro menos que el l\u00edder Barcelona, que m\u00e1s tarde visitar\u00e1 al Atl\u00e9tico de Madrid.<\/p>\n<p>La actuaci\u00f3n de Leo Rom\u00e1n bajo los tres palos result\u00f3 determinante para sostener la ventaja en los momentos cr\u00edticos. Adem\u00e1s, el trabajo defensivo de jugadores como Martin Valjent y David L\u00f3pez fue clave para contener a figuras de la talla de Mbapp\u00e9 y Vin\u00edcius. En el mediocampo, la solidez de Sergi Darder y el despliegue de Luvumbo aportaron equilibrio y dinamismo a la propuesta de Demichelis. Pablo Maffeo, espa\u00f1ol nacionalizado argentino (fue citado por Lionel Scaloni a la Selecci\u00f3n), jug\u00f3 todo el encuentro y brind\u00f3 una asistencia.<\/p>\n<p>Franco Mastantuono, que en la previa se dio un emotivo abrazo con Mart\u00edn Demichelis (lo hizo debutar en River Plate), ingres\u00f3 a los 76 minutos por Brahim D\u00edaz y recibi\u00f3 una tarjeta amarilla (lleg\u00f3 al l\u00edmite de amonestaciones y se perder\u00e1 el pr\u00f3ximo partido).<\/p>\n<p>Tras este traspi\u00e9, los de la capital espa\u00f1ola buscar\u00e1n dar vuelta la p\u00e1gina este martes 7 de abril cuando abran su serie de cuartos de final de la Champions League ante Bayern Munich de Alemania. Luego, por el torneo local, volver\u00e1n a tener acci\u00f3n el 10 de abril, cuando reciban al Girona.<\/p>\n<p>Mallorca, por su parte, tendr\u00e1 una seguidilla de dos encuentros de local para intentar afianzarse en Primera Divisi\u00f3n. El 12 de abril recibir\u00e1 al Rayo Vallecano y el 21 se medir\u00e1 ante Valencia. Luego, el 25, disputar\u00e1 un mano a mano contra Alav\u00e9s en condici\u00f3n de visitante.<\/p>\n","protected":false},"excerpt":{"rendered":"<p>Y sali\u00f3 de la zona de descenso Con un tanto de Muriqi sobre la hora, los conducidos por el director t\u00e9cnico argentino se impusieron por 2-1 ante los de la Casa Blanca El Mallorca, dirigido por Mart\u00edn Demichelis, consigui\u00f3 una victoria ag\u00f3nica por 2-1 ante el Real Madrid en el estadio Son Moix, resultado que [&hellip;]<\/p>\n","protected":false},"author":4,"featured_media":211494,"comment_status":"open","ping_status":"open","sticky":false,"template":"","format":"standard","meta":{"_joinchat":[],"footnotes":""},"categories":[28],"tags":[],"class_list":{"0":"post-211493","1":"post","2":"type-post","3":"status-publish","4":"format-standard","5":"has-post-thumbnail","7":"category-deportes"},"yoast_head":"<!-- This site is optimized with the Yoast SEO plugin v27.2 - https:\/\/yoast.com\/product\/yoast-seo-wordpress\/ -->\n<title>El Mallorca de Mart\u00edn Demichelis le gan\u00f3 de manera ag\u00f3nica al Real Madrid - Radio Infinita Goya<\/title>\n<meta name=\"description\" content=\"Y sali\u00f3 de la zona de descenso Con un tanto de Muriqi sobre la hora, los conducidos por el director t\u00e9cnico argentino se impusieron por 2-1 ante los de la\" \/>\n<meta name=\"robots\" content=\"index, follow, max-snippet:-1, max-image-preview:large, max-video-preview:-1\" \/>\n<link rel=\"canonical\" href=\"https:\/\/radioinfinitagoya.com.ar\/v1\/2026\/04\/04\/el-mallorca-de-martin-demichelis-le-gano-de-manera-agonica-al-real-madrid\/\" \/>\n<meta property=\"og:locale\" content=\"es_ES\" \/>\n<meta property=\"og:type\" content=\"article\" \/>\n<meta property=\"og:title\" content=\"El Mallorca de Mart\u00edn Demichelis le gan\u00f3 de manera ag\u00f3nica al Real Madrid - Radio Infinita Goya\" \/>\n<meta property=\"og:description\" content=\"Y sali\u00f3 de la zona de descenso Con un tanto de Muriqi sobre la hora, los conducidos por el director t\u00e9cnico argentino se impusieron por 2-1 ante los de la\" \/>\n<meta property=\"og:url\" content=\"https:\/\/radioinfinitagoya.com.ar\/v1\/2026\/04\/04\/el-mallorca-de-martin-demichelis-le-gano-de-manera-agonica-al-real-madrid\/\" \/>\n<meta property=\"og:site_name\" content=\"Radio Infinita Goya\" \/>\n<meta property=\"article:publisher\" content=\"https:\/\/www.facebook.com\/p\/Infinita-Goya-100063870918311\/\" \/>\n<meta property=\"article:published_time\" content=\"2026-04-04T20:35:58+00:00\" \/>\n<meta name=\"author\" content=\"Jorge Mi\u00f1o\" \/>\n<meta name=\"twitter:card\" content=\"summary_large_image\" \/>\n<meta name=\"twitter:label1\" content=\"Escrito por\" \/>\n\t<meta name=\"twitter:data1\" content=\"Jorge Mi\u00f1o\" \/>\n\t<meta name=\"twitter:label2\" content=\"Tiempo de lectura\" \/>\n\t<meta name=\"twitter:data2\" content=\"4 minutos\" \/>\n<script type=\"application\/ld+json\" class=\"yoast-schema-graph\">{\"@context\":\"https:\/\/schema.org\",\"@graph\":[{\"@type\":\"Article\",\"@id\":\"https:\/\/radioinfinitagoya.com.ar\/v1\/2026\/04\/04\/el-mallorca-de-martin-demichelis-le-gano-de-manera-agonica-al-real-madrid\/#article\",\"isPartOf\":{\"@id\":\"https:\/\/radioinfinitagoya.com.ar\/v1\/2026\/04\/04\/el-mallorca-de-martin-demichelis-le-gano-de-manera-agonica-al-real-madrid\/\"},\"author\":{\"name\":\"Jorge Mi\u00f1o\",\"@id\":\"https:\/\/radioinfinitagoya.com.ar\/v1\/#\/schema\/person\/d4cf9c413d4f6edb24aabdccab49ca4a\"},\"headline\":\"El Mallorca de Mart\u00edn Demichelis le gan\u00f3 de manera ag\u00f3nica al Real Madrid\",\"datePublished\":\"2026-04-04T20:35:58+00:00\",\"mainEntityOfPage\":{\"@id\":\"https:\/\/radioinfinitagoya.com.ar\/v1\/2026\/04\/04\/el-mallorca-de-martin-demichelis-le-gano-de-manera-agonica-al-real-madrid\/\"},\"wordCount\":766,\"commentCount\":0,\"publisher\":{\"@id\":\"https:\/\/radioinfinitagoya.com.ar\/v1\/#organization\"},\"image\":{\"@id\":\"https:\/\/radioinfinitagoya.com.ar\/v1\/2026\/04\/04\/el-mallorca-de-martin-demichelis-le-gano-de-manera-agonica-al-real-madrid\/#primaryimage\"},\"thumbnailUrl\":\"https:\/\/radioinfinitagoya.com.ar\/v1\/wp-content\/uploads\/2026\/04\/XH6B24AM7ZHKFEMMHVLTPDORSE.avif\",\"articleSection\":[\"DEPORTES\"],\"inLanguage\":\"es-AR\",\"potentialAction\":[{\"@type\":\"CommentAction\",\"name\":\"Comment\",\"target\":[\"https:\/\/radioinfinitagoya.com.ar\/v1\/2026\/04\/04\/el-mallorca-de-martin-demichelis-le-gano-de-manera-agonica-al-real-madrid\/#respond\"]}]},{\"@type\":\"WebPage\",\"@id\":\"https:\/\/radioinfinitagoya.com.ar\/v1\/2026\/04\/04\/el-mallorca-de-martin-demichelis-le-gano-de-manera-agonica-al-real-madrid\/\",\"url\":\"https:\/\/radioinfinitagoya.com.ar\/v1\/2026\/04\/04\/el-mallorca-de-martin-demichelis-le-gano-de-manera-agonica-al-real-madrid\/\",\"name\":\"El Mallorca de Mart\u00edn Demichelis le gan\u00f3 de manera ag\u00f3nica al Real Madrid - Radio Infinita Goya\",\"isPartOf\":{\"@id\":\"https:\/\/radioinfinitagoya.com.ar\/v1\/#website\"},\"primaryImageOfPage\":{\"@id\":\"https:\/\/radioinfinitagoya.com.ar\/v1\/2026\/04\/04\/el-mallorca-de-martin-demichelis-le-gano-de-manera-agonica-al-real-madrid\/#primaryimage\"},\"image\":{\"@id\":\"https:\/\/radioinfinitagoya.com.ar\/v1\/2026\/04\/04\/el-mallorca-de-martin-demichelis-le-gano-de-manera-agonica-al-real-madrid\/#primaryimage\"},\"thumbnailUrl\":\"https:\/\/radioinfinitagoya.com.ar\/v1\/wp-content\/uploads\/2026\/04\/XH6B24AM7ZHKFEMMHVLTPDORSE.avif\",\"datePublished\":\"2026-04-04T20:35:58+00:00\",\"description\":\"Y sali\u00f3 de la zona de descenso Con un tanto de Muriqi sobre la hora, los conducidos por el director t\u00e9cnico argentino se impusieron por 2-1 ante los de la\",\"breadcrumb\":{\"@id\":\"https:\/\/radioinfinitagoya.com.ar\/v1\/2026\/04\/04\/el-mallorca-de-martin-demichelis-le-gano-de-manera-agonica-al-real-madrid\/#breadcrumb\"},\"inLanguage\":\"es-AR\",\"potentialAction\":[{\"@type\":\"ReadAction\",\"target\":[\"https:\/\/radioinfinitagoya.com.ar\/v1\/2026\/04\/04\/el-mallorca-de-martin-demichelis-le-gano-de-manera-agonica-al-real-madrid\/\"]}]},{\"@type\":\"ImageObject\",\"inLanguage\":\"es-AR\",\"@id\":\"https:\/\/radioinfinitagoya.com.ar\/v1\/2026\/04\/04\/el-mallorca-de-martin-demichelis-le-gano-de-manera-agonica-al-real-madrid\/#primaryimage\",\"url\":\"https:\/\/radioinfinitagoya.com.ar\/v1\/wp-content\/uploads\/2026\/04\/XH6B24AM7ZHKFEMMHVLTPDORSE.avif\",\"contentUrl\":\"https:\/\/radioinfinitagoya.com.ar\/v1\/wp-content\/uploads\/2026\/04\/XH6B24AM7ZHKFEMMHVLTPDORSE.avif\",\"width\":992,\"height\":679},{\"@type\":\"BreadcrumbList\",\"@id\":\"https:\/\/radioinfinitagoya.com.ar\/v1\/2026\/04\/04\/el-mallorca-de-martin-demichelis-le-gano-de-manera-agonica-al-real-madrid\/#breadcrumb\",\"itemListElement\":[{\"@type\":\"ListItem\",\"position\":1,\"name\":\"Inicio\",\"item\":\"https:\/\/radioinfinitagoya.com.ar\/v1\/\"},{\"@type\":\"ListItem\",\"position\":2,\"name\":\"El Mallorca de Mart\u00edn Demichelis le gan\u00f3 de manera ag\u00f3nica al Real Madrid\"}]},{\"@type\":\"WebSite\",\"@id\":\"https:\/\/radioinfinitagoya.com.ar\/v1\/#website\",\"url\":\"https:\/\/radioinfinitagoya.com.ar\/v1\/\",\"name\":\"radioinfinitagoya.com.ar\",\"description\":\"Radio de noticias\",\"publisher\":{\"@id\":\"https:\/\/radioinfinitagoya.com.ar\/v1\/#organization\"},\"potentialAction\":[{\"@type\":\"SearchAction\",\"target\":{\"@type\":\"EntryPoint\",\"urlTemplate\":\"https:\/\/radioinfinitagoya.com.ar\/v1\/?s={search_term_string}\"},\"query-input\":{\"@type\":\"PropertyValueSpecification\",\"valueRequired\":true,\"valueName\":\"search_term_string\"}}],\"inLanguage\":\"es-AR\"},{\"@type\":\"Organization\",\"@id\":\"https:\/\/radioinfinitagoya.com.ar\/v1\/#organization\",\"name\":\"Radio Infinita Goya\",\"url\":\"https:\/\/radioinfinitagoya.com.ar\/v1\/\",\"logo\":{\"@type\":\"ImageObject\",\"inLanguage\":\"es-AR\",\"@id\":\"https:\/\/radioinfinitagoya.com.ar\/v1\/#\/schema\/logo\/image\/\",\"url\":\"https:\/\/radioinfinitagoya.com.ar\/v1\/wp-content\/uploads\/2019\/11\/logo-pie-web.png\",\"contentUrl\":\"https:\/\/radioinfinitagoya.com.ar\/v1\/wp-content\/uploads\/2019\/11\/logo-pie-web.png\",\"width\":635,\"height\":326,\"caption\":\"Radio Infinita Goya\"},\"image\":{\"@id\":\"https:\/\/radioinfinitagoya.com.ar\/v1\/#\/schema\/logo\/image\/\"},\"sameAs\":[\"https:\/\/www.facebook.com\/p\/Infinita-Goya-100063870918311\/\"]},{\"@type\":\"Person\",\"@id\":\"https:\/\/radioinfinitagoya.com.ar\/v1\/#\/schema\/person\/d4cf9c413d4f6edb24aabdccab49ca4a\",\"name\":\"Jorge Mi\u00f1o\",\"image\":{\"@type\":\"ImageObject\",\"inLanguage\":\"es-AR\",\"@id\":\"https:\/\/secure.gravatar.com\/avatar\/910fcf6728fe95320e07a6643c1581fec1c7fc4bf8ae12e3d8f0d0373dc844be?s=96&d=mm&r=g\",\"url\":\"https:\/\/secure.gravatar.com\/avatar\/910fcf6728fe95320e07a6643c1581fec1c7fc4bf8ae12e3d8f0d0373dc844be?s=96&d=mm&r=g\",\"contentUrl\":\"https:\/\/secure.gravatar.com\/avatar\/910fcf6728fe95320e07a6643c1581fec1c7fc4bf8ae12e3d8f0d0373dc844be?s=96&d=mm&r=g\",\"caption\":\"Jorge Mi\u00f1o\"},\"sameAs\":[\"http:\/\/radioinfinitagoya.com.ar\"]}]}<\/script>\n<!-- \/ Yoast SEO plugin. -->","yoast_head_json":{"title":"El Mallorca de Mart\u00edn Demichelis le gan\u00f3 de manera ag\u00f3nica al Real Madrid - Radio Infinita Goya","description":"Y sali\u00f3 de la zona de descenso Con un tanto de Muriqi sobre la hora, los conducidos por el director t\u00e9cnico argentino se impusieron por 2-1 ante los de la","robots":{"index":"index","follow":"follow","max-snippet":"max-snippet:-1","max-image-preview":"max-image-preview:large","max-video-preview":"max-video-preview:-1"},"canonical":"https:\/\/radioinfinitagoya.com.ar\/v1\/2026\/04\/04\/el-mallorca-de-martin-demichelis-le-gano-de-manera-agonica-al-real-madrid\/","og_locale":"es_ES","og_type":"article","og_title":"El Mallorca de Mart\u00edn Demichelis le gan\u00f3 de manera ag\u00f3nica al Real Madrid - Radio Infinita Goya","og_description":"Y sali\u00f3 de la zona de descenso Con un tanto de Muriqi sobre la hora, los conducidos por el director t\u00e9cnico argentino se impusieron por 2-1 ante los de la","og_url":"https:\/\/radioinfinitagoya.com.ar\/v1\/2026\/04\/04\/el-mallorca-de-martin-demichelis-le-gano-de-manera-agonica-al-real-madrid\/","og_site_name":"Radio Infinita Goya","article_publisher":"https:\/\/www.facebook.com\/p\/Infinita-Goya-100063870918311\/","article_published_time":"2026-04-04T20:35:58+00:00","author":"Jorge Mi\u00f1o","twitter_card":"summary_large_image","twitter_misc":{"Escrito por":"Jorge Mi\u00f1o","Tiempo de lectura":"4 minutos"},"schema":{"@context":"https:\/\/schema.org","@graph":[{"@type":"Article","@id":"https:\/\/radioinfinitagoya.com.ar\/v1\/2026\/04\/04\/el-mallorca-de-martin-demichelis-le-gano-de-manera-agonica-al-real-madrid\/#article","isPartOf":{"@id":"https:\/\/radioinfinitagoya.com.ar\/v1\/2026\/04\/04\/el-mallorca-de-martin-demichelis-le-gano-de-manera-agonica-al-real-madrid\/"},"author":{"name":"Jorge Mi\u00f1o","@id":"https:\/\/radioinfinitagoya.com.ar\/v1\/#\/schema\/person\/d4cf9c413d4f6edb24aabdccab49ca4a"},"headline":"El Mallorca de Mart\u00edn Demichelis le gan\u00f3 de manera ag\u00f3nica al Real Madrid","datePublished":"2026-04-04T20:35:58+00:00","mainEntityOfPage":{"@id":"https:\/\/radioinfinitagoya.com.ar\/v1\/2026\/04\/04\/el-mallorca-de-martin-demichelis-le-gano-de-manera-agonica-al-real-madrid\/"},"wordCount":766,"commentCount":0,"publisher":{"@id":"https:\/\/radioinfinitagoya.com.ar\/v1\/#organization"},"image":{"@id":"https:\/\/radioinfinitagoya.com.ar\/v1\/2026\/04\/04\/el-mallorca-de-martin-demichelis-le-gano-de-manera-agonica-al-real-madrid\/#primaryimage"},"thumbnailUrl":"https:\/\/radioinfinitagoya.com.ar\/v1\/wp-content\/uploads\/2026\/04\/XH6B24AM7ZHKFEMMHVLTPDORSE.avif","articleSection":["DEPORTES"],"inLanguage":"es-AR","potentialAction":[{"@type":"CommentAction","name":"Comment","target":["https:\/\/radioinfinitagoya.com.ar\/v1\/2026\/04\/04\/el-mallorca-de-martin-demichelis-le-gano-de-manera-agonica-al-real-madrid\/#respond"]}]},{"@type":"WebPage","@id":"https:\/\/radioinfinitagoya.com.ar\/v1\/2026\/04\/04\/el-mallorca-de-martin-demichelis-le-gano-de-manera-agonica-al-real-madrid\/","url":"https:\/\/radioinfinitagoya.com.ar\/v1\/2026\/04\/04\/el-mallorca-de-martin-demichelis-le-gano-de-manera-agonica-al-real-madrid\/","name":"El Mallorca de Mart\u00edn Demichelis le gan\u00f3 de manera ag\u00f3nica al Real Madrid - Radio Infinita Goya","isPartOf":{"@id":"https:\/\/radioinfinitagoya.com.ar\/v1\/#website"},"primaryImageOfPage":{"@id":"https:\/\/radioinfinitagoya.com.ar\/v1\/2026\/04\/04\/el-mallorca-de-martin-demichelis-le-gano-de-manera-agonica-al-real-madrid\/#primaryimage"},"image":{"@id":"https:\/\/radioinfinitagoya.com.ar\/v1\/2026\/04\/04\/el-mallorca-de-martin-demichelis-le-gano-de-manera-agonica-al-real-madrid\/#primaryimage"},"thumbnailUrl":"https:\/\/radioinfinitagoya.com.ar\/v1\/wp-content\/uploads\/2026\/04\/XH6B24AM7ZHKFEMMHVLTPDORSE.avif","datePublished":"2026-04-04T20:35:58+00:00","description":"Y sali\u00f3 de la zona de descenso Con un tanto de Muriqi sobre la hora, los conducidos por el director t\u00e9cnico argentino se impusieron por 2-1 ante los de la","breadcrumb":{"@id":"https:\/\/radioinfinitagoya.com.ar\/v1\/2026\/04\/04\/el-mallorca-de-martin-demichelis-le-gano-de-manera-agonica-al-real-madrid\/#breadcrumb"},"inLanguage":"es-AR","potentialAction":[{"@type":"ReadAction","target":["https:\/\/radioinfinitagoya.com.ar\/v1\/2026\/04\/04\/el-mallorca-de-martin-demichelis-le-gano-de-manera-agonica-al-real-madrid\/"]}]},{"@type":"ImageObject","inLanguage":"es-AR","@id":"https:\/\/radioinfinitagoya.com.ar\/v1\/2026\/04\/04\/el-mallorca-de-martin-demichelis-le-gano-de-manera-agonica-al-real-madrid\/#primaryimage","url":"https:\/\/radioinfinitagoya.com.ar\/v1\/wp-content\/uploads\/2026\/04\/XH6B24AM7ZHKFEMMHVLTPDORSE.avif","contentUrl":"https:\/\/radioinfinitagoya.com.ar\/v1\/wp-content\/uploads\/2026\/04\/XH6B24AM7ZHKFEMMHVLTPDORSE.avif","width":992,"height":679},{"@type":"BreadcrumbList","@id":"https:\/\/radioinfinitagoya.com.ar\/v1\/2026\/04\/04\/el-mallorca-de-martin-demichelis-le-gano-de-manera-agonica-al-real-madrid\/#breadcrumb","itemListElement":[{"@type":"ListItem","position":1,"name":"Inicio","item":"https:\/\/radioinfinitagoya.com.ar\/v1\/"},{"@type":"ListItem","position":2,"name":"El Mallorca de Mart\u00edn Demichelis le gan\u00f3 de manera ag\u00f3nica al Real Madrid"}]},{"@type":"WebSite","@id":"https:\/\/radioinfinitagoya.com.ar\/v1\/#website","url":"https:\/\/radioinfinitagoya.com.ar\/v1\/","name":"radioinfinitagoya.com.ar","description":"Radio de noticias","publisher":{"@id":"https:\/\/radioinfinitagoya.com.ar\/v1\/#organization"},"potentialAction":[{"@type":"SearchAction","target":{"@type":"EntryPoint","urlTemplate":"https:\/\/radioinfinitagoya.com.ar\/v1\/?s={search_term_string}"},"query-input":{"@type":"PropertyValueSpecification","valueRequired":true,"valueName":"search_term_string"}}],"inLanguage":"es-AR"},{"@type":"Organization","@id":"https:\/\/radioinfinitagoya.com.ar\/v1\/#organization","name":"Radio Infinita Goya","url":"https:\/\/radioinfinitagoya.com.ar\/v1\/","logo":{"@type":"ImageObject","inLanguage":"es-AR","@id":"https:\/\/radioinfinitagoya.com.ar\/v1\/#\/schema\/logo\/image\/","url":"https:\/\/radioinfinitagoya.com.ar\/v1\/wp-content\/uploads\/2019\/11\/logo-pie-web.png","contentUrl":"https:\/\/radioinfinitagoya.com.ar\/v1\/wp-content\/uploads\/2019\/11\/logo-pie-web.png","width":635,"height":326,"caption":"Radio Infinita Goya"},"image":{"@id":"https:\/\/radioinfinitagoya.com.ar\/v1\/#\/schema\/logo\/image\/"},"sameAs":["https:\/\/www.facebook.com\/p\/Infinita-Goya-100063870918311\/"]},{"@type":"Person","@id":"https:\/\/radioinfinitagoya.com.ar\/v1\/#\/schema\/person\/d4cf9c413d4f6edb24aabdccab49ca4a","name":"Jorge Mi\u00f1o","image":{"@type":"ImageObject","inLanguage":"es-AR","@id":"https:\/\/secure.gravatar.com\/avatar\/910fcf6728fe95320e07a6643c1581fec1c7fc4bf8ae12e3d8f0d0373dc844be?s=96&d=mm&r=g","url":"https:\/\/secure.gravatar.com\/avatar\/910fcf6728fe95320e07a6643c1581fec1c7fc4bf8ae12e3d8f0d0373dc844be?s=96&d=mm&r=g","contentUrl":"https:\/\/secure.gravatar.com\/avatar\/910fcf6728fe95320e07a6643c1581fec1c7fc4bf8ae12e3d8f0d0373dc844be?s=96&d=mm&r=g","caption":"Jorge Mi\u00f1o"},"sameAs":["http:\/\/radioinfinitagoya.com.ar"]}]}},"_links":{"self":[{"href":"https:\/\/radioinfinitagoya.com.ar\/v1\/wp-json\/wp\/v2\/posts\/211493","targetHints":{"allow":["GET"]}}],"collection":[{"href":"https:\/\/radioinfinitagoya.com.ar\/v1\/wp-json\/wp\/v2\/posts"}],"about":[{"href":"https:\/\/radioinfinitagoya.com.ar\/v1\/wp-json\/wp\/v2\/types\/post"}],"author":[{"embeddable":true,"href":"https:\/\/radioinfinitagoya.com.ar\/v1\/wp-json\/wp\/v2\/users\/4"}],"replies":[{"embeddable":true,"href":"https:\/\/radioinfinitagoya.com.ar\/v1\/wp-json\/wp\/v2\/comments?post=211493"}],"version-history":[{"count":0,"href":"https:\/\/radioinfinitagoya.com.ar\/v1\/wp-json\/wp\/v2\/posts\/211493\/revisions"}],"wp:featuredmedia":[{"embeddable":true,"href":"https:\/\/radioinfinitagoya.com.ar\/v1\/wp-json\/wp\/v2\/media\/211494"}],"wp:attachment":[{"href":"https:\/\/radioinfinitagoya.com.ar\/v1\/wp-json\/wp\/v2\/media?parent=211493"}],"wp:term":[{"taxonomy":"category","embeddable":true,"href":"https:\/\/radioinfinitagoya.com.ar\/v1\/wp-json\/wp\/v2\/categories?post=211493"},{"taxonomy":"post_tag","embeddable":true,"href":"https:\/\/radioinfinitagoya.com.ar\/v1\/wp-json\/wp\/v2\/tags?post=211493"}],"curies":[{"name":"wp","href":"https:\/\/api.w.org\/{rel}","templated":true}]}}