{"id":211506,"date":"2026-04-04T17:48:57","date_gmt":"2026-04-04T20:48:57","guid":{"rendered":"https:\/\/radioinfinitagoya.com.ar\/v1\/?p=211506"},"modified":"2026-04-04T17:48:57","modified_gmt":"2026-04-04T20:48:57","slug":"los-proximos-pasos-en-el-caso-adorni-nuevas-medidas-y-la-declaracion-de-una-testigo-clave","status":"publish","type":"post","link":"https:\/\/radioinfinitagoya.com.ar\/v1\/2026\/04\/04\/los-proximos-pasos-en-el-caso-adorni-nuevas-medidas-y-la-declaracion-de-una-testigo-clave\/","title":{"rendered":"Los pr\u00f3ximos pasos en el caso Adorni: nuevas medidas y la declaraci\u00f3n de una testigo clave"},"content":{"rendered":"<p>El fiscal federal Gerardo Pollicita avanza en la investigaci\u00f3n del crecimiento patrimonial del jefe de Gabinete, apuntado por la compra de propiedades y los vuelos en avi\u00f3n privado a Punta del Este<\/p>\n<p>El fiscal federal Gerardo Pollicita, quien est\u00e1 a cargo de la investigaci\u00f3n del patrimonio de Manuel Adorni, prepara para los pr\u00f3ximos d\u00edas nuevas medidas tendientes a esclarecer c\u00f3mo hizo el jefe de Gabinete para adquirir las propiedades que compr\u00f3 el a\u00f1o pasado junto a su esposa Bettina Angeletti: un departamento en la Ciudad de Buenos Aires y una casa en el country Indio Cu\u00e1, en Exaltaci\u00f3n de la Cruz.<\/p>\n<p>El mi\u00e9rcoles de la semana que viene ser\u00e1 un d\u00eda clave. Durante la ma\u00f1ana deber\u00e1 presentarse en Comodoro Py la escribana Adriana M\u00f3nica Nechevenko, quien certific\u00f3 la compra de la unidad que adquiri\u00f3 Adorni en un edificio de la calle Mir\u00f3 al 500, en el barrio porte\u00f1o de Caballito.<\/p>\n<p>Como cualquier testigo, se sentar\u00e1 frente al fiscal y al juez Ariel Lijo sin sus abogados, y en todo momento estar\u00e1 obligada a decir la verdad.<\/p>\n<p>Nechevenko deber\u00e1 explicar los pormenores de la operaci\u00f3n. Hasta ahora se conoci\u00f3 que dos jubiladas, Beatriz Viegas (72 a\u00f1os) y Claudia Sbabo (64), le vendieron en noviembre de 2025 el departamento de 199 metros cuadrados al matrimonio, con ciertas facilidades. Fue mediante un cr\u00e9dito hipotecario de 200 mil d\u00f3lares, del cual ambas son acreedoras en partes iguales.<\/p>\n<p>El diario La Naci\u00f3n contact\u00f3 a ambas mujeres. Una de ellas dijo no conocer a Adorni y la otra no contest\u00f3.<\/p>\n<p><img loading=\"lazy\" decoding=\"async\" class=\"alignnone size-medium wp-image-211508\" src=\"https:\/\/radioinfinitagoya.com.ar\/v1\/wp-content\/uploads\/2026\/04\/AEF37PNJCJEF3K3KWGQUXT3OJA-600x400.jpg\" alt=\"\" width=\"600\" height=\"400\" srcset=\"https:\/\/radioinfinitagoya.com.ar\/v1\/wp-content\/uploads\/2026\/04\/AEF37PNJCJEF3K3KWGQUXT3OJA-600x400.jpg 600w, https:\/\/radioinfinitagoya.com.ar\/v1\/wp-content\/uploads\/2026\/04\/AEF37PNJCJEF3K3KWGQUXT3OJA-150x100.jpg 150w, https:\/\/radioinfinitagoya.com.ar\/v1\/wp-content\/uploads\/2026\/04\/AEF37PNJCJEF3K3KWGQUXT3OJA-768x513.jpg 768w, https:\/\/radioinfinitagoya.com.ar\/v1\/wp-content\/uploads\/2026\/04\/AEF37PNJCJEF3K3KWGQUXT3OJA-629x420.jpg 629w, https:\/\/radioinfinitagoya.com.ar\/v1\/wp-content\/uploads\/2026\/04\/AEF37PNJCJEF3K3KWGQUXT3OJA-696x464.jpg 696w, https:\/\/radioinfinitagoya.com.ar\/v1\/wp-content\/uploads\/2026\/04\/AEF37PNJCJEF3K3KWGQUXT3OJA.avif 992w\" sizes=\"auto, (max-width: 600px) 100vw, 600px\" \/><\/p>\n<p>Con el cr\u00e9dito, el jefe de Gabinete habr\u00eda cubierto el 87% del valor del piso en Mir\u00f3. No obstante, el fiscal Pollicita buscar\u00e1 saber a ciencia cierta cu\u00e1nto vale la propiedad, y por eso trabaja en el requerimiento de una tasaci\u00f3n del departamento, seg\u00fan adelantaron fuentes judiciales.<\/p>\n<p>Otra l\u00ednea de investigaci\u00f3n que lleva adelante la Fiscal\u00eda Federal N\u00b0 11 es la que corresponde a la casa de Indio Cu\u00e1. Es que en las \u00faltimas horas, a partir de documentaci\u00f3n que enviaron a la Justicia el Municipio de Exaltaci\u00f3n de la Cruz y la administraci\u00f3n del barrio privado, se confirm\u00f3 que esta propiedad figuraba a nombre de Juan Ernesto Cosentino, un operador burs\u00e1til que, hasta ahora, no fue llamado como testigo.<\/p>\n<p>Otros documentos, como las expensas de la propiedad, aparecen bajo la titularidad de Angeletti, la esposa de Adorni. Seg\u00fan la denuncia que origin\u00f3 el caso, los precios de las casas en ese barrio privado \u201coscilan entre USD 129.000 y USD 249.000, dependiendo de la superficie y ubicaci\u00f3n del lote\u201d.<\/p>\n<p>Aunque el an\u00e1lisis est\u00e1 en pleno desarrollo, las fuentes consultadas no descartan que la irregularidad en la escritura se deba a una demora en el papeleo.<\/p>\n<p><img loading=\"lazy\" decoding=\"async\" class=\"alignnone size-medium wp-image-211509\" src=\"https:\/\/radioinfinitagoya.com.ar\/v1\/wp-content\/uploads\/2026\/04\/TGFHVDHJAFAAXKIOLNSBD6Z4EA-450x600.jpg\" alt=\"\" width=\"450\" height=\"600\" srcset=\"https:\/\/radioinfinitagoya.com.ar\/v1\/wp-content\/uploads\/2026\/04\/TGFHVDHJAFAAXKIOLNSBD6Z4EA-450x600.jpg 450w, https:\/\/radioinfinitagoya.com.ar\/v1\/wp-content\/uploads\/2026\/04\/TGFHVDHJAFAAXKIOLNSBD6Z4EA-112x150.jpg 112w, https:\/\/radioinfinitagoya.com.ar\/v1\/wp-content\/uploads\/2026\/04\/TGFHVDHJAFAAXKIOLNSBD6Z4EA-768x1024.jpg 768w, https:\/\/radioinfinitagoya.com.ar\/v1\/wp-content\/uploads\/2026\/04\/TGFHVDHJAFAAXKIOLNSBD6Z4EA-315x420.jpg 315w, https:\/\/radioinfinitagoya.com.ar\/v1\/wp-content\/uploads\/2026\/04\/TGFHVDHJAFAAXKIOLNSBD6Z4EA-696x928.jpg 696w, https:\/\/radioinfinitagoya.com.ar\/v1\/wp-content\/uploads\/2026\/04\/TGFHVDHJAFAAXKIOLNSBD6Z4EA.avif 992w\" sizes=\"auto, (max-width: 450px) 100vw, 450px\" \/><\/p>\n<p>Esto, claro est\u00e1, no resuelve la duda central, que es c\u00f3mo hizo el matrimonio Adorni-Angeletti para comprar casi al mismo tiempo, en noviembre pasado, el departamento de Caballito y la casa en Exaltaci\u00f3n de la Cruz. Todo esto sin desprenderse de las propiedades que ya ten\u00edan en Parque Chacabuco y La Plata.<\/p>\n<p>Tambi\u00e9n est\u00e1n en tr\u00e1mite informes de la Direcci\u00f3n Nacional de los Registros Nacionales de la Propiedad del Automotor, para saber cu\u00e1ntos veh\u00edculos tiene la pareja, y la totalidad de las Declaraciones Juradas Patrimoniales presentadas por Adorni, incluyendo los anexos reservados, de los a\u00f1os 2022, 2023, 2024 y 2025.<\/p>\n<p>En su denuncia, la diputada nacional Marcela Pagano -que lleg\u00f3 a su banca de la mano de La Libertad Avanza- advirti\u00f3 un \u201cdesproporcional incremento patrimonial\u201d por parte de Adorni, a partir de que la casa de Indio Cu\u00e1 no fue declarada en su declaraci\u00f3n jurada.<\/p>\n<p>\u201cSe advierten severas discrepancias entre la declaraci\u00f3n jurada inicial y la anual, verific\u00e1ndose la omisi\u00f3n de activos financieros y dep\u00f3sitos en el exterior por sumas superiores a los diecis\u00e9is millones de pesos ($16.000.000) declarados al inicio de su gesti\u00f3n\u201d, dice el escrito que present\u00f3 la legisladora.<\/p>\n","protected":false},"excerpt":{"rendered":"<p>El fiscal federal Gerardo Pollicita avanza en la investigaci\u00f3n del crecimiento patrimonial del jefe de Gabinete, apuntado por la compra de propiedades y los vuelos en avi\u00f3n privado a Punta del Este El fiscal federal Gerardo Pollicita, quien est\u00e1 a cargo de la investigaci\u00f3n del patrimonio de Manuel Adorni, prepara para los pr\u00f3ximos d\u00edas nuevas [&hellip;]<\/p>\n","protected":false},"author":4,"featured_media":211507,"comment_status":"open","ping_status":"open","sticky":false,"template":"","format":"standard","meta":{"_joinchat":[],"footnotes":""},"categories":[34],"tags":[],"class_list":{"0":"post-211506","1":"post","2":"type-post","3":"status-publish","4":"format-standard","5":"has-post-thumbnail","7":"category-principal"},"yoast_head":"<!-- This site is optimized with the Yoast SEO plugin v27.2 - https:\/\/yoast.com\/product\/yoast-seo-wordpress\/ -->\n<title>Los pr\u00f3ximos pasos en el caso Adorni: nuevas medidas y la declaraci\u00f3n de una testigo clave - Radio Infinita Goya<\/title>\n<meta name=\"description\" content=\"El fiscal federal Gerardo Pollicita avanza en la investigaci\u00f3n del crecimiento patrimonial del jefe de Gabinete, apuntado por la compra de propiedades y\" \/>\n<meta name=\"robots\" content=\"index, follow, max-snippet:-1, max-image-preview:large, max-video-preview:-1\" \/>\n<link rel=\"canonical\" href=\"https:\/\/radioinfinitagoya.com.ar\/v1\/2026\/04\/04\/los-proximos-pasos-en-el-caso-adorni-nuevas-medidas-y-la-declaracion-de-una-testigo-clave\/\" \/>\n<meta property=\"og:locale\" content=\"es_ES\" \/>\n<meta property=\"og:type\" content=\"article\" \/>\n<meta property=\"og:title\" content=\"Los pr\u00f3ximos pasos en el caso Adorni: nuevas medidas y la declaraci\u00f3n de una testigo clave - Radio Infinita Goya\" \/>\n<meta property=\"og:description\" content=\"El fiscal federal Gerardo Pollicita avanza en la investigaci\u00f3n del crecimiento patrimonial del jefe de Gabinete, apuntado por la compra de propiedades y\" \/>\n<meta property=\"og:url\" content=\"https:\/\/radioinfinitagoya.com.ar\/v1\/2026\/04\/04\/los-proximos-pasos-en-el-caso-adorni-nuevas-medidas-y-la-declaracion-de-una-testigo-clave\/\" \/>\n<meta property=\"og:site_name\" content=\"Radio Infinita Goya\" \/>\n<meta property=\"article:publisher\" content=\"https:\/\/www.facebook.com\/p\/Infinita-Goya-100063870918311\/\" \/>\n<meta property=\"article:published_time\" content=\"2026-04-04T20:48:57+00:00\" \/>\n<meta name=\"author\" content=\"Jorge Mi\u00f1o\" \/>\n<meta name=\"twitter:card\" content=\"summary_large_image\" \/>\n<meta name=\"twitter:label1\" content=\"Escrito por\" \/>\n\t<meta name=\"twitter:data1\" content=\"Jorge Mi\u00f1o\" \/>\n\t<meta name=\"twitter:label2\" content=\"Tiempo de lectura\" \/>\n\t<meta name=\"twitter:data2\" content=\"4 minutos\" \/>\n<script type=\"application\/ld+json\" class=\"yoast-schema-graph\">{\"@context\":\"https:\/\/schema.org\",\"@graph\":[{\"@type\":\"Article\",\"@id\":\"https:\/\/radioinfinitagoya.com.ar\/v1\/2026\/04\/04\/los-proximos-pasos-en-el-caso-adorni-nuevas-medidas-y-la-declaracion-de-una-testigo-clave\/#article\",\"isPartOf\":{\"@id\":\"https:\/\/radioinfinitagoya.com.ar\/v1\/2026\/04\/04\/los-proximos-pasos-en-el-caso-adorni-nuevas-medidas-y-la-declaracion-de-una-testigo-clave\/\"},\"author\":{\"name\":\"Jorge Mi\u00f1o\",\"@id\":\"https:\/\/radioinfinitagoya.com.ar\/v1\/#\/schema\/person\/d4cf9c413d4f6edb24aabdccab49ca4a\"},\"headline\":\"Los pr\u00f3ximos pasos en el caso Adorni: nuevas medidas y la declaraci\u00f3n de una testigo clave\",\"datePublished\":\"2026-04-04T20:48:57+00:00\",\"mainEntityOfPage\":{\"@id\":\"https:\/\/radioinfinitagoya.com.ar\/v1\/2026\/04\/04\/los-proximos-pasos-en-el-caso-adorni-nuevas-medidas-y-la-declaracion-de-una-testigo-clave\/\"},\"wordCount\":693,\"commentCount\":0,\"publisher\":{\"@id\":\"https:\/\/radioinfinitagoya.com.ar\/v1\/#organization\"},\"image\":{\"@id\":\"https:\/\/radioinfinitagoya.com.ar\/v1\/2026\/04\/04\/los-proximos-pasos-en-el-caso-adorni-nuevas-medidas-y-la-declaracion-de-una-testigo-clave\/#primaryimage\"},\"thumbnailUrl\":\"https:\/\/radioinfinitagoya.com.ar\/v1\/wp-content\/uploads\/2026\/04\/ZSXSY4DZIFBMXCMUVQG3MXDQ6I.avif\",\"articleSection\":[\"PRINCIPAL\"],\"inLanguage\":\"es-AR\",\"potentialAction\":[{\"@type\":\"CommentAction\",\"name\":\"Comment\",\"target\":[\"https:\/\/radioinfinitagoya.com.ar\/v1\/2026\/04\/04\/los-proximos-pasos-en-el-caso-adorni-nuevas-medidas-y-la-declaracion-de-una-testigo-clave\/#respond\"]}]},{\"@type\":\"WebPage\",\"@id\":\"https:\/\/radioinfinitagoya.com.ar\/v1\/2026\/04\/04\/los-proximos-pasos-en-el-caso-adorni-nuevas-medidas-y-la-declaracion-de-una-testigo-clave\/\",\"url\":\"https:\/\/radioinfinitagoya.com.ar\/v1\/2026\/04\/04\/los-proximos-pasos-en-el-caso-adorni-nuevas-medidas-y-la-declaracion-de-una-testigo-clave\/\",\"name\":\"Los pr\u00f3ximos pasos en el caso Adorni: nuevas medidas y la declaraci\u00f3n de una testigo clave - Radio Infinita Goya\",\"isPartOf\":{\"@id\":\"https:\/\/radioinfinitagoya.com.ar\/v1\/#website\"},\"primaryImageOfPage\":{\"@id\":\"https:\/\/radioinfinitagoya.com.ar\/v1\/2026\/04\/04\/los-proximos-pasos-en-el-caso-adorni-nuevas-medidas-y-la-declaracion-de-una-testigo-clave\/#primaryimage\"},\"image\":{\"@id\":\"https:\/\/radioinfinitagoya.com.ar\/v1\/2026\/04\/04\/los-proximos-pasos-en-el-caso-adorni-nuevas-medidas-y-la-declaracion-de-una-testigo-clave\/#primaryimage\"},\"thumbnailUrl\":\"https:\/\/radioinfinitagoya.com.ar\/v1\/wp-content\/uploads\/2026\/04\/ZSXSY4DZIFBMXCMUVQG3MXDQ6I.avif\",\"datePublished\":\"2026-04-04T20:48:57+00:00\",\"description\":\"El fiscal federal Gerardo Pollicita avanza en la investigaci\u00f3n del crecimiento patrimonial del jefe de Gabinete, apuntado por la compra de propiedades y\",\"breadcrumb\":{\"@id\":\"https:\/\/radioinfinitagoya.com.ar\/v1\/2026\/04\/04\/los-proximos-pasos-en-el-caso-adorni-nuevas-medidas-y-la-declaracion-de-una-testigo-clave\/#breadcrumb\"},\"inLanguage\":\"es-AR\",\"potentialAction\":[{\"@type\":\"ReadAction\",\"target\":[\"https:\/\/radioinfinitagoya.com.ar\/v1\/2026\/04\/04\/los-proximos-pasos-en-el-caso-adorni-nuevas-medidas-y-la-declaracion-de-una-testigo-clave\/\"]}]},{\"@type\":\"ImageObject\",\"inLanguage\":\"es-AR\",\"@id\":\"https:\/\/radioinfinitagoya.com.ar\/v1\/2026\/04\/04\/los-proximos-pasos-en-el-caso-adorni-nuevas-medidas-y-la-declaracion-de-una-testigo-clave\/#primaryimage\",\"url\":\"https:\/\/radioinfinitagoya.com.ar\/v1\/wp-content\/uploads\/2026\/04\/ZSXSY4DZIFBMXCMUVQG3MXDQ6I.avif\",\"contentUrl\":\"https:\/\/radioinfinitagoya.com.ar\/v1\/wp-content\/uploads\/2026\/04\/ZSXSY4DZIFBMXCMUVQG3MXDQ6I.avif\",\"width\":992,\"height\":661},{\"@type\":\"BreadcrumbList\",\"@id\":\"https:\/\/radioinfinitagoya.com.ar\/v1\/2026\/04\/04\/los-proximos-pasos-en-el-caso-adorni-nuevas-medidas-y-la-declaracion-de-una-testigo-clave\/#breadcrumb\",\"itemListElement\":[{\"@type\":\"ListItem\",\"position\":1,\"name\":\"Inicio\",\"item\":\"https:\/\/radioinfinitagoya.com.ar\/v1\/\"},{\"@type\":\"ListItem\",\"position\":2,\"name\":\"Los pr\u00f3ximos pasos en el caso Adorni: nuevas medidas y la declaraci\u00f3n de una testigo clave\"}]},{\"@type\":\"WebSite\",\"@id\":\"https:\/\/radioinfinitagoya.com.ar\/v1\/#website\",\"url\":\"https:\/\/radioinfinitagoya.com.ar\/v1\/\",\"name\":\"radioinfinitagoya.com.ar\",\"description\":\"Radio de noticias\",\"publisher\":{\"@id\":\"https:\/\/radioinfinitagoya.com.ar\/v1\/#organization\"},\"potentialAction\":[{\"@type\":\"SearchAction\",\"target\":{\"@type\":\"EntryPoint\",\"urlTemplate\":\"https:\/\/radioinfinitagoya.com.ar\/v1\/?s={search_term_string}\"},\"query-input\":{\"@type\":\"PropertyValueSpecification\",\"valueRequired\":true,\"valueName\":\"search_term_string\"}}],\"inLanguage\":\"es-AR\"},{\"@type\":\"Organization\",\"@id\":\"https:\/\/radioinfinitagoya.com.ar\/v1\/#organization\",\"name\":\"Radio Infinita Goya\",\"url\":\"https:\/\/radioinfinitagoya.com.ar\/v1\/\",\"logo\":{\"@type\":\"ImageObject\",\"inLanguage\":\"es-AR\",\"@id\":\"https:\/\/radioinfinitagoya.com.ar\/v1\/#\/schema\/logo\/image\/\",\"url\":\"https:\/\/radioinfinitagoya.com.ar\/v1\/wp-content\/uploads\/2019\/11\/logo-pie-web.png\",\"contentUrl\":\"https:\/\/radioinfinitagoya.com.ar\/v1\/wp-content\/uploads\/2019\/11\/logo-pie-web.png\",\"width\":635,\"height\":326,\"caption\":\"Radio Infinita Goya\"},\"image\":{\"@id\":\"https:\/\/radioinfinitagoya.com.ar\/v1\/#\/schema\/logo\/image\/\"},\"sameAs\":[\"https:\/\/www.facebook.com\/p\/Infinita-Goya-100063870918311\/\"]},{\"@type\":\"Person\",\"@id\":\"https:\/\/radioinfinitagoya.com.ar\/v1\/#\/schema\/person\/d4cf9c413d4f6edb24aabdccab49ca4a\",\"name\":\"Jorge Mi\u00f1o\",\"image\":{\"@type\":\"ImageObject\",\"inLanguage\":\"es-AR\",\"@id\":\"https:\/\/secure.gravatar.com\/avatar\/910fcf6728fe95320e07a6643c1581fec1c7fc4bf8ae12e3d8f0d0373dc844be?s=96&d=mm&r=g\",\"url\":\"https:\/\/secure.gravatar.com\/avatar\/910fcf6728fe95320e07a6643c1581fec1c7fc4bf8ae12e3d8f0d0373dc844be?s=96&d=mm&r=g\",\"contentUrl\":\"https:\/\/secure.gravatar.com\/avatar\/910fcf6728fe95320e07a6643c1581fec1c7fc4bf8ae12e3d8f0d0373dc844be?s=96&d=mm&r=g\",\"caption\":\"Jorge Mi\u00f1o\"},\"sameAs\":[\"http:\/\/radioinfinitagoya.com.ar\"]}]}<\/script>\n<!-- \/ Yoast SEO plugin. -->","yoast_head_json":{"title":"Los pr\u00f3ximos pasos en el caso Adorni: nuevas medidas y la declaraci\u00f3n de una testigo clave - Radio Infinita Goya","description":"El fiscal federal Gerardo Pollicita avanza en la investigaci\u00f3n del crecimiento patrimonial del jefe de Gabinete, apuntado por la compra de propiedades y","robots":{"index":"index","follow":"follow","max-snippet":"max-snippet:-1","max-image-preview":"max-image-preview:large","max-video-preview":"max-video-preview:-1"},"canonical":"https:\/\/radioinfinitagoya.com.ar\/v1\/2026\/04\/04\/los-proximos-pasos-en-el-caso-adorni-nuevas-medidas-y-la-declaracion-de-una-testigo-clave\/","og_locale":"es_ES","og_type":"article","og_title":"Los pr\u00f3ximos pasos en el caso Adorni: nuevas medidas y la declaraci\u00f3n de una testigo clave - Radio Infinita Goya","og_description":"El fiscal federal Gerardo Pollicita avanza en la investigaci\u00f3n del crecimiento patrimonial del jefe de Gabinete, apuntado por la compra de propiedades y","og_url":"https:\/\/radioinfinitagoya.com.ar\/v1\/2026\/04\/04\/los-proximos-pasos-en-el-caso-adorni-nuevas-medidas-y-la-declaracion-de-una-testigo-clave\/","og_site_name":"Radio Infinita Goya","article_publisher":"https:\/\/www.facebook.com\/p\/Infinita-Goya-100063870918311\/","article_published_time":"2026-04-04T20:48:57+00:00","author":"Jorge Mi\u00f1o","twitter_card":"summary_large_image","twitter_misc":{"Escrito por":"Jorge Mi\u00f1o","Tiempo de lectura":"4 minutos"},"schema":{"@context":"https:\/\/schema.org","@graph":[{"@type":"Article","@id":"https:\/\/radioinfinitagoya.com.ar\/v1\/2026\/04\/04\/los-proximos-pasos-en-el-caso-adorni-nuevas-medidas-y-la-declaracion-de-una-testigo-clave\/#article","isPartOf":{"@id":"https:\/\/radioinfinitagoya.com.ar\/v1\/2026\/04\/04\/los-proximos-pasos-en-el-caso-adorni-nuevas-medidas-y-la-declaracion-de-una-testigo-clave\/"},"author":{"name":"Jorge Mi\u00f1o","@id":"https:\/\/radioinfinitagoya.com.ar\/v1\/#\/schema\/person\/d4cf9c413d4f6edb24aabdccab49ca4a"},"headline":"Los pr\u00f3ximos pasos en el caso Adorni: nuevas medidas y la declaraci\u00f3n de una testigo clave","datePublished":"2026-04-04T20:48:57+00:00","mainEntityOfPage":{"@id":"https:\/\/radioinfinitagoya.com.ar\/v1\/2026\/04\/04\/los-proximos-pasos-en-el-caso-adorni-nuevas-medidas-y-la-declaracion-de-una-testigo-clave\/"},"wordCount":693,"commentCount":0,"publisher":{"@id":"https:\/\/radioinfinitagoya.com.ar\/v1\/#organization"},"image":{"@id":"https:\/\/radioinfinitagoya.com.ar\/v1\/2026\/04\/04\/los-proximos-pasos-en-el-caso-adorni-nuevas-medidas-y-la-declaracion-de-una-testigo-clave\/#primaryimage"},"thumbnailUrl":"https:\/\/radioinfinitagoya.com.ar\/v1\/wp-content\/uploads\/2026\/04\/ZSXSY4DZIFBMXCMUVQG3MXDQ6I.avif","articleSection":["PRINCIPAL"],"inLanguage":"es-AR","potentialAction":[{"@type":"CommentAction","name":"Comment","target":["https:\/\/radioinfinitagoya.com.ar\/v1\/2026\/04\/04\/los-proximos-pasos-en-el-caso-adorni-nuevas-medidas-y-la-declaracion-de-una-testigo-clave\/#respond"]}]},{"@type":"WebPage","@id":"https:\/\/radioinfinitagoya.com.ar\/v1\/2026\/04\/04\/los-proximos-pasos-en-el-caso-adorni-nuevas-medidas-y-la-declaracion-de-una-testigo-clave\/","url":"https:\/\/radioinfinitagoya.com.ar\/v1\/2026\/04\/04\/los-proximos-pasos-en-el-caso-adorni-nuevas-medidas-y-la-declaracion-de-una-testigo-clave\/","name":"Los pr\u00f3ximos pasos en el caso Adorni: nuevas medidas y la declaraci\u00f3n de una testigo clave - Radio Infinita Goya","isPartOf":{"@id":"https:\/\/radioinfinitagoya.com.ar\/v1\/#website"},"primaryImageOfPage":{"@id":"https:\/\/radioinfinitagoya.com.ar\/v1\/2026\/04\/04\/los-proximos-pasos-en-el-caso-adorni-nuevas-medidas-y-la-declaracion-de-una-testigo-clave\/#primaryimage"},"image":{"@id":"https:\/\/radioinfinitagoya.com.ar\/v1\/2026\/04\/04\/los-proximos-pasos-en-el-caso-adorni-nuevas-medidas-y-la-declaracion-de-una-testigo-clave\/#primaryimage"},"thumbnailUrl":"https:\/\/radioinfinitagoya.com.ar\/v1\/wp-content\/uploads\/2026\/04\/ZSXSY4DZIFBMXCMUVQG3MXDQ6I.avif","datePublished":"2026-04-04T20:48:57+00:00","description":"El fiscal federal Gerardo Pollicita avanza en la investigaci\u00f3n del crecimiento patrimonial del jefe de Gabinete, apuntado por la compra de propiedades y","breadcrumb":{"@id":"https:\/\/radioinfinitagoya.com.ar\/v1\/2026\/04\/04\/los-proximos-pasos-en-el-caso-adorni-nuevas-medidas-y-la-declaracion-de-una-testigo-clave\/#breadcrumb"},"inLanguage":"es-AR","potentialAction":[{"@type":"ReadAction","target":["https:\/\/radioinfinitagoya.com.ar\/v1\/2026\/04\/04\/los-proximos-pasos-en-el-caso-adorni-nuevas-medidas-y-la-declaracion-de-una-testigo-clave\/"]}]},{"@type":"ImageObject","inLanguage":"es-AR","@id":"https:\/\/radioinfinitagoya.com.ar\/v1\/2026\/04\/04\/los-proximos-pasos-en-el-caso-adorni-nuevas-medidas-y-la-declaracion-de-una-testigo-clave\/#primaryimage","url":"https:\/\/radioinfinitagoya.com.ar\/v1\/wp-content\/uploads\/2026\/04\/ZSXSY4DZIFBMXCMUVQG3MXDQ6I.avif","contentUrl":"https:\/\/radioinfinitagoya.com.ar\/v1\/wp-content\/uploads\/2026\/04\/ZSXSY4DZIFBMXCMUVQG3MXDQ6I.avif","width":992,"height":661},{"@type":"BreadcrumbList","@id":"https:\/\/radioinfinitagoya.com.ar\/v1\/2026\/04\/04\/los-proximos-pasos-en-el-caso-adorni-nuevas-medidas-y-la-declaracion-de-una-testigo-clave\/#breadcrumb","itemListElement":[{"@type":"ListItem","position":1,"name":"Inicio","item":"https:\/\/radioinfinitagoya.com.ar\/v1\/"},{"@type":"ListItem","position":2,"name":"Los pr\u00f3ximos pasos en el caso Adorni: nuevas medidas y la declaraci\u00f3n de una testigo clave"}]},{"@type":"WebSite","@id":"https:\/\/radioinfinitagoya.com.ar\/v1\/#website","url":"https:\/\/radioinfinitagoya.com.ar\/v1\/","name":"radioinfinitagoya.com.ar","description":"Radio de noticias","publisher":{"@id":"https:\/\/radioinfinitagoya.com.ar\/v1\/#organization"},"potentialAction":[{"@type":"SearchAction","target":{"@type":"EntryPoint","urlTemplate":"https:\/\/radioinfinitagoya.com.ar\/v1\/?s={search_term_string}"},"query-input":{"@type":"PropertyValueSpecification","valueRequired":true,"valueName":"search_term_string"}}],"inLanguage":"es-AR"},{"@type":"Organization","@id":"https:\/\/radioinfinitagoya.com.ar\/v1\/#organization","name":"Radio Infinita Goya","url":"https:\/\/radioinfinitagoya.com.ar\/v1\/","logo":{"@type":"ImageObject","inLanguage":"es-AR","@id":"https:\/\/radioinfinitagoya.com.ar\/v1\/#\/schema\/logo\/image\/","url":"https:\/\/radioinfinitagoya.com.ar\/v1\/wp-content\/uploads\/2019\/11\/logo-pie-web.png","contentUrl":"https:\/\/radioinfinitagoya.com.ar\/v1\/wp-content\/uploads\/2019\/11\/logo-pie-web.png","width":635,"height":326,"caption":"Radio Infinita Goya"},"image":{"@id":"https:\/\/radioinfinitagoya.com.ar\/v1\/#\/schema\/logo\/image\/"},"sameAs":["https:\/\/www.facebook.com\/p\/Infinita-Goya-100063870918311\/"]},{"@type":"Person","@id":"https:\/\/radioinfinitagoya.com.ar\/v1\/#\/schema\/person\/d4cf9c413d4f6edb24aabdccab49ca4a","name":"Jorge Mi\u00f1o","image":{"@type":"ImageObject","inLanguage":"es-AR","@id":"https:\/\/secure.gravatar.com\/avatar\/910fcf6728fe95320e07a6643c1581fec1c7fc4bf8ae12e3d8f0d0373dc844be?s=96&d=mm&r=g","url":"https:\/\/secure.gravatar.com\/avatar\/910fcf6728fe95320e07a6643c1581fec1c7fc4bf8ae12e3d8f0d0373dc844be?s=96&d=mm&r=g","contentUrl":"https:\/\/secure.gravatar.com\/avatar\/910fcf6728fe95320e07a6643c1581fec1c7fc4bf8ae12e3d8f0d0373dc844be?s=96&d=mm&r=g","caption":"Jorge Mi\u00f1o"},"sameAs":["http:\/\/radioinfinitagoya.com.ar"]}]}},"_links":{"self":[{"href":"https:\/\/radioinfinitagoya.com.ar\/v1\/wp-json\/wp\/v2\/posts\/211506","targetHints":{"allow":["GET"]}}],"collection":[{"href":"https:\/\/radioinfinitagoya.com.ar\/v1\/wp-json\/wp\/v2\/posts"}],"about":[{"href":"https:\/\/radioinfinitagoya.com.ar\/v1\/wp-json\/wp\/v2\/types\/post"}],"author":[{"embeddable":true,"href":"https:\/\/radioinfinitagoya.com.ar\/v1\/wp-json\/wp\/v2\/users\/4"}],"replies":[{"embeddable":true,"href":"https:\/\/radioinfinitagoya.com.ar\/v1\/wp-json\/wp\/v2\/comments?post=211506"}],"version-history":[{"count":0,"href":"https:\/\/radioinfinitagoya.com.ar\/v1\/wp-json\/wp\/v2\/posts\/211506\/revisions"}],"wp:featuredmedia":[{"embeddable":true,"href":"https:\/\/radioinfinitagoya.com.ar\/v1\/wp-json\/wp\/v2\/media\/211507"}],"wp:attachment":[{"href":"https:\/\/radioinfinitagoya.com.ar\/v1\/wp-json\/wp\/v2\/media?parent=211506"}],"wp:term":[{"taxonomy":"category","embeddable":true,"href":"https:\/\/radioinfinitagoya.com.ar\/v1\/wp-json\/wp\/v2\/categories?post=211506"},{"taxonomy":"post_tag","embeddable":true,"href":"https:\/\/radioinfinitagoya.com.ar\/v1\/wp-json\/wp\/v2\/tags?post=211506"}],"curies":[{"name":"wp","href":"https:\/\/api.w.org\/{rel}","templated":true}]}}