{"id":213680,"date":"2026-04-25T18:29:13","date_gmt":"2026-04-25T21:29:13","guid":{"rendered":"https:\/\/radioinfinitagoya.com.ar\/v1\/?p=213680"},"modified":"2026-04-25T18:29:13","modified_gmt":"2026-04-25T21:29:13","slug":"trump-cancelo-el-viaje-de-sus-enviados-a-pakistan-luego-de-que-el-canciller-irani-dejo-islamabad","status":"publish","type":"post","link":"https:\/\/radioinfinitagoya.com.ar\/v1\/2026\/04\/25\/trump-cancelo-el-viaje-de-sus-enviados-a-pakistan-luego-de-que-el-canciller-irani-dejo-islamabad\/","title":{"rendered":"Trump cancel\u00f3 el viaje de sus enviados a Pakist\u00e1n luego de que el canciller iran\u00ed dej\u00f3 Islamabad"},"content":{"rendered":"<p>&#8220;Pueden llamarnos cuando quieran pero nuestros representantes no van a hacer m\u00e1s vuelos de 15 horas para sentarse a hablar de nada&#8221;, afirm\u00f3 el presidente norteamericano.<\/p>\n<p>El canciller iran\u00ed Ab\u00e1s Araqch\u00ed dej\u00f3 Islamabad tras mantener reuniones con autoridades paquistan\u00edes.<\/p>\n<p>Donald Trump, cancel\u00f3 este s\u00e1bado a \u00faltimo momento el viaje de sus enviados a Pakist\u00e1n para intentar un acuerdo de paz en la guerra que arm\u00f3 con Israel contra Ir\u00e1n y advirti\u00f3: &#8220;Tenemos todas las cartas en la mano. No vamos a pasar 15 horas en aviones, yendo y viniendo, solo para recibir un documento que no era lo suficientemente bueno. As\u00ed que, lo manejaremos por tel\u00e9fono&#8221;.<\/p>\n<p>&#8220;Pueden llamarnos cuando quieran&#8221;, acot\u00f3 el mandatario que anunci\u00f3 su decisi\u00f3n luego de que el canciller del r\u00e9gimen persa, Ab\u00e1s Araqchi, abandonara este s\u00e1bado Islamabad tras una larga jornada de reuniones con altas autoridades militares y civiles paquistan\u00edes.<\/p>\n<p>Todo sobre la guerra entre Estados Unidos, Israel e Ir\u00e1n minuto a minuto:<\/p>\n<p>El canciller ir\u00e1n volver\u00eda a Pakist\u00e1n tras visitar Om\u00e1n<br \/>\nEl ministro iran\u00ed de Asuntos Exteriores, Abbas Araghchi, regresar\u00e1 a Pakist\u00e1n despu\u00e9s de visitar Om\u00e1n, con el fin de retomar las conversaciones para un eventual fin de la guerra en Medio Oriente, inform\u00f3 el s\u00e1bado la prensa estatal.<\/p>\n<p>Parte de su delegaci\u00f3n hab\u00eda vuelto a Teher\u00e1n, para &#8220;obtener las instrucciones necesarias sobre las cuestiones relacionadas con el fin de la guerra&#8221;, se\u00f1al\u00f3 la agencia de noticias IRNA.<\/p>\n<p>Araghchi &#8220;tiene previsto visitar de nuevo Pakist\u00e1n despu\u00e9s de completar su viaje a Om\u00e1n y antes de viajar a Rusia&#8221;, se\u00f1al\u00f3 el medio.<\/p>\n<p>La guerra de Trump aumentan a ansiedad entre los republicanos de cara a las elecciones de medio t\u00e9rmino<br \/>\nLa guerra con Ir\u00e1n y una redistribuci\u00f3n de los distritos electorales de Virginia que favorecer\u00e1 en gran medida a los dem\u00f3cratas, est\u00e1 generando ansiedad dentro del Partido Republicano, a meses de las elecciones de medio t\u00e9rmino.<\/p>\n<p>Seg\u00fa Bloomberg, hay un enojo especial con el subjefe de gabinete de la Casa Blanca, James Blair, ide\u00f3logo de la redistribuci\u00f3n de los distritos. Pero la incertidumbre de la guerra hace imposible que los republicanos puedan usar una de sus principales cartas electorales: la reducci\u00f3n del costo de vida por los recortes de impuestos durante el segundo gobierno de Donald Trump.<\/p>\n<p>El estrecho de Ormuz sigue pr\u00e1cticamente vac\u00edo, con solo unos pocos barcos iran\u00edes navegando<br \/>\nEl estrecho de Ormuz sigue pr\u00e1cticamente sin buques mercantes, y solo unos pocos barcos vinculados a Teher\u00e1n navegan por la v\u00eda mar\u00edtima, tras una semana de tensiones en la que se produjeron ataques de lanchas armadas iran\u00edes e interceptaciones de petroleros por parte de la Armada de los Estados Unidos.<\/p>\n<p>Hasta el s\u00e1bado por la ma\u00f1ana, el tr\u00e1fico observable se hab\u00eda reducido a solo dos buques cisterna muy peque\u00f1os y un min\u00fasculo buque de carga costero, todos vinculados a Teher\u00e1n, seg\u00fan muestran los datos de seguimiento de buques recopilados por Bloomberg. No se observ\u00f3 ning\u00fan buque entrando.<\/p>\n<p>Mientras Ir\u00e1n sigue llenando superpetroleros con millones de barriles, la Armada de los Estados Unidos ha retenido a varios de ellos cerca de la frontera mar\u00edtima con Pakist\u00e1n antes de que puedan salir del golfo de Om\u00e1n hacia el mar Ar\u00e1bigo, creando un cuello de botella que pone de relieve las crecientes dificultades para las exportaciones de la Rep\u00fablica Isl\u00e1mica.<\/p>\n<p>El canciller iran\u00ed se fue de Islamabad con las negociaciones con EE.UU. en un limbo<br \/>\nEl canciller iran\u00ed, Abbas Araghchi, dej\u00f3 Islamabad antes de la planeada llegada de los enviados especiales Steve Witkoff y Jared Kushner, que finalmente Donald Trump decidi\u00f3 que no viajaran.<\/p>\n<p>El vocero de la canciller\u00eda, Esmaeil Baqaei, confirm\u00f3 que la delegaci\u00f3n iran\u00ed ya se encuentra en Mascate (Om\u00e1n), uno de los pa\u00edses -junto con Emiratos \u00c1rabes Unidos- con los que comparte el estrecho de Ormuz.<\/p>\n<p>&#8220;Las relaciones entre Ir\u00e1n y Om\u00e1n representan un modelo vivo del enfoque iran\u00ed basado en el respeto mutuo y la realizaci\u00f3n de intereses comunes con sus vecinos del sur&#8221;, tuite\u00f3 Baqaei.<\/p>\n<p>&nbsp;<\/p>\n","protected":false},"excerpt":{"rendered":"<p>&#8220;Pueden llamarnos cuando quieran pero nuestros representantes no van a hacer m\u00e1s vuelos de 15 horas para sentarse a hablar de nada&#8221;, afirm\u00f3 el presidente norteamericano. El canciller iran\u00ed Ab\u00e1s Araqch\u00ed dej\u00f3 Islamabad tras mantener reuniones con autoridades paquistan\u00edes. Donald Trump, cancel\u00f3 este s\u00e1bado a \u00faltimo momento el viaje de sus enviados a Pakist\u00e1n para [&hellip;]<\/p>\n","protected":false},"author":4,"featured_media":213681,"comment_status":"open","ping_status":"open","sticky":false,"template":"","format":"standard","meta":{"_joinchat":[],"footnotes":""},"categories":[34],"tags":[],"class_list":{"0":"post-213680","1":"post","2":"type-post","3":"status-publish","4":"format-standard","5":"has-post-thumbnail","7":"category-principal"},"yoast_head":"<!-- This site is optimized with the Yoast SEO plugin v27.2 - https:\/\/yoast.com\/product\/yoast-seo-wordpress\/ -->\n<title>Trump cancel\u00f3 el viaje de sus enviados a Pakist\u00e1n luego de que el canciller iran\u00ed dej\u00f3 Islamabad - Radio Infinita Goya<\/title>\n<meta name=\"description\" content=\"&quot;Pueden llamarnos cuando quieran pero nuestros representantes no van a hacer m\u00e1s vuelos de 15 horas para sentarse a hablar de nada&quot;, afirm\u00f3 el presidente\" \/>\n<meta name=\"robots\" content=\"index, follow, max-snippet:-1, max-image-preview:large, max-video-preview:-1\" \/>\n<link rel=\"canonical\" href=\"https:\/\/radioinfinitagoya.com.ar\/v1\/2026\/04\/25\/trump-cancelo-el-viaje-de-sus-enviados-a-pakistan-luego-de-que-el-canciller-irani-dejo-islamabad\/\" \/>\n<meta property=\"og:locale\" content=\"es_ES\" \/>\n<meta property=\"og:type\" content=\"article\" \/>\n<meta property=\"og:title\" content=\"Trump cancel\u00f3 el viaje de sus enviados a Pakist\u00e1n luego de que el canciller iran\u00ed dej\u00f3 Islamabad - Radio Infinita Goya\" \/>\n<meta property=\"og:description\" content=\"&quot;Pueden llamarnos cuando quieran pero nuestros representantes no van a hacer m\u00e1s vuelos de 15 horas para sentarse a hablar de nada&quot;, afirm\u00f3 el presidente\" \/>\n<meta property=\"og:url\" content=\"https:\/\/radioinfinitagoya.com.ar\/v1\/2026\/04\/25\/trump-cancelo-el-viaje-de-sus-enviados-a-pakistan-luego-de-que-el-canciller-irani-dejo-islamabad\/\" \/>\n<meta property=\"og:site_name\" content=\"Radio Infinita Goya\" \/>\n<meta property=\"article:publisher\" content=\"https:\/\/www.facebook.com\/p\/Infinita-Goya-100063870918311\/\" \/>\n<meta property=\"article:published_time\" content=\"2026-04-25T21:29:13+00:00\" \/>\n<meta property=\"og:image\" content=\"https:\/\/radioinfinitagoya.com.ar\/v1\/wp-content\/uploads\/2026\/04\/QYJCO5C0J_1256x620__1.jpg\" \/>\n\t<meta property=\"og:image:width\" content=\"628\" \/>\n\t<meta property=\"og:image:height\" content=\"310\" \/>\n\t<meta property=\"og:image:type\" content=\"image\/jpeg\" \/>\n<meta name=\"author\" content=\"Jorge Mi\u00f1o\" \/>\n<meta name=\"twitter:card\" content=\"summary_large_image\" \/>\n<meta name=\"twitter:label1\" content=\"Escrito por\" \/>\n\t<meta name=\"twitter:data1\" content=\"Jorge Mi\u00f1o\" \/>\n\t<meta name=\"twitter:label2\" content=\"Tiempo de lectura\" \/>\n\t<meta name=\"twitter:data2\" content=\"4 minutos\" \/>\n<script type=\"application\/ld+json\" class=\"yoast-schema-graph\">{\"@context\":\"https:\/\/schema.org\",\"@graph\":[{\"@type\":\"Article\",\"@id\":\"https:\/\/radioinfinitagoya.com.ar\/v1\/2026\/04\/25\/trump-cancelo-el-viaje-de-sus-enviados-a-pakistan-luego-de-que-el-canciller-irani-dejo-islamabad\/#article\",\"isPartOf\":{\"@id\":\"https:\/\/radioinfinitagoya.com.ar\/v1\/2026\/04\/25\/trump-cancelo-el-viaje-de-sus-enviados-a-pakistan-luego-de-que-el-canciller-irani-dejo-islamabad\/\"},\"author\":{\"name\":\"Jorge Mi\u00f1o\",\"@id\":\"https:\/\/radioinfinitagoya.com.ar\/v1\/#\/schema\/person\/d4cf9c413d4f6edb24aabdccab49ca4a\"},\"headline\":\"Trump cancel\u00f3 el viaje de sus enviados a Pakist\u00e1n luego de que el canciller iran\u00ed dej\u00f3 Islamabad\",\"datePublished\":\"2026-04-25T21:29:13+00:00\",\"mainEntityOfPage\":{\"@id\":\"https:\/\/radioinfinitagoya.com.ar\/v1\/2026\/04\/25\/trump-cancelo-el-viaje-de-sus-enviados-a-pakistan-luego-de-que-el-canciller-irani-dejo-islamabad\/\"},\"wordCount\":738,\"commentCount\":0,\"publisher\":{\"@id\":\"https:\/\/radioinfinitagoya.com.ar\/v1\/#organization\"},\"image\":{\"@id\":\"https:\/\/radioinfinitagoya.com.ar\/v1\/2026\/04\/25\/trump-cancelo-el-viaje-de-sus-enviados-a-pakistan-luego-de-que-el-canciller-irani-dejo-islamabad\/#primaryimage\"},\"thumbnailUrl\":\"https:\/\/radioinfinitagoya.com.ar\/v1\/wp-content\/uploads\/2026\/04\/QYJCO5C0J_1256x620__1.jpg\",\"articleSection\":[\"PRINCIPAL\"],\"inLanguage\":\"es-AR\",\"potentialAction\":[{\"@type\":\"CommentAction\",\"name\":\"Comment\",\"target\":[\"https:\/\/radioinfinitagoya.com.ar\/v1\/2026\/04\/25\/trump-cancelo-el-viaje-de-sus-enviados-a-pakistan-luego-de-que-el-canciller-irani-dejo-islamabad\/#respond\"]}]},{\"@type\":\"WebPage\",\"@id\":\"https:\/\/radioinfinitagoya.com.ar\/v1\/2026\/04\/25\/trump-cancelo-el-viaje-de-sus-enviados-a-pakistan-luego-de-que-el-canciller-irani-dejo-islamabad\/\",\"url\":\"https:\/\/radioinfinitagoya.com.ar\/v1\/2026\/04\/25\/trump-cancelo-el-viaje-de-sus-enviados-a-pakistan-luego-de-que-el-canciller-irani-dejo-islamabad\/\",\"name\":\"Trump cancel\u00f3 el viaje de sus enviados a Pakist\u00e1n luego de que el canciller iran\u00ed dej\u00f3 Islamabad - Radio Infinita Goya\",\"isPartOf\":{\"@id\":\"https:\/\/radioinfinitagoya.com.ar\/v1\/#website\"},\"primaryImageOfPage\":{\"@id\":\"https:\/\/radioinfinitagoya.com.ar\/v1\/2026\/04\/25\/trump-cancelo-el-viaje-de-sus-enviados-a-pakistan-luego-de-que-el-canciller-irani-dejo-islamabad\/#primaryimage\"},\"image\":{\"@id\":\"https:\/\/radioinfinitagoya.com.ar\/v1\/2026\/04\/25\/trump-cancelo-el-viaje-de-sus-enviados-a-pakistan-luego-de-que-el-canciller-irani-dejo-islamabad\/#primaryimage\"},\"thumbnailUrl\":\"https:\/\/radioinfinitagoya.com.ar\/v1\/wp-content\/uploads\/2026\/04\/QYJCO5C0J_1256x620__1.jpg\",\"datePublished\":\"2026-04-25T21:29:13+00:00\",\"description\":\"\\\"Pueden llamarnos cuando quieran pero nuestros representantes no van a hacer m\u00e1s vuelos de 15 horas para sentarse a hablar de nada\\\", afirm\u00f3 el presidente\",\"breadcrumb\":{\"@id\":\"https:\/\/radioinfinitagoya.com.ar\/v1\/2026\/04\/25\/trump-cancelo-el-viaje-de-sus-enviados-a-pakistan-luego-de-que-el-canciller-irani-dejo-islamabad\/#breadcrumb\"},\"inLanguage\":\"es-AR\",\"potentialAction\":[{\"@type\":\"ReadAction\",\"target\":[\"https:\/\/radioinfinitagoya.com.ar\/v1\/2026\/04\/25\/trump-cancelo-el-viaje-de-sus-enviados-a-pakistan-luego-de-que-el-canciller-irani-dejo-islamabad\/\"]}]},{\"@type\":\"ImageObject\",\"inLanguage\":\"es-AR\",\"@id\":\"https:\/\/radioinfinitagoya.com.ar\/v1\/2026\/04\/25\/trump-cancelo-el-viaje-de-sus-enviados-a-pakistan-luego-de-que-el-canciller-irani-dejo-islamabad\/#primaryimage\",\"url\":\"https:\/\/radioinfinitagoya.com.ar\/v1\/wp-content\/uploads\/2026\/04\/QYJCO5C0J_1256x620__1.jpg\",\"contentUrl\":\"https:\/\/radioinfinitagoya.com.ar\/v1\/wp-content\/uploads\/2026\/04\/QYJCO5C0J_1256x620__1.jpg\",\"width\":628,\"height\":310},{\"@type\":\"BreadcrumbList\",\"@id\":\"https:\/\/radioinfinitagoya.com.ar\/v1\/2026\/04\/25\/trump-cancelo-el-viaje-de-sus-enviados-a-pakistan-luego-de-que-el-canciller-irani-dejo-islamabad\/#breadcrumb\",\"itemListElement\":[{\"@type\":\"ListItem\",\"position\":1,\"name\":\"Inicio\",\"item\":\"https:\/\/radioinfinitagoya.com.ar\/v1\/\"},{\"@type\":\"ListItem\",\"position\":2,\"name\":\"Trump cancel\u00f3 el viaje de sus enviados a Pakist\u00e1n luego de que el canciller iran\u00ed dej\u00f3 Islamabad\"}]},{\"@type\":\"WebSite\",\"@id\":\"https:\/\/radioinfinitagoya.com.ar\/v1\/#website\",\"url\":\"https:\/\/radioinfinitagoya.com.ar\/v1\/\",\"name\":\"radioinfinitagoya.com.ar\",\"description\":\"Radio de noticias\",\"publisher\":{\"@id\":\"https:\/\/radioinfinitagoya.com.ar\/v1\/#organization\"},\"potentialAction\":[{\"@type\":\"SearchAction\",\"target\":{\"@type\":\"EntryPoint\",\"urlTemplate\":\"https:\/\/radioinfinitagoya.com.ar\/v1\/?s={search_term_string}\"},\"query-input\":{\"@type\":\"PropertyValueSpecification\",\"valueRequired\":true,\"valueName\":\"search_term_string\"}}],\"inLanguage\":\"es-AR\"},{\"@type\":\"Organization\",\"@id\":\"https:\/\/radioinfinitagoya.com.ar\/v1\/#organization\",\"name\":\"Radio Infinita Goya\",\"url\":\"https:\/\/radioinfinitagoya.com.ar\/v1\/\",\"logo\":{\"@type\":\"ImageObject\",\"inLanguage\":\"es-AR\",\"@id\":\"https:\/\/radioinfinitagoya.com.ar\/v1\/#\/schema\/logo\/image\/\",\"url\":\"https:\/\/radioinfinitagoya.com.ar\/v1\/wp-content\/uploads\/2019\/11\/logo-pie-web.png\",\"contentUrl\":\"https:\/\/radioinfinitagoya.com.ar\/v1\/wp-content\/uploads\/2019\/11\/logo-pie-web.png\",\"width\":635,\"height\":326,\"caption\":\"Radio Infinita Goya\"},\"image\":{\"@id\":\"https:\/\/radioinfinitagoya.com.ar\/v1\/#\/schema\/logo\/image\/\"},\"sameAs\":[\"https:\/\/www.facebook.com\/p\/Infinita-Goya-100063870918311\/\"]},{\"@type\":\"Person\",\"@id\":\"https:\/\/radioinfinitagoya.com.ar\/v1\/#\/schema\/person\/d4cf9c413d4f6edb24aabdccab49ca4a\",\"name\":\"Jorge Mi\u00f1o\",\"image\":{\"@type\":\"ImageObject\",\"inLanguage\":\"es-AR\",\"@id\":\"https:\/\/secure.gravatar.com\/avatar\/910fcf6728fe95320e07a6643c1581fec1c7fc4bf8ae12e3d8f0d0373dc844be?s=96&d=mm&r=g\",\"url\":\"https:\/\/secure.gravatar.com\/avatar\/910fcf6728fe95320e07a6643c1581fec1c7fc4bf8ae12e3d8f0d0373dc844be?s=96&d=mm&r=g\",\"contentUrl\":\"https:\/\/secure.gravatar.com\/avatar\/910fcf6728fe95320e07a6643c1581fec1c7fc4bf8ae12e3d8f0d0373dc844be?s=96&d=mm&r=g\",\"caption\":\"Jorge Mi\u00f1o\"},\"sameAs\":[\"http:\/\/radioinfinitagoya.com.ar\"]}]}<\/script>\n<!-- \/ Yoast SEO plugin. -->","yoast_head_json":{"title":"Trump cancel\u00f3 el viaje de sus enviados a Pakist\u00e1n luego de que el canciller iran\u00ed dej\u00f3 Islamabad - Radio Infinita Goya","description":"\"Pueden llamarnos cuando quieran pero nuestros representantes no van a hacer m\u00e1s vuelos de 15 horas para sentarse a hablar de nada\", afirm\u00f3 el presidente","robots":{"index":"index","follow":"follow","max-snippet":"max-snippet:-1","max-image-preview":"max-image-preview:large","max-video-preview":"max-video-preview:-1"},"canonical":"https:\/\/radioinfinitagoya.com.ar\/v1\/2026\/04\/25\/trump-cancelo-el-viaje-de-sus-enviados-a-pakistan-luego-de-que-el-canciller-irani-dejo-islamabad\/","og_locale":"es_ES","og_type":"article","og_title":"Trump cancel\u00f3 el viaje de sus enviados a Pakist\u00e1n luego de que el canciller iran\u00ed dej\u00f3 Islamabad - Radio Infinita Goya","og_description":"\"Pueden llamarnos cuando quieran pero nuestros representantes no van a hacer m\u00e1s vuelos de 15 horas para sentarse a hablar de nada\", afirm\u00f3 el presidente","og_url":"https:\/\/radioinfinitagoya.com.ar\/v1\/2026\/04\/25\/trump-cancelo-el-viaje-de-sus-enviados-a-pakistan-luego-de-que-el-canciller-irani-dejo-islamabad\/","og_site_name":"Radio Infinita Goya","article_publisher":"https:\/\/www.facebook.com\/p\/Infinita-Goya-100063870918311\/","article_published_time":"2026-04-25T21:29:13+00:00","og_image":[{"width":628,"height":310,"url":"https:\/\/radioinfinitagoya.com.ar\/v1\/wp-content\/uploads\/2026\/04\/QYJCO5C0J_1256x620__1.jpg","type":"image\/jpeg"}],"author":"Jorge Mi\u00f1o","twitter_card":"summary_large_image","twitter_misc":{"Escrito por":"Jorge Mi\u00f1o","Tiempo de lectura":"4 minutos"},"schema":{"@context":"https:\/\/schema.org","@graph":[{"@type":"Article","@id":"https:\/\/radioinfinitagoya.com.ar\/v1\/2026\/04\/25\/trump-cancelo-el-viaje-de-sus-enviados-a-pakistan-luego-de-que-el-canciller-irani-dejo-islamabad\/#article","isPartOf":{"@id":"https:\/\/radioinfinitagoya.com.ar\/v1\/2026\/04\/25\/trump-cancelo-el-viaje-de-sus-enviados-a-pakistan-luego-de-que-el-canciller-irani-dejo-islamabad\/"},"author":{"name":"Jorge Mi\u00f1o","@id":"https:\/\/radioinfinitagoya.com.ar\/v1\/#\/schema\/person\/d4cf9c413d4f6edb24aabdccab49ca4a"},"headline":"Trump cancel\u00f3 el viaje de sus enviados a Pakist\u00e1n luego de que el canciller iran\u00ed dej\u00f3 Islamabad","datePublished":"2026-04-25T21:29:13+00:00","mainEntityOfPage":{"@id":"https:\/\/radioinfinitagoya.com.ar\/v1\/2026\/04\/25\/trump-cancelo-el-viaje-de-sus-enviados-a-pakistan-luego-de-que-el-canciller-irani-dejo-islamabad\/"},"wordCount":738,"commentCount":0,"publisher":{"@id":"https:\/\/radioinfinitagoya.com.ar\/v1\/#organization"},"image":{"@id":"https:\/\/radioinfinitagoya.com.ar\/v1\/2026\/04\/25\/trump-cancelo-el-viaje-de-sus-enviados-a-pakistan-luego-de-que-el-canciller-irani-dejo-islamabad\/#primaryimage"},"thumbnailUrl":"https:\/\/radioinfinitagoya.com.ar\/v1\/wp-content\/uploads\/2026\/04\/QYJCO5C0J_1256x620__1.jpg","articleSection":["PRINCIPAL"],"inLanguage":"es-AR","potentialAction":[{"@type":"CommentAction","name":"Comment","target":["https:\/\/radioinfinitagoya.com.ar\/v1\/2026\/04\/25\/trump-cancelo-el-viaje-de-sus-enviados-a-pakistan-luego-de-que-el-canciller-irani-dejo-islamabad\/#respond"]}]},{"@type":"WebPage","@id":"https:\/\/radioinfinitagoya.com.ar\/v1\/2026\/04\/25\/trump-cancelo-el-viaje-de-sus-enviados-a-pakistan-luego-de-que-el-canciller-irani-dejo-islamabad\/","url":"https:\/\/radioinfinitagoya.com.ar\/v1\/2026\/04\/25\/trump-cancelo-el-viaje-de-sus-enviados-a-pakistan-luego-de-que-el-canciller-irani-dejo-islamabad\/","name":"Trump cancel\u00f3 el viaje de sus enviados a Pakist\u00e1n luego de que el canciller iran\u00ed dej\u00f3 Islamabad - Radio Infinita Goya","isPartOf":{"@id":"https:\/\/radioinfinitagoya.com.ar\/v1\/#website"},"primaryImageOfPage":{"@id":"https:\/\/radioinfinitagoya.com.ar\/v1\/2026\/04\/25\/trump-cancelo-el-viaje-de-sus-enviados-a-pakistan-luego-de-que-el-canciller-irani-dejo-islamabad\/#primaryimage"},"image":{"@id":"https:\/\/radioinfinitagoya.com.ar\/v1\/2026\/04\/25\/trump-cancelo-el-viaje-de-sus-enviados-a-pakistan-luego-de-que-el-canciller-irani-dejo-islamabad\/#primaryimage"},"thumbnailUrl":"https:\/\/radioinfinitagoya.com.ar\/v1\/wp-content\/uploads\/2026\/04\/QYJCO5C0J_1256x620__1.jpg","datePublished":"2026-04-25T21:29:13+00:00","description":"\"Pueden llamarnos cuando quieran pero nuestros representantes no van a hacer m\u00e1s vuelos de 15 horas para sentarse a hablar de nada\", afirm\u00f3 el presidente","breadcrumb":{"@id":"https:\/\/radioinfinitagoya.com.ar\/v1\/2026\/04\/25\/trump-cancelo-el-viaje-de-sus-enviados-a-pakistan-luego-de-que-el-canciller-irani-dejo-islamabad\/#breadcrumb"},"inLanguage":"es-AR","potentialAction":[{"@type":"ReadAction","target":["https:\/\/radioinfinitagoya.com.ar\/v1\/2026\/04\/25\/trump-cancelo-el-viaje-de-sus-enviados-a-pakistan-luego-de-que-el-canciller-irani-dejo-islamabad\/"]}]},{"@type":"ImageObject","inLanguage":"es-AR","@id":"https:\/\/radioinfinitagoya.com.ar\/v1\/2026\/04\/25\/trump-cancelo-el-viaje-de-sus-enviados-a-pakistan-luego-de-que-el-canciller-irani-dejo-islamabad\/#primaryimage","url":"https:\/\/radioinfinitagoya.com.ar\/v1\/wp-content\/uploads\/2026\/04\/QYJCO5C0J_1256x620__1.jpg","contentUrl":"https:\/\/radioinfinitagoya.com.ar\/v1\/wp-content\/uploads\/2026\/04\/QYJCO5C0J_1256x620__1.jpg","width":628,"height":310},{"@type":"BreadcrumbList","@id":"https:\/\/radioinfinitagoya.com.ar\/v1\/2026\/04\/25\/trump-cancelo-el-viaje-de-sus-enviados-a-pakistan-luego-de-que-el-canciller-irani-dejo-islamabad\/#breadcrumb","itemListElement":[{"@type":"ListItem","position":1,"name":"Inicio","item":"https:\/\/radioinfinitagoya.com.ar\/v1\/"},{"@type":"ListItem","position":2,"name":"Trump cancel\u00f3 el viaje de sus enviados a Pakist\u00e1n luego de que el canciller iran\u00ed dej\u00f3 Islamabad"}]},{"@type":"WebSite","@id":"https:\/\/radioinfinitagoya.com.ar\/v1\/#website","url":"https:\/\/radioinfinitagoya.com.ar\/v1\/","name":"radioinfinitagoya.com.ar","description":"Radio de noticias","publisher":{"@id":"https:\/\/radioinfinitagoya.com.ar\/v1\/#organization"},"potentialAction":[{"@type":"SearchAction","target":{"@type":"EntryPoint","urlTemplate":"https:\/\/radioinfinitagoya.com.ar\/v1\/?s={search_term_string}"},"query-input":{"@type":"PropertyValueSpecification","valueRequired":true,"valueName":"search_term_string"}}],"inLanguage":"es-AR"},{"@type":"Organization","@id":"https:\/\/radioinfinitagoya.com.ar\/v1\/#organization","name":"Radio Infinita Goya","url":"https:\/\/radioinfinitagoya.com.ar\/v1\/","logo":{"@type":"ImageObject","inLanguage":"es-AR","@id":"https:\/\/radioinfinitagoya.com.ar\/v1\/#\/schema\/logo\/image\/","url":"https:\/\/radioinfinitagoya.com.ar\/v1\/wp-content\/uploads\/2019\/11\/logo-pie-web.png","contentUrl":"https:\/\/radioinfinitagoya.com.ar\/v1\/wp-content\/uploads\/2019\/11\/logo-pie-web.png","width":635,"height":326,"caption":"Radio Infinita Goya"},"image":{"@id":"https:\/\/radioinfinitagoya.com.ar\/v1\/#\/schema\/logo\/image\/"},"sameAs":["https:\/\/www.facebook.com\/p\/Infinita-Goya-100063870918311\/"]},{"@type":"Person","@id":"https:\/\/radioinfinitagoya.com.ar\/v1\/#\/schema\/person\/d4cf9c413d4f6edb24aabdccab49ca4a","name":"Jorge Mi\u00f1o","image":{"@type":"ImageObject","inLanguage":"es-AR","@id":"https:\/\/secure.gravatar.com\/avatar\/910fcf6728fe95320e07a6643c1581fec1c7fc4bf8ae12e3d8f0d0373dc844be?s=96&d=mm&r=g","url":"https:\/\/secure.gravatar.com\/avatar\/910fcf6728fe95320e07a6643c1581fec1c7fc4bf8ae12e3d8f0d0373dc844be?s=96&d=mm&r=g","contentUrl":"https:\/\/secure.gravatar.com\/avatar\/910fcf6728fe95320e07a6643c1581fec1c7fc4bf8ae12e3d8f0d0373dc844be?s=96&d=mm&r=g","caption":"Jorge Mi\u00f1o"},"sameAs":["http:\/\/radioinfinitagoya.com.ar"]}]}},"_links":{"self":[{"href":"https:\/\/radioinfinitagoya.com.ar\/v1\/wp-json\/wp\/v2\/posts\/213680","targetHints":{"allow":["GET"]}}],"collection":[{"href":"https:\/\/radioinfinitagoya.com.ar\/v1\/wp-json\/wp\/v2\/posts"}],"about":[{"href":"https:\/\/radioinfinitagoya.com.ar\/v1\/wp-json\/wp\/v2\/types\/post"}],"author":[{"embeddable":true,"href":"https:\/\/radioinfinitagoya.com.ar\/v1\/wp-json\/wp\/v2\/users\/4"}],"replies":[{"embeddable":true,"href":"https:\/\/radioinfinitagoya.com.ar\/v1\/wp-json\/wp\/v2\/comments?post=213680"}],"version-history":[{"count":1,"href":"https:\/\/radioinfinitagoya.com.ar\/v1\/wp-json\/wp\/v2\/posts\/213680\/revisions"}],"predecessor-version":[{"id":213682,"href":"https:\/\/radioinfinitagoya.com.ar\/v1\/wp-json\/wp\/v2\/posts\/213680\/revisions\/213682"}],"wp:featuredmedia":[{"embeddable":true,"href":"https:\/\/radioinfinitagoya.com.ar\/v1\/wp-json\/wp\/v2\/media\/213681"}],"wp:attachment":[{"href":"https:\/\/radioinfinitagoya.com.ar\/v1\/wp-json\/wp\/v2\/media?parent=213680"}],"wp:term":[{"taxonomy":"category","embeddable":true,"href":"https:\/\/radioinfinitagoya.com.ar\/v1\/wp-json\/wp\/v2\/categories?post=213680"},{"taxonomy":"post_tag","embeddable":true,"href":"https:\/\/radioinfinitagoya.com.ar\/v1\/wp-json\/wp\/v2\/tags?post=213680"}],"curies":[{"name":"wp","href":"https:\/\/api.w.org\/{rel}","templated":true}]}}