{"id":213683,"date":"2026-04-25T18:36:50","date_gmt":"2026-04-25T21:36:50","guid":{"rendered":"https:\/\/radioinfinitagoya.com.ar\/v1\/?p=213683"},"modified":"2026-04-25T18:36:50","modified_gmt":"2026-04-25T21:36:50","slug":"manuel-adorni-se-prepara-para-su-presentacion-en-diputados","status":"publish","type":"post","link":"https:\/\/radioinfinitagoya.com.ar\/v1\/2026\/04\/25\/manuel-adorni-se-prepara-para-su-presentacion-en-diputados\/","title":{"rendered":"Manuel Adorni se prepara para su presentaci\u00f3n en Diputados"},"content":{"rendered":"<p>M\u00e1s de 6 horas, preguntas por bloque y la estrategia libertaria: c\u00f3mo ser\u00e1 el informe de gesti\u00f3n de Adorni<\/p>\n<p>El jefe de Gabinete ir\u00e1 a la C\u00e1mara de Diputados en medio de la investigaci\u00f3n en su contra por presunto enriquecimiento il\u00edcito, que ser\u00e1 centro del debate. Ir\u00e1 acompa\u00f1ado por Javier Milei<\/p>\n<p><img loading=\"lazy\" decoding=\"async\" class=\"alignnone size-medium wp-image-213685\" src=\"https:\/\/radioinfinitagoya.com.ar\/v1\/wp-content\/uploads\/2026\/04\/A6OENKAF4FAJ7F2JBK7KQL6T4E-600x406.jpg\" alt=\"\" width=\"600\" height=\"406\" srcset=\"https:\/\/radioinfinitagoya.com.ar\/v1\/wp-content\/uploads\/2026\/04\/A6OENKAF4FAJ7F2JBK7KQL6T4E-600x406.jpg 600w, https:\/\/radioinfinitagoya.com.ar\/v1\/wp-content\/uploads\/2026\/04\/A6OENKAF4FAJ7F2JBK7KQL6T4E-150x101.jpg 150w, https:\/\/radioinfinitagoya.com.ar\/v1\/wp-content\/uploads\/2026\/04\/A6OENKAF4FAJ7F2JBK7KQL6T4E-768x519.jpg 768w, https:\/\/radioinfinitagoya.com.ar\/v1\/wp-content\/uploads\/2026\/04\/A6OENKAF4FAJ7F2JBK7KQL6T4E-621x420.jpg 621w, https:\/\/radioinfinitagoya.com.ar\/v1\/wp-content\/uploads\/2026\/04\/A6OENKAF4FAJ7F2JBK7KQL6T4E-696x471.jpg 696w, https:\/\/radioinfinitagoya.com.ar\/v1\/wp-content\/uploads\/2026\/04\/A6OENKAF4FAJ7F2JBK7KQL6T4E.avif 992w\" sizes=\"auto, (max-width: 600px) 100vw, 600px\" \/><\/p>\n<p>El oficialismo ya puso en marcha toda la organizaci\u00f3n de lo que ser\u00e1 la presentaci\u00f3n del pr\u00f3ximo mi\u00e9rcoles 29 de abril del jefe de Gabinete Manuel Adorni. En una reuni\u00f3n entre los equipos de la Jefatura y de la Presidencia de la C\u00e1mara de Diputados, ya se defini\u00f3 que su comienzo ser\u00e1 temprano para lo que acostumbra la C\u00e1mara, alrededor de las 10 de la ma\u00f1ana.<\/p>\n<p>A partir de ese momento, el jefe de Gabinete ingresar\u00e1 al recinto y tendr\u00e1 un tiempo para exponer el informe de gesti\u00f3n del Ejecutivo, con \u00e9nfasis en las 4.800 preguntas que le adelantaron los 257 diputados. Una vez que termine de exponer, comenzar\u00e1 la sesi\u00f3n propiamente dicha, en la que se intercalar\u00e1n preguntas de los diputados y respuestas de Adorni. El formato establece que las preguntas van desde los bloques con menor n\u00famero hasta los de mayor n\u00famero de miembros. Es decir, comenzar\u00e1n primero los nueve monobloques que tiene la C\u00e1mara baja y los de menor n\u00famero. Este espacio durar\u00e1 alrededor de 50 minutos y luego el ministro tendr\u00e1 20 minutos para responder.<\/p>\n<p>Luego vendr\u00e1 una segunda tanda de preguntas en la que aparecen los bloques m\u00e1s ligados a las provincias, como Innovaci\u00f3n Federal, Provincias Unidas, el PRO y la UCR; en este caso tendr\u00e1n poco m\u00e1s de 50 minutos y nuevamente se abrir\u00e1n 20 minutos de respuestas.<\/p>\n<p>Por \u00faltimo, ser\u00e1 el turno de Uni\u00f3n por la Patria y La Libertad Avanza. El peronismo tendr\u00e1 68 minutos para repartir entre sus 93 diputados y LLA, 70 para sus 95 miembros. En el caso de estos \u00faltimos, es poco probable que sean utilizados m\u00e1s all\u00e1 de alg\u00fan discurso pol\u00edtico del presidente del bloque.<\/p>\n<p><img loading=\"lazy\" decoding=\"async\" class=\"alignnone size-medium wp-image-213686\" src=\"https:\/\/radioinfinitagoya.com.ar\/v1\/wp-content\/uploads\/2026\/04\/TDRRZNAMB5E3LJJG4CVRN5U2K4-600x400.jpg\" alt=\"\" width=\"600\" height=\"400\" srcset=\"https:\/\/radioinfinitagoya.com.ar\/v1\/wp-content\/uploads\/2026\/04\/TDRRZNAMB5E3LJJG4CVRN5U2K4-600x400.jpg 600w, https:\/\/radioinfinitagoya.com.ar\/v1\/wp-content\/uploads\/2026\/04\/TDRRZNAMB5E3LJJG4CVRN5U2K4-150x100.jpg 150w, https:\/\/radioinfinitagoya.com.ar\/v1\/wp-content\/uploads\/2026\/04\/TDRRZNAMB5E3LJJG4CVRN5U2K4-768x512.jpg 768w, https:\/\/radioinfinitagoya.com.ar\/v1\/wp-content\/uploads\/2026\/04\/TDRRZNAMB5E3LJJG4CVRN5U2K4-630x420.jpg 630w, https:\/\/radioinfinitagoya.com.ar\/v1\/wp-content\/uploads\/2026\/04\/TDRRZNAMB5E3LJJG4CVRN5U2K4-696x464.jpg 696w, https:\/\/radioinfinitagoya.com.ar\/v1\/wp-content\/uploads\/2026\/04\/TDRRZNAMB5E3LJJG4CVRN5U2K4.avif 992w\" sizes=\"auto, (max-width: 600px) 100vw, 600px\" \/><\/p>\n<p>Con este armado, la estimaci\u00f3n es que Adorni est\u00e9 exponiendo no menos de 6 horas si se completa la totalidad de la sesi\u00f3n y no sucede nada en el medio. Esto es consecuencia de la estrategia que implementar\u00e1 cada uno de los sectores. El objetivo del oficialismo es salir lo menos afectado posible; el de la oposici\u00f3n, dejar en evidencia la falta de respuestas del funcionario investigado por el incremento de su patrimonio desde que asumi\u00f3.<\/p>\n<p>\u201cEl mejor escenario es que se pudra todo y que alguno de ellos se zarpe diciendo algo, ah\u00ed Adorni hace como hizo Guillermo Francos en su presentaci\u00f3n en el Senado -se retir\u00f3 porque le dijeron mentiroso-, se muestra ofendido y se va\u201d, explic\u00f3 una fuente del mundo libertario.<\/p>\n<p>Como es de suponer, buena parte de las preguntas que bajar\u00e1n de las bancas de la oposici\u00f3n estar\u00e1n ligadas a la investigaci\u00f3n por enriquecimiento il\u00edcito que se lleva adelante contra Adorni. Frente a esto, una de las opciones que baraja el jefe de Gabinete para responder es recurrir a la frase \u201chay una causa judicial en proceso y voy a evitar referirme al tema\u201d.<\/p>\n<p><img loading=\"lazy\" decoding=\"async\" class=\"alignnone size-medium wp-image-213687\" src=\"https:\/\/radioinfinitagoya.com.ar\/v1\/wp-content\/uploads\/2026\/04\/HJUIVOAADFDIBCWIOKMJSJMLN4-600x338.jpg\" alt=\"\" width=\"600\" height=\"338\" srcset=\"https:\/\/radioinfinitagoya.com.ar\/v1\/wp-content\/uploads\/2026\/04\/HJUIVOAADFDIBCWIOKMJSJMLN4-600x338.jpg 600w, https:\/\/radioinfinitagoya.com.ar\/v1\/wp-content\/uploads\/2026\/04\/HJUIVOAADFDIBCWIOKMJSJMLN4-150x84.jpg 150w, https:\/\/radioinfinitagoya.com.ar\/v1\/wp-content\/uploads\/2026\/04\/HJUIVOAADFDIBCWIOKMJSJMLN4-768x432.jpg 768w, https:\/\/radioinfinitagoya.com.ar\/v1\/wp-content\/uploads\/2026\/04\/HJUIVOAADFDIBCWIOKMJSJMLN4-747x420.jpg 747w, https:\/\/radioinfinitagoya.com.ar\/v1\/wp-content\/uploads\/2026\/04\/HJUIVOAADFDIBCWIOKMJSJMLN4-696x392.jpg 696w, https:\/\/radioinfinitagoya.com.ar\/v1\/wp-content\/uploads\/2026\/04\/HJUIVOAADFDIBCWIOKMJSJMLN4.avif 992w\" sizes=\"auto, (max-width: 600px) 100vw, 600px\" \/><\/p>\n<p>La otra opci\u00f3n que se baraja en los equipos de la Casa Rosada es que, frente a los cuestionamientos, opte por el contraataque. A partir de esto se pidi\u00f3 a cada ministerio informaci\u00f3n referente a la gesti\u00f3n del kirchnerismo. \u201cSe hicieron consultas que van desde el manejo de la deuda, pasando por los planes sociales, hasta las causas judiciales\u201d, se\u00f1al\u00f3 un funcionario del Ejecutivo a Infobae.<\/p>\n<p>Por el lado de la oposici\u00f3n, la estrategia es la de repartir la presi\u00f3n y elegir las voces. \u201cLas preguntas que tengan que ver con ANDIS, $LIBRA, y los ingresos de Adorni se van a hacer en diferentes tandas y desde diferentes bloques. Vamos a intentar delimitar a las personas que no le sea tan f\u00e1cil a Adorni hacerse el canchero y chicanear. Lo que tambi\u00e9n tenemos que evitar es el esc\u00e1ndalo, que no salgan diciendo que el kirchnerismo \u2018la pudri\u00f3 como siempre\u2019. El motivo de esto es que exponga Adorni y que Milei, que va a estar mirando, tambi\u00e9n lo escuche\u201d, explic\u00f3 un diputado de la oposici\u00f3n que forma parte de estas conversaciones.<\/p>\n<p>El formato que estudia y discute la oposici\u00f3n incluye ampliar el debate a otros puntos en discusi\u00f3n, como el modelo econ\u00f3mico. \u201cHay que evitar que se retire, porque no solo debe responder sobre sus ingresos y gastos, sino tambi\u00e9n por el rumbo de la econom\u00eda. Hay que dosificar m\u00e1s: 70% preguntas econ\u00f3micas y de gesti\u00f3n, y el 30% sobre su patrimonio y el origen de los bienes. No hay que provocar un esc\u00e1ndalo\u201d.<\/p>\n<p>&nbsp;<\/p>\n<p>&nbsp;<\/p>\n<p>&nbsp;<\/p>\n<p>&nbsp;<\/p>\n","protected":false},"excerpt":{"rendered":"<p>M\u00e1s de 6 horas, preguntas por bloque y la estrategia libertaria: c\u00f3mo ser\u00e1 el informe de gesti\u00f3n de Adorni El jefe de Gabinete ir\u00e1 a la C\u00e1mara de Diputados en medio de la investigaci\u00f3n en su contra por presunto enriquecimiento il\u00edcito, que ser\u00e1 centro del debate. Ir\u00e1 acompa\u00f1ado por Javier Milei El oficialismo ya puso [&hellip;]<\/p>\n","protected":false},"author":4,"featured_media":213684,"comment_status":"open","ping_status":"open","sticky":false,"template":"","format":"standard","meta":{"_joinchat":[],"footnotes":""},"categories":[25],"tags":[],"class_list":{"0":"post-213683","1":"post","2":"type-post","3":"status-publish","4":"format-standard","5":"has-post-thumbnail","7":"category-destacados"},"yoast_head":"<!-- This site is optimized with the Yoast SEO plugin v27.2 - https:\/\/yoast.com\/product\/yoast-seo-wordpress\/ -->\n<title>Manuel Adorni se prepara para su presentaci\u00f3n en Diputados - Radio Infinita Goya<\/title>\n<meta name=\"description\" content=\"M\u00e1s de 6 horas, preguntas por bloque y la estrategia libertaria: c\u00f3mo ser\u00e1 el informe de gesti\u00f3n de Adorni El jefe de Gabinete ir\u00e1 a la C\u00e1mara de\" \/>\n<meta name=\"robots\" content=\"index, follow, max-snippet:-1, max-image-preview:large, max-video-preview:-1\" \/>\n<link rel=\"canonical\" href=\"https:\/\/radioinfinitagoya.com.ar\/v1\/2026\/04\/25\/manuel-adorni-se-prepara-para-su-presentacion-en-diputados\/\" \/>\n<meta property=\"og:locale\" content=\"es_ES\" \/>\n<meta property=\"og:type\" content=\"article\" \/>\n<meta property=\"og:title\" content=\"Manuel Adorni se prepara para su presentaci\u00f3n en Diputados - Radio Infinita Goya\" \/>\n<meta property=\"og:description\" content=\"M\u00e1s de 6 horas, preguntas por bloque y la estrategia libertaria: c\u00f3mo ser\u00e1 el informe de gesti\u00f3n de Adorni El jefe de Gabinete ir\u00e1 a la C\u00e1mara de\" \/>\n<meta property=\"og:url\" content=\"https:\/\/radioinfinitagoya.com.ar\/v1\/2026\/04\/25\/manuel-adorni-se-prepara-para-su-presentacion-en-diputados\/\" \/>\n<meta property=\"og:site_name\" content=\"Radio Infinita Goya\" \/>\n<meta property=\"article:publisher\" content=\"https:\/\/www.facebook.com\/p\/Infinita-Goya-100063870918311\/\" \/>\n<meta property=\"article:published_time\" content=\"2026-04-25T21:36:50+00:00\" \/>\n<meta name=\"author\" content=\"Jorge Mi\u00f1o\" \/>\n<meta name=\"twitter:card\" content=\"summary_large_image\" \/>\n<meta name=\"twitter:label1\" content=\"Escrito por\" \/>\n\t<meta name=\"twitter:data1\" content=\"Jorge Mi\u00f1o\" \/>\n\t<meta name=\"twitter:label2\" content=\"Tiempo de lectura\" \/>\n\t<meta name=\"twitter:data2\" content=\"5 minutos\" \/>\n<script type=\"application\/ld+json\" class=\"yoast-schema-graph\">{\"@context\":\"https:\/\/schema.org\",\"@graph\":[{\"@type\":\"Article\",\"@id\":\"https:\/\/radioinfinitagoya.com.ar\/v1\/2026\/04\/25\/manuel-adorni-se-prepara-para-su-presentacion-en-diputados\/#article\",\"isPartOf\":{\"@id\":\"https:\/\/radioinfinitagoya.com.ar\/v1\/2026\/04\/25\/manuel-adorni-se-prepara-para-su-presentacion-en-diputados\/\"},\"author\":{\"name\":\"Jorge Mi\u00f1o\",\"@id\":\"https:\/\/radioinfinitagoya.com.ar\/v1\/#\/schema\/person\/d4cf9c413d4f6edb24aabdccab49ca4a\"},\"headline\":\"Manuel Adorni se prepara para su presentaci\u00f3n en Diputados\",\"datePublished\":\"2026-04-25T21:36:50+00:00\",\"mainEntityOfPage\":{\"@id\":\"https:\/\/radioinfinitagoya.com.ar\/v1\/2026\/04\/25\/manuel-adorni-se-prepara-para-su-presentacion-en-diputados\/\"},\"wordCount\":829,\"commentCount\":0,\"publisher\":{\"@id\":\"https:\/\/radioinfinitagoya.com.ar\/v1\/#organization\"},\"image\":{\"@id\":\"https:\/\/radioinfinitagoya.com.ar\/v1\/2026\/04\/25\/manuel-adorni-se-prepara-para-su-presentacion-en-diputados\/#primaryimage\"},\"thumbnailUrl\":\"https:\/\/radioinfinitagoya.com.ar\/v1\/wp-content\/uploads\/2026\/04\/ZSXSY4DZIFBMXCMUVQG3MXDQ6I-1.avif\",\"articleSection\":[\"DESTACADOS\"],\"inLanguage\":\"es-AR\",\"potentialAction\":[{\"@type\":\"CommentAction\",\"name\":\"Comment\",\"target\":[\"https:\/\/radioinfinitagoya.com.ar\/v1\/2026\/04\/25\/manuel-adorni-se-prepara-para-su-presentacion-en-diputados\/#respond\"]}]},{\"@type\":\"WebPage\",\"@id\":\"https:\/\/radioinfinitagoya.com.ar\/v1\/2026\/04\/25\/manuel-adorni-se-prepara-para-su-presentacion-en-diputados\/\",\"url\":\"https:\/\/radioinfinitagoya.com.ar\/v1\/2026\/04\/25\/manuel-adorni-se-prepara-para-su-presentacion-en-diputados\/\",\"name\":\"Manuel Adorni se prepara para su presentaci\u00f3n en Diputados - Radio Infinita Goya\",\"isPartOf\":{\"@id\":\"https:\/\/radioinfinitagoya.com.ar\/v1\/#website\"},\"primaryImageOfPage\":{\"@id\":\"https:\/\/radioinfinitagoya.com.ar\/v1\/2026\/04\/25\/manuel-adorni-se-prepara-para-su-presentacion-en-diputados\/#primaryimage\"},\"image\":{\"@id\":\"https:\/\/radioinfinitagoya.com.ar\/v1\/2026\/04\/25\/manuel-adorni-se-prepara-para-su-presentacion-en-diputados\/#primaryimage\"},\"thumbnailUrl\":\"https:\/\/radioinfinitagoya.com.ar\/v1\/wp-content\/uploads\/2026\/04\/ZSXSY4DZIFBMXCMUVQG3MXDQ6I-1.avif\",\"datePublished\":\"2026-04-25T21:36:50+00:00\",\"description\":\"M\u00e1s de 6 horas, preguntas por bloque y la estrategia libertaria: c\u00f3mo ser\u00e1 el informe de gesti\u00f3n de Adorni El jefe de Gabinete ir\u00e1 a la C\u00e1mara de\",\"breadcrumb\":{\"@id\":\"https:\/\/radioinfinitagoya.com.ar\/v1\/2026\/04\/25\/manuel-adorni-se-prepara-para-su-presentacion-en-diputados\/#breadcrumb\"},\"inLanguage\":\"es-AR\",\"potentialAction\":[{\"@type\":\"ReadAction\",\"target\":[\"https:\/\/radioinfinitagoya.com.ar\/v1\/2026\/04\/25\/manuel-adorni-se-prepara-para-su-presentacion-en-diputados\/\"]}]},{\"@type\":\"ImageObject\",\"inLanguage\":\"es-AR\",\"@id\":\"https:\/\/radioinfinitagoya.com.ar\/v1\/2026\/04\/25\/manuel-adorni-se-prepara-para-su-presentacion-en-diputados\/#primaryimage\",\"url\":\"https:\/\/radioinfinitagoya.com.ar\/v1\/wp-content\/uploads\/2026\/04\/ZSXSY4DZIFBMXCMUVQG3MXDQ6I-1.avif\",\"contentUrl\":\"https:\/\/radioinfinitagoya.com.ar\/v1\/wp-content\/uploads\/2026\/04\/ZSXSY4DZIFBMXCMUVQG3MXDQ6I-1.avif\",\"width\":768,\"height\":432},{\"@type\":\"BreadcrumbList\",\"@id\":\"https:\/\/radioinfinitagoya.com.ar\/v1\/2026\/04\/25\/manuel-adorni-se-prepara-para-su-presentacion-en-diputados\/#breadcrumb\",\"itemListElement\":[{\"@type\":\"ListItem\",\"position\":1,\"name\":\"Inicio\",\"item\":\"https:\/\/radioinfinitagoya.com.ar\/v1\/\"},{\"@type\":\"ListItem\",\"position\":2,\"name\":\"Manuel Adorni se prepara para su presentaci\u00f3n en Diputados\"}]},{\"@type\":\"WebSite\",\"@id\":\"https:\/\/radioinfinitagoya.com.ar\/v1\/#website\",\"url\":\"https:\/\/radioinfinitagoya.com.ar\/v1\/\",\"name\":\"radioinfinitagoya.com.ar\",\"description\":\"Radio de noticias\",\"publisher\":{\"@id\":\"https:\/\/radioinfinitagoya.com.ar\/v1\/#organization\"},\"potentialAction\":[{\"@type\":\"SearchAction\",\"target\":{\"@type\":\"EntryPoint\",\"urlTemplate\":\"https:\/\/radioinfinitagoya.com.ar\/v1\/?s={search_term_string}\"},\"query-input\":{\"@type\":\"PropertyValueSpecification\",\"valueRequired\":true,\"valueName\":\"search_term_string\"}}],\"inLanguage\":\"es-AR\"},{\"@type\":\"Organization\",\"@id\":\"https:\/\/radioinfinitagoya.com.ar\/v1\/#organization\",\"name\":\"Radio Infinita Goya\",\"url\":\"https:\/\/radioinfinitagoya.com.ar\/v1\/\",\"logo\":{\"@type\":\"ImageObject\",\"inLanguage\":\"es-AR\",\"@id\":\"https:\/\/radioinfinitagoya.com.ar\/v1\/#\/schema\/logo\/image\/\",\"url\":\"https:\/\/radioinfinitagoya.com.ar\/v1\/wp-content\/uploads\/2019\/11\/logo-pie-web.png\",\"contentUrl\":\"https:\/\/radioinfinitagoya.com.ar\/v1\/wp-content\/uploads\/2019\/11\/logo-pie-web.png\",\"width\":635,\"height\":326,\"caption\":\"Radio Infinita Goya\"},\"image\":{\"@id\":\"https:\/\/radioinfinitagoya.com.ar\/v1\/#\/schema\/logo\/image\/\"},\"sameAs\":[\"https:\/\/www.facebook.com\/p\/Infinita-Goya-100063870918311\/\"]},{\"@type\":\"Person\",\"@id\":\"https:\/\/radioinfinitagoya.com.ar\/v1\/#\/schema\/person\/d4cf9c413d4f6edb24aabdccab49ca4a\",\"name\":\"Jorge Mi\u00f1o\",\"image\":{\"@type\":\"ImageObject\",\"inLanguage\":\"es-AR\",\"@id\":\"https:\/\/secure.gravatar.com\/avatar\/910fcf6728fe95320e07a6643c1581fec1c7fc4bf8ae12e3d8f0d0373dc844be?s=96&d=mm&r=g\",\"url\":\"https:\/\/secure.gravatar.com\/avatar\/910fcf6728fe95320e07a6643c1581fec1c7fc4bf8ae12e3d8f0d0373dc844be?s=96&d=mm&r=g\",\"contentUrl\":\"https:\/\/secure.gravatar.com\/avatar\/910fcf6728fe95320e07a6643c1581fec1c7fc4bf8ae12e3d8f0d0373dc844be?s=96&d=mm&r=g\",\"caption\":\"Jorge Mi\u00f1o\"},\"sameAs\":[\"http:\/\/radioinfinitagoya.com.ar\"]}]}<\/script>\n<!-- \/ Yoast SEO plugin. -->","yoast_head_json":{"title":"Manuel Adorni se prepara para su presentaci\u00f3n en Diputados - Radio Infinita Goya","description":"M\u00e1s de 6 horas, preguntas por bloque y la estrategia libertaria: c\u00f3mo ser\u00e1 el informe de gesti\u00f3n de Adorni El jefe de Gabinete ir\u00e1 a la C\u00e1mara de","robots":{"index":"index","follow":"follow","max-snippet":"max-snippet:-1","max-image-preview":"max-image-preview:large","max-video-preview":"max-video-preview:-1"},"canonical":"https:\/\/radioinfinitagoya.com.ar\/v1\/2026\/04\/25\/manuel-adorni-se-prepara-para-su-presentacion-en-diputados\/","og_locale":"es_ES","og_type":"article","og_title":"Manuel Adorni se prepara para su presentaci\u00f3n en Diputados - Radio Infinita Goya","og_description":"M\u00e1s de 6 horas, preguntas por bloque y la estrategia libertaria: c\u00f3mo ser\u00e1 el informe de gesti\u00f3n de Adorni El jefe de Gabinete ir\u00e1 a la C\u00e1mara de","og_url":"https:\/\/radioinfinitagoya.com.ar\/v1\/2026\/04\/25\/manuel-adorni-se-prepara-para-su-presentacion-en-diputados\/","og_site_name":"Radio Infinita Goya","article_publisher":"https:\/\/www.facebook.com\/p\/Infinita-Goya-100063870918311\/","article_published_time":"2026-04-25T21:36:50+00:00","author":"Jorge Mi\u00f1o","twitter_card":"summary_large_image","twitter_misc":{"Escrito por":"Jorge Mi\u00f1o","Tiempo de lectura":"5 minutos"},"schema":{"@context":"https:\/\/schema.org","@graph":[{"@type":"Article","@id":"https:\/\/radioinfinitagoya.com.ar\/v1\/2026\/04\/25\/manuel-adorni-se-prepara-para-su-presentacion-en-diputados\/#article","isPartOf":{"@id":"https:\/\/radioinfinitagoya.com.ar\/v1\/2026\/04\/25\/manuel-adorni-se-prepara-para-su-presentacion-en-diputados\/"},"author":{"name":"Jorge Mi\u00f1o","@id":"https:\/\/radioinfinitagoya.com.ar\/v1\/#\/schema\/person\/d4cf9c413d4f6edb24aabdccab49ca4a"},"headline":"Manuel Adorni se prepara para su presentaci\u00f3n en Diputados","datePublished":"2026-04-25T21:36:50+00:00","mainEntityOfPage":{"@id":"https:\/\/radioinfinitagoya.com.ar\/v1\/2026\/04\/25\/manuel-adorni-se-prepara-para-su-presentacion-en-diputados\/"},"wordCount":829,"commentCount":0,"publisher":{"@id":"https:\/\/radioinfinitagoya.com.ar\/v1\/#organization"},"image":{"@id":"https:\/\/radioinfinitagoya.com.ar\/v1\/2026\/04\/25\/manuel-adorni-se-prepara-para-su-presentacion-en-diputados\/#primaryimage"},"thumbnailUrl":"https:\/\/radioinfinitagoya.com.ar\/v1\/wp-content\/uploads\/2026\/04\/ZSXSY4DZIFBMXCMUVQG3MXDQ6I-1.avif","articleSection":["DESTACADOS"],"inLanguage":"es-AR","potentialAction":[{"@type":"CommentAction","name":"Comment","target":["https:\/\/radioinfinitagoya.com.ar\/v1\/2026\/04\/25\/manuel-adorni-se-prepara-para-su-presentacion-en-diputados\/#respond"]}]},{"@type":"WebPage","@id":"https:\/\/radioinfinitagoya.com.ar\/v1\/2026\/04\/25\/manuel-adorni-se-prepara-para-su-presentacion-en-diputados\/","url":"https:\/\/radioinfinitagoya.com.ar\/v1\/2026\/04\/25\/manuel-adorni-se-prepara-para-su-presentacion-en-diputados\/","name":"Manuel Adorni se prepara para su presentaci\u00f3n en Diputados - Radio Infinita Goya","isPartOf":{"@id":"https:\/\/radioinfinitagoya.com.ar\/v1\/#website"},"primaryImageOfPage":{"@id":"https:\/\/radioinfinitagoya.com.ar\/v1\/2026\/04\/25\/manuel-adorni-se-prepara-para-su-presentacion-en-diputados\/#primaryimage"},"image":{"@id":"https:\/\/radioinfinitagoya.com.ar\/v1\/2026\/04\/25\/manuel-adorni-se-prepara-para-su-presentacion-en-diputados\/#primaryimage"},"thumbnailUrl":"https:\/\/radioinfinitagoya.com.ar\/v1\/wp-content\/uploads\/2026\/04\/ZSXSY4DZIFBMXCMUVQG3MXDQ6I-1.avif","datePublished":"2026-04-25T21:36:50+00:00","description":"M\u00e1s de 6 horas, preguntas por bloque y la estrategia libertaria: c\u00f3mo ser\u00e1 el informe de gesti\u00f3n de Adorni El jefe de Gabinete ir\u00e1 a la C\u00e1mara de","breadcrumb":{"@id":"https:\/\/radioinfinitagoya.com.ar\/v1\/2026\/04\/25\/manuel-adorni-se-prepara-para-su-presentacion-en-diputados\/#breadcrumb"},"inLanguage":"es-AR","potentialAction":[{"@type":"ReadAction","target":["https:\/\/radioinfinitagoya.com.ar\/v1\/2026\/04\/25\/manuel-adorni-se-prepara-para-su-presentacion-en-diputados\/"]}]},{"@type":"ImageObject","inLanguage":"es-AR","@id":"https:\/\/radioinfinitagoya.com.ar\/v1\/2026\/04\/25\/manuel-adorni-se-prepara-para-su-presentacion-en-diputados\/#primaryimage","url":"https:\/\/radioinfinitagoya.com.ar\/v1\/wp-content\/uploads\/2026\/04\/ZSXSY4DZIFBMXCMUVQG3MXDQ6I-1.avif","contentUrl":"https:\/\/radioinfinitagoya.com.ar\/v1\/wp-content\/uploads\/2026\/04\/ZSXSY4DZIFBMXCMUVQG3MXDQ6I-1.avif","width":768,"height":432},{"@type":"BreadcrumbList","@id":"https:\/\/radioinfinitagoya.com.ar\/v1\/2026\/04\/25\/manuel-adorni-se-prepara-para-su-presentacion-en-diputados\/#breadcrumb","itemListElement":[{"@type":"ListItem","position":1,"name":"Inicio","item":"https:\/\/radioinfinitagoya.com.ar\/v1\/"},{"@type":"ListItem","position":2,"name":"Manuel Adorni se prepara para su presentaci\u00f3n en Diputados"}]},{"@type":"WebSite","@id":"https:\/\/radioinfinitagoya.com.ar\/v1\/#website","url":"https:\/\/radioinfinitagoya.com.ar\/v1\/","name":"radioinfinitagoya.com.ar","description":"Radio de noticias","publisher":{"@id":"https:\/\/radioinfinitagoya.com.ar\/v1\/#organization"},"potentialAction":[{"@type":"SearchAction","target":{"@type":"EntryPoint","urlTemplate":"https:\/\/radioinfinitagoya.com.ar\/v1\/?s={search_term_string}"},"query-input":{"@type":"PropertyValueSpecification","valueRequired":true,"valueName":"search_term_string"}}],"inLanguage":"es-AR"},{"@type":"Organization","@id":"https:\/\/radioinfinitagoya.com.ar\/v1\/#organization","name":"Radio Infinita Goya","url":"https:\/\/radioinfinitagoya.com.ar\/v1\/","logo":{"@type":"ImageObject","inLanguage":"es-AR","@id":"https:\/\/radioinfinitagoya.com.ar\/v1\/#\/schema\/logo\/image\/","url":"https:\/\/radioinfinitagoya.com.ar\/v1\/wp-content\/uploads\/2019\/11\/logo-pie-web.png","contentUrl":"https:\/\/radioinfinitagoya.com.ar\/v1\/wp-content\/uploads\/2019\/11\/logo-pie-web.png","width":635,"height":326,"caption":"Radio Infinita Goya"},"image":{"@id":"https:\/\/radioinfinitagoya.com.ar\/v1\/#\/schema\/logo\/image\/"},"sameAs":["https:\/\/www.facebook.com\/p\/Infinita-Goya-100063870918311\/"]},{"@type":"Person","@id":"https:\/\/radioinfinitagoya.com.ar\/v1\/#\/schema\/person\/d4cf9c413d4f6edb24aabdccab49ca4a","name":"Jorge Mi\u00f1o","image":{"@type":"ImageObject","inLanguage":"es-AR","@id":"https:\/\/secure.gravatar.com\/avatar\/910fcf6728fe95320e07a6643c1581fec1c7fc4bf8ae12e3d8f0d0373dc844be?s=96&d=mm&r=g","url":"https:\/\/secure.gravatar.com\/avatar\/910fcf6728fe95320e07a6643c1581fec1c7fc4bf8ae12e3d8f0d0373dc844be?s=96&d=mm&r=g","contentUrl":"https:\/\/secure.gravatar.com\/avatar\/910fcf6728fe95320e07a6643c1581fec1c7fc4bf8ae12e3d8f0d0373dc844be?s=96&d=mm&r=g","caption":"Jorge Mi\u00f1o"},"sameAs":["http:\/\/radioinfinitagoya.com.ar"]}]}},"_links":{"self":[{"href":"https:\/\/radioinfinitagoya.com.ar\/v1\/wp-json\/wp\/v2\/posts\/213683","targetHints":{"allow":["GET"]}}],"collection":[{"href":"https:\/\/radioinfinitagoya.com.ar\/v1\/wp-json\/wp\/v2\/posts"}],"about":[{"href":"https:\/\/radioinfinitagoya.com.ar\/v1\/wp-json\/wp\/v2\/types\/post"}],"author":[{"embeddable":true,"href":"https:\/\/radioinfinitagoya.com.ar\/v1\/wp-json\/wp\/v2\/users\/4"}],"replies":[{"embeddable":true,"href":"https:\/\/radioinfinitagoya.com.ar\/v1\/wp-json\/wp\/v2\/comments?post=213683"}],"version-history":[{"count":1,"href":"https:\/\/radioinfinitagoya.com.ar\/v1\/wp-json\/wp\/v2\/posts\/213683\/revisions"}],"predecessor-version":[{"id":213688,"href":"https:\/\/radioinfinitagoya.com.ar\/v1\/wp-json\/wp\/v2\/posts\/213683\/revisions\/213688"}],"wp:featuredmedia":[{"embeddable":true,"href":"https:\/\/radioinfinitagoya.com.ar\/v1\/wp-json\/wp\/v2\/media\/213684"}],"wp:attachment":[{"href":"https:\/\/radioinfinitagoya.com.ar\/v1\/wp-json\/wp\/v2\/media?parent=213683"}],"wp:term":[{"taxonomy":"category","embeddable":true,"href":"https:\/\/radioinfinitagoya.com.ar\/v1\/wp-json\/wp\/v2\/categories?post=213683"},{"taxonomy":"post_tag","embeddable":true,"href":"https:\/\/radioinfinitagoya.com.ar\/v1\/wp-json\/wp\/v2\/tags?post=213683"}],"curies":[{"name":"wp","href":"https:\/\/api.w.org\/{rel}","templated":true}]}}