{"id":213710,"date":"2026-04-26T17:26:48","date_gmt":"2026-04-26T20:26:48","guid":{"rendered":"https:\/\/radioinfinitagoya.com.ar\/v1\/?p=213710"},"modified":"2026-04-26T17:26:48","modified_gmt":"2026-04-26T20:26:48","slug":"hospital-pediatrico-de-goya","status":"publish","type":"post","link":"https:\/\/radioinfinitagoya.com.ar\/v1\/2026\/04\/26\/hospital-pediatrico-de-goya\/","title":{"rendered":"Hospital Pedi\u00e1trico de Goya"},"content":{"rendered":"<p>Un pilar regional con m\u00e1s de 8.000 atenciones en lo que va del a\u00f1o<\/p>\n<p>El nosocomio, brinda m\u00e1s de quince servicios dirigidos a ni\u00f1os, ni\u00f1as y adolescentes. La directora de la instituci\u00f3n, indic\u00f3 que uno de los m\u00e1s requeridos fue Otorrinolaringolog\u00eda, Psicolog\u00eda y Fonoaudiolog\u00eda.<\/p>\n<p>El hospital pedi\u00e1trico de Goya \u201c\u00c1ngel de la Guarda\u201d que depende del Ministerio de Salud P\u00fablica a cargo de Emilio Lanari Zubiaur, realiz\u00f3 m\u00e1s de 8.800 mil atenciones en los primeros meses de este a\u00f1o. Entre los servicios m\u00e1s requeridos se encuentra Fonoaudiolog\u00eda y Psicolog\u00eda pedi\u00e1trica. Tambi\u00e9n, precisaron que hubo, hasta la segunda semana de abril inclusive, cerca de 600 internaciones.<\/p>\n<p>La directora del nosocomio, Valeria Agostina Heine, indic\u00f3 que, desde enero hasta el viernes 17 de abril, &#8220;se registraron 8.874 atenciones en el centro de salud&#8221;. El hospital, cuenta con m\u00e1s de quince servicios y entre estos se encuentra Psicolog\u00eda pedi\u00e1trica que tuvo 393 consultas.<\/p>\n<p>Otras de las \u00e1reas con n\u00famero similar fue Fonoaudiolog\u00eda con 368 pacientes atendidos. En Otorrinolaringolog\u00eda pedi\u00e1trica, fueron 278. Adem\u00e1s, en Cardiolog\u00eda \u2013electrocardiograma- 181 y en Neumonolog\u00eda, 62.<\/p>\n<p>Tambi\u00e9n, recibieron pacientes en Psicopedagog\u00eda, Quemados, Ecograf\u00eda, Salud Mental, Nutrici\u00f3n, Medicina General, Emergencia y Cirug\u00eda General, entre otras.<\/p>\n<p>El hospital fue inaugurado en agosto del 2025 por el Gobierno provincial. La instituci\u00f3n fue consolidada como un proyecto clave para fortalecer la infraestructura de atenci\u00f3n m\u00e9dica infantil en la regi\u00f3n. El edificio abarca un total de 1.700 metros cuadrados, distribuidos en dos plantas.<\/p>\n","protected":false},"excerpt":{"rendered":"<p>Un pilar regional con m\u00e1s de 8.000 atenciones en lo que va del a\u00f1o El nosocomio, brinda m\u00e1s de quince servicios dirigidos a ni\u00f1os, ni\u00f1as y adolescentes. La directora de la instituci\u00f3n, indic\u00f3 que uno de los m\u00e1s requeridos fue Otorrinolaringolog\u00eda, Psicolog\u00eda y Fonoaudiolog\u00eda. El hospital pedi\u00e1trico de Goya \u201c\u00c1ngel de la Guarda\u201d que depende [&hellip;]<\/p>\n","protected":false},"author":4,"featured_media":213711,"comment_status":"open","ping_status":"open","sticky":false,"template":"","format":"standard","meta":{"_joinchat":[],"footnotes":""},"categories":[27],"tags":[],"class_list":{"0":"post-213710","1":"post","2":"type-post","3":"status-publish","4":"format-standard","5":"has-post-thumbnail","7":"category-locales"},"yoast_head":"<!-- This site is optimized with the Yoast SEO plugin v27.2 - https:\/\/yoast.com\/product\/yoast-seo-wordpress\/ -->\n<title>Hospital Pedi\u00e1trico de Goya - Radio Infinita Goya<\/title>\n<meta name=\"description\" content=\"Un pilar regional con m\u00e1s de 8.000 atenciones en lo que va del a\u00f1o El nosocomio, brinda m\u00e1s de quince servicios dirigidos a ni\u00f1os, ni\u00f1as y adolescentes.\" \/>\n<meta name=\"robots\" content=\"index, follow, max-snippet:-1, max-image-preview:large, max-video-preview:-1\" \/>\n<link rel=\"canonical\" href=\"https:\/\/radioinfinitagoya.com.ar\/v1\/2026\/04\/26\/hospital-pediatrico-de-goya\/\" \/>\n<meta property=\"og:locale\" content=\"es_ES\" \/>\n<meta property=\"og:type\" content=\"article\" \/>\n<meta property=\"og:title\" content=\"Hospital Pedi\u00e1trico de Goya - Radio Infinita Goya\" \/>\n<meta property=\"og:description\" content=\"Un pilar regional con m\u00e1s de 8.000 atenciones en lo que va del a\u00f1o El nosocomio, brinda m\u00e1s de quince servicios dirigidos a ni\u00f1os, ni\u00f1as y adolescentes.\" \/>\n<meta property=\"og:url\" content=\"https:\/\/radioinfinitagoya.com.ar\/v1\/2026\/04\/26\/hospital-pediatrico-de-goya\/\" \/>\n<meta property=\"og:site_name\" content=\"Radio Infinita Goya\" \/>\n<meta property=\"article:publisher\" content=\"https:\/\/www.facebook.com\/p\/Infinita-Goya-100063870918311\/\" \/>\n<meta property=\"article:published_time\" content=\"2026-04-26T20:26:48+00:00\" \/>\n<meta property=\"og:image\" content=\"https:\/\/radioinfinitagoya.com.ar\/v1\/wp-content\/uploads\/2026\/04\/605863183_122339846306000646_6977222344395040328_n.jpg\" \/>\n\t<meta property=\"og:image:width\" content=\"717\" \/>\n\t<meta property=\"og:image:height\" content=\"480\" \/>\n\t<meta property=\"og:image:type\" content=\"image\/jpeg\" \/>\n<meta name=\"author\" content=\"Jorge Mi\u00f1o\" \/>\n<meta name=\"twitter:card\" content=\"summary_large_image\" \/>\n<meta name=\"twitter:label1\" content=\"Escrito por\" \/>\n\t<meta name=\"twitter:data1\" content=\"Jorge Mi\u00f1o\" \/>\n\t<meta name=\"twitter:label2\" content=\"Tiempo de lectura\" \/>\n\t<meta name=\"twitter:data2\" content=\"2 minutos\" \/>\n<script type=\"application\/ld+json\" class=\"yoast-schema-graph\">{\"@context\":\"https:\/\/schema.org\",\"@graph\":[{\"@type\":\"Article\",\"@id\":\"https:\/\/radioinfinitagoya.com.ar\/v1\/2026\/04\/26\/hospital-pediatrico-de-goya\/#article\",\"isPartOf\":{\"@id\":\"https:\/\/radioinfinitagoya.com.ar\/v1\/2026\/04\/26\/hospital-pediatrico-de-goya\/\"},\"author\":{\"name\":\"Jorge Mi\u00f1o\",\"@id\":\"https:\/\/radioinfinitagoya.com.ar\/v1\/#\/schema\/person\/d4cf9c413d4f6edb24aabdccab49ca4a\"},\"headline\":\"Hospital Pedi\u00e1trico de Goya\",\"datePublished\":\"2026-04-26T20:26:48+00:00\",\"mainEntityOfPage\":{\"@id\":\"https:\/\/radioinfinitagoya.com.ar\/v1\/2026\/04\/26\/hospital-pediatrico-de-goya\/\"},\"wordCount\":270,\"commentCount\":0,\"publisher\":{\"@id\":\"https:\/\/radioinfinitagoya.com.ar\/v1\/#organization\"},\"image\":{\"@id\":\"https:\/\/radioinfinitagoya.com.ar\/v1\/2026\/04\/26\/hospital-pediatrico-de-goya\/#primaryimage\"},\"thumbnailUrl\":\"https:\/\/radioinfinitagoya.com.ar\/v1\/wp-content\/uploads\/2026\/04\/605863183_122339846306000646_6977222344395040328_n.jpg\",\"articleSection\":[\"LOCALES\"],\"inLanguage\":\"es-AR\",\"potentialAction\":[{\"@type\":\"CommentAction\",\"name\":\"Comment\",\"target\":[\"https:\/\/radioinfinitagoya.com.ar\/v1\/2026\/04\/26\/hospital-pediatrico-de-goya\/#respond\"]}]},{\"@type\":\"WebPage\",\"@id\":\"https:\/\/radioinfinitagoya.com.ar\/v1\/2026\/04\/26\/hospital-pediatrico-de-goya\/\",\"url\":\"https:\/\/radioinfinitagoya.com.ar\/v1\/2026\/04\/26\/hospital-pediatrico-de-goya\/\",\"name\":\"Hospital Pedi\u00e1trico de Goya - Radio Infinita Goya\",\"isPartOf\":{\"@id\":\"https:\/\/radioinfinitagoya.com.ar\/v1\/#website\"},\"primaryImageOfPage\":{\"@id\":\"https:\/\/radioinfinitagoya.com.ar\/v1\/2026\/04\/26\/hospital-pediatrico-de-goya\/#primaryimage\"},\"image\":{\"@id\":\"https:\/\/radioinfinitagoya.com.ar\/v1\/2026\/04\/26\/hospital-pediatrico-de-goya\/#primaryimage\"},\"thumbnailUrl\":\"https:\/\/radioinfinitagoya.com.ar\/v1\/wp-content\/uploads\/2026\/04\/605863183_122339846306000646_6977222344395040328_n.jpg\",\"datePublished\":\"2026-04-26T20:26:48+00:00\",\"description\":\"Un pilar regional con m\u00e1s de 8.000 atenciones en lo que va del a\u00f1o El nosocomio, brinda m\u00e1s de quince servicios dirigidos a ni\u00f1os, ni\u00f1as y adolescentes.\",\"breadcrumb\":{\"@id\":\"https:\/\/radioinfinitagoya.com.ar\/v1\/2026\/04\/26\/hospital-pediatrico-de-goya\/#breadcrumb\"},\"inLanguage\":\"es-AR\",\"potentialAction\":[{\"@type\":\"ReadAction\",\"target\":[\"https:\/\/radioinfinitagoya.com.ar\/v1\/2026\/04\/26\/hospital-pediatrico-de-goya\/\"]}]},{\"@type\":\"ImageObject\",\"inLanguage\":\"es-AR\",\"@id\":\"https:\/\/radioinfinitagoya.com.ar\/v1\/2026\/04\/26\/hospital-pediatrico-de-goya\/#primaryimage\",\"url\":\"https:\/\/radioinfinitagoya.com.ar\/v1\/wp-content\/uploads\/2026\/04\/605863183_122339846306000646_6977222344395040328_n.jpg\",\"contentUrl\":\"https:\/\/radioinfinitagoya.com.ar\/v1\/wp-content\/uploads\/2026\/04\/605863183_122339846306000646_6977222344395040328_n.jpg\",\"width\":717,\"height\":480},{\"@type\":\"BreadcrumbList\",\"@id\":\"https:\/\/radioinfinitagoya.com.ar\/v1\/2026\/04\/26\/hospital-pediatrico-de-goya\/#breadcrumb\",\"itemListElement\":[{\"@type\":\"ListItem\",\"position\":1,\"name\":\"Inicio\",\"item\":\"https:\/\/radioinfinitagoya.com.ar\/v1\/\"},{\"@type\":\"ListItem\",\"position\":2,\"name\":\"Hospital Pedi\u00e1trico de Goya\"}]},{\"@type\":\"WebSite\",\"@id\":\"https:\/\/radioinfinitagoya.com.ar\/v1\/#website\",\"url\":\"https:\/\/radioinfinitagoya.com.ar\/v1\/\",\"name\":\"radioinfinitagoya.com.ar\",\"description\":\"Radio de noticias\",\"publisher\":{\"@id\":\"https:\/\/radioinfinitagoya.com.ar\/v1\/#organization\"},\"potentialAction\":[{\"@type\":\"SearchAction\",\"target\":{\"@type\":\"EntryPoint\",\"urlTemplate\":\"https:\/\/radioinfinitagoya.com.ar\/v1\/?s={search_term_string}\"},\"query-input\":{\"@type\":\"PropertyValueSpecification\",\"valueRequired\":true,\"valueName\":\"search_term_string\"}}],\"inLanguage\":\"es-AR\"},{\"@type\":\"Organization\",\"@id\":\"https:\/\/radioinfinitagoya.com.ar\/v1\/#organization\",\"name\":\"Radio Infinita Goya\",\"url\":\"https:\/\/radioinfinitagoya.com.ar\/v1\/\",\"logo\":{\"@type\":\"ImageObject\",\"inLanguage\":\"es-AR\",\"@id\":\"https:\/\/radioinfinitagoya.com.ar\/v1\/#\/schema\/logo\/image\/\",\"url\":\"https:\/\/radioinfinitagoya.com.ar\/v1\/wp-content\/uploads\/2019\/11\/logo-pie-web.png\",\"contentUrl\":\"https:\/\/radioinfinitagoya.com.ar\/v1\/wp-content\/uploads\/2019\/11\/logo-pie-web.png\",\"width\":635,\"height\":326,\"caption\":\"Radio Infinita Goya\"},\"image\":{\"@id\":\"https:\/\/radioinfinitagoya.com.ar\/v1\/#\/schema\/logo\/image\/\"},\"sameAs\":[\"https:\/\/www.facebook.com\/p\/Infinita-Goya-100063870918311\/\"]},{\"@type\":\"Person\",\"@id\":\"https:\/\/radioinfinitagoya.com.ar\/v1\/#\/schema\/person\/d4cf9c413d4f6edb24aabdccab49ca4a\",\"name\":\"Jorge Mi\u00f1o\",\"image\":{\"@type\":\"ImageObject\",\"inLanguage\":\"es-AR\",\"@id\":\"https:\/\/secure.gravatar.com\/avatar\/910fcf6728fe95320e07a6643c1581fec1c7fc4bf8ae12e3d8f0d0373dc844be?s=96&d=mm&r=g\",\"url\":\"https:\/\/secure.gravatar.com\/avatar\/910fcf6728fe95320e07a6643c1581fec1c7fc4bf8ae12e3d8f0d0373dc844be?s=96&d=mm&r=g\",\"contentUrl\":\"https:\/\/secure.gravatar.com\/avatar\/910fcf6728fe95320e07a6643c1581fec1c7fc4bf8ae12e3d8f0d0373dc844be?s=96&d=mm&r=g\",\"caption\":\"Jorge Mi\u00f1o\"},\"sameAs\":[\"http:\/\/radioinfinitagoya.com.ar\"]}]}<\/script>\n<!-- \/ Yoast SEO plugin. -->","yoast_head_json":{"title":"Hospital Pedi\u00e1trico de Goya - Radio Infinita Goya","description":"Un pilar regional con m\u00e1s de 8.000 atenciones en lo que va del a\u00f1o El nosocomio, brinda m\u00e1s de quince servicios dirigidos a ni\u00f1os, ni\u00f1as y adolescentes.","robots":{"index":"index","follow":"follow","max-snippet":"max-snippet:-1","max-image-preview":"max-image-preview:large","max-video-preview":"max-video-preview:-1"},"canonical":"https:\/\/radioinfinitagoya.com.ar\/v1\/2026\/04\/26\/hospital-pediatrico-de-goya\/","og_locale":"es_ES","og_type":"article","og_title":"Hospital Pedi\u00e1trico de Goya - Radio Infinita Goya","og_description":"Un pilar regional con m\u00e1s de 8.000 atenciones en lo que va del a\u00f1o El nosocomio, brinda m\u00e1s de quince servicios dirigidos a ni\u00f1os, ni\u00f1as y adolescentes.","og_url":"https:\/\/radioinfinitagoya.com.ar\/v1\/2026\/04\/26\/hospital-pediatrico-de-goya\/","og_site_name":"Radio Infinita Goya","article_publisher":"https:\/\/www.facebook.com\/p\/Infinita-Goya-100063870918311\/","article_published_time":"2026-04-26T20:26:48+00:00","og_image":[{"width":717,"height":480,"url":"https:\/\/radioinfinitagoya.com.ar\/v1\/wp-content\/uploads\/2026\/04\/605863183_122339846306000646_6977222344395040328_n.jpg","type":"image\/jpeg"}],"author":"Jorge Mi\u00f1o","twitter_card":"summary_large_image","twitter_misc":{"Escrito por":"Jorge Mi\u00f1o","Tiempo de lectura":"2 minutos"},"schema":{"@context":"https:\/\/schema.org","@graph":[{"@type":"Article","@id":"https:\/\/radioinfinitagoya.com.ar\/v1\/2026\/04\/26\/hospital-pediatrico-de-goya\/#article","isPartOf":{"@id":"https:\/\/radioinfinitagoya.com.ar\/v1\/2026\/04\/26\/hospital-pediatrico-de-goya\/"},"author":{"name":"Jorge Mi\u00f1o","@id":"https:\/\/radioinfinitagoya.com.ar\/v1\/#\/schema\/person\/d4cf9c413d4f6edb24aabdccab49ca4a"},"headline":"Hospital Pedi\u00e1trico de Goya","datePublished":"2026-04-26T20:26:48+00:00","mainEntityOfPage":{"@id":"https:\/\/radioinfinitagoya.com.ar\/v1\/2026\/04\/26\/hospital-pediatrico-de-goya\/"},"wordCount":270,"commentCount":0,"publisher":{"@id":"https:\/\/radioinfinitagoya.com.ar\/v1\/#organization"},"image":{"@id":"https:\/\/radioinfinitagoya.com.ar\/v1\/2026\/04\/26\/hospital-pediatrico-de-goya\/#primaryimage"},"thumbnailUrl":"https:\/\/radioinfinitagoya.com.ar\/v1\/wp-content\/uploads\/2026\/04\/605863183_122339846306000646_6977222344395040328_n.jpg","articleSection":["LOCALES"],"inLanguage":"es-AR","potentialAction":[{"@type":"CommentAction","name":"Comment","target":["https:\/\/radioinfinitagoya.com.ar\/v1\/2026\/04\/26\/hospital-pediatrico-de-goya\/#respond"]}]},{"@type":"WebPage","@id":"https:\/\/radioinfinitagoya.com.ar\/v1\/2026\/04\/26\/hospital-pediatrico-de-goya\/","url":"https:\/\/radioinfinitagoya.com.ar\/v1\/2026\/04\/26\/hospital-pediatrico-de-goya\/","name":"Hospital Pedi\u00e1trico de Goya - Radio Infinita Goya","isPartOf":{"@id":"https:\/\/radioinfinitagoya.com.ar\/v1\/#website"},"primaryImageOfPage":{"@id":"https:\/\/radioinfinitagoya.com.ar\/v1\/2026\/04\/26\/hospital-pediatrico-de-goya\/#primaryimage"},"image":{"@id":"https:\/\/radioinfinitagoya.com.ar\/v1\/2026\/04\/26\/hospital-pediatrico-de-goya\/#primaryimage"},"thumbnailUrl":"https:\/\/radioinfinitagoya.com.ar\/v1\/wp-content\/uploads\/2026\/04\/605863183_122339846306000646_6977222344395040328_n.jpg","datePublished":"2026-04-26T20:26:48+00:00","description":"Un pilar regional con m\u00e1s de 8.000 atenciones en lo que va del a\u00f1o El nosocomio, brinda m\u00e1s de quince servicios dirigidos a ni\u00f1os, ni\u00f1as y adolescentes.","breadcrumb":{"@id":"https:\/\/radioinfinitagoya.com.ar\/v1\/2026\/04\/26\/hospital-pediatrico-de-goya\/#breadcrumb"},"inLanguage":"es-AR","potentialAction":[{"@type":"ReadAction","target":["https:\/\/radioinfinitagoya.com.ar\/v1\/2026\/04\/26\/hospital-pediatrico-de-goya\/"]}]},{"@type":"ImageObject","inLanguage":"es-AR","@id":"https:\/\/radioinfinitagoya.com.ar\/v1\/2026\/04\/26\/hospital-pediatrico-de-goya\/#primaryimage","url":"https:\/\/radioinfinitagoya.com.ar\/v1\/wp-content\/uploads\/2026\/04\/605863183_122339846306000646_6977222344395040328_n.jpg","contentUrl":"https:\/\/radioinfinitagoya.com.ar\/v1\/wp-content\/uploads\/2026\/04\/605863183_122339846306000646_6977222344395040328_n.jpg","width":717,"height":480},{"@type":"BreadcrumbList","@id":"https:\/\/radioinfinitagoya.com.ar\/v1\/2026\/04\/26\/hospital-pediatrico-de-goya\/#breadcrumb","itemListElement":[{"@type":"ListItem","position":1,"name":"Inicio","item":"https:\/\/radioinfinitagoya.com.ar\/v1\/"},{"@type":"ListItem","position":2,"name":"Hospital Pedi\u00e1trico de Goya"}]},{"@type":"WebSite","@id":"https:\/\/radioinfinitagoya.com.ar\/v1\/#website","url":"https:\/\/radioinfinitagoya.com.ar\/v1\/","name":"radioinfinitagoya.com.ar","description":"Radio de noticias","publisher":{"@id":"https:\/\/radioinfinitagoya.com.ar\/v1\/#organization"},"potentialAction":[{"@type":"SearchAction","target":{"@type":"EntryPoint","urlTemplate":"https:\/\/radioinfinitagoya.com.ar\/v1\/?s={search_term_string}"},"query-input":{"@type":"PropertyValueSpecification","valueRequired":true,"valueName":"search_term_string"}}],"inLanguage":"es-AR"},{"@type":"Organization","@id":"https:\/\/radioinfinitagoya.com.ar\/v1\/#organization","name":"Radio Infinita Goya","url":"https:\/\/radioinfinitagoya.com.ar\/v1\/","logo":{"@type":"ImageObject","inLanguage":"es-AR","@id":"https:\/\/radioinfinitagoya.com.ar\/v1\/#\/schema\/logo\/image\/","url":"https:\/\/radioinfinitagoya.com.ar\/v1\/wp-content\/uploads\/2019\/11\/logo-pie-web.png","contentUrl":"https:\/\/radioinfinitagoya.com.ar\/v1\/wp-content\/uploads\/2019\/11\/logo-pie-web.png","width":635,"height":326,"caption":"Radio Infinita Goya"},"image":{"@id":"https:\/\/radioinfinitagoya.com.ar\/v1\/#\/schema\/logo\/image\/"},"sameAs":["https:\/\/www.facebook.com\/p\/Infinita-Goya-100063870918311\/"]},{"@type":"Person","@id":"https:\/\/radioinfinitagoya.com.ar\/v1\/#\/schema\/person\/d4cf9c413d4f6edb24aabdccab49ca4a","name":"Jorge Mi\u00f1o","image":{"@type":"ImageObject","inLanguage":"es-AR","@id":"https:\/\/secure.gravatar.com\/avatar\/910fcf6728fe95320e07a6643c1581fec1c7fc4bf8ae12e3d8f0d0373dc844be?s=96&d=mm&r=g","url":"https:\/\/secure.gravatar.com\/avatar\/910fcf6728fe95320e07a6643c1581fec1c7fc4bf8ae12e3d8f0d0373dc844be?s=96&d=mm&r=g","contentUrl":"https:\/\/secure.gravatar.com\/avatar\/910fcf6728fe95320e07a6643c1581fec1c7fc4bf8ae12e3d8f0d0373dc844be?s=96&d=mm&r=g","caption":"Jorge Mi\u00f1o"},"sameAs":["http:\/\/radioinfinitagoya.com.ar"]}]}},"_links":{"self":[{"href":"https:\/\/radioinfinitagoya.com.ar\/v1\/wp-json\/wp\/v2\/posts\/213710","targetHints":{"allow":["GET"]}}],"collection":[{"href":"https:\/\/radioinfinitagoya.com.ar\/v1\/wp-json\/wp\/v2\/posts"}],"about":[{"href":"https:\/\/radioinfinitagoya.com.ar\/v1\/wp-json\/wp\/v2\/types\/post"}],"author":[{"embeddable":true,"href":"https:\/\/radioinfinitagoya.com.ar\/v1\/wp-json\/wp\/v2\/users\/4"}],"replies":[{"embeddable":true,"href":"https:\/\/radioinfinitagoya.com.ar\/v1\/wp-json\/wp\/v2\/comments?post=213710"}],"version-history":[{"count":1,"href":"https:\/\/radioinfinitagoya.com.ar\/v1\/wp-json\/wp\/v2\/posts\/213710\/revisions"}],"predecessor-version":[{"id":213712,"href":"https:\/\/radioinfinitagoya.com.ar\/v1\/wp-json\/wp\/v2\/posts\/213710\/revisions\/213712"}],"wp:featuredmedia":[{"embeddable":true,"href":"https:\/\/radioinfinitagoya.com.ar\/v1\/wp-json\/wp\/v2\/media\/213711"}],"wp:attachment":[{"href":"https:\/\/radioinfinitagoya.com.ar\/v1\/wp-json\/wp\/v2\/media?parent=213710"}],"wp:term":[{"taxonomy":"category","embeddable":true,"href":"https:\/\/radioinfinitagoya.com.ar\/v1\/wp-json\/wp\/v2\/categories?post=213710"},{"taxonomy":"post_tag","embeddable":true,"href":"https:\/\/radioinfinitagoya.com.ar\/v1\/wp-json\/wp\/v2\/tags?post=213710"}],"curies":[{"name":"wp","href":"https:\/\/api.w.org\/{rel}","templated":true}]}}