{"id":213713,"date":"2026-04-26T17:31:31","date_gmt":"2026-04-26T20:31:31","guid":{"rendered":"https:\/\/radioinfinitagoya.com.ar\/v1\/?p=213713"},"modified":"2026-04-26T17:31:31","modified_gmt":"2026-04-26T20:31:31","slug":"nea-la-crisis-empuja-a-la-busqueda-de-otro-trabajo","status":"publish","type":"post","link":"https:\/\/radioinfinitagoya.com.ar\/v1\/2026\/04\/26\/nea-la-crisis-empuja-a-la-busqueda-de-otro-trabajo\/","title":{"rendered":"NEA: la crisis empuja a la b\u00fasqueda de otro trabajo"},"content":{"rendered":"<p>El fen\u00f3meno refleja un cambio m\u00e1s profundo en el funcionamiento del mercado laboral, donde incluso quienes tienen ocupaci\u00f3n formal o informal se ven obligados a sumar nuevas fuentes de ingreso para sostener su nivel de vida<\/p>\n<p>La econom\u00eda cotidiana volvi\u00f3 a quedar en el centro de la escena con un dato que sintetiza el deterioro del poder adquisitivo: 4 de cada 10 argentinos buscan otro trabajo porque sus ingresos no alcanzan. Lejos de tratarse de un problema exclusivo del desempleo, el fen\u00f3meno refleja un cambio m\u00e1s profundo en el funcionamiento del mercado laboral, donde incluso quienes tienen ocupaci\u00f3n formal o informal se ven obligados a sumar nuevas fuentes de ingreso para sostener su nivel de vida.<\/p>\n<p>El impacto no es homog\u00e9neo y muestra patrones claros tanto por edad como por regi\u00f3n. El informe indica que la situaci\u00f3n afecta principalmente a j\u00f3venes y adultos j\u00f3venes, que representan el 77% de quienes buscan un ingreso adicional, lo que revela una mayor vulnerabilidad en los segmentos econ\u00f3micamente activos.<\/p>\n<p>A su vez, el mapa territorial expone una presi\u00f3n m\u00e1s fuerte en determinadas zonas del pa\u00eds: mientras el Gran Buenos Aires concentra el mayor volumen, el norte argentino aparece como una de las regiones m\u00e1s comprometidas, con el NEA alcanzando el 19% y el NOA el 17% de la demanda de ingresos extra, muy por encima de otras regiones.<\/p>\n<p>Qui\u00e9nes buscan otro empleo<\/p>\n<p>El perfil de quienes buscan otro empleo refuerza la idea de que el problema excede la falta de trabajo. Predominan los trabajadores activos, especialmente aquellos vinculados a oficios independientes (28%) y empleados del sector privado (15%), lo que evidencia que el ingreso principal resulta insuficiente.<\/p>\n<p>Incluso aparece un dato que profundiza el diagn\u00f3stico: los jubilados representan el 14% de quienes necesitan otro ingreso, una se\u00f1al de que tampoco el sistema previsional logra garantizar estabilidad econ\u00f3mica.<\/p>\n<p>En ese marco, el estudio concluye que la problem\u00e1tica laboral ya no se define \u00fanicamente por el acceso al empleo, sino por su calidad y capacidad de sostener condiciones de vida. La necesidad de multiplicar ingresos se vuelve un fen\u00f3meno transversal que atraviesa edades, regiones y niveles de formalidad.<\/p>\n<p>Esta situaci\u00f3n, adem\u00e1s, comienza a proyectarse sobre el clima social y pol\u00edtico: la preocupaci\u00f3n econ\u00f3mica se vincula cada vez m\u00e1s con cuestionamientos a la gesti\u00f3n, la gobernabilidad y el funcionamiento del sistema, lo que transforma un dato econ\u00f3mico en un factor de tensi\u00f3n estructural.<\/p>\n","protected":false},"excerpt":{"rendered":"<p>El fen\u00f3meno refleja un cambio m\u00e1s profundo en el funcionamiento del mercado laboral, donde incluso quienes tienen ocupaci\u00f3n formal o informal se ven obligados a sumar nuevas fuentes de ingreso para sostener su nivel de vida La econom\u00eda cotidiana volvi\u00f3 a quedar en el centro de la escena con un dato que sintetiza el deterioro [&hellip;]<\/p>\n","protected":false},"author":4,"featured_media":213714,"comment_status":"open","ping_status":"open","sticky":false,"template":"","format":"standard","meta":{"_joinchat":[],"footnotes":""},"categories":[26],"tags":[],"class_list":{"0":"post-213713","1":"post","2":"type-post","3":"status-publish","4":"format-standard","5":"has-post-thumbnail","7":"category-provinciales"},"yoast_head":"<!-- This site is optimized with the Yoast SEO plugin v27.2 - https:\/\/yoast.com\/product\/yoast-seo-wordpress\/ -->\n<title>NEA: la crisis empuja a la b\u00fasqueda de otro trabajo - Radio Infinita Goya<\/title>\n<meta name=\"description\" content=\"El fen\u00f3meno refleja un cambio m\u00e1s profundo en el funcionamiento del mercado laboral, donde incluso quienes tienen ocupaci\u00f3n formal o informal se ven\" \/>\n<meta name=\"robots\" content=\"index, follow, max-snippet:-1, max-image-preview:large, max-video-preview:-1\" \/>\n<link rel=\"canonical\" href=\"https:\/\/radioinfinitagoya.com.ar\/v1\/2026\/04\/26\/nea-la-crisis-empuja-a-la-busqueda-de-otro-trabajo\/\" \/>\n<meta property=\"og:locale\" content=\"es_ES\" \/>\n<meta property=\"og:type\" content=\"article\" \/>\n<meta property=\"og:title\" content=\"NEA: la crisis empuja a la b\u00fasqueda de otro trabajo - Radio Infinita Goya\" \/>\n<meta property=\"og:description\" content=\"El fen\u00f3meno refleja un cambio m\u00e1s profundo en el funcionamiento del mercado laboral, donde incluso quienes tienen ocupaci\u00f3n formal o informal se ven\" \/>\n<meta property=\"og:url\" content=\"https:\/\/radioinfinitagoya.com.ar\/v1\/2026\/04\/26\/nea-la-crisis-empuja-a-la-busqueda-de-otro-trabajo\/\" \/>\n<meta property=\"og:site_name\" content=\"Radio Infinita Goya\" \/>\n<meta property=\"article:publisher\" content=\"https:\/\/www.facebook.com\/p\/Infinita-Goya-100063870918311\/\" \/>\n<meta property=\"article:published_time\" content=\"2026-04-26T20:31:31+00:00\" \/>\n<meta property=\"og:image\" content=\"https:\/\/radioinfinitagoya.com.ar\/v1\/wp-content\/uploads\/2026\/04\/1777208309770.webp\" \/>\n\t<meta property=\"og:image:width\" content=\"1200\" \/>\n\t<meta property=\"og:image:height\" content=\"675\" \/>\n\t<meta property=\"og:image:type\" content=\"image\/webp\" \/>\n<meta name=\"author\" content=\"Jorge Mi\u00f1o\" \/>\n<meta name=\"twitter:card\" content=\"summary_large_image\" \/>\n<meta name=\"twitter:label1\" content=\"Escrito por\" \/>\n\t<meta name=\"twitter:data1\" content=\"Jorge Mi\u00f1o\" \/>\n\t<meta name=\"twitter:label2\" content=\"Tiempo de lectura\" \/>\n\t<meta name=\"twitter:data2\" content=\"3 minutos\" \/>\n<script type=\"application\/ld+json\" class=\"yoast-schema-graph\">{\"@context\":\"https:\/\/schema.org\",\"@graph\":[{\"@type\":\"Article\",\"@id\":\"https:\/\/radioinfinitagoya.com.ar\/v1\/2026\/04\/26\/nea-la-crisis-empuja-a-la-busqueda-de-otro-trabajo\/#article\",\"isPartOf\":{\"@id\":\"https:\/\/radioinfinitagoya.com.ar\/v1\/2026\/04\/26\/nea-la-crisis-empuja-a-la-busqueda-de-otro-trabajo\/\"},\"author\":{\"name\":\"Jorge Mi\u00f1o\",\"@id\":\"https:\/\/radioinfinitagoya.com.ar\/v1\/#\/schema\/person\/d4cf9c413d4f6edb24aabdccab49ca4a\"},\"headline\":\"NEA: la crisis empuja a la b\u00fasqueda de otro trabajo\",\"datePublished\":\"2026-04-26T20:31:31+00:00\",\"mainEntityOfPage\":{\"@id\":\"https:\/\/radioinfinitagoya.com.ar\/v1\/2026\/04\/26\/nea-la-crisis-empuja-a-la-busqueda-de-otro-trabajo\/\"},\"wordCount\":431,\"commentCount\":0,\"publisher\":{\"@id\":\"https:\/\/radioinfinitagoya.com.ar\/v1\/#organization\"},\"image\":{\"@id\":\"https:\/\/radioinfinitagoya.com.ar\/v1\/2026\/04\/26\/nea-la-crisis-empuja-a-la-busqueda-de-otro-trabajo\/#primaryimage\"},\"thumbnailUrl\":\"https:\/\/radioinfinitagoya.com.ar\/v1\/wp-content\/uploads\/2026\/04\/1777208309770.webp\",\"articleSection\":[\"PROVINCIALES\"],\"inLanguage\":\"es-AR\",\"potentialAction\":[{\"@type\":\"CommentAction\",\"name\":\"Comment\",\"target\":[\"https:\/\/radioinfinitagoya.com.ar\/v1\/2026\/04\/26\/nea-la-crisis-empuja-a-la-busqueda-de-otro-trabajo\/#respond\"]}]},{\"@type\":\"WebPage\",\"@id\":\"https:\/\/radioinfinitagoya.com.ar\/v1\/2026\/04\/26\/nea-la-crisis-empuja-a-la-busqueda-de-otro-trabajo\/\",\"url\":\"https:\/\/radioinfinitagoya.com.ar\/v1\/2026\/04\/26\/nea-la-crisis-empuja-a-la-busqueda-de-otro-trabajo\/\",\"name\":\"NEA: la crisis empuja a la b\u00fasqueda de otro trabajo - Radio Infinita Goya\",\"isPartOf\":{\"@id\":\"https:\/\/radioinfinitagoya.com.ar\/v1\/#website\"},\"primaryImageOfPage\":{\"@id\":\"https:\/\/radioinfinitagoya.com.ar\/v1\/2026\/04\/26\/nea-la-crisis-empuja-a-la-busqueda-de-otro-trabajo\/#primaryimage\"},\"image\":{\"@id\":\"https:\/\/radioinfinitagoya.com.ar\/v1\/2026\/04\/26\/nea-la-crisis-empuja-a-la-busqueda-de-otro-trabajo\/#primaryimage\"},\"thumbnailUrl\":\"https:\/\/radioinfinitagoya.com.ar\/v1\/wp-content\/uploads\/2026\/04\/1777208309770.webp\",\"datePublished\":\"2026-04-26T20:31:31+00:00\",\"description\":\"El fen\u00f3meno refleja un cambio m\u00e1s profundo en el funcionamiento del mercado laboral, donde incluso quienes tienen ocupaci\u00f3n formal o informal se ven\",\"breadcrumb\":{\"@id\":\"https:\/\/radioinfinitagoya.com.ar\/v1\/2026\/04\/26\/nea-la-crisis-empuja-a-la-busqueda-de-otro-trabajo\/#breadcrumb\"},\"inLanguage\":\"es-AR\",\"potentialAction\":[{\"@type\":\"ReadAction\",\"target\":[\"https:\/\/radioinfinitagoya.com.ar\/v1\/2026\/04\/26\/nea-la-crisis-empuja-a-la-busqueda-de-otro-trabajo\/\"]}]},{\"@type\":\"ImageObject\",\"inLanguage\":\"es-AR\",\"@id\":\"https:\/\/radioinfinitagoya.com.ar\/v1\/2026\/04\/26\/nea-la-crisis-empuja-a-la-busqueda-de-otro-trabajo\/#primaryimage\",\"url\":\"https:\/\/radioinfinitagoya.com.ar\/v1\/wp-content\/uploads\/2026\/04\/1777208309770.webp\",\"contentUrl\":\"https:\/\/radioinfinitagoya.com.ar\/v1\/wp-content\/uploads\/2026\/04\/1777208309770.webp\",\"width\":1200,\"height\":675},{\"@type\":\"BreadcrumbList\",\"@id\":\"https:\/\/radioinfinitagoya.com.ar\/v1\/2026\/04\/26\/nea-la-crisis-empuja-a-la-busqueda-de-otro-trabajo\/#breadcrumb\",\"itemListElement\":[{\"@type\":\"ListItem\",\"position\":1,\"name\":\"Inicio\",\"item\":\"https:\/\/radioinfinitagoya.com.ar\/v1\/\"},{\"@type\":\"ListItem\",\"position\":2,\"name\":\"NEA: la crisis empuja a la b\u00fasqueda de otro trabajo\"}]},{\"@type\":\"WebSite\",\"@id\":\"https:\/\/radioinfinitagoya.com.ar\/v1\/#website\",\"url\":\"https:\/\/radioinfinitagoya.com.ar\/v1\/\",\"name\":\"radioinfinitagoya.com.ar\",\"description\":\"Radio de noticias\",\"publisher\":{\"@id\":\"https:\/\/radioinfinitagoya.com.ar\/v1\/#organization\"},\"potentialAction\":[{\"@type\":\"SearchAction\",\"target\":{\"@type\":\"EntryPoint\",\"urlTemplate\":\"https:\/\/radioinfinitagoya.com.ar\/v1\/?s={search_term_string}\"},\"query-input\":{\"@type\":\"PropertyValueSpecification\",\"valueRequired\":true,\"valueName\":\"search_term_string\"}}],\"inLanguage\":\"es-AR\"},{\"@type\":\"Organization\",\"@id\":\"https:\/\/radioinfinitagoya.com.ar\/v1\/#organization\",\"name\":\"Radio Infinita Goya\",\"url\":\"https:\/\/radioinfinitagoya.com.ar\/v1\/\",\"logo\":{\"@type\":\"ImageObject\",\"inLanguage\":\"es-AR\",\"@id\":\"https:\/\/radioinfinitagoya.com.ar\/v1\/#\/schema\/logo\/image\/\",\"url\":\"https:\/\/radioinfinitagoya.com.ar\/v1\/wp-content\/uploads\/2019\/11\/logo-pie-web.png\",\"contentUrl\":\"https:\/\/radioinfinitagoya.com.ar\/v1\/wp-content\/uploads\/2019\/11\/logo-pie-web.png\",\"width\":635,\"height\":326,\"caption\":\"Radio Infinita Goya\"},\"image\":{\"@id\":\"https:\/\/radioinfinitagoya.com.ar\/v1\/#\/schema\/logo\/image\/\"},\"sameAs\":[\"https:\/\/www.facebook.com\/p\/Infinita-Goya-100063870918311\/\"]},{\"@type\":\"Person\",\"@id\":\"https:\/\/radioinfinitagoya.com.ar\/v1\/#\/schema\/person\/d4cf9c413d4f6edb24aabdccab49ca4a\",\"name\":\"Jorge Mi\u00f1o\",\"image\":{\"@type\":\"ImageObject\",\"inLanguage\":\"es-AR\",\"@id\":\"https:\/\/secure.gravatar.com\/avatar\/910fcf6728fe95320e07a6643c1581fec1c7fc4bf8ae12e3d8f0d0373dc844be?s=96&d=mm&r=g\",\"url\":\"https:\/\/secure.gravatar.com\/avatar\/910fcf6728fe95320e07a6643c1581fec1c7fc4bf8ae12e3d8f0d0373dc844be?s=96&d=mm&r=g\",\"contentUrl\":\"https:\/\/secure.gravatar.com\/avatar\/910fcf6728fe95320e07a6643c1581fec1c7fc4bf8ae12e3d8f0d0373dc844be?s=96&d=mm&r=g\",\"caption\":\"Jorge Mi\u00f1o\"},\"sameAs\":[\"http:\/\/radioinfinitagoya.com.ar\"]}]}<\/script>\n<!-- \/ Yoast SEO plugin. -->","yoast_head_json":{"title":"NEA: la crisis empuja a la b\u00fasqueda de otro trabajo - Radio Infinita Goya","description":"El fen\u00f3meno refleja un cambio m\u00e1s profundo en el funcionamiento del mercado laboral, donde incluso quienes tienen ocupaci\u00f3n formal o informal se ven","robots":{"index":"index","follow":"follow","max-snippet":"max-snippet:-1","max-image-preview":"max-image-preview:large","max-video-preview":"max-video-preview:-1"},"canonical":"https:\/\/radioinfinitagoya.com.ar\/v1\/2026\/04\/26\/nea-la-crisis-empuja-a-la-busqueda-de-otro-trabajo\/","og_locale":"es_ES","og_type":"article","og_title":"NEA: la crisis empuja a la b\u00fasqueda de otro trabajo - Radio Infinita Goya","og_description":"El fen\u00f3meno refleja un cambio m\u00e1s profundo en el funcionamiento del mercado laboral, donde incluso quienes tienen ocupaci\u00f3n formal o informal se ven","og_url":"https:\/\/radioinfinitagoya.com.ar\/v1\/2026\/04\/26\/nea-la-crisis-empuja-a-la-busqueda-de-otro-trabajo\/","og_site_name":"Radio Infinita Goya","article_publisher":"https:\/\/www.facebook.com\/p\/Infinita-Goya-100063870918311\/","article_published_time":"2026-04-26T20:31:31+00:00","og_image":[{"width":1200,"height":675,"url":"https:\/\/radioinfinitagoya.com.ar\/v1\/wp-content\/uploads\/2026\/04\/1777208309770.webp","type":"image\/webp"}],"author":"Jorge Mi\u00f1o","twitter_card":"summary_large_image","twitter_misc":{"Escrito por":"Jorge Mi\u00f1o","Tiempo de lectura":"3 minutos"},"schema":{"@context":"https:\/\/schema.org","@graph":[{"@type":"Article","@id":"https:\/\/radioinfinitagoya.com.ar\/v1\/2026\/04\/26\/nea-la-crisis-empuja-a-la-busqueda-de-otro-trabajo\/#article","isPartOf":{"@id":"https:\/\/radioinfinitagoya.com.ar\/v1\/2026\/04\/26\/nea-la-crisis-empuja-a-la-busqueda-de-otro-trabajo\/"},"author":{"name":"Jorge Mi\u00f1o","@id":"https:\/\/radioinfinitagoya.com.ar\/v1\/#\/schema\/person\/d4cf9c413d4f6edb24aabdccab49ca4a"},"headline":"NEA: la crisis empuja a la b\u00fasqueda de otro trabajo","datePublished":"2026-04-26T20:31:31+00:00","mainEntityOfPage":{"@id":"https:\/\/radioinfinitagoya.com.ar\/v1\/2026\/04\/26\/nea-la-crisis-empuja-a-la-busqueda-de-otro-trabajo\/"},"wordCount":431,"commentCount":0,"publisher":{"@id":"https:\/\/radioinfinitagoya.com.ar\/v1\/#organization"},"image":{"@id":"https:\/\/radioinfinitagoya.com.ar\/v1\/2026\/04\/26\/nea-la-crisis-empuja-a-la-busqueda-de-otro-trabajo\/#primaryimage"},"thumbnailUrl":"https:\/\/radioinfinitagoya.com.ar\/v1\/wp-content\/uploads\/2026\/04\/1777208309770.webp","articleSection":["PROVINCIALES"],"inLanguage":"es-AR","potentialAction":[{"@type":"CommentAction","name":"Comment","target":["https:\/\/radioinfinitagoya.com.ar\/v1\/2026\/04\/26\/nea-la-crisis-empuja-a-la-busqueda-de-otro-trabajo\/#respond"]}]},{"@type":"WebPage","@id":"https:\/\/radioinfinitagoya.com.ar\/v1\/2026\/04\/26\/nea-la-crisis-empuja-a-la-busqueda-de-otro-trabajo\/","url":"https:\/\/radioinfinitagoya.com.ar\/v1\/2026\/04\/26\/nea-la-crisis-empuja-a-la-busqueda-de-otro-trabajo\/","name":"NEA: la crisis empuja a la b\u00fasqueda de otro trabajo - Radio Infinita Goya","isPartOf":{"@id":"https:\/\/radioinfinitagoya.com.ar\/v1\/#website"},"primaryImageOfPage":{"@id":"https:\/\/radioinfinitagoya.com.ar\/v1\/2026\/04\/26\/nea-la-crisis-empuja-a-la-busqueda-de-otro-trabajo\/#primaryimage"},"image":{"@id":"https:\/\/radioinfinitagoya.com.ar\/v1\/2026\/04\/26\/nea-la-crisis-empuja-a-la-busqueda-de-otro-trabajo\/#primaryimage"},"thumbnailUrl":"https:\/\/radioinfinitagoya.com.ar\/v1\/wp-content\/uploads\/2026\/04\/1777208309770.webp","datePublished":"2026-04-26T20:31:31+00:00","description":"El fen\u00f3meno refleja un cambio m\u00e1s profundo en el funcionamiento del mercado laboral, donde incluso quienes tienen ocupaci\u00f3n formal o informal se ven","breadcrumb":{"@id":"https:\/\/radioinfinitagoya.com.ar\/v1\/2026\/04\/26\/nea-la-crisis-empuja-a-la-busqueda-de-otro-trabajo\/#breadcrumb"},"inLanguage":"es-AR","potentialAction":[{"@type":"ReadAction","target":["https:\/\/radioinfinitagoya.com.ar\/v1\/2026\/04\/26\/nea-la-crisis-empuja-a-la-busqueda-de-otro-trabajo\/"]}]},{"@type":"ImageObject","inLanguage":"es-AR","@id":"https:\/\/radioinfinitagoya.com.ar\/v1\/2026\/04\/26\/nea-la-crisis-empuja-a-la-busqueda-de-otro-trabajo\/#primaryimage","url":"https:\/\/radioinfinitagoya.com.ar\/v1\/wp-content\/uploads\/2026\/04\/1777208309770.webp","contentUrl":"https:\/\/radioinfinitagoya.com.ar\/v1\/wp-content\/uploads\/2026\/04\/1777208309770.webp","width":1200,"height":675},{"@type":"BreadcrumbList","@id":"https:\/\/radioinfinitagoya.com.ar\/v1\/2026\/04\/26\/nea-la-crisis-empuja-a-la-busqueda-de-otro-trabajo\/#breadcrumb","itemListElement":[{"@type":"ListItem","position":1,"name":"Inicio","item":"https:\/\/radioinfinitagoya.com.ar\/v1\/"},{"@type":"ListItem","position":2,"name":"NEA: la crisis empuja a la b\u00fasqueda de otro trabajo"}]},{"@type":"WebSite","@id":"https:\/\/radioinfinitagoya.com.ar\/v1\/#website","url":"https:\/\/radioinfinitagoya.com.ar\/v1\/","name":"radioinfinitagoya.com.ar","description":"Radio de noticias","publisher":{"@id":"https:\/\/radioinfinitagoya.com.ar\/v1\/#organization"},"potentialAction":[{"@type":"SearchAction","target":{"@type":"EntryPoint","urlTemplate":"https:\/\/radioinfinitagoya.com.ar\/v1\/?s={search_term_string}"},"query-input":{"@type":"PropertyValueSpecification","valueRequired":true,"valueName":"search_term_string"}}],"inLanguage":"es-AR"},{"@type":"Organization","@id":"https:\/\/radioinfinitagoya.com.ar\/v1\/#organization","name":"Radio Infinita Goya","url":"https:\/\/radioinfinitagoya.com.ar\/v1\/","logo":{"@type":"ImageObject","inLanguage":"es-AR","@id":"https:\/\/radioinfinitagoya.com.ar\/v1\/#\/schema\/logo\/image\/","url":"https:\/\/radioinfinitagoya.com.ar\/v1\/wp-content\/uploads\/2019\/11\/logo-pie-web.png","contentUrl":"https:\/\/radioinfinitagoya.com.ar\/v1\/wp-content\/uploads\/2019\/11\/logo-pie-web.png","width":635,"height":326,"caption":"Radio Infinita Goya"},"image":{"@id":"https:\/\/radioinfinitagoya.com.ar\/v1\/#\/schema\/logo\/image\/"},"sameAs":["https:\/\/www.facebook.com\/p\/Infinita-Goya-100063870918311\/"]},{"@type":"Person","@id":"https:\/\/radioinfinitagoya.com.ar\/v1\/#\/schema\/person\/d4cf9c413d4f6edb24aabdccab49ca4a","name":"Jorge Mi\u00f1o","image":{"@type":"ImageObject","inLanguage":"es-AR","@id":"https:\/\/secure.gravatar.com\/avatar\/910fcf6728fe95320e07a6643c1581fec1c7fc4bf8ae12e3d8f0d0373dc844be?s=96&d=mm&r=g","url":"https:\/\/secure.gravatar.com\/avatar\/910fcf6728fe95320e07a6643c1581fec1c7fc4bf8ae12e3d8f0d0373dc844be?s=96&d=mm&r=g","contentUrl":"https:\/\/secure.gravatar.com\/avatar\/910fcf6728fe95320e07a6643c1581fec1c7fc4bf8ae12e3d8f0d0373dc844be?s=96&d=mm&r=g","caption":"Jorge Mi\u00f1o"},"sameAs":["http:\/\/radioinfinitagoya.com.ar"]}]}},"_links":{"self":[{"href":"https:\/\/radioinfinitagoya.com.ar\/v1\/wp-json\/wp\/v2\/posts\/213713","targetHints":{"allow":["GET"]}}],"collection":[{"href":"https:\/\/radioinfinitagoya.com.ar\/v1\/wp-json\/wp\/v2\/posts"}],"about":[{"href":"https:\/\/radioinfinitagoya.com.ar\/v1\/wp-json\/wp\/v2\/types\/post"}],"author":[{"embeddable":true,"href":"https:\/\/radioinfinitagoya.com.ar\/v1\/wp-json\/wp\/v2\/users\/4"}],"replies":[{"embeddable":true,"href":"https:\/\/radioinfinitagoya.com.ar\/v1\/wp-json\/wp\/v2\/comments?post=213713"}],"version-history":[{"count":1,"href":"https:\/\/radioinfinitagoya.com.ar\/v1\/wp-json\/wp\/v2\/posts\/213713\/revisions"}],"predecessor-version":[{"id":213715,"href":"https:\/\/radioinfinitagoya.com.ar\/v1\/wp-json\/wp\/v2\/posts\/213713\/revisions\/213715"}],"wp:featuredmedia":[{"embeddable":true,"href":"https:\/\/radioinfinitagoya.com.ar\/v1\/wp-json\/wp\/v2\/media\/213714"}],"wp:attachment":[{"href":"https:\/\/radioinfinitagoya.com.ar\/v1\/wp-json\/wp\/v2\/media?parent=213713"}],"wp:term":[{"taxonomy":"category","embeddable":true,"href":"https:\/\/radioinfinitagoya.com.ar\/v1\/wp-json\/wp\/v2\/categories?post=213713"},{"taxonomy":"post_tag","embeddable":true,"href":"https:\/\/radioinfinitagoya.com.ar\/v1\/wp-json\/wp\/v2\/tags?post=213713"}],"curies":[{"name":"wp","href":"https:\/\/api.w.org\/{rel}","templated":true}]}}