{"id":213723,"date":"2026-04-26T17:46:52","date_gmt":"2026-04-26T20:46:52","guid":{"rendered":"https:\/\/radioinfinitagoya.com.ar\/v1\/?p=213723"},"modified":"2026-04-26T17:46:52","modified_gmt":"2026-04-26T20:46:52","slug":"videomultas-en-corrientes-que-controlaran-las-camaras-y-donde-estan","status":"publish","type":"post","link":"https:\/\/radioinfinitagoya.com.ar\/v1\/2026\/04\/26\/videomultas-en-corrientes-que-controlaran-las-camaras-y-donde-estan\/","title":{"rendered":"Videomultas en Corrientes: qu\u00e9 controlar\u00e1n las c\u00e1maras y d\u00f3nde est\u00e1n"},"content":{"rendered":"<p>El Concejo Deliberante aprob\u00f3 la ordenanza que habilita el sistema de videomultas en la ciudad. Las c\u00e1maras podr\u00e1n generar infracciones sin necesidad de la presencia de inspectores en el lugar. La primera etapa estar\u00e1 enfocada en cruces de sem\u00e1foros en rojo y en personas que arrojen basura fuera de horario o formen minibasurales.<\/p>\n<p>El Concejo Deliberante de Corrientes aprob\u00f3 este jueves la ordenanza que habilita el sistema de videomultas en la ciudad y ahora avanza la implementaci\u00f3n de c\u00e1maras que permitir\u00e1n labrar infracciones sin necesidad de que un inspector est\u00e9 f\u00edsicamente en el lugar.<\/p>\n<p>La medida apunta principalmente a dos problemas recurrentes: los minibasurales y las infracciones de tr\u00e1nsito, especialmente el cruce de sem\u00e1foros en rojo.<\/p>\n<p>La concejal Gabriela Gauna explic\u00f3 que el objetivo es \u201cdotar de facultades a las c\u00e1maras que poseemos en la ciudad\u201d, ya que actualmente el Centro de Operaciones y Monitoreo (COM) observa durante las 24 horas distintas situaciones, pero no ten\u00eda la capacidad directa de generar actas de infracci\u00f3n. Ahora, esas im\u00e1genes podr\u00e1n convertirse en prueba v\u00e1lida ante el Tribunal Administrativo de Faltas .<\/p>\n<p><img loading=\"lazy\" decoding=\"async\" class=\"alignnone size-medium wp-image-213725\" src=\"https:\/\/radioinfinitagoya.com.ar\/v1\/wp-content\/uploads\/2026\/04\/326635.png_nota-600x450.jpg\" alt=\"\" width=\"600\" height=\"450\" srcset=\"https:\/\/radioinfinitagoya.com.ar\/v1\/wp-content\/uploads\/2026\/04\/326635.png_nota-600x450.jpg 600w, https:\/\/radioinfinitagoya.com.ar\/v1\/wp-content\/uploads\/2026\/04\/326635.png_nota-150x113.jpg 150w, https:\/\/radioinfinitagoya.com.ar\/v1\/wp-content\/uploads\/2026\/04\/326635.png_nota-768x576.jpg 768w, https:\/\/radioinfinitagoya.com.ar\/v1\/wp-content\/uploads\/2026\/04\/326635.png_nota-560x420.jpg 560w, https:\/\/radioinfinitagoya.com.ar\/v1\/wp-content\/uploads\/2026\/04\/326635.png_nota-80x60.jpg 80w, https:\/\/radioinfinitagoya.com.ar\/v1\/wp-content\/uploads\/2026\/04\/326635.png_nota-696x522.jpg 696w, https:\/\/radioinfinitagoya.com.ar\/v1\/wp-content\/uploads\/2026\/04\/326635.png_nota-265x198.jpg 265w, https:\/\/radioinfinitagoya.com.ar\/v1\/wp-content\/uploads\/2026\/04\/326635.png_nota.jpg 900w\" sizes=\"auto, (max-width: 600px) 100vw, 600px\" \/><\/p>\n<p>\u201cLa novedad es que ya no se requiere que el inspector est\u00e9 f\u00edsicamente en el lugar. Las im\u00e1genes que se monitorean servir\u00e1n de prueba, garantizando la cadena de custodia y tambi\u00e9n el derecho del vecino a hacer su descargo\u201d, detall\u00f3 la edil .<\/p>\n<p>Qu\u00e9 van a controlar primero<br \/>\nEl subsecretario de Seguridad Ciudadana, licenciado Walter R\u00edos, confirm\u00f3 que la primera etapa estar\u00e1 enfocada en:<\/p>\n<p>Personas que arrojan basura fuera de horario<br \/>\nFormaci\u00f3n de minibasurales<br \/>\nVeh\u00edculos que cruzan sem\u00e1foros en rojo<br \/>\nDe esta manera, a\u00f1adi\u00f3: \u201cQueremos que esto no sea un cazabobos, sino una herramienta de concientizaci\u00f3n\u201d, remarc\u00f3 R\u00edos. Tambi\u00e9n aclar\u00f3 que inicialmente no se buscar\u00e1 una pol\u00edtica estrictamente recaudatoria sino preventiva .<\/p>\n<p><img loading=\"lazy\" decoding=\"async\" class=\"alignnone size-medium wp-image-213726\" src=\"https:\/\/radioinfinitagoya.com.ar\/v1\/wp-content\/uploads\/2026\/04\/511766.jpg_nota-600x337.jpg\" alt=\"\" width=\"600\" height=\"337\" srcset=\"https:\/\/radioinfinitagoya.com.ar\/v1\/wp-content\/uploads\/2026\/04\/511766.jpg_nota-600x337.jpg 600w, https:\/\/radioinfinitagoya.com.ar\/v1\/wp-content\/uploads\/2026\/04\/511766.jpg_nota-150x84.jpg 150w, https:\/\/radioinfinitagoya.com.ar\/v1\/wp-content\/uploads\/2026\/04\/511766.jpg_nota-768x432.jpg 768w, https:\/\/radioinfinitagoya.com.ar\/v1\/wp-content\/uploads\/2026\/04\/511766.jpg_nota-747x420.jpg 747w, https:\/\/radioinfinitagoya.com.ar\/v1\/wp-content\/uploads\/2026\/04\/511766.jpg_nota-696x391.jpg 696w, https:\/\/radioinfinitagoya.com.ar\/v1\/wp-content\/uploads\/2026\/04\/511766.jpg_nota.jpg 900w\" sizes=\"auto, (max-width: 600px) 100vw, 600px\" \/><\/p>\n<p>Tambi\u00e9n explic\u00f3 que en etapas posteriores podr\u00edan incorporarse controles por: mal estacionamiento, uso del celular al conducir, motos con m\u00e1s de dos ocupantes, falta de casco, veh\u00edculos sin patente, obstrucci\u00f3n de garajes, estacionamiento en paradas de colectivos o carga y descarga.<\/p>\n<p>Cu\u00e1ntas c\u00e1maras habr\u00e1<br \/>\nSeg\u00fan detall\u00f3 R\u00edos, se instalar\u00e1n cerca de 30 puntos de control en esta primera etapa, distribuidos entre Tr\u00e1nsito y Ambiente. \u201cEn algunos lugares habr\u00e1 una c\u00e1mara, en otros dos o tres, seg\u00fan la necesidad\u201d, explic\u00f3 .<\/p>\n<p>Las nuevas c\u00e1maras ser\u00e1n de alta resoluci\u00f3n tipo LPR y LOMO, con capacidad para captar im\u00e1genes con nitidez suficiente para identificar patentes y registrar infracciones incluso dentro del veh\u00edculo. \u201cEl alcance ser\u00e1 de entre 100 y 120 metros\u201d, precis\u00f3 .<\/p>\n<p><img loading=\"lazy\" decoding=\"async\" class=\"alignnone size-medium wp-image-213727\" src=\"https:\/\/radioinfinitagoya.com.ar\/v1\/wp-content\/uploads\/2026\/04\/232387.png_nota-600x450.jpg\" alt=\"\" width=\"600\" height=\"450\" srcset=\"https:\/\/radioinfinitagoya.com.ar\/v1\/wp-content\/uploads\/2026\/04\/232387.png_nota-600x450.jpg 600w, https:\/\/radioinfinitagoya.com.ar\/v1\/wp-content\/uploads\/2026\/04\/232387.png_nota-150x113.jpg 150w, https:\/\/radioinfinitagoya.com.ar\/v1\/wp-content\/uploads\/2026\/04\/232387.png_nota-768x576.jpg 768w, https:\/\/radioinfinitagoya.com.ar\/v1\/wp-content\/uploads\/2026\/04\/232387.png_nota-560x420.jpg 560w, https:\/\/radioinfinitagoya.com.ar\/v1\/wp-content\/uploads\/2026\/04\/232387.png_nota-80x60.jpg 80w, https:\/\/radioinfinitagoya.com.ar\/v1\/wp-content\/uploads\/2026\/04\/232387.png_nota-696x522.jpg 696w, https:\/\/radioinfinitagoya.com.ar\/v1\/wp-content\/uploads\/2026\/04\/232387.png_nota-265x198.jpg 265w, https:\/\/radioinfinitagoya.com.ar\/v1\/wp-content\/uploads\/2026\/04\/232387.png_nota.jpg 900w\" sizes=\"auto, (max-width: 600px) 100vw, 600px\" \/><\/p>\n<p>Seg\u00fan CyR Seguridad, las c\u00e1maras LPR (License Plate Recognition) son dispositivos de alta tecnolog\u00eda dise\u00f1ados para el reconocimiento autom\u00e1tico de matr\u00edculas o patentes de veh\u00edculos. Funcionan captando im\u00e1genes de alta resoluci\u00f3n y utilizando software con algoritmos de lectura inteligente para identificar en tiempo real los datos de la chapa patente, incluso en movimiento o con baja iluminaci\u00f3n.<\/p>\n<p>Este sistema permite controlar accesos, registrar ingresos y egresos, detectar infracciones de tr\u00e1nsito como cruces de sem\u00e1foros en rojo, mal estacionamiento o circulaci\u00f3n irregular, adem\u00e1s de colaborar en tareas de seguridad p\u00fablica y prevenci\u00f3n del delito. Su principal ventaja es que automatiza el control vehicular sin necesidad de intervenci\u00f3n directa de un inspector, aportando mayor precisi\u00f3n, rapidez y respaldo legal mediante el uso de im\u00e1genes como prueba.<\/p>\n<p>D\u00f3nde est\u00e1n ubicadas<br \/>\nAunque el mapa completo todav\u00eda no fue oficializado, ya hay sectores donde el municipio confirm\u00f3 que avanzar\u00e1 primero:<\/p>\n<p>Sarmiento y Lamadrid, cerca de la Escuela de Arte y escuelas de la zona<br \/>\nzona de la avenida Pomar, frente al Chango Mas y la plaza.<\/p>\n<p>Bonastre y Cundom, cerca de avenida Sarmiento Ib\u00e1\u00f1ez<\/p>\n<p>En esos puntos, seg\u00fan explic\u00f3 el funcionario, se detect\u00f3 una fuerte concentraci\u00f3n de vecinos arrojando residuos fuera de horario y generando basurales cr\u00f3nicos .<\/p>\n<p><img loading=\"lazy\" decoding=\"async\" class=\"alignnone size-medium wp-image-213728\" src=\"https:\/\/radioinfinitagoya.com.ar\/v1\/wp-content\/uploads\/2026\/04\/474497.png_nota-600x315.jpg\" alt=\"\" width=\"600\" height=\"315\" srcset=\"https:\/\/radioinfinitagoya.com.ar\/v1\/wp-content\/uploads\/2026\/04\/474497.png_nota-600x315.jpg 600w, https:\/\/radioinfinitagoya.com.ar\/v1\/wp-content\/uploads\/2026\/04\/474497.png_nota-150x79.jpg 150w, https:\/\/radioinfinitagoya.com.ar\/v1\/wp-content\/uploads\/2026\/04\/474497.png_nota-768x403.jpg 768w, https:\/\/radioinfinitagoya.com.ar\/v1\/wp-content\/uploads\/2026\/04\/474497.png_nota-801x420.jpg 801w, https:\/\/radioinfinitagoya.com.ar\/v1\/wp-content\/uploads\/2026\/04\/474497.png_nota-696x365.jpg 696w, https:\/\/radioinfinitagoya.com.ar\/v1\/wp-content\/uploads\/2026\/04\/474497.png_nota.jpg 900w\" sizes=\"auto, (max-width: 600px) 100vw, 600px\" \/><\/p>\n<p>Habr\u00e1 carteles y se\u00f1alizaci\u00f3n<br \/>\nUno de los cambios incorporados a la ordenanza tiene que ver justamente con la carteler\u00eda y la informaci\u00f3n p\u00fablica. Gauna se\u00f1al\u00f3 que el Ejecutivo deber\u00e1 comunicar por redes sociales, canales institucionales y carteles visibles d\u00f3nde estar\u00e1n funcionando estas c\u00e1maras.<\/p>\n<p>\u201cEl car\u00e1cter es preventivo. La persona va a saber que en el lugar donde est\u00e1 dejando basura fuera de horario hay un cartel que le avisa que esa zona est\u00e1 siendo monitoreada\u201d .<\/p>\n<p>Desde cu\u00e1ndo entrar\u00e1 en vigencia<br \/>\nLa ordenanza ya fue aprobada y ahora debe atravesar el proceso administrativo de promulgaci\u00f3n, que suele comenzar con un plazo de unos 10 d\u00edas, aunque la implementaci\u00f3n concreta depender\u00e1 del Ejecutivo Municipal .<\/p>\n<p>R\u00edos estim\u00f3 que la primera etapa podr\u00eda estar operativa en aproximadamente dos meses, con un ritmo de uno o dos puntos nuevos por semana<\/p>\n<p>Lo importante: no es solo tr\u00e1nsito<br \/>\nUn error com\u00fan ser\u00eda pensar que las videomultas apuntan solo a autos y motos. En realidad, el foco inicial m\u00e1s fuerte est\u00e1 puesto en la basura. R\u00edos insisti\u00f3 en que hoy la principal preocupaci\u00f3n es la cantidad de personas que generan minibasurales en distintos barrios.<\/p>\n<p>\u201cEstamos abocados a lo grueso de la basura: gente que va a pie y tira residuos, vecinos y comercios que lo hacen fuera de horario o donde no corresponde\u201d. La clave, entonces, no ser\u00e1 solo evitar una multa, sino modificar h\u00e1bitos que impactan directamente en la limpieza urbana y la convivencia cotidiana.<\/p>\n<p>&nbsp;<\/p>\n","protected":false},"excerpt":{"rendered":"<p>El Concejo Deliberante aprob\u00f3 la ordenanza que habilita el sistema de videomultas en la ciudad. Las c\u00e1maras podr\u00e1n generar infracciones sin necesidad de la presencia de inspectores en el lugar. La primera etapa estar\u00e1 enfocada en cruces de sem\u00e1foros en rojo y en personas que arrojen basura fuera de horario o formen minibasurales. El Concejo [&hellip;]<\/p>\n","protected":false},"author":4,"featured_media":213724,"comment_status":"open","ping_status":"open","sticky":false,"template":"","format":"standard","meta":{"_joinchat":[],"footnotes":""},"categories":[26],"tags":[],"class_list":{"0":"post-213723","1":"post","2":"type-post","3":"status-publish","4":"format-standard","5":"has-post-thumbnail","7":"category-provinciales"},"yoast_head":"<!-- This site is optimized with the Yoast SEO plugin v27.2 - https:\/\/yoast.com\/product\/yoast-seo-wordpress\/ -->\n<title>Videomultas en Corrientes: qu\u00e9 controlar\u00e1n las c\u00e1maras y d\u00f3nde est\u00e1n - Radio Infinita Goya<\/title>\n<meta name=\"description\" content=\"El Concejo Deliberante aprob\u00f3 la ordenanza que habilita el sistema de videomultas en la ciudad. Las c\u00e1maras podr\u00e1n generar infracciones sin necesidad de\" \/>\n<meta name=\"robots\" content=\"index, follow, max-snippet:-1, max-image-preview:large, max-video-preview:-1\" \/>\n<link rel=\"canonical\" href=\"https:\/\/radioinfinitagoya.com.ar\/v1\/2026\/04\/26\/videomultas-en-corrientes-que-controlaran-las-camaras-y-donde-estan\/\" \/>\n<meta property=\"og:locale\" content=\"es_ES\" \/>\n<meta property=\"og:type\" content=\"article\" \/>\n<meta property=\"og:title\" content=\"Videomultas en Corrientes: qu\u00e9 controlar\u00e1n las c\u00e1maras y d\u00f3nde est\u00e1n - Radio Infinita Goya\" \/>\n<meta property=\"og:description\" content=\"El Concejo Deliberante aprob\u00f3 la ordenanza que habilita el sistema de videomultas en la ciudad. Las c\u00e1maras podr\u00e1n generar infracciones sin necesidad de\" \/>\n<meta property=\"og:url\" content=\"https:\/\/radioinfinitagoya.com.ar\/v1\/2026\/04\/26\/videomultas-en-corrientes-que-controlaran-las-camaras-y-donde-estan\/\" \/>\n<meta property=\"og:site_name\" content=\"Radio Infinita Goya\" \/>\n<meta property=\"article:publisher\" content=\"https:\/\/www.facebook.com\/p\/Infinita-Goya-100063870918311\/\" \/>\n<meta property=\"article:published_time\" content=\"2026-04-26T20:46:52+00:00\" \/>\n<meta property=\"og:image\" content=\"https:\/\/radioinfinitagoya.com.ar\/v1\/wp-content\/uploads\/2026\/04\/876201.jpg_nota.jpg\" \/>\n\t<meta property=\"og:image:width\" content=\"900\" \/>\n\t<meta property=\"og:image:height\" content=\"662\" \/>\n\t<meta property=\"og:image:type\" content=\"image\/jpeg\" \/>\n<meta name=\"author\" content=\"Jorge Mi\u00f1o\" \/>\n<meta name=\"twitter:card\" content=\"summary_large_image\" \/>\n<meta name=\"twitter:label1\" content=\"Escrito por\" \/>\n\t<meta name=\"twitter:data1\" content=\"Jorge Mi\u00f1o\" \/>\n\t<meta name=\"twitter:label2\" content=\"Tiempo de lectura\" \/>\n\t<meta name=\"twitter:data2\" content=\"5 minutos\" \/>\n<script type=\"application\/ld+json\" class=\"yoast-schema-graph\">{\"@context\":\"https:\/\/schema.org\",\"@graph\":[{\"@type\":\"Article\",\"@id\":\"https:\/\/radioinfinitagoya.com.ar\/v1\/2026\/04\/26\/videomultas-en-corrientes-que-controlaran-las-camaras-y-donde-estan\/#article\",\"isPartOf\":{\"@id\":\"https:\/\/radioinfinitagoya.com.ar\/v1\/2026\/04\/26\/videomultas-en-corrientes-que-controlaran-las-camaras-y-donde-estan\/\"},\"author\":{\"name\":\"Jorge Mi\u00f1o\",\"@id\":\"https:\/\/radioinfinitagoya.com.ar\/v1\/#\/schema\/person\/d4cf9c413d4f6edb24aabdccab49ca4a\"},\"headline\":\"Videomultas en Corrientes: qu\u00e9 controlar\u00e1n las c\u00e1maras y d\u00f3nde est\u00e1n\",\"datePublished\":\"2026-04-26T20:46:52+00:00\",\"mainEntityOfPage\":{\"@id\":\"https:\/\/radioinfinitagoya.com.ar\/v1\/2026\/04\/26\/videomultas-en-corrientes-que-controlaran-las-camaras-y-donde-estan\/\"},\"wordCount\":952,\"commentCount\":0,\"publisher\":{\"@id\":\"https:\/\/radioinfinitagoya.com.ar\/v1\/#organization\"},\"image\":{\"@id\":\"https:\/\/radioinfinitagoya.com.ar\/v1\/2026\/04\/26\/videomultas-en-corrientes-que-controlaran-las-camaras-y-donde-estan\/#primaryimage\"},\"thumbnailUrl\":\"https:\/\/radioinfinitagoya.com.ar\/v1\/wp-content\/uploads\/2026\/04\/876201.jpg_nota.jpg\",\"articleSection\":[\"PROVINCIALES\"],\"inLanguage\":\"es-AR\",\"potentialAction\":[{\"@type\":\"CommentAction\",\"name\":\"Comment\",\"target\":[\"https:\/\/radioinfinitagoya.com.ar\/v1\/2026\/04\/26\/videomultas-en-corrientes-que-controlaran-las-camaras-y-donde-estan\/#respond\"]}]},{\"@type\":\"WebPage\",\"@id\":\"https:\/\/radioinfinitagoya.com.ar\/v1\/2026\/04\/26\/videomultas-en-corrientes-que-controlaran-las-camaras-y-donde-estan\/\",\"url\":\"https:\/\/radioinfinitagoya.com.ar\/v1\/2026\/04\/26\/videomultas-en-corrientes-que-controlaran-las-camaras-y-donde-estan\/\",\"name\":\"Videomultas en Corrientes: qu\u00e9 controlar\u00e1n las c\u00e1maras y d\u00f3nde est\u00e1n - Radio Infinita Goya\",\"isPartOf\":{\"@id\":\"https:\/\/radioinfinitagoya.com.ar\/v1\/#website\"},\"primaryImageOfPage\":{\"@id\":\"https:\/\/radioinfinitagoya.com.ar\/v1\/2026\/04\/26\/videomultas-en-corrientes-que-controlaran-las-camaras-y-donde-estan\/#primaryimage\"},\"image\":{\"@id\":\"https:\/\/radioinfinitagoya.com.ar\/v1\/2026\/04\/26\/videomultas-en-corrientes-que-controlaran-las-camaras-y-donde-estan\/#primaryimage\"},\"thumbnailUrl\":\"https:\/\/radioinfinitagoya.com.ar\/v1\/wp-content\/uploads\/2026\/04\/876201.jpg_nota.jpg\",\"datePublished\":\"2026-04-26T20:46:52+00:00\",\"description\":\"El Concejo Deliberante aprob\u00f3 la ordenanza que habilita el sistema de videomultas en la ciudad. Las c\u00e1maras podr\u00e1n generar infracciones sin necesidad de\",\"breadcrumb\":{\"@id\":\"https:\/\/radioinfinitagoya.com.ar\/v1\/2026\/04\/26\/videomultas-en-corrientes-que-controlaran-las-camaras-y-donde-estan\/#breadcrumb\"},\"inLanguage\":\"es-AR\",\"potentialAction\":[{\"@type\":\"ReadAction\",\"target\":[\"https:\/\/radioinfinitagoya.com.ar\/v1\/2026\/04\/26\/videomultas-en-corrientes-que-controlaran-las-camaras-y-donde-estan\/\"]}]},{\"@type\":\"ImageObject\",\"inLanguage\":\"es-AR\",\"@id\":\"https:\/\/radioinfinitagoya.com.ar\/v1\/2026\/04\/26\/videomultas-en-corrientes-que-controlaran-las-camaras-y-donde-estan\/#primaryimage\",\"url\":\"https:\/\/radioinfinitagoya.com.ar\/v1\/wp-content\/uploads\/2026\/04\/876201.jpg_nota.jpg\",\"contentUrl\":\"https:\/\/radioinfinitagoya.com.ar\/v1\/wp-content\/uploads\/2026\/04\/876201.jpg_nota.jpg\",\"width\":900,\"height\":662},{\"@type\":\"BreadcrumbList\",\"@id\":\"https:\/\/radioinfinitagoya.com.ar\/v1\/2026\/04\/26\/videomultas-en-corrientes-que-controlaran-las-camaras-y-donde-estan\/#breadcrumb\",\"itemListElement\":[{\"@type\":\"ListItem\",\"position\":1,\"name\":\"Inicio\",\"item\":\"https:\/\/radioinfinitagoya.com.ar\/v1\/\"},{\"@type\":\"ListItem\",\"position\":2,\"name\":\"Videomultas en Corrientes: qu\u00e9 controlar\u00e1n las c\u00e1maras y d\u00f3nde est\u00e1n\"}]},{\"@type\":\"WebSite\",\"@id\":\"https:\/\/radioinfinitagoya.com.ar\/v1\/#website\",\"url\":\"https:\/\/radioinfinitagoya.com.ar\/v1\/\",\"name\":\"radioinfinitagoya.com.ar\",\"description\":\"Radio de noticias\",\"publisher\":{\"@id\":\"https:\/\/radioinfinitagoya.com.ar\/v1\/#organization\"},\"potentialAction\":[{\"@type\":\"SearchAction\",\"target\":{\"@type\":\"EntryPoint\",\"urlTemplate\":\"https:\/\/radioinfinitagoya.com.ar\/v1\/?s={search_term_string}\"},\"query-input\":{\"@type\":\"PropertyValueSpecification\",\"valueRequired\":true,\"valueName\":\"search_term_string\"}}],\"inLanguage\":\"es-AR\"},{\"@type\":\"Organization\",\"@id\":\"https:\/\/radioinfinitagoya.com.ar\/v1\/#organization\",\"name\":\"Radio Infinita Goya\",\"url\":\"https:\/\/radioinfinitagoya.com.ar\/v1\/\",\"logo\":{\"@type\":\"ImageObject\",\"inLanguage\":\"es-AR\",\"@id\":\"https:\/\/radioinfinitagoya.com.ar\/v1\/#\/schema\/logo\/image\/\",\"url\":\"https:\/\/radioinfinitagoya.com.ar\/v1\/wp-content\/uploads\/2019\/11\/logo-pie-web.png\",\"contentUrl\":\"https:\/\/radioinfinitagoya.com.ar\/v1\/wp-content\/uploads\/2019\/11\/logo-pie-web.png\",\"width\":635,\"height\":326,\"caption\":\"Radio Infinita Goya\"},\"image\":{\"@id\":\"https:\/\/radioinfinitagoya.com.ar\/v1\/#\/schema\/logo\/image\/\"},\"sameAs\":[\"https:\/\/www.facebook.com\/p\/Infinita-Goya-100063870918311\/\"]},{\"@type\":\"Person\",\"@id\":\"https:\/\/radioinfinitagoya.com.ar\/v1\/#\/schema\/person\/d4cf9c413d4f6edb24aabdccab49ca4a\",\"name\":\"Jorge Mi\u00f1o\",\"image\":{\"@type\":\"ImageObject\",\"inLanguage\":\"es-AR\",\"@id\":\"https:\/\/secure.gravatar.com\/avatar\/910fcf6728fe95320e07a6643c1581fec1c7fc4bf8ae12e3d8f0d0373dc844be?s=96&d=mm&r=g\",\"url\":\"https:\/\/secure.gravatar.com\/avatar\/910fcf6728fe95320e07a6643c1581fec1c7fc4bf8ae12e3d8f0d0373dc844be?s=96&d=mm&r=g\",\"contentUrl\":\"https:\/\/secure.gravatar.com\/avatar\/910fcf6728fe95320e07a6643c1581fec1c7fc4bf8ae12e3d8f0d0373dc844be?s=96&d=mm&r=g\",\"caption\":\"Jorge Mi\u00f1o\"},\"sameAs\":[\"http:\/\/radioinfinitagoya.com.ar\"]}]}<\/script>\n<!-- \/ Yoast SEO plugin. -->","yoast_head_json":{"title":"Videomultas en Corrientes: qu\u00e9 controlar\u00e1n las c\u00e1maras y d\u00f3nde est\u00e1n - Radio Infinita Goya","description":"El Concejo Deliberante aprob\u00f3 la ordenanza que habilita el sistema de videomultas en la ciudad. Las c\u00e1maras podr\u00e1n generar infracciones sin necesidad de","robots":{"index":"index","follow":"follow","max-snippet":"max-snippet:-1","max-image-preview":"max-image-preview:large","max-video-preview":"max-video-preview:-1"},"canonical":"https:\/\/radioinfinitagoya.com.ar\/v1\/2026\/04\/26\/videomultas-en-corrientes-que-controlaran-las-camaras-y-donde-estan\/","og_locale":"es_ES","og_type":"article","og_title":"Videomultas en Corrientes: qu\u00e9 controlar\u00e1n las c\u00e1maras y d\u00f3nde est\u00e1n - Radio Infinita Goya","og_description":"El Concejo Deliberante aprob\u00f3 la ordenanza que habilita el sistema de videomultas en la ciudad. Las c\u00e1maras podr\u00e1n generar infracciones sin necesidad de","og_url":"https:\/\/radioinfinitagoya.com.ar\/v1\/2026\/04\/26\/videomultas-en-corrientes-que-controlaran-las-camaras-y-donde-estan\/","og_site_name":"Radio Infinita Goya","article_publisher":"https:\/\/www.facebook.com\/p\/Infinita-Goya-100063870918311\/","article_published_time":"2026-04-26T20:46:52+00:00","og_image":[{"width":900,"height":662,"url":"https:\/\/radioinfinitagoya.com.ar\/v1\/wp-content\/uploads\/2026\/04\/876201.jpg_nota.jpg","type":"image\/jpeg"}],"author":"Jorge Mi\u00f1o","twitter_card":"summary_large_image","twitter_misc":{"Escrito por":"Jorge Mi\u00f1o","Tiempo de lectura":"5 minutos"},"schema":{"@context":"https:\/\/schema.org","@graph":[{"@type":"Article","@id":"https:\/\/radioinfinitagoya.com.ar\/v1\/2026\/04\/26\/videomultas-en-corrientes-que-controlaran-las-camaras-y-donde-estan\/#article","isPartOf":{"@id":"https:\/\/radioinfinitagoya.com.ar\/v1\/2026\/04\/26\/videomultas-en-corrientes-que-controlaran-las-camaras-y-donde-estan\/"},"author":{"name":"Jorge Mi\u00f1o","@id":"https:\/\/radioinfinitagoya.com.ar\/v1\/#\/schema\/person\/d4cf9c413d4f6edb24aabdccab49ca4a"},"headline":"Videomultas en Corrientes: qu\u00e9 controlar\u00e1n las c\u00e1maras y d\u00f3nde est\u00e1n","datePublished":"2026-04-26T20:46:52+00:00","mainEntityOfPage":{"@id":"https:\/\/radioinfinitagoya.com.ar\/v1\/2026\/04\/26\/videomultas-en-corrientes-que-controlaran-las-camaras-y-donde-estan\/"},"wordCount":952,"commentCount":0,"publisher":{"@id":"https:\/\/radioinfinitagoya.com.ar\/v1\/#organization"},"image":{"@id":"https:\/\/radioinfinitagoya.com.ar\/v1\/2026\/04\/26\/videomultas-en-corrientes-que-controlaran-las-camaras-y-donde-estan\/#primaryimage"},"thumbnailUrl":"https:\/\/radioinfinitagoya.com.ar\/v1\/wp-content\/uploads\/2026\/04\/876201.jpg_nota.jpg","articleSection":["PROVINCIALES"],"inLanguage":"es-AR","potentialAction":[{"@type":"CommentAction","name":"Comment","target":["https:\/\/radioinfinitagoya.com.ar\/v1\/2026\/04\/26\/videomultas-en-corrientes-que-controlaran-las-camaras-y-donde-estan\/#respond"]}]},{"@type":"WebPage","@id":"https:\/\/radioinfinitagoya.com.ar\/v1\/2026\/04\/26\/videomultas-en-corrientes-que-controlaran-las-camaras-y-donde-estan\/","url":"https:\/\/radioinfinitagoya.com.ar\/v1\/2026\/04\/26\/videomultas-en-corrientes-que-controlaran-las-camaras-y-donde-estan\/","name":"Videomultas en Corrientes: qu\u00e9 controlar\u00e1n las c\u00e1maras y d\u00f3nde est\u00e1n - Radio Infinita Goya","isPartOf":{"@id":"https:\/\/radioinfinitagoya.com.ar\/v1\/#website"},"primaryImageOfPage":{"@id":"https:\/\/radioinfinitagoya.com.ar\/v1\/2026\/04\/26\/videomultas-en-corrientes-que-controlaran-las-camaras-y-donde-estan\/#primaryimage"},"image":{"@id":"https:\/\/radioinfinitagoya.com.ar\/v1\/2026\/04\/26\/videomultas-en-corrientes-que-controlaran-las-camaras-y-donde-estan\/#primaryimage"},"thumbnailUrl":"https:\/\/radioinfinitagoya.com.ar\/v1\/wp-content\/uploads\/2026\/04\/876201.jpg_nota.jpg","datePublished":"2026-04-26T20:46:52+00:00","description":"El Concejo Deliberante aprob\u00f3 la ordenanza que habilita el sistema de videomultas en la ciudad. Las c\u00e1maras podr\u00e1n generar infracciones sin necesidad de","breadcrumb":{"@id":"https:\/\/radioinfinitagoya.com.ar\/v1\/2026\/04\/26\/videomultas-en-corrientes-que-controlaran-las-camaras-y-donde-estan\/#breadcrumb"},"inLanguage":"es-AR","potentialAction":[{"@type":"ReadAction","target":["https:\/\/radioinfinitagoya.com.ar\/v1\/2026\/04\/26\/videomultas-en-corrientes-que-controlaran-las-camaras-y-donde-estan\/"]}]},{"@type":"ImageObject","inLanguage":"es-AR","@id":"https:\/\/radioinfinitagoya.com.ar\/v1\/2026\/04\/26\/videomultas-en-corrientes-que-controlaran-las-camaras-y-donde-estan\/#primaryimage","url":"https:\/\/radioinfinitagoya.com.ar\/v1\/wp-content\/uploads\/2026\/04\/876201.jpg_nota.jpg","contentUrl":"https:\/\/radioinfinitagoya.com.ar\/v1\/wp-content\/uploads\/2026\/04\/876201.jpg_nota.jpg","width":900,"height":662},{"@type":"BreadcrumbList","@id":"https:\/\/radioinfinitagoya.com.ar\/v1\/2026\/04\/26\/videomultas-en-corrientes-que-controlaran-las-camaras-y-donde-estan\/#breadcrumb","itemListElement":[{"@type":"ListItem","position":1,"name":"Inicio","item":"https:\/\/radioinfinitagoya.com.ar\/v1\/"},{"@type":"ListItem","position":2,"name":"Videomultas en Corrientes: qu\u00e9 controlar\u00e1n las c\u00e1maras y d\u00f3nde est\u00e1n"}]},{"@type":"WebSite","@id":"https:\/\/radioinfinitagoya.com.ar\/v1\/#website","url":"https:\/\/radioinfinitagoya.com.ar\/v1\/","name":"radioinfinitagoya.com.ar","description":"Radio de noticias","publisher":{"@id":"https:\/\/radioinfinitagoya.com.ar\/v1\/#organization"},"potentialAction":[{"@type":"SearchAction","target":{"@type":"EntryPoint","urlTemplate":"https:\/\/radioinfinitagoya.com.ar\/v1\/?s={search_term_string}"},"query-input":{"@type":"PropertyValueSpecification","valueRequired":true,"valueName":"search_term_string"}}],"inLanguage":"es-AR"},{"@type":"Organization","@id":"https:\/\/radioinfinitagoya.com.ar\/v1\/#organization","name":"Radio Infinita Goya","url":"https:\/\/radioinfinitagoya.com.ar\/v1\/","logo":{"@type":"ImageObject","inLanguage":"es-AR","@id":"https:\/\/radioinfinitagoya.com.ar\/v1\/#\/schema\/logo\/image\/","url":"https:\/\/radioinfinitagoya.com.ar\/v1\/wp-content\/uploads\/2019\/11\/logo-pie-web.png","contentUrl":"https:\/\/radioinfinitagoya.com.ar\/v1\/wp-content\/uploads\/2019\/11\/logo-pie-web.png","width":635,"height":326,"caption":"Radio Infinita Goya"},"image":{"@id":"https:\/\/radioinfinitagoya.com.ar\/v1\/#\/schema\/logo\/image\/"},"sameAs":["https:\/\/www.facebook.com\/p\/Infinita-Goya-100063870918311\/"]},{"@type":"Person","@id":"https:\/\/radioinfinitagoya.com.ar\/v1\/#\/schema\/person\/d4cf9c413d4f6edb24aabdccab49ca4a","name":"Jorge Mi\u00f1o","image":{"@type":"ImageObject","inLanguage":"es-AR","@id":"https:\/\/secure.gravatar.com\/avatar\/910fcf6728fe95320e07a6643c1581fec1c7fc4bf8ae12e3d8f0d0373dc844be?s=96&d=mm&r=g","url":"https:\/\/secure.gravatar.com\/avatar\/910fcf6728fe95320e07a6643c1581fec1c7fc4bf8ae12e3d8f0d0373dc844be?s=96&d=mm&r=g","contentUrl":"https:\/\/secure.gravatar.com\/avatar\/910fcf6728fe95320e07a6643c1581fec1c7fc4bf8ae12e3d8f0d0373dc844be?s=96&d=mm&r=g","caption":"Jorge Mi\u00f1o"},"sameAs":["http:\/\/radioinfinitagoya.com.ar"]}]}},"_links":{"self":[{"href":"https:\/\/radioinfinitagoya.com.ar\/v1\/wp-json\/wp\/v2\/posts\/213723","targetHints":{"allow":["GET"]}}],"collection":[{"href":"https:\/\/radioinfinitagoya.com.ar\/v1\/wp-json\/wp\/v2\/posts"}],"about":[{"href":"https:\/\/radioinfinitagoya.com.ar\/v1\/wp-json\/wp\/v2\/types\/post"}],"author":[{"embeddable":true,"href":"https:\/\/radioinfinitagoya.com.ar\/v1\/wp-json\/wp\/v2\/users\/4"}],"replies":[{"embeddable":true,"href":"https:\/\/radioinfinitagoya.com.ar\/v1\/wp-json\/wp\/v2\/comments?post=213723"}],"version-history":[{"count":1,"href":"https:\/\/radioinfinitagoya.com.ar\/v1\/wp-json\/wp\/v2\/posts\/213723\/revisions"}],"predecessor-version":[{"id":213729,"href":"https:\/\/radioinfinitagoya.com.ar\/v1\/wp-json\/wp\/v2\/posts\/213723\/revisions\/213729"}],"wp:featuredmedia":[{"embeddable":true,"href":"https:\/\/radioinfinitagoya.com.ar\/v1\/wp-json\/wp\/v2\/media\/213724"}],"wp:attachment":[{"href":"https:\/\/radioinfinitagoya.com.ar\/v1\/wp-json\/wp\/v2\/media?parent=213723"}],"wp:term":[{"taxonomy":"category","embeddable":true,"href":"https:\/\/radioinfinitagoya.com.ar\/v1\/wp-json\/wp\/v2\/categories?post=213723"},{"taxonomy":"post_tag","embeddable":true,"href":"https:\/\/radioinfinitagoya.com.ar\/v1\/wp-json\/wp\/v2\/tags?post=213723"}],"curies":[{"name":"wp","href":"https:\/\/api.w.org\/{rel}","templated":true}]}}