{"id":213733,"date":"2026-04-26T18:28:12","date_gmt":"2026-04-26T21:28:12","guid":{"rendered":"https:\/\/radioinfinitagoya.com.ar\/v1\/?p=213733"},"modified":"2026-04-26T18:28:12","modified_gmt":"2026-04-26T21:28:12","slug":"sube-la-tension-entre-milei-y-los-periodistas","status":"publish","type":"post","link":"https:\/\/radioinfinitagoya.com.ar\/v1\/2026\/04\/26\/sube-la-tension-entre-milei-y-los-periodistas\/","title":{"rendered":"Sube la tensi\u00f3n entre Milei y los periodistas"},"content":{"rendered":"<p>Javier Milei insult\u00f3 a los trabajadores de prensa Luciana Geuna e Ignacio Salerno y al medio donde ejercen. Esto ocurre en el marco de la denuncia oficial que los vincula con una supuesta campa\u00f1a de \u201cespionaje ilegal\u201d contra la administraci\u00f3n nacional.<\/p>\n<p>El presidente Javier Milei volvi\u00f3 a arremeter contra la prensa, al calificar de \u201cbasuras inmundas\u201d a los periodistas Luciana Geuna e Ignacio Salerno, as\u00ed como a las autoridades del canal Todos Noticias. Adem\u00e1s, los acus\u00f3 de ser \u201cdelincuentes\u201d y de haber cometido un \u201cdelito grave\u201d, en el marco de la denuncia oficial que los vincula con una supuesta campa\u00f1a de \u201cespionaje ilegal\u201d contra la administraci\u00f3n nacional. La escalada del conflicto se produce luego de que el Gobierno eliminara el registro de huellas dactilares y prohibiera el ingreso a trabajadores de prensa.<\/p>\n<p>Milei consign\u00f3 que el comportamiento de los involucrados evidencia una \u201cmalicia\u201d manifiesta y una supuesta complicidad por parte de la producci\u00f3n del medio.<\/p>\n<p>El mensaje, que cerr\u00f3 con un ir\u00f3nico \u201c\u00a1CIAO!\u201d, se produce en un contexto de extrema tensi\u00f3n entre el Poder Ejecutivo y los periodistas que cubren la gesti\u00f3n de extrema derecha.<\/p>\n<p>Esta nueva agresi\u00f3n no es un hecho aislado, sino que se inscribe en una pol\u00edtica sistem\u00e1tica de confrontaci\u00f3n con la prensa. Hace apenas unos d\u00edas, la gesti\u00f3n nacional oficializ\u00f3 el cierre de la hist\u00f3rica sala de periodistas de la Casa Rosada, al restringir el acceso de los acreditados y limitar la circulaci\u00f3n de informaci\u00f3n en la sede de gobierno.<\/p>\n<p>Esta decisi\u00f3n fue interpretada por diversas asociaciones de prensa como un intento de cercenar la libertad de expresi\u00f3n y dificultar el control ciudadano sobre los actos de los funcionarios p\u00fablicos.<\/p>\n<p>La lista de ataques previos del presidente es extensa y ha afectado a diversos medios y cronistas. Desde calificar de \u201cmentirosos\u201d a periodistas que cuestionaron sus cifras econ\u00f3micas, hasta tildar de \u201censobrados\u201d a quienes investigan su entorno, Milei mantuvo una conducta de hostigamiento verbal constante.<\/p>\n<p>Voces de peso en el periodismo nacional denunciaron que este tipo de ret\u00f3rica no solo degrada el debate p\u00fablico, sino que incita a la violencia digital contra los trabajadores de prensa por parte de militantes y seguidores de la fuerza gobernante<\/p>\n<p>&#8220;Han cometido un delito grave y deber\u00edan pagar por ello. El comportamiento de los involucrados luego de lo ocurrido muestra la malicia de los periodistas y la complicidad de las autoridades\u201d, sentenci\u00f3 el Presidente en su tuit, aunque no especific\u00f3 a qu\u00e9 hecho delictivo hac\u00eda referencia t\u00e9cnica.<\/p>\n<p>Mientras el Gobierno insiste en que su postura es una defensa contra las \u201cfake news\u201d, desde los organismos de libertad de expresi\u00f3n se advierte que el uso del aparato del Estado para perseguir y estigmatizar a quienes opinan distinto representa un peligroso precedente para la democracia argentina.<\/p>\n<p>&nbsp;<\/p>\n<p>&nbsp;<\/p>\n","protected":false},"excerpt":{"rendered":"<p>Javier Milei insult\u00f3 a los trabajadores de prensa Luciana Geuna e Ignacio Salerno y al medio donde ejercen. Esto ocurre en el marco de la denuncia oficial que los vincula con una supuesta campa\u00f1a de \u201cespionaje ilegal\u201d contra la administraci\u00f3n nacional. El presidente Javier Milei volvi\u00f3 a arremeter contra la prensa, al calificar de \u201cbasuras [&hellip;]<\/p>\n","protected":false},"author":4,"featured_media":213734,"comment_status":"open","ping_status":"open","sticky":false,"template":"","format":"standard","meta":{"_joinchat":[],"footnotes":""},"categories":[29],"tags":[],"class_list":{"0":"post-213733","1":"post","2":"type-post","3":"status-publish","4":"format-standard","5":"has-post-thumbnail","7":"category-nacionales"},"yoast_head":"<!-- This site is optimized with the Yoast SEO plugin v27.2 - https:\/\/yoast.com\/product\/yoast-seo-wordpress\/ -->\n<title>Sube la tensi\u00f3n entre Milei y los periodistas - Radio Infinita Goya<\/title>\n<meta name=\"description\" content=\"Javier Milei insult\u00f3 a los trabajadores de prensa Luciana Geuna e Ignacio Salerno y al medio donde ejercen. Esto ocurre en el marco de la denuncia oficial\" \/>\n<meta name=\"robots\" content=\"index, follow, max-snippet:-1, max-image-preview:large, max-video-preview:-1\" \/>\n<link rel=\"canonical\" href=\"https:\/\/radioinfinitagoya.com.ar\/v1\/2026\/04\/26\/sube-la-tension-entre-milei-y-los-periodistas\/\" \/>\n<meta property=\"og:locale\" content=\"es_ES\" \/>\n<meta property=\"og:type\" content=\"article\" \/>\n<meta property=\"og:title\" content=\"Sube la tensi\u00f3n entre Milei y los periodistas - Radio Infinita Goya\" \/>\n<meta property=\"og:description\" content=\"Javier Milei insult\u00f3 a los trabajadores de prensa Luciana Geuna e Ignacio Salerno y al medio donde ejercen. Esto ocurre en el marco de la denuncia oficial\" \/>\n<meta property=\"og:url\" content=\"https:\/\/radioinfinitagoya.com.ar\/v1\/2026\/04\/26\/sube-la-tension-entre-milei-y-los-periodistas\/\" \/>\n<meta property=\"og:site_name\" content=\"Radio Infinita Goya\" \/>\n<meta property=\"article:publisher\" content=\"https:\/\/www.facebook.com\/p\/Infinita-Goya-100063870918311\/\" \/>\n<meta property=\"article:published_time\" content=\"2026-04-26T21:28:12+00:00\" \/>\n<meta property=\"og:image\" content=\"https:\/\/radioinfinitagoya.com.ar\/v1\/wp-content\/uploads\/2026\/04\/JKYMIWtY.jpg\" \/>\n\t<meta property=\"og:image:width\" content=\"680\" \/>\n\t<meta property=\"og:image:height\" content=\"383\" \/>\n\t<meta property=\"og:image:type\" content=\"image\/jpeg\" \/>\n<meta name=\"author\" content=\"Jorge Mi\u00f1o\" \/>\n<meta name=\"twitter:card\" content=\"summary_large_image\" \/>\n<meta name=\"twitter:label1\" content=\"Escrito por\" \/>\n\t<meta name=\"twitter:data1\" content=\"Jorge Mi\u00f1o\" \/>\n\t<meta name=\"twitter:label2\" content=\"Tiempo de lectura\" \/>\n\t<meta name=\"twitter:data2\" content=\"3 minutos\" \/>\n<script type=\"application\/ld+json\" class=\"yoast-schema-graph\">{\"@context\":\"https:\/\/schema.org\",\"@graph\":[{\"@type\":\"Article\",\"@id\":\"https:\/\/radioinfinitagoya.com.ar\/v1\/2026\/04\/26\/sube-la-tension-entre-milei-y-los-periodistas\/#article\",\"isPartOf\":{\"@id\":\"https:\/\/radioinfinitagoya.com.ar\/v1\/2026\/04\/26\/sube-la-tension-entre-milei-y-los-periodistas\/\"},\"author\":{\"name\":\"Jorge Mi\u00f1o\",\"@id\":\"https:\/\/radioinfinitagoya.com.ar\/v1\/#\/schema\/person\/d4cf9c413d4f6edb24aabdccab49ca4a\"},\"headline\":\"Sube la tensi\u00f3n entre Milei y los periodistas\",\"datePublished\":\"2026-04-26T21:28:12+00:00\",\"mainEntityOfPage\":{\"@id\":\"https:\/\/radioinfinitagoya.com.ar\/v1\/2026\/04\/26\/sube-la-tension-entre-milei-y-los-periodistas\/\"},\"wordCount\":493,\"commentCount\":0,\"publisher\":{\"@id\":\"https:\/\/radioinfinitagoya.com.ar\/v1\/#organization\"},\"image\":{\"@id\":\"https:\/\/radioinfinitagoya.com.ar\/v1\/2026\/04\/26\/sube-la-tension-entre-milei-y-los-periodistas\/#primaryimage\"},\"thumbnailUrl\":\"https:\/\/radioinfinitagoya.com.ar\/v1\/wp-content\/uploads\/2026\/04\/JKYMIWtY.jpg\",\"articleSection\":[\"NACIONALES\"],\"inLanguage\":\"es-AR\",\"potentialAction\":[{\"@type\":\"CommentAction\",\"name\":\"Comment\",\"target\":[\"https:\/\/radioinfinitagoya.com.ar\/v1\/2026\/04\/26\/sube-la-tension-entre-milei-y-los-periodistas\/#respond\"]}]},{\"@type\":\"WebPage\",\"@id\":\"https:\/\/radioinfinitagoya.com.ar\/v1\/2026\/04\/26\/sube-la-tension-entre-milei-y-los-periodistas\/\",\"url\":\"https:\/\/radioinfinitagoya.com.ar\/v1\/2026\/04\/26\/sube-la-tension-entre-milei-y-los-periodistas\/\",\"name\":\"Sube la tensi\u00f3n entre Milei y los periodistas - Radio Infinita Goya\",\"isPartOf\":{\"@id\":\"https:\/\/radioinfinitagoya.com.ar\/v1\/#website\"},\"primaryImageOfPage\":{\"@id\":\"https:\/\/radioinfinitagoya.com.ar\/v1\/2026\/04\/26\/sube-la-tension-entre-milei-y-los-periodistas\/#primaryimage\"},\"image\":{\"@id\":\"https:\/\/radioinfinitagoya.com.ar\/v1\/2026\/04\/26\/sube-la-tension-entre-milei-y-los-periodistas\/#primaryimage\"},\"thumbnailUrl\":\"https:\/\/radioinfinitagoya.com.ar\/v1\/wp-content\/uploads\/2026\/04\/JKYMIWtY.jpg\",\"datePublished\":\"2026-04-26T21:28:12+00:00\",\"description\":\"Javier Milei insult\u00f3 a los trabajadores de prensa Luciana Geuna e Ignacio Salerno y al medio donde ejercen. Esto ocurre en el marco de la denuncia oficial\",\"breadcrumb\":{\"@id\":\"https:\/\/radioinfinitagoya.com.ar\/v1\/2026\/04\/26\/sube-la-tension-entre-milei-y-los-periodistas\/#breadcrumb\"},\"inLanguage\":\"es-AR\",\"potentialAction\":[{\"@type\":\"ReadAction\",\"target\":[\"https:\/\/radioinfinitagoya.com.ar\/v1\/2026\/04\/26\/sube-la-tension-entre-milei-y-los-periodistas\/\"]}]},{\"@type\":\"ImageObject\",\"inLanguage\":\"es-AR\",\"@id\":\"https:\/\/radioinfinitagoya.com.ar\/v1\/2026\/04\/26\/sube-la-tension-entre-milei-y-los-periodistas\/#primaryimage\",\"url\":\"https:\/\/radioinfinitagoya.com.ar\/v1\/wp-content\/uploads\/2026\/04\/JKYMIWtY.jpg\",\"contentUrl\":\"https:\/\/radioinfinitagoya.com.ar\/v1\/wp-content\/uploads\/2026\/04\/JKYMIWtY.jpg\",\"width\":680,\"height\":383},{\"@type\":\"BreadcrumbList\",\"@id\":\"https:\/\/radioinfinitagoya.com.ar\/v1\/2026\/04\/26\/sube-la-tension-entre-milei-y-los-periodistas\/#breadcrumb\",\"itemListElement\":[{\"@type\":\"ListItem\",\"position\":1,\"name\":\"Inicio\",\"item\":\"https:\/\/radioinfinitagoya.com.ar\/v1\/\"},{\"@type\":\"ListItem\",\"position\":2,\"name\":\"Sube la tensi\u00f3n entre Milei y los periodistas\"}]},{\"@type\":\"WebSite\",\"@id\":\"https:\/\/radioinfinitagoya.com.ar\/v1\/#website\",\"url\":\"https:\/\/radioinfinitagoya.com.ar\/v1\/\",\"name\":\"radioinfinitagoya.com.ar\",\"description\":\"Radio de noticias\",\"publisher\":{\"@id\":\"https:\/\/radioinfinitagoya.com.ar\/v1\/#organization\"},\"potentialAction\":[{\"@type\":\"SearchAction\",\"target\":{\"@type\":\"EntryPoint\",\"urlTemplate\":\"https:\/\/radioinfinitagoya.com.ar\/v1\/?s={search_term_string}\"},\"query-input\":{\"@type\":\"PropertyValueSpecification\",\"valueRequired\":true,\"valueName\":\"search_term_string\"}}],\"inLanguage\":\"es-AR\"},{\"@type\":\"Organization\",\"@id\":\"https:\/\/radioinfinitagoya.com.ar\/v1\/#organization\",\"name\":\"Radio Infinita Goya\",\"url\":\"https:\/\/radioinfinitagoya.com.ar\/v1\/\",\"logo\":{\"@type\":\"ImageObject\",\"inLanguage\":\"es-AR\",\"@id\":\"https:\/\/radioinfinitagoya.com.ar\/v1\/#\/schema\/logo\/image\/\",\"url\":\"https:\/\/radioinfinitagoya.com.ar\/v1\/wp-content\/uploads\/2019\/11\/logo-pie-web.png\",\"contentUrl\":\"https:\/\/radioinfinitagoya.com.ar\/v1\/wp-content\/uploads\/2019\/11\/logo-pie-web.png\",\"width\":635,\"height\":326,\"caption\":\"Radio Infinita Goya\"},\"image\":{\"@id\":\"https:\/\/radioinfinitagoya.com.ar\/v1\/#\/schema\/logo\/image\/\"},\"sameAs\":[\"https:\/\/www.facebook.com\/p\/Infinita-Goya-100063870918311\/\"]},{\"@type\":\"Person\",\"@id\":\"https:\/\/radioinfinitagoya.com.ar\/v1\/#\/schema\/person\/d4cf9c413d4f6edb24aabdccab49ca4a\",\"name\":\"Jorge Mi\u00f1o\",\"image\":{\"@type\":\"ImageObject\",\"inLanguage\":\"es-AR\",\"@id\":\"https:\/\/secure.gravatar.com\/avatar\/910fcf6728fe95320e07a6643c1581fec1c7fc4bf8ae12e3d8f0d0373dc844be?s=96&d=mm&r=g\",\"url\":\"https:\/\/secure.gravatar.com\/avatar\/910fcf6728fe95320e07a6643c1581fec1c7fc4bf8ae12e3d8f0d0373dc844be?s=96&d=mm&r=g\",\"contentUrl\":\"https:\/\/secure.gravatar.com\/avatar\/910fcf6728fe95320e07a6643c1581fec1c7fc4bf8ae12e3d8f0d0373dc844be?s=96&d=mm&r=g\",\"caption\":\"Jorge Mi\u00f1o\"},\"sameAs\":[\"http:\/\/radioinfinitagoya.com.ar\"]}]}<\/script>\n<!-- \/ Yoast SEO plugin. -->","yoast_head_json":{"title":"Sube la tensi\u00f3n entre Milei y los periodistas - Radio Infinita Goya","description":"Javier Milei insult\u00f3 a los trabajadores de prensa Luciana Geuna e Ignacio Salerno y al medio donde ejercen. Esto ocurre en el marco de la denuncia oficial","robots":{"index":"index","follow":"follow","max-snippet":"max-snippet:-1","max-image-preview":"max-image-preview:large","max-video-preview":"max-video-preview:-1"},"canonical":"https:\/\/radioinfinitagoya.com.ar\/v1\/2026\/04\/26\/sube-la-tension-entre-milei-y-los-periodistas\/","og_locale":"es_ES","og_type":"article","og_title":"Sube la tensi\u00f3n entre Milei y los periodistas - Radio Infinita Goya","og_description":"Javier Milei insult\u00f3 a los trabajadores de prensa Luciana Geuna e Ignacio Salerno y al medio donde ejercen. Esto ocurre en el marco de la denuncia oficial","og_url":"https:\/\/radioinfinitagoya.com.ar\/v1\/2026\/04\/26\/sube-la-tension-entre-milei-y-los-periodistas\/","og_site_name":"Radio Infinita Goya","article_publisher":"https:\/\/www.facebook.com\/p\/Infinita-Goya-100063870918311\/","article_published_time":"2026-04-26T21:28:12+00:00","og_image":[{"width":680,"height":383,"url":"https:\/\/radioinfinitagoya.com.ar\/v1\/wp-content\/uploads\/2026\/04\/JKYMIWtY.jpg","type":"image\/jpeg"}],"author":"Jorge Mi\u00f1o","twitter_card":"summary_large_image","twitter_misc":{"Escrito por":"Jorge Mi\u00f1o","Tiempo de lectura":"3 minutos"},"schema":{"@context":"https:\/\/schema.org","@graph":[{"@type":"Article","@id":"https:\/\/radioinfinitagoya.com.ar\/v1\/2026\/04\/26\/sube-la-tension-entre-milei-y-los-periodistas\/#article","isPartOf":{"@id":"https:\/\/radioinfinitagoya.com.ar\/v1\/2026\/04\/26\/sube-la-tension-entre-milei-y-los-periodistas\/"},"author":{"name":"Jorge Mi\u00f1o","@id":"https:\/\/radioinfinitagoya.com.ar\/v1\/#\/schema\/person\/d4cf9c413d4f6edb24aabdccab49ca4a"},"headline":"Sube la tensi\u00f3n entre Milei y los periodistas","datePublished":"2026-04-26T21:28:12+00:00","mainEntityOfPage":{"@id":"https:\/\/radioinfinitagoya.com.ar\/v1\/2026\/04\/26\/sube-la-tension-entre-milei-y-los-periodistas\/"},"wordCount":493,"commentCount":0,"publisher":{"@id":"https:\/\/radioinfinitagoya.com.ar\/v1\/#organization"},"image":{"@id":"https:\/\/radioinfinitagoya.com.ar\/v1\/2026\/04\/26\/sube-la-tension-entre-milei-y-los-periodistas\/#primaryimage"},"thumbnailUrl":"https:\/\/radioinfinitagoya.com.ar\/v1\/wp-content\/uploads\/2026\/04\/JKYMIWtY.jpg","articleSection":["NACIONALES"],"inLanguage":"es-AR","potentialAction":[{"@type":"CommentAction","name":"Comment","target":["https:\/\/radioinfinitagoya.com.ar\/v1\/2026\/04\/26\/sube-la-tension-entre-milei-y-los-periodistas\/#respond"]}]},{"@type":"WebPage","@id":"https:\/\/radioinfinitagoya.com.ar\/v1\/2026\/04\/26\/sube-la-tension-entre-milei-y-los-periodistas\/","url":"https:\/\/radioinfinitagoya.com.ar\/v1\/2026\/04\/26\/sube-la-tension-entre-milei-y-los-periodistas\/","name":"Sube la tensi\u00f3n entre Milei y los periodistas - Radio Infinita Goya","isPartOf":{"@id":"https:\/\/radioinfinitagoya.com.ar\/v1\/#website"},"primaryImageOfPage":{"@id":"https:\/\/radioinfinitagoya.com.ar\/v1\/2026\/04\/26\/sube-la-tension-entre-milei-y-los-periodistas\/#primaryimage"},"image":{"@id":"https:\/\/radioinfinitagoya.com.ar\/v1\/2026\/04\/26\/sube-la-tension-entre-milei-y-los-periodistas\/#primaryimage"},"thumbnailUrl":"https:\/\/radioinfinitagoya.com.ar\/v1\/wp-content\/uploads\/2026\/04\/JKYMIWtY.jpg","datePublished":"2026-04-26T21:28:12+00:00","description":"Javier Milei insult\u00f3 a los trabajadores de prensa Luciana Geuna e Ignacio Salerno y al medio donde ejercen. Esto ocurre en el marco de la denuncia oficial","breadcrumb":{"@id":"https:\/\/radioinfinitagoya.com.ar\/v1\/2026\/04\/26\/sube-la-tension-entre-milei-y-los-periodistas\/#breadcrumb"},"inLanguage":"es-AR","potentialAction":[{"@type":"ReadAction","target":["https:\/\/radioinfinitagoya.com.ar\/v1\/2026\/04\/26\/sube-la-tension-entre-milei-y-los-periodistas\/"]}]},{"@type":"ImageObject","inLanguage":"es-AR","@id":"https:\/\/radioinfinitagoya.com.ar\/v1\/2026\/04\/26\/sube-la-tension-entre-milei-y-los-periodistas\/#primaryimage","url":"https:\/\/radioinfinitagoya.com.ar\/v1\/wp-content\/uploads\/2026\/04\/JKYMIWtY.jpg","contentUrl":"https:\/\/radioinfinitagoya.com.ar\/v1\/wp-content\/uploads\/2026\/04\/JKYMIWtY.jpg","width":680,"height":383},{"@type":"BreadcrumbList","@id":"https:\/\/radioinfinitagoya.com.ar\/v1\/2026\/04\/26\/sube-la-tension-entre-milei-y-los-periodistas\/#breadcrumb","itemListElement":[{"@type":"ListItem","position":1,"name":"Inicio","item":"https:\/\/radioinfinitagoya.com.ar\/v1\/"},{"@type":"ListItem","position":2,"name":"Sube la tensi\u00f3n entre Milei y los periodistas"}]},{"@type":"WebSite","@id":"https:\/\/radioinfinitagoya.com.ar\/v1\/#website","url":"https:\/\/radioinfinitagoya.com.ar\/v1\/","name":"radioinfinitagoya.com.ar","description":"Radio de noticias","publisher":{"@id":"https:\/\/radioinfinitagoya.com.ar\/v1\/#organization"},"potentialAction":[{"@type":"SearchAction","target":{"@type":"EntryPoint","urlTemplate":"https:\/\/radioinfinitagoya.com.ar\/v1\/?s={search_term_string}"},"query-input":{"@type":"PropertyValueSpecification","valueRequired":true,"valueName":"search_term_string"}}],"inLanguage":"es-AR"},{"@type":"Organization","@id":"https:\/\/radioinfinitagoya.com.ar\/v1\/#organization","name":"Radio Infinita Goya","url":"https:\/\/radioinfinitagoya.com.ar\/v1\/","logo":{"@type":"ImageObject","inLanguage":"es-AR","@id":"https:\/\/radioinfinitagoya.com.ar\/v1\/#\/schema\/logo\/image\/","url":"https:\/\/radioinfinitagoya.com.ar\/v1\/wp-content\/uploads\/2019\/11\/logo-pie-web.png","contentUrl":"https:\/\/radioinfinitagoya.com.ar\/v1\/wp-content\/uploads\/2019\/11\/logo-pie-web.png","width":635,"height":326,"caption":"Radio Infinita Goya"},"image":{"@id":"https:\/\/radioinfinitagoya.com.ar\/v1\/#\/schema\/logo\/image\/"},"sameAs":["https:\/\/www.facebook.com\/p\/Infinita-Goya-100063870918311\/"]},{"@type":"Person","@id":"https:\/\/radioinfinitagoya.com.ar\/v1\/#\/schema\/person\/d4cf9c413d4f6edb24aabdccab49ca4a","name":"Jorge Mi\u00f1o","image":{"@type":"ImageObject","inLanguage":"es-AR","@id":"https:\/\/secure.gravatar.com\/avatar\/910fcf6728fe95320e07a6643c1581fec1c7fc4bf8ae12e3d8f0d0373dc844be?s=96&d=mm&r=g","url":"https:\/\/secure.gravatar.com\/avatar\/910fcf6728fe95320e07a6643c1581fec1c7fc4bf8ae12e3d8f0d0373dc844be?s=96&d=mm&r=g","contentUrl":"https:\/\/secure.gravatar.com\/avatar\/910fcf6728fe95320e07a6643c1581fec1c7fc4bf8ae12e3d8f0d0373dc844be?s=96&d=mm&r=g","caption":"Jorge Mi\u00f1o"},"sameAs":["http:\/\/radioinfinitagoya.com.ar"]}]}},"_links":{"self":[{"href":"https:\/\/radioinfinitagoya.com.ar\/v1\/wp-json\/wp\/v2\/posts\/213733","targetHints":{"allow":["GET"]}}],"collection":[{"href":"https:\/\/radioinfinitagoya.com.ar\/v1\/wp-json\/wp\/v2\/posts"}],"about":[{"href":"https:\/\/radioinfinitagoya.com.ar\/v1\/wp-json\/wp\/v2\/types\/post"}],"author":[{"embeddable":true,"href":"https:\/\/radioinfinitagoya.com.ar\/v1\/wp-json\/wp\/v2\/users\/4"}],"replies":[{"embeddable":true,"href":"https:\/\/radioinfinitagoya.com.ar\/v1\/wp-json\/wp\/v2\/comments?post=213733"}],"version-history":[{"count":1,"href":"https:\/\/radioinfinitagoya.com.ar\/v1\/wp-json\/wp\/v2\/posts\/213733\/revisions"}],"predecessor-version":[{"id":213735,"href":"https:\/\/radioinfinitagoya.com.ar\/v1\/wp-json\/wp\/v2\/posts\/213733\/revisions\/213735"}],"wp:featuredmedia":[{"embeddable":true,"href":"https:\/\/radioinfinitagoya.com.ar\/v1\/wp-json\/wp\/v2\/media\/213734"}],"wp:attachment":[{"href":"https:\/\/radioinfinitagoya.com.ar\/v1\/wp-json\/wp\/v2\/media?parent=213733"}],"wp:term":[{"taxonomy":"category","embeddable":true,"href":"https:\/\/radioinfinitagoya.com.ar\/v1\/wp-json\/wp\/v2\/categories?post=213733"},{"taxonomy":"post_tag","embeddable":true,"href":"https:\/\/radioinfinitagoya.com.ar\/v1\/wp-json\/wp\/v2\/tags?post=213733"}],"curies":[{"name":"wp","href":"https:\/\/api.w.org\/{rel}","templated":true}]}}