{"id":213752,"date":"2026-04-26T18:52:20","date_gmt":"2026-04-26T21:52:20","guid":{"rendered":"https:\/\/radioinfinitagoya.com.ar\/v1\/?p=213752"},"modified":"2026-04-26T18:52:20","modified_gmt":"2026-04-26T21:52:20","slug":"historico-franco-colapinto-rodo-por-primera-vez-con-un-formula-1-por-las-calles-de-buenos-aires","status":"publish","type":"post","link":"https:\/\/radioinfinitagoya.com.ar\/v1\/2026\/04\/26\/historico-franco-colapinto-rodo-por-primera-vez-con-un-formula-1-por-las-calles-de-buenos-aires\/","title":{"rendered":"Hist\u00f3rico: Franco Colapinto rod\u00f3 por primera vez con un F\u00f3rmula 1 por las calles de Buenos Aires"},"content":{"rendered":"<p>Frente a m\u00e1s de 600 mil personas<\/p>\n<p>El piloto argentino gir\u00f3 con un Lotus E20 y la Flecha de Plata en Palermo, en la primera actividad oficial de la M\u00e1xima tras 14 a\u00f1os<\/p>\n<p>Franco Colapinto cerr\u00f3 una jornada hist\u00f3rica para el deporte argentino: despu\u00e9s de 14 a\u00f1os, un auto de F\u00f3rmula 1 gir\u00f3 en las calles de Buenos Aires. El joven de 22 a\u00f1os manej\u00f3 el Lotus E20 de 2012 y la ic\u00f3nica r\u00e9plica de la Flecha de Plata de Juan Manuel Fangio, con la que se consagr\u00f3 campe\u00f3n mundial en 1954 y 1955. En un evento que dur\u00f3 m\u00e1s de seis horas y que, seg\u00fan inform\u00f3 el Gobierno de la Ciudad, cont\u00f3 con la participaci\u00f3n de m\u00e1s de 600 mil personas a lo largo de todo el circuito callejero en Palermo, el pilarense grab\u00f3 su nombre en la historia del automovilismo nacional con el Road Show.<\/p>\n<p>Con la presencia de m\u00faltiples estrellas del pa\u00eds y diferentes shows musicales, Colapinto cerr\u00f3 la actividad en la pista dando una vuelta en un micro descapotable para sentir el calor de los aficionados de cerca. Incluso, corri\u00f3 cerca de las vallas de seguridad para saludar a la gente durante gran parte del circuito.<\/p>\n<p>Las tres salidas a pista con los monoplazas duraron cerca de 20 minutos. Su primera aparici\u00f3n en el Lotus E20 se produjo cerca de las 12:55. M\u00e1s tarde, rod\u00f3 con la hist\u00f3rica Flecha de Plata de Fangio, donde tambi\u00e9n utiliz\u00f3 una r\u00e9plica del casco del Chueco. En su \u00faltima salida con el veh\u00edculo del 2012, Franco exprimi\u00f3 al m\u00e1ximo la experiencia y el auto termin\u00f3 con los ca\u00f1os de escape en llamas.<\/p>\n<p>\u201cFue un fiest\u00f3n. Vino gente de Brasil, Paraguay, Uruguay y Chile. Estamos felices por esta gran movida. Fue un esfuerzo importante traerlo y hubo una gran organizaci\u00f3n. Es una manera m\u00e1s de tratar de convencer a la gente de la F\u00f3rmula 1 para que conf\u00ede en nosotros, hay que ganarle a otras ciudades del mundo. Y esto es un plus a favor nuestro\u201d, enfatiz\u00f3 Jorge Macri, Jefe de Gobierno porte\u00f1o.<\/p>\n<p>Tras una jornada para el recuerdo, Franco Colapinto deber\u00e1 afrontar la pr\u00f3xima semana el Gran Premio de Miami por el campeonato oficial de la F\u00f3rmula 1.<\/p>\n<p><img loading=\"lazy\" decoding=\"async\" class=\"alignnone size-medium wp-image-213754\" src=\"https:\/\/radioinfinitagoya.com.ar\/v1\/wp-content\/uploads\/2026\/04\/H75SJFJGIJDLZOWWQBYGGV74Y4-600x386.jpg\" alt=\"\" width=\"600\" height=\"386\" srcset=\"https:\/\/radioinfinitagoya.com.ar\/v1\/wp-content\/uploads\/2026\/04\/H75SJFJGIJDLZOWWQBYGGV74Y4-600x386.jpg 600w, https:\/\/radioinfinitagoya.com.ar\/v1\/wp-content\/uploads\/2026\/04\/H75SJFJGIJDLZOWWQBYGGV74Y4-150x97.jpg 150w, https:\/\/radioinfinitagoya.com.ar\/v1\/wp-content\/uploads\/2026\/04\/H75SJFJGIJDLZOWWQBYGGV74Y4-768x495.jpg 768w, https:\/\/radioinfinitagoya.com.ar\/v1\/wp-content\/uploads\/2026\/04\/H75SJFJGIJDLZOWWQBYGGV74Y4-652x420.jpg 652w, https:\/\/radioinfinitagoya.com.ar\/v1\/wp-content\/uploads\/2026\/04\/H75SJFJGIJDLZOWWQBYGGV74Y4-696x448.jpg 696w, https:\/\/radioinfinitagoya.com.ar\/v1\/wp-content\/uploads\/2026\/04\/H75SJFJGIJDLZOWWQBYGGV74Y4.avif 992w\" sizes=\"auto, (max-width: 600px) 100vw, 600px\" \/><\/p>\n","protected":false},"excerpt":{"rendered":"<p>Frente a m\u00e1s de 600 mil personas El piloto argentino gir\u00f3 con un Lotus E20 y la Flecha de Plata en Palermo, en la primera actividad oficial de la M\u00e1xima tras 14 a\u00f1os Franco Colapinto cerr\u00f3 una jornada hist\u00f3rica para el deporte argentino: despu\u00e9s de 14 a\u00f1os, un auto de F\u00f3rmula 1 gir\u00f3 en las [&hellip;]<\/p>\n","protected":false},"author":4,"featured_media":213753,"comment_status":"open","ping_status":"open","sticky":false,"template":"","format":"standard","meta":{"_joinchat":[],"footnotes":""},"categories":[31],"tags":[],"class_list":{"0":"post-213752","1":"post","2":"type-post","3":"status-publish","4":"format-standard","5":"has-post-thumbnail","7":"category-informacion-general"},"yoast_head":"<!-- This site is optimized with the Yoast SEO plugin v27.2 - https:\/\/yoast.com\/product\/yoast-seo-wordpress\/ -->\n<title>Hist\u00f3rico: Franco Colapinto rod\u00f3 por primera vez con un F\u00f3rmula 1 por las calles de Buenos Aires - Radio Infinita Goya<\/title>\n<meta name=\"description\" content=\"Frente a m\u00e1s de 600 mil personas El piloto argentino gir\u00f3 con un Lotus E20 y la Flecha de Plata en Palermo, en la primera actividad oficial de la M\u00e1xima\" \/>\n<meta name=\"robots\" content=\"index, follow, max-snippet:-1, max-image-preview:large, max-video-preview:-1\" \/>\n<link rel=\"canonical\" href=\"https:\/\/radioinfinitagoya.com.ar\/v1\/2026\/04\/26\/historico-franco-colapinto-rodo-por-primera-vez-con-un-formula-1-por-las-calles-de-buenos-aires\/\" \/>\n<meta property=\"og:locale\" content=\"es_ES\" \/>\n<meta property=\"og:type\" content=\"article\" \/>\n<meta property=\"og:title\" content=\"Hist\u00f3rico: Franco Colapinto rod\u00f3 por primera vez con un F\u00f3rmula 1 por las calles de Buenos Aires - Radio Infinita Goya\" \/>\n<meta property=\"og:description\" content=\"Frente a m\u00e1s de 600 mil personas El piloto argentino gir\u00f3 con un Lotus E20 y la Flecha de Plata en Palermo, en la primera actividad oficial de la M\u00e1xima\" \/>\n<meta property=\"og:url\" content=\"https:\/\/radioinfinitagoya.com.ar\/v1\/2026\/04\/26\/historico-franco-colapinto-rodo-por-primera-vez-con-un-formula-1-por-las-calles-de-buenos-aires\/\" \/>\n<meta property=\"og:site_name\" content=\"Radio Infinita Goya\" \/>\n<meta property=\"article:publisher\" content=\"https:\/\/www.facebook.com\/p\/Infinita-Goya-100063870918311\/\" \/>\n<meta property=\"article:published_time\" content=\"2026-04-26T21:52:20+00:00\" \/>\n<meta name=\"author\" content=\"Jorge Mi\u00f1o\" \/>\n<meta name=\"twitter:card\" content=\"summary_large_image\" \/>\n<meta name=\"twitter:label1\" content=\"Escrito por\" \/>\n\t<meta name=\"twitter:data1\" content=\"Jorge Mi\u00f1o\" \/>\n\t<meta name=\"twitter:label2\" content=\"Tiempo de lectura\" \/>\n\t<meta name=\"twitter:data2\" content=\"3 minutos\" \/>\n<script type=\"application\/ld+json\" class=\"yoast-schema-graph\">{\"@context\":\"https:\/\/schema.org\",\"@graph\":[{\"@type\":\"Article\",\"@id\":\"https:\/\/radioinfinitagoya.com.ar\/v1\/2026\/04\/26\/historico-franco-colapinto-rodo-por-primera-vez-con-un-formula-1-por-las-calles-de-buenos-aires\/#article\",\"isPartOf\":{\"@id\":\"https:\/\/radioinfinitagoya.com.ar\/v1\/2026\/04\/26\/historico-franco-colapinto-rodo-por-primera-vez-con-un-formula-1-por-las-calles-de-buenos-aires\/\"},\"author\":{\"name\":\"Jorge Mi\u00f1o\",\"@id\":\"https:\/\/radioinfinitagoya.com.ar\/v1\/#\/schema\/person\/d4cf9c413d4f6edb24aabdccab49ca4a\"},\"headline\":\"Hist\u00f3rico: Franco Colapinto rod\u00f3 por primera vez con un F\u00f3rmula 1 por las calles de Buenos Aires\",\"datePublished\":\"2026-04-26T21:52:20+00:00\",\"mainEntityOfPage\":{\"@id\":\"https:\/\/radioinfinitagoya.com.ar\/v1\/2026\/04\/26\/historico-franco-colapinto-rodo-por-primera-vez-con-un-formula-1-por-las-calles-de-buenos-aires\/\"},\"wordCount\":405,\"commentCount\":0,\"publisher\":{\"@id\":\"https:\/\/radioinfinitagoya.com.ar\/v1\/#organization\"},\"image\":{\"@id\":\"https:\/\/radioinfinitagoya.com.ar\/v1\/2026\/04\/26\/historico-franco-colapinto-rodo-por-primera-vez-con-un-formula-1-por-las-calles-de-buenos-aires\/#primaryimage\"},\"thumbnailUrl\":\"https:\/\/radioinfinitagoya.com.ar\/v1\/wp-content\/uploads\/2026\/04\/QTNEW5MO7BBSHPTJJO5F2LKUBM.avif\",\"articleSection\":[\"INFORMACI\u00d3N GENERAL\"],\"inLanguage\":\"es-AR\",\"potentialAction\":[{\"@type\":\"CommentAction\",\"name\":\"Comment\",\"target\":[\"https:\/\/radioinfinitagoya.com.ar\/v1\/2026\/04\/26\/historico-franco-colapinto-rodo-por-primera-vez-con-un-formula-1-por-las-calles-de-buenos-aires\/#respond\"]}]},{\"@type\":\"WebPage\",\"@id\":\"https:\/\/radioinfinitagoya.com.ar\/v1\/2026\/04\/26\/historico-franco-colapinto-rodo-por-primera-vez-con-un-formula-1-por-las-calles-de-buenos-aires\/\",\"url\":\"https:\/\/radioinfinitagoya.com.ar\/v1\/2026\/04\/26\/historico-franco-colapinto-rodo-por-primera-vez-con-un-formula-1-por-las-calles-de-buenos-aires\/\",\"name\":\"Hist\u00f3rico: Franco Colapinto rod\u00f3 por primera vez con un F\u00f3rmula 1 por las calles de Buenos Aires - Radio Infinita Goya\",\"isPartOf\":{\"@id\":\"https:\/\/radioinfinitagoya.com.ar\/v1\/#website\"},\"primaryImageOfPage\":{\"@id\":\"https:\/\/radioinfinitagoya.com.ar\/v1\/2026\/04\/26\/historico-franco-colapinto-rodo-por-primera-vez-con-un-formula-1-por-las-calles-de-buenos-aires\/#primaryimage\"},\"image\":{\"@id\":\"https:\/\/radioinfinitagoya.com.ar\/v1\/2026\/04\/26\/historico-franco-colapinto-rodo-por-primera-vez-con-un-formula-1-por-las-calles-de-buenos-aires\/#primaryimage\"},\"thumbnailUrl\":\"https:\/\/radioinfinitagoya.com.ar\/v1\/wp-content\/uploads\/2026\/04\/QTNEW5MO7BBSHPTJJO5F2LKUBM.avif\",\"datePublished\":\"2026-04-26T21:52:20+00:00\",\"description\":\"Frente a m\u00e1s de 600 mil personas El piloto argentino gir\u00f3 con un Lotus E20 y la Flecha de Plata en Palermo, en la primera actividad oficial de la M\u00e1xima\",\"breadcrumb\":{\"@id\":\"https:\/\/radioinfinitagoya.com.ar\/v1\/2026\/04\/26\/historico-franco-colapinto-rodo-por-primera-vez-con-un-formula-1-por-las-calles-de-buenos-aires\/#breadcrumb\"},\"inLanguage\":\"es-AR\",\"potentialAction\":[{\"@type\":\"ReadAction\",\"target\":[\"https:\/\/radioinfinitagoya.com.ar\/v1\/2026\/04\/26\/historico-franco-colapinto-rodo-por-primera-vez-con-un-formula-1-por-las-calles-de-buenos-aires\/\"]}]},{\"@type\":\"ImageObject\",\"inLanguage\":\"es-AR\",\"@id\":\"https:\/\/radioinfinitagoya.com.ar\/v1\/2026\/04\/26\/historico-franco-colapinto-rodo-por-primera-vez-con-un-formula-1-por-las-calles-de-buenos-aires\/#primaryimage\",\"url\":\"https:\/\/radioinfinitagoya.com.ar\/v1\/wp-content\/uploads\/2026\/04\/QTNEW5MO7BBSHPTJJO5F2LKUBM.avif\",\"contentUrl\":\"https:\/\/radioinfinitagoya.com.ar\/v1\/wp-content\/uploads\/2026\/04\/QTNEW5MO7BBSHPTJJO5F2LKUBM.avif\",\"width\":992,\"height\":661},{\"@type\":\"BreadcrumbList\",\"@id\":\"https:\/\/radioinfinitagoya.com.ar\/v1\/2026\/04\/26\/historico-franco-colapinto-rodo-por-primera-vez-con-un-formula-1-por-las-calles-de-buenos-aires\/#breadcrumb\",\"itemListElement\":[{\"@type\":\"ListItem\",\"position\":1,\"name\":\"Inicio\",\"item\":\"https:\/\/radioinfinitagoya.com.ar\/v1\/\"},{\"@type\":\"ListItem\",\"position\":2,\"name\":\"Hist\u00f3rico: Franco Colapinto rod\u00f3 por primera vez con un F\u00f3rmula 1 por las calles de Buenos Aires\"}]},{\"@type\":\"WebSite\",\"@id\":\"https:\/\/radioinfinitagoya.com.ar\/v1\/#website\",\"url\":\"https:\/\/radioinfinitagoya.com.ar\/v1\/\",\"name\":\"radioinfinitagoya.com.ar\",\"description\":\"Radio de noticias\",\"publisher\":{\"@id\":\"https:\/\/radioinfinitagoya.com.ar\/v1\/#organization\"},\"potentialAction\":[{\"@type\":\"SearchAction\",\"target\":{\"@type\":\"EntryPoint\",\"urlTemplate\":\"https:\/\/radioinfinitagoya.com.ar\/v1\/?s={search_term_string}\"},\"query-input\":{\"@type\":\"PropertyValueSpecification\",\"valueRequired\":true,\"valueName\":\"search_term_string\"}}],\"inLanguage\":\"es-AR\"},{\"@type\":\"Organization\",\"@id\":\"https:\/\/radioinfinitagoya.com.ar\/v1\/#organization\",\"name\":\"Radio Infinita Goya\",\"url\":\"https:\/\/radioinfinitagoya.com.ar\/v1\/\",\"logo\":{\"@type\":\"ImageObject\",\"inLanguage\":\"es-AR\",\"@id\":\"https:\/\/radioinfinitagoya.com.ar\/v1\/#\/schema\/logo\/image\/\",\"url\":\"https:\/\/radioinfinitagoya.com.ar\/v1\/wp-content\/uploads\/2019\/11\/logo-pie-web.png\",\"contentUrl\":\"https:\/\/radioinfinitagoya.com.ar\/v1\/wp-content\/uploads\/2019\/11\/logo-pie-web.png\",\"width\":635,\"height\":326,\"caption\":\"Radio Infinita Goya\"},\"image\":{\"@id\":\"https:\/\/radioinfinitagoya.com.ar\/v1\/#\/schema\/logo\/image\/\"},\"sameAs\":[\"https:\/\/www.facebook.com\/p\/Infinita-Goya-100063870918311\/\"]},{\"@type\":\"Person\",\"@id\":\"https:\/\/radioinfinitagoya.com.ar\/v1\/#\/schema\/person\/d4cf9c413d4f6edb24aabdccab49ca4a\",\"name\":\"Jorge Mi\u00f1o\",\"image\":{\"@type\":\"ImageObject\",\"inLanguage\":\"es-AR\",\"@id\":\"https:\/\/secure.gravatar.com\/avatar\/910fcf6728fe95320e07a6643c1581fec1c7fc4bf8ae12e3d8f0d0373dc844be?s=96&d=mm&r=g\",\"url\":\"https:\/\/secure.gravatar.com\/avatar\/910fcf6728fe95320e07a6643c1581fec1c7fc4bf8ae12e3d8f0d0373dc844be?s=96&d=mm&r=g\",\"contentUrl\":\"https:\/\/secure.gravatar.com\/avatar\/910fcf6728fe95320e07a6643c1581fec1c7fc4bf8ae12e3d8f0d0373dc844be?s=96&d=mm&r=g\",\"caption\":\"Jorge Mi\u00f1o\"},\"sameAs\":[\"http:\/\/radioinfinitagoya.com.ar\"]}]}<\/script>\n<!-- \/ Yoast SEO plugin. -->","yoast_head_json":{"title":"Hist\u00f3rico: Franco Colapinto rod\u00f3 por primera vez con un F\u00f3rmula 1 por las calles de Buenos Aires - Radio Infinita Goya","description":"Frente a m\u00e1s de 600 mil personas El piloto argentino gir\u00f3 con un Lotus E20 y la Flecha de Plata en Palermo, en la primera actividad oficial de la M\u00e1xima","robots":{"index":"index","follow":"follow","max-snippet":"max-snippet:-1","max-image-preview":"max-image-preview:large","max-video-preview":"max-video-preview:-1"},"canonical":"https:\/\/radioinfinitagoya.com.ar\/v1\/2026\/04\/26\/historico-franco-colapinto-rodo-por-primera-vez-con-un-formula-1-por-las-calles-de-buenos-aires\/","og_locale":"es_ES","og_type":"article","og_title":"Hist\u00f3rico: Franco Colapinto rod\u00f3 por primera vez con un F\u00f3rmula 1 por las calles de Buenos Aires - Radio Infinita Goya","og_description":"Frente a m\u00e1s de 600 mil personas El piloto argentino gir\u00f3 con un Lotus E20 y la Flecha de Plata en Palermo, en la primera actividad oficial de la M\u00e1xima","og_url":"https:\/\/radioinfinitagoya.com.ar\/v1\/2026\/04\/26\/historico-franco-colapinto-rodo-por-primera-vez-con-un-formula-1-por-las-calles-de-buenos-aires\/","og_site_name":"Radio Infinita Goya","article_publisher":"https:\/\/www.facebook.com\/p\/Infinita-Goya-100063870918311\/","article_published_time":"2026-04-26T21:52:20+00:00","author":"Jorge Mi\u00f1o","twitter_card":"summary_large_image","twitter_misc":{"Escrito por":"Jorge Mi\u00f1o","Tiempo de lectura":"3 minutos"},"schema":{"@context":"https:\/\/schema.org","@graph":[{"@type":"Article","@id":"https:\/\/radioinfinitagoya.com.ar\/v1\/2026\/04\/26\/historico-franco-colapinto-rodo-por-primera-vez-con-un-formula-1-por-las-calles-de-buenos-aires\/#article","isPartOf":{"@id":"https:\/\/radioinfinitagoya.com.ar\/v1\/2026\/04\/26\/historico-franco-colapinto-rodo-por-primera-vez-con-un-formula-1-por-las-calles-de-buenos-aires\/"},"author":{"name":"Jorge Mi\u00f1o","@id":"https:\/\/radioinfinitagoya.com.ar\/v1\/#\/schema\/person\/d4cf9c413d4f6edb24aabdccab49ca4a"},"headline":"Hist\u00f3rico: Franco Colapinto rod\u00f3 por primera vez con un F\u00f3rmula 1 por las calles de Buenos Aires","datePublished":"2026-04-26T21:52:20+00:00","mainEntityOfPage":{"@id":"https:\/\/radioinfinitagoya.com.ar\/v1\/2026\/04\/26\/historico-franco-colapinto-rodo-por-primera-vez-con-un-formula-1-por-las-calles-de-buenos-aires\/"},"wordCount":405,"commentCount":0,"publisher":{"@id":"https:\/\/radioinfinitagoya.com.ar\/v1\/#organization"},"image":{"@id":"https:\/\/radioinfinitagoya.com.ar\/v1\/2026\/04\/26\/historico-franco-colapinto-rodo-por-primera-vez-con-un-formula-1-por-las-calles-de-buenos-aires\/#primaryimage"},"thumbnailUrl":"https:\/\/radioinfinitagoya.com.ar\/v1\/wp-content\/uploads\/2026\/04\/QTNEW5MO7BBSHPTJJO5F2LKUBM.avif","articleSection":["INFORMACI\u00d3N GENERAL"],"inLanguage":"es-AR","potentialAction":[{"@type":"CommentAction","name":"Comment","target":["https:\/\/radioinfinitagoya.com.ar\/v1\/2026\/04\/26\/historico-franco-colapinto-rodo-por-primera-vez-con-un-formula-1-por-las-calles-de-buenos-aires\/#respond"]}]},{"@type":"WebPage","@id":"https:\/\/radioinfinitagoya.com.ar\/v1\/2026\/04\/26\/historico-franco-colapinto-rodo-por-primera-vez-con-un-formula-1-por-las-calles-de-buenos-aires\/","url":"https:\/\/radioinfinitagoya.com.ar\/v1\/2026\/04\/26\/historico-franco-colapinto-rodo-por-primera-vez-con-un-formula-1-por-las-calles-de-buenos-aires\/","name":"Hist\u00f3rico: Franco Colapinto rod\u00f3 por primera vez con un F\u00f3rmula 1 por las calles de Buenos Aires - Radio Infinita Goya","isPartOf":{"@id":"https:\/\/radioinfinitagoya.com.ar\/v1\/#website"},"primaryImageOfPage":{"@id":"https:\/\/radioinfinitagoya.com.ar\/v1\/2026\/04\/26\/historico-franco-colapinto-rodo-por-primera-vez-con-un-formula-1-por-las-calles-de-buenos-aires\/#primaryimage"},"image":{"@id":"https:\/\/radioinfinitagoya.com.ar\/v1\/2026\/04\/26\/historico-franco-colapinto-rodo-por-primera-vez-con-un-formula-1-por-las-calles-de-buenos-aires\/#primaryimage"},"thumbnailUrl":"https:\/\/radioinfinitagoya.com.ar\/v1\/wp-content\/uploads\/2026\/04\/QTNEW5MO7BBSHPTJJO5F2LKUBM.avif","datePublished":"2026-04-26T21:52:20+00:00","description":"Frente a m\u00e1s de 600 mil personas El piloto argentino gir\u00f3 con un Lotus E20 y la Flecha de Plata en Palermo, en la primera actividad oficial de la M\u00e1xima","breadcrumb":{"@id":"https:\/\/radioinfinitagoya.com.ar\/v1\/2026\/04\/26\/historico-franco-colapinto-rodo-por-primera-vez-con-un-formula-1-por-las-calles-de-buenos-aires\/#breadcrumb"},"inLanguage":"es-AR","potentialAction":[{"@type":"ReadAction","target":["https:\/\/radioinfinitagoya.com.ar\/v1\/2026\/04\/26\/historico-franco-colapinto-rodo-por-primera-vez-con-un-formula-1-por-las-calles-de-buenos-aires\/"]}]},{"@type":"ImageObject","inLanguage":"es-AR","@id":"https:\/\/radioinfinitagoya.com.ar\/v1\/2026\/04\/26\/historico-franco-colapinto-rodo-por-primera-vez-con-un-formula-1-por-las-calles-de-buenos-aires\/#primaryimage","url":"https:\/\/radioinfinitagoya.com.ar\/v1\/wp-content\/uploads\/2026\/04\/QTNEW5MO7BBSHPTJJO5F2LKUBM.avif","contentUrl":"https:\/\/radioinfinitagoya.com.ar\/v1\/wp-content\/uploads\/2026\/04\/QTNEW5MO7BBSHPTJJO5F2LKUBM.avif","width":992,"height":661},{"@type":"BreadcrumbList","@id":"https:\/\/radioinfinitagoya.com.ar\/v1\/2026\/04\/26\/historico-franco-colapinto-rodo-por-primera-vez-con-un-formula-1-por-las-calles-de-buenos-aires\/#breadcrumb","itemListElement":[{"@type":"ListItem","position":1,"name":"Inicio","item":"https:\/\/radioinfinitagoya.com.ar\/v1\/"},{"@type":"ListItem","position":2,"name":"Hist\u00f3rico: Franco Colapinto rod\u00f3 por primera vez con un F\u00f3rmula 1 por las calles de Buenos Aires"}]},{"@type":"WebSite","@id":"https:\/\/radioinfinitagoya.com.ar\/v1\/#website","url":"https:\/\/radioinfinitagoya.com.ar\/v1\/","name":"radioinfinitagoya.com.ar","description":"Radio de noticias","publisher":{"@id":"https:\/\/radioinfinitagoya.com.ar\/v1\/#organization"},"potentialAction":[{"@type":"SearchAction","target":{"@type":"EntryPoint","urlTemplate":"https:\/\/radioinfinitagoya.com.ar\/v1\/?s={search_term_string}"},"query-input":{"@type":"PropertyValueSpecification","valueRequired":true,"valueName":"search_term_string"}}],"inLanguage":"es-AR"},{"@type":"Organization","@id":"https:\/\/radioinfinitagoya.com.ar\/v1\/#organization","name":"Radio Infinita Goya","url":"https:\/\/radioinfinitagoya.com.ar\/v1\/","logo":{"@type":"ImageObject","inLanguage":"es-AR","@id":"https:\/\/radioinfinitagoya.com.ar\/v1\/#\/schema\/logo\/image\/","url":"https:\/\/radioinfinitagoya.com.ar\/v1\/wp-content\/uploads\/2019\/11\/logo-pie-web.png","contentUrl":"https:\/\/radioinfinitagoya.com.ar\/v1\/wp-content\/uploads\/2019\/11\/logo-pie-web.png","width":635,"height":326,"caption":"Radio Infinita Goya"},"image":{"@id":"https:\/\/radioinfinitagoya.com.ar\/v1\/#\/schema\/logo\/image\/"},"sameAs":["https:\/\/www.facebook.com\/p\/Infinita-Goya-100063870918311\/"]},{"@type":"Person","@id":"https:\/\/radioinfinitagoya.com.ar\/v1\/#\/schema\/person\/d4cf9c413d4f6edb24aabdccab49ca4a","name":"Jorge Mi\u00f1o","image":{"@type":"ImageObject","inLanguage":"es-AR","@id":"https:\/\/secure.gravatar.com\/avatar\/910fcf6728fe95320e07a6643c1581fec1c7fc4bf8ae12e3d8f0d0373dc844be?s=96&d=mm&r=g","url":"https:\/\/secure.gravatar.com\/avatar\/910fcf6728fe95320e07a6643c1581fec1c7fc4bf8ae12e3d8f0d0373dc844be?s=96&d=mm&r=g","contentUrl":"https:\/\/secure.gravatar.com\/avatar\/910fcf6728fe95320e07a6643c1581fec1c7fc4bf8ae12e3d8f0d0373dc844be?s=96&d=mm&r=g","caption":"Jorge Mi\u00f1o"},"sameAs":["http:\/\/radioinfinitagoya.com.ar"]}]}},"_links":{"self":[{"href":"https:\/\/radioinfinitagoya.com.ar\/v1\/wp-json\/wp\/v2\/posts\/213752","targetHints":{"allow":["GET"]}}],"collection":[{"href":"https:\/\/radioinfinitagoya.com.ar\/v1\/wp-json\/wp\/v2\/posts"}],"about":[{"href":"https:\/\/radioinfinitagoya.com.ar\/v1\/wp-json\/wp\/v2\/types\/post"}],"author":[{"embeddable":true,"href":"https:\/\/radioinfinitagoya.com.ar\/v1\/wp-json\/wp\/v2\/users\/4"}],"replies":[{"embeddable":true,"href":"https:\/\/radioinfinitagoya.com.ar\/v1\/wp-json\/wp\/v2\/comments?post=213752"}],"version-history":[{"count":1,"href":"https:\/\/radioinfinitagoya.com.ar\/v1\/wp-json\/wp\/v2\/posts\/213752\/revisions"}],"predecessor-version":[{"id":213755,"href":"https:\/\/radioinfinitagoya.com.ar\/v1\/wp-json\/wp\/v2\/posts\/213752\/revisions\/213755"}],"wp:featuredmedia":[{"embeddable":true,"href":"https:\/\/radioinfinitagoya.com.ar\/v1\/wp-json\/wp\/v2\/media\/213753"}],"wp:attachment":[{"href":"https:\/\/radioinfinitagoya.com.ar\/v1\/wp-json\/wp\/v2\/media?parent=213752"}],"wp:term":[{"taxonomy":"category","embeddable":true,"href":"https:\/\/radioinfinitagoya.com.ar\/v1\/wp-json\/wp\/v2\/categories?post=213752"},{"taxonomy":"post_tag","embeddable":true,"href":"https:\/\/radioinfinitagoya.com.ar\/v1\/wp-json\/wp\/v2\/tags?post=213752"}],"curies":[{"name":"wp","href":"https:\/\/api.w.org\/{rel}","templated":true}]}}