{"id":213756,"date":"2026-04-26T19:08:09","date_gmt":"2026-04-26T22:08:09","guid":{"rendered":"https:\/\/radioinfinitagoya.com.ar\/v1\/?p=213756"},"modified":"2026-04-26T19:08:09","modified_gmt":"2026-04-26T22:08:09","slug":"las-cuentas-que-hace-la-justicia-para-saber-si-adorni-tiene-mas-de-lo-que-gana","status":"publish","type":"post","link":"https:\/\/radioinfinitagoya.com.ar\/v1\/2026\/04\/26\/las-cuentas-que-hace-la-justicia-para-saber-si-adorni-tiene-mas-de-lo-que-gana\/","title":{"rendered":"Las cuentas que hace la Justicia para saber si Adorni tiene m\u00e1s de lo que gana"},"content":{"rendered":"<p>&#8220;Gastos, deudas e ingresos&#8221;<\/p>\n<p>El jefe de Gabinete est\u00e1 bajo investigaci\u00f3n desde hace un mes. Prepara la actualizaci\u00f3n de su declaraci\u00f3n jurada correspondiente al 2025. Cu\u00e1nto gast\u00f3 en viajes, operaciones inmobiliarias y tarjetas de cr\u00e9dito<\/p>\n<p><img loading=\"lazy\" decoding=\"async\" class=\"alignnone size-medium wp-image-213757\" src=\"https:\/\/radioinfinitagoya.com.ar\/v1\/wp-content\/uploads\/2026\/04\/3RYR5HXL6FCV5G4LY5NQTJUEBY-600x338.jpg\" alt=\"\" width=\"600\" height=\"338\" srcset=\"https:\/\/radioinfinitagoya.com.ar\/v1\/wp-content\/uploads\/2026\/04\/3RYR5HXL6FCV5G4LY5NQTJUEBY-600x338.jpg 600w, https:\/\/radioinfinitagoya.com.ar\/v1\/wp-content\/uploads\/2026\/04\/3RYR5HXL6FCV5G4LY5NQTJUEBY-150x84.jpg 150w, https:\/\/radioinfinitagoya.com.ar\/v1\/wp-content\/uploads\/2026\/04\/3RYR5HXL6FCV5G4LY5NQTJUEBY-747x420.jpg 747w, https:\/\/radioinfinitagoya.com.ar\/v1\/wp-content\/uploads\/2026\/04\/3RYR5HXL6FCV5G4LY5NQTJUEBY-696x392.jpg 696w, https:\/\/radioinfinitagoya.com.ar\/v1\/wp-content\/uploads\/2026\/04\/3RYR5HXL6FCV5G4LY5NQTJUEBY.avif 768w\" sizes=\"auto, (max-width: 600px) 100vw, 600px\" \/><\/p>\n<p>A un mes de haber comenzado a investigar su patrimonio, la Justicia ya tiene sobre la mesa una reconstrucci\u00f3n -a\u00fan incompleta- de los gastos, deudas e ingresos del jefe de Gabinete, Manuel Adorni, quien tuvo un crecimiento sustancial en su nivel de vida desde que es funcionario p\u00fablico. La causa que tramita en Comodoro Py busca saber si esto se puede justificar con su sueldo y sus ahorros.<\/p>\n<p>La \u00faltima declaraci\u00f3n jurada que present\u00f3 el ministro coordinador ante la Oficina Anticorrupci\u00f3n corresponde al ciclo 2024. Ese organismo acaba de prorrogar el plazo para entregar la del a\u00f1o pasado, y ahora Adorni tendr\u00e1 tiempo para actualizar el informe sobre su evoluci\u00f3n patrimonial hasta el 31 de julio.<\/p>\n<p>En el \u00faltimo documento disponible, el jefe de Gabinete inform\u00f3 que ten\u00eda -al cierre del ciclo- una caja de ahorro con 2.455.000 pesos, otros 2.000.000 de un cr\u00e9dito, 6.220 d\u00f3lares en una cuenta en Estados Unidos y 42.500 d\u00f3lares \u201cdebajo del colch\u00f3n\u201d. Su sueldo rond\u00f3 todo ese a\u00f1o y el siguiente los 3.500.000 pesos.<\/p>\n<p>Adorni est\u00e1 casado con Bettina Angeletti, quien se dedica al coaching ontol\u00f3gico. Su declaraci\u00f3n jurada deb\u00eda estar adjunta en un anexo reservado, siempre ante la OA, pero el funcionario incluy\u00f3 ese documento reci\u00e9n una vez que comenz\u00f3 la investigaci\u00f3n del fiscal Gerardo Pollicita y el juez Ariel Lijo. La Justicia tiene a disposici\u00f3n esos n\u00fameros, pero no han trascendido p\u00fablicamente.<\/p>\n<p>Las cuentas de Adorni y Angeletti se entrelazan constantemente. Seg\u00fan fuentes judiciales, las explicaciones que el jefe de Gabinete a\u00fan mantiene bajo reserva podr\u00edan apelar a los ingresos y patrimonio de su esposa.<\/p>\n<p><img loading=\"lazy\" decoding=\"async\" class=\"alignnone size-medium wp-image-213758\" src=\"https:\/\/radioinfinitagoya.com.ar\/v1\/wp-content\/uploads\/2026\/04\/UCZFOAAJKZHKREHJW2RM3RRHOI-1-600x388.jpg\" alt=\"\" width=\"600\" height=\"388\" srcset=\"https:\/\/radioinfinitagoya.com.ar\/v1\/wp-content\/uploads\/2026\/04\/UCZFOAAJKZHKREHJW2RM3RRHOI-1-600x388.jpg 600w, https:\/\/radioinfinitagoya.com.ar\/v1\/wp-content\/uploads\/2026\/04\/UCZFOAAJKZHKREHJW2RM3RRHOI-1-150x97.jpg 150w, https:\/\/radioinfinitagoya.com.ar\/v1\/wp-content\/uploads\/2026\/04\/UCZFOAAJKZHKREHJW2RM3RRHOI-1-768x497.jpg 768w, https:\/\/radioinfinitagoya.com.ar\/v1\/wp-content\/uploads\/2026\/04\/UCZFOAAJKZHKREHJW2RM3RRHOI-1-649x420.jpg 649w, https:\/\/radioinfinitagoya.com.ar\/v1\/wp-content\/uploads\/2026\/04\/UCZFOAAJKZHKREHJW2RM3RRHOI-1-696x450.jpg 696w, https:\/\/radioinfinitagoya.com.ar\/v1\/wp-content\/uploads\/2026\/04\/UCZFOAAJKZHKREHJW2RM3RRHOI-1.avif 992w\" sizes=\"auto, (max-width: 600px) 100vw, 600px\" \/><\/p>\n<p>Muchos de los viajes por el mundo que est\u00e1n bajo investigaci\u00f3n se hicieron en familia, igual que la compra de propiedades y de una camioneta. Adem\u00e1s, seg\u00fan consta en la causa judicial, se repite un patr\u00f3n claro: en su mayor\u00eda, los pagos \u201cgrandes\u201d se hicieron en efectivo y en d\u00f3lares.<\/p>\n<p>As\u00ed puede verse en las vacaciones de la familia. Para irse a Punta del Este en avi\u00f3n privado junto al periodista y amigo Marcelo Grand\u00edo, se pagaron 4.830 d\u00f3lares por la ida y otros 3.000 d\u00f3lares por el regreso, en febrero de este a\u00f1o. A\u00fan no se sabe si Adorni y el conductor de la TV P\u00fablica abonaron cada uno su parte, si se trat\u00f3 de una invitaci\u00f3n para el funcionario o si, en cambio, todo estuvo a cargo del jefe de Gabinete.<\/p>\n<p>Grand\u00edo, due\u00f1o de la productora ImHouse -contratista del Estado-, ya hab\u00eda compartido en esa ciudad uruguaya con Adorni en 2022. Entre diciembre de ese a\u00f1o y fines de 2023, su empresa le hizo diez transferencias al hoy ministro coordinador por 1.670.900 pesos en total, seg\u00fan pudo relevar la Justicia.<\/p>\n<p><img loading=\"lazy\" decoding=\"async\" class=\"alignnone size-medium wp-image-213759\" src=\"https:\/\/radioinfinitagoya.com.ar\/v1\/wp-content\/uploads\/2026\/04\/OPE4IB5MTJA2JIKWASQLGY74CY-600x338.jpg\" alt=\"\" width=\"600\" height=\"338\" srcset=\"https:\/\/radioinfinitagoya.com.ar\/v1\/wp-content\/uploads\/2026\/04\/OPE4IB5MTJA2JIKWASQLGY74CY-600x338.jpg 600w, https:\/\/radioinfinitagoya.com.ar\/v1\/wp-content\/uploads\/2026\/04\/OPE4IB5MTJA2JIKWASQLGY74CY-150x84.jpg 150w, https:\/\/radioinfinitagoya.com.ar\/v1\/wp-content\/uploads\/2026\/04\/OPE4IB5MTJA2JIKWASQLGY74CY-768x432.jpg 768w, https:\/\/radioinfinitagoya.com.ar\/v1\/wp-content\/uploads\/2026\/04\/OPE4IB5MTJA2JIKWASQLGY74CY-747x420.jpg 747w, https:\/\/radioinfinitagoya.com.ar\/v1\/wp-content\/uploads\/2026\/04\/OPE4IB5MTJA2JIKWASQLGY74CY-696x392.jpg 696w, https:\/\/radioinfinitagoya.com.ar\/v1\/wp-content\/uploads\/2026\/04\/OPE4IB5MTJA2JIKWASQLGY74CY.avif 992w\" sizes=\"auto, (max-width: 600px) 100vw, 600px\" \/><\/p>\n<p>Los gastos en viajes siguen. Para recibir el A\u00f1o Nuevo de 2025 en Aruba, la familia Adorni pag\u00f3 8.874 d\u00f3lares en hotel y 5.762 d\u00f3lares en pasajes. En sus tarjetas de cr\u00e9dito, seg\u00fan indicaron fuentes judiciales, no aparecen erogaciones compatibles con gastos corrientes. Todo, una vez m\u00e1s, se abon\u00f3 en efectivo.<\/p>\n<p>La pol\u00e9mica en torno a los viajes de Adorni y su esposa tuvo su origen en el viaje de Bettina Angeletti junto a la comitiva oficial a Nueva York para la Argentina Week. La semana pasada, el juez Daniel Rafecas resolvi\u00f3 archivar la causa que investigaba al jefe de Gabinete de Ministros. La decisi\u00f3n, que se sustenta en la ausencia de delito, fue adoptada tras el dictamen favorable al archivo emitido por la fiscal Alejandra Mangano.<\/p>\n<p>Esa breve investigaci\u00f3n, no obstante, dej\u00f3 un dato relevante que compete a la causa por enriquecimiento il\u00edcito contra el ministro coordinador y vocero: Angeletti pag\u00f3 su propio vuelo de regreso, en primera clase, y cost\u00f3 5.154 d\u00f3lares. Otro gasto importante que se sum\u00f3 a la lista que confecciona el fiscal Pollicita.<\/p>\n<p>Hay m\u00e1s viajes bajo la lupa de la justicia. Los investigadores a\u00fan trabajan en reconstruir al detalle todas las excursiones que hizo el matrimonio, ya sea juntos o por separado, y tanto en el interior del pa\u00eds como alrededor del mundo, desde 2022 a la fecha. Por ende, se descarta que pr\u00f3ximamente se ensanchar\u00e1 este pilar del caso.<\/p>\n<p>Las propiedades<br \/>\nEn un segundo cap\u00edtulo aparecen las propiedades. En su \u00faltima declaraci\u00f3n jurada, Manuel Adorni inform\u00f3 a la OA que tiene un inmueble en La Plata, del cual es propietario en un 100%, y la mitad del departamento de Parque Chacabuco, ubicado en la calle Asamblea. Ambos est\u00e1n en venta en este momento, por 95.000 y 285.000 respectivamente.<\/p>\n<p>Sin haberse desprendido de sus posesiones, entre fines de 2024 y 2025 el jefe de Gabinete compr\u00f3 un semipiso en Caballito y una casa en el barrio privado Indio Cu\u00e1, de Exaltaci\u00f3n de la Cruz. Aqu\u00ed es donde aparecen las deudas que abren otro gran interrogante del caso: \u00bfc\u00f3mo har\u00e1 el funcionario para pagar semejante suma?<\/p>\n<p><img loading=\"lazy\" decoding=\"async\" class=\"alignnone size-medium wp-image-213760\" src=\"https:\/\/radioinfinitagoya.com.ar\/v1\/wp-content\/uploads\/2026\/04\/AEF37PNJCJEF3K3KWGQUXT3OJA-2-600x400.jpg\" alt=\"\" width=\"600\" height=\"400\" srcset=\"https:\/\/radioinfinitagoya.com.ar\/v1\/wp-content\/uploads\/2026\/04\/AEF37PNJCJEF3K3KWGQUXT3OJA-2-600x400.jpg 600w, https:\/\/radioinfinitagoya.com.ar\/v1\/wp-content\/uploads\/2026\/04\/AEF37PNJCJEF3K3KWGQUXT3OJA-2-150x100.jpg 150w, https:\/\/radioinfinitagoya.com.ar\/v1\/wp-content\/uploads\/2026\/04\/AEF37PNJCJEF3K3KWGQUXT3OJA-2-768x513.jpg 768w, https:\/\/radioinfinitagoya.com.ar\/v1\/wp-content\/uploads\/2026\/04\/AEF37PNJCJEF3K3KWGQUXT3OJA-2-629x420.jpg 629w, https:\/\/radioinfinitagoya.com.ar\/v1\/wp-content\/uploads\/2026\/04\/AEF37PNJCJEF3K3KWGQUXT3OJA-2-696x464.jpg 696w, https:\/\/radioinfinitagoya.com.ar\/v1\/wp-content\/uploads\/2026\/04\/AEF37PNJCJEF3K3KWGQUXT3OJA-2.avif 992w\" sizes=\"auto, (max-width: 600px) 100vw, 600px\" \/><\/p>\n<p>Por el departamento de Caballito, en la calle Mir\u00f3 al 500, Adorni pag\u00f3 un adelanto de 30.000 d\u00f3lares en octubre de 2025 -otro \u201cgasto grande\u201d, siempre en efectivo-. El resto, unos 200.000 d\u00f3lares, se lo financiaron a un a\u00f1o sin intereses las jubiladas Claudia Sbabo y Beatriz Viegas.<\/p>\n<p>El hijo de esta \u00faltima, Pablo Feijoo, amigo de Adorni, es quien gestion\u00f3 la compraventa de la propiedad. En medio hizo refacciones para renovar integralmente el departamento que le costaron 65.000 d\u00f3lares. Seg\u00fan declar\u00f3 ante el fiscal cuando lo citaron como testigo, la devoluci\u00f3n de ese dinero la acord\u00f3 \u201cpor afuera\u201d con el jefe de ministros; en negro y en efectivo.<\/p>\n<p>La Justicia tambi\u00e9n sabe que, para equipar su nueva casa, el jefe de Gabinete compr\u00f3 electrodom\u00e9sticos y muebles nuevos. Ahora buscan precisar cu\u00e1nto gast\u00f3 en esto.<\/p>\n<p><img loading=\"lazy\" decoding=\"async\" class=\"alignnone size-medium wp-image-213761\" src=\"https:\/\/radioinfinitagoya.com.ar\/v1\/wp-content\/uploads\/2026\/04\/UHP7UQD425FPDHCYP3BW5PXQTI-600x335.jpg\" alt=\"\" width=\"600\" height=\"335\" srcset=\"https:\/\/radioinfinitagoya.com.ar\/v1\/wp-content\/uploads\/2026\/04\/UHP7UQD425FPDHCYP3BW5PXQTI-600x335.jpg 600w, https:\/\/radioinfinitagoya.com.ar\/v1\/wp-content\/uploads\/2026\/04\/UHP7UQD425FPDHCYP3BW5PXQTI-150x84.jpg 150w, https:\/\/radioinfinitagoya.com.ar\/v1\/wp-content\/uploads\/2026\/04\/UHP7UQD425FPDHCYP3BW5PXQTI-768x429.jpg 768w, https:\/\/radioinfinitagoya.com.ar\/v1\/wp-content\/uploads\/2026\/04\/UHP7UQD425FPDHCYP3BW5PXQTI-752x420.jpg 752w, https:\/\/radioinfinitagoya.com.ar\/v1\/wp-content\/uploads\/2026\/04\/UHP7UQD425FPDHCYP3BW5PXQTI-696x389.jpg 696w, https:\/\/radioinfinitagoya.com.ar\/v1\/wp-content\/uploads\/2026\/04\/UHP7UQD425FPDHCYP3BW5PXQTI.avif 992w\" sizes=\"auto, (max-width: 600px) 100vw, 600px\" \/><\/p>\n<p>La casa Indio Cu\u00e1, en tanto, se escritur\u00f3 el mismo d\u00eda en el que Adorni recibi\u00f3 un pr\u00e9stamo de dos mujeres polic\u00edas por 100.000 d\u00f3lares, en noviembre de 2024. La operaci\u00f3n fue la siguiente: el funcionario hipotec\u00f3 el departamento de Parque Chacabuco a cambio de ese dinero, con la promesa de devolverlo en dos a\u00f1os, con un inter\u00e9s anual del 11% que se fue devengando en cuotas mensuales de entre 900 y 600 d\u00f3lares.<\/p>\n<p>De esos 100.000 d\u00f3lares que le dieron las agentes de la Polic\u00eda Federal Argentina, el matrimonio Adorni ya devolvi\u00f3 30.000.<\/p>\n<p>Como tasa de ingreso, en Indi\u00f3 Cu\u00e1, el jefe de Gabinete tuvo que pagar otros 5.000 d\u00f3lares, adem\u00e1s de los 120.000 que cost\u00f3 la casa en s\u00ed. Y se conoci\u00f3 que en esa propiedad tambi\u00e9n hubo obras, cuyo monto a\u00fan no trascendi\u00f3.<\/p>\n<p><img loading=\"lazy\" decoding=\"async\" class=\"alignnone size-medium wp-image-213762\" src=\"https:\/\/radioinfinitagoya.com.ar\/v1\/wp-content\/uploads\/2026\/04\/LT332MPPJREQDJTDT3AKOMEQ6E-600x338.jpg\" alt=\"\" width=\"600\" height=\"338\" srcset=\"https:\/\/radioinfinitagoya.com.ar\/v1\/wp-content\/uploads\/2026\/04\/LT332MPPJREQDJTDT3AKOMEQ6E-600x338.jpg 600w, https:\/\/radioinfinitagoya.com.ar\/v1\/wp-content\/uploads\/2026\/04\/LT332MPPJREQDJTDT3AKOMEQ6E-150x84.jpg 150w, https:\/\/radioinfinitagoya.com.ar\/v1\/wp-content\/uploads\/2026\/04\/LT332MPPJREQDJTDT3AKOMEQ6E-768x432.jpg 768w, https:\/\/radioinfinitagoya.com.ar\/v1\/wp-content\/uploads\/2026\/04\/LT332MPPJREQDJTDT3AKOMEQ6E-747x420.jpg 747w, https:\/\/radioinfinitagoya.com.ar\/v1\/wp-content\/uploads\/2026\/04\/LT332MPPJREQDJTDT3AKOMEQ6E-696x392.jpg 696w, https:\/\/radioinfinitagoya.com.ar\/v1\/wp-content\/uploads\/2026\/04\/LT332MPPJREQDJTDT3AKOMEQ6E.avif 992w\" sizes=\"auto, (max-width: 600px) 100vw, 600px\" \/><\/p>\n<p>De esta manera, Manuel Adorni tiene que conseguir para noviembre 270.000 d\u00f3lares que debe de sus operaciones inmobiliarias, m\u00e1s los 65.000 que le tiene que pagar a Feijoo por las refacciones de Caballito.<\/p>\n<p>El \u00faltimo gasto importante que se conoci\u00f3 fueron los honorarios de la escribana Adriana Nechevenko: otros 10.000 d\u00f3lares que salieron de los bolsillos del jefe de Gabinete, por las operaciones de Caballito y Exaltaci\u00f3n de la Cruz, seg\u00fan revel\u00f3 A24.<\/p>\n<p>La suma de todo lo que Adorni ya pag\u00f3 en el segmento de las propiedades supera los 100.000 d\u00f3lares, teniendo en cuenta tambi\u00e9n las cuotas de los intereses que le pag\u00f3 a las polic\u00edas acreedoras. Es el doble de lo que declar\u00f3 ante la OA que ten\u00eda al cierre del 2024.<\/p>\n<p>M\u00e1s gastos<br \/>\nSeg\u00fan los registros del Banco Galicia a los que pudo acceder Infobae, Manuel Adorni y Bettina Angeletti mantuvieron altos gastos con tarjeta de cr\u00e9dito, con los picos m\u00e1s altos a fines de 2025. Reci\u00e9n en enero de 2026 su sueldo -y el del resto de los ministros- se descongel\u00f3 y subi\u00f3 a m\u00e1s de 7.000.000 de pesos.<\/p>\n<p>Estos podr\u00edan corresponderse con gastos corrientes de la familia, ya que la mayor\u00eda de los pagos grandes aparecen en efectivo. Resta saber en cu\u00e1l de esas dos listas se ubican erogaciones fijas como expensas, seguros y m\u00e1s. Se trata de otro rinc\u00f3n del caso sobre el que el fiscal Pollicita busca echar m\u00e1s luz.<\/p>\n<p>Para eso la Justicia pidi\u00f3 cuentas, historiales de transacciones, saldos e inversiones a numerosas billeteras virtuales, plataformas de pago y exchanges de criptomonedas (como Mercado Pago, Brubank, Lemon, Binance, entre muchas otras), tanto de Adorni como de Angeletti.<\/p>\n<p>Adem\u00e1s, solicit\u00f3 los registros de acceso y titularidad de cajas de seguridad en el Banco Galicia y en empresas privadas de custodia de valores, y requiri\u00f3 documentaci\u00f3n exhaustiva a aerol\u00edneas y agencias de turismo sobre los itinerarios y m\u00e9todos de pago utilizados para diversos viajes de la familia.<\/p>\n<p>Finalmente, la fiscal\u00eda pidi\u00f3 al Banco Central de la Rep\u00fablica Argentina los datos sobre operaciones de compraventa de d\u00f3lares, y orden\u00f3 averiguar el estado del proceso sucesorio de Jorge Adorni, el padre fallecido del jefe de Gabinete.<\/p>\n","protected":false},"excerpt":{"rendered":"<p>&#8220;Gastos, deudas e ingresos&#8221; El jefe de Gabinete est\u00e1 bajo investigaci\u00f3n desde hace un mes. Prepara la actualizaci\u00f3n de su declaraci\u00f3n jurada correspondiente al 2025. Cu\u00e1nto gast\u00f3 en viajes, operaciones inmobiliarias y tarjetas de cr\u00e9dito A un mes de haber comenzado a investigar su patrimonio, la Justicia ya tiene sobre la mesa una reconstrucci\u00f3n -a\u00fan [&hellip;]<\/p>\n","protected":false},"author":4,"featured_media":213758,"comment_status":"open","ping_status":"open","sticky":false,"template":"","format":"standard","meta":{"_joinchat":[],"footnotes":""},"categories":[34],"tags":[],"class_list":{"0":"post-213756","1":"post","2":"type-post","3":"status-publish","4":"format-standard","5":"has-post-thumbnail","7":"category-principal"},"yoast_head":"<!-- This site is optimized with the Yoast SEO plugin v27.2 - https:\/\/yoast.com\/product\/yoast-seo-wordpress\/ -->\n<title>Las cuentas que hace la Justicia para saber si Adorni tiene m\u00e1s de lo que gana - Radio Infinita Goya<\/title>\n<meta name=\"description\" content=\"&quot;Gastos, deudas e ingresos&quot; El jefe de Gabinete est\u00e1 bajo investigaci\u00f3n desde hace un mes. Prepara la actualizaci\u00f3n de su declaraci\u00f3n jurada\" \/>\n<meta name=\"robots\" content=\"index, follow, max-snippet:-1, max-image-preview:large, max-video-preview:-1\" \/>\n<link rel=\"canonical\" href=\"https:\/\/radioinfinitagoya.com.ar\/v1\/2026\/04\/26\/las-cuentas-que-hace-la-justicia-para-saber-si-adorni-tiene-mas-de-lo-que-gana\/\" \/>\n<meta property=\"og:locale\" content=\"es_ES\" \/>\n<meta property=\"og:type\" content=\"article\" \/>\n<meta property=\"og:title\" content=\"Las cuentas que hace la Justicia para saber si Adorni tiene m\u00e1s de lo que gana - Radio Infinita Goya\" \/>\n<meta property=\"og:description\" content=\"&quot;Gastos, deudas e ingresos&quot; El jefe de Gabinete est\u00e1 bajo investigaci\u00f3n desde hace un mes. Prepara la actualizaci\u00f3n de su declaraci\u00f3n jurada\" \/>\n<meta property=\"og:url\" content=\"https:\/\/radioinfinitagoya.com.ar\/v1\/2026\/04\/26\/las-cuentas-que-hace-la-justicia-para-saber-si-adorni-tiene-mas-de-lo-que-gana\/\" \/>\n<meta property=\"og:site_name\" content=\"Radio Infinita Goya\" \/>\n<meta property=\"article:publisher\" content=\"https:\/\/www.facebook.com\/p\/Infinita-Goya-100063870918311\/\" \/>\n<meta property=\"article:published_time\" content=\"2026-04-26T22:08:09+00:00\" \/>\n<meta name=\"author\" content=\"Jorge Mi\u00f1o\" \/>\n<meta name=\"twitter:card\" content=\"summary_large_image\" \/>\n<meta name=\"twitter:label1\" content=\"Escrito por\" \/>\n\t<meta name=\"twitter:data1\" content=\"Jorge Mi\u00f1o\" \/>\n\t<meta name=\"twitter:label2\" content=\"Tiempo de lectura\" \/>\n\t<meta name=\"twitter:data2\" content=\"9 minutos\" \/>\n<script type=\"application\/ld+json\" class=\"yoast-schema-graph\">{\"@context\":\"https:\/\/schema.org\",\"@graph\":[{\"@type\":\"Article\",\"@id\":\"https:\/\/radioinfinitagoya.com.ar\/v1\/2026\/04\/26\/las-cuentas-que-hace-la-justicia-para-saber-si-adorni-tiene-mas-de-lo-que-gana\/#article\",\"isPartOf\":{\"@id\":\"https:\/\/radioinfinitagoya.com.ar\/v1\/2026\/04\/26\/las-cuentas-que-hace-la-justicia-para-saber-si-adorni-tiene-mas-de-lo-que-gana\/\"},\"author\":{\"name\":\"Jorge Mi\u00f1o\",\"@id\":\"https:\/\/radioinfinitagoya.com.ar\/v1\/#\/schema\/person\/d4cf9c413d4f6edb24aabdccab49ca4a\"},\"headline\":\"Las cuentas que hace la Justicia para saber si Adorni tiene m\u00e1s de lo que gana\",\"datePublished\":\"2026-04-26T22:08:09+00:00\",\"mainEntityOfPage\":{\"@id\":\"https:\/\/radioinfinitagoya.com.ar\/v1\/2026\/04\/26\/las-cuentas-que-hace-la-justicia-para-saber-si-adorni-tiene-mas-de-lo-que-gana\/\"},\"wordCount\":1554,\"commentCount\":0,\"publisher\":{\"@id\":\"https:\/\/radioinfinitagoya.com.ar\/v1\/#organization\"},\"image\":{\"@id\":\"https:\/\/radioinfinitagoya.com.ar\/v1\/2026\/04\/26\/las-cuentas-que-hace-la-justicia-para-saber-si-adorni-tiene-mas-de-lo-que-gana\/#primaryimage\"},\"thumbnailUrl\":\"https:\/\/radioinfinitagoya.com.ar\/v1\/wp-content\/uploads\/2026\/04\/UCZFOAAJKZHKREHJW2RM3RRHOI-1.avif\",\"articleSection\":[\"PRINCIPAL\"],\"inLanguage\":\"es-AR\",\"potentialAction\":[{\"@type\":\"CommentAction\",\"name\":\"Comment\",\"target\":[\"https:\/\/radioinfinitagoya.com.ar\/v1\/2026\/04\/26\/las-cuentas-que-hace-la-justicia-para-saber-si-adorni-tiene-mas-de-lo-que-gana\/#respond\"]}]},{\"@type\":\"WebPage\",\"@id\":\"https:\/\/radioinfinitagoya.com.ar\/v1\/2026\/04\/26\/las-cuentas-que-hace-la-justicia-para-saber-si-adorni-tiene-mas-de-lo-que-gana\/\",\"url\":\"https:\/\/radioinfinitagoya.com.ar\/v1\/2026\/04\/26\/las-cuentas-que-hace-la-justicia-para-saber-si-adorni-tiene-mas-de-lo-que-gana\/\",\"name\":\"Las cuentas que hace la Justicia para saber si Adorni tiene m\u00e1s de lo que gana - Radio Infinita Goya\",\"isPartOf\":{\"@id\":\"https:\/\/radioinfinitagoya.com.ar\/v1\/#website\"},\"primaryImageOfPage\":{\"@id\":\"https:\/\/radioinfinitagoya.com.ar\/v1\/2026\/04\/26\/las-cuentas-que-hace-la-justicia-para-saber-si-adorni-tiene-mas-de-lo-que-gana\/#primaryimage\"},\"image\":{\"@id\":\"https:\/\/radioinfinitagoya.com.ar\/v1\/2026\/04\/26\/las-cuentas-que-hace-la-justicia-para-saber-si-adorni-tiene-mas-de-lo-que-gana\/#primaryimage\"},\"thumbnailUrl\":\"https:\/\/radioinfinitagoya.com.ar\/v1\/wp-content\/uploads\/2026\/04\/UCZFOAAJKZHKREHJW2RM3RRHOI-1.avif\",\"datePublished\":\"2026-04-26T22:08:09+00:00\",\"description\":\"\\\"Gastos, deudas e ingresos\\\" El jefe de Gabinete est\u00e1 bajo investigaci\u00f3n desde hace un mes. Prepara la actualizaci\u00f3n de su declaraci\u00f3n jurada\",\"breadcrumb\":{\"@id\":\"https:\/\/radioinfinitagoya.com.ar\/v1\/2026\/04\/26\/las-cuentas-que-hace-la-justicia-para-saber-si-adorni-tiene-mas-de-lo-que-gana\/#breadcrumb\"},\"inLanguage\":\"es-AR\",\"potentialAction\":[{\"@type\":\"ReadAction\",\"target\":[\"https:\/\/radioinfinitagoya.com.ar\/v1\/2026\/04\/26\/las-cuentas-que-hace-la-justicia-para-saber-si-adorni-tiene-mas-de-lo-que-gana\/\"]}]},{\"@type\":\"ImageObject\",\"inLanguage\":\"es-AR\",\"@id\":\"https:\/\/radioinfinitagoya.com.ar\/v1\/2026\/04\/26\/las-cuentas-que-hace-la-justicia-para-saber-si-adorni-tiene-mas-de-lo-que-gana\/#primaryimage\",\"url\":\"https:\/\/radioinfinitagoya.com.ar\/v1\/wp-content\/uploads\/2026\/04\/UCZFOAAJKZHKREHJW2RM3RRHOI-1.avif\",\"contentUrl\":\"https:\/\/radioinfinitagoya.com.ar\/v1\/wp-content\/uploads\/2026\/04\/UCZFOAAJKZHKREHJW2RM3RRHOI-1.avif\",\"width\":992,\"height\":642},{\"@type\":\"BreadcrumbList\",\"@id\":\"https:\/\/radioinfinitagoya.com.ar\/v1\/2026\/04\/26\/las-cuentas-que-hace-la-justicia-para-saber-si-adorni-tiene-mas-de-lo-que-gana\/#breadcrumb\",\"itemListElement\":[{\"@type\":\"ListItem\",\"position\":1,\"name\":\"Inicio\",\"item\":\"https:\/\/radioinfinitagoya.com.ar\/v1\/\"},{\"@type\":\"ListItem\",\"position\":2,\"name\":\"Las cuentas que hace la Justicia para saber si Adorni tiene m\u00e1s de lo que gana\"}]},{\"@type\":\"WebSite\",\"@id\":\"https:\/\/radioinfinitagoya.com.ar\/v1\/#website\",\"url\":\"https:\/\/radioinfinitagoya.com.ar\/v1\/\",\"name\":\"radioinfinitagoya.com.ar\",\"description\":\"Radio de noticias\",\"publisher\":{\"@id\":\"https:\/\/radioinfinitagoya.com.ar\/v1\/#organization\"},\"potentialAction\":[{\"@type\":\"SearchAction\",\"target\":{\"@type\":\"EntryPoint\",\"urlTemplate\":\"https:\/\/radioinfinitagoya.com.ar\/v1\/?s={search_term_string}\"},\"query-input\":{\"@type\":\"PropertyValueSpecification\",\"valueRequired\":true,\"valueName\":\"search_term_string\"}}],\"inLanguage\":\"es-AR\"},{\"@type\":\"Organization\",\"@id\":\"https:\/\/radioinfinitagoya.com.ar\/v1\/#organization\",\"name\":\"Radio Infinita Goya\",\"url\":\"https:\/\/radioinfinitagoya.com.ar\/v1\/\",\"logo\":{\"@type\":\"ImageObject\",\"inLanguage\":\"es-AR\",\"@id\":\"https:\/\/radioinfinitagoya.com.ar\/v1\/#\/schema\/logo\/image\/\",\"url\":\"https:\/\/radioinfinitagoya.com.ar\/v1\/wp-content\/uploads\/2019\/11\/logo-pie-web.png\",\"contentUrl\":\"https:\/\/radioinfinitagoya.com.ar\/v1\/wp-content\/uploads\/2019\/11\/logo-pie-web.png\",\"width\":635,\"height\":326,\"caption\":\"Radio Infinita Goya\"},\"image\":{\"@id\":\"https:\/\/radioinfinitagoya.com.ar\/v1\/#\/schema\/logo\/image\/\"},\"sameAs\":[\"https:\/\/www.facebook.com\/p\/Infinita-Goya-100063870918311\/\"]},{\"@type\":\"Person\",\"@id\":\"https:\/\/radioinfinitagoya.com.ar\/v1\/#\/schema\/person\/d4cf9c413d4f6edb24aabdccab49ca4a\",\"name\":\"Jorge Mi\u00f1o\",\"image\":{\"@type\":\"ImageObject\",\"inLanguage\":\"es-AR\",\"@id\":\"https:\/\/secure.gravatar.com\/avatar\/910fcf6728fe95320e07a6643c1581fec1c7fc4bf8ae12e3d8f0d0373dc844be?s=96&d=mm&r=g\",\"url\":\"https:\/\/secure.gravatar.com\/avatar\/910fcf6728fe95320e07a6643c1581fec1c7fc4bf8ae12e3d8f0d0373dc844be?s=96&d=mm&r=g\",\"contentUrl\":\"https:\/\/secure.gravatar.com\/avatar\/910fcf6728fe95320e07a6643c1581fec1c7fc4bf8ae12e3d8f0d0373dc844be?s=96&d=mm&r=g\",\"caption\":\"Jorge Mi\u00f1o\"},\"sameAs\":[\"http:\/\/radioinfinitagoya.com.ar\"]}]}<\/script>\n<!-- \/ Yoast SEO plugin. -->","yoast_head_json":{"title":"Las cuentas que hace la Justicia para saber si Adorni tiene m\u00e1s de lo que gana - Radio Infinita Goya","description":"\"Gastos, deudas e ingresos\" El jefe de Gabinete est\u00e1 bajo investigaci\u00f3n desde hace un mes. Prepara la actualizaci\u00f3n de su declaraci\u00f3n jurada","robots":{"index":"index","follow":"follow","max-snippet":"max-snippet:-1","max-image-preview":"max-image-preview:large","max-video-preview":"max-video-preview:-1"},"canonical":"https:\/\/radioinfinitagoya.com.ar\/v1\/2026\/04\/26\/las-cuentas-que-hace-la-justicia-para-saber-si-adorni-tiene-mas-de-lo-que-gana\/","og_locale":"es_ES","og_type":"article","og_title":"Las cuentas que hace la Justicia para saber si Adorni tiene m\u00e1s de lo que gana - Radio Infinita Goya","og_description":"\"Gastos, deudas e ingresos\" El jefe de Gabinete est\u00e1 bajo investigaci\u00f3n desde hace un mes. Prepara la actualizaci\u00f3n de su declaraci\u00f3n jurada","og_url":"https:\/\/radioinfinitagoya.com.ar\/v1\/2026\/04\/26\/las-cuentas-que-hace-la-justicia-para-saber-si-adorni-tiene-mas-de-lo-que-gana\/","og_site_name":"Radio Infinita Goya","article_publisher":"https:\/\/www.facebook.com\/p\/Infinita-Goya-100063870918311\/","article_published_time":"2026-04-26T22:08:09+00:00","author":"Jorge Mi\u00f1o","twitter_card":"summary_large_image","twitter_misc":{"Escrito por":"Jorge Mi\u00f1o","Tiempo de lectura":"9 minutos"},"schema":{"@context":"https:\/\/schema.org","@graph":[{"@type":"Article","@id":"https:\/\/radioinfinitagoya.com.ar\/v1\/2026\/04\/26\/las-cuentas-que-hace-la-justicia-para-saber-si-adorni-tiene-mas-de-lo-que-gana\/#article","isPartOf":{"@id":"https:\/\/radioinfinitagoya.com.ar\/v1\/2026\/04\/26\/las-cuentas-que-hace-la-justicia-para-saber-si-adorni-tiene-mas-de-lo-que-gana\/"},"author":{"name":"Jorge Mi\u00f1o","@id":"https:\/\/radioinfinitagoya.com.ar\/v1\/#\/schema\/person\/d4cf9c413d4f6edb24aabdccab49ca4a"},"headline":"Las cuentas que hace la Justicia para saber si Adorni tiene m\u00e1s de lo que gana","datePublished":"2026-04-26T22:08:09+00:00","mainEntityOfPage":{"@id":"https:\/\/radioinfinitagoya.com.ar\/v1\/2026\/04\/26\/las-cuentas-que-hace-la-justicia-para-saber-si-adorni-tiene-mas-de-lo-que-gana\/"},"wordCount":1554,"commentCount":0,"publisher":{"@id":"https:\/\/radioinfinitagoya.com.ar\/v1\/#organization"},"image":{"@id":"https:\/\/radioinfinitagoya.com.ar\/v1\/2026\/04\/26\/las-cuentas-que-hace-la-justicia-para-saber-si-adorni-tiene-mas-de-lo-que-gana\/#primaryimage"},"thumbnailUrl":"https:\/\/radioinfinitagoya.com.ar\/v1\/wp-content\/uploads\/2026\/04\/UCZFOAAJKZHKREHJW2RM3RRHOI-1.avif","articleSection":["PRINCIPAL"],"inLanguage":"es-AR","potentialAction":[{"@type":"CommentAction","name":"Comment","target":["https:\/\/radioinfinitagoya.com.ar\/v1\/2026\/04\/26\/las-cuentas-que-hace-la-justicia-para-saber-si-adorni-tiene-mas-de-lo-que-gana\/#respond"]}]},{"@type":"WebPage","@id":"https:\/\/radioinfinitagoya.com.ar\/v1\/2026\/04\/26\/las-cuentas-que-hace-la-justicia-para-saber-si-adorni-tiene-mas-de-lo-que-gana\/","url":"https:\/\/radioinfinitagoya.com.ar\/v1\/2026\/04\/26\/las-cuentas-que-hace-la-justicia-para-saber-si-adorni-tiene-mas-de-lo-que-gana\/","name":"Las cuentas que hace la Justicia para saber si Adorni tiene m\u00e1s de lo que gana - Radio Infinita Goya","isPartOf":{"@id":"https:\/\/radioinfinitagoya.com.ar\/v1\/#website"},"primaryImageOfPage":{"@id":"https:\/\/radioinfinitagoya.com.ar\/v1\/2026\/04\/26\/las-cuentas-que-hace-la-justicia-para-saber-si-adorni-tiene-mas-de-lo-que-gana\/#primaryimage"},"image":{"@id":"https:\/\/radioinfinitagoya.com.ar\/v1\/2026\/04\/26\/las-cuentas-que-hace-la-justicia-para-saber-si-adorni-tiene-mas-de-lo-que-gana\/#primaryimage"},"thumbnailUrl":"https:\/\/radioinfinitagoya.com.ar\/v1\/wp-content\/uploads\/2026\/04\/UCZFOAAJKZHKREHJW2RM3RRHOI-1.avif","datePublished":"2026-04-26T22:08:09+00:00","description":"\"Gastos, deudas e ingresos\" El jefe de Gabinete est\u00e1 bajo investigaci\u00f3n desde hace un mes. Prepara la actualizaci\u00f3n de su declaraci\u00f3n jurada","breadcrumb":{"@id":"https:\/\/radioinfinitagoya.com.ar\/v1\/2026\/04\/26\/las-cuentas-que-hace-la-justicia-para-saber-si-adorni-tiene-mas-de-lo-que-gana\/#breadcrumb"},"inLanguage":"es-AR","potentialAction":[{"@type":"ReadAction","target":["https:\/\/radioinfinitagoya.com.ar\/v1\/2026\/04\/26\/las-cuentas-que-hace-la-justicia-para-saber-si-adorni-tiene-mas-de-lo-que-gana\/"]}]},{"@type":"ImageObject","inLanguage":"es-AR","@id":"https:\/\/radioinfinitagoya.com.ar\/v1\/2026\/04\/26\/las-cuentas-que-hace-la-justicia-para-saber-si-adorni-tiene-mas-de-lo-que-gana\/#primaryimage","url":"https:\/\/radioinfinitagoya.com.ar\/v1\/wp-content\/uploads\/2026\/04\/UCZFOAAJKZHKREHJW2RM3RRHOI-1.avif","contentUrl":"https:\/\/radioinfinitagoya.com.ar\/v1\/wp-content\/uploads\/2026\/04\/UCZFOAAJKZHKREHJW2RM3RRHOI-1.avif","width":992,"height":642},{"@type":"BreadcrumbList","@id":"https:\/\/radioinfinitagoya.com.ar\/v1\/2026\/04\/26\/las-cuentas-que-hace-la-justicia-para-saber-si-adorni-tiene-mas-de-lo-que-gana\/#breadcrumb","itemListElement":[{"@type":"ListItem","position":1,"name":"Inicio","item":"https:\/\/radioinfinitagoya.com.ar\/v1\/"},{"@type":"ListItem","position":2,"name":"Las cuentas que hace la Justicia para saber si Adorni tiene m\u00e1s de lo que gana"}]},{"@type":"WebSite","@id":"https:\/\/radioinfinitagoya.com.ar\/v1\/#website","url":"https:\/\/radioinfinitagoya.com.ar\/v1\/","name":"radioinfinitagoya.com.ar","description":"Radio de noticias","publisher":{"@id":"https:\/\/radioinfinitagoya.com.ar\/v1\/#organization"},"potentialAction":[{"@type":"SearchAction","target":{"@type":"EntryPoint","urlTemplate":"https:\/\/radioinfinitagoya.com.ar\/v1\/?s={search_term_string}"},"query-input":{"@type":"PropertyValueSpecification","valueRequired":true,"valueName":"search_term_string"}}],"inLanguage":"es-AR"},{"@type":"Organization","@id":"https:\/\/radioinfinitagoya.com.ar\/v1\/#organization","name":"Radio Infinita Goya","url":"https:\/\/radioinfinitagoya.com.ar\/v1\/","logo":{"@type":"ImageObject","inLanguage":"es-AR","@id":"https:\/\/radioinfinitagoya.com.ar\/v1\/#\/schema\/logo\/image\/","url":"https:\/\/radioinfinitagoya.com.ar\/v1\/wp-content\/uploads\/2019\/11\/logo-pie-web.png","contentUrl":"https:\/\/radioinfinitagoya.com.ar\/v1\/wp-content\/uploads\/2019\/11\/logo-pie-web.png","width":635,"height":326,"caption":"Radio Infinita Goya"},"image":{"@id":"https:\/\/radioinfinitagoya.com.ar\/v1\/#\/schema\/logo\/image\/"},"sameAs":["https:\/\/www.facebook.com\/p\/Infinita-Goya-100063870918311\/"]},{"@type":"Person","@id":"https:\/\/radioinfinitagoya.com.ar\/v1\/#\/schema\/person\/d4cf9c413d4f6edb24aabdccab49ca4a","name":"Jorge Mi\u00f1o","image":{"@type":"ImageObject","inLanguage":"es-AR","@id":"https:\/\/secure.gravatar.com\/avatar\/910fcf6728fe95320e07a6643c1581fec1c7fc4bf8ae12e3d8f0d0373dc844be?s=96&d=mm&r=g","url":"https:\/\/secure.gravatar.com\/avatar\/910fcf6728fe95320e07a6643c1581fec1c7fc4bf8ae12e3d8f0d0373dc844be?s=96&d=mm&r=g","contentUrl":"https:\/\/secure.gravatar.com\/avatar\/910fcf6728fe95320e07a6643c1581fec1c7fc4bf8ae12e3d8f0d0373dc844be?s=96&d=mm&r=g","caption":"Jorge Mi\u00f1o"},"sameAs":["http:\/\/radioinfinitagoya.com.ar"]}]}},"_links":{"self":[{"href":"https:\/\/radioinfinitagoya.com.ar\/v1\/wp-json\/wp\/v2\/posts\/213756","targetHints":{"allow":["GET"]}}],"collection":[{"href":"https:\/\/radioinfinitagoya.com.ar\/v1\/wp-json\/wp\/v2\/posts"}],"about":[{"href":"https:\/\/radioinfinitagoya.com.ar\/v1\/wp-json\/wp\/v2\/types\/post"}],"author":[{"embeddable":true,"href":"https:\/\/radioinfinitagoya.com.ar\/v1\/wp-json\/wp\/v2\/users\/4"}],"replies":[{"embeddable":true,"href":"https:\/\/radioinfinitagoya.com.ar\/v1\/wp-json\/wp\/v2\/comments?post=213756"}],"version-history":[{"count":1,"href":"https:\/\/radioinfinitagoya.com.ar\/v1\/wp-json\/wp\/v2\/posts\/213756\/revisions"}],"predecessor-version":[{"id":213764,"href":"https:\/\/radioinfinitagoya.com.ar\/v1\/wp-json\/wp\/v2\/posts\/213756\/revisions\/213764"}],"wp:featuredmedia":[{"embeddable":true,"href":"https:\/\/radioinfinitagoya.com.ar\/v1\/wp-json\/wp\/v2\/media\/213758"}],"wp:attachment":[{"href":"https:\/\/radioinfinitagoya.com.ar\/v1\/wp-json\/wp\/v2\/media?parent=213756"}],"wp:term":[{"taxonomy":"category","embeddable":true,"href":"https:\/\/radioinfinitagoya.com.ar\/v1\/wp-json\/wp\/v2\/categories?post=213756"},{"taxonomy":"post_tag","embeddable":true,"href":"https:\/\/radioinfinitagoya.com.ar\/v1\/wp-json\/wp\/v2\/tags?post=213756"}],"curies":[{"name":"wp","href":"https:\/\/api.w.org\/{rel}","templated":true}]}}