{"id":213775,"date":"2026-04-27T15:47:17","date_gmt":"2026-04-27T18:47:17","guid":{"rendered":"https:\/\/radioinfinitagoya.com.ar\/v1\/?p=213775"},"modified":"2026-04-27T15:47:17","modified_gmt":"2026-04-27T18:47:17","slug":"sesionara-este-miercoles-el-hcd-de-goya","status":"publish","type":"post","link":"https:\/\/radioinfinitagoya.com.ar\/v1\/2026\/04\/27\/sesionara-este-miercoles-el-hcd-de-goya\/","title":{"rendered":"Sesionar\u00e1 este mi\u00e9rcoles el HCD de Goya"},"content":{"rendered":"<p>El \u00faltimo mi\u00e9rcoles del mes de abril sesionar\u00e1 de manera ordinaria el HCD de Goya desde la hora 10,00, destac\u00e1ndose en el Orden del D\u00eda los proyectos de Resoluci\u00f3n que declara de Inter\u00e9s Municipal la 49\u00b0 Edici\u00f3n Fiesta Nacional del Surub\u00ed, y el de Ordenanza sobre Rectificar la Ordenanza N\u00b0 2.268 de fecha 09\/04\/2025, que es para modificar la traslaci\u00f3n de un dominio.<\/p>\n<p>La Sesi\u00f3n ser\u00e1 presidida por el titular del cuerpo y Viceintendente Municipal, Sebasti\u00e1n Mazzaro, y los ediles abordar\u00e1n el siguiente orden del d\u00eda:<\/p>\n<p>1\u00b0. Lectura y consideraci\u00f3n de las Actas N\u00b0 1.319.<\/p>\n<p>2\u00ba. Comunicaciones oficiales \u2013 Despachos de Comisiones ingresados \u2013 Notas particulares recibidas.<\/p>\n<p>3\u00ba. Proyectos presentados en Secretar\u00eda.<\/p>\n<p>4\u00b0. Proyecto de Resoluci\u00f3n c\/despacho de comisi\u00f3n Expte. N\u00b0 3.502\/26 s\/ \u201cDeclarar de Inter\u00e9s Municipal la 49\u00b0 Edici\u00f3n Fiesta Nacional del Surub\u00ed\u201d.<\/p>\n<p>5\u00b0. Proyecto de Ordenanza c\/despacho de comisi\u00f3n Expte. N\u00b0 3.501\/26 s\/ \u201cRectificar la Ordenanza N\u00b0 2.268 de fecha 09\/04\/2025\u201d.<\/p>\n<p>6\u00b0. Proy. de Res. c\/despachos de comisi\u00f3n archivando, los Expedientes del H.C.D. N\u00b0 3.190\/21 (s\/ Memoria y Balance anual de la XLV Fiesta Nacional del Surub\u00ed y XXXIV Expo goya Edici\u00f3n 2.020), N\u00b0 3.220\/22 (s\/ Prohibir estacionamiento en calle \u00d1aembe sector comprendido en 50 metros hacia el Sur, pr\u00f3ximo intersecci\u00f3n con Avda Madariaga en nuestra ciudad.) N\u00b0 3.266\/22 (s\/ Pedido de informe al D.E.M. sobre estado actual y trabajos a realizar en la costanera de Goya), N\u00b0 3.324\/24 (s\/ Excepci\u00f3n estacionamiento medido a comerciantes), 3.329\/24 (s\/ Solicitar provisi\u00f3n de red agua potable a flias de Paraje La Soledad), N\u00b0 3.339\/24 (s\/ Expresar la preocupaci\u00f3n de este H.C.D., respecto al recorte presupuestario de las Universidades Nacionales, en defensa de la educaci\u00f3n p\u00fablica), N\u00b0 3.387\/24 (s\/ Pedido de informe al D.E.M. sobre estado actual y trabajos a realizar en el paseo costanera de Goya), N\u00b0 3.392 (s\/ Marco regulatorio a las elecciones de comisiones barriales en la ciudad de Goya), N\u00b0 3.475\/26 (s\/ Solicitud de directorio telef\u00f3nico oficial del departamento ejecutivo y de concejos vecinales).<\/p>\n<p>7\u00b0. Libre uso de la palabra<\/p>\n<p>&nbsp;<\/p>\n<p>&nbsp;<\/p>\n","protected":false},"excerpt":{"rendered":"<p>El \u00faltimo mi\u00e9rcoles del mes de abril sesionar\u00e1 de manera ordinaria el HCD de Goya desde la hora 10,00, destac\u00e1ndose en el Orden del D\u00eda los proyectos de Resoluci\u00f3n que declara de Inter\u00e9s Municipal la 49\u00b0 Edici\u00f3n Fiesta Nacional del Surub\u00ed, y el de Ordenanza sobre Rectificar la Ordenanza N\u00b0 2.268 de fecha 09\/04\/2025, que [&hellip;]<\/p>\n","protected":false},"author":4,"featured_media":213776,"comment_status":"open","ping_status":"open","sticky":false,"template":"","format":"standard","meta":{"_joinchat":[],"footnotes":""},"categories":[27],"tags":[],"class_list":{"0":"post-213775","1":"post","2":"type-post","3":"status-publish","4":"format-standard","5":"has-post-thumbnail","7":"category-locales"},"yoast_head":"<!-- This site is optimized with the Yoast SEO plugin v27.2 - https:\/\/yoast.com\/product\/yoast-seo-wordpress\/ -->\n<title>Sesionar\u00e1 este mi\u00e9rcoles el HCD de Goya - Radio Infinita Goya<\/title>\n<meta name=\"description\" content=\"El \u00faltimo mi\u00e9rcoles del mes de abril sesionar\u00e1 de manera ordinaria el HCD de Goya desde la hora 10,00, destac\u00e1ndose en el Orden del D\u00eda los proyectos de\" \/>\n<meta name=\"robots\" content=\"index, follow, max-snippet:-1, max-image-preview:large, max-video-preview:-1\" \/>\n<link rel=\"canonical\" href=\"https:\/\/radioinfinitagoya.com.ar\/v1\/2026\/04\/27\/sesionara-este-miercoles-el-hcd-de-goya\/\" \/>\n<meta property=\"og:locale\" content=\"es_ES\" \/>\n<meta property=\"og:type\" content=\"article\" \/>\n<meta property=\"og:title\" content=\"Sesionar\u00e1 este mi\u00e9rcoles el HCD de Goya - Radio Infinita Goya\" \/>\n<meta property=\"og:description\" content=\"El \u00faltimo mi\u00e9rcoles del mes de abril sesionar\u00e1 de manera ordinaria el HCD de Goya desde la hora 10,00, destac\u00e1ndose en el Orden del D\u00eda los proyectos de\" \/>\n<meta property=\"og:url\" content=\"https:\/\/radioinfinitagoya.com.ar\/v1\/2026\/04\/27\/sesionara-este-miercoles-el-hcd-de-goya\/\" \/>\n<meta property=\"og:site_name\" content=\"Radio Infinita Goya\" \/>\n<meta property=\"article:publisher\" content=\"https:\/\/www.facebook.com\/p\/Infinita-Goya-100063870918311\/\" \/>\n<meta property=\"article:published_time\" content=\"2026-04-27T18:47:17+00:00\" \/>\n<meta property=\"og:image\" content=\"https:\/\/radioinfinitagoya.com.ar\/v1\/wp-content\/uploads\/2026\/04\/481239602_1148056143999344_8125558210788117914_n.jpg\" \/>\n\t<meta property=\"og:image:width\" content=\"680\" \/>\n\t<meta property=\"og:image:height\" content=\"381\" \/>\n\t<meta property=\"og:image:type\" content=\"image\/jpeg\" \/>\n<meta name=\"author\" content=\"Jorge Mi\u00f1o\" \/>\n<meta name=\"twitter:card\" content=\"summary_large_image\" \/>\n<meta name=\"twitter:label1\" content=\"Escrito por\" \/>\n\t<meta name=\"twitter:data1\" content=\"Jorge Mi\u00f1o\" \/>\n\t<meta name=\"twitter:label2\" content=\"Tiempo de lectura\" \/>\n\t<meta name=\"twitter:data2\" content=\"2 minutos\" \/>\n<script type=\"application\/ld+json\" class=\"yoast-schema-graph\">{\"@context\":\"https:\/\/schema.org\",\"@graph\":[{\"@type\":\"Article\",\"@id\":\"https:\/\/radioinfinitagoya.com.ar\/v1\/2026\/04\/27\/sesionara-este-miercoles-el-hcd-de-goya\/#article\",\"isPartOf\":{\"@id\":\"https:\/\/radioinfinitagoya.com.ar\/v1\/2026\/04\/27\/sesionara-este-miercoles-el-hcd-de-goya\/\"},\"author\":{\"name\":\"Jorge Mi\u00f1o\",\"@id\":\"https:\/\/radioinfinitagoya.com.ar\/v1\/#\/schema\/person\/d4cf9c413d4f6edb24aabdccab49ca4a\"},\"headline\":\"Sesionar\u00e1 este mi\u00e9rcoles el HCD de Goya\",\"datePublished\":\"2026-04-27T18:47:17+00:00\",\"mainEntityOfPage\":{\"@id\":\"https:\/\/radioinfinitagoya.com.ar\/v1\/2026\/04\/27\/sesionara-este-miercoles-el-hcd-de-goya\/\"},\"wordCount\":351,\"commentCount\":0,\"publisher\":{\"@id\":\"https:\/\/radioinfinitagoya.com.ar\/v1\/#organization\"},\"image\":{\"@id\":\"https:\/\/radioinfinitagoya.com.ar\/v1\/2026\/04\/27\/sesionara-este-miercoles-el-hcd-de-goya\/#primaryimage\"},\"thumbnailUrl\":\"https:\/\/radioinfinitagoya.com.ar\/v1\/wp-content\/uploads\/2026\/04\/481239602_1148056143999344_8125558210788117914_n.jpg\",\"articleSection\":[\"LOCALES\"],\"inLanguage\":\"es-AR\",\"potentialAction\":[{\"@type\":\"CommentAction\",\"name\":\"Comment\",\"target\":[\"https:\/\/radioinfinitagoya.com.ar\/v1\/2026\/04\/27\/sesionara-este-miercoles-el-hcd-de-goya\/#respond\"]}]},{\"@type\":\"WebPage\",\"@id\":\"https:\/\/radioinfinitagoya.com.ar\/v1\/2026\/04\/27\/sesionara-este-miercoles-el-hcd-de-goya\/\",\"url\":\"https:\/\/radioinfinitagoya.com.ar\/v1\/2026\/04\/27\/sesionara-este-miercoles-el-hcd-de-goya\/\",\"name\":\"Sesionar\u00e1 este mi\u00e9rcoles el HCD de Goya - Radio Infinita Goya\",\"isPartOf\":{\"@id\":\"https:\/\/radioinfinitagoya.com.ar\/v1\/#website\"},\"primaryImageOfPage\":{\"@id\":\"https:\/\/radioinfinitagoya.com.ar\/v1\/2026\/04\/27\/sesionara-este-miercoles-el-hcd-de-goya\/#primaryimage\"},\"image\":{\"@id\":\"https:\/\/radioinfinitagoya.com.ar\/v1\/2026\/04\/27\/sesionara-este-miercoles-el-hcd-de-goya\/#primaryimage\"},\"thumbnailUrl\":\"https:\/\/radioinfinitagoya.com.ar\/v1\/wp-content\/uploads\/2026\/04\/481239602_1148056143999344_8125558210788117914_n.jpg\",\"datePublished\":\"2026-04-27T18:47:17+00:00\",\"description\":\"El \u00faltimo mi\u00e9rcoles del mes de abril sesionar\u00e1 de manera ordinaria el HCD de Goya desde la hora 10,00, destac\u00e1ndose en el Orden del D\u00eda los proyectos de\",\"breadcrumb\":{\"@id\":\"https:\/\/radioinfinitagoya.com.ar\/v1\/2026\/04\/27\/sesionara-este-miercoles-el-hcd-de-goya\/#breadcrumb\"},\"inLanguage\":\"es-AR\",\"potentialAction\":[{\"@type\":\"ReadAction\",\"target\":[\"https:\/\/radioinfinitagoya.com.ar\/v1\/2026\/04\/27\/sesionara-este-miercoles-el-hcd-de-goya\/\"]}]},{\"@type\":\"ImageObject\",\"inLanguage\":\"es-AR\",\"@id\":\"https:\/\/radioinfinitagoya.com.ar\/v1\/2026\/04\/27\/sesionara-este-miercoles-el-hcd-de-goya\/#primaryimage\",\"url\":\"https:\/\/radioinfinitagoya.com.ar\/v1\/wp-content\/uploads\/2026\/04\/481239602_1148056143999344_8125558210788117914_n.jpg\",\"contentUrl\":\"https:\/\/radioinfinitagoya.com.ar\/v1\/wp-content\/uploads\/2026\/04\/481239602_1148056143999344_8125558210788117914_n.jpg\",\"width\":680,\"height\":381},{\"@type\":\"BreadcrumbList\",\"@id\":\"https:\/\/radioinfinitagoya.com.ar\/v1\/2026\/04\/27\/sesionara-este-miercoles-el-hcd-de-goya\/#breadcrumb\",\"itemListElement\":[{\"@type\":\"ListItem\",\"position\":1,\"name\":\"Inicio\",\"item\":\"https:\/\/radioinfinitagoya.com.ar\/v1\/\"},{\"@type\":\"ListItem\",\"position\":2,\"name\":\"Sesionar\u00e1 este mi\u00e9rcoles el HCD de Goya\"}]},{\"@type\":\"WebSite\",\"@id\":\"https:\/\/radioinfinitagoya.com.ar\/v1\/#website\",\"url\":\"https:\/\/radioinfinitagoya.com.ar\/v1\/\",\"name\":\"radioinfinitagoya.com.ar\",\"description\":\"Radio de noticias\",\"publisher\":{\"@id\":\"https:\/\/radioinfinitagoya.com.ar\/v1\/#organization\"},\"potentialAction\":[{\"@type\":\"SearchAction\",\"target\":{\"@type\":\"EntryPoint\",\"urlTemplate\":\"https:\/\/radioinfinitagoya.com.ar\/v1\/?s={search_term_string}\"},\"query-input\":{\"@type\":\"PropertyValueSpecification\",\"valueRequired\":true,\"valueName\":\"search_term_string\"}}],\"inLanguage\":\"es-AR\"},{\"@type\":\"Organization\",\"@id\":\"https:\/\/radioinfinitagoya.com.ar\/v1\/#organization\",\"name\":\"Radio Infinita Goya\",\"url\":\"https:\/\/radioinfinitagoya.com.ar\/v1\/\",\"logo\":{\"@type\":\"ImageObject\",\"inLanguage\":\"es-AR\",\"@id\":\"https:\/\/radioinfinitagoya.com.ar\/v1\/#\/schema\/logo\/image\/\",\"url\":\"https:\/\/radioinfinitagoya.com.ar\/v1\/wp-content\/uploads\/2019\/11\/logo-pie-web.png\",\"contentUrl\":\"https:\/\/radioinfinitagoya.com.ar\/v1\/wp-content\/uploads\/2019\/11\/logo-pie-web.png\",\"width\":635,\"height\":326,\"caption\":\"Radio Infinita Goya\"},\"image\":{\"@id\":\"https:\/\/radioinfinitagoya.com.ar\/v1\/#\/schema\/logo\/image\/\"},\"sameAs\":[\"https:\/\/www.facebook.com\/p\/Infinita-Goya-100063870918311\/\"]},{\"@type\":\"Person\",\"@id\":\"https:\/\/radioinfinitagoya.com.ar\/v1\/#\/schema\/person\/d4cf9c413d4f6edb24aabdccab49ca4a\",\"name\":\"Jorge Mi\u00f1o\",\"image\":{\"@type\":\"ImageObject\",\"inLanguage\":\"es-AR\",\"@id\":\"https:\/\/secure.gravatar.com\/avatar\/910fcf6728fe95320e07a6643c1581fec1c7fc4bf8ae12e3d8f0d0373dc844be?s=96&d=mm&r=g\",\"url\":\"https:\/\/secure.gravatar.com\/avatar\/910fcf6728fe95320e07a6643c1581fec1c7fc4bf8ae12e3d8f0d0373dc844be?s=96&d=mm&r=g\",\"contentUrl\":\"https:\/\/secure.gravatar.com\/avatar\/910fcf6728fe95320e07a6643c1581fec1c7fc4bf8ae12e3d8f0d0373dc844be?s=96&d=mm&r=g\",\"caption\":\"Jorge Mi\u00f1o\"},\"sameAs\":[\"http:\/\/radioinfinitagoya.com.ar\"]}]}<\/script>\n<!-- \/ Yoast SEO plugin. -->","yoast_head_json":{"title":"Sesionar\u00e1 este mi\u00e9rcoles el HCD de Goya - Radio Infinita Goya","description":"El \u00faltimo mi\u00e9rcoles del mes de abril sesionar\u00e1 de manera ordinaria el HCD de Goya desde la hora 10,00, destac\u00e1ndose en el Orden del D\u00eda los proyectos de","robots":{"index":"index","follow":"follow","max-snippet":"max-snippet:-1","max-image-preview":"max-image-preview:large","max-video-preview":"max-video-preview:-1"},"canonical":"https:\/\/radioinfinitagoya.com.ar\/v1\/2026\/04\/27\/sesionara-este-miercoles-el-hcd-de-goya\/","og_locale":"es_ES","og_type":"article","og_title":"Sesionar\u00e1 este mi\u00e9rcoles el HCD de Goya - Radio Infinita Goya","og_description":"El \u00faltimo mi\u00e9rcoles del mes de abril sesionar\u00e1 de manera ordinaria el HCD de Goya desde la hora 10,00, destac\u00e1ndose en el Orden del D\u00eda los proyectos de","og_url":"https:\/\/radioinfinitagoya.com.ar\/v1\/2026\/04\/27\/sesionara-este-miercoles-el-hcd-de-goya\/","og_site_name":"Radio Infinita Goya","article_publisher":"https:\/\/www.facebook.com\/p\/Infinita-Goya-100063870918311\/","article_published_time":"2026-04-27T18:47:17+00:00","og_image":[{"width":680,"height":381,"url":"https:\/\/radioinfinitagoya.com.ar\/v1\/wp-content\/uploads\/2026\/04\/481239602_1148056143999344_8125558210788117914_n.jpg","type":"image\/jpeg"}],"author":"Jorge Mi\u00f1o","twitter_card":"summary_large_image","twitter_misc":{"Escrito por":"Jorge Mi\u00f1o","Tiempo de lectura":"2 minutos"},"schema":{"@context":"https:\/\/schema.org","@graph":[{"@type":"Article","@id":"https:\/\/radioinfinitagoya.com.ar\/v1\/2026\/04\/27\/sesionara-este-miercoles-el-hcd-de-goya\/#article","isPartOf":{"@id":"https:\/\/radioinfinitagoya.com.ar\/v1\/2026\/04\/27\/sesionara-este-miercoles-el-hcd-de-goya\/"},"author":{"name":"Jorge Mi\u00f1o","@id":"https:\/\/radioinfinitagoya.com.ar\/v1\/#\/schema\/person\/d4cf9c413d4f6edb24aabdccab49ca4a"},"headline":"Sesionar\u00e1 este mi\u00e9rcoles el HCD de Goya","datePublished":"2026-04-27T18:47:17+00:00","mainEntityOfPage":{"@id":"https:\/\/radioinfinitagoya.com.ar\/v1\/2026\/04\/27\/sesionara-este-miercoles-el-hcd-de-goya\/"},"wordCount":351,"commentCount":0,"publisher":{"@id":"https:\/\/radioinfinitagoya.com.ar\/v1\/#organization"},"image":{"@id":"https:\/\/radioinfinitagoya.com.ar\/v1\/2026\/04\/27\/sesionara-este-miercoles-el-hcd-de-goya\/#primaryimage"},"thumbnailUrl":"https:\/\/radioinfinitagoya.com.ar\/v1\/wp-content\/uploads\/2026\/04\/481239602_1148056143999344_8125558210788117914_n.jpg","articleSection":["LOCALES"],"inLanguage":"es-AR","potentialAction":[{"@type":"CommentAction","name":"Comment","target":["https:\/\/radioinfinitagoya.com.ar\/v1\/2026\/04\/27\/sesionara-este-miercoles-el-hcd-de-goya\/#respond"]}]},{"@type":"WebPage","@id":"https:\/\/radioinfinitagoya.com.ar\/v1\/2026\/04\/27\/sesionara-este-miercoles-el-hcd-de-goya\/","url":"https:\/\/radioinfinitagoya.com.ar\/v1\/2026\/04\/27\/sesionara-este-miercoles-el-hcd-de-goya\/","name":"Sesionar\u00e1 este mi\u00e9rcoles el HCD de Goya - Radio Infinita Goya","isPartOf":{"@id":"https:\/\/radioinfinitagoya.com.ar\/v1\/#website"},"primaryImageOfPage":{"@id":"https:\/\/radioinfinitagoya.com.ar\/v1\/2026\/04\/27\/sesionara-este-miercoles-el-hcd-de-goya\/#primaryimage"},"image":{"@id":"https:\/\/radioinfinitagoya.com.ar\/v1\/2026\/04\/27\/sesionara-este-miercoles-el-hcd-de-goya\/#primaryimage"},"thumbnailUrl":"https:\/\/radioinfinitagoya.com.ar\/v1\/wp-content\/uploads\/2026\/04\/481239602_1148056143999344_8125558210788117914_n.jpg","datePublished":"2026-04-27T18:47:17+00:00","description":"El \u00faltimo mi\u00e9rcoles del mes de abril sesionar\u00e1 de manera ordinaria el HCD de Goya desde la hora 10,00, destac\u00e1ndose en el Orden del D\u00eda los proyectos de","breadcrumb":{"@id":"https:\/\/radioinfinitagoya.com.ar\/v1\/2026\/04\/27\/sesionara-este-miercoles-el-hcd-de-goya\/#breadcrumb"},"inLanguage":"es-AR","potentialAction":[{"@type":"ReadAction","target":["https:\/\/radioinfinitagoya.com.ar\/v1\/2026\/04\/27\/sesionara-este-miercoles-el-hcd-de-goya\/"]}]},{"@type":"ImageObject","inLanguage":"es-AR","@id":"https:\/\/radioinfinitagoya.com.ar\/v1\/2026\/04\/27\/sesionara-este-miercoles-el-hcd-de-goya\/#primaryimage","url":"https:\/\/radioinfinitagoya.com.ar\/v1\/wp-content\/uploads\/2026\/04\/481239602_1148056143999344_8125558210788117914_n.jpg","contentUrl":"https:\/\/radioinfinitagoya.com.ar\/v1\/wp-content\/uploads\/2026\/04\/481239602_1148056143999344_8125558210788117914_n.jpg","width":680,"height":381},{"@type":"BreadcrumbList","@id":"https:\/\/radioinfinitagoya.com.ar\/v1\/2026\/04\/27\/sesionara-este-miercoles-el-hcd-de-goya\/#breadcrumb","itemListElement":[{"@type":"ListItem","position":1,"name":"Inicio","item":"https:\/\/radioinfinitagoya.com.ar\/v1\/"},{"@type":"ListItem","position":2,"name":"Sesionar\u00e1 este mi\u00e9rcoles el HCD de Goya"}]},{"@type":"WebSite","@id":"https:\/\/radioinfinitagoya.com.ar\/v1\/#website","url":"https:\/\/radioinfinitagoya.com.ar\/v1\/","name":"radioinfinitagoya.com.ar","description":"Radio de noticias","publisher":{"@id":"https:\/\/radioinfinitagoya.com.ar\/v1\/#organization"},"potentialAction":[{"@type":"SearchAction","target":{"@type":"EntryPoint","urlTemplate":"https:\/\/radioinfinitagoya.com.ar\/v1\/?s={search_term_string}"},"query-input":{"@type":"PropertyValueSpecification","valueRequired":true,"valueName":"search_term_string"}}],"inLanguage":"es-AR"},{"@type":"Organization","@id":"https:\/\/radioinfinitagoya.com.ar\/v1\/#organization","name":"Radio Infinita Goya","url":"https:\/\/radioinfinitagoya.com.ar\/v1\/","logo":{"@type":"ImageObject","inLanguage":"es-AR","@id":"https:\/\/radioinfinitagoya.com.ar\/v1\/#\/schema\/logo\/image\/","url":"https:\/\/radioinfinitagoya.com.ar\/v1\/wp-content\/uploads\/2019\/11\/logo-pie-web.png","contentUrl":"https:\/\/radioinfinitagoya.com.ar\/v1\/wp-content\/uploads\/2019\/11\/logo-pie-web.png","width":635,"height":326,"caption":"Radio Infinita Goya"},"image":{"@id":"https:\/\/radioinfinitagoya.com.ar\/v1\/#\/schema\/logo\/image\/"},"sameAs":["https:\/\/www.facebook.com\/p\/Infinita-Goya-100063870918311\/"]},{"@type":"Person","@id":"https:\/\/radioinfinitagoya.com.ar\/v1\/#\/schema\/person\/d4cf9c413d4f6edb24aabdccab49ca4a","name":"Jorge Mi\u00f1o","image":{"@type":"ImageObject","inLanguage":"es-AR","@id":"https:\/\/secure.gravatar.com\/avatar\/910fcf6728fe95320e07a6643c1581fec1c7fc4bf8ae12e3d8f0d0373dc844be?s=96&d=mm&r=g","url":"https:\/\/secure.gravatar.com\/avatar\/910fcf6728fe95320e07a6643c1581fec1c7fc4bf8ae12e3d8f0d0373dc844be?s=96&d=mm&r=g","contentUrl":"https:\/\/secure.gravatar.com\/avatar\/910fcf6728fe95320e07a6643c1581fec1c7fc4bf8ae12e3d8f0d0373dc844be?s=96&d=mm&r=g","caption":"Jorge Mi\u00f1o"},"sameAs":["http:\/\/radioinfinitagoya.com.ar"]}]}},"_links":{"self":[{"href":"https:\/\/radioinfinitagoya.com.ar\/v1\/wp-json\/wp\/v2\/posts\/213775","targetHints":{"allow":["GET"]}}],"collection":[{"href":"https:\/\/radioinfinitagoya.com.ar\/v1\/wp-json\/wp\/v2\/posts"}],"about":[{"href":"https:\/\/radioinfinitagoya.com.ar\/v1\/wp-json\/wp\/v2\/types\/post"}],"author":[{"embeddable":true,"href":"https:\/\/radioinfinitagoya.com.ar\/v1\/wp-json\/wp\/v2\/users\/4"}],"replies":[{"embeddable":true,"href":"https:\/\/radioinfinitagoya.com.ar\/v1\/wp-json\/wp\/v2\/comments?post=213775"}],"version-history":[{"count":1,"href":"https:\/\/radioinfinitagoya.com.ar\/v1\/wp-json\/wp\/v2\/posts\/213775\/revisions"}],"predecessor-version":[{"id":213777,"href":"https:\/\/radioinfinitagoya.com.ar\/v1\/wp-json\/wp\/v2\/posts\/213775\/revisions\/213777"}],"wp:featuredmedia":[{"embeddable":true,"href":"https:\/\/radioinfinitagoya.com.ar\/v1\/wp-json\/wp\/v2\/media\/213776"}],"wp:attachment":[{"href":"https:\/\/radioinfinitagoya.com.ar\/v1\/wp-json\/wp\/v2\/media?parent=213775"}],"wp:term":[{"taxonomy":"category","embeddable":true,"href":"https:\/\/radioinfinitagoya.com.ar\/v1\/wp-json\/wp\/v2\/categories?post=213775"},{"taxonomy":"post_tag","embeddable":true,"href":"https:\/\/radioinfinitagoya.com.ar\/v1\/wp-json\/wp\/v2\/tags?post=213775"}],"curies":[{"name":"wp","href":"https:\/\/api.w.org\/{rel}","templated":true}]}}