{"id":213778,"date":"2026-04-27T15:55:35","date_gmt":"2026-04-27T18:55:35","guid":{"rendered":"https:\/\/radioinfinitagoya.com.ar\/v1\/?p=213778"},"modified":"2026-04-27T15:55:35","modified_gmt":"2026-04-27T18:55:35","slug":"la-respuesta-de-suaid-ante-el-rumor-de-una-version-de-la-salada-en-santo-tome","status":"publish","type":"post","link":"https:\/\/radioinfinitagoya.com.ar\/v1\/2026\/04\/27\/la-respuesta-de-suaid-ante-el-rumor-de-una-version-de-la-salada-en-santo-tome\/","title":{"rendered":"La respuesta de Suaid ante el rumor de una versi\u00f3n de &#8220;La Salada&#8221; en Santo Tom\u00e9"},"content":{"rendered":"<p>Ante la alerta de la Federaci\u00f3n Econ\u00f3mica, el jefe comunal aclar\u00f3 el estado del proyecto y asegur\u00f3 el cumplimiento de la ley para proteger al comercio local. Adem\u00e1s, analiz\u00f3 el impacto de la nueva planta en Ituzaing\u00f3, la llegada de empresas log\u00edsticas.<\/p>\n<p>El intendente de la ciudad correntina de Santo Tom\u00e9, Augusto Suaid, traz\u00f3 un panorama exhaustivo sobre el futuro de la localidad este lunes en el programa &#8220;Hoja de Ruta&#8221;.<\/p>\n<p>Si bien el eje central es la industrializaci\u00f3n del pino y la log\u00edstica internacional, un viejo proyecto ha vuelto a encender las alarmas en el sector comercial: la posible instalaci\u00f3n de una sede de &#8220;La Salada&#8221;.<\/p>\n<p>El debate por &#8220;La Salada&#8221;: entre la legalidad y la alerta comercial<\/p>\n<p>El rumor sobre la llegada de un negocio comercial de este calibre a Santo Tom\u00e9 ha generado una reacci\u00f3n inmediata de la Federaci\u00f3n Econ\u00f3mica de Corrientes (FEC) y la C\u00e1mara de Comercio local.<\/p>\n<p>Sobre el origen del proyecto, no se tratar\u00eda de una iniciativa nueva. Suaid aclar\u00f3 que este inter\u00e9s data de hace unos 15 a\u00f1os, tiempo en el cual los inversores adquirieron una chacra de aproximadamente 100 hect\u00e1reas en las afueras de la ciudad.<\/p>\n<p>El intendente luego explic\u00f3 el estado administrativo actual y dijo que a pesar del revuelo medi\u00e1tico: &#8220;En el municipio no tenemos ning\u00fan papel, ning\u00fan proyecto concreto ni permiso de nada&#8221;. Hasta el momento, todo se mantiene en el terreno de las versiones period\u00edsticas.<\/p>\n<p>Es as\u00ed que el entrevistado plant\u00f3 la postura municipal, donde se encuentra en una encrucijada legal. Suaid explic\u00f3 que, de presentarse formalmente, el Estado no puede prohibir una inversi\u00f3n si esta cumple con las normativas.<\/p>\n<p>&#8220;Mientras cumpla los requisitos que cumple cualquier comercio, nosotros tenemos que cumplir con la habilitaci\u00f3n&#8221;, coment\u00f3 el intendente sobre este tema.<\/p>\n<p>Igualmente hay un conflicto de fondo, donde la FEC se preocupa por la competencia desleal, el trabajo informal y las irregularidades impositivas. Suaid reconoci\u00f3 que estos son temas de \u00f3rbita nacional y provincial, pero asegur\u00f3 que el municipio trabajar\u00e1 para que el comercio local no se vea afectado.<\/p>\n<p>El &#8220;Boom&#8221; Foresto-Industrial: el cierre de un c\u00edrculo virtuoso<\/p>\n<p>M\u00e1s all\u00e1 de la pol\u00e9mica comercial, la gran apuesta de Santo Tom\u00e9 es la industrializaci\u00f3n de la materia prima.<\/p>\n<p>El intendente habl\u00f3 sobre el impacto de la planta de Ituzaing\u00f3, pues la nueva planta de celulosa ser\u00e1 la principal consumidora del bosque implantado de Santo Tom\u00e9, desde donde se aportan 250.000 de las 550.000 hect\u00e1reas de la provincia.<\/p>\n<p>Adem\u00e1s, destac\u00f3 la inversi\u00f3n China, pues la llegada de 30 millones de d\u00f3lares para una planta de trementina y colofonia (qu\u00edmicos derivados de la resina) ya se puso en marcha en el parque industrial.<\/p>\n<p>Suaid mencion\u00f3 la Econom\u00eda Circular, ya que se busca eliminar el residuo forestal. &#8220;Hoy vemos campos minados de raleo que generan peligro de incendios; hoy se convierten en una oportunidad de negocio para generar energ\u00eda&#8221;, detall\u00f3 el intendente.<\/p>\n<p>Santo Tom\u00e9 como &#8220;Coraz\u00f3n del Mercosur&#8221;<\/p>\n<p>Suaid mencion\u00f3 la ubicaci\u00f3n estrat\u00e9gica sobre el puente internacional est\u00e1 atrayendo a gigantes de la log\u00edstica:<\/p>\n<p>Hub Log\u00edstico Furlon: la empresa de transporte adquiri\u00f3 tierras para un centro de transferencia de autopartes y autom\u00f3viles.<\/p>\n<p>Mercado Libre: el municipio inici\u00f3 gestiones para que la plataforma de e-commerce se instale en la zona, aprovechando la cercan\u00eda con el mercado brasile\u00f1o.<\/p>\n<p>Ruta 14: se mantiene la gesti\u00f3n por la autov\u00eda desde Paso de los Libres hasta Misiones, vital para soportar el flujo de 400 camiones diarios que generar\u00e1 la nueva industria.<\/p>\n<p>Preparando la ciudad: salud, educaci\u00f3n y vivienda<\/p>\n<p>Teniendo en cuenta el panorama que se vive en la regi\u00f3n, el intendente record\u00f3 que el crecimiento econ\u00f3mico exige una infraestructura social que est\u00e9 a la altura:<\/p>\n<p>Educaci\u00f3n T\u00e9cnica: adaptaci\u00f3n de las curr\u00edculas escolares para formar operarios calificados en la industria celul\u00f3sica.<\/p>\n<p>Salud Regional: fortalecimiento del hospital de Santo Tom\u00e9 y convenios con la Facultad de Medicina para atender la llegada de nueva mano de obra.<\/p>\n<p>Viviendas: ejecuci\u00f3n de 48 viviendas de demanda libre y 10 m\u00e1s del programa provincial O\u00f1andive.<\/p>\n","protected":false},"excerpt":{"rendered":"<p>Ante la alerta de la Federaci\u00f3n Econ\u00f3mica, el jefe comunal aclar\u00f3 el estado del proyecto y asegur\u00f3 el cumplimiento de la ley para proteger al comercio local. Adem\u00e1s, analiz\u00f3 el impacto de la nueva planta en Ituzaing\u00f3, la llegada de empresas log\u00edsticas. El intendente de la ciudad correntina de Santo Tom\u00e9, Augusto Suaid, traz\u00f3 un [&hellip;]<\/p>\n","protected":false},"author":4,"featured_media":213779,"comment_status":"open","ping_status":"open","sticky":false,"template":"","format":"standard","meta":{"_joinchat":[],"footnotes":""},"categories":[26],"tags":[],"class_list":{"0":"post-213778","1":"post","2":"type-post","3":"status-publish","4":"format-standard","5":"has-post-thumbnail","7":"category-provinciales"},"yoast_head":"<!-- This site is optimized with the Yoast SEO plugin v27.2 - https:\/\/yoast.com\/product\/yoast-seo-wordpress\/ -->\n<title>La respuesta de Suaid ante el rumor de una versi\u00f3n de &quot;La Salada&quot; en Santo Tom\u00e9 - Radio Infinita Goya<\/title>\n<meta name=\"description\" content=\"Ante la alerta de la Federaci\u00f3n Econ\u00f3mica, el jefe comunal aclar\u00f3 el estado del proyecto y asegur\u00f3 el cumplimiento de la ley para proteger al comercio\" \/>\n<meta name=\"robots\" content=\"index, follow, max-snippet:-1, max-image-preview:large, max-video-preview:-1\" \/>\n<link rel=\"canonical\" href=\"https:\/\/radioinfinitagoya.com.ar\/v1\/2026\/04\/27\/la-respuesta-de-suaid-ante-el-rumor-de-una-version-de-la-salada-en-santo-tome\/\" \/>\n<meta property=\"og:locale\" content=\"es_ES\" \/>\n<meta property=\"og:type\" content=\"article\" \/>\n<meta property=\"og:title\" content=\"La respuesta de Suaid ante el rumor de una versi\u00f3n de &quot;La Salada&quot; en Santo Tom\u00e9 - Radio Infinita Goya\" \/>\n<meta property=\"og:description\" content=\"Ante la alerta de la Federaci\u00f3n Econ\u00f3mica, el jefe comunal aclar\u00f3 el estado del proyecto y asegur\u00f3 el cumplimiento de la ley para proteger al comercio\" \/>\n<meta property=\"og:url\" content=\"https:\/\/radioinfinitagoya.com.ar\/v1\/2026\/04\/27\/la-respuesta-de-suaid-ante-el-rumor-de-una-version-de-la-salada-en-santo-tome\/\" \/>\n<meta property=\"og:site_name\" content=\"Radio Infinita Goya\" \/>\n<meta property=\"article:publisher\" content=\"https:\/\/www.facebook.com\/p\/Infinita-Goya-100063870918311\/\" \/>\n<meta property=\"article:published_time\" content=\"2026-04-27T18:55:35+00:00\" \/>\n<meta property=\"og:image\" content=\"https:\/\/radioinfinitagoya.com.ar\/v1\/wp-content\/uploads\/2026\/04\/1777297301681.webp\" \/>\n\t<meta property=\"og:image:width\" content=\"1200\" \/>\n\t<meta property=\"og:image:height\" content=\"675\" \/>\n\t<meta property=\"og:image:type\" content=\"image\/webp\" \/>\n<meta name=\"author\" content=\"Jorge Mi\u00f1o\" \/>\n<meta name=\"twitter:card\" content=\"summary_large_image\" \/>\n<meta name=\"twitter:label1\" content=\"Escrito por\" \/>\n\t<meta name=\"twitter:data1\" content=\"Jorge Mi\u00f1o\" \/>\n\t<meta name=\"twitter:label2\" content=\"Tiempo de lectura\" \/>\n\t<meta name=\"twitter:data2\" content=\"4 minutos\" \/>\n<script type=\"application\/ld+json\" class=\"yoast-schema-graph\">{\"@context\":\"https:\/\/schema.org\",\"@graph\":[{\"@type\":\"Article\",\"@id\":\"https:\/\/radioinfinitagoya.com.ar\/v1\/2026\/04\/27\/la-respuesta-de-suaid-ante-el-rumor-de-una-version-de-la-salada-en-santo-tome\/#article\",\"isPartOf\":{\"@id\":\"https:\/\/radioinfinitagoya.com.ar\/v1\/2026\/04\/27\/la-respuesta-de-suaid-ante-el-rumor-de-una-version-de-la-salada-en-santo-tome\/\"},\"author\":{\"name\":\"Jorge Mi\u00f1o\",\"@id\":\"https:\/\/radioinfinitagoya.com.ar\/v1\/#\/schema\/person\/d4cf9c413d4f6edb24aabdccab49ca4a\"},\"headline\":\"La respuesta de Suaid ante el rumor de una versi\u00f3n de &#8220;La Salada&#8221; en Santo Tom\u00e9\",\"datePublished\":\"2026-04-27T18:55:35+00:00\",\"mainEntityOfPage\":{\"@id\":\"https:\/\/radioinfinitagoya.com.ar\/v1\/2026\/04\/27\/la-respuesta-de-suaid-ante-el-rumor-de-una-version-de-la-salada-en-santo-tome\/\"},\"wordCount\":723,\"commentCount\":0,\"publisher\":{\"@id\":\"https:\/\/radioinfinitagoya.com.ar\/v1\/#organization\"},\"image\":{\"@id\":\"https:\/\/radioinfinitagoya.com.ar\/v1\/2026\/04\/27\/la-respuesta-de-suaid-ante-el-rumor-de-una-version-de-la-salada-en-santo-tome\/#primaryimage\"},\"thumbnailUrl\":\"https:\/\/radioinfinitagoya.com.ar\/v1\/wp-content\/uploads\/2026\/04\/1777297301681.webp\",\"articleSection\":[\"PROVINCIALES\"],\"inLanguage\":\"es-AR\",\"potentialAction\":[{\"@type\":\"CommentAction\",\"name\":\"Comment\",\"target\":[\"https:\/\/radioinfinitagoya.com.ar\/v1\/2026\/04\/27\/la-respuesta-de-suaid-ante-el-rumor-de-una-version-de-la-salada-en-santo-tome\/#respond\"]}]},{\"@type\":\"WebPage\",\"@id\":\"https:\/\/radioinfinitagoya.com.ar\/v1\/2026\/04\/27\/la-respuesta-de-suaid-ante-el-rumor-de-una-version-de-la-salada-en-santo-tome\/\",\"url\":\"https:\/\/radioinfinitagoya.com.ar\/v1\/2026\/04\/27\/la-respuesta-de-suaid-ante-el-rumor-de-una-version-de-la-salada-en-santo-tome\/\",\"name\":\"La respuesta de Suaid ante el rumor de una versi\u00f3n de \\\"La Salada\\\" en Santo Tom\u00e9 - Radio Infinita Goya\",\"isPartOf\":{\"@id\":\"https:\/\/radioinfinitagoya.com.ar\/v1\/#website\"},\"primaryImageOfPage\":{\"@id\":\"https:\/\/radioinfinitagoya.com.ar\/v1\/2026\/04\/27\/la-respuesta-de-suaid-ante-el-rumor-de-una-version-de-la-salada-en-santo-tome\/#primaryimage\"},\"image\":{\"@id\":\"https:\/\/radioinfinitagoya.com.ar\/v1\/2026\/04\/27\/la-respuesta-de-suaid-ante-el-rumor-de-una-version-de-la-salada-en-santo-tome\/#primaryimage\"},\"thumbnailUrl\":\"https:\/\/radioinfinitagoya.com.ar\/v1\/wp-content\/uploads\/2026\/04\/1777297301681.webp\",\"datePublished\":\"2026-04-27T18:55:35+00:00\",\"description\":\"Ante la alerta de la Federaci\u00f3n Econ\u00f3mica, el jefe comunal aclar\u00f3 el estado del proyecto y asegur\u00f3 el cumplimiento de la ley para proteger al comercio\",\"breadcrumb\":{\"@id\":\"https:\/\/radioinfinitagoya.com.ar\/v1\/2026\/04\/27\/la-respuesta-de-suaid-ante-el-rumor-de-una-version-de-la-salada-en-santo-tome\/#breadcrumb\"},\"inLanguage\":\"es-AR\",\"potentialAction\":[{\"@type\":\"ReadAction\",\"target\":[\"https:\/\/radioinfinitagoya.com.ar\/v1\/2026\/04\/27\/la-respuesta-de-suaid-ante-el-rumor-de-una-version-de-la-salada-en-santo-tome\/\"]}]},{\"@type\":\"ImageObject\",\"inLanguage\":\"es-AR\",\"@id\":\"https:\/\/radioinfinitagoya.com.ar\/v1\/2026\/04\/27\/la-respuesta-de-suaid-ante-el-rumor-de-una-version-de-la-salada-en-santo-tome\/#primaryimage\",\"url\":\"https:\/\/radioinfinitagoya.com.ar\/v1\/wp-content\/uploads\/2026\/04\/1777297301681.webp\",\"contentUrl\":\"https:\/\/radioinfinitagoya.com.ar\/v1\/wp-content\/uploads\/2026\/04\/1777297301681.webp\",\"width\":1200,\"height\":675},{\"@type\":\"BreadcrumbList\",\"@id\":\"https:\/\/radioinfinitagoya.com.ar\/v1\/2026\/04\/27\/la-respuesta-de-suaid-ante-el-rumor-de-una-version-de-la-salada-en-santo-tome\/#breadcrumb\",\"itemListElement\":[{\"@type\":\"ListItem\",\"position\":1,\"name\":\"Inicio\",\"item\":\"https:\/\/radioinfinitagoya.com.ar\/v1\/\"},{\"@type\":\"ListItem\",\"position\":2,\"name\":\"La respuesta de Suaid ante el rumor de una versi\u00f3n de &#8220;La Salada&#8221; en Santo Tom\u00e9\"}]},{\"@type\":\"WebSite\",\"@id\":\"https:\/\/radioinfinitagoya.com.ar\/v1\/#website\",\"url\":\"https:\/\/radioinfinitagoya.com.ar\/v1\/\",\"name\":\"radioinfinitagoya.com.ar\",\"description\":\"Radio de noticias\",\"publisher\":{\"@id\":\"https:\/\/radioinfinitagoya.com.ar\/v1\/#organization\"},\"potentialAction\":[{\"@type\":\"SearchAction\",\"target\":{\"@type\":\"EntryPoint\",\"urlTemplate\":\"https:\/\/radioinfinitagoya.com.ar\/v1\/?s={search_term_string}\"},\"query-input\":{\"@type\":\"PropertyValueSpecification\",\"valueRequired\":true,\"valueName\":\"search_term_string\"}}],\"inLanguage\":\"es-AR\"},{\"@type\":\"Organization\",\"@id\":\"https:\/\/radioinfinitagoya.com.ar\/v1\/#organization\",\"name\":\"Radio Infinita Goya\",\"url\":\"https:\/\/radioinfinitagoya.com.ar\/v1\/\",\"logo\":{\"@type\":\"ImageObject\",\"inLanguage\":\"es-AR\",\"@id\":\"https:\/\/radioinfinitagoya.com.ar\/v1\/#\/schema\/logo\/image\/\",\"url\":\"https:\/\/radioinfinitagoya.com.ar\/v1\/wp-content\/uploads\/2019\/11\/logo-pie-web.png\",\"contentUrl\":\"https:\/\/radioinfinitagoya.com.ar\/v1\/wp-content\/uploads\/2019\/11\/logo-pie-web.png\",\"width\":635,\"height\":326,\"caption\":\"Radio Infinita Goya\"},\"image\":{\"@id\":\"https:\/\/radioinfinitagoya.com.ar\/v1\/#\/schema\/logo\/image\/\"},\"sameAs\":[\"https:\/\/www.facebook.com\/p\/Infinita-Goya-100063870918311\/\"]},{\"@type\":\"Person\",\"@id\":\"https:\/\/radioinfinitagoya.com.ar\/v1\/#\/schema\/person\/d4cf9c413d4f6edb24aabdccab49ca4a\",\"name\":\"Jorge Mi\u00f1o\",\"image\":{\"@type\":\"ImageObject\",\"inLanguage\":\"es-AR\",\"@id\":\"https:\/\/secure.gravatar.com\/avatar\/910fcf6728fe95320e07a6643c1581fec1c7fc4bf8ae12e3d8f0d0373dc844be?s=96&d=mm&r=g\",\"url\":\"https:\/\/secure.gravatar.com\/avatar\/910fcf6728fe95320e07a6643c1581fec1c7fc4bf8ae12e3d8f0d0373dc844be?s=96&d=mm&r=g\",\"contentUrl\":\"https:\/\/secure.gravatar.com\/avatar\/910fcf6728fe95320e07a6643c1581fec1c7fc4bf8ae12e3d8f0d0373dc844be?s=96&d=mm&r=g\",\"caption\":\"Jorge Mi\u00f1o\"},\"sameAs\":[\"http:\/\/radioinfinitagoya.com.ar\"]}]}<\/script>\n<!-- \/ Yoast SEO plugin. -->","yoast_head_json":{"title":"La respuesta de Suaid ante el rumor de una versi\u00f3n de \"La Salada\" en Santo Tom\u00e9 - Radio Infinita Goya","description":"Ante la alerta de la Federaci\u00f3n Econ\u00f3mica, el jefe comunal aclar\u00f3 el estado del proyecto y asegur\u00f3 el cumplimiento de la ley para proteger al comercio","robots":{"index":"index","follow":"follow","max-snippet":"max-snippet:-1","max-image-preview":"max-image-preview:large","max-video-preview":"max-video-preview:-1"},"canonical":"https:\/\/radioinfinitagoya.com.ar\/v1\/2026\/04\/27\/la-respuesta-de-suaid-ante-el-rumor-de-una-version-de-la-salada-en-santo-tome\/","og_locale":"es_ES","og_type":"article","og_title":"La respuesta de Suaid ante el rumor de una versi\u00f3n de \"La Salada\" en Santo Tom\u00e9 - Radio Infinita Goya","og_description":"Ante la alerta de la Federaci\u00f3n Econ\u00f3mica, el jefe comunal aclar\u00f3 el estado del proyecto y asegur\u00f3 el cumplimiento de la ley para proteger al comercio","og_url":"https:\/\/radioinfinitagoya.com.ar\/v1\/2026\/04\/27\/la-respuesta-de-suaid-ante-el-rumor-de-una-version-de-la-salada-en-santo-tome\/","og_site_name":"Radio Infinita Goya","article_publisher":"https:\/\/www.facebook.com\/p\/Infinita-Goya-100063870918311\/","article_published_time":"2026-04-27T18:55:35+00:00","og_image":[{"width":1200,"height":675,"url":"https:\/\/radioinfinitagoya.com.ar\/v1\/wp-content\/uploads\/2026\/04\/1777297301681.webp","type":"image\/webp"}],"author":"Jorge Mi\u00f1o","twitter_card":"summary_large_image","twitter_misc":{"Escrito por":"Jorge Mi\u00f1o","Tiempo de lectura":"4 minutos"},"schema":{"@context":"https:\/\/schema.org","@graph":[{"@type":"Article","@id":"https:\/\/radioinfinitagoya.com.ar\/v1\/2026\/04\/27\/la-respuesta-de-suaid-ante-el-rumor-de-una-version-de-la-salada-en-santo-tome\/#article","isPartOf":{"@id":"https:\/\/radioinfinitagoya.com.ar\/v1\/2026\/04\/27\/la-respuesta-de-suaid-ante-el-rumor-de-una-version-de-la-salada-en-santo-tome\/"},"author":{"name":"Jorge Mi\u00f1o","@id":"https:\/\/radioinfinitagoya.com.ar\/v1\/#\/schema\/person\/d4cf9c413d4f6edb24aabdccab49ca4a"},"headline":"La respuesta de Suaid ante el rumor de una versi\u00f3n de &#8220;La Salada&#8221; en Santo Tom\u00e9","datePublished":"2026-04-27T18:55:35+00:00","mainEntityOfPage":{"@id":"https:\/\/radioinfinitagoya.com.ar\/v1\/2026\/04\/27\/la-respuesta-de-suaid-ante-el-rumor-de-una-version-de-la-salada-en-santo-tome\/"},"wordCount":723,"commentCount":0,"publisher":{"@id":"https:\/\/radioinfinitagoya.com.ar\/v1\/#organization"},"image":{"@id":"https:\/\/radioinfinitagoya.com.ar\/v1\/2026\/04\/27\/la-respuesta-de-suaid-ante-el-rumor-de-una-version-de-la-salada-en-santo-tome\/#primaryimage"},"thumbnailUrl":"https:\/\/radioinfinitagoya.com.ar\/v1\/wp-content\/uploads\/2026\/04\/1777297301681.webp","articleSection":["PROVINCIALES"],"inLanguage":"es-AR","potentialAction":[{"@type":"CommentAction","name":"Comment","target":["https:\/\/radioinfinitagoya.com.ar\/v1\/2026\/04\/27\/la-respuesta-de-suaid-ante-el-rumor-de-una-version-de-la-salada-en-santo-tome\/#respond"]}]},{"@type":"WebPage","@id":"https:\/\/radioinfinitagoya.com.ar\/v1\/2026\/04\/27\/la-respuesta-de-suaid-ante-el-rumor-de-una-version-de-la-salada-en-santo-tome\/","url":"https:\/\/radioinfinitagoya.com.ar\/v1\/2026\/04\/27\/la-respuesta-de-suaid-ante-el-rumor-de-una-version-de-la-salada-en-santo-tome\/","name":"La respuesta de Suaid ante el rumor de una versi\u00f3n de \"La Salada\" en Santo Tom\u00e9 - Radio Infinita Goya","isPartOf":{"@id":"https:\/\/radioinfinitagoya.com.ar\/v1\/#website"},"primaryImageOfPage":{"@id":"https:\/\/radioinfinitagoya.com.ar\/v1\/2026\/04\/27\/la-respuesta-de-suaid-ante-el-rumor-de-una-version-de-la-salada-en-santo-tome\/#primaryimage"},"image":{"@id":"https:\/\/radioinfinitagoya.com.ar\/v1\/2026\/04\/27\/la-respuesta-de-suaid-ante-el-rumor-de-una-version-de-la-salada-en-santo-tome\/#primaryimage"},"thumbnailUrl":"https:\/\/radioinfinitagoya.com.ar\/v1\/wp-content\/uploads\/2026\/04\/1777297301681.webp","datePublished":"2026-04-27T18:55:35+00:00","description":"Ante la alerta de la Federaci\u00f3n Econ\u00f3mica, el jefe comunal aclar\u00f3 el estado del proyecto y asegur\u00f3 el cumplimiento de la ley para proteger al comercio","breadcrumb":{"@id":"https:\/\/radioinfinitagoya.com.ar\/v1\/2026\/04\/27\/la-respuesta-de-suaid-ante-el-rumor-de-una-version-de-la-salada-en-santo-tome\/#breadcrumb"},"inLanguage":"es-AR","potentialAction":[{"@type":"ReadAction","target":["https:\/\/radioinfinitagoya.com.ar\/v1\/2026\/04\/27\/la-respuesta-de-suaid-ante-el-rumor-de-una-version-de-la-salada-en-santo-tome\/"]}]},{"@type":"ImageObject","inLanguage":"es-AR","@id":"https:\/\/radioinfinitagoya.com.ar\/v1\/2026\/04\/27\/la-respuesta-de-suaid-ante-el-rumor-de-una-version-de-la-salada-en-santo-tome\/#primaryimage","url":"https:\/\/radioinfinitagoya.com.ar\/v1\/wp-content\/uploads\/2026\/04\/1777297301681.webp","contentUrl":"https:\/\/radioinfinitagoya.com.ar\/v1\/wp-content\/uploads\/2026\/04\/1777297301681.webp","width":1200,"height":675},{"@type":"BreadcrumbList","@id":"https:\/\/radioinfinitagoya.com.ar\/v1\/2026\/04\/27\/la-respuesta-de-suaid-ante-el-rumor-de-una-version-de-la-salada-en-santo-tome\/#breadcrumb","itemListElement":[{"@type":"ListItem","position":1,"name":"Inicio","item":"https:\/\/radioinfinitagoya.com.ar\/v1\/"},{"@type":"ListItem","position":2,"name":"La respuesta de Suaid ante el rumor de una versi\u00f3n de &#8220;La Salada&#8221; en Santo Tom\u00e9"}]},{"@type":"WebSite","@id":"https:\/\/radioinfinitagoya.com.ar\/v1\/#website","url":"https:\/\/radioinfinitagoya.com.ar\/v1\/","name":"radioinfinitagoya.com.ar","description":"Radio de noticias","publisher":{"@id":"https:\/\/radioinfinitagoya.com.ar\/v1\/#organization"},"potentialAction":[{"@type":"SearchAction","target":{"@type":"EntryPoint","urlTemplate":"https:\/\/radioinfinitagoya.com.ar\/v1\/?s={search_term_string}"},"query-input":{"@type":"PropertyValueSpecification","valueRequired":true,"valueName":"search_term_string"}}],"inLanguage":"es-AR"},{"@type":"Organization","@id":"https:\/\/radioinfinitagoya.com.ar\/v1\/#organization","name":"Radio Infinita Goya","url":"https:\/\/radioinfinitagoya.com.ar\/v1\/","logo":{"@type":"ImageObject","inLanguage":"es-AR","@id":"https:\/\/radioinfinitagoya.com.ar\/v1\/#\/schema\/logo\/image\/","url":"https:\/\/radioinfinitagoya.com.ar\/v1\/wp-content\/uploads\/2019\/11\/logo-pie-web.png","contentUrl":"https:\/\/radioinfinitagoya.com.ar\/v1\/wp-content\/uploads\/2019\/11\/logo-pie-web.png","width":635,"height":326,"caption":"Radio Infinita Goya"},"image":{"@id":"https:\/\/radioinfinitagoya.com.ar\/v1\/#\/schema\/logo\/image\/"},"sameAs":["https:\/\/www.facebook.com\/p\/Infinita-Goya-100063870918311\/"]},{"@type":"Person","@id":"https:\/\/radioinfinitagoya.com.ar\/v1\/#\/schema\/person\/d4cf9c413d4f6edb24aabdccab49ca4a","name":"Jorge Mi\u00f1o","image":{"@type":"ImageObject","inLanguage":"es-AR","@id":"https:\/\/secure.gravatar.com\/avatar\/910fcf6728fe95320e07a6643c1581fec1c7fc4bf8ae12e3d8f0d0373dc844be?s=96&d=mm&r=g","url":"https:\/\/secure.gravatar.com\/avatar\/910fcf6728fe95320e07a6643c1581fec1c7fc4bf8ae12e3d8f0d0373dc844be?s=96&d=mm&r=g","contentUrl":"https:\/\/secure.gravatar.com\/avatar\/910fcf6728fe95320e07a6643c1581fec1c7fc4bf8ae12e3d8f0d0373dc844be?s=96&d=mm&r=g","caption":"Jorge Mi\u00f1o"},"sameAs":["http:\/\/radioinfinitagoya.com.ar"]}]}},"_links":{"self":[{"href":"https:\/\/radioinfinitagoya.com.ar\/v1\/wp-json\/wp\/v2\/posts\/213778","targetHints":{"allow":["GET"]}}],"collection":[{"href":"https:\/\/radioinfinitagoya.com.ar\/v1\/wp-json\/wp\/v2\/posts"}],"about":[{"href":"https:\/\/radioinfinitagoya.com.ar\/v1\/wp-json\/wp\/v2\/types\/post"}],"author":[{"embeddable":true,"href":"https:\/\/radioinfinitagoya.com.ar\/v1\/wp-json\/wp\/v2\/users\/4"}],"replies":[{"embeddable":true,"href":"https:\/\/radioinfinitagoya.com.ar\/v1\/wp-json\/wp\/v2\/comments?post=213778"}],"version-history":[{"count":1,"href":"https:\/\/radioinfinitagoya.com.ar\/v1\/wp-json\/wp\/v2\/posts\/213778\/revisions"}],"predecessor-version":[{"id":213780,"href":"https:\/\/radioinfinitagoya.com.ar\/v1\/wp-json\/wp\/v2\/posts\/213778\/revisions\/213780"}],"wp:featuredmedia":[{"embeddable":true,"href":"https:\/\/radioinfinitagoya.com.ar\/v1\/wp-json\/wp\/v2\/media\/213779"}],"wp:attachment":[{"href":"https:\/\/radioinfinitagoya.com.ar\/v1\/wp-json\/wp\/v2\/media?parent=213778"}],"wp:term":[{"taxonomy":"category","embeddable":true,"href":"https:\/\/radioinfinitagoya.com.ar\/v1\/wp-json\/wp\/v2\/categories?post=213778"},{"taxonomy":"post_tag","embeddable":true,"href":"https:\/\/radioinfinitagoya.com.ar\/v1\/wp-json\/wp\/v2\/tags?post=213778"}],"curies":[{"name":"wp","href":"https:\/\/api.w.org\/{rel}","templated":true}]}}