{"id":213787,"date":"2026-04-27T16:06:54","date_gmt":"2026-04-27T19:06:54","guid":{"rendered":"https:\/\/radioinfinitagoya.com.ar\/v1\/?p=213787"},"modified":"2026-04-27T16:06:54","modified_gmt":"2026-04-27T19:06:54","slug":"angeles-del-puente-el-grupo-que-ya-salvo-276-vidas-en-el-puente-general-belgrano","status":"publish","type":"post","link":"https:\/\/radioinfinitagoya.com.ar\/v1\/2026\/04\/27\/angeles-del-puente-el-grupo-que-ya-salvo-276-vidas-en-el-puente-general-belgrano\/","title":{"rendered":"\u00c1ngeles del Puente: el grupo que ya salv\u00f3 276 vidas en el Puente General Belgrano"},"content":{"rendered":"<p>Se trata de una iniciativa que trabaja con patrullajes diarios y un equipo interdisciplinario, que ofrece una segunda oportunidad a quienes atraviesan un momento dif\u00edcil.<\/p>\n<p>Los \u00c1ngeles del Puente informaron desde sus redes sociales que llevan 276 vidas salvadas de un destino mortal, pues ellos son los encargados de patrullar el puente interprovincial General Belgrano, donde se han registrado suicidios e intentos. Su labor, que empez\u00f3 en 2023 se hace relevante al mirar al n\u00famero de personas que han rescatado en este lapso de tiempo.<\/p>\n<p>Antecedende<\/p>\n<p>La iniciativa surgi\u00f3 como respuesta directa a la tragedia. Tras un suicidio ocurrido en las inmediaciones de la iglesia Casa de Dios (liderada por los pastores Gustavo Almir\u00f3n y Roc\u00edo Telechea), la comunidad decidi\u00f3 que rezar no era suficiente.<\/p>\n<p>El 6 de agosto de 2023 pasaron de la vigilia espiritual al patrullaje f\u00edsico en el Puente General Belgrano, el nexo entre Corrientes y Resistencia.<\/p>\n<p>El M\u00e9todo de Rescate: Presencia y Contenci\u00f3n<\/p>\n<p>El grupo opera bajo una log\u00edstica de &#8220;cuatro puntos&#8221; que combina lo espiritual con lo operativo:<\/p>\n<p>Patrullaje en altura: Dos voluntarios recorren el puente de punta a punta, atentos a cualquier se\u00f1al de crisis o personas en situaci\u00f3n de vulnerabilidad.<\/p>\n<p>Base en escalinatas: Otros dos integrantes permanecen en los accesos, realizando oraciones y entregando mensajes de esperanza.<\/p>\n<p>Alerta y Acci\u00f3n: Ante una crisis detectada, se activa el protocolo de asistencia inmediata para evitar el desenlace fatal.<\/p>\n<p>Impacto en N\u00fameros<br \/>\nLa efectividad de este despliegue es innegable. Lo que en julio de 2024 eran 70 rescates, hoy se ha cuadruplicado:<\/p>\n<p>Vidas salvadas: 276 personas rescatadas hasta el 27 de abril de 2026.<\/p>\n<p>Seguimiento: No es solo el &#8220;momento del puente&#8221;. Cuentan con un equipo interdisciplinario que asiste a los rescatados en sus problem\u00e1ticas de fondo.<\/p>\n<p>Resiliencia: Un dato conmovedor es que 11 personas rescatadas ahora forman parte del staff, y 3 de ellas patrullan el puente, convirtiendo su testimonio en una herramienta de salvaci\u00f3n.<\/p>\n","protected":false},"excerpt":{"rendered":"<p>Se trata de una iniciativa que trabaja con patrullajes diarios y un equipo interdisciplinario, que ofrece una segunda oportunidad a quienes atraviesan un momento dif\u00edcil. Los \u00c1ngeles del Puente informaron desde sus redes sociales que llevan 276 vidas salvadas de un destino mortal, pues ellos son los encargados de patrullar el puente interprovincial General Belgrano, [&hellip;]<\/p>\n","protected":false},"author":4,"featured_media":213788,"comment_status":"open","ping_status":"open","sticky":false,"template":"","format":"standard","meta":{"_joinchat":[],"footnotes":""},"categories":[26],"tags":[],"class_list":{"0":"post-213787","1":"post","2":"type-post","3":"status-publish","4":"format-standard","5":"has-post-thumbnail","7":"category-provinciales"},"yoast_head":"<!-- This site is optimized with the Yoast SEO plugin v27.2 - https:\/\/yoast.com\/product\/yoast-seo-wordpress\/ -->\n<title>\u00c1ngeles del Puente: el grupo que ya salv\u00f3 276 vidas en el Puente General Belgrano - Radio Infinita Goya<\/title>\n<meta name=\"description\" content=\"Se trata de una iniciativa que trabaja con patrullajes diarios y un equipo interdisciplinario, que ofrece una segunda oportunidad a quienes atraviesan un\" \/>\n<meta name=\"robots\" content=\"index, follow, max-snippet:-1, max-image-preview:large, max-video-preview:-1\" \/>\n<link rel=\"canonical\" href=\"https:\/\/radioinfinitagoya.com.ar\/v1\/2026\/04\/27\/angeles-del-puente-el-grupo-que-ya-salvo-276-vidas-en-el-puente-general-belgrano\/\" \/>\n<meta property=\"og:locale\" content=\"es_ES\" \/>\n<meta property=\"og:type\" content=\"article\" \/>\n<meta property=\"og:title\" content=\"\u00c1ngeles del Puente: el grupo que ya salv\u00f3 276 vidas en el Puente General Belgrano - Radio Infinita Goya\" \/>\n<meta property=\"og:description\" content=\"Se trata de una iniciativa que trabaja con patrullajes diarios y un equipo interdisciplinario, que ofrece una segunda oportunidad a quienes atraviesan un\" \/>\n<meta property=\"og:url\" content=\"https:\/\/radioinfinitagoya.com.ar\/v1\/2026\/04\/27\/angeles-del-puente-el-grupo-que-ya-salvo-276-vidas-en-el-puente-general-belgrano\/\" \/>\n<meta property=\"og:site_name\" content=\"Radio Infinita Goya\" \/>\n<meta property=\"article:publisher\" content=\"https:\/\/www.facebook.com\/p\/Infinita-Goya-100063870918311\/\" \/>\n<meta property=\"article:published_time\" content=\"2026-04-27T19:06:54+00:00\" \/>\n<meta property=\"og:image\" content=\"https:\/\/radioinfinitagoya.com.ar\/v1\/wp-content\/uploads\/2026\/04\/1777288109504.webp\" \/>\n\t<meta property=\"og:image:width\" content=\"1200\" \/>\n\t<meta property=\"og:image:height\" content=\"675\" \/>\n\t<meta property=\"og:image:type\" content=\"image\/webp\" \/>\n<meta name=\"author\" content=\"Jorge Mi\u00f1o\" \/>\n<meta name=\"twitter:card\" content=\"summary_large_image\" \/>\n<meta name=\"twitter:label1\" content=\"Escrito por\" \/>\n\t<meta name=\"twitter:data1\" content=\"Jorge Mi\u00f1o\" \/>\n\t<meta name=\"twitter:label2\" content=\"Tiempo de lectura\" \/>\n\t<meta name=\"twitter:data2\" content=\"2 minutos\" \/>\n<script type=\"application\/ld+json\" class=\"yoast-schema-graph\">{\"@context\":\"https:\/\/schema.org\",\"@graph\":[{\"@type\":\"Article\",\"@id\":\"https:\/\/radioinfinitagoya.com.ar\/v1\/2026\/04\/27\/angeles-del-puente-el-grupo-que-ya-salvo-276-vidas-en-el-puente-general-belgrano\/#article\",\"isPartOf\":{\"@id\":\"https:\/\/radioinfinitagoya.com.ar\/v1\/2026\/04\/27\/angeles-del-puente-el-grupo-que-ya-salvo-276-vidas-en-el-puente-general-belgrano\/\"},\"author\":{\"name\":\"Jorge Mi\u00f1o\",\"@id\":\"https:\/\/radioinfinitagoya.com.ar\/v1\/#\/schema\/person\/d4cf9c413d4f6edb24aabdccab49ca4a\"},\"headline\":\"\u00c1ngeles del Puente: el grupo que ya salv\u00f3 276 vidas en el Puente General Belgrano\",\"datePublished\":\"2026-04-27T19:06:54+00:00\",\"mainEntityOfPage\":{\"@id\":\"https:\/\/radioinfinitagoya.com.ar\/v1\/2026\/04\/27\/angeles-del-puente-el-grupo-que-ya-salvo-276-vidas-en-el-puente-general-belgrano\/\"},\"wordCount\":337,\"commentCount\":0,\"publisher\":{\"@id\":\"https:\/\/radioinfinitagoya.com.ar\/v1\/#organization\"},\"image\":{\"@id\":\"https:\/\/radioinfinitagoya.com.ar\/v1\/2026\/04\/27\/angeles-del-puente-el-grupo-que-ya-salvo-276-vidas-en-el-puente-general-belgrano\/#primaryimage\"},\"thumbnailUrl\":\"https:\/\/radioinfinitagoya.com.ar\/v1\/wp-content\/uploads\/2026\/04\/1777288109504.webp\",\"articleSection\":[\"PROVINCIALES\"],\"inLanguage\":\"es-AR\",\"potentialAction\":[{\"@type\":\"CommentAction\",\"name\":\"Comment\",\"target\":[\"https:\/\/radioinfinitagoya.com.ar\/v1\/2026\/04\/27\/angeles-del-puente-el-grupo-que-ya-salvo-276-vidas-en-el-puente-general-belgrano\/#respond\"]}]},{\"@type\":\"WebPage\",\"@id\":\"https:\/\/radioinfinitagoya.com.ar\/v1\/2026\/04\/27\/angeles-del-puente-el-grupo-que-ya-salvo-276-vidas-en-el-puente-general-belgrano\/\",\"url\":\"https:\/\/radioinfinitagoya.com.ar\/v1\/2026\/04\/27\/angeles-del-puente-el-grupo-que-ya-salvo-276-vidas-en-el-puente-general-belgrano\/\",\"name\":\"\u00c1ngeles del Puente: el grupo que ya salv\u00f3 276 vidas en el Puente General Belgrano - Radio Infinita Goya\",\"isPartOf\":{\"@id\":\"https:\/\/radioinfinitagoya.com.ar\/v1\/#website\"},\"primaryImageOfPage\":{\"@id\":\"https:\/\/radioinfinitagoya.com.ar\/v1\/2026\/04\/27\/angeles-del-puente-el-grupo-que-ya-salvo-276-vidas-en-el-puente-general-belgrano\/#primaryimage\"},\"image\":{\"@id\":\"https:\/\/radioinfinitagoya.com.ar\/v1\/2026\/04\/27\/angeles-del-puente-el-grupo-que-ya-salvo-276-vidas-en-el-puente-general-belgrano\/#primaryimage\"},\"thumbnailUrl\":\"https:\/\/radioinfinitagoya.com.ar\/v1\/wp-content\/uploads\/2026\/04\/1777288109504.webp\",\"datePublished\":\"2026-04-27T19:06:54+00:00\",\"description\":\"Se trata de una iniciativa que trabaja con patrullajes diarios y un equipo interdisciplinario, que ofrece una segunda oportunidad a quienes atraviesan un\",\"breadcrumb\":{\"@id\":\"https:\/\/radioinfinitagoya.com.ar\/v1\/2026\/04\/27\/angeles-del-puente-el-grupo-que-ya-salvo-276-vidas-en-el-puente-general-belgrano\/#breadcrumb\"},\"inLanguage\":\"es-AR\",\"potentialAction\":[{\"@type\":\"ReadAction\",\"target\":[\"https:\/\/radioinfinitagoya.com.ar\/v1\/2026\/04\/27\/angeles-del-puente-el-grupo-que-ya-salvo-276-vidas-en-el-puente-general-belgrano\/\"]}]},{\"@type\":\"ImageObject\",\"inLanguage\":\"es-AR\",\"@id\":\"https:\/\/radioinfinitagoya.com.ar\/v1\/2026\/04\/27\/angeles-del-puente-el-grupo-que-ya-salvo-276-vidas-en-el-puente-general-belgrano\/#primaryimage\",\"url\":\"https:\/\/radioinfinitagoya.com.ar\/v1\/wp-content\/uploads\/2026\/04\/1777288109504.webp\",\"contentUrl\":\"https:\/\/radioinfinitagoya.com.ar\/v1\/wp-content\/uploads\/2026\/04\/1777288109504.webp\",\"width\":1200,\"height\":675},{\"@type\":\"BreadcrumbList\",\"@id\":\"https:\/\/radioinfinitagoya.com.ar\/v1\/2026\/04\/27\/angeles-del-puente-el-grupo-que-ya-salvo-276-vidas-en-el-puente-general-belgrano\/#breadcrumb\",\"itemListElement\":[{\"@type\":\"ListItem\",\"position\":1,\"name\":\"Inicio\",\"item\":\"https:\/\/radioinfinitagoya.com.ar\/v1\/\"},{\"@type\":\"ListItem\",\"position\":2,\"name\":\"\u00c1ngeles del Puente: el grupo que ya salv\u00f3 276 vidas en el Puente General Belgrano\"}]},{\"@type\":\"WebSite\",\"@id\":\"https:\/\/radioinfinitagoya.com.ar\/v1\/#website\",\"url\":\"https:\/\/radioinfinitagoya.com.ar\/v1\/\",\"name\":\"radioinfinitagoya.com.ar\",\"description\":\"Radio de noticias\",\"publisher\":{\"@id\":\"https:\/\/radioinfinitagoya.com.ar\/v1\/#organization\"},\"potentialAction\":[{\"@type\":\"SearchAction\",\"target\":{\"@type\":\"EntryPoint\",\"urlTemplate\":\"https:\/\/radioinfinitagoya.com.ar\/v1\/?s={search_term_string}\"},\"query-input\":{\"@type\":\"PropertyValueSpecification\",\"valueRequired\":true,\"valueName\":\"search_term_string\"}}],\"inLanguage\":\"es-AR\"},{\"@type\":\"Organization\",\"@id\":\"https:\/\/radioinfinitagoya.com.ar\/v1\/#organization\",\"name\":\"Radio Infinita Goya\",\"url\":\"https:\/\/radioinfinitagoya.com.ar\/v1\/\",\"logo\":{\"@type\":\"ImageObject\",\"inLanguage\":\"es-AR\",\"@id\":\"https:\/\/radioinfinitagoya.com.ar\/v1\/#\/schema\/logo\/image\/\",\"url\":\"https:\/\/radioinfinitagoya.com.ar\/v1\/wp-content\/uploads\/2019\/11\/logo-pie-web.png\",\"contentUrl\":\"https:\/\/radioinfinitagoya.com.ar\/v1\/wp-content\/uploads\/2019\/11\/logo-pie-web.png\",\"width\":635,\"height\":326,\"caption\":\"Radio Infinita Goya\"},\"image\":{\"@id\":\"https:\/\/radioinfinitagoya.com.ar\/v1\/#\/schema\/logo\/image\/\"},\"sameAs\":[\"https:\/\/www.facebook.com\/p\/Infinita-Goya-100063870918311\/\"]},{\"@type\":\"Person\",\"@id\":\"https:\/\/radioinfinitagoya.com.ar\/v1\/#\/schema\/person\/d4cf9c413d4f6edb24aabdccab49ca4a\",\"name\":\"Jorge Mi\u00f1o\",\"image\":{\"@type\":\"ImageObject\",\"inLanguage\":\"es-AR\",\"@id\":\"https:\/\/secure.gravatar.com\/avatar\/910fcf6728fe95320e07a6643c1581fec1c7fc4bf8ae12e3d8f0d0373dc844be?s=96&d=mm&r=g\",\"url\":\"https:\/\/secure.gravatar.com\/avatar\/910fcf6728fe95320e07a6643c1581fec1c7fc4bf8ae12e3d8f0d0373dc844be?s=96&d=mm&r=g\",\"contentUrl\":\"https:\/\/secure.gravatar.com\/avatar\/910fcf6728fe95320e07a6643c1581fec1c7fc4bf8ae12e3d8f0d0373dc844be?s=96&d=mm&r=g\",\"caption\":\"Jorge Mi\u00f1o\"},\"sameAs\":[\"http:\/\/radioinfinitagoya.com.ar\"]}]}<\/script>\n<!-- \/ Yoast SEO plugin. -->","yoast_head_json":{"title":"\u00c1ngeles del Puente: el grupo que ya salv\u00f3 276 vidas en el Puente General Belgrano - Radio Infinita Goya","description":"Se trata de una iniciativa que trabaja con patrullajes diarios y un equipo interdisciplinario, que ofrece una segunda oportunidad a quienes atraviesan un","robots":{"index":"index","follow":"follow","max-snippet":"max-snippet:-1","max-image-preview":"max-image-preview:large","max-video-preview":"max-video-preview:-1"},"canonical":"https:\/\/radioinfinitagoya.com.ar\/v1\/2026\/04\/27\/angeles-del-puente-el-grupo-que-ya-salvo-276-vidas-en-el-puente-general-belgrano\/","og_locale":"es_ES","og_type":"article","og_title":"\u00c1ngeles del Puente: el grupo que ya salv\u00f3 276 vidas en el Puente General Belgrano - Radio Infinita Goya","og_description":"Se trata de una iniciativa que trabaja con patrullajes diarios y un equipo interdisciplinario, que ofrece una segunda oportunidad a quienes atraviesan un","og_url":"https:\/\/radioinfinitagoya.com.ar\/v1\/2026\/04\/27\/angeles-del-puente-el-grupo-que-ya-salvo-276-vidas-en-el-puente-general-belgrano\/","og_site_name":"Radio Infinita Goya","article_publisher":"https:\/\/www.facebook.com\/p\/Infinita-Goya-100063870918311\/","article_published_time":"2026-04-27T19:06:54+00:00","og_image":[{"width":1200,"height":675,"url":"https:\/\/radioinfinitagoya.com.ar\/v1\/wp-content\/uploads\/2026\/04\/1777288109504.webp","type":"image\/webp"}],"author":"Jorge Mi\u00f1o","twitter_card":"summary_large_image","twitter_misc":{"Escrito por":"Jorge Mi\u00f1o","Tiempo de lectura":"2 minutos"},"schema":{"@context":"https:\/\/schema.org","@graph":[{"@type":"Article","@id":"https:\/\/radioinfinitagoya.com.ar\/v1\/2026\/04\/27\/angeles-del-puente-el-grupo-que-ya-salvo-276-vidas-en-el-puente-general-belgrano\/#article","isPartOf":{"@id":"https:\/\/radioinfinitagoya.com.ar\/v1\/2026\/04\/27\/angeles-del-puente-el-grupo-que-ya-salvo-276-vidas-en-el-puente-general-belgrano\/"},"author":{"name":"Jorge Mi\u00f1o","@id":"https:\/\/radioinfinitagoya.com.ar\/v1\/#\/schema\/person\/d4cf9c413d4f6edb24aabdccab49ca4a"},"headline":"\u00c1ngeles del Puente: el grupo que ya salv\u00f3 276 vidas en el Puente General Belgrano","datePublished":"2026-04-27T19:06:54+00:00","mainEntityOfPage":{"@id":"https:\/\/radioinfinitagoya.com.ar\/v1\/2026\/04\/27\/angeles-del-puente-el-grupo-que-ya-salvo-276-vidas-en-el-puente-general-belgrano\/"},"wordCount":337,"commentCount":0,"publisher":{"@id":"https:\/\/radioinfinitagoya.com.ar\/v1\/#organization"},"image":{"@id":"https:\/\/radioinfinitagoya.com.ar\/v1\/2026\/04\/27\/angeles-del-puente-el-grupo-que-ya-salvo-276-vidas-en-el-puente-general-belgrano\/#primaryimage"},"thumbnailUrl":"https:\/\/radioinfinitagoya.com.ar\/v1\/wp-content\/uploads\/2026\/04\/1777288109504.webp","articleSection":["PROVINCIALES"],"inLanguage":"es-AR","potentialAction":[{"@type":"CommentAction","name":"Comment","target":["https:\/\/radioinfinitagoya.com.ar\/v1\/2026\/04\/27\/angeles-del-puente-el-grupo-que-ya-salvo-276-vidas-en-el-puente-general-belgrano\/#respond"]}]},{"@type":"WebPage","@id":"https:\/\/radioinfinitagoya.com.ar\/v1\/2026\/04\/27\/angeles-del-puente-el-grupo-que-ya-salvo-276-vidas-en-el-puente-general-belgrano\/","url":"https:\/\/radioinfinitagoya.com.ar\/v1\/2026\/04\/27\/angeles-del-puente-el-grupo-que-ya-salvo-276-vidas-en-el-puente-general-belgrano\/","name":"\u00c1ngeles del Puente: el grupo que ya salv\u00f3 276 vidas en el Puente General Belgrano - Radio Infinita Goya","isPartOf":{"@id":"https:\/\/radioinfinitagoya.com.ar\/v1\/#website"},"primaryImageOfPage":{"@id":"https:\/\/radioinfinitagoya.com.ar\/v1\/2026\/04\/27\/angeles-del-puente-el-grupo-que-ya-salvo-276-vidas-en-el-puente-general-belgrano\/#primaryimage"},"image":{"@id":"https:\/\/radioinfinitagoya.com.ar\/v1\/2026\/04\/27\/angeles-del-puente-el-grupo-que-ya-salvo-276-vidas-en-el-puente-general-belgrano\/#primaryimage"},"thumbnailUrl":"https:\/\/radioinfinitagoya.com.ar\/v1\/wp-content\/uploads\/2026\/04\/1777288109504.webp","datePublished":"2026-04-27T19:06:54+00:00","description":"Se trata de una iniciativa que trabaja con patrullajes diarios y un equipo interdisciplinario, que ofrece una segunda oportunidad a quienes atraviesan un","breadcrumb":{"@id":"https:\/\/radioinfinitagoya.com.ar\/v1\/2026\/04\/27\/angeles-del-puente-el-grupo-que-ya-salvo-276-vidas-en-el-puente-general-belgrano\/#breadcrumb"},"inLanguage":"es-AR","potentialAction":[{"@type":"ReadAction","target":["https:\/\/radioinfinitagoya.com.ar\/v1\/2026\/04\/27\/angeles-del-puente-el-grupo-que-ya-salvo-276-vidas-en-el-puente-general-belgrano\/"]}]},{"@type":"ImageObject","inLanguage":"es-AR","@id":"https:\/\/radioinfinitagoya.com.ar\/v1\/2026\/04\/27\/angeles-del-puente-el-grupo-que-ya-salvo-276-vidas-en-el-puente-general-belgrano\/#primaryimage","url":"https:\/\/radioinfinitagoya.com.ar\/v1\/wp-content\/uploads\/2026\/04\/1777288109504.webp","contentUrl":"https:\/\/radioinfinitagoya.com.ar\/v1\/wp-content\/uploads\/2026\/04\/1777288109504.webp","width":1200,"height":675},{"@type":"BreadcrumbList","@id":"https:\/\/radioinfinitagoya.com.ar\/v1\/2026\/04\/27\/angeles-del-puente-el-grupo-que-ya-salvo-276-vidas-en-el-puente-general-belgrano\/#breadcrumb","itemListElement":[{"@type":"ListItem","position":1,"name":"Inicio","item":"https:\/\/radioinfinitagoya.com.ar\/v1\/"},{"@type":"ListItem","position":2,"name":"\u00c1ngeles del Puente: el grupo que ya salv\u00f3 276 vidas en el Puente General Belgrano"}]},{"@type":"WebSite","@id":"https:\/\/radioinfinitagoya.com.ar\/v1\/#website","url":"https:\/\/radioinfinitagoya.com.ar\/v1\/","name":"radioinfinitagoya.com.ar","description":"Radio de noticias","publisher":{"@id":"https:\/\/radioinfinitagoya.com.ar\/v1\/#organization"},"potentialAction":[{"@type":"SearchAction","target":{"@type":"EntryPoint","urlTemplate":"https:\/\/radioinfinitagoya.com.ar\/v1\/?s={search_term_string}"},"query-input":{"@type":"PropertyValueSpecification","valueRequired":true,"valueName":"search_term_string"}}],"inLanguage":"es-AR"},{"@type":"Organization","@id":"https:\/\/radioinfinitagoya.com.ar\/v1\/#organization","name":"Radio Infinita Goya","url":"https:\/\/radioinfinitagoya.com.ar\/v1\/","logo":{"@type":"ImageObject","inLanguage":"es-AR","@id":"https:\/\/radioinfinitagoya.com.ar\/v1\/#\/schema\/logo\/image\/","url":"https:\/\/radioinfinitagoya.com.ar\/v1\/wp-content\/uploads\/2019\/11\/logo-pie-web.png","contentUrl":"https:\/\/radioinfinitagoya.com.ar\/v1\/wp-content\/uploads\/2019\/11\/logo-pie-web.png","width":635,"height":326,"caption":"Radio Infinita Goya"},"image":{"@id":"https:\/\/radioinfinitagoya.com.ar\/v1\/#\/schema\/logo\/image\/"},"sameAs":["https:\/\/www.facebook.com\/p\/Infinita-Goya-100063870918311\/"]},{"@type":"Person","@id":"https:\/\/radioinfinitagoya.com.ar\/v1\/#\/schema\/person\/d4cf9c413d4f6edb24aabdccab49ca4a","name":"Jorge Mi\u00f1o","image":{"@type":"ImageObject","inLanguage":"es-AR","@id":"https:\/\/secure.gravatar.com\/avatar\/910fcf6728fe95320e07a6643c1581fec1c7fc4bf8ae12e3d8f0d0373dc844be?s=96&d=mm&r=g","url":"https:\/\/secure.gravatar.com\/avatar\/910fcf6728fe95320e07a6643c1581fec1c7fc4bf8ae12e3d8f0d0373dc844be?s=96&d=mm&r=g","contentUrl":"https:\/\/secure.gravatar.com\/avatar\/910fcf6728fe95320e07a6643c1581fec1c7fc4bf8ae12e3d8f0d0373dc844be?s=96&d=mm&r=g","caption":"Jorge Mi\u00f1o"},"sameAs":["http:\/\/radioinfinitagoya.com.ar"]}]}},"_links":{"self":[{"href":"https:\/\/radioinfinitagoya.com.ar\/v1\/wp-json\/wp\/v2\/posts\/213787","targetHints":{"allow":["GET"]}}],"collection":[{"href":"https:\/\/radioinfinitagoya.com.ar\/v1\/wp-json\/wp\/v2\/posts"}],"about":[{"href":"https:\/\/radioinfinitagoya.com.ar\/v1\/wp-json\/wp\/v2\/types\/post"}],"author":[{"embeddable":true,"href":"https:\/\/radioinfinitagoya.com.ar\/v1\/wp-json\/wp\/v2\/users\/4"}],"replies":[{"embeddable":true,"href":"https:\/\/radioinfinitagoya.com.ar\/v1\/wp-json\/wp\/v2\/comments?post=213787"}],"version-history":[{"count":1,"href":"https:\/\/radioinfinitagoya.com.ar\/v1\/wp-json\/wp\/v2\/posts\/213787\/revisions"}],"predecessor-version":[{"id":213789,"href":"https:\/\/radioinfinitagoya.com.ar\/v1\/wp-json\/wp\/v2\/posts\/213787\/revisions\/213789"}],"wp:featuredmedia":[{"embeddable":true,"href":"https:\/\/radioinfinitagoya.com.ar\/v1\/wp-json\/wp\/v2\/media\/213788"}],"wp:attachment":[{"href":"https:\/\/radioinfinitagoya.com.ar\/v1\/wp-json\/wp\/v2\/media?parent=213787"}],"wp:term":[{"taxonomy":"category","embeddable":true,"href":"https:\/\/radioinfinitagoya.com.ar\/v1\/wp-json\/wp\/v2\/categories?post=213787"},{"taxonomy":"post_tag","embeddable":true,"href":"https:\/\/radioinfinitagoya.com.ar\/v1\/wp-json\/wp\/v2\/tags?post=213787"}],"curies":[{"name":"wp","href":"https:\/\/api.w.org\/{rel}","templated":true}]}}