{"id":213790,"date":"2026-04-27T16:10:28","date_gmt":"2026-04-27T19:10:28","guid":{"rendered":"https:\/\/radioinfinitagoya.com.ar\/v1\/?p=213790"},"modified":"2026-04-27T16:10:28","modified_gmt":"2026-04-27T19:10:28","slug":"fentanilo-mortal-vuelve-a-declarar-furfaro-en-la-causa-vinculada-a-mas-de-100-muertes","status":"publish","type":"post","link":"https:\/\/radioinfinitagoya.com.ar\/v1\/2026\/04\/27\/fentanilo-mortal-vuelve-a-declarar-furfaro-en-la-causa-vinculada-a-mas-de-100-muertes\/","title":{"rendered":"Fentanilo mortal: vuelve a declarar Furfaro en la causa vinculada a m\u00e1s de 100 muertes"},"content":{"rendered":"<p>El expediente investiga la muerte de m\u00e1s de 114 personas por el consumo del opioide adulterado, hecho que la Justicia considera la \u201cpeor crisis sanitaria de la Argentina\u201d. La causa tiene 14 procesados y en esta nueva etapa el magistrado deber\u00e1 incorporar los nuevos casos confirmados luego de las pericias.<\/p>\n<p>Este lunes por la ma\u00f1ana, Ariel Garc\u00eda Furfaro, propietario de los laboratorios HLB Pharma y Ramallo S.A., volver\u00e1 a sentarse frente al juez Ernesto Kreplak para continuar con su declaraci\u00f3n indagatoria en la causa que investiga m\u00e1s de 100 muertes por fentanilo contaminado.<\/p>\n<p>La audiencia, que se realiza por videollamada, hab\u00eda comenzado el jueves 23 de abril, pero tras tres horas de exposici\u00f3n, el magistrado decidi\u00f3 un cuatro intermedio por problemas de conexi\u00f3n. Ahora, la expectativa est\u00e1 puesta en que la testimonial pueda completarse y aporte datos clave para avanzar en la investigaci\u00f3n.<\/p>\n<p>En su declaraci\u00f3n, Garc\u00eda Furfaro insisti\u00f3 en que fue v\u00edctima de un atentado y neg\u00f3 cualquier v\u00ednculo con la contaminaci\u00f3n de las ampollas. Seg\u00fan fuentes judiciales, el empresario replic\u00f3 los argumentos que ya hab\u00eda presentado en 2025, deslig\u00e1ndose de la presencia de bacterias en los lotes de fentanilo.<\/p>\n<p>La causa ya tiene 14 procesados que declararon ante el juez, y en esta nueva etapa, el magistrado deber\u00e1 incorporar los nuevos casos confirmados luego de las pericias.<\/p>\n<p>El expediente investiga la muerte de m\u00e1s de 114 personas por el consumo del opioide adulterado, un hecho que la Justicia considera la \u201cpeor crisis sanitaria de la Argentina\u201d.<\/p>\n<p>La continuidad de la declaraci\u00f3n de Garc\u00eda Furfaro ser\u00e1 determinante para intentar reconstruir c\u00f3mo se produjo la contaminaci\u00f3n y determinar responsabilidades.<\/p>\n<p>El juez Kreplak busca obtener informaci\u00f3n que permita avanzar en el esclarecimiento de los hechos y definir el futuro procesal de los involucrados.<\/p>\n<p>El procesamiento de Garc\u00eda Furfaro<br \/>\nGarc\u00eda Furfaro fue procesado en septiembre del a\u00f1o pasado junto a otros directivos en la causa que investiga la muerte de m\u00e1s de un centenar de pacientes tras recibir fentanilo contaminado. Adem\u00e1s le embargaron sus bienes por un bill\u00f3n de pesos.<\/p>\n<p>El due\u00f1o de Pharma fue considerado coautor penalmente responsable del delito de \u201cadulteraci\u00f3n de sustancias medicinales\u201d que provoc\u00f3 la muerte de por los menos 20 personas, \u201cen concurso real con el delito de adulteraci\u00f3n de sustancias medicinales de un modo peligroso para la salud, tambi\u00e9n en calidad de coautor\u201d.<\/p>\n<p>La madre de Furfaro, Nilda, obtuvo el beneficio de la prisi\u00f3n domiciliaria tras la solicitud de su defensa, mientras que los acusados enfrentar\u00e1n penas de hasta 25 a\u00f1os de c\u00e1rcel por homicidio agravado. A la mujer tambi\u00e9n le dictaron prisi\u00f3n preventiva, y le dispusieron un embargo de quinientos mil millones de pesos. A Diego Garc\u00eda Furfaro, hermano del empresario, tambi\u00e9n lo procesaron con prisi\u00f3n preventiva y lo embargaron por quinientos mil millones de pesos.<\/p>\n<p>La causa se sustenta en el art\u00edculo 201 bis del C\u00f3digo Penal, que establece penas de 10 a 25 a\u00f1os cuando el envenenamiento de sustancias alimenticias o medicinales provoca la muerte de personas.<\/p>\n<p>Garc\u00eda Furfaro ya contaba con antecedentes penales: en 2002 hab\u00eda sido condenado a siete a\u00f1os de prisi\u00f3n por tentativa de homicidio contra un empleado de su restaurante. Tras cumplir la pena, se volc\u00f3 a la industria farmac\u00e9utica y consolid\u00f3 varios laboratorios, entre ellos HLB Pharma Group, Ramallo S.A., Apolo, Alpharma S.A. y Droguer\u00eda ABC 1 S.A.<\/p>\n","protected":false},"excerpt":{"rendered":"<p>El expediente investiga la muerte de m\u00e1s de 114 personas por el consumo del opioide adulterado, hecho que la Justicia considera la \u201cpeor crisis sanitaria de la Argentina\u201d. La causa tiene 14 procesados y en esta nueva etapa el magistrado deber\u00e1 incorporar los nuevos casos confirmados luego de las pericias. Este lunes por la ma\u00f1ana, [&hellip;]<\/p>\n","protected":false},"author":4,"featured_media":213791,"comment_status":"open","ping_status":"open","sticky":false,"template":"","format":"standard","meta":{"_joinchat":[],"footnotes":""},"categories":[29],"tags":[],"class_list":{"0":"post-213790","1":"post","2":"type-post","3":"status-publish","4":"format-standard","5":"has-post-thumbnail","7":"category-nacionales"},"yoast_head":"<!-- This site is optimized with the Yoast SEO plugin v27.2 - https:\/\/yoast.com\/product\/yoast-seo-wordpress\/ -->\n<title>Fentanilo mortal: vuelve a declarar Furfaro en la causa vinculada a m\u00e1s de 100 muertes - Radio Infinita Goya<\/title>\n<meta name=\"description\" content=\"El expediente investiga la muerte de m\u00e1s de 114 personas por el consumo del opioide adulterado, hecho que la Justicia considera la \u201cpeor crisis sanitaria\" \/>\n<meta name=\"robots\" content=\"index, follow, max-snippet:-1, max-image-preview:large, max-video-preview:-1\" \/>\n<link rel=\"canonical\" href=\"https:\/\/radioinfinitagoya.com.ar\/v1\/2026\/04\/27\/fentanilo-mortal-vuelve-a-declarar-furfaro-en-la-causa-vinculada-a-mas-de-100-muertes\/\" \/>\n<meta property=\"og:locale\" content=\"es_ES\" \/>\n<meta property=\"og:type\" content=\"article\" \/>\n<meta property=\"og:title\" content=\"Fentanilo mortal: vuelve a declarar Furfaro en la causa vinculada a m\u00e1s de 100 muertes - Radio Infinita Goya\" \/>\n<meta property=\"og:description\" content=\"El expediente investiga la muerte de m\u00e1s de 114 personas por el consumo del opioide adulterado, hecho que la Justicia considera la \u201cpeor crisis sanitaria\" \/>\n<meta property=\"og:url\" content=\"https:\/\/radioinfinitagoya.com.ar\/v1\/2026\/04\/27\/fentanilo-mortal-vuelve-a-declarar-furfaro-en-la-causa-vinculada-a-mas-de-100-muertes\/\" \/>\n<meta property=\"og:site_name\" content=\"Radio Infinita Goya\" \/>\n<meta property=\"article:publisher\" content=\"https:\/\/www.facebook.com\/p\/Infinita-Goya-100063870918311\/\" \/>\n<meta property=\"article:published_time\" content=\"2026-04-27T19:10:28+00:00\" \/>\n<meta property=\"og:image\" content=\"https:\/\/radioinfinitagoya.com.ar\/v1\/wp-content\/uploads\/2026\/04\/bWc3e702.jpg\" \/>\n\t<meta property=\"og:image:width\" content=\"680\" \/>\n\t<meta property=\"og:image:height\" content=\"470\" \/>\n\t<meta property=\"og:image:type\" content=\"image\/jpeg\" \/>\n<meta name=\"author\" content=\"Jorge Mi\u00f1o\" \/>\n<meta name=\"twitter:card\" content=\"summary_large_image\" \/>\n<meta name=\"twitter:label1\" content=\"Escrito por\" \/>\n\t<meta name=\"twitter:data1\" content=\"Jorge Mi\u00f1o\" \/>\n\t<meta name=\"twitter:label2\" content=\"Tiempo de lectura\" \/>\n\t<meta name=\"twitter:data2\" content=\"3 minutos\" \/>\n<script type=\"application\/ld+json\" class=\"yoast-schema-graph\">{\"@context\":\"https:\/\/schema.org\",\"@graph\":[{\"@type\":\"Article\",\"@id\":\"https:\/\/radioinfinitagoya.com.ar\/v1\/2026\/04\/27\/fentanilo-mortal-vuelve-a-declarar-furfaro-en-la-causa-vinculada-a-mas-de-100-muertes\/#article\",\"isPartOf\":{\"@id\":\"https:\/\/radioinfinitagoya.com.ar\/v1\/2026\/04\/27\/fentanilo-mortal-vuelve-a-declarar-furfaro-en-la-causa-vinculada-a-mas-de-100-muertes\/\"},\"author\":{\"name\":\"Jorge Mi\u00f1o\",\"@id\":\"https:\/\/radioinfinitagoya.com.ar\/v1\/#\/schema\/person\/d4cf9c413d4f6edb24aabdccab49ca4a\"},\"headline\":\"Fentanilo mortal: vuelve a declarar Furfaro en la causa vinculada a m\u00e1s de 100 muertes\",\"datePublished\":\"2026-04-27T19:10:28+00:00\",\"mainEntityOfPage\":{\"@id\":\"https:\/\/radioinfinitagoya.com.ar\/v1\/2026\/04\/27\/fentanilo-mortal-vuelve-a-declarar-furfaro-en-la-causa-vinculada-a-mas-de-100-muertes\/\"},\"wordCount\":606,\"commentCount\":0,\"publisher\":{\"@id\":\"https:\/\/radioinfinitagoya.com.ar\/v1\/#organization\"},\"image\":{\"@id\":\"https:\/\/radioinfinitagoya.com.ar\/v1\/2026\/04\/27\/fentanilo-mortal-vuelve-a-declarar-furfaro-en-la-causa-vinculada-a-mas-de-100-muertes\/#primaryimage\"},\"thumbnailUrl\":\"https:\/\/radioinfinitagoya.com.ar\/v1\/wp-content\/uploads\/2026\/04\/bWc3e702.jpg\",\"articleSection\":[\"NACIONALES\"],\"inLanguage\":\"es-AR\",\"potentialAction\":[{\"@type\":\"CommentAction\",\"name\":\"Comment\",\"target\":[\"https:\/\/radioinfinitagoya.com.ar\/v1\/2026\/04\/27\/fentanilo-mortal-vuelve-a-declarar-furfaro-en-la-causa-vinculada-a-mas-de-100-muertes\/#respond\"]}]},{\"@type\":\"WebPage\",\"@id\":\"https:\/\/radioinfinitagoya.com.ar\/v1\/2026\/04\/27\/fentanilo-mortal-vuelve-a-declarar-furfaro-en-la-causa-vinculada-a-mas-de-100-muertes\/\",\"url\":\"https:\/\/radioinfinitagoya.com.ar\/v1\/2026\/04\/27\/fentanilo-mortal-vuelve-a-declarar-furfaro-en-la-causa-vinculada-a-mas-de-100-muertes\/\",\"name\":\"Fentanilo mortal: vuelve a declarar Furfaro en la causa vinculada a m\u00e1s de 100 muertes - Radio Infinita Goya\",\"isPartOf\":{\"@id\":\"https:\/\/radioinfinitagoya.com.ar\/v1\/#website\"},\"primaryImageOfPage\":{\"@id\":\"https:\/\/radioinfinitagoya.com.ar\/v1\/2026\/04\/27\/fentanilo-mortal-vuelve-a-declarar-furfaro-en-la-causa-vinculada-a-mas-de-100-muertes\/#primaryimage\"},\"image\":{\"@id\":\"https:\/\/radioinfinitagoya.com.ar\/v1\/2026\/04\/27\/fentanilo-mortal-vuelve-a-declarar-furfaro-en-la-causa-vinculada-a-mas-de-100-muertes\/#primaryimage\"},\"thumbnailUrl\":\"https:\/\/radioinfinitagoya.com.ar\/v1\/wp-content\/uploads\/2026\/04\/bWc3e702.jpg\",\"datePublished\":\"2026-04-27T19:10:28+00:00\",\"description\":\"El expediente investiga la muerte de m\u00e1s de 114 personas por el consumo del opioide adulterado, hecho que la Justicia considera la \u201cpeor crisis sanitaria\",\"breadcrumb\":{\"@id\":\"https:\/\/radioinfinitagoya.com.ar\/v1\/2026\/04\/27\/fentanilo-mortal-vuelve-a-declarar-furfaro-en-la-causa-vinculada-a-mas-de-100-muertes\/#breadcrumb\"},\"inLanguage\":\"es-AR\",\"potentialAction\":[{\"@type\":\"ReadAction\",\"target\":[\"https:\/\/radioinfinitagoya.com.ar\/v1\/2026\/04\/27\/fentanilo-mortal-vuelve-a-declarar-furfaro-en-la-causa-vinculada-a-mas-de-100-muertes\/\"]}]},{\"@type\":\"ImageObject\",\"inLanguage\":\"es-AR\",\"@id\":\"https:\/\/radioinfinitagoya.com.ar\/v1\/2026\/04\/27\/fentanilo-mortal-vuelve-a-declarar-furfaro-en-la-causa-vinculada-a-mas-de-100-muertes\/#primaryimage\",\"url\":\"https:\/\/radioinfinitagoya.com.ar\/v1\/wp-content\/uploads\/2026\/04\/bWc3e702.jpg\",\"contentUrl\":\"https:\/\/radioinfinitagoya.com.ar\/v1\/wp-content\/uploads\/2026\/04\/bWc3e702.jpg\",\"width\":680,\"height\":470},{\"@type\":\"BreadcrumbList\",\"@id\":\"https:\/\/radioinfinitagoya.com.ar\/v1\/2026\/04\/27\/fentanilo-mortal-vuelve-a-declarar-furfaro-en-la-causa-vinculada-a-mas-de-100-muertes\/#breadcrumb\",\"itemListElement\":[{\"@type\":\"ListItem\",\"position\":1,\"name\":\"Inicio\",\"item\":\"https:\/\/radioinfinitagoya.com.ar\/v1\/\"},{\"@type\":\"ListItem\",\"position\":2,\"name\":\"Fentanilo mortal: vuelve a declarar Furfaro en la causa vinculada a m\u00e1s de 100 muertes\"}]},{\"@type\":\"WebSite\",\"@id\":\"https:\/\/radioinfinitagoya.com.ar\/v1\/#website\",\"url\":\"https:\/\/radioinfinitagoya.com.ar\/v1\/\",\"name\":\"radioinfinitagoya.com.ar\",\"description\":\"Radio de noticias\",\"publisher\":{\"@id\":\"https:\/\/radioinfinitagoya.com.ar\/v1\/#organization\"},\"potentialAction\":[{\"@type\":\"SearchAction\",\"target\":{\"@type\":\"EntryPoint\",\"urlTemplate\":\"https:\/\/radioinfinitagoya.com.ar\/v1\/?s={search_term_string}\"},\"query-input\":{\"@type\":\"PropertyValueSpecification\",\"valueRequired\":true,\"valueName\":\"search_term_string\"}}],\"inLanguage\":\"es-AR\"},{\"@type\":\"Organization\",\"@id\":\"https:\/\/radioinfinitagoya.com.ar\/v1\/#organization\",\"name\":\"Radio Infinita Goya\",\"url\":\"https:\/\/radioinfinitagoya.com.ar\/v1\/\",\"logo\":{\"@type\":\"ImageObject\",\"inLanguage\":\"es-AR\",\"@id\":\"https:\/\/radioinfinitagoya.com.ar\/v1\/#\/schema\/logo\/image\/\",\"url\":\"https:\/\/radioinfinitagoya.com.ar\/v1\/wp-content\/uploads\/2019\/11\/logo-pie-web.png\",\"contentUrl\":\"https:\/\/radioinfinitagoya.com.ar\/v1\/wp-content\/uploads\/2019\/11\/logo-pie-web.png\",\"width\":635,\"height\":326,\"caption\":\"Radio Infinita Goya\"},\"image\":{\"@id\":\"https:\/\/radioinfinitagoya.com.ar\/v1\/#\/schema\/logo\/image\/\"},\"sameAs\":[\"https:\/\/www.facebook.com\/p\/Infinita-Goya-100063870918311\/\"]},{\"@type\":\"Person\",\"@id\":\"https:\/\/radioinfinitagoya.com.ar\/v1\/#\/schema\/person\/d4cf9c413d4f6edb24aabdccab49ca4a\",\"name\":\"Jorge Mi\u00f1o\",\"image\":{\"@type\":\"ImageObject\",\"inLanguage\":\"es-AR\",\"@id\":\"https:\/\/secure.gravatar.com\/avatar\/910fcf6728fe95320e07a6643c1581fec1c7fc4bf8ae12e3d8f0d0373dc844be?s=96&d=mm&r=g\",\"url\":\"https:\/\/secure.gravatar.com\/avatar\/910fcf6728fe95320e07a6643c1581fec1c7fc4bf8ae12e3d8f0d0373dc844be?s=96&d=mm&r=g\",\"contentUrl\":\"https:\/\/secure.gravatar.com\/avatar\/910fcf6728fe95320e07a6643c1581fec1c7fc4bf8ae12e3d8f0d0373dc844be?s=96&d=mm&r=g\",\"caption\":\"Jorge Mi\u00f1o\"},\"sameAs\":[\"http:\/\/radioinfinitagoya.com.ar\"]}]}<\/script>\n<!-- \/ Yoast SEO plugin. -->","yoast_head_json":{"title":"Fentanilo mortal: vuelve a declarar Furfaro en la causa vinculada a m\u00e1s de 100 muertes - Radio Infinita Goya","description":"El expediente investiga la muerte de m\u00e1s de 114 personas por el consumo del opioide adulterado, hecho que la Justicia considera la \u201cpeor crisis sanitaria","robots":{"index":"index","follow":"follow","max-snippet":"max-snippet:-1","max-image-preview":"max-image-preview:large","max-video-preview":"max-video-preview:-1"},"canonical":"https:\/\/radioinfinitagoya.com.ar\/v1\/2026\/04\/27\/fentanilo-mortal-vuelve-a-declarar-furfaro-en-la-causa-vinculada-a-mas-de-100-muertes\/","og_locale":"es_ES","og_type":"article","og_title":"Fentanilo mortal: vuelve a declarar Furfaro en la causa vinculada a m\u00e1s de 100 muertes - Radio Infinita Goya","og_description":"El expediente investiga la muerte de m\u00e1s de 114 personas por el consumo del opioide adulterado, hecho que la Justicia considera la \u201cpeor crisis sanitaria","og_url":"https:\/\/radioinfinitagoya.com.ar\/v1\/2026\/04\/27\/fentanilo-mortal-vuelve-a-declarar-furfaro-en-la-causa-vinculada-a-mas-de-100-muertes\/","og_site_name":"Radio Infinita Goya","article_publisher":"https:\/\/www.facebook.com\/p\/Infinita-Goya-100063870918311\/","article_published_time":"2026-04-27T19:10:28+00:00","og_image":[{"width":680,"height":470,"url":"https:\/\/radioinfinitagoya.com.ar\/v1\/wp-content\/uploads\/2026\/04\/bWc3e702.jpg","type":"image\/jpeg"}],"author":"Jorge Mi\u00f1o","twitter_card":"summary_large_image","twitter_misc":{"Escrito por":"Jorge Mi\u00f1o","Tiempo de lectura":"3 minutos"},"schema":{"@context":"https:\/\/schema.org","@graph":[{"@type":"Article","@id":"https:\/\/radioinfinitagoya.com.ar\/v1\/2026\/04\/27\/fentanilo-mortal-vuelve-a-declarar-furfaro-en-la-causa-vinculada-a-mas-de-100-muertes\/#article","isPartOf":{"@id":"https:\/\/radioinfinitagoya.com.ar\/v1\/2026\/04\/27\/fentanilo-mortal-vuelve-a-declarar-furfaro-en-la-causa-vinculada-a-mas-de-100-muertes\/"},"author":{"name":"Jorge Mi\u00f1o","@id":"https:\/\/radioinfinitagoya.com.ar\/v1\/#\/schema\/person\/d4cf9c413d4f6edb24aabdccab49ca4a"},"headline":"Fentanilo mortal: vuelve a declarar Furfaro en la causa vinculada a m\u00e1s de 100 muertes","datePublished":"2026-04-27T19:10:28+00:00","mainEntityOfPage":{"@id":"https:\/\/radioinfinitagoya.com.ar\/v1\/2026\/04\/27\/fentanilo-mortal-vuelve-a-declarar-furfaro-en-la-causa-vinculada-a-mas-de-100-muertes\/"},"wordCount":606,"commentCount":0,"publisher":{"@id":"https:\/\/radioinfinitagoya.com.ar\/v1\/#organization"},"image":{"@id":"https:\/\/radioinfinitagoya.com.ar\/v1\/2026\/04\/27\/fentanilo-mortal-vuelve-a-declarar-furfaro-en-la-causa-vinculada-a-mas-de-100-muertes\/#primaryimage"},"thumbnailUrl":"https:\/\/radioinfinitagoya.com.ar\/v1\/wp-content\/uploads\/2026\/04\/bWc3e702.jpg","articleSection":["NACIONALES"],"inLanguage":"es-AR","potentialAction":[{"@type":"CommentAction","name":"Comment","target":["https:\/\/radioinfinitagoya.com.ar\/v1\/2026\/04\/27\/fentanilo-mortal-vuelve-a-declarar-furfaro-en-la-causa-vinculada-a-mas-de-100-muertes\/#respond"]}]},{"@type":"WebPage","@id":"https:\/\/radioinfinitagoya.com.ar\/v1\/2026\/04\/27\/fentanilo-mortal-vuelve-a-declarar-furfaro-en-la-causa-vinculada-a-mas-de-100-muertes\/","url":"https:\/\/radioinfinitagoya.com.ar\/v1\/2026\/04\/27\/fentanilo-mortal-vuelve-a-declarar-furfaro-en-la-causa-vinculada-a-mas-de-100-muertes\/","name":"Fentanilo mortal: vuelve a declarar Furfaro en la causa vinculada a m\u00e1s de 100 muertes - Radio Infinita Goya","isPartOf":{"@id":"https:\/\/radioinfinitagoya.com.ar\/v1\/#website"},"primaryImageOfPage":{"@id":"https:\/\/radioinfinitagoya.com.ar\/v1\/2026\/04\/27\/fentanilo-mortal-vuelve-a-declarar-furfaro-en-la-causa-vinculada-a-mas-de-100-muertes\/#primaryimage"},"image":{"@id":"https:\/\/radioinfinitagoya.com.ar\/v1\/2026\/04\/27\/fentanilo-mortal-vuelve-a-declarar-furfaro-en-la-causa-vinculada-a-mas-de-100-muertes\/#primaryimage"},"thumbnailUrl":"https:\/\/radioinfinitagoya.com.ar\/v1\/wp-content\/uploads\/2026\/04\/bWc3e702.jpg","datePublished":"2026-04-27T19:10:28+00:00","description":"El expediente investiga la muerte de m\u00e1s de 114 personas por el consumo del opioide adulterado, hecho que la Justicia considera la \u201cpeor crisis sanitaria","breadcrumb":{"@id":"https:\/\/radioinfinitagoya.com.ar\/v1\/2026\/04\/27\/fentanilo-mortal-vuelve-a-declarar-furfaro-en-la-causa-vinculada-a-mas-de-100-muertes\/#breadcrumb"},"inLanguage":"es-AR","potentialAction":[{"@type":"ReadAction","target":["https:\/\/radioinfinitagoya.com.ar\/v1\/2026\/04\/27\/fentanilo-mortal-vuelve-a-declarar-furfaro-en-la-causa-vinculada-a-mas-de-100-muertes\/"]}]},{"@type":"ImageObject","inLanguage":"es-AR","@id":"https:\/\/radioinfinitagoya.com.ar\/v1\/2026\/04\/27\/fentanilo-mortal-vuelve-a-declarar-furfaro-en-la-causa-vinculada-a-mas-de-100-muertes\/#primaryimage","url":"https:\/\/radioinfinitagoya.com.ar\/v1\/wp-content\/uploads\/2026\/04\/bWc3e702.jpg","contentUrl":"https:\/\/radioinfinitagoya.com.ar\/v1\/wp-content\/uploads\/2026\/04\/bWc3e702.jpg","width":680,"height":470},{"@type":"BreadcrumbList","@id":"https:\/\/radioinfinitagoya.com.ar\/v1\/2026\/04\/27\/fentanilo-mortal-vuelve-a-declarar-furfaro-en-la-causa-vinculada-a-mas-de-100-muertes\/#breadcrumb","itemListElement":[{"@type":"ListItem","position":1,"name":"Inicio","item":"https:\/\/radioinfinitagoya.com.ar\/v1\/"},{"@type":"ListItem","position":2,"name":"Fentanilo mortal: vuelve a declarar Furfaro en la causa vinculada a m\u00e1s de 100 muertes"}]},{"@type":"WebSite","@id":"https:\/\/radioinfinitagoya.com.ar\/v1\/#website","url":"https:\/\/radioinfinitagoya.com.ar\/v1\/","name":"radioinfinitagoya.com.ar","description":"Radio de noticias","publisher":{"@id":"https:\/\/radioinfinitagoya.com.ar\/v1\/#organization"},"potentialAction":[{"@type":"SearchAction","target":{"@type":"EntryPoint","urlTemplate":"https:\/\/radioinfinitagoya.com.ar\/v1\/?s={search_term_string}"},"query-input":{"@type":"PropertyValueSpecification","valueRequired":true,"valueName":"search_term_string"}}],"inLanguage":"es-AR"},{"@type":"Organization","@id":"https:\/\/radioinfinitagoya.com.ar\/v1\/#organization","name":"Radio Infinita Goya","url":"https:\/\/radioinfinitagoya.com.ar\/v1\/","logo":{"@type":"ImageObject","inLanguage":"es-AR","@id":"https:\/\/radioinfinitagoya.com.ar\/v1\/#\/schema\/logo\/image\/","url":"https:\/\/radioinfinitagoya.com.ar\/v1\/wp-content\/uploads\/2019\/11\/logo-pie-web.png","contentUrl":"https:\/\/radioinfinitagoya.com.ar\/v1\/wp-content\/uploads\/2019\/11\/logo-pie-web.png","width":635,"height":326,"caption":"Radio Infinita Goya"},"image":{"@id":"https:\/\/radioinfinitagoya.com.ar\/v1\/#\/schema\/logo\/image\/"},"sameAs":["https:\/\/www.facebook.com\/p\/Infinita-Goya-100063870918311\/"]},{"@type":"Person","@id":"https:\/\/radioinfinitagoya.com.ar\/v1\/#\/schema\/person\/d4cf9c413d4f6edb24aabdccab49ca4a","name":"Jorge Mi\u00f1o","image":{"@type":"ImageObject","inLanguage":"es-AR","@id":"https:\/\/secure.gravatar.com\/avatar\/910fcf6728fe95320e07a6643c1581fec1c7fc4bf8ae12e3d8f0d0373dc844be?s=96&d=mm&r=g","url":"https:\/\/secure.gravatar.com\/avatar\/910fcf6728fe95320e07a6643c1581fec1c7fc4bf8ae12e3d8f0d0373dc844be?s=96&d=mm&r=g","contentUrl":"https:\/\/secure.gravatar.com\/avatar\/910fcf6728fe95320e07a6643c1581fec1c7fc4bf8ae12e3d8f0d0373dc844be?s=96&d=mm&r=g","caption":"Jorge Mi\u00f1o"},"sameAs":["http:\/\/radioinfinitagoya.com.ar"]}]}},"_links":{"self":[{"href":"https:\/\/radioinfinitagoya.com.ar\/v1\/wp-json\/wp\/v2\/posts\/213790","targetHints":{"allow":["GET"]}}],"collection":[{"href":"https:\/\/radioinfinitagoya.com.ar\/v1\/wp-json\/wp\/v2\/posts"}],"about":[{"href":"https:\/\/radioinfinitagoya.com.ar\/v1\/wp-json\/wp\/v2\/types\/post"}],"author":[{"embeddable":true,"href":"https:\/\/radioinfinitagoya.com.ar\/v1\/wp-json\/wp\/v2\/users\/4"}],"replies":[{"embeddable":true,"href":"https:\/\/radioinfinitagoya.com.ar\/v1\/wp-json\/wp\/v2\/comments?post=213790"}],"version-history":[{"count":1,"href":"https:\/\/radioinfinitagoya.com.ar\/v1\/wp-json\/wp\/v2\/posts\/213790\/revisions"}],"predecessor-version":[{"id":213792,"href":"https:\/\/radioinfinitagoya.com.ar\/v1\/wp-json\/wp\/v2\/posts\/213790\/revisions\/213792"}],"wp:featuredmedia":[{"embeddable":true,"href":"https:\/\/radioinfinitagoya.com.ar\/v1\/wp-json\/wp\/v2\/media\/213791"}],"wp:attachment":[{"href":"https:\/\/radioinfinitagoya.com.ar\/v1\/wp-json\/wp\/v2\/media?parent=213790"}],"wp:term":[{"taxonomy":"category","embeddable":true,"href":"https:\/\/radioinfinitagoya.com.ar\/v1\/wp-json\/wp\/v2\/categories?post=213790"},{"taxonomy":"post_tag","embeddable":true,"href":"https:\/\/radioinfinitagoya.com.ar\/v1\/wp-json\/wp\/v2\/tags?post=213790"}],"curies":[{"name":"wp","href":"https:\/\/api.w.org\/{rel}","templated":true}]}}