{"id":213793,"date":"2026-04-27T16:13:49","date_gmt":"2026-04-27T19:13:49","guid":{"rendered":"https:\/\/radioinfinitagoya.com.ar\/v1\/?p=213793"},"modified":"2026-04-27T16:13:49","modified_gmt":"2026-04-27T19:13:49","slug":"reforma-laboral-la-cgt-pidio-que-se-aparte-a-quienes-reestablecieron-la-nueva-ley","status":"publish","type":"post","link":"https:\/\/radioinfinitagoya.com.ar\/v1\/2026\/04\/27\/reforma-laboral-la-cgt-pidio-que-se-aparte-a-quienes-reestablecieron-la-nueva-ley\/","title":{"rendered":"Reforma laboral: la CGT pidi\u00f3 que se aparte a quienes reestablecieron la nueva Ley"},"content":{"rendered":"<p>Esto ocurre luego que el tribunal de apelaciones restableciera la vigencia de 83 art\u00edculos que hab\u00edan sido frenados por el juez Ra\u00fal Ojeda.<\/p>\n<p>La CGT pidi\u00f3 apartar a los camaristas del fuero laboral que suspendieron la medida cautelar que fren\u00f3 gran parte de los art\u00edculos de la reforma laboral. Tambi\u00e9n pidi\u00f3 la nulidad de la resoluci\u00f3n de la C\u00e1mara de Apelaciones del Trabajo que restableci\u00f3 la vigencia de la nueva ley.<\/p>\n<p>El organismo recus\u00f3 a los jueces de la Sala VIII del tribunal, Mar\u00eda Dora Gonz\u00e1lez y V\u00edctor Arturo Pesino, en el expediente originado en la presentaci\u00f3n de la CGT contra el Estado Nacional.<\/p>\n<p>La C\u00e1mara Nacional de Apelaciones del Trabajo resolvi\u00f3 la semana pasada modificar el efecto concedido al recurso de apelaci\u00f3n presentado por el Estado nacional en la causa en la que la CGT pidi\u00f3 la inconstitucionalidad de la reforma. As\u00ed el tribunal de apelaciones restableci\u00f3 la vigencia de 83 art\u00edculos que hab\u00edan sido frenados por el juez Ra\u00fal Ojeda.<\/p>\n<p>El camarista Pesino recibi\u00f3 el viernes una buena noticia: el Gobierno public\u00f3 en el Bolet\u00edn Oficial el inicio del tr\u00e1mite para extender la permanencia del camarista que estaba a punto de cumplir 75 a\u00f1os, por cinco a\u00f1os m\u00e1s. En otro escrito, la CGT pidi\u00f3 la nulidad de la resoluci\u00f3n de la C\u00e1mara.<\/p>\n<p>El tr\u00e1mite del expediente<\/p>\n<p>El Estado hab\u00eda apelado la decisi\u00f3n del juez Ojeda que suspendi\u00f3 la aplicaci\u00f3n de 83 art\u00edculos de la reforma. El recurso fue concedido el 7 de abril \u201cen relaci\u00f3n y con efecto devolutivo\u201d, lo que implicaba que la cautelar segu\u00eda vigente durante la tramitaci\u00f3n de la apelaci\u00f3n.<\/p>\n<p>Frente a ello, el Estado interpuso la queja para que se modificara el efecto del recurso y se le otorgara car\u00e1cter suspensivo, a lo que accedi\u00f3 la C\u00e1mara.<\/p>\n<p>La Sala VIII hizo lugar a ese planteo y fund\u00f3 su decisi\u00f3n en el art\u00edculo 13, inciso 3, de la Ley 26.854, que regula las medidas cautelares contra el Estado.<\/p>\n<p>Esa norma establece que cuando una cautelar suspende, total o parcialmente, los efectos de una disposici\u00f3n legal, la apelaci\u00f3n debe concederse con efecto suspensivo, salvo que se verifiquen supuestos excepcionales.<\/p>\n<p>Los jueces sostuvieron que, prima facie, en el caso no se encontraban configuradas esas excepciones.<\/p>\n<p>&nbsp;<\/p>\n","protected":false},"excerpt":{"rendered":"<p>Esto ocurre luego que el tribunal de apelaciones restableciera la vigencia de 83 art\u00edculos que hab\u00edan sido frenados por el juez Ra\u00fal Ojeda. La CGT pidi\u00f3 apartar a los camaristas del fuero laboral que suspendieron la medida cautelar que fren\u00f3 gran parte de los art\u00edculos de la reforma laboral. Tambi\u00e9n pidi\u00f3 la nulidad de la [&hellip;]<\/p>\n","protected":false},"author":4,"featured_media":213794,"comment_status":"open","ping_status":"open","sticky":false,"template":"","format":"standard","meta":{"_joinchat":[],"footnotes":""},"categories":[29],"tags":[],"class_list":{"0":"post-213793","1":"post","2":"type-post","3":"status-publish","4":"format-standard","5":"has-post-thumbnail","7":"category-nacionales"},"yoast_head":"<!-- This site is optimized with the Yoast SEO plugin v27.2 - https:\/\/yoast.com\/product\/yoast-seo-wordpress\/ -->\n<title>Reforma laboral: la CGT pidi\u00f3 que se aparte a quienes reestablecieron la nueva Ley - Radio Infinita Goya<\/title>\n<meta name=\"description\" content=\"Esto ocurre luego que el tribunal de apelaciones restableciera la vigencia de 83 art\u00edculos que hab\u00edan sido frenados por el juez Ra\u00fal Ojeda. La CGT pidi\u00f3\" \/>\n<meta name=\"robots\" content=\"index, follow, max-snippet:-1, max-image-preview:large, max-video-preview:-1\" \/>\n<link rel=\"canonical\" href=\"https:\/\/radioinfinitagoya.com.ar\/v1\/2026\/04\/27\/reforma-laboral-la-cgt-pidio-que-se-aparte-a-quienes-reestablecieron-la-nueva-ley\/\" \/>\n<meta property=\"og:locale\" content=\"es_ES\" \/>\n<meta property=\"og:type\" content=\"article\" \/>\n<meta property=\"og:title\" content=\"Reforma laboral: la CGT pidi\u00f3 que se aparte a quienes reestablecieron la nueva Ley - Radio Infinita Goya\" \/>\n<meta property=\"og:description\" content=\"Esto ocurre luego que el tribunal de apelaciones restableciera la vigencia de 83 art\u00edculos que hab\u00edan sido frenados por el juez Ra\u00fal Ojeda. La CGT pidi\u00f3\" \/>\n<meta property=\"og:url\" content=\"https:\/\/radioinfinitagoya.com.ar\/v1\/2026\/04\/27\/reforma-laboral-la-cgt-pidio-que-se-aparte-a-quienes-reestablecieron-la-nueva-ley\/\" \/>\n<meta property=\"og:site_name\" content=\"Radio Infinita Goya\" \/>\n<meta property=\"article:publisher\" content=\"https:\/\/www.facebook.com\/p\/Infinita-Goya-100063870918311\/\" \/>\n<meta property=\"article:published_time\" content=\"2026-04-27T19:13:49+00:00\" \/>\n<meta property=\"og:image\" content=\"https:\/\/radioinfinitagoya.com.ar\/v1\/wp-content\/uploads\/2026\/04\/MZQ0VGOI.jpg\" \/>\n\t<meta property=\"og:image:width\" content=\"680\" \/>\n\t<meta property=\"og:image:height\" content=\"383\" \/>\n\t<meta property=\"og:image:type\" content=\"image\/jpeg\" \/>\n<meta name=\"author\" content=\"Jorge Mi\u00f1o\" \/>\n<meta name=\"twitter:card\" content=\"summary_large_image\" \/>\n<meta name=\"twitter:label1\" content=\"Escrito por\" \/>\n\t<meta name=\"twitter:data1\" content=\"Jorge Mi\u00f1o\" \/>\n\t<meta name=\"twitter:label2\" content=\"Tiempo de lectura\" \/>\n\t<meta name=\"twitter:data2\" content=\"2 minutos\" \/>\n<script type=\"application\/ld+json\" class=\"yoast-schema-graph\">{\"@context\":\"https:\/\/schema.org\",\"@graph\":[{\"@type\":\"Article\",\"@id\":\"https:\/\/radioinfinitagoya.com.ar\/v1\/2026\/04\/27\/reforma-laboral-la-cgt-pidio-que-se-aparte-a-quienes-reestablecieron-la-nueva-ley\/#article\",\"isPartOf\":{\"@id\":\"https:\/\/radioinfinitagoya.com.ar\/v1\/2026\/04\/27\/reforma-laboral-la-cgt-pidio-que-se-aparte-a-quienes-reestablecieron-la-nueva-ley\/\"},\"author\":{\"name\":\"Jorge Mi\u00f1o\",\"@id\":\"https:\/\/radioinfinitagoya.com.ar\/v1\/#\/schema\/person\/d4cf9c413d4f6edb24aabdccab49ca4a\"},\"headline\":\"Reforma laboral: la CGT pidi\u00f3 que se aparte a quienes reestablecieron la nueva Ley\",\"datePublished\":\"2026-04-27T19:13:49+00:00\",\"mainEntityOfPage\":{\"@id\":\"https:\/\/radioinfinitagoya.com.ar\/v1\/2026\/04\/27\/reforma-laboral-la-cgt-pidio-que-se-aparte-a-quienes-reestablecieron-la-nueva-ley\/\"},\"wordCount\":413,\"commentCount\":0,\"publisher\":{\"@id\":\"https:\/\/radioinfinitagoya.com.ar\/v1\/#organization\"},\"image\":{\"@id\":\"https:\/\/radioinfinitagoya.com.ar\/v1\/2026\/04\/27\/reforma-laboral-la-cgt-pidio-que-se-aparte-a-quienes-reestablecieron-la-nueva-ley\/#primaryimage\"},\"thumbnailUrl\":\"https:\/\/radioinfinitagoya.com.ar\/v1\/wp-content\/uploads\/2026\/04\/MZQ0VGOI.jpg\",\"articleSection\":[\"NACIONALES\"],\"inLanguage\":\"es-AR\",\"potentialAction\":[{\"@type\":\"CommentAction\",\"name\":\"Comment\",\"target\":[\"https:\/\/radioinfinitagoya.com.ar\/v1\/2026\/04\/27\/reforma-laboral-la-cgt-pidio-que-se-aparte-a-quienes-reestablecieron-la-nueva-ley\/#respond\"]}]},{\"@type\":\"WebPage\",\"@id\":\"https:\/\/radioinfinitagoya.com.ar\/v1\/2026\/04\/27\/reforma-laboral-la-cgt-pidio-que-se-aparte-a-quienes-reestablecieron-la-nueva-ley\/\",\"url\":\"https:\/\/radioinfinitagoya.com.ar\/v1\/2026\/04\/27\/reforma-laboral-la-cgt-pidio-que-se-aparte-a-quienes-reestablecieron-la-nueva-ley\/\",\"name\":\"Reforma laboral: la CGT pidi\u00f3 que se aparte a quienes reestablecieron la nueva Ley - Radio Infinita Goya\",\"isPartOf\":{\"@id\":\"https:\/\/radioinfinitagoya.com.ar\/v1\/#website\"},\"primaryImageOfPage\":{\"@id\":\"https:\/\/radioinfinitagoya.com.ar\/v1\/2026\/04\/27\/reforma-laboral-la-cgt-pidio-que-se-aparte-a-quienes-reestablecieron-la-nueva-ley\/#primaryimage\"},\"image\":{\"@id\":\"https:\/\/radioinfinitagoya.com.ar\/v1\/2026\/04\/27\/reforma-laboral-la-cgt-pidio-que-se-aparte-a-quienes-reestablecieron-la-nueva-ley\/#primaryimage\"},\"thumbnailUrl\":\"https:\/\/radioinfinitagoya.com.ar\/v1\/wp-content\/uploads\/2026\/04\/MZQ0VGOI.jpg\",\"datePublished\":\"2026-04-27T19:13:49+00:00\",\"description\":\"Esto ocurre luego que el tribunal de apelaciones restableciera la vigencia de 83 art\u00edculos que hab\u00edan sido frenados por el juez Ra\u00fal Ojeda. La CGT pidi\u00f3\",\"breadcrumb\":{\"@id\":\"https:\/\/radioinfinitagoya.com.ar\/v1\/2026\/04\/27\/reforma-laboral-la-cgt-pidio-que-se-aparte-a-quienes-reestablecieron-la-nueva-ley\/#breadcrumb\"},\"inLanguage\":\"es-AR\",\"potentialAction\":[{\"@type\":\"ReadAction\",\"target\":[\"https:\/\/radioinfinitagoya.com.ar\/v1\/2026\/04\/27\/reforma-laboral-la-cgt-pidio-que-se-aparte-a-quienes-reestablecieron-la-nueva-ley\/\"]}]},{\"@type\":\"ImageObject\",\"inLanguage\":\"es-AR\",\"@id\":\"https:\/\/radioinfinitagoya.com.ar\/v1\/2026\/04\/27\/reforma-laboral-la-cgt-pidio-que-se-aparte-a-quienes-reestablecieron-la-nueva-ley\/#primaryimage\",\"url\":\"https:\/\/radioinfinitagoya.com.ar\/v1\/wp-content\/uploads\/2026\/04\/MZQ0VGOI.jpg\",\"contentUrl\":\"https:\/\/radioinfinitagoya.com.ar\/v1\/wp-content\/uploads\/2026\/04\/MZQ0VGOI.jpg\",\"width\":680,\"height\":383},{\"@type\":\"BreadcrumbList\",\"@id\":\"https:\/\/radioinfinitagoya.com.ar\/v1\/2026\/04\/27\/reforma-laboral-la-cgt-pidio-que-se-aparte-a-quienes-reestablecieron-la-nueva-ley\/#breadcrumb\",\"itemListElement\":[{\"@type\":\"ListItem\",\"position\":1,\"name\":\"Inicio\",\"item\":\"https:\/\/radioinfinitagoya.com.ar\/v1\/\"},{\"@type\":\"ListItem\",\"position\":2,\"name\":\"Reforma laboral: la CGT pidi\u00f3 que se aparte a quienes reestablecieron la nueva Ley\"}]},{\"@type\":\"WebSite\",\"@id\":\"https:\/\/radioinfinitagoya.com.ar\/v1\/#website\",\"url\":\"https:\/\/radioinfinitagoya.com.ar\/v1\/\",\"name\":\"radioinfinitagoya.com.ar\",\"description\":\"Radio de noticias\",\"publisher\":{\"@id\":\"https:\/\/radioinfinitagoya.com.ar\/v1\/#organization\"},\"potentialAction\":[{\"@type\":\"SearchAction\",\"target\":{\"@type\":\"EntryPoint\",\"urlTemplate\":\"https:\/\/radioinfinitagoya.com.ar\/v1\/?s={search_term_string}\"},\"query-input\":{\"@type\":\"PropertyValueSpecification\",\"valueRequired\":true,\"valueName\":\"search_term_string\"}}],\"inLanguage\":\"es-AR\"},{\"@type\":\"Organization\",\"@id\":\"https:\/\/radioinfinitagoya.com.ar\/v1\/#organization\",\"name\":\"Radio Infinita Goya\",\"url\":\"https:\/\/radioinfinitagoya.com.ar\/v1\/\",\"logo\":{\"@type\":\"ImageObject\",\"inLanguage\":\"es-AR\",\"@id\":\"https:\/\/radioinfinitagoya.com.ar\/v1\/#\/schema\/logo\/image\/\",\"url\":\"https:\/\/radioinfinitagoya.com.ar\/v1\/wp-content\/uploads\/2019\/11\/logo-pie-web.png\",\"contentUrl\":\"https:\/\/radioinfinitagoya.com.ar\/v1\/wp-content\/uploads\/2019\/11\/logo-pie-web.png\",\"width\":635,\"height\":326,\"caption\":\"Radio Infinita Goya\"},\"image\":{\"@id\":\"https:\/\/radioinfinitagoya.com.ar\/v1\/#\/schema\/logo\/image\/\"},\"sameAs\":[\"https:\/\/www.facebook.com\/p\/Infinita-Goya-100063870918311\/\"]},{\"@type\":\"Person\",\"@id\":\"https:\/\/radioinfinitagoya.com.ar\/v1\/#\/schema\/person\/d4cf9c413d4f6edb24aabdccab49ca4a\",\"name\":\"Jorge Mi\u00f1o\",\"image\":{\"@type\":\"ImageObject\",\"inLanguage\":\"es-AR\",\"@id\":\"https:\/\/secure.gravatar.com\/avatar\/910fcf6728fe95320e07a6643c1581fec1c7fc4bf8ae12e3d8f0d0373dc844be?s=96&d=mm&r=g\",\"url\":\"https:\/\/secure.gravatar.com\/avatar\/910fcf6728fe95320e07a6643c1581fec1c7fc4bf8ae12e3d8f0d0373dc844be?s=96&d=mm&r=g\",\"contentUrl\":\"https:\/\/secure.gravatar.com\/avatar\/910fcf6728fe95320e07a6643c1581fec1c7fc4bf8ae12e3d8f0d0373dc844be?s=96&d=mm&r=g\",\"caption\":\"Jorge Mi\u00f1o\"},\"sameAs\":[\"http:\/\/radioinfinitagoya.com.ar\"]}]}<\/script>\n<!-- \/ Yoast SEO plugin. -->","yoast_head_json":{"title":"Reforma laboral: la CGT pidi\u00f3 que se aparte a quienes reestablecieron la nueva Ley - Radio Infinita Goya","description":"Esto ocurre luego que el tribunal de apelaciones restableciera la vigencia de 83 art\u00edculos que hab\u00edan sido frenados por el juez Ra\u00fal Ojeda. La CGT pidi\u00f3","robots":{"index":"index","follow":"follow","max-snippet":"max-snippet:-1","max-image-preview":"max-image-preview:large","max-video-preview":"max-video-preview:-1"},"canonical":"https:\/\/radioinfinitagoya.com.ar\/v1\/2026\/04\/27\/reforma-laboral-la-cgt-pidio-que-se-aparte-a-quienes-reestablecieron-la-nueva-ley\/","og_locale":"es_ES","og_type":"article","og_title":"Reforma laboral: la CGT pidi\u00f3 que se aparte a quienes reestablecieron la nueva Ley - Radio Infinita Goya","og_description":"Esto ocurre luego que el tribunal de apelaciones restableciera la vigencia de 83 art\u00edculos que hab\u00edan sido frenados por el juez Ra\u00fal Ojeda. La CGT pidi\u00f3","og_url":"https:\/\/radioinfinitagoya.com.ar\/v1\/2026\/04\/27\/reforma-laboral-la-cgt-pidio-que-se-aparte-a-quienes-reestablecieron-la-nueva-ley\/","og_site_name":"Radio Infinita Goya","article_publisher":"https:\/\/www.facebook.com\/p\/Infinita-Goya-100063870918311\/","article_published_time":"2026-04-27T19:13:49+00:00","og_image":[{"width":680,"height":383,"url":"https:\/\/radioinfinitagoya.com.ar\/v1\/wp-content\/uploads\/2026\/04\/MZQ0VGOI.jpg","type":"image\/jpeg"}],"author":"Jorge Mi\u00f1o","twitter_card":"summary_large_image","twitter_misc":{"Escrito por":"Jorge Mi\u00f1o","Tiempo de lectura":"2 minutos"},"schema":{"@context":"https:\/\/schema.org","@graph":[{"@type":"Article","@id":"https:\/\/radioinfinitagoya.com.ar\/v1\/2026\/04\/27\/reforma-laboral-la-cgt-pidio-que-se-aparte-a-quienes-reestablecieron-la-nueva-ley\/#article","isPartOf":{"@id":"https:\/\/radioinfinitagoya.com.ar\/v1\/2026\/04\/27\/reforma-laboral-la-cgt-pidio-que-se-aparte-a-quienes-reestablecieron-la-nueva-ley\/"},"author":{"name":"Jorge Mi\u00f1o","@id":"https:\/\/radioinfinitagoya.com.ar\/v1\/#\/schema\/person\/d4cf9c413d4f6edb24aabdccab49ca4a"},"headline":"Reforma laboral: la CGT pidi\u00f3 que se aparte a quienes reestablecieron la nueva Ley","datePublished":"2026-04-27T19:13:49+00:00","mainEntityOfPage":{"@id":"https:\/\/radioinfinitagoya.com.ar\/v1\/2026\/04\/27\/reforma-laboral-la-cgt-pidio-que-se-aparte-a-quienes-reestablecieron-la-nueva-ley\/"},"wordCount":413,"commentCount":0,"publisher":{"@id":"https:\/\/radioinfinitagoya.com.ar\/v1\/#organization"},"image":{"@id":"https:\/\/radioinfinitagoya.com.ar\/v1\/2026\/04\/27\/reforma-laboral-la-cgt-pidio-que-se-aparte-a-quienes-reestablecieron-la-nueva-ley\/#primaryimage"},"thumbnailUrl":"https:\/\/radioinfinitagoya.com.ar\/v1\/wp-content\/uploads\/2026\/04\/MZQ0VGOI.jpg","articleSection":["NACIONALES"],"inLanguage":"es-AR","potentialAction":[{"@type":"CommentAction","name":"Comment","target":["https:\/\/radioinfinitagoya.com.ar\/v1\/2026\/04\/27\/reforma-laboral-la-cgt-pidio-que-se-aparte-a-quienes-reestablecieron-la-nueva-ley\/#respond"]}]},{"@type":"WebPage","@id":"https:\/\/radioinfinitagoya.com.ar\/v1\/2026\/04\/27\/reforma-laboral-la-cgt-pidio-que-se-aparte-a-quienes-reestablecieron-la-nueva-ley\/","url":"https:\/\/radioinfinitagoya.com.ar\/v1\/2026\/04\/27\/reforma-laboral-la-cgt-pidio-que-se-aparte-a-quienes-reestablecieron-la-nueva-ley\/","name":"Reforma laboral: la CGT pidi\u00f3 que se aparte a quienes reestablecieron la nueva Ley - Radio Infinita Goya","isPartOf":{"@id":"https:\/\/radioinfinitagoya.com.ar\/v1\/#website"},"primaryImageOfPage":{"@id":"https:\/\/radioinfinitagoya.com.ar\/v1\/2026\/04\/27\/reforma-laboral-la-cgt-pidio-que-se-aparte-a-quienes-reestablecieron-la-nueva-ley\/#primaryimage"},"image":{"@id":"https:\/\/radioinfinitagoya.com.ar\/v1\/2026\/04\/27\/reforma-laboral-la-cgt-pidio-que-se-aparte-a-quienes-reestablecieron-la-nueva-ley\/#primaryimage"},"thumbnailUrl":"https:\/\/radioinfinitagoya.com.ar\/v1\/wp-content\/uploads\/2026\/04\/MZQ0VGOI.jpg","datePublished":"2026-04-27T19:13:49+00:00","description":"Esto ocurre luego que el tribunal de apelaciones restableciera la vigencia de 83 art\u00edculos que hab\u00edan sido frenados por el juez Ra\u00fal Ojeda. La CGT pidi\u00f3","breadcrumb":{"@id":"https:\/\/radioinfinitagoya.com.ar\/v1\/2026\/04\/27\/reforma-laboral-la-cgt-pidio-que-se-aparte-a-quienes-reestablecieron-la-nueva-ley\/#breadcrumb"},"inLanguage":"es-AR","potentialAction":[{"@type":"ReadAction","target":["https:\/\/radioinfinitagoya.com.ar\/v1\/2026\/04\/27\/reforma-laboral-la-cgt-pidio-que-se-aparte-a-quienes-reestablecieron-la-nueva-ley\/"]}]},{"@type":"ImageObject","inLanguage":"es-AR","@id":"https:\/\/radioinfinitagoya.com.ar\/v1\/2026\/04\/27\/reforma-laboral-la-cgt-pidio-que-se-aparte-a-quienes-reestablecieron-la-nueva-ley\/#primaryimage","url":"https:\/\/radioinfinitagoya.com.ar\/v1\/wp-content\/uploads\/2026\/04\/MZQ0VGOI.jpg","contentUrl":"https:\/\/radioinfinitagoya.com.ar\/v1\/wp-content\/uploads\/2026\/04\/MZQ0VGOI.jpg","width":680,"height":383},{"@type":"BreadcrumbList","@id":"https:\/\/radioinfinitagoya.com.ar\/v1\/2026\/04\/27\/reforma-laboral-la-cgt-pidio-que-se-aparte-a-quienes-reestablecieron-la-nueva-ley\/#breadcrumb","itemListElement":[{"@type":"ListItem","position":1,"name":"Inicio","item":"https:\/\/radioinfinitagoya.com.ar\/v1\/"},{"@type":"ListItem","position":2,"name":"Reforma laboral: la CGT pidi\u00f3 que se aparte a quienes reestablecieron la nueva Ley"}]},{"@type":"WebSite","@id":"https:\/\/radioinfinitagoya.com.ar\/v1\/#website","url":"https:\/\/radioinfinitagoya.com.ar\/v1\/","name":"radioinfinitagoya.com.ar","description":"Radio de noticias","publisher":{"@id":"https:\/\/radioinfinitagoya.com.ar\/v1\/#organization"},"potentialAction":[{"@type":"SearchAction","target":{"@type":"EntryPoint","urlTemplate":"https:\/\/radioinfinitagoya.com.ar\/v1\/?s={search_term_string}"},"query-input":{"@type":"PropertyValueSpecification","valueRequired":true,"valueName":"search_term_string"}}],"inLanguage":"es-AR"},{"@type":"Organization","@id":"https:\/\/radioinfinitagoya.com.ar\/v1\/#organization","name":"Radio Infinita Goya","url":"https:\/\/radioinfinitagoya.com.ar\/v1\/","logo":{"@type":"ImageObject","inLanguage":"es-AR","@id":"https:\/\/radioinfinitagoya.com.ar\/v1\/#\/schema\/logo\/image\/","url":"https:\/\/radioinfinitagoya.com.ar\/v1\/wp-content\/uploads\/2019\/11\/logo-pie-web.png","contentUrl":"https:\/\/radioinfinitagoya.com.ar\/v1\/wp-content\/uploads\/2019\/11\/logo-pie-web.png","width":635,"height":326,"caption":"Radio Infinita Goya"},"image":{"@id":"https:\/\/radioinfinitagoya.com.ar\/v1\/#\/schema\/logo\/image\/"},"sameAs":["https:\/\/www.facebook.com\/p\/Infinita-Goya-100063870918311\/"]},{"@type":"Person","@id":"https:\/\/radioinfinitagoya.com.ar\/v1\/#\/schema\/person\/d4cf9c413d4f6edb24aabdccab49ca4a","name":"Jorge Mi\u00f1o","image":{"@type":"ImageObject","inLanguage":"es-AR","@id":"https:\/\/secure.gravatar.com\/avatar\/910fcf6728fe95320e07a6643c1581fec1c7fc4bf8ae12e3d8f0d0373dc844be?s=96&d=mm&r=g","url":"https:\/\/secure.gravatar.com\/avatar\/910fcf6728fe95320e07a6643c1581fec1c7fc4bf8ae12e3d8f0d0373dc844be?s=96&d=mm&r=g","contentUrl":"https:\/\/secure.gravatar.com\/avatar\/910fcf6728fe95320e07a6643c1581fec1c7fc4bf8ae12e3d8f0d0373dc844be?s=96&d=mm&r=g","caption":"Jorge Mi\u00f1o"},"sameAs":["http:\/\/radioinfinitagoya.com.ar"]}]}},"_links":{"self":[{"href":"https:\/\/radioinfinitagoya.com.ar\/v1\/wp-json\/wp\/v2\/posts\/213793","targetHints":{"allow":["GET"]}}],"collection":[{"href":"https:\/\/radioinfinitagoya.com.ar\/v1\/wp-json\/wp\/v2\/posts"}],"about":[{"href":"https:\/\/radioinfinitagoya.com.ar\/v1\/wp-json\/wp\/v2\/types\/post"}],"author":[{"embeddable":true,"href":"https:\/\/radioinfinitagoya.com.ar\/v1\/wp-json\/wp\/v2\/users\/4"}],"replies":[{"embeddable":true,"href":"https:\/\/radioinfinitagoya.com.ar\/v1\/wp-json\/wp\/v2\/comments?post=213793"}],"version-history":[{"count":1,"href":"https:\/\/radioinfinitagoya.com.ar\/v1\/wp-json\/wp\/v2\/posts\/213793\/revisions"}],"predecessor-version":[{"id":213795,"href":"https:\/\/radioinfinitagoya.com.ar\/v1\/wp-json\/wp\/v2\/posts\/213793\/revisions\/213795"}],"wp:featuredmedia":[{"embeddable":true,"href":"https:\/\/radioinfinitagoya.com.ar\/v1\/wp-json\/wp\/v2\/media\/213794"}],"wp:attachment":[{"href":"https:\/\/radioinfinitagoya.com.ar\/v1\/wp-json\/wp\/v2\/media?parent=213793"}],"wp:term":[{"taxonomy":"category","embeddable":true,"href":"https:\/\/radioinfinitagoya.com.ar\/v1\/wp-json\/wp\/v2\/categories?post=213793"},{"taxonomy":"post_tag","embeddable":true,"href":"https:\/\/radioinfinitagoya.com.ar\/v1\/wp-json\/wp\/v2\/tags?post=213793"}],"curies":[{"name":"wp","href":"https:\/\/api.w.org\/{rel}","templated":true}]}}