{"id":213796,"date":"2026-04-27T16:18:00","date_gmt":"2026-04-27T19:18:00","guid":{"rendered":"https:\/\/radioinfinitagoya.com.ar\/v1\/?p=213796"},"modified":"2026-04-27T16:18:00","modified_gmt":"2026-04-27T19:18:00","slug":"la-produccion-cayo-al-61-en-empresas-del-sector-electrico-y-electronico","status":"publish","type":"post","link":"https:\/\/radioinfinitagoya.com.ar\/v1\/2026\/04\/27\/la-produccion-cayo-al-61-en-empresas-del-sector-electrico-y-electronico\/","title":{"rendered":"La producci\u00f3n cay\u00f3 al 61% en empresas del sector el\u00e9ctrico y electr\u00f3nico"},"content":{"rendered":"<p>Un documento de Cadieel indica que la industria sufri\u00f3 una contracci\u00f3n promedio del 39% en el primer trimestre de 2026. La falta de inversiones y la reducci\u00f3n de personal marcan un inicio de a\u00f1o complejo para el sector.<\/p>\n<p>La C\u00e1mara Argentina de Industrias Electr\u00f3nicas, Electromec\u00e1nicas y Luminot\u00e9cnicas (Cadieel) emiti\u00f3 este lunes un informe que mostr\u00f3 la realidad de este sector industrial, que destac\u00f3 el dif\u00edcil panorama nacional.<\/p>\n<p>El dato m\u00e1s alarmante del informe es que 6 de cada 10 empresas del sector registraron una ca\u00edda en su producci\u00f3n. Esta contracci\u00f3n no fue leve, ya que el promedio de baja se situ\u00f3 en un 39%. Solo un 19% de las firmas logr\u00f3 crecer, lo que marca una brecha profunda entre los pocos que logran expandirse y la mayor\u00eda que lucha por sostenerse.<\/p>\n<p>Capacidad instalada y empleo: estancamiento operativo<\/p>\n<p>La industria est\u00e1 lejos de su techo productivo. La Utilizaci\u00f3n de la Capacidad Instalada (UCI) se mantuvo en rangos medios-bajos (41% a 60%), lo que indica que hay mucha infraestructura &#8220;dormida&#8221; por falta de demanda. En cuanto al mercado laboral:<\/p>\n<p>Reducci\u00f3n de personal: El 42% de las empresas tuvo que achicar su plantilla, un n\u00famero que creci\u00f3 respecto al trimestre anterior.<\/p>\n<p>Estabilidad: Un 52% hizo el esfuerzo de mantener su dotaci\u00f3n sin cambios, a pesar del contexto recesivo.<\/p>\n<p>Exportaciones: el desaf\u00edo de los costos<br \/>\nSi bien el 58% de las empresas exporta, el volumen sigue siendo marginal: la gran mayor\u00eda (67%) apenas env\u00eda al exterior un 10% de su producci\u00f3n.<\/p>\n<p>Los altos costos internos aparecieron como la principal barrera que impide a las pymes industriales competir con fuerza en los mercados globales.<\/p>\n<p>Expectativas 2026: entre la estabilidad y el &#8220;wait and see&#8221;<\/p>\n<p>Para el segundo trimestre, el sentimiento predominante es la estabilidad cautelosa:<\/p>\n<p>Inversiones: El 68% no tiene planes de invertir, citando la ca\u00edda en las ventas y la incertidumbre pol\u00edtica como los principales frenos.<\/p>\n<p>Ventas: Hay un ligero optimismo (35% espera mejoras), pero no se traduce a\u00fan en nuevas contrataciones, ya que el 68% de las firmas apuesta simplemente a mantener su estructura actual.<\/p>\n<p>&nbsp;<\/p>\n<p>&nbsp;<\/p>\n","protected":false},"excerpt":{"rendered":"<p>Un documento de Cadieel indica que la industria sufri\u00f3 una contracci\u00f3n promedio del 39% en el primer trimestre de 2026. La falta de inversiones y la reducci\u00f3n de personal marcan un inicio de a\u00f1o complejo para el sector. La C\u00e1mara Argentina de Industrias Electr\u00f3nicas, Electromec\u00e1nicas y Luminot\u00e9cnicas (Cadieel) emiti\u00f3 este lunes un informe que mostr\u00f3 [&hellip;]<\/p>\n","protected":false},"author":4,"featured_media":213797,"comment_status":"open","ping_status":"open","sticky":false,"template":"","format":"standard","meta":{"_joinchat":[],"footnotes":""},"categories":[29],"tags":[],"class_list":{"0":"post-213796","1":"post","2":"type-post","3":"status-publish","4":"format-standard","5":"has-post-thumbnail","7":"category-nacionales"},"yoast_head":"<!-- This site is optimized with the Yoast SEO plugin v27.2 - https:\/\/yoast.com\/product\/yoast-seo-wordpress\/ -->\n<title>La producci\u00f3n cay\u00f3 al 61% en empresas del sector el\u00e9ctrico y electr\u00f3nico - Radio Infinita Goya<\/title>\n<meta name=\"description\" content=\"Un documento de Cadieel indica que la industria sufri\u00f3 una contracci\u00f3n promedio del 39% en el primer trimestre de 2026. La falta de inversiones y la\" \/>\n<meta name=\"robots\" content=\"index, follow, max-snippet:-1, max-image-preview:large, max-video-preview:-1\" \/>\n<link rel=\"canonical\" href=\"https:\/\/radioinfinitagoya.com.ar\/v1\/2026\/04\/27\/la-produccion-cayo-al-61-en-empresas-del-sector-electrico-y-electronico\/\" \/>\n<meta property=\"og:locale\" content=\"es_ES\" \/>\n<meta property=\"og:type\" content=\"article\" \/>\n<meta property=\"og:title\" content=\"La producci\u00f3n cay\u00f3 al 61% en empresas del sector el\u00e9ctrico y electr\u00f3nico - Radio Infinita Goya\" \/>\n<meta property=\"og:description\" content=\"Un documento de Cadieel indica que la industria sufri\u00f3 una contracci\u00f3n promedio del 39% en el primer trimestre de 2026. La falta de inversiones y la\" \/>\n<meta property=\"og:url\" content=\"https:\/\/radioinfinitagoya.com.ar\/v1\/2026\/04\/27\/la-produccion-cayo-al-61-en-empresas-del-sector-electrico-y-electronico\/\" \/>\n<meta property=\"og:site_name\" content=\"Radio Infinita Goya\" \/>\n<meta property=\"article:publisher\" content=\"https:\/\/www.facebook.com\/p\/Infinita-Goya-100063870918311\/\" \/>\n<meta property=\"article:published_time\" content=\"2026-04-27T19:18:00+00:00\" \/>\n<meta property=\"og:image\" content=\"https:\/\/radioinfinitagoya.com.ar\/v1\/wp-content\/uploads\/2026\/04\/ek79AyVz.jpg\" \/>\n\t<meta property=\"og:image:width\" content=\"680\" \/>\n\t<meta property=\"og:image:height\" content=\"340\" \/>\n\t<meta property=\"og:image:type\" content=\"image\/jpeg\" \/>\n<meta name=\"author\" content=\"Jorge Mi\u00f1o\" \/>\n<meta name=\"twitter:card\" content=\"summary_large_image\" \/>\n<meta name=\"twitter:label1\" content=\"Escrito por\" \/>\n\t<meta name=\"twitter:data1\" content=\"Jorge Mi\u00f1o\" \/>\n\t<meta name=\"twitter:label2\" content=\"Tiempo de lectura\" \/>\n\t<meta name=\"twitter:data2\" content=\"2 minutos\" \/>\n<script type=\"application\/ld+json\" class=\"yoast-schema-graph\">{\"@context\":\"https:\/\/schema.org\",\"@graph\":[{\"@type\":\"Article\",\"@id\":\"https:\/\/radioinfinitagoya.com.ar\/v1\/2026\/04\/27\/la-produccion-cayo-al-61-en-empresas-del-sector-electrico-y-electronico\/#article\",\"isPartOf\":{\"@id\":\"https:\/\/radioinfinitagoya.com.ar\/v1\/2026\/04\/27\/la-produccion-cayo-al-61-en-empresas-del-sector-electrico-y-electronico\/\"},\"author\":{\"name\":\"Jorge Mi\u00f1o\",\"@id\":\"https:\/\/radioinfinitagoya.com.ar\/v1\/#\/schema\/person\/d4cf9c413d4f6edb24aabdccab49ca4a\"},\"headline\":\"La producci\u00f3n cay\u00f3 al 61% en empresas del sector el\u00e9ctrico y electr\u00f3nico\",\"datePublished\":\"2026-04-27T19:18:00+00:00\",\"mainEntityOfPage\":{\"@id\":\"https:\/\/radioinfinitagoya.com.ar\/v1\/2026\/04\/27\/la-produccion-cayo-al-61-en-empresas-del-sector-electrico-y-electronico\/\"},\"wordCount\":365,\"commentCount\":0,\"publisher\":{\"@id\":\"https:\/\/radioinfinitagoya.com.ar\/v1\/#organization\"},\"image\":{\"@id\":\"https:\/\/radioinfinitagoya.com.ar\/v1\/2026\/04\/27\/la-produccion-cayo-al-61-en-empresas-del-sector-electrico-y-electronico\/#primaryimage\"},\"thumbnailUrl\":\"https:\/\/radioinfinitagoya.com.ar\/v1\/wp-content\/uploads\/2026\/04\/ek79AyVz.jpg\",\"articleSection\":[\"NACIONALES\"],\"inLanguage\":\"es-AR\",\"potentialAction\":[{\"@type\":\"CommentAction\",\"name\":\"Comment\",\"target\":[\"https:\/\/radioinfinitagoya.com.ar\/v1\/2026\/04\/27\/la-produccion-cayo-al-61-en-empresas-del-sector-electrico-y-electronico\/#respond\"]}]},{\"@type\":\"WebPage\",\"@id\":\"https:\/\/radioinfinitagoya.com.ar\/v1\/2026\/04\/27\/la-produccion-cayo-al-61-en-empresas-del-sector-electrico-y-electronico\/\",\"url\":\"https:\/\/radioinfinitagoya.com.ar\/v1\/2026\/04\/27\/la-produccion-cayo-al-61-en-empresas-del-sector-electrico-y-electronico\/\",\"name\":\"La producci\u00f3n cay\u00f3 al 61% en empresas del sector el\u00e9ctrico y electr\u00f3nico - Radio Infinita Goya\",\"isPartOf\":{\"@id\":\"https:\/\/radioinfinitagoya.com.ar\/v1\/#website\"},\"primaryImageOfPage\":{\"@id\":\"https:\/\/radioinfinitagoya.com.ar\/v1\/2026\/04\/27\/la-produccion-cayo-al-61-en-empresas-del-sector-electrico-y-electronico\/#primaryimage\"},\"image\":{\"@id\":\"https:\/\/radioinfinitagoya.com.ar\/v1\/2026\/04\/27\/la-produccion-cayo-al-61-en-empresas-del-sector-electrico-y-electronico\/#primaryimage\"},\"thumbnailUrl\":\"https:\/\/radioinfinitagoya.com.ar\/v1\/wp-content\/uploads\/2026\/04\/ek79AyVz.jpg\",\"datePublished\":\"2026-04-27T19:18:00+00:00\",\"description\":\"Un documento de Cadieel indica que la industria sufri\u00f3 una contracci\u00f3n promedio del 39% en el primer trimestre de 2026. La falta de inversiones y la\",\"breadcrumb\":{\"@id\":\"https:\/\/radioinfinitagoya.com.ar\/v1\/2026\/04\/27\/la-produccion-cayo-al-61-en-empresas-del-sector-electrico-y-electronico\/#breadcrumb\"},\"inLanguage\":\"es-AR\",\"potentialAction\":[{\"@type\":\"ReadAction\",\"target\":[\"https:\/\/radioinfinitagoya.com.ar\/v1\/2026\/04\/27\/la-produccion-cayo-al-61-en-empresas-del-sector-electrico-y-electronico\/\"]}]},{\"@type\":\"ImageObject\",\"inLanguage\":\"es-AR\",\"@id\":\"https:\/\/radioinfinitagoya.com.ar\/v1\/2026\/04\/27\/la-produccion-cayo-al-61-en-empresas-del-sector-electrico-y-electronico\/#primaryimage\",\"url\":\"https:\/\/radioinfinitagoya.com.ar\/v1\/wp-content\/uploads\/2026\/04\/ek79AyVz.jpg\",\"contentUrl\":\"https:\/\/radioinfinitagoya.com.ar\/v1\/wp-content\/uploads\/2026\/04\/ek79AyVz.jpg\",\"width\":680,\"height\":340},{\"@type\":\"BreadcrumbList\",\"@id\":\"https:\/\/radioinfinitagoya.com.ar\/v1\/2026\/04\/27\/la-produccion-cayo-al-61-en-empresas-del-sector-electrico-y-electronico\/#breadcrumb\",\"itemListElement\":[{\"@type\":\"ListItem\",\"position\":1,\"name\":\"Inicio\",\"item\":\"https:\/\/radioinfinitagoya.com.ar\/v1\/\"},{\"@type\":\"ListItem\",\"position\":2,\"name\":\"La producci\u00f3n cay\u00f3 al 61% en empresas del sector el\u00e9ctrico y electr\u00f3nico\"}]},{\"@type\":\"WebSite\",\"@id\":\"https:\/\/radioinfinitagoya.com.ar\/v1\/#website\",\"url\":\"https:\/\/radioinfinitagoya.com.ar\/v1\/\",\"name\":\"radioinfinitagoya.com.ar\",\"description\":\"Radio de noticias\",\"publisher\":{\"@id\":\"https:\/\/radioinfinitagoya.com.ar\/v1\/#organization\"},\"potentialAction\":[{\"@type\":\"SearchAction\",\"target\":{\"@type\":\"EntryPoint\",\"urlTemplate\":\"https:\/\/radioinfinitagoya.com.ar\/v1\/?s={search_term_string}\"},\"query-input\":{\"@type\":\"PropertyValueSpecification\",\"valueRequired\":true,\"valueName\":\"search_term_string\"}}],\"inLanguage\":\"es-AR\"},{\"@type\":\"Organization\",\"@id\":\"https:\/\/radioinfinitagoya.com.ar\/v1\/#organization\",\"name\":\"Radio Infinita Goya\",\"url\":\"https:\/\/radioinfinitagoya.com.ar\/v1\/\",\"logo\":{\"@type\":\"ImageObject\",\"inLanguage\":\"es-AR\",\"@id\":\"https:\/\/radioinfinitagoya.com.ar\/v1\/#\/schema\/logo\/image\/\",\"url\":\"https:\/\/radioinfinitagoya.com.ar\/v1\/wp-content\/uploads\/2019\/11\/logo-pie-web.png\",\"contentUrl\":\"https:\/\/radioinfinitagoya.com.ar\/v1\/wp-content\/uploads\/2019\/11\/logo-pie-web.png\",\"width\":635,\"height\":326,\"caption\":\"Radio Infinita Goya\"},\"image\":{\"@id\":\"https:\/\/radioinfinitagoya.com.ar\/v1\/#\/schema\/logo\/image\/\"},\"sameAs\":[\"https:\/\/www.facebook.com\/p\/Infinita-Goya-100063870918311\/\"]},{\"@type\":\"Person\",\"@id\":\"https:\/\/radioinfinitagoya.com.ar\/v1\/#\/schema\/person\/d4cf9c413d4f6edb24aabdccab49ca4a\",\"name\":\"Jorge Mi\u00f1o\",\"image\":{\"@type\":\"ImageObject\",\"inLanguage\":\"es-AR\",\"@id\":\"https:\/\/secure.gravatar.com\/avatar\/910fcf6728fe95320e07a6643c1581fec1c7fc4bf8ae12e3d8f0d0373dc844be?s=96&d=mm&r=g\",\"url\":\"https:\/\/secure.gravatar.com\/avatar\/910fcf6728fe95320e07a6643c1581fec1c7fc4bf8ae12e3d8f0d0373dc844be?s=96&d=mm&r=g\",\"contentUrl\":\"https:\/\/secure.gravatar.com\/avatar\/910fcf6728fe95320e07a6643c1581fec1c7fc4bf8ae12e3d8f0d0373dc844be?s=96&d=mm&r=g\",\"caption\":\"Jorge Mi\u00f1o\"},\"sameAs\":[\"http:\/\/radioinfinitagoya.com.ar\"]}]}<\/script>\n<!-- \/ Yoast SEO plugin. -->","yoast_head_json":{"title":"La producci\u00f3n cay\u00f3 al 61% en empresas del sector el\u00e9ctrico y electr\u00f3nico - Radio Infinita Goya","description":"Un documento de Cadieel indica que la industria sufri\u00f3 una contracci\u00f3n promedio del 39% en el primer trimestre de 2026. La falta de inversiones y la","robots":{"index":"index","follow":"follow","max-snippet":"max-snippet:-1","max-image-preview":"max-image-preview:large","max-video-preview":"max-video-preview:-1"},"canonical":"https:\/\/radioinfinitagoya.com.ar\/v1\/2026\/04\/27\/la-produccion-cayo-al-61-en-empresas-del-sector-electrico-y-electronico\/","og_locale":"es_ES","og_type":"article","og_title":"La producci\u00f3n cay\u00f3 al 61% en empresas del sector el\u00e9ctrico y electr\u00f3nico - Radio Infinita Goya","og_description":"Un documento de Cadieel indica que la industria sufri\u00f3 una contracci\u00f3n promedio del 39% en el primer trimestre de 2026. La falta de inversiones y la","og_url":"https:\/\/radioinfinitagoya.com.ar\/v1\/2026\/04\/27\/la-produccion-cayo-al-61-en-empresas-del-sector-electrico-y-electronico\/","og_site_name":"Radio Infinita Goya","article_publisher":"https:\/\/www.facebook.com\/p\/Infinita-Goya-100063870918311\/","article_published_time":"2026-04-27T19:18:00+00:00","og_image":[{"width":680,"height":340,"url":"https:\/\/radioinfinitagoya.com.ar\/v1\/wp-content\/uploads\/2026\/04\/ek79AyVz.jpg","type":"image\/jpeg"}],"author":"Jorge Mi\u00f1o","twitter_card":"summary_large_image","twitter_misc":{"Escrito por":"Jorge Mi\u00f1o","Tiempo de lectura":"2 minutos"},"schema":{"@context":"https:\/\/schema.org","@graph":[{"@type":"Article","@id":"https:\/\/radioinfinitagoya.com.ar\/v1\/2026\/04\/27\/la-produccion-cayo-al-61-en-empresas-del-sector-electrico-y-electronico\/#article","isPartOf":{"@id":"https:\/\/radioinfinitagoya.com.ar\/v1\/2026\/04\/27\/la-produccion-cayo-al-61-en-empresas-del-sector-electrico-y-electronico\/"},"author":{"name":"Jorge Mi\u00f1o","@id":"https:\/\/radioinfinitagoya.com.ar\/v1\/#\/schema\/person\/d4cf9c413d4f6edb24aabdccab49ca4a"},"headline":"La producci\u00f3n cay\u00f3 al 61% en empresas del sector el\u00e9ctrico y electr\u00f3nico","datePublished":"2026-04-27T19:18:00+00:00","mainEntityOfPage":{"@id":"https:\/\/radioinfinitagoya.com.ar\/v1\/2026\/04\/27\/la-produccion-cayo-al-61-en-empresas-del-sector-electrico-y-electronico\/"},"wordCount":365,"commentCount":0,"publisher":{"@id":"https:\/\/radioinfinitagoya.com.ar\/v1\/#organization"},"image":{"@id":"https:\/\/radioinfinitagoya.com.ar\/v1\/2026\/04\/27\/la-produccion-cayo-al-61-en-empresas-del-sector-electrico-y-electronico\/#primaryimage"},"thumbnailUrl":"https:\/\/radioinfinitagoya.com.ar\/v1\/wp-content\/uploads\/2026\/04\/ek79AyVz.jpg","articleSection":["NACIONALES"],"inLanguage":"es-AR","potentialAction":[{"@type":"CommentAction","name":"Comment","target":["https:\/\/radioinfinitagoya.com.ar\/v1\/2026\/04\/27\/la-produccion-cayo-al-61-en-empresas-del-sector-electrico-y-electronico\/#respond"]}]},{"@type":"WebPage","@id":"https:\/\/radioinfinitagoya.com.ar\/v1\/2026\/04\/27\/la-produccion-cayo-al-61-en-empresas-del-sector-electrico-y-electronico\/","url":"https:\/\/radioinfinitagoya.com.ar\/v1\/2026\/04\/27\/la-produccion-cayo-al-61-en-empresas-del-sector-electrico-y-electronico\/","name":"La producci\u00f3n cay\u00f3 al 61% en empresas del sector el\u00e9ctrico y electr\u00f3nico - Radio Infinita Goya","isPartOf":{"@id":"https:\/\/radioinfinitagoya.com.ar\/v1\/#website"},"primaryImageOfPage":{"@id":"https:\/\/radioinfinitagoya.com.ar\/v1\/2026\/04\/27\/la-produccion-cayo-al-61-en-empresas-del-sector-electrico-y-electronico\/#primaryimage"},"image":{"@id":"https:\/\/radioinfinitagoya.com.ar\/v1\/2026\/04\/27\/la-produccion-cayo-al-61-en-empresas-del-sector-electrico-y-electronico\/#primaryimage"},"thumbnailUrl":"https:\/\/radioinfinitagoya.com.ar\/v1\/wp-content\/uploads\/2026\/04\/ek79AyVz.jpg","datePublished":"2026-04-27T19:18:00+00:00","description":"Un documento de Cadieel indica que la industria sufri\u00f3 una contracci\u00f3n promedio del 39% en el primer trimestre de 2026. La falta de inversiones y la","breadcrumb":{"@id":"https:\/\/radioinfinitagoya.com.ar\/v1\/2026\/04\/27\/la-produccion-cayo-al-61-en-empresas-del-sector-electrico-y-electronico\/#breadcrumb"},"inLanguage":"es-AR","potentialAction":[{"@type":"ReadAction","target":["https:\/\/radioinfinitagoya.com.ar\/v1\/2026\/04\/27\/la-produccion-cayo-al-61-en-empresas-del-sector-electrico-y-electronico\/"]}]},{"@type":"ImageObject","inLanguage":"es-AR","@id":"https:\/\/radioinfinitagoya.com.ar\/v1\/2026\/04\/27\/la-produccion-cayo-al-61-en-empresas-del-sector-electrico-y-electronico\/#primaryimage","url":"https:\/\/radioinfinitagoya.com.ar\/v1\/wp-content\/uploads\/2026\/04\/ek79AyVz.jpg","contentUrl":"https:\/\/radioinfinitagoya.com.ar\/v1\/wp-content\/uploads\/2026\/04\/ek79AyVz.jpg","width":680,"height":340},{"@type":"BreadcrumbList","@id":"https:\/\/radioinfinitagoya.com.ar\/v1\/2026\/04\/27\/la-produccion-cayo-al-61-en-empresas-del-sector-electrico-y-electronico\/#breadcrumb","itemListElement":[{"@type":"ListItem","position":1,"name":"Inicio","item":"https:\/\/radioinfinitagoya.com.ar\/v1\/"},{"@type":"ListItem","position":2,"name":"La producci\u00f3n cay\u00f3 al 61% en empresas del sector el\u00e9ctrico y electr\u00f3nico"}]},{"@type":"WebSite","@id":"https:\/\/radioinfinitagoya.com.ar\/v1\/#website","url":"https:\/\/radioinfinitagoya.com.ar\/v1\/","name":"radioinfinitagoya.com.ar","description":"Radio de noticias","publisher":{"@id":"https:\/\/radioinfinitagoya.com.ar\/v1\/#organization"},"potentialAction":[{"@type":"SearchAction","target":{"@type":"EntryPoint","urlTemplate":"https:\/\/radioinfinitagoya.com.ar\/v1\/?s={search_term_string}"},"query-input":{"@type":"PropertyValueSpecification","valueRequired":true,"valueName":"search_term_string"}}],"inLanguage":"es-AR"},{"@type":"Organization","@id":"https:\/\/radioinfinitagoya.com.ar\/v1\/#organization","name":"Radio Infinita Goya","url":"https:\/\/radioinfinitagoya.com.ar\/v1\/","logo":{"@type":"ImageObject","inLanguage":"es-AR","@id":"https:\/\/radioinfinitagoya.com.ar\/v1\/#\/schema\/logo\/image\/","url":"https:\/\/radioinfinitagoya.com.ar\/v1\/wp-content\/uploads\/2019\/11\/logo-pie-web.png","contentUrl":"https:\/\/radioinfinitagoya.com.ar\/v1\/wp-content\/uploads\/2019\/11\/logo-pie-web.png","width":635,"height":326,"caption":"Radio Infinita Goya"},"image":{"@id":"https:\/\/radioinfinitagoya.com.ar\/v1\/#\/schema\/logo\/image\/"},"sameAs":["https:\/\/www.facebook.com\/p\/Infinita-Goya-100063870918311\/"]},{"@type":"Person","@id":"https:\/\/radioinfinitagoya.com.ar\/v1\/#\/schema\/person\/d4cf9c413d4f6edb24aabdccab49ca4a","name":"Jorge Mi\u00f1o","image":{"@type":"ImageObject","inLanguage":"es-AR","@id":"https:\/\/secure.gravatar.com\/avatar\/910fcf6728fe95320e07a6643c1581fec1c7fc4bf8ae12e3d8f0d0373dc844be?s=96&d=mm&r=g","url":"https:\/\/secure.gravatar.com\/avatar\/910fcf6728fe95320e07a6643c1581fec1c7fc4bf8ae12e3d8f0d0373dc844be?s=96&d=mm&r=g","contentUrl":"https:\/\/secure.gravatar.com\/avatar\/910fcf6728fe95320e07a6643c1581fec1c7fc4bf8ae12e3d8f0d0373dc844be?s=96&d=mm&r=g","caption":"Jorge Mi\u00f1o"},"sameAs":["http:\/\/radioinfinitagoya.com.ar"]}]}},"_links":{"self":[{"href":"https:\/\/radioinfinitagoya.com.ar\/v1\/wp-json\/wp\/v2\/posts\/213796","targetHints":{"allow":["GET"]}}],"collection":[{"href":"https:\/\/radioinfinitagoya.com.ar\/v1\/wp-json\/wp\/v2\/posts"}],"about":[{"href":"https:\/\/radioinfinitagoya.com.ar\/v1\/wp-json\/wp\/v2\/types\/post"}],"author":[{"embeddable":true,"href":"https:\/\/radioinfinitagoya.com.ar\/v1\/wp-json\/wp\/v2\/users\/4"}],"replies":[{"embeddable":true,"href":"https:\/\/radioinfinitagoya.com.ar\/v1\/wp-json\/wp\/v2\/comments?post=213796"}],"version-history":[{"count":1,"href":"https:\/\/radioinfinitagoya.com.ar\/v1\/wp-json\/wp\/v2\/posts\/213796\/revisions"}],"predecessor-version":[{"id":213798,"href":"https:\/\/radioinfinitagoya.com.ar\/v1\/wp-json\/wp\/v2\/posts\/213796\/revisions\/213798"}],"wp:featuredmedia":[{"embeddable":true,"href":"https:\/\/radioinfinitagoya.com.ar\/v1\/wp-json\/wp\/v2\/media\/213797"}],"wp:attachment":[{"href":"https:\/\/radioinfinitagoya.com.ar\/v1\/wp-json\/wp\/v2\/media?parent=213796"}],"wp:term":[{"taxonomy":"category","embeddable":true,"href":"https:\/\/radioinfinitagoya.com.ar\/v1\/wp-json\/wp\/v2\/categories?post=213796"},{"taxonomy":"post_tag","embeddable":true,"href":"https:\/\/radioinfinitagoya.com.ar\/v1\/wp-json\/wp\/v2\/tags?post=213796"}],"curies":[{"name":"wp","href":"https:\/\/api.w.org\/{rel}","templated":true}]}}