{"id":213799,"date":"2026-04-27T16:24:27","date_gmt":"2026-04-27T19:24:27","guid":{"rendered":"https:\/\/radioinfinitagoya.com.ar\/v1\/?p=213799"},"modified":"2026-04-27T16:24:27","modified_gmt":"2026-04-27T19:24:27","slug":"salio-a-la-venta-el-album-oficial-de-figuritas-del-mundial-2026","status":"publish","type":"post","link":"https:\/\/radioinfinitagoya.com.ar\/v1\/2026\/04\/27\/salio-a-la-venta-el-album-oficial-de-figuritas-del-mundial-2026\/","title":{"rendered":"Sali\u00f3 a la venta el \u00e1lbum oficial de figuritas del Mundial 2026"},"content":{"rendered":"<p>Cu\u00e1nto cuesta y los jugadores ausentes de Argentina<\/p>\n<p>A 45 d\u00edas del inicio de la Copa del Mundo, ya se puede conseguir el \u00e1lbum f\u00edsico y digital en el pa\u00eds. Todos los detalles<\/p>\n<p><img loading=\"lazy\" decoding=\"async\" class=\"alignnone size-medium wp-image-213801\" src=\"https:\/\/radioinfinitagoya.com.ar\/v1\/wp-content\/uploads\/2026\/04\/GK4LHJHIHBA2LETXGYFUQ5IDBE-480x600.jpg\" alt=\"\" width=\"480\" height=\"600\" srcset=\"https:\/\/radioinfinitagoya.com.ar\/v1\/wp-content\/uploads\/2026\/04\/GK4LHJHIHBA2LETXGYFUQ5IDBE-480x600.jpg 480w, https:\/\/radioinfinitagoya.com.ar\/v1\/wp-content\/uploads\/2026\/04\/GK4LHJHIHBA2LETXGYFUQ5IDBE-120x150.jpg 120w, https:\/\/radioinfinitagoya.com.ar\/v1\/wp-content\/uploads\/2026\/04\/GK4LHJHIHBA2LETXGYFUQ5IDBE-768x960.jpg 768w, https:\/\/radioinfinitagoya.com.ar\/v1\/wp-content\/uploads\/2026\/04\/GK4LHJHIHBA2LETXGYFUQ5IDBE-336x420.jpg 336w, https:\/\/radioinfinitagoya.com.ar\/v1\/wp-content\/uploads\/2026\/04\/GK4LHJHIHBA2LETXGYFUQ5IDBE-696x870.jpg 696w, https:\/\/radioinfinitagoya.com.ar\/v1\/wp-content\/uploads\/2026\/04\/GK4LHJHIHBA2LETXGYFUQ5IDBE.avif 992w\" sizes=\"auto, (max-width: 480px) 100vw, 480px\" \/><\/p>\n<p>El \u00e1lbum de figuritas para la Copa Mundial de la FIFA 2026 ya est\u00e1 disponible a partir de este lunes, con un precio de $15.000 por ejemplar, y llega con una edici\u00f3n que marca un r\u00e9cord: presenta el mayor n\u00famero de p\u00e1ginas y figuritas de la historia, debido a la participaci\u00f3n in\u00e9dita de 48 selecciones que disputar\u00e1n el certamen desde el 11 de junio al 19 de julio en Estados Unidos, M\u00e9xico y Canad\u00e1. El lanzamiento fue precedido por una campa\u00f1a que incluy\u00f3 portadas diferenciadas para Am\u00e9rica, M\u00e9xico y una edici\u00f3n global.<\/p>\n<p>La principal novedad de esta edici\u00f3n reside en sus dimensiones: el \u00e1lbum contiene 112 p\u00e1ginas y espacio para 980 figuritas, en respuesta a la expansi\u00f3n del formato del torneo. Seg\u00fan las estimaciones, para completar el ejemplar sin considerar las repeticiones, los coleccionistas requerir\u00e1n una inversi\u00f3n m\u00ednima de $295.000, dado que cada sobre con siete figuritas vale $2.000.<\/p>\n<p>En el caso argentino, la selecci\u00f3n argentina incluye a nombres como Emiliano Dibu Mart\u00ednez \u2014\u00fanico arquero confirmado\u2014, y entre los defensores, figuran Nahuel Molina, Cristian Romero, Nicol\u00e1s Otamendi, Nicol\u00e1s Tagliafico y Leonardo Balerdi. Han quedado excluidos futbolistas de pasado reciente como Gonzalo Montiel, Marcos Acu\u00f1a y Lisandro Mart\u00ednez.<\/p>\n<p>En la mitad de la cancha se conservan referentes de la conquista en Qatar 2022: Enzo Fern\u00e1ndez, Alexis Mac Allister, Rodrigo De Paul, Exequiel Palacios y Leandro Paredes. Adem\u00e1s, incorpora a Nico Paz y Franco Mastantuono. Thiago Almada no contar\u00e1 con figurita propia, pese a su regularidad en las convocatorias.<\/p>\n<p>En la ofensiva se destacan Juli\u00e1n \u00c1lvarez, Lautaro Mart\u00ednez, Nicol\u00e1s Gonz\u00e1lez y Giuliano Simeone, acompa\u00f1ando al capit\u00e1n Lionel Messi, quien se integra a la colecci\u00f3n por \u00faltima vez tras haber aparecido en forma consecutiva desde la edici\u00f3n de Alemania 2006.<\/p>\n<p>El evento de 2026 no solo ampl\u00eda el n\u00famero de selecciones, sino que tambi\u00e9n marcar\u00e1 el debut para una nueva provincia argentina: San Luis. El defensor Leonardo Balerdi, oriundo de Villa Mercedes, figura por primera vez, ocupando el n\u00famero siete entre las 20 estampas asignadas al combinado argentino.<\/p>\n<p><img loading=\"lazy\" decoding=\"async\" class=\"alignnone size-medium wp-image-213802\" src=\"https:\/\/radioinfinitagoya.com.ar\/v1\/wp-content\/uploads\/2026\/04\/2MXBWRXBKBG2REYTI3WIVHFJDY-600x391.jpg\" alt=\"\" width=\"600\" height=\"391\" srcset=\"https:\/\/radioinfinitagoya.com.ar\/v1\/wp-content\/uploads\/2026\/04\/2MXBWRXBKBG2REYTI3WIVHFJDY-600x391.jpg 600w, https:\/\/radioinfinitagoya.com.ar\/v1\/wp-content\/uploads\/2026\/04\/2MXBWRXBKBG2REYTI3WIVHFJDY-150x98.jpg 150w, https:\/\/radioinfinitagoya.com.ar\/v1\/wp-content\/uploads\/2026\/04\/2MXBWRXBKBG2REYTI3WIVHFJDY-768x500.jpg 768w, https:\/\/radioinfinitagoya.com.ar\/v1\/wp-content\/uploads\/2026\/04\/2MXBWRXBKBG2REYTI3WIVHFJDY-645x420.jpg 645w, https:\/\/radioinfinitagoya.com.ar\/v1\/wp-content\/uploads\/2026\/04\/2MXBWRXBKBG2REYTI3WIVHFJDY-696x453.jpg 696w, https:\/\/radioinfinitagoya.com.ar\/v1\/wp-content\/uploads\/2026\/04\/2MXBWRXBKBG2REYTI3WIVHFJDY.avif 992w\" sizes=\"auto, (max-width: 600px) 100vw, 600px\" \/><\/p>\n<p>El \u00e1lbum, lanzado por Panini este lunes 27 de abril, responde a un acuerdo que la editorial italiana mantiene con la Federaci\u00f3n Internacional de F\u00fatbol Asociaci\u00f3n (FIFA) desde 1970. Fundada en 1961 por Benito, Giuseppe, Umberto y Franco Panini, la compa\u00f1\u00eda ha sido la responsable de editar la colecci\u00f3n oficial de cada Copa del Mundo.<\/p>\n<p>Desde el punto de vista de los aficionados, el \u00e1lbum de 2026 constituye un archivo con valor hist\u00f3rico y emocional, que refuerza la costumbre de completar el libro intercambiando cromos.<\/p>\n<p>La Directora Comercial de la FIFA, Romy Gai, expres\u00f3: \u201cEl \u00e1lbum de cromos de Panini es una de las tradiciones m\u00e1s emblem\u00e1ticas y perdurables de la cultura futbol\u00edstica mundial. Durante generaciones, ha unido a los aficionados, desatado la emoci\u00f3n en todo el mundo y creado recuerdos que perduran mucho despu\u00e9s del pitido final. Esperamos celebrar un producto que une a coleccionistas, familias y aficionados de todas las edades. Este \u00e1lbum es m\u00e1s que un objeto de colecci\u00f3n: es un s\u00edmbolo de la alegr\u00eda, la pasi\u00f3n y la ilusi\u00f3n que definen la Copa Mundial de la FIFA\u201d.<\/p>\n<p><img loading=\"lazy\" decoding=\"async\" class=\"alignnone size-medium wp-image-213803\" src=\"https:\/\/radioinfinitagoya.com.ar\/v1\/wp-content\/uploads\/2026\/04\/A3FCZSDUQVHHJMUGMO6ADD4CFQ-452x600.jpg\" alt=\"\" width=\"452\" height=\"600\" srcset=\"https:\/\/radioinfinitagoya.com.ar\/v1\/wp-content\/uploads\/2026\/04\/A3FCZSDUQVHHJMUGMO6ADD4CFQ-452x600.jpg 452w, https:\/\/radioinfinitagoya.com.ar\/v1\/wp-content\/uploads\/2026\/04\/A3FCZSDUQVHHJMUGMO6ADD4CFQ-113x150.jpg 113w, https:\/\/radioinfinitagoya.com.ar\/v1\/wp-content\/uploads\/2026\/04\/A3FCZSDUQVHHJMUGMO6ADD4CFQ-768x1019.jpg 768w, https:\/\/radioinfinitagoya.com.ar\/v1\/wp-content\/uploads\/2026\/04\/A3FCZSDUQVHHJMUGMO6ADD4CFQ-317x420.jpg 317w, https:\/\/radioinfinitagoya.com.ar\/v1\/wp-content\/uploads\/2026\/04\/A3FCZSDUQVHHJMUGMO6ADD4CFQ-696x923.jpg 696w, https:\/\/radioinfinitagoya.com.ar\/v1\/wp-content\/uploads\/2026\/04\/A3FCZSDUQVHHJMUGMO6ADD4CFQ.avif 992w\" sizes=\"auto, (max-width: 452px) 100vw, 452px\" \/><\/p>\n<p>La edici\u00f3n para el Mundial 2026 introduce una variante digital que permite completar el \u00e1lbum de manera virtual a trav\u00e9s de su p\u00e1gina web y aplicaci\u00f3n. A cada usuario se le asignan dos sobres de regalo diarios, cada uno con cinco figuritas, una cantidad menor que el formato f\u00edsico.<\/p>\n<p>La Copa Mundial de la FIFA 2026 comenzar\u00e1 en 45 d\u00edas y, en ese contexto, la venta del \u00e1lbum f\u00edsico y digital potencia la expectativa de fan\u00e1ticos y coleccionistas. La versi\u00f3n virtual reproduce el esquema fundamental del coleccionismo: completar el libro con la mayor cantidad de figuritas posibles.<\/p>\n<p><img loading=\"lazy\" decoding=\"async\" class=\"alignnone size-medium wp-image-213804\" src=\"https:\/\/radioinfinitagoya.com.ar\/v1\/wp-content\/uploads\/2026\/04\/IECJOGRSO5B4XMEF2FLKFUJEO4-480x600.jpg\" alt=\"\" width=\"480\" height=\"600\" srcset=\"https:\/\/radioinfinitagoya.com.ar\/v1\/wp-content\/uploads\/2026\/04\/IECJOGRSO5B4XMEF2FLKFUJEO4-480x600.jpg 480w, https:\/\/radioinfinitagoya.com.ar\/v1\/wp-content\/uploads\/2026\/04\/IECJOGRSO5B4XMEF2FLKFUJEO4-120x150.jpg 120w, https:\/\/radioinfinitagoya.com.ar\/v1\/wp-content\/uploads\/2026\/04\/IECJOGRSO5B4XMEF2FLKFUJEO4-768x960.jpg 768w, https:\/\/radioinfinitagoya.com.ar\/v1\/wp-content\/uploads\/2026\/04\/IECJOGRSO5B4XMEF2FLKFUJEO4-336x420.jpg 336w, https:\/\/radioinfinitagoya.com.ar\/v1\/wp-content\/uploads\/2026\/04\/IECJOGRSO5B4XMEF2FLKFUJEO4-696x870.jpg 696w, https:\/\/radioinfinitagoya.com.ar\/v1\/wp-content\/uploads\/2026\/04\/IECJOGRSO5B4XMEF2FLKFUJEO4.avif 992w\" sizes=\"auto, (max-width: 480px) 100vw, 480px\" \/><\/p>\n","protected":false},"excerpt":{"rendered":"<p>Cu\u00e1nto cuesta y los jugadores ausentes de Argentina A 45 d\u00edas del inicio de la Copa del Mundo, ya se puede conseguir el \u00e1lbum f\u00edsico y digital en el pa\u00eds. Todos los detalles El \u00e1lbum de figuritas para la Copa Mundial de la FIFA 2026 ya est\u00e1 disponible a partir de este lunes, con un [&hellip;]<\/p>\n","protected":false},"author":4,"featured_media":213800,"comment_status":"open","ping_status":"open","sticky":false,"template":"","format":"standard","meta":{"_joinchat":[],"footnotes":""},"categories":[28],"tags":[],"class_list":{"0":"post-213799","1":"post","2":"type-post","3":"status-publish","4":"format-standard","5":"has-post-thumbnail","7":"category-deportes"},"yoast_head":"<!-- This site is optimized with the Yoast SEO plugin v27.2 - https:\/\/yoast.com\/product\/yoast-seo-wordpress\/ -->\n<title>Sali\u00f3 a la venta el \u00e1lbum oficial de figuritas del Mundial 2026 - Radio Infinita Goya<\/title>\n<meta name=\"description\" content=\"Cu\u00e1nto cuesta y los jugadores ausentes de Argentina A 45 d\u00edas del inicio de la Copa del Mundo, ya se puede conseguir el \u00e1lbum f\u00edsico y digital en el pa\u00eds.\" \/>\n<meta name=\"robots\" content=\"index, follow, max-snippet:-1, max-image-preview:large, max-video-preview:-1\" \/>\n<link rel=\"canonical\" href=\"https:\/\/radioinfinitagoya.com.ar\/v1\/2026\/04\/27\/salio-a-la-venta-el-album-oficial-de-figuritas-del-mundial-2026\/\" \/>\n<meta property=\"og:locale\" content=\"es_ES\" \/>\n<meta property=\"og:type\" content=\"article\" \/>\n<meta property=\"og:title\" content=\"Sali\u00f3 a la venta el \u00e1lbum oficial de figuritas del Mundial 2026 - Radio Infinita Goya\" \/>\n<meta property=\"og:description\" content=\"Cu\u00e1nto cuesta y los jugadores ausentes de Argentina A 45 d\u00edas del inicio de la Copa del Mundo, ya se puede conseguir el \u00e1lbum f\u00edsico y digital en el pa\u00eds.\" \/>\n<meta property=\"og:url\" content=\"https:\/\/radioinfinitagoya.com.ar\/v1\/2026\/04\/27\/salio-a-la-venta-el-album-oficial-de-figuritas-del-mundial-2026\/\" \/>\n<meta property=\"og:site_name\" content=\"Radio Infinita Goya\" \/>\n<meta property=\"article:publisher\" content=\"https:\/\/www.facebook.com\/p\/Infinita-Goya-100063870918311\/\" \/>\n<meta property=\"article:published_time\" content=\"2026-04-27T19:24:27+00:00\" \/>\n<meta property=\"og:image\" content=\"https:\/\/radioinfinitagoya.com.ar\/v1\/wp-content\/uploads\/2026\/04\/lyVR7xgP.jpg\" \/>\n\t<meta property=\"og:image:width\" content=\"680\" \/>\n\t<meta property=\"og:image:height\" content=\"340\" \/>\n\t<meta property=\"og:image:type\" content=\"image\/jpeg\" \/>\n<meta name=\"author\" content=\"Jorge Mi\u00f1o\" \/>\n<meta name=\"twitter:card\" content=\"summary_large_image\" \/>\n<meta name=\"twitter:label1\" content=\"Escrito por\" \/>\n\t<meta name=\"twitter:data1\" content=\"Jorge Mi\u00f1o\" \/>\n\t<meta name=\"twitter:label2\" content=\"Tiempo de lectura\" \/>\n\t<meta name=\"twitter:data2\" content=\"4 minutos\" \/>\n<script type=\"application\/ld+json\" class=\"yoast-schema-graph\">{\"@context\":\"https:\/\/schema.org\",\"@graph\":[{\"@type\":\"Article\",\"@id\":\"https:\/\/radioinfinitagoya.com.ar\/v1\/2026\/04\/27\/salio-a-la-venta-el-album-oficial-de-figuritas-del-mundial-2026\/#article\",\"isPartOf\":{\"@id\":\"https:\/\/radioinfinitagoya.com.ar\/v1\/2026\/04\/27\/salio-a-la-venta-el-album-oficial-de-figuritas-del-mundial-2026\/\"},\"author\":{\"name\":\"Jorge Mi\u00f1o\",\"@id\":\"https:\/\/radioinfinitagoya.com.ar\/v1\/#\/schema\/person\/d4cf9c413d4f6edb24aabdccab49ca4a\"},\"headline\":\"Sali\u00f3 a la venta el \u00e1lbum oficial de figuritas del Mundial 2026\",\"datePublished\":\"2026-04-27T19:24:27+00:00\",\"mainEntityOfPage\":{\"@id\":\"https:\/\/radioinfinitagoya.com.ar\/v1\/2026\/04\/27\/salio-a-la-venta-el-album-oficial-de-figuritas-del-mundial-2026\/\"},\"wordCount\":705,\"commentCount\":0,\"publisher\":{\"@id\":\"https:\/\/radioinfinitagoya.com.ar\/v1\/#organization\"},\"image\":{\"@id\":\"https:\/\/radioinfinitagoya.com.ar\/v1\/2026\/04\/27\/salio-a-la-venta-el-album-oficial-de-figuritas-del-mundial-2026\/#primaryimage\"},\"thumbnailUrl\":\"https:\/\/radioinfinitagoya.com.ar\/v1\/wp-content\/uploads\/2026\/04\/lyVR7xgP.jpg\",\"articleSection\":[\"DEPORTES\"],\"inLanguage\":\"es-AR\",\"potentialAction\":[{\"@type\":\"CommentAction\",\"name\":\"Comment\",\"target\":[\"https:\/\/radioinfinitagoya.com.ar\/v1\/2026\/04\/27\/salio-a-la-venta-el-album-oficial-de-figuritas-del-mundial-2026\/#respond\"]}]},{\"@type\":\"WebPage\",\"@id\":\"https:\/\/radioinfinitagoya.com.ar\/v1\/2026\/04\/27\/salio-a-la-venta-el-album-oficial-de-figuritas-del-mundial-2026\/\",\"url\":\"https:\/\/radioinfinitagoya.com.ar\/v1\/2026\/04\/27\/salio-a-la-venta-el-album-oficial-de-figuritas-del-mundial-2026\/\",\"name\":\"Sali\u00f3 a la venta el \u00e1lbum oficial de figuritas del Mundial 2026 - Radio Infinita Goya\",\"isPartOf\":{\"@id\":\"https:\/\/radioinfinitagoya.com.ar\/v1\/#website\"},\"primaryImageOfPage\":{\"@id\":\"https:\/\/radioinfinitagoya.com.ar\/v1\/2026\/04\/27\/salio-a-la-venta-el-album-oficial-de-figuritas-del-mundial-2026\/#primaryimage\"},\"image\":{\"@id\":\"https:\/\/radioinfinitagoya.com.ar\/v1\/2026\/04\/27\/salio-a-la-venta-el-album-oficial-de-figuritas-del-mundial-2026\/#primaryimage\"},\"thumbnailUrl\":\"https:\/\/radioinfinitagoya.com.ar\/v1\/wp-content\/uploads\/2026\/04\/lyVR7xgP.jpg\",\"datePublished\":\"2026-04-27T19:24:27+00:00\",\"description\":\"Cu\u00e1nto cuesta y los jugadores ausentes de Argentina A 45 d\u00edas del inicio de la Copa del Mundo, ya se puede conseguir el \u00e1lbum f\u00edsico y digital en el pa\u00eds.\",\"breadcrumb\":{\"@id\":\"https:\/\/radioinfinitagoya.com.ar\/v1\/2026\/04\/27\/salio-a-la-venta-el-album-oficial-de-figuritas-del-mundial-2026\/#breadcrumb\"},\"inLanguage\":\"es-AR\",\"potentialAction\":[{\"@type\":\"ReadAction\",\"target\":[\"https:\/\/radioinfinitagoya.com.ar\/v1\/2026\/04\/27\/salio-a-la-venta-el-album-oficial-de-figuritas-del-mundial-2026\/\"]}]},{\"@type\":\"ImageObject\",\"inLanguage\":\"es-AR\",\"@id\":\"https:\/\/radioinfinitagoya.com.ar\/v1\/2026\/04\/27\/salio-a-la-venta-el-album-oficial-de-figuritas-del-mundial-2026\/#primaryimage\",\"url\":\"https:\/\/radioinfinitagoya.com.ar\/v1\/wp-content\/uploads\/2026\/04\/lyVR7xgP.jpg\",\"contentUrl\":\"https:\/\/radioinfinitagoya.com.ar\/v1\/wp-content\/uploads\/2026\/04\/lyVR7xgP.jpg\",\"width\":680,\"height\":340},{\"@type\":\"BreadcrumbList\",\"@id\":\"https:\/\/radioinfinitagoya.com.ar\/v1\/2026\/04\/27\/salio-a-la-venta-el-album-oficial-de-figuritas-del-mundial-2026\/#breadcrumb\",\"itemListElement\":[{\"@type\":\"ListItem\",\"position\":1,\"name\":\"Inicio\",\"item\":\"https:\/\/radioinfinitagoya.com.ar\/v1\/\"},{\"@type\":\"ListItem\",\"position\":2,\"name\":\"Sali\u00f3 a la venta el \u00e1lbum oficial de figuritas del Mundial 2026\"}]},{\"@type\":\"WebSite\",\"@id\":\"https:\/\/radioinfinitagoya.com.ar\/v1\/#website\",\"url\":\"https:\/\/radioinfinitagoya.com.ar\/v1\/\",\"name\":\"radioinfinitagoya.com.ar\",\"description\":\"Radio de noticias\",\"publisher\":{\"@id\":\"https:\/\/radioinfinitagoya.com.ar\/v1\/#organization\"},\"potentialAction\":[{\"@type\":\"SearchAction\",\"target\":{\"@type\":\"EntryPoint\",\"urlTemplate\":\"https:\/\/radioinfinitagoya.com.ar\/v1\/?s={search_term_string}\"},\"query-input\":{\"@type\":\"PropertyValueSpecification\",\"valueRequired\":true,\"valueName\":\"search_term_string\"}}],\"inLanguage\":\"es-AR\"},{\"@type\":\"Organization\",\"@id\":\"https:\/\/radioinfinitagoya.com.ar\/v1\/#organization\",\"name\":\"Radio Infinita Goya\",\"url\":\"https:\/\/radioinfinitagoya.com.ar\/v1\/\",\"logo\":{\"@type\":\"ImageObject\",\"inLanguage\":\"es-AR\",\"@id\":\"https:\/\/radioinfinitagoya.com.ar\/v1\/#\/schema\/logo\/image\/\",\"url\":\"https:\/\/radioinfinitagoya.com.ar\/v1\/wp-content\/uploads\/2019\/11\/logo-pie-web.png\",\"contentUrl\":\"https:\/\/radioinfinitagoya.com.ar\/v1\/wp-content\/uploads\/2019\/11\/logo-pie-web.png\",\"width\":635,\"height\":326,\"caption\":\"Radio Infinita Goya\"},\"image\":{\"@id\":\"https:\/\/radioinfinitagoya.com.ar\/v1\/#\/schema\/logo\/image\/\"},\"sameAs\":[\"https:\/\/www.facebook.com\/p\/Infinita-Goya-100063870918311\/\"]},{\"@type\":\"Person\",\"@id\":\"https:\/\/radioinfinitagoya.com.ar\/v1\/#\/schema\/person\/d4cf9c413d4f6edb24aabdccab49ca4a\",\"name\":\"Jorge Mi\u00f1o\",\"image\":{\"@type\":\"ImageObject\",\"inLanguage\":\"es-AR\",\"@id\":\"https:\/\/secure.gravatar.com\/avatar\/910fcf6728fe95320e07a6643c1581fec1c7fc4bf8ae12e3d8f0d0373dc844be?s=96&d=mm&r=g\",\"url\":\"https:\/\/secure.gravatar.com\/avatar\/910fcf6728fe95320e07a6643c1581fec1c7fc4bf8ae12e3d8f0d0373dc844be?s=96&d=mm&r=g\",\"contentUrl\":\"https:\/\/secure.gravatar.com\/avatar\/910fcf6728fe95320e07a6643c1581fec1c7fc4bf8ae12e3d8f0d0373dc844be?s=96&d=mm&r=g\",\"caption\":\"Jorge Mi\u00f1o\"},\"sameAs\":[\"http:\/\/radioinfinitagoya.com.ar\"]}]}<\/script>\n<!-- \/ Yoast SEO plugin. -->","yoast_head_json":{"title":"Sali\u00f3 a la venta el \u00e1lbum oficial de figuritas del Mundial 2026 - Radio Infinita Goya","description":"Cu\u00e1nto cuesta y los jugadores ausentes de Argentina A 45 d\u00edas del inicio de la Copa del Mundo, ya se puede conseguir el \u00e1lbum f\u00edsico y digital en el pa\u00eds.","robots":{"index":"index","follow":"follow","max-snippet":"max-snippet:-1","max-image-preview":"max-image-preview:large","max-video-preview":"max-video-preview:-1"},"canonical":"https:\/\/radioinfinitagoya.com.ar\/v1\/2026\/04\/27\/salio-a-la-venta-el-album-oficial-de-figuritas-del-mundial-2026\/","og_locale":"es_ES","og_type":"article","og_title":"Sali\u00f3 a la venta el \u00e1lbum oficial de figuritas del Mundial 2026 - Radio Infinita Goya","og_description":"Cu\u00e1nto cuesta y los jugadores ausentes de Argentina A 45 d\u00edas del inicio de la Copa del Mundo, ya se puede conseguir el \u00e1lbum f\u00edsico y digital en el pa\u00eds.","og_url":"https:\/\/radioinfinitagoya.com.ar\/v1\/2026\/04\/27\/salio-a-la-venta-el-album-oficial-de-figuritas-del-mundial-2026\/","og_site_name":"Radio Infinita Goya","article_publisher":"https:\/\/www.facebook.com\/p\/Infinita-Goya-100063870918311\/","article_published_time":"2026-04-27T19:24:27+00:00","og_image":[{"width":680,"height":340,"url":"https:\/\/radioinfinitagoya.com.ar\/v1\/wp-content\/uploads\/2026\/04\/lyVR7xgP.jpg","type":"image\/jpeg"}],"author":"Jorge Mi\u00f1o","twitter_card":"summary_large_image","twitter_misc":{"Escrito por":"Jorge Mi\u00f1o","Tiempo de lectura":"4 minutos"},"schema":{"@context":"https:\/\/schema.org","@graph":[{"@type":"Article","@id":"https:\/\/radioinfinitagoya.com.ar\/v1\/2026\/04\/27\/salio-a-la-venta-el-album-oficial-de-figuritas-del-mundial-2026\/#article","isPartOf":{"@id":"https:\/\/radioinfinitagoya.com.ar\/v1\/2026\/04\/27\/salio-a-la-venta-el-album-oficial-de-figuritas-del-mundial-2026\/"},"author":{"name":"Jorge Mi\u00f1o","@id":"https:\/\/radioinfinitagoya.com.ar\/v1\/#\/schema\/person\/d4cf9c413d4f6edb24aabdccab49ca4a"},"headline":"Sali\u00f3 a la venta el \u00e1lbum oficial de figuritas del Mundial 2026","datePublished":"2026-04-27T19:24:27+00:00","mainEntityOfPage":{"@id":"https:\/\/radioinfinitagoya.com.ar\/v1\/2026\/04\/27\/salio-a-la-venta-el-album-oficial-de-figuritas-del-mundial-2026\/"},"wordCount":705,"commentCount":0,"publisher":{"@id":"https:\/\/radioinfinitagoya.com.ar\/v1\/#organization"},"image":{"@id":"https:\/\/radioinfinitagoya.com.ar\/v1\/2026\/04\/27\/salio-a-la-venta-el-album-oficial-de-figuritas-del-mundial-2026\/#primaryimage"},"thumbnailUrl":"https:\/\/radioinfinitagoya.com.ar\/v1\/wp-content\/uploads\/2026\/04\/lyVR7xgP.jpg","articleSection":["DEPORTES"],"inLanguage":"es-AR","potentialAction":[{"@type":"CommentAction","name":"Comment","target":["https:\/\/radioinfinitagoya.com.ar\/v1\/2026\/04\/27\/salio-a-la-venta-el-album-oficial-de-figuritas-del-mundial-2026\/#respond"]}]},{"@type":"WebPage","@id":"https:\/\/radioinfinitagoya.com.ar\/v1\/2026\/04\/27\/salio-a-la-venta-el-album-oficial-de-figuritas-del-mundial-2026\/","url":"https:\/\/radioinfinitagoya.com.ar\/v1\/2026\/04\/27\/salio-a-la-venta-el-album-oficial-de-figuritas-del-mundial-2026\/","name":"Sali\u00f3 a la venta el \u00e1lbum oficial de figuritas del Mundial 2026 - Radio Infinita Goya","isPartOf":{"@id":"https:\/\/radioinfinitagoya.com.ar\/v1\/#website"},"primaryImageOfPage":{"@id":"https:\/\/radioinfinitagoya.com.ar\/v1\/2026\/04\/27\/salio-a-la-venta-el-album-oficial-de-figuritas-del-mundial-2026\/#primaryimage"},"image":{"@id":"https:\/\/radioinfinitagoya.com.ar\/v1\/2026\/04\/27\/salio-a-la-venta-el-album-oficial-de-figuritas-del-mundial-2026\/#primaryimage"},"thumbnailUrl":"https:\/\/radioinfinitagoya.com.ar\/v1\/wp-content\/uploads\/2026\/04\/lyVR7xgP.jpg","datePublished":"2026-04-27T19:24:27+00:00","description":"Cu\u00e1nto cuesta y los jugadores ausentes de Argentina A 45 d\u00edas del inicio de la Copa del Mundo, ya se puede conseguir el \u00e1lbum f\u00edsico y digital en el pa\u00eds.","breadcrumb":{"@id":"https:\/\/radioinfinitagoya.com.ar\/v1\/2026\/04\/27\/salio-a-la-venta-el-album-oficial-de-figuritas-del-mundial-2026\/#breadcrumb"},"inLanguage":"es-AR","potentialAction":[{"@type":"ReadAction","target":["https:\/\/radioinfinitagoya.com.ar\/v1\/2026\/04\/27\/salio-a-la-venta-el-album-oficial-de-figuritas-del-mundial-2026\/"]}]},{"@type":"ImageObject","inLanguage":"es-AR","@id":"https:\/\/radioinfinitagoya.com.ar\/v1\/2026\/04\/27\/salio-a-la-venta-el-album-oficial-de-figuritas-del-mundial-2026\/#primaryimage","url":"https:\/\/radioinfinitagoya.com.ar\/v1\/wp-content\/uploads\/2026\/04\/lyVR7xgP.jpg","contentUrl":"https:\/\/radioinfinitagoya.com.ar\/v1\/wp-content\/uploads\/2026\/04\/lyVR7xgP.jpg","width":680,"height":340},{"@type":"BreadcrumbList","@id":"https:\/\/radioinfinitagoya.com.ar\/v1\/2026\/04\/27\/salio-a-la-venta-el-album-oficial-de-figuritas-del-mundial-2026\/#breadcrumb","itemListElement":[{"@type":"ListItem","position":1,"name":"Inicio","item":"https:\/\/radioinfinitagoya.com.ar\/v1\/"},{"@type":"ListItem","position":2,"name":"Sali\u00f3 a la venta el \u00e1lbum oficial de figuritas del Mundial 2026"}]},{"@type":"WebSite","@id":"https:\/\/radioinfinitagoya.com.ar\/v1\/#website","url":"https:\/\/radioinfinitagoya.com.ar\/v1\/","name":"radioinfinitagoya.com.ar","description":"Radio de noticias","publisher":{"@id":"https:\/\/radioinfinitagoya.com.ar\/v1\/#organization"},"potentialAction":[{"@type":"SearchAction","target":{"@type":"EntryPoint","urlTemplate":"https:\/\/radioinfinitagoya.com.ar\/v1\/?s={search_term_string}"},"query-input":{"@type":"PropertyValueSpecification","valueRequired":true,"valueName":"search_term_string"}}],"inLanguage":"es-AR"},{"@type":"Organization","@id":"https:\/\/radioinfinitagoya.com.ar\/v1\/#organization","name":"Radio Infinita Goya","url":"https:\/\/radioinfinitagoya.com.ar\/v1\/","logo":{"@type":"ImageObject","inLanguage":"es-AR","@id":"https:\/\/radioinfinitagoya.com.ar\/v1\/#\/schema\/logo\/image\/","url":"https:\/\/radioinfinitagoya.com.ar\/v1\/wp-content\/uploads\/2019\/11\/logo-pie-web.png","contentUrl":"https:\/\/radioinfinitagoya.com.ar\/v1\/wp-content\/uploads\/2019\/11\/logo-pie-web.png","width":635,"height":326,"caption":"Radio Infinita Goya"},"image":{"@id":"https:\/\/radioinfinitagoya.com.ar\/v1\/#\/schema\/logo\/image\/"},"sameAs":["https:\/\/www.facebook.com\/p\/Infinita-Goya-100063870918311\/"]},{"@type":"Person","@id":"https:\/\/radioinfinitagoya.com.ar\/v1\/#\/schema\/person\/d4cf9c413d4f6edb24aabdccab49ca4a","name":"Jorge Mi\u00f1o","image":{"@type":"ImageObject","inLanguage":"es-AR","@id":"https:\/\/secure.gravatar.com\/avatar\/910fcf6728fe95320e07a6643c1581fec1c7fc4bf8ae12e3d8f0d0373dc844be?s=96&d=mm&r=g","url":"https:\/\/secure.gravatar.com\/avatar\/910fcf6728fe95320e07a6643c1581fec1c7fc4bf8ae12e3d8f0d0373dc844be?s=96&d=mm&r=g","contentUrl":"https:\/\/secure.gravatar.com\/avatar\/910fcf6728fe95320e07a6643c1581fec1c7fc4bf8ae12e3d8f0d0373dc844be?s=96&d=mm&r=g","caption":"Jorge Mi\u00f1o"},"sameAs":["http:\/\/radioinfinitagoya.com.ar"]}]}},"_links":{"self":[{"href":"https:\/\/radioinfinitagoya.com.ar\/v1\/wp-json\/wp\/v2\/posts\/213799","targetHints":{"allow":["GET"]}}],"collection":[{"href":"https:\/\/radioinfinitagoya.com.ar\/v1\/wp-json\/wp\/v2\/posts"}],"about":[{"href":"https:\/\/radioinfinitagoya.com.ar\/v1\/wp-json\/wp\/v2\/types\/post"}],"author":[{"embeddable":true,"href":"https:\/\/radioinfinitagoya.com.ar\/v1\/wp-json\/wp\/v2\/users\/4"}],"replies":[{"embeddable":true,"href":"https:\/\/radioinfinitagoya.com.ar\/v1\/wp-json\/wp\/v2\/comments?post=213799"}],"version-history":[{"count":1,"href":"https:\/\/radioinfinitagoya.com.ar\/v1\/wp-json\/wp\/v2\/posts\/213799\/revisions"}],"predecessor-version":[{"id":213805,"href":"https:\/\/radioinfinitagoya.com.ar\/v1\/wp-json\/wp\/v2\/posts\/213799\/revisions\/213805"}],"wp:featuredmedia":[{"embeddable":true,"href":"https:\/\/radioinfinitagoya.com.ar\/v1\/wp-json\/wp\/v2\/media\/213800"}],"wp:attachment":[{"href":"https:\/\/radioinfinitagoya.com.ar\/v1\/wp-json\/wp\/v2\/media?parent=213799"}],"wp:term":[{"taxonomy":"category","embeddable":true,"href":"https:\/\/radioinfinitagoya.com.ar\/v1\/wp-json\/wp\/v2\/categories?post=213799"},{"taxonomy":"post_tag","embeddable":true,"href":"https:\/\/radioinfinitagoya.com.ar\/v1\/wp-json\/wp\/v2\/tags?post=213799"}],"curies":[{"name":"wp","href":"https:\/\/api.w.org\/{rel}","templated":true}]}}