{"id":213809,"date":"2026-04-27T16:30:31","date_gmt":"2026-04-27T19:30:31","guid":{"rendered":"https:\/\/radioinfinitagoya.com.ar\/v1\/?p=213809"},"modified":"2026-04-27T16:30:31","modified_gmt":"2026-04-27T19:30:31","slug":"real-madrid-inicio-gestiones-para-que-scaloni-sea-su-nuevo-entrenador","status":"publish","type":"post","link":"https:\/\/radioinfinitagoya.com.ar\/v1\/2026\/04\/27\/real-madrid-inicio-gestiones-para-que-scaloni-sea-su-nuevo-entrenador\/","title":{"rendered":"Real Madrid inici\u00f3 gestiones para que Scaloni sea su nuevo entrenador"},"content":{"rendered":"<p>\u201cTe aseguro que lo han contactado\u201d<\/p>\n<p>Seg\u00fan detall\u00f3 la cadena COPE en Espa\u00f1a, el DT de la selecci\u00f3n argentina es uno de los candidatos al bando del Merengue<\/p>\n<p>Cuando restan 45 d\u00edas para el comienzo del Mundial 2025, uno de los temas que tienen el vilo al f\u00fatbol de Europa es el futuro del banco del Real Madrid, escenario que gener\u00f3 intensas especulaciones luego de que el periodista y presentador de televisi\u00f3n espa\u00f1ol Manuel Lama Jim\u00e9nez, conocido como Manolo Lama, asegurara en el programa El Tertuli\u00f3n de los domingos de la cadena COPE que el club blanco contact\u00f3 al t\u00e9cnico de la selecci\u00f3n argentina, Lionel Scaloni.<\/p>\n<p>\u201cYo te aseguro que el Real Madrid ha contactado con Scaloni. Te lo aseguro. Madrid est\u00e1 sondeando muchos entrenadores, pero esto te lo aseguro, el Madrid ha contactado con Scaloni, seleccionador argentino\u201d, afirm\u00f3 el periodista en el espacio considerado uno de los m\u00e1s influyentes de la radio deportiva espa\u00f1ola.<\/p>\n<p>Las declaraciones de Manolo Lama se producen en un contexto de incertidumbre para el equipo dirigido por \u00c1lvaro Arbeloa. El Real Madrid, tras empatar en su \u00faltimo partido frente al Betis, se encuentra a 11 puntos del Barcelona, l\u00edder de la La Liga, con solo cinco jornadas restantes en el calendario (85 a 74). Adem\u00e1s, el equipo qued\u00f3 eliminado en los cuartos de final de la UEFA Champions League a manos del Bayern M\u00fanich y se despidi\u00f3 de la Copa del Rey tras caer sorpresivamente ante el Albacete en octavos de final. Esta situaci\u00f3n ha acelerado la b\u00fasqueda de alternativas de cara a la temporada 2026\/2027.<\/p>\n<p>Seg\u00fan el reporte de Cadena Cope, la directiva del Real Madrid, encabezada por Florentino P\u00e9rez, ha iniciado contactos preliminares con el entorno de Lionel Scaloni con el objetivo de que el t\u00e9cnico argentino asuma el mando del primer equipo tras el Mundial de 2026. El contrato de Scaloni con la Asociaci\u00f3n del F\u00fatbol Argentino (AFA) expira al finalizar la participaci\u00f3n de la Selecci\u00f3n Argentina en la cita mundialista, que se disputar\u00e1 en Estados Unidos, M\u00e9xico y Canad\u00e1, con la final programada para el 19 de julio en el MetLife Stadium de Nueva Jersey.<\/p>\n<p>Esta informaci\u00f3n se enmarca en un escenario donde varios nombres han sido vinculados como potenciales sucesores de Arbeloa. Entre los candidatos mencionados figuran Zinedine Zidane, con un acuerdo avanzado para asumir en la selecci\u00f3n de Francia; Jurgen Klopp, actual director deportivo de Red Bull; Didier Deschamps, quien concluir\u00e1 su ciclo con Francia tras el Mundial, y Jos\u00e9 Mourinho, al frente del Benfica, entre otros. Adem\u00e1s, en El Tertuli\u00f3n de los domingos se sumaron los nombres de Mauricio Pochettino, actual seleccionador de Estados Unidos, y Massimiliano Allegri, t\u00e9cnico de la Juventus, como opciones consideradas por la dirigencia blanca.<\/p>\n<p>De acuerdo con lo transmitido por COPE, el perfil de Scaloni es apreciado por la c\u00fapula directiva del Real Madrid por su capacidad para poder gestionar planteles con figuras internacionales como Vin\u00edcius, Kylian Mbapp\u00e9, Jude Bellingham y Federico Valverde. El plan, seg\u00fan apuntaron las mismas fuentes, ser\u00eda asegurar la llegada del argentino una vez concluya la participaci\u00f3n de la Albiceleste en la Copa del Mundo.<\/p>\n<p>En una conferencia de prensa durante los \u00faltimos amistosos de Argentina antes del Mundial, Scaloni fue consultado acerca de su futuro profesional y respondi\u00f3 que no piensa en lo que ocurrir\u00e1 despu\u00e9s del torneo en Norteam\u00e9rica.<\/p>\n<p>La lista de t\u00e9cnicos interesados en tomar la direcci\u00f3n del Real Madrid aument\u00f3 en los \u00faltimos d\u00edas, a medida que se acerca el final de la tempoorada, el futuro de \u00c1lvaro Arbeloa es una gran inc\u00f3gnita, ya que tras reemplazar a Xabi Alonso luego de su salida, no termin\u00f3 de darle un salto de calidad a un equipo que est\u00e1 en v\u00edsperas de no conseguir ning\u00fan t\u00edtulo en dos a\u00f1os. La direcci\u00f3n del club, liderada por Florentino P\u00e9rez, explora alternativas con miras a fortalecer el proyecto deportivo y recuperar el protagonismo en Espa\u00f1a y Europa tras una campa\u00f1a en la que los resultados no acompa\u00f1aron las expectativas y todo apunta a que quedar\u00e1n nuevamente en cero titulos conseguidos.<\/p>\n<p>&nbsp;<\/p>\n","protected":false},"excerpt":{"rendered":"<p>\u201cTe aseguro que lo han contactado\u201d Seg\u00fan detall\u00f3 la cadena COPE en Espa\u00f1a, el DT de la selecci\u00f3n argentina es uno de los candidatos al bando del Merengue Cuando restan 45 d\u00edas para el comienzo del Mundial 2025, uno de los temas que tienen el vilo al f\u00fatbol de Europa es el futuro del banco [&hellip;]<\/p>\n","protected":false},"author":4,"featured_media":213810,"comment_status":"open","ping_status":"open","sticky":false,"template":"","format":"standard","meta":{"_joinchat":[],"footnotes":""},"categories":[28],"tags":[],"class_list":{"0":"post-213809","1":"post","2":"type-post","3":"status-publish","4":"format-standard","5":"has-post-thumbnail","7":"category-deportes"},"yoast_head":"<!-- This site is optimized with the Yoast SEO plugin v27.2 - https:\/\/yoast.com\/product\/yoast-seo-wordpress\/ -->\n<title>Real Madrid inici\u00f3 gestiones para que Scaloni sea su nuevo entrenador - Radio Infinita Goya<\/title>\n<meta name=\"description\" content=\"\u201cTe aseguro que lo han contactado\u201d Seg\u00fan detall\u00f3 la cadena COPE en Espa\u00f1a, el DT de la selecci\u00f3n argentina es uno de los candidatos al bando del Merengue\" \/>\n<meta name=\"robots\" content=\"index, follow, max-snippet:-1, max-image-preview:large, max-video-preview:-1\" \/>\n<link rel=\"canonical\" href=\"https:\/\/radioinfinitagoya.com.ar\/v1\/2026\/04\/27\/real-madrid-inicio-gestiones-para-que-scaloni-sea-su-nuevo-entrenador\/\" \/>\n<meta property=\"og:locale\" content=\"es_ES\" \/>\n<meta property=\"og:type\" content=\"article\" \/>\n<meta property=\"og:title\" content=\"Real Madrid inici\u00f3 gestiones para que Scaloni sea su nuevo entrenador - Radio Infinita Goya\" \/>\n<meta property=\"og:description\" content=\"\u201cTe aseguro que lo han contactado\u201d Seg\u00fan detall\u00f3 la cadena COPE en Espa\u00f1a, el DT de la selecci\u00f3n argentina es uno de los candidatos al bando del Merengue\" \/>\n<meta property=\"og:url\" content=\"https:\/\/radioinfinitagoya.com.ar\/v1\/2026\/04\/27\/real-madrid-inicio-gestiones-para-que-scaloni-sea-su-nuevo-entrenador\/\" \/>\n<meta property=\"og:site_name\" content=\"Radio Infinita Goya\" \/>\n<meta property=\"article:publisher\" content=\"https:\/\/www.facebook.com\/p\/Infinita-Goya-100063870918311\/\" \/>\n<meta property=\"article:published_time\" content=\"2026-04-27T19:30:31+00:00\" \/>\n<meta property=\"og:image\" content=\"https:\/\/radioinfinitagoya.com.ar\/v1\/wp-content\/uploads\/2026\/04\/X2BRixNd.jpg\" \/>\n\t<meta property=\"og:image:width\" content=\"680\" \/>\n\t<meta property=\"og:image:height\" content=\"340\" \/>\n\t<meta property=\"og:image:type\" content=\"image\/jpeg\" \/>\n<meta name=\"author\" content=\"Jorge Mi\u00f1o\" \/>\n<meta name=\"twitter:card\" content=\"summary_large_image\" \/>\n<meta name=\"twitter:label1\" content=\"Escrito por\" \/>\n\t<meta name=\"twitter:data1\" content=\"Jorge Mi\u00f1o\" \/>\n\t<meta name=\"twitter:label2\" content=\"Tiempo de lectura\" \/>\n\t<meta name=\"twitter:data2\" content=\"4 minutos\" \/>\n<script type=\"application\/ld+json\" class=\"yoast-schema-graph\">{\"@context\":\"https:\/\/schema.org\",\"@graph\":[{\"@type\":\"Article\",\"@id\":\"https:\/\/radioinfinitagoya.com.ar\/v1\/2026\/04\/27\/real-madrid-inicio-gestiones-para-que-scaloni-sea-su-nuevo-entrenador\/#article\",\"isPartOf\":{\"@id\":\"https:\/\/radioinfinitagoya.com.ar\/v1\/2026\/04\/27\/real-madrid-inicio-gestiones-para-que-scaloni-sea-su-nuevo-entrenador\/\"},\"author\":{\"name\":\"Jorge Mi\u00f1o\",\"@id\":\"https:\/\/radioinfinitagoya.com.ar\/v1\/#\/schema\/person\/d4cf9c413d4f6edb24aabdccab49ca4a\"},\"headline\":\"Real Madrid inici\u00f3 gestiones para que Scaloni sea su nuevo entrenador\",\"datePublished\":\"2026-04-27T19:30:31+00:00\",\"mainEntityOfPage\":{\"@id\":\"https:\/\/radioinfinitagoya.com.ar\/v1\/2026\/04\/27\/real-madrid-inicio-gestiones-para-que-scaloni-sea-su-nuevo-entrenador\/\"},\"wordCount\":726,\"commentCount\":0,\"publisher\":{\"@id\":\"https:\/\/radioinfinitagoya.com.ar\/v1\/#organization\"},\"image\":{\"@id\":\"https:\/\/radioinfinitagoya.com.ar\/v1\/2026\/04\/27\/real-madrid-inicio-gestiones-para-que-scaloni-sea-su-nuevo-entrenador\/#primaryimage\"},\"thumbnailUrl\":\"https:\/\/radioinfinitagoya.com.ar\/v1\/wp-content\/uploads\/2026\/04\/X2BRixNd.jpg\",\"articleSection\":[\"DEPORTES\"],\"inLanguage\":\"es-AR\",\"potentialAction\":[{\"@type\":\"CommentAction\",\"name\":\"Comment\",\"target\":[\"https:\/\/radioinfinitagoya.com.ar\/v1\/2026\/04\/27\/real-madrid-inicio-gestiones-para-que-scaloni-sea-su-nuevo-entrenador\/#respond\"]}]},{\"@type\":\"WebPage\",\"@id\":\"https:\/\/radioinfinitagoya.com.ar\/v1\/2026\/04\/27\/real-madrid-inicio-gestiones-para-que-scaloni-sea-su-nuevo-entrenador\/\",\"url\":\"https:\/\/radioinfinitagoya.com.ar\/v1\/2026\/04\/27\/real-madrid-inicio-gestiones-para-que-scaloni-sea-su-nuevo-entrenador\/\",\"name\":\"Real Madrid inici\u00f3 gestiones para que Scaloni sea su nuevo entrenador - Radio Infinita Goya\",\"isPartOf\":{\"@id\":\"https:\/\/radioinfinitagoya.com.ar\/v1\/#website\"},\"primaryImageOfPage\":{\"@id\":\"https:\/\/radioinfinitagoya.com.ar\/v1\/2026\/04\/27\/real-madrid-inicio-gestiones-para-que-scaloni-sea-su-nuevo-entrenador\/#primaryimage\"},\"image\":{\"@id\":\"https:\/\/radioinfinitagoya.com.ar\/v1\/2026\/04\/27\/real-madrid-inicio-gestiones-para-que-scaloni-sea-su-nuevo-entrenador\/#primaryimage\"},\"thumbnailUrl\":\"https:\/\/radioinfinitagoya.com.ar\/v1\/wp-content\/uploads\/2026\/04\/X2BRixNd.jpg\",\"datePublished\":\"2026-04-27T19:30:31+00:00\",\"description\":\"\u201cTe aseguro que lo han contactado\u201d Seg\u00fan detall\u00f3 la cadena COPE en Espa\u00f1a, el DT de la selecci\u00f3n argentina es uno de los candidatos al bando del Merengue\",\"breadcrumb\":{\"@id\":\"https:\/\/radioinfinitagoya.com.ar\/v1\/2026\/04\/27\/real-madrid-inicio-gestiones-para-que-scaloni-sea-su-nuevo-entrenador\/#breadcrumb\"},\"inLanguage\":\"es-AR\",\"potentialAction\":[{\"@type\":\"ReadAction\",\"target\":[\"https:\/\/radioinfinitagoya.com.ar\/v1\/2026\/04\/27\/real-madrid-inicio-gestiones-para-que-scaloni-sea-su-nuevo-entrenador\/\"]}]},{\"@type\":\"ImageObject\",\"inLanguage\":\"es-AR\",\"@id\":\"https:\/\/radioinfinitagoya.com.ar\/v1\/2026\/04\/27\/real-madrid-inicio-gestiones-para-que-scaloni-sea-su-nuevo-entrenador\/#primaryimage\",\"url\":\"https:\/\/radioinfinitagoya.com.ar\/v1\/wp-content\/uploads\/2026\/04\/X2BRixNd.jpg\",\"contentUrl\":\"https:\/\/radioinfinitagoya.com.ar\/v1\/wp-content\/uploads\/2026\/04\/X2BRixNd.jpg\",\"width\":680,\"height\":340},{\"@type\":\"BreadcrumbList\",\"@id\":\"https:\/\/radioinfinitagoya.com.ar\/v1\/2026\/04\/27\/real-madrid-inicio-gestiones-para-que-scaloni-sea-su-nuevo-entrenador\/#breadcrumb\",\"itemListElement\":[{\"@type\":\"ListItem\",\"position\":1,\"name\":\"Inicio\",\"item\":\"https:\/\/radioinfinitagoya.com.ar\/v1\/\"},{\"@type\":\"ListItem\",\"position\":2,\"name\":\"Real Madrid inici\u00f3 gestiones para que Scaloni sea su nuevo entrenador\"}]},{\"@type\":\"WebSite\",\"@id\":\"https:\/\/radioinfinitagoya.com.ar\/v1\/#website\",\"url\":\"https:\/\/radioinfinitagoya.com.ar\/v1\/\",\"name\":\"radioinfinitagoya.com.ar\",\"description\":\"Radio de noticias\",\"publisher\":{\"@id\":\"https:\/\/radioinfinitagoya.com.ar\/v1\/#organization\"},\"potentialAction\":[{\"@type\":\"SearchAction\",\"target\":{\"@type\":\"EntryPoint\",\"urlTemplate\":\"https:\/\/radioinfinitagoya.com.ar\/v1\/?s={search_term_string}\"},\"query-input\":{\"@type\":\"PropertyValueSpecification\",\"valueRequired\":true,\"valueName\":\"search_term_string\"}}],\"inLanguage\":\"es-AR\"},{\"@type\":\"Organization\",\"@id\":\"https:\/\/radioinfinitagoya.com.ar\/v1\/#organization\",\"name\":\"Radio Infinita Goya\",\"url\":\"https:\/\/radioinfinitagoya.com.ar\/v1\/\",\"logo\":{\"@type\":\"ImageObject\",\"inLanguage\":\"es-AR\",\"@id\":\"https:\/\/radioinfinitagoya.com.ar\/v1\/#\/schema\/logo\/image\/\",\"url\":\"https:\/\/radioinfinitagoya.com.ar\/v1\/wp-content\/uploads\/2019\/11\/logo-pie-web.png\",\"contentUrl\":\"https:\/\/radioinfinitagoya.com.ar\/v1\/wp-content\/uploads\/2019\/11\/logo-pie-web.png\",\"width\":635,\"height\":326,\"caption\":\"Radio Infinita Goya\"},\"image\":{\"@id\":\"https:\/\/radioinfinitagoya.com.ar\/v1\/#\/schema\/logo\/image\/\"},\"sameAs\":[\"https:\/\/www.facebook.com\/p\/Infinita-Goya-100063870918311\/\"]},{\"@type\":\"Person\",\"@id\":\"https:\/\/radioinfinitagoya.com.ar\/v1\/#\/schema\/person\/d4cf9c413d4f6edb24aabdccab49ca4a\",\"name\":\"Jorge Mi\u00f1o\",\"image\":{\"@type\":\"ImageObject\",\"inLanguage\":\"es-AR\",\"@id\":\"https:\/\/secure.gravatar.com\/avatar\/910fcf6728fe95320e07a6643c1581fec1c7fc4bf8ae12e3d8f0d0373dc844be?s=96&d=mm&r=g\",\"url\":\"https:\/\/secure.gravatar.com\/avatar\/910fcf6728fe95320e07a6643c1581fec1c7fc4bf8ae12e3d8f0d0373dc844be?s=96&d=mm&r=g\",\"contentUrl\":\"https:\/\/secure.gravatar.com\/avatar\/910fcf6728fe95320e07a6643c1581fec1c7fc4bf8ae12e3d8f0d0373dc844be?s=96&d=mm&r=g\",\"caption\":\"Jorge Mi\u00f1o\"},\"sameAs\":[\"http:\/\/radioinfinitagoya.com.ar\"]}]}<\/script>\n<!-- \/ Yoast SEO plugin. -->","yoast_head_json":{"title":"Real Madrid inici\u00f3 gestiones para que Scaloni sea su nuevo entrenador - Radio Infinita Goya","description":"\u201cTe aseguro que lo han contactado\u201d Seg\u00fan detall\u00f3 la cadena COPE en Espa\u00f1a, el DT de la selecci\u00f3n argentina es uno de los candidatos al bando del Merengue","robots":{"index":"index","follow":"follow","max-snippet":"max-snippet:-1","max-image-preview":"max-image-preview:large","max-video-preview":"max-video-preview:-1"},"canonical":"https:\/\/radioinfinitagoya.com.ar\/v1\/2026\/04\/27\/real-madrid-inicio-gestiones-para-que-scaloni-sea-su-nuevo-entrenador\/","og_locale":"es_ES","og_type":"article","og_title":"Real Madrid inici\u00f3 gestiones para que Scaloni sea su nuevo entrenador - Radio Infinita Goya","og_description":"\u201cTe aseguro que lo han contactado\u201d Seg\u00fan detall\u00f3 la cadena COPE en Espa\u00f1a, el DT de la selecci\u00f3n argentina es uno de los candidatos al bando del Merengue","og_url":"https:\/\/radioinfinitagoya.com.ar\/v1\/2026\/04\/27\/real-madrid-inicio-gestiones-para-que-scaloni-sea-su-nuevo-entrenador\/","og_site_name":"Radio Infinita Goya","article_publisher":"https:\/\/www.facebook.com\/p\/Infinita-Goya-100063870918311\/","article_published_time":"2026-04-27T19:30:31+00:00","og_image":[{"width":680,"height":340,"url":"https:\/\/radioinfinitagoya.com.ar\/v1\/wp-content\/uploads\/2026\/04\/X2BRixNd.jpg","type":"image\/jpeg"}],"author":"Jorge Mi\u00f1o","twitter_card":"summary_large_image","twitter_misc":{"Escrito por":"Jorge Mi\u00f1o","Tiempo de lectura":"4 minutos"},"schema":{"@context":"https:\/\/schema.org","@graph":[{"@type":"Article","@id":"https:\/\/radioinfinitagoya.com.ar\/v1\/2026\/04\/27\/real-madrid-inicio-gestiones-para-que-scaloni-sea-su-nuevo-entrenador\/#article","isPartOf":{"@id":"https:\/\/radioinfinitagoya.com.ar\/v1\/2026\/04\/27\/real-madrid-inicio-gestiones-para-que-scaloni-sea-su-nuevo-entrenador\/"},"author":{"name":"Jorge Mi\u00f1o","@id":"https:\/\/radioinfinitagoya.com.ar\/v1\/#\/schema\/person\/d4cf9c413d4f6edb24aabdccab49ca4a"},"headline":"Real Madrid inici\u00f3 gestiones para que Scaloni sea su nuevo entrenador","datePublished":"2026-04-27T19:30:31+00:00","mainEntityOfPage":{"@id":"https:\/\/radioinfinitagoya.com.ar\/v1\/2026\/04\/27\/real-madrid-inicio-gestiones-para-que-scaloni-sea-su-nuevo-entrenador\/"},"wordCount":726,"commentCount":0,"publisher":{"@id":"https:\/\/radioinfinitagoya.com.ar\/v1\/#organization"},"image":{"@id":"https:\/\/radioinfinitagoya.com.ar\/v1\/2026\/04\/27\/real-madrid-inicio-gestiones-para-que-scaloni-sea-su-nuevo-entrenador\/#primaryimage"},"thumbnailUrl":"https:\/\/radioinfinitagoya.com.ar\/v1\/wp-content\/uploads\/2026\/04\/X2BRixNd.jpg","articleSection":["DEPORTES"],"inLanguage":"es-AR","potentialAction":[{"@type":"CommentAction","name":"Comment","target":["https:\/\/radioinfinitagoya.com.ar\/v1\/2026\/04\/27\/real-madrid-inicio-gestiones-para-que-scaloni-sea-su-nuevo-entrenador\/#respond"]}]},{"@type":"WebPage","@id":"https:\/\/radioinfinitagoya.com.ar\/v1\/2026\/04\/27\/real-madrid-inicio-gestiones-para-que-scaloni-sea-su-nuevo-entrenador\/","url":"https:\/\/radioinfinitagoya.com.ar\/v1\/2026\/04\/27\/real-madrid-inicio-gestiones-para-que-scaloni-sea-su-nuevo-entrenador\/","name":"Real Madrid inici\u00f3 gestiones para que Scaloni sea su nuevo entrenador - Radio Infinita Goya","isPartOf":{"@id":"https:\/\/radioinfinitagoya.com.ar\/v1\/#website"},"primaryImageOfPage":{"@id":"https:\/\/radioinfinitagoya.com.ar\/v1\/2026\/04\/27\/real-madrid-inicio-gestiones-para-que-scaloni-sea-su-nuevo-entrenador\/#primaryimage"},"image":{"@id":"https:\/\/radioinfinitagoya.com.ar\/v1\/2026\/04\/27\/real-madrid-inicio-gestiones-para-que-scaloni-sea-su-nuevo-entrenador\/#primaryimage"},"thumbnailUrl":"https:\/\/radioinfinitagoya.com.ar\/v1\/wp-content\/uploads\/2026\/04\/X2BRixNd.jpg","datePublished":"2026-04-27T19:30:31+00:00","description":"\u201cTe aseguro que lo han contactado\u201d Seg\u00fan detall\u00f3 la cadena COPE en Espa\u00f1a, el DT de la selecci\u00f3n argentina es uno de los candidatos al bando del Merengue","breadcrumb":{"@id":"https:\/\/radioinfinitagoya.com.ar\/v1\/2026\/04\/27\/real-madrid-inicio-gestiones-para-que-scaloni-sea-su-nuevo-entrenador\/#breadcrumb"},"inLanguage":"es-AR","potentialAction":[{"@type":"ReadAction","target":["https:\/\/radioinfinitagoya.com.ar\/v1\/2026\/04\/27\/real-madrid-inicio-gestiones-para-que-scaloni-sea-su-nuevo-entrenador\/"]}]},{"@type":"ImageObject","inLanguage":"es-AR","@id":"https:\/\/radioinfinitagoya.com.ar\/v1\/2026\/04\/27\/real-madrid-inicio-gestiones-para-que-scaloni-sea-su-nuevo-entrenador\/#primaryimage","url":"https:\/\/radioinfinitagoya.com.ar\/v1\/wp-content\/uploads\/2026\/04\/X2BRixNd.jpg","contentUrl":"https:\/\/radioinfinitagoya.com.ar\/v1\/wp-content\/uploads\/2026\/04\/X2BRixNd.jpg","width":680,"height":340},{"@type":"BreadcrumbList","@id":"https:\/\/radioinfinitagoya.com.ar\/v1\/2026\/04\/27\/real-madrid-inicio-gestiones-para-que-scaloni-sea-su-nuevo-entrenador\/#breadcrumb","itemListElement":[{"@type":"ListItem","position":1,"name":"Inicio","item":"https:\/\/radioinfinitagoya.com.ar\/v1\/"},{"@type":"ListItem","position":2,"name":"Real Madrid inici\u00f3 gestiones para que Scaloni sea su nuevo entrenador"}]},{"@type":"WebSite","@id":"https:\/\/radioinfinitagoya.com.ar\/v1\/#website","url":"https:\/\/radioinfinitagoya.com.ar\/v1\/","name":"radioinfinitagoya.com.ar","description":"Radio de noticias","publisher":{"@id":"https:\/\/radioinfinitagoya.com.ar\/v1\/#organization"},"potentialAction":[{"@type":"SearchAction","target":{"@type":"EntryPoint","urlTemplate":"https:\/\/radioinfinitagoya.com.ar\/v1\/?s={search_term_string}"},"query-input":{"@type":"PropertyValueSpecification","valueRequired":true,"valueName":"search_term_string"}}],"inLanguage":"es-AR"},{"@type":"Organization","@id":"https:\/\/radioinfinitagoya.com.ar\/v1\/#organization","name":"Radio Infinita Goya","url":"https:\/\/radioinfinitagoya.com.ar\/v1\/","logo":{"@type":"ImageObject","inLanguage":"es-AR","@id":"https:\/\/radioinfinitagoya.com.ar\/v1\/#\/schema\/logo\/image\/","url":"https:\/\/radioinfinitagoya.com.ar\/v1\/wp-content\/uploads\/2019\/11\/logo-pie-web.png","contentUrl":"https:\/\/radioinfinitagoya.com.ar\/v1\/wp-content\/uploads\/2019\/11\/logo-pie-web.png","width":635,"height":326,"caption":"Radio Infinita Goya"},"image":{"@id":"https:\/\/radioinfinitagoya.com.ar\/v1\/#\/schema\/logo\/image\/"},"sameAs":["https:\/\/www.facebook.com\/p\/Infinita-Goya-100063870918311\/"]},{"@type":"Person","@id":"https:\/\/radioinfinitagoya.com.ar\/v1\/#\/schema\/person\/d4cf9c413d4f6edb24aabdccab49ca4a","name":"Jorge Mi\u00f1o","image":{"@type":"ImageObject","inLanguage":"es-AR","@id":"https:\/\/secure.gravatar.com\/avatar\/910fcf6728fe95320e07a6643c1581fec1c7fc4bf8ae12e3d8f0d0373dc844be?s=96&d=mm&r=g","url":"https:\/\/secure.gravatar.com\/avatar\/910fcf6728fe95320e07a6643c1581fec1c7fc4bf8ae12e3d8f0d0373dc844be?s=96&d=mm&r=g","contentUrl":"https:\/\/secure.gravatar.com\/avatar\/910fcf6728fe95320e07a6643c1581fec1c7fc4bf8ae12e3d8f0d0373dc844be?s=96&d=mm&r=g","caption":"Jorge Mi\u00f1o"},"sameAs":["http:\/\/radioinfinitagoya.com.ar"]}]}},"_links":{"self":[{"href":"https:\/\/radioinfinitagoya.com.ar\/v1\/wp-json\/wp\/v2\/posts\/213809","targetHints":{"allow":["GET"]}}],"collection":[{"href":"https:\/\/radioinfinitagoya.com.ar\/v1\/wp-json\/wp\/v2\/posts"}],"about":[{"href":"https:\/\/radioinfinitagoya.com.ar\/v1\/wp-json\/wp\/v2\/types\/post"}],"author":[{"embeddable":true,"href":"https:\/\/radioinfinitagoya.com.ar\/v1\/wp-json\/wp\/v2\/users\/4"}],"replies":[{"embeddable":true,"href":"https:\/\/radioinfinitagoya.com.ar\/v1\/wp-json\/wp\/v2\/comments?post=213809"}],"version-history":[{"count":1,"href":"https:\/\/radioinfinitagoya.com.ar\/v1\/wp-json\/wp\/v2\/posts\/213809\/revisions"}],"predecessor-version":[{"id":213811,"href":"https:\/\/radioinfinitagoya.com.ar\/v1\/wp-json\/wp\/v2\/posts\/213809\/revisions\/213811"}],"wp:featuredmedia":[{"embeddable":true,"href":"https:\/\/radioinfinitagoya.com.ar\/v1\/wp-json\/wp\/v2\/media\/213810"}],"wp:attachment":[{"href":"https:\/\/radioinfinitagoya.com.ar\/v1\/wp-json\/wp\/v2\/media?parent=213809"}],"wp:term":[{"taxonomy":"category","embeddable":true,"href":"https:\/\/radioinfinitagoya.com.ar\/v1\/wp-json\/wp\/v2\/categories?post=213809"},{"taxonomy":"post_tag","embeddable":true,"href":"https:\/\/radioinfinitagoya.com.ar\/v1\/wp-json\/wp\/v2\/tags?post=213809"}],"curies":[{"name":"wp","href":"https:\/\/api.w.org\/{rel}","templated":true}]}}