{"id":213825,"date":"2026-04-28T15:37:50","date_gmt":"2026-04-28T18:37:50","guid":{"rendered":"https:\/\/radioinfinitagoya.com.ar\/v1\/?p=213825"},"modified":"2026-04-28T15:37:50","modified_gmt":"2026-04-28T18:37:50","slug":"goya-consolida-una-agenda-estrategica-entre-municipio-y-sector-academico-del-cluster-tecnologico","status":"publish","type":"post","link":"https:\/\/radioinfinitagoya.com.ar\/v1\/2026\/04\/28\/goya-consolida-una-agenda-estrategica-entre-municipio-y-sector-academico-del-cluster-tecnologico\/","title":{"rendered":"Goya consolida una agenda estrat\u00e9gica entre Municipio y sector acad\u00e9mico del Cl\u00faster Tecnol\u00f3gico"},"content":{"rendered":"<p>Para potenciar econom\u00eda del conocimiento<\/p>\n<p>Tras un encuentro clave en la Usina del Conocimiento, la Secretar\u00eda de Modernizaci\u00f3n y referentes de la Comisi\u00f3n Educaci\u00f3n del Cl\u00faster Tecnol\u00f3gico Goya definieron l\u00edneas de acci\u00f3n para vincular la formaci\u00f3n profesional con las demandas tecnol\u00f3gicas actuales.<\/p>\n<p>La Municipalidad de Goya contin\u00faa afianzando su rol como articulador entre el sector acad\u00e9mico y el productivo, con el objetivo de convertir a la ciudad en un polo tecnol\u00f3gico de referencia regional.<\/p>\n<p>En este marco, se establecieron nuevos criterios de trabajo conjunto para alinear la oferta educativa de nivel superior con las necesidades de las empresas de base tecnol\u00f3gica.<\/p>\n<p>Esta planificaci\u00f3n estrat\u00e9gica responde a los pilares de Modernizaci\u00f3n, Desarrollo e Inclusi\u00f3n que lidera el Intendente Dr. Mariano Hormaechea.<\/p>\n<p>La iniciativa busca garantizar que el crecimiento de la Econom\u00eda del Conocimiento en<\/p>\n<p>Goya se traduzca en oportunidades reales y empleo calificado para los j\u00f3venes<\/p>\n<p>locales.<\/p>\n<p>A partir de los datos expuestos por el Departamento Municipal de Estad\u00edsticas y del Sector Educativo, la Secretar\u00eda de Modernizaci\u00f3n inici\u00f3 un proceso de an\u00e1lisis de las fortalezas y desaf\u00edos de las carreras tecnol\u00f3gicas en la ciudad. Este relevamiento es la base para optimizar las trayectorias formativas y potenciar el talento goyano.<\/p>\n<p>Al respecto, el Secretario de Modernizaci\u00f3n, Innovaci\u00f3n y Desarrollo Tecnol\u00f3gico, Cr. Andr\u00e9s Zajarevich, enfatiz\u00f3 la proyecci\u00f3n de estas mesas de trabajo:<\/p>\n<p>&amp;quot; Estamos construyendo un puente s\u00f3lido entre las aulas y el sector productivo. La decisi\u00f3n pol\u00edtica del Intendente Hormaechea es trabajar sobre datos reales para que Goya sea una ciudad de vanguardia, donde la educaci\u00f3n de calidad sea el motor del<\/p>\n<p>desarrollo econ\u00f3mico&amp;quot;.<\/p>\n<p>COMPROMISO DEL ARCO ACAD\u00c9MICO.<\/p>\n<p>La mesa de trabajo cuenta con la participaci\u00f3n activa de los referentes de la educaci\u00f3n superior y t\u00e9cnica, quienes validan este proceso de integraci\u00f3n local:<\/p>\n<p>&#8211; Instituto Tecnol\u00f3gico Goya (ITG): Rector Lic. Marco Sosa.<\/p>\n<p>&#8211; Universidad de la Cuenca del Plata (UCP): Prof. Mario Contreras.<\/p>\n<p>&#8211; ISFD \u201cDr. Daniel Lesteime\u201d: Vicerrectora Prof. Marcela Dezotti, junto a los profesores Mar\u00eda Eugenia Polo y Alejandro Rojas.<\/p>\n<p>&#8211; St. Andrew\u2019s Institute: Prof. Eugenia Palacios.<\/p>\n<p>RESULTADOS Y VISI\u00d3N DE FUTURO<\/p>\n<p>La articulaci\u00f3n iniciada permite trazar una agenda com\u00fan para potenciar sectores clave como el software y la innovaci\u00f3n. Con estas acciones, el municipio reafirma que la Modernizaci\u00f3n es una pol\u00edtica de Estado constante, orientada a generar un Desarrollo<\/p>\n<p>inclusivo y con visi\u00f3n de futuro para toda la comunidad.<\/p>\n","protected":false},"excerpt":{"rendered":"<p>Para potenciar econom\u00eda del conocimiento Tras un encuentro clave en la Usina del Conocimiento, la Secretar\u00eda de Modernizaci\u00f3n y referentes de la Comisi\u00f3n Educaci\u00f3n del Cl\u00faster Tecnol\u00f3gico Goya definieron l\u00edneas de acci\u00f3n para vincular la formaci\u00f3n profesional con las demandas tecnol\u00f3gicas actuales. La Municipalidad de Goya contin\u00faa afianzando su rol como articulador entre el sector [&hellip;]<\/p>\n","protected":false},"author":4,"featured_media":213826,"comment_status":"open","ping_status":"open","sticky":false,"template":"","format":"standard","meta":{"_joinchat":[],"footnotes":""},"categories":[27],"tags":[],"class_list":{"0":"post-213825","1":"post","2":"type-post","3":"status-publish","4":"format-standard","5":"has-post-thumbnail","7":"category-locales"},"yoast_head":"<!-- This site is optimized with the Yoast SEO plugin v27.2 - https:\/\/yoast.com\/product\/yoast-seo-wordpress\/ -->\n<title>Goya consolida una agenda estrat\u00e9gica entre Municipio y sector acad\u00e9mico del Cl\u00faster Tecnol\u00f3gico - Radio Infinita Goya<\/title>\n<meta name=\"description\" content=\"Para potenciar econom\u00eda del conocimiento Tras un encuentro clave en la Usina del Conocimiento, la Secretar\u00eda de Modernizaci\u00f3n y referentes de la Comisi\u00f3n\" \/>\n<meta name=\"robots\" content=\"index, follow, max-snippet:-1, max-image-preview:large, max-video-preview:-1\" \/>\n<link rel=\"canonical\" href=\"https:\/\/radioinfinitagoya.com.ar\/v1\/2026\/04\/28\/goya-consolida-una-agenda-estrategica-entre-municipio-y-sector-academico-del-cluster-tecnologico\/\" \/>\n<meta property=\"og:locale\" content=\"es_ES\" \/>\n<meta property=\"og:type\" content=\"article\" \/>\n<meta property=\"og:title\" content=\"Goya consolida una agenda estrat\u00e9gica entre Municipio y sector acad\u00e9mico del Cl\u00faster Tecnol\u00f3gico - Radio Infinita Goya\" \/>\n<meta property=\"og:description\" content=\"Para potenciar econom\u00eda del conocimiento Tras un encuentro clave en la Usina del Conocimiento, la Secretar\u00eda de Modernizaci\u00f3n y referentes de la Comisi\u00f3n\" \/>\n<meta property=\"og:url\" content=\"https:\/\/radioinfinitagoya.com.ar\/v1\/2026\/04\/28\/goya-consolida-una-agenda-estrategica-entre-municipio-y-sector-academico-del-cluster-tecnologico\/\" \/>\n<meta property=\"og:site_name\" content=\"Radio Infinita Goya\" \/>\n<meta property=\"article:publisher\" content=\"https:\/\/www.facebook.com\/p\/Infinita-Goya-100063870918311\/\" \/>\n<meta property=\"article:published_time\" content=\"2026-04-28T18:37:50+00:00\" \/>\n<meta property=\"og:image\" content=\"https:\/\/radioinfinitagoya.com.ar\/v1\/wp-content\/uploads\/2026\/04\/cluster_tecnologico_go.jpg\" \/>\n\t<meta property=\"og:image:width\" content=\"848\" \/>\n\t<meta property=\"og:image:height\" content=\"477\" \/>\n\t<meta property=\"og:image:type\" content=\"image\/jpeg\" \/>\n<meta name=\"author\" content=\"Jorge Mi\u00f1o\" \/>\n<meta name=\"twitter:card\" content=\"summary_large_image\" \/>\n<meta name=\"twitter:label1\" content=\"Escrito por\" \/>\n\t<meta name=\"twitter:data1\" content=\"Jorge Mi\u00f1o\" \/>\n\t<meta name=\"twitter:label2\" content=\"Tiempo de lectura\" \/>\n\t<meta name=\"twitter:data2\" content=\"2 minutos\" \/>\n<script type=\"application\/ld+json\" class=\"yoast-schema-graph\">{\"@context\":\"https:\/\/schema.org\",\"@graph\":[{\"@type\":\"Article\",\"@id\":\"https:\/\/radioinfinitagoya.com.ar\/v1\/2026\/04\/28\/goya-consolida-una-agenda-estrategica-entre-municipio-y-sector-academico-del-cluster-tecnologico\/#article\",\"isPartOf\":{\"@id\":\"https:\/\/radioinfinitagoya.com.ar\/v1\/2026\/04\/28\/goya-consolida-una-agenda-estrategica-entre-municipio-y-sector-academico-del-cluster-tecnologico\/\"},\"author\":{\"name\":\"Jorge Mi\u00f1o\",\"@id\":\"https:\/\/radioinfinitagoya.com.ar\/v1\/#\/schema\/person\/d4cf9c413d4f6edb24aabdccab49ca4a\"},\"headline\":\"Goya consolida una agenda estrat\u00e9gica entre Municipio y sector acad\u00e9mico del Cl\u00faster Tecnol\u00f3gico\",\"datePublished\":\"2026-04-28T18:37:50+00:00\",\"mainEntityOfPage\":{\"@id\":\"https:\/\/radioinfinitagoya.com.ar\/v1\/2026\/04\/28\/goya-consolida-una-agenda-estrategica-entre-municipio-y-sector-academico-del-cluster-tecnologico\/\"},\"wordCount\":462,\"commentCount\":0,\"publisher\":{\"@id\":\"https:\/\/radioinfinitagoya.com.ar\/v1\/#organization\"},\"image\":{\"@id\":\"https:\/\/radioinfinitagoya.com.ar\/v1\/2026\/04\/28\/goya-consolida-una-agenda-estrategica-entre-municipio-y-sector-academico-del-cluster-tecnologico\/#primaryimage\"},\"thumbnailUrl\":\"https:\/\/radioinfinitagoya.com.ar\/v1\/wp-content\/uploads\/2026\/04\/cluster_tecnologico_go.jpg\",\"articleSection\":[\"LOCALES\"],\"inLanguage\":\"es-AR\",\"potentialAction\":[{\"@type\":\"CommentAction\",\"name\":\"Comment\",\"target\":[\"https:\/\/radioinfinitagoya.com.ar\/v1\/2026\/04\/28\/goya-consolida-una-agenda-estrategica-entre-municipio-y-sector-academico-del-cluster-tecnologico\/#respond\"]}]},{\"@type\":\"WebPage\",\"@id\":\"https:\/\/radioinfinitagoya.com.ar\/v1\/2026\/04\/28\/goya-consolida-una-agenda-estrategica-entre-municipio-y-sector-academico-del-cluster-tecnologico\/\",\"url\":\"https:\/\/radioinfinitagoya.com.ar\/v1\/2026\/04\/28\/goya-consolida-una-agenda-estrategica-entre-municipio-y-sector-academico-del-cluster-tecnologico\/\",\"name\":\"Goya consolida una agenda estrat\u00e9gica entre Municipio y sector acad\u00e9mico del Cl\u00faster Tecnol\u00f3gico - Radio Infinita Goya\",\"isPartOf\":{\"@id\":\"https:\/\/radioinfinitagoya.com.ar\/v1\/#website\"},\"primaryImageOfPage\":{\"@id\":\"https:\/\/radioinfinitagoya.com.ar\/v1\/2026\/04\/28\/goya-consolida-una-agenda-estrategica-entre-municipio-y-sector-academico-del-cluster-tecnologico\/#primaryimage\"},\"image\":{\"@id\":\"https:\/\/radioinfinitagoya.com.ar\/v1\/2026\/04\/28\/goya-consolida-una-agenda-estrategica-entre-municipio-y-sector-academico-del-cluster-tecnologico\/#primaryimage\"},\"thumbnailUrl\":\"https:\/\/radioinfinitagoya.com.ar\/v1\/wp-content\/uploads\/2026\/04\/cluster_tecnologico_go.jpg\",\"datePublished\":\"2026-04-28T18:37:50+00:00\",\"description\":\"Para potenciar econom\u00eda del conocimiento Tras un encuentro clave en la Usina del Conocimiento, la Secretar\u00eda de Modernizaci\u00f3n y referentes de la Comisi\u00f3n\",\"breadcrumb\":{\"@id\":\"https:\/\/radioinfinitagoya.com.ar\/v1\/2026\/04\/28\/goya-consolida-una-agenda-estrategica-entre-municipio-y-sector-academico-del-cluster-tecnologico\/#breadcrumb\"},\"inLanguage\":\"es-AR\",\"potentialAction\":[{\"@type\":\"ReadAction\",\"target\":[\"https:\/\/radioinfinitagoya.com.ar\/v1\/2026\/04\/28\/goya-consolida-una-agenda-estrategica-entre-municipio-y-sector-academico-del-cluster-tecnologico\/\"]}]},{\"@type\":\"ImageObject\",\"inLanguage\":\"es-AR\",\"@id\":\"https:\/\/radioinfinitagoya.com.ar\/v1\/2026\/04\/28\/goya-consolida-una-agenda-estrategica-entre-municipio-y-sector-academico-del-cluster-tecnologico\/#primaryimage\",\"url\":\"https:\/\/radioinfinitagoya.com.ar\/v1\/wp-content\/uploads\/2026\/04\/cluster_tecnologico_go.jpg\",\"contentUrl\":\"https:\/\/radioinfinitagoya.com.ar\/v1\/wp-content\/uploads\/2026\/04\/cluster_tecnologico_go.jpg\",\"width\":848,\"height\":477},{\"@type\":\"BreadcrumbList\",\"@id\":\"https:\/\/radioinfinitagoya.com.ar\/v1\/2026\/04\/28\/goya-consolida-una-agenda-estrategica-entre-municipio-y-sector-academico-del-cluster-tecnologico\/#breadcrumb\",\"itemListElement\":[{\"@type\":\"ListItem\",\"position\":1,\"name\":\"Inicio\",\"item\":\"https:\/\/radioinfinitagoya.com.ar\/v1\/\"},{\"@type\":\"ListItem\",\"position\":2,\"name\":\"Goya consolida una agenda estrat\u00e9gica entre Municipio y sector acad\u00e9mico del Cl\u00faster Tecnol\u00f3gico\"}]},{\"@type\":\"WebSite\",\"@id\":\"https:\/\/radioinfinitagoya.com.ar\/v1\/#website\",\"url\":\"https:\/\/radioinfinitagoya.com.ar\/v1\/\",\"name\":\"radioinfinitagoya.com.ar\",\"description\":\"Radio de noticias\",\"publisher\":{\"@id\":\"https:\/\/radioinfinitagoya.com.ar\/v1\/#organization\"},\"potentialAction\":[{\"@type\":\"SearchAction\",\"target\":{\"@type\":\"EntryPoint\",\"urlTemplate\":\"https:\/\/radioinfinitagoya.com.ar\/v1\/?s={search_term_string}\"},\"query-input\":{\"@type\":\"PropertyValueSpecification\",\"valueRequired\":true,\"valueName\":\"search_term_string\"}}],\"inLanguage\":\"es-AR\"},{\"@type\":\"Organization\",\"@id\":\"https:\/\/radioinfinitagoya.com.ar\/v1\/#organization\",\"name\":\"Radio Infinita Goya\",\"url\":\"https:\/\/radioinfinitagoya.com.ar\/v1\/\",\"logo\":{\"@type\":\"ImageObject\",\"inLanguage\":\"es-AR\",\"@id\":\"https:\/\/radioinfinitagoya.com.ar\/v1\/#\/schema\/logo\/image\/\",\"url\":\"https:\/\/radioinfinitagoya.com.ar\/v1\/wp-content\/uploads\/2019\/11\/logo-pie-web.png\",\"contentUrl\":\"https:\/\/radioinfinitagoya.com.ar\/v1\/wp-content\/uploads\/2019\/11\/logo-pie-web.png\",\"width\":635,\"height\":326,\"caption\":\"Radio Infinita Goya\"},\"image\":{\"@id\":\"https:\/\/radioinfinitagoya.com.ar\/v1\/#\/schema\/logo\/image\/\"},\"sameAs\":[\"https:\/\/www.facebook.com\/p\/Infinita-Goya-100063870918311\/\"]},{\"@type\":\"Person\",\"@id\":\"https:\/\/radioinfinitagoya.com.ar\/v1\/#\/schema\/person\/d4cf9c413d4f6edb24aabdccab49ca4a\",\"name\":\"Jorge Mi\u00f1o\",\"image\":{\"@type\":\"ImageObject\",\"inLanguage\":\"es-AR\",\"@id\":\"https:\/\/secure.gravatar.com\/avatar\/910fcf6728fe95320e07a6643c1581fec1c7fc4bf8ae12e3d8f0d0373dc844be?s=96&d=mm&r=g\",\"url\":\"https:\/\/secure.gravatar.com\/avatar\/910fcf6728fe95320e07a6643c1581fec1c7fc4bf8ae12e3d8f0d0373dc844be?s=96&d=mm&r=g\",\"contentUrl\":\"https:\/\/secure.gravatar.com\/avatar\/910fcf6728fe95320e07a6643c1581fec1c7fc4bf8ae12e3d8f0d0373dc844be?s=96&d=mm&r=g\",\"caption\":\"Jorge Mi\u00f1o\"},\"sameAs\":[\"http:\/\/radioinfinitagoya.com.ar\"]}]}<\/script>\n<!-- \/ Yoast SEO plugin. -->","yoast_head_json":{"title":"Goya consolida una agenda estrat\u00e9gica entre Municipio y sector acad\u00e9mico del Cl\u00faster Tecnol\u00f3gico - Radio Infinita Goya","description":"Para potenciar econom\u00eda del conocimiento Tras un encuentro clave en la Usina del Conocimiento, la Secretar\u00eda de Modernizaci\u00f3n y referentes de la Comisi\u00f3n","robots":{"index":"index","follow":"follow","max-snippet":"max-snippet:-1","max-image-preview":"max-image-preview:large","max-video-preview":"max-video-preview:-1"},"canonical":"https:\/\/radioinfinitagoya.com.ar\/v1\/2026\/04\/28\/goya-consolida-una-agenda-estrategica-entre-municipio-y-sector-academico-del-cluster-tecnologico\/","og_locale":"es_ES","og_type":"article","og_title":"Goya consolida una agenda estrat\u00e9gica entre Municipio y sector acad\u00e9mico del Cl\u00faster Tecnol\u00f3gico - Radio Infinita Goya","og_description":"Para potenciar econom\u00eda del conocimiento Tras un encuentro clave en la Usina del Conocimiento, la Secretar\u00eda de Modernizaci\u00f3n y referentes de la Comisi\u00f3n","og_url":"https:\/\/radioinfinitagoya.com.ar\/v1\/2026\/04\/28\/goya-consolida-una-agenda-estrategica-entre-municipio-y-sector-academico-del-cluster-tecnologico\/","og_site_name":"Radio Infinita Goya","article_publisher":"https:\/\/www.facebook.com\/p\/Infinita-Goya-100063870918311\/","article_published_time":"2026-04-28T18:37:50+00:00","og_image":[{"width":848,"height":477,"url":"https:\/\/radioinfinitagoya.com.ar\/v1\/wp-content\/uploads\/2026\/04\/cluster_tecnologico_go.jpg","type":"image\/jpeg"}],"author":"Jorge Mi\u00f1o","twitter_card":"summary_large_image","twitter_misc":{"Escrito por":"Jorge Mi\u00f1o","Tiempo de lectura":"2 minutos"},"schema":{"@context":"https:\/\/schema.org","@graph":[{"@type":"Article","@id":"https:\/\/radioinfinitagoya.com.ar\/v1\/2026\/04\/28\/goya-consolida-una-agenda-estrategica-entre-municipio-y-sector-academico-del-cluster-tecnologico\/#article","isPartOf":{"@id":"https:\/\/radioinfinitagoya.com.ar\/v1\/2026\/04\/28\/goya-consolida-una-agenda-estrategica-entre-municipio-y-sector-academico-del-cluster-tecnologico\/"},"author":{"name":"Jorge Mi\u00f1o","@id":"https:\/\/radioinfinitagoya.com.ar\/v1\/#\/schema\/person\/d4cf9c413d4f6edb24aabdccab49ca4a"},"headline":"Goya consolida una agenda estrat\u00e9gica entre Municipio y sector acad\u00e9mico del Cl\u00faster Tecnol\u00f3gico","datePublished":"2026-04-28T18:37:50+00:00","mainEntityOfPage":{"@id":"https:\/\/radioinfinitagoya.com.ar\/v1\/2026\/04\/28\/goya-consolida-una-agenda-estrategica-entre-municipio-y-sector-academico-del-cluster-tecnologico\/"},"wordCount":462,"commentCount":0,"publisher":{"@id":"https:\/\/radioinfinitagoya.com.ar\/v1\/#organization"},"image":{"@id":"https:\/\/radioinfinitagoya.com.ar\/v1\/2026\/04\/28\/goya-consolida-una-agenda-estrategica-entre-municipio-y-sector-academico-del-cluster-tecnologico\/#primaryimage"},"thumbnailUrl":"https:\/\/radioinfinitagoya.com.ar\/v1\/wp-content\/uploads\/2026\/04\/cluster_tecnologico_go.jpg","articleSection":["LOCALES"],"inLanguage":"es-AR","potentialAction":[{"@type":"CommentAction","name":"Comment","target":["https:\/\/radioinfinitagoya.com.ar\/v1\/2026\/04\/28\/goya-consolida-una-agenda-estrategica-entre-municipio-y-sector-academico-del-cluster-tecnologico\/#respond"]}]},{"@type":"WebPage","@id":"https:\/\/radioinfinitagoya.com.ar\/v1\/2026\/04\/28\/goya-consolida-una-agenda-estrategica-entre-municipio-y-sector-academico-del-cluster-tecnologico\/","url":"https:\/\/radioinfinitagoya.com.ar\/v1\/2026\/04\/28\/goya-consolida-una-agenda-estrategica-entre-municipio-y-sector-academico-del-cluster-tecnologico\/","name":"Goya consolida una agenda estrat\u00e9gica entre Municipio y sector acad\u00e9mico del Cl\u00faster Tecnol\u00f3gico - Radio Infinita Goya","isPartOf":{"@id":"https:\/\/radioinfinitagoya.com.ar\/v1\/#website"},"primaryImageOfPage":{"@id":"https:\/\/radioinfinitagoya.com.ar\/v1\/2026\/04\/28\/goya-consolida-una-agenda-estrategica-entre-municipio-y-sector-academico-del-cluster-tecnologico\/#primaryimage"},"image":{"@id":"https:\/\/radioinfinitagoya.com.ar\/v1\/2026\/04\/28\/goya-consolida-una-agenda-estrategica-entre-municipio-y-sector-academico-del-cluster-tecnologico\/#primaryimage"},"thumbnailUrl":"https:\/\/radioinfinitagoya.com.ar\/v1\/wp-content\/uploads\/2026\/04\/cluster_tecnologico_go.jpg","datePublished":"2026-04-28T18:37:50+00:00","description":"Para potenciar econom\u00eda del conocimiento Tras un encuentro clave en la Usina del Conocimiento, la Secretar\u00eda de Modernizaci\u00f3n y referentes de la Comisi\u00f3n","breadcrumb":{"@id":"https:\/\/radioinfinitagoya.com.ar\/v1\/2026\/04\/28\/goya-consolida-una-agenda-estrategica-entre-municipio-y-sector-academico-del-cluster-tecnologico\/#breadcrumb"},"inLanguage":"es-AR","potentialAction":[{"@type":"ReadAction","target":["https:\/\/radioinfinitagoya.com.ar\/v1\/2026\/04\/28\/goya-consolida-una-agenda-estrategica-entre-municipio-y-sector-academico-del-cluster-tecnologico\/"]}]},{"@type":"ImageObject","inLanguage":"es-AR","@id":"https:\/\/radioinfinitagoya.com.ar\/v1\/2026\/04\/28\/goya-consolida-una-agenda-estrategica-entre-municipio-y-sector-academico-del-cluster-tecnologico\/#primaryimage","url":"https:\/\/radioinfinitagoya.com.ar\/v1\/wp-content\/uploads\/2026\/04\/cluster_tecnologico_go.jpg","contentUrl":"https:\/\/radioinfinitagoya.com.ar\/v1\/wp-content\/uploads\/2026\/04\/cluster_tecnologico_go.jpg","width":848,"height":477},{"@type":"BreadcrumbList","@id":"https:\/\/radioinfinitagoya.com.ar\/v1\/2026\/04\/28\/goya-consolida-una-agenda-estrategica-entre-municipio-y-sector-academico-del-cluster-tecnologico\/#breadcrumb","itemListElement":[{"@type":"ListItem","position":1,"name":"Inicio","item":"https:\/\/radioinfinitagoya.com.ar\/v1\/"},{"@type":"ListItem","position":2,"name":"Goya consolida una agenda estrat\u00e9gica entre Municipio y sector acad\u00e9mico del Cl\u00faster Tecnol\u00f3gico"}]},{"@type":"WebSite","@id":"https:\/\/radioinfinitagoya.com.ar\/v1\/#website","url":"https:\/\/radioinfinitagoya.com.ar\/v1\/","name":"radioinfinitagoya.com.ar","description":"Radio de noticias","publisher":{"@id":"https:\/\/radioinfinitagoya.com.ar\/v1\/#organization"},"potentialAction":[{"@type":"SearchAction","target":{"@type":"EntryPoint","urlTemplate":"https:\/\/radioinfinitagoya.com.ar\/v1\/?s={search_term_string}"},"query-input":{"@type":"PropertyValueSpecification","valueRequired":true,"valueName":"search_term_string"}}],"inLanguage":"es-AR"},{"@type":"Organization","@id":"https:\/\/radioinfinitagoya.com.ar\/v1\/#organization","name":"Radio Infinita Goya","url":"https:\/\/radioinfinitagoya.com.ar\/v1\/","logo":{"@type":"ImageObject","inLanguage":"es-AR","@id":"https:\/\/radioinfinitagoya.com.ar\/v1\/#\/schema\/logo\/image\/","url":"https:\/\/radioinfinitagoya.com.ar\/v1\/wp-content\/uploads\/2019\/11\/logo-pie-web.png","contentUrl":"https:\/\/radioinfinitagoya.com.ar\/v1\/wp-content\/uploads\/2019\/11\/logo-pie-web.png","width":635,"height":326,"caption":"Radio Infinita Goya"},"image":{"@id":"https:\/\/radioinfinitagoya.com.ar\/v1\/#\/schema\/logo\/image\/"},"sameAs":["https:\/\/www.facebook.com\/p\/Infinita-Goya-100063870918311\/"]},{"@type":"Person","@id":"https:\/\/radioinfinitagoya.com.ar\/v1\/#\/schema\/person\/d4cf9c413d4f6edb24aabdccab49ca4a","name":"Jorge Mi\u00f1o","image":{"@type":"ImageObject","inLanguage":"es-AR","@id":"https:\/\/secure.gravatar.com\/avatar\/910fcf6728fe95320e07a6643c1581fec1c7fc4bf8ae12e3d8f0d0373dc844be?s=96&d=mm&r=g","url":"https:\/\/secure.gravatar.com\/avatar\/910fcf6728fe95320e07a6643c1581fec1c7fc4bf8ae12e3d8f0d0373dc844be?s=96&d=mm&r=g","contentUrl":"https:\/\/secure.gravatar.com\/avatar\/910fcf6728fe95320e07a6643c1581fec1c7fc4bf8ae12e3d8f0d0373dc844be?s=96&d=mm&r=g","caption":"Jorge Mi\u00f1o"},"sameAs":["http:\/\/radioinfinitagoya.com.ar"]}]}},"_links":{"self":[{"href":"https:\/\/radioinfinitagoya.com.ar\/v1\/wp-json\/wp\/v2\/posts\/213825","targetHints":{"allow":["GET"]}}],"collection":[{"href":"https:\/\/radioinfinitagoya.com.ar\/v1\/wp-json\/wp\/v2\/posts"}],"about":[{"href":"https:\/\/radioinfinitagoya.com.ar\/v1\/wp-json\/wp\/v2\/types\/post"}],"author":[{"embeddable":true,"href":"https:\/\/radioinfinitagoya.com.ar\/v1\/wp-json\/wp\/v2\/users\/4"}],"replies":[{"embeddable":true,"href":"https:\/\/radioinfinitagoya.com.ar\/v1\/wp-json\/wp\/v2\/comments?post=213825"}],"version-history":[{"count":1,"href":"https:\/\/radioinfinitagoya.com.ar\/v1\/wp-json\/wp\/v2\/posts\/213825\/revisions"}],"predecessor-version":[{"id":213827,"href":"https:\/\/radioinfinitagoya.com.ar\/v1\/wp-json\/wp\/v2\/posts\/213825\/revisions\/213827"}],"wp:featuredmedia":[{"embeddable":true,"href":"https:\/\/radioinfinitagoya.com.ar\/v1\/wp-json\/wp\/v2\/media\/213826"}],"wp:attachment":[{"href":"https:\/\/radioinfinitagoya.com.ar\/v1\/wp-json\/wp\/v2\/media?parent=213825"}],"wp:term":[{"taxonomy":"category","embeddable":true,"href":"https:\/\/radioinfinitagoya.com.ar\/v1\/wp-json\/wp\/v2\/categories?post=213825"},{"taxonomy":"post_tag","embeddable":true,"href":"https:\/\/radioinfinitagoya.com.ar\/v1\/wp-json\/wp\/v2\/tags?post=213825"}],"curies":[{"name":"wp","href":"https:\/\/api.w.org\/{rel}","templated":true}]}}