{"id":213831,"date":"2026-04-28T15:51:28","date_gmt":"2026-04-28T18:51:28","guid":{"rendered":"https:\/\/radioinfinitagoya.com.ar\/v1\/?p=213831"},"modified":"2026-04-28T15:51:28","modified_gmt":"2026-04-28T18:51:28","slug":"radiografia-del-comercio-en-corrientes","status":"publish","type":"post","link":"https:\/\/radioinfinitagoya.com.ar\/v1\/2026\/04\/28\/radiografia-del-comercio-en-corrientes\/","title":{"rendered":"Radiograf\u00eda del comercio en Corrientes"},"content":{"rendered":"<p>Cierres, &#8220;mutaci\u00f3n&#8221; de rubros y alquileres de hasta $8 millones<\/p>\n<p>El comercio de Corrientes atraves\u00f3 una transformaci\u00f3n silenciosa pero profunda. Lo que antes era un conglomerado de locales con m\u00ednima disponibilidad, se transform\u00f3 en un mercado de oferta alta, donde el tiempo de espera para alquilar se estira y el comerciante debi\u00f3 buscar otros rubros para no caer del sistema.<\/p>\n<p>Corrientes no fue ajena a la crisis econ\u00f3mica que vive todo el pa\u00eds y una forma de percibir este contexto es el centro de la Capital, donde a simple vista se observaron persianas bajas y carteles inmobiliarios con la leyenda &#8220;se alquila&#8221;.<\/p>\n<p>Lo que reflejaron las calles, en la econom\u00eda y la disponibilidad de locales comerciales en la ciudad se pudo contrastar con un estudio realizado por la Asociaci\u00f3n de la Producci\u00f3n, Industria y Comercio de Corrientes (Apicc) que data de 2021. Aunque cumpli\u00f3 5 a\u00f1os, se trata de una referencia para ver el presente.<\/p>\n<p>Una visi\u00f3n del pasado que repercute en el presente<\/p>\n<p>En 2021, el ejecutivo de la Apicc Carlos Alberto Vasallo realiz\u00f3 un relevamiento donde determin\u00f3 un universo de 7.400 comercios, donde el 88% eran emprendimientos de un solo local.<\/p>\n<p>Ese &#8220;comerciante de barrio&#8221; o &#8220;due\u00f1o \u00fanico&#8221; siempre fue eslab\u00f3n m\u00e1s fr\u00e1gil de la cadena.<\/p>\n<p>Augusto Massochi, actual presidente de la Apicc, habl\u00f3 con El Litoral y reconoci\u00f3 que la muerte del ingeniero en 2025 dej\u00f3 un vac\u00edo estad\u00edstico, pero siempre la calle habl\u00f3 por s\u00ed sola.<\/p>\n<p>&#8220;Tras el fallecimiento del ingeniero no se volvi\u00f3 a hacer un relevamiento detallado y lo que vemos con la crisis es que se abren y se cierran negocios&#8221;, afirm\u00f3 Massochi.<\/p>\n<p>Adem\u00e1s, agreg\u00f3 que la situaci\u00f3n no se limit\u00f3 a calle Jun\u00edn, considerada un punto caliente en el comercio de la ciudad: &#8220;En las calles laterales y otras arterias se ven m\u00e1s locales cerrados&#8221;.<\/p>\n<p>Para el directivo, &#8220;el panorama est\u00e1 cambiando por los incrementos de los costos de alquiler&#8221;, siendo este uno de los factores determinantes y que hilaron este informe.<\/p>\n<p>La &#8220;mutaci\u00f3n&#8221; comercial: el rubro \u00fanico ya no alcanza<\/p>\n<p>Uno de los puntos m\u00e1s cr\u00edticos que surgi\u00f3 del informe es la p\u00e9rdida de identidad del comercio tradicional. Vender solo ropa o solo art\u00edculos de limpieza qued\u00f3 en el pasado; se trata de sobrevivir.<\/p>\n<p>Carlos Qui\u00f1ones, de la inmobiliaria M\u00e9todo, relat\u00f3 a este medio casos de reconversi\u00f3n forzada: &#8220;Tengo un locatario que agreg\u00f3 otros rubros para poder subsistir porque con el que ten\u00eda no pod\u00eda seguir&#8221;.<\/p>\n<p>Ese vendedor &#8220;estaba entre analizar cerrar o reconfigurar&#8221;, y agreg\u00f3 que en este escenario vive mucha gente. &#8220;Lo est\u00e1 haciendo la mayor\u00eda; otros manifiestan que por la baja de ventas y los costos altos no pueden continuar&#8221;, argument\u00f3 Qui\u00f1ones con respecto a la situaci\u00f3n.<\/p>\n<p>A este testimonio se suman casos puntuales que El Litoral cubri\u00f3 como el cierre de la sede de la Farmacia Bancaria Ameb, ubicada sobre calle 9 de Julio, entre San Juan y Mendoza. Se trata de una empresa fundada en 1986 que supo lograr convenios y ganar cientos de afiliados tanto en Chaco como Corrientes. A principios de abril se confirm\u00f3 el cierre de su sede en nuestra ciudad.<\/p>\n<p>Otro caso de relevancia fue el cierre de la cadena Zoom, cuya local se ubicaba en calle Jun\u00edn, entre Salta y Buenos Aires. Este medio intent\u00f3 conectar con representantes de la firma pero solo se encontr\u00f3 con las persianas bajas y estantes vacios en un local comercial de gran tama\u00f1o.<\/p>\n<p>El mercado inmobiliario: del &#8220;no hay lugar&#8221; a la negociaci\u00f3n agresiva<\/p>\n<p>Si algo caracterizaba al centro correntino a\u00f1os atr\u00e1s era la nula disponibilidad sobre la peatonal Jun\u00edn. En la actualidad observamos un escenario opuesto.<\/p>\n<p>Rolando Seoane, de Seoane Riera y Cia marc\u00f3 un antes y un despu\u00e9s a partir de este a\u00f1o: &#8220;Consideramos que est\u00e1 habiendo un aumento de oferta por los cierres de locales que se empezaron a sentir desde febrero o marzo; fue bastante significativo&#8221;.<\/p>\n<p>El agente inmobiliario agreg\u00f3 que &#8220;a diferencia de a\u00f1os anteriores, notamos que es mucho m\u00e1s dif\u00edcil concretar un alquiler de este tipo&#8221;, lo que brind\u00f3 un panorama de lo que viven estos \u00faltimos meses.<\/p>\n<p>Con los costos actuales, el comportamiento de los potenciales locatarios cambi\u00f3: &#8220;Los clientes hacen muchas m\u00e1s averiguaciones y an\u00e1lisis de n\u00fameros antes de tomar la decisi\u00f3n&#8221;.<\/p>\n<p>Esta cautela del inquilino impact\u00f3 directamente en los tiempos en que se alquila un local. Seg\u00fan Qui\u00f1ones &#8220;hoy estamos en el orden de tres meses para alquilar un local&#8221;.<\/p>\n<p>Este dato contrasta con lo que se viv\u00eda en otros momentos, pues &#8220;antes era mucho m\u00e1s r\u00e1pido, sol\u00eda tardar un mes o mes y medio, pero ahora ese plazo puede llegar a cuatro meses&#8221;.<\/p>\n<p>\u00bfInflaci\u00f3n o falta de ventas? El dilema del cierre<\/p>\n<p>Aunque la desaceleraci\u00f3n inflacionaria pareci\u00f3 ser un alivio, los entrevistados adviertieron que el problema de fondo es la recesi\u00f3n y el costo operativo total. Facturas de electricidad, impuestos, salarios de empleados y otras erogaciones obligadas fueron mencionadas.<\/p>\n<p>Por otra parte, Seoane desmitific\u00f3 que el valor del contrato sea el \u00fanico culpable: &#8220;La disminuci\u00f3n de la inflaci\u00f3n ayud\u00f3 a armar proyecciones: hoy trabajamos con reajustes trimestrales del 6% o 7%, que a comparaci\u00f3n de lo que ven\u00edamos trabajando no es significativo&#8221;.<\/p>\n<p>De esta manera, Rolando se anim\u00f3 a dar un diagn\u00f3stico de la situaci\u00f3n. &#8220;No creo que eso -costo del contrato- genere la toma de decisi\u00f3n de cerrar, ya que el problema va por la disminuci\u00f3n de ventas y los costos en l\u00edneas generales, que hacen dif\u00edcil mantener un negocio abierto&#8221;.<\/p>\n<p>Ante esto, los propietarios tuvieron que bajar las pretensiones para no tener el local vac\u00edo, lo cual significa un costo mayor por mantenimiento e impuestos: &#8220;Los propietarios analizan la situaci\u00f3n y saben d\u00f3nde est\u00e1 parado el mercado&#8221;, dijo y subray\u00f3: &#8220;El mercado es el que regula esto: oferta y demanda&#8221;.<\/p>\n<p>Y luego agreg\u00f3 que los propietarios tambi\u00e9n son cuidadosos pues &#8220;buscan una persona que sea estable, que quiera avanzar a largo plazo y d\u00e9 seguridad en los pagos y el cuidado del inmueble&#8221;.<\/p>\n<p>Lo que cuesta emprender<br \/>\nCon los datos aportados por los entrevistados, El Litoral investig\u00f3 los costos de alquileres en el centro de la ciudad de Corrientes. Se consider\u00f3 la cercan\u00eda del local comercial a la calle Jun\u00edn, pues esta arteria es siempre fue el punto caliente del comercio correntino. Un local que ubicado a metros, sobre calle Salta, tiene un valor de $700.000.<\/p>\n<p>La diferencia es contundente, pues se encontr\u00f3 un local comercial sobre calle 9 de Julio al 1.200, donde un local de 26 m2 tiene un costo de $500.000. Otra oferta sobre la misma calle pero al 1.400, mostr\u00f3 un local en planta alta a $250.000. En las referencias anteriores se tuvo en cuenta la lejan\u00eda con la arteria principal y en el segundo caso, estar en un primer piso hace dif\u00edcil el acceso del p\u00fablico.<\/p>\n<p>En el otro extremo se encontr\u00f3 un local sobre calle Hip\u00f3lito Yrigoyen al 1.300 por $800.000, con vidriera a la calle y dos pisos. Aunque es una arteria paralela a Jun\u00edn, el precio marca un claro punto de c\u00f3mo var\u00edan los costos.<\/p>\n<p>Entonces, a un alquiler promedio de $500.000 en el centro de la ciudad se le debe sumar otros costos como los servicios b\u00e1sicos (electricidad y agua), el acceso a internet es fundamental para cualquier emprendimiento. No olvidamos las tasas y contribuciones municipales y el salario del personal, necesarios para el funcionamiento del local.<\/p>\n<p>Por otro lado, el local comercial m\u00e1s barato sobre la peatonal mostr\u00f3 un costo de $2.500.000 mensual, ubicado sobre Jun\u00edn casi Mendoza. En tanto que en la esquina de Jun\u00edn y C\u00f3rdoba, un propietario pidi\u00f3 $8.000.000 por mes para alquilar. En estos casos, quienes deseen emprender en este sector deben contar con una gran rotaci\u00f3n de mercader\u00eda o generar ventas de gran volumen.<\/p>\n<p>Perspectivas: \u00bfOptimismo o tendencia a la baja?<br \/>\nTras tomar dos perspectivas de agentes inmobiliarios, se not\u00f3 una grieta en las expectativas de quienes operan en el mercado d\u00eda a d\u00eda.<\/p>\n<p>Carlos Qui\u00f1ones vi\u00f3 un panorama cuesta arriba: &#8220;Por el momento no veo mayores cambios. Era m\u00e1s optimista al comienzo, pero ahora veo que muchas empresas cierran o largan gente&#8221;,<\/p>\n<p>Y finaliz\u00f3:&#8221;No veo que cambie mucho, para m\u00ed va a seguir en baja, es una tendencia&#8221;.<\/p>\n<p>Por el contrario, Rolando Seoane observ\u00f3 en este proceso un &#8220;sinceramiento&#8221; necesario: &#8220;Consideramos que los cambios en el sector inmobiliario fueron muy positivos. Es un proceso de sinceramiento de la econom\u00eda&#8221;.<\/p>\n<p>Desde su \u00f3ptica, &#8220;el objetivo a largo plazo ayudar\u00eda mucho al sector, como lo fue el a\u00f1o pasado con la aparici\u00f3n del cr\u00e9dito hipotecario y la idea de volver a la vivienda propia&#8221;.<\/p>\n<p>&nbsp;<\/p>\n","protected":false},"excerpt":{"rendered":"<p>Cierres, &#8220;mutaci\u00f3n&#8221; de rubros y alquileres de hasta $8 millones El comercio de Corrientes atraves\u00f3 una transformaci\u00f3n silenciosa pero profunda. Lo que antes era un conglomerado de locales con m\u00ednima disponibilidad, se transform\u00f3 en un mercado de oferta alta, donde el tiempo de espera para alquilar se estira y el comerciante debi\u00f3 buscar otros rubros [&hellip;]<\/p>\n","protected":false},"author":4,"featured_media":213832,"comment_status":"open","ping_status":"open","sticky":false,"template":"","format":"standard","meta":{"_joinchat":[],"footnotes":""},"categories":[26],"tags":[],"class_list":{"0":"post-213831","1":"post","2":"type-post","3":"status-publish","4":"format-standard","5":"has-post-thumbnail","7":"category-provinciales"},"yoast_head":"<!-- This site is optimized with the Yoast SEO plugin v27.2 - https:\/\/yoast.com\/product\/yoast-seo-wordpress\/ -->\n<title>Radiograf\u00eda del comercio en Corrientes - Radio Infinita Goya<\/title>\n<meta name=\"description\" content=\"Cierres, &quot;mutaci\u00f3n&quot; de rubros y alquileres de hasta $8 millones El comercio de Corrientes atraves\u00f3 una transformaci\u00f3n silenciosa pero profunda. Lo que\" \/>\n<meta name=\"robots\" content=\"index, follow, max-snippet:-1, max-image-preview:large, max-video-preview:-1\" \/>\n<link rel=\"canonical\" href=\"https:\/\/radioinfinitagoya.com.ar\/v1\/2026\/04\/28\/radiografia-del-comercio-en-corrientes\/\" \/>\n<meta property=\"og:locale\" content=\"es_ES\" \/>\n<meta property=\"og:type\" content=\"article\" \/>\n<meta property=\"og:title\" content=\"Radiograf\u00eda del comercio en Corrientes - Radio Infinita Goya\" \/>\n<meta property=\"og:description\" content=\"Cierres, &quot;mutaci\u00f3n&quot; de rubros y alquileres de hasta $8 millones El comercio de Corrientes atraves\u00f3 una transformaci\u00f3n silenciosa pero profunda. Lo que\" \/>\n<meta property=\"og:url\" content=\"https:\/\/radioinfinitagoya.com.ar\/v1\/2026\/04\/28\/radiografia-del-comercio-en-corrientes\/\" \/>\n<meta property=\"og:site_name\" content=\"Radio Infinita Goya\" \/>\n<meta property=\"article:publisher\" content=\"https:\/\/www.facebook.com\/p\/Infinita-Goya-100063870918311\/\" \/>\n<meta property=\"article:published_time\" content=\"2026-04-28T18:51:28+00:00\" \/>\n<meta property=\"og:image\" content=\"https:\/\/radioinfinitagoya.com.ar\/v1\/wp-content\/uploads\/2026\/04\/1776953675432.webp\" \/>\n\t<meta property=\"og:image:width\" content=\"1200\" \/>\n\t<meta property=\"og:image:height\" content=\"675\" \/>\n\t<meta property=\"og:image:type\" content=\"image\/webp\" \/>\n<meta name=\"author\" content=\"Jorge Mi\u00f1o\" \/>\n<meta name=\"twitter:card\" content=\"summary_large_image\" \/>\n<meta name=\"twitter:label1\" content=\"Escrito por\" \/>\n\t<meta name=\"twitter:data1\" content=\"Jorge Mi\u00f1o\" \/>\n\t<meta name=\"twitter:label2\" content=\"Tiempo de lectura\" \/>\n\t<meta name=\"twitter:data2\" content=\"7 minutos\" \/>\n<script type=\"application\/ld+json\" class=\"yoast-schema-graph\">{\"@context\":\"https:\/\/schema.org\",\"@graph\":[{\"@type\":\"Article\",\"@id\":\"https:\/\/radioinfinitagoya.com.ar\/v1\/2026\/04\/28\/radiografia-del-comercio-en-corrientes\/#article\",\"isPartOf\":{\"@id\":\"https:\/\/radioinfinitagoya.com.ar\/v1\/2026\/04\/28\/radiografia-del-comercio-en-corrientes\/\"},\"author\":{\"name\":\"Jorge Mi\u00f1o\",\"@id\":\"https:\/\/radioinfinitagoya.com.ar\/v1\/#\/schema\/person\/d4cf9c413d4f6edb24aabdccab49ca4a\"},\"headline\":\"Radiograf\u00eda del comercio en Corrientes\",\"datePublished\":\"2026-04-28T18:51:28+00:00\",\"mainEntityOfPage\":{\"@id\":\"https:\/\/radioinfinitagoya.com.ar\/v1\/2026\/04\/28\/radiografia-del-comercio-en-corrientes\/\"},\"wordCount\":1506,\"commentCount\":0,\"publisher\":{\"@id\":\"https:\/\/radioinfinitagoya.com.ar\/v1\/#organization\"},\"image\":{\"@id\":\"https:\/\/radioinfinitagoya.com.ar\/v1\/2026\/04\/28\/radiografia-del-comercio-en-corrientes\/#primaryimage\"},\"thumbnailUrl\":\"https:\/\/radioinfinitagoya.com.ar\/v1\/wp-content\/uploads\/2026\/04\/1776953675432.webp\",\"articleSection\":[\"PROVINCIALES\"],\"inLanguage\":\"es-AR\",\"potentialAction\":[{\"@type\":\"CommentAction\",\"name\":\"Comment\",\"target\":[\"https:\/\/radioinfinitagoya.com.ar\/v1\/2026\/04\/28\/radiografia-del-comercio-en-corrientes\/#respond\"]}]},{\"@type\":\"WebPage\",\"@id\":\"https:\/\/radioinfinitagoya.com.ar\/v1\/2026\/04\/28\/radiografia-del-comercio-en-corrientes\/\",\"url\":\"https:\/\/radioinfinitagoya.com.ar\/v1\/2026\/04\/28\/radiografia-del-comercio-en-corrientes\/\",\"name\":\"Radiograf\u00eda del comercio en Corrientes - Radio Infinita Goya\",\"isPartOf\":{\"@id\":\"https:\/\/radioinfinitagoya.com.ar\/v1\/#website\"},\"primaryImageOfPage\":{\"@id\":\"https:\/\/radioinfinitagoya.com.ar\/v1\/2026\/04\/28\/radiografia-del-comercio-en-corrientes\/#primaryimage\"},\"image\":{\"@id\":\"https:\/\/radioinfinitagoya.com.ar\/v1\/2026\/04\/28\/radiografia-del-comercio-en-corrientes\/#primaryimage\"},\"thumbnailUrl\":\"https:\/\/radioinfinitagoya.com.ar\/v1\/wp-content\/uploads\/2026\/04\/1776953675432.webp\",\"datePublished\":\"2026-04-28T18:51:28+00:00\",\"description\":\"Cierres, \\\"mutaci\u00f3n\\\" de rubros y alquileres de hasta $8 millones El comercio de Corrientes atraves\u00f3 una transformaci\u00f3n silenciosa pero profunda. Lo que\",\"breadcrumb\":{\"@id\":\"https:\/\/radioinfinitagoya.com.ar\/v1\/2026\/04\/28\/radiografia-del-comercio-en-corrientes\/#breadcrumb\"},\"inLanguage\":\"es-AR\",\"potentialAction\":[{\"@type\":\"ReadAction\",\"target\":[\"https:\/\/radioinfinitagoya.com.ar\/v1\/2026\/04\/28\/radiografia-del-comercio-en-corrientes\/\"]}]},{\"@type\":\"ImageObject\",\"inLanguage\":\"es-AR\",\"@id\":\"https:\/\/radioinfinitagoya.com.ar\/v1\/2026\/04\/28\/radiografia-del-comercio-en-corrientes\/#primaryimage\",\"url\":\"https:\/\/radioinfinitagoya.com.ar\/v1\/wp-content\/uploads\/2026\/04\/1776953675432.webp\",\"contentUrl\":\"https:\/\/radioinfinitagoya.com.ar\/v1\/wp-content\/uploads\/2026\/04\/1776953675432.webp\",\"width\":1200,\"height\":675},{\"@type\":\"BreadcrumbList\",\"@id\":\"https:\/\/radioinfinitagoya.com.ar\/v1\/2026\/04\/28\/radiografia-del-comercio-en-corrientes\/#breadcrumb\",\"itemListElement\":[{\"@type\":\"ListItem\",\"position\":1,\"name\":\"Inicio\",\"item\":\"https:\/\/radioinfinitagoya.com.ar\/v1\/\"},{\"@type\":\"ListItem\",\"position\":2,\"name\":\"Radiograf\u00eda del comercio en Corrientes\"}]},{\"@type\":\"WebSite\",\"@id\":\"https:\/\/radioinfinitagoya.com.ar\/v1\/#website\",\"url\":\"https:\/\/radioinfinitagoya.com.ar\/v1\/\",\"name\":\"radioinfinitagoya.com.ar\",\"description\":\"Radio de noticias\",\"publisher\":{\"@id\":\"https:\/\/radioinfinitagoya.com.ar\/v1\/#organization\"},\"potentialAction\":[{\"@type\":\"SearchAction\",\"target\":{\"@type\":\"EntryPoint\",\"urlTemplate\":\"https:\/\/radioinfinitagoya.com.ar\/v1\/?s={search_term_string}\"},\"query-input\":{\"@type\":\"PropertyValueSpecification\",\"valueRequired\":true,\"valueName\":\"search_term_string\"}}],\"inLanguage\":\"es-AR\"},{\"@type\":\"Organization\",\"@id\":\"https:\/\/radioinfinitagoya.com.ar\/v1\/#organization\",\"name\":\"Radio Infinita Goya\",\"url\":\"https:\/\/radioinfinitagoya.com.ar\/v1\/\",\"logo\":{\"@type\":\"ImageObject\",\"inLanguage\":\"es-AR\",\"@id\":\"https:\/\/radioinfinitagoya.com.ar\/v1\/#\/schema\/logo\/image\/\",\"url\":\"https:\/\/radioinfinitagoya.com.ar\/v1\/wp-content\/uploads\/2019\/11\/logo-pie-web.png\",\"contentUrl\":\"https:\/\/radioinfinitagoya.com.ar\/v1\/wp-content\/uploads\/2019\/11\/logo-pie-web.png\",\"width\":635,\"height\":326,\"caption\":\"Radio Infinita Goya\"},\"image\":{\"@id\":\"https:\/\/radioinfinitagoya.com.ar\/v1\/#\/schema\/logo\/image\/\"},\"sameAs\":[\"https:\/\/www.facebook.com\/p\/Infinita-Goya-100063870918311\/\"]},{\"@type\":\"Person\",\"@id\":\"https:\/\/radioinfinitagoya.com.ar\/v1\/#\/schema\/person\/d4cf9c413d4f6edb24aabdccab49ca4a\",\"name\":\"Jorge Mi\u00f1o\",\"image\":{\"@type\":\"ImageObject\",\"inLanguage\":\"es-AR\",\"@id\":\"https:\/\/secure.gravatar.com\/avatar\/910fcf6728fe95320e07a6643c1581fec1c7fc4bf8ae12e3d8f0d0373dc844be?s=96&d=mm&r=g\",\"url\":\"https:\/\/secure.gravatar.com\/avatar\/910fcf6728fe95320e07a6643c1581fec1c7fc4bf8ae12e3d8f0d0373dc844be?s=96&d=mm&r=g\",\"contentUrl\":\"https:\/\/secure.gravatar.com\/avatar\/910fcf6728fe95320e07a6643c1581fec1c7fc4bf8ae12e3d8f0d0373dc844be?s=96&d=mm&r=g\",\"caption\":\"Jorge Mi\u00f1o\"},\"sameAs\":[\"http:\/\/radioinfinitagoya.com.ar\"]}]}<\/script>\n<!-- \/ Yoast SEO plugin. -->","yoast_head_json":{"title":"Radiograf\u00eda del comercio en Corrientes - Radio Infinita Goya","description":"Cierres, \"mutaci\u00f3n\" de rubros y alquileres de hasta $8 millones El comercio de Corrientes atraves\u00f3 una transformaci\u00f3n silenciosa pero profunda. Lo que","robots":{"index":"index","follow":"follow","max-snippet":"max-snippet:-1","max-image-preview":"max-image-preview:large","max-video-preview":"max-video-preview:-1"},"canonical":"https:\/\/radioinfinitagoya.com.ar\/v1\/2026\/04\/28\/radiografia-del-comercio-en-corrientes\/","og_locale":"es_ES","og_type":"article","og_title":"Radiograf\u00eda del comercio en Corrientes - Radio Infinita Goya","og_description":"Cierres, \"mutaci\u00f3n\" de rubros y alquileres de hasta $8 millones El comercio de Corrientes atraves\u00f3 una transformaci\u00f3n silenciosa pero profunda. Lo que","og_url":"https:\/\/radioinfinitagoya.com.ar\/v1\/2026\/04\/28\/radiografia-del-comercio-en-corrientes\/","og_site_name":"Radio Infinita Goya","article_publisher":"https:\/\/www.facebook.com\/p\/Infinita-Goya-100063870918311\/","article_published_time":"2026-04-28T18:51:28+00:00","og_image":[{"width":1200,"height":675,"url":"https:\/\/radioinfinitagoya.com.ar\/v1\/wp-content\/uploads\/2026\/04\/1776953675432.webp","type":"image\/webp"}],"author":"Jorge Mi\u00f1o","twitter_card":"summary_large_image","twitter_misc":{"Escrito por":"Jorge Mi\u00f1o","Tiempo de lectura":"7 minutos"},"schema":{"@context":"https:\/\/schema.org","@graph":[{"@type":"Article","@id":"https:\/\/radioinfinitagoya.com.ar\/v1\/2026\/04\/28\/radiografia-del-comercio-en-corrientes\/#article","isPartOf":{"@id":"https:\/\/radioinfinitagoya.com.ar\/v1\/2026\/04\/28\/radiografia-del-comercio-en-corrientes\/"},"author":{"name":"Jorge Mi\u00f1o","@id":"https:\/\/radioinfinitagoya.com.ar\/v1\/#\/schema\/person\/d4cf9c413d4f6edb24aabdccab49ca4a"},"headline":"Radiograf\u00eda del comercio en Corrientes","datePublished":"2026-04-28T18:51:28+00:00","mainEntityOfPage":{"@id":"https:\/\/radioinfinitagoya.com.ar\/v1\/2026\/04\/28\/radiografia-del-comercio-en-corrientes\/"},"wordCount":1506,"commentCount":0,"publisher":{"@id":"https:\/\/radioinfinitagoya.com.ar\/v1\/#organization"},"image":{"@id":"https:\/\/radioinfinitagoya.com.ar\/v1\/2026\/04\/28\/radiografia-del-comercio-en-corrientes\/#primaryimage"},"thumbnailUrl":"https:\/\/radioinfinitagoya.com.ar\/v1\/wp-content\/uploads\/2026\/04\/1776953675432.webp","articleSection":["PROVINCIALES"],"inLanguage":"es-AR","potentialAction":[{"@type":"CommentAction","name":"Comment","target":["https:\/\/radioinfinitagoya.com.ar\/v1\/2026\/04\/28\/radiografia-del-comercio-en-corrientes\/#respond"]}]},{"@type":"WebPage","@id":"https:\/\/radioinfinitagoya.com.ar\/v1\/2026\/04\/28\/radiografia-del-comercio-en-corrientes\/","url":"https:\/\/radioinfinitagoya.com.ar\/v1\/2026\/04\/28\/radiografia-del-comercio-en-corrientes\/","name":"Radiograf\u00eda del comercio en Corrientes - Radio Infinita Goya","isPartOf":{"@id":"https:\/\/radioinfinitagoya.com.ar\/v1\/#website"},"primaryImageOfPage":{"@id":"https:\/\/radioinfinitagoya.com.ar\/v1\/2026\/04\/28\/radiografia-del-comercio-en-corrientes\/#primaryimage"},"image":{"@id":"https:\/\/radioinfinitagoya.com.ar\/v1\/2026\/04\/28\/radiografia-del-comercio-en-corrientes\/#primaryimage"},"thumbnailUrl":"https:\/\/radioinfinitagoya.com.ar\/v1\/wp-content\/uploads\/2026\/04\/1776953675432.webp","datePublished":"2026-04-28T18:51:28+00:00","description":"Cierres, \"mutaci\u00f3n\" de rubros y alquileres de hasta $8 millones El comercio de Corrientes atraves\u00f3 una transformaci\u00f3n silenciosa pero profunda. Lo que","breadcrumb":{"@id":"https:\/\/radioinfinitagoya.com.ar\/v1\/2026\/04\/28\/radiografia-del-comercio-en-corrientes\/#breadcrumb"},"inLanguage":"es-AR","potentialAction":[{"@type":"ReadAction","target":["https:\/\/radioinfinitagoya.com.ar\/v1\/2026\/04\/28\/radiografia-del-comercio-en-corrientes\/"]}]},{"@type":"ImageObject","inLanguage":"es-AR","@id":"https:\/\/radioinfinitagoya.com.ar\/v1\/2026\/04\/28\/radiografia-del-comercio-en-corrientes\/#primaryimage","url":"https:\/\/radioinfinitagoya.com.ar\/v1\/wp-content\/uploads\/2026\/04\/1776953675432.webp","contentUrl":"https:\/\/radioinfinitagoya.com.ar\/v1\/wp-content\/uploads\/2026\/04\/1776953675432.webp","width":1200,"height":675},{"@type":"BreadcrumbList","@id":"https:\/\/radioinfinitagoya.com.ar\/v1\/2026\/04\/28\/radiografia-del-comercio-en-corrientes\/#breadcrumb","itemListElement":[{"@type":"ListItem","position":1,"name":"Inicio","item":"https:\/\/radioinfinitagoya.com.ar\/v1\/"},{"@type":"ListItem","position":2,"name":"Radiograf\u00eda del comercio en Corrientes"}]},{"@type":"WebSite","@id":"https:\/\/radioinfinitagoya.com.ar\/v1\/#website","url":"https:\/\/radioinfinitagoya.com.ar\/v1\/","name":"radioinfinitagoya.com.ar","description":"Radio de noticias","publisher":{"@id":"https:\/\/radioinfinitagoya.com.ar\/v1\/#organization"},"potentialAction":[{"@type":"SearchAction","target":{"@type":"EntryPoint","urlTemplate":"https:\/\/radioinfinitagoya.com.ar\/v1\/?s={search_term_string}"},"query-input":{"@type":"PropertyValueSpecification","valueRequired":true,"valueName":"search_term_string"}}],"inLanguage":"es-AR"},{"@type":"Organization","@id":"https:\/\/radioinfinitagoya.com.ar\/v1\/#organization","name":"Radio Infinita Goya","url":"https:\/\/radioinfinitagoya.com.ar\/v1\/","logo":{"@type":"ImageObject","inLanguage":"es-AR","@id":"https:\/\/radioinfinitagoya.com.ar\/v1\/#\/schema\/logo\/image\/","url":"https:\/\/radioinfinitagoya.com.ar\/v1\/wp-content\/uploads\/2019\/11\/logo-pie-web.png","contentUrl":"https:\/\/radioinfinitagoya.com.ar\/v1\/wp-content\/uploads\/2019\/11\/logo-pie-web.png","width":635,"height":326,"caption":"Radio Infinita Goya"},"image":{"@id":"https:\/\/radioinfinitagoya.com.ar\/v1\/#\/schema\/logo\/image\/"},"sameAs":["https:\/\/www.facebook.com\/p\/Infinita-Goya-100063870918311\/"]},{"@type":"Person","@id":"https:\/\/radioinfinitagoya.com.ar\/v1\/#\/schema\/person\/d4cf9c413d4f6edb24aabdccab49ca4a","name":"Jorge Mi\u00f1o","image":{"@type":"ImageObject","inLanguage":"es-AR","@id":"https:\/\/secure.gravatar.com\/avatar\/910fcf6728fe95320e07a6643c1581fec1c7fc4bf8ae12e3d8f0d0373dc844be?s=96&d=mm&r=g","url":"https:\/\/secure.gravatar.com\/avatar\/910fcf6728fe95320e07a6643c1581fec1c7fc4bf8ae12e3d8f0d0373dc844be?s=96&d=mm&r=g","contentUrl":"https:\/\/secure.gravatar.com\/avatar\/910fcf6728fe95320e07a6643c1581fec1c7fc4bf8ae12e3d8f0d0373dc844be?s=96&d=mm&r=g","caption":"Jorge Mi\u00f1o"},"sameAs":["http:\/\/radioinfinitagoya.com.ar"]}]}},"_links":{"self":[{"href":"https:\/\/radioinfinitagoya.com.ar\/v1\/wp-json\/wp\/v2\/posts\/213831","targetHints":{"allow":["GET"]}}],"collection":[{"href":"https:\/\/radioinfinitagoya.com.ar\/v1\/wp-json\/wp\/v2\/posts"}],"about":[{"href":"https:\/\/radioinfinitagoya.com.ar\/v1\/wp-json\/wp\/v2\/types\/post"}],"author":[{"embeddable":true,"href":"https:\/\/radioinfinitagoya.com.ar\/v1\/wp-json\/wp\/v2\/users\/4"}],"replies":[{"embeddable":true,"href":"https:\/\/radioinfinitagoya.com.ar\/v1\/wp-json\/wp\/v2\/comments?post=213831"}],"version-history":[{"count":1,"href":"https:\/\/radioinfinitagoya.com.ar\/v1\/wp-json\/wp\/v2\/posts\/213831\/revisions"}],"predecessor-version":[{"id":213833,"href":"https:\/\/radioinfinitagoya.com.ar\/v1\/wp-json\/wp\/v2\/posts\/213831\/revisions\/213833"}],"wp:featuredmedia":[{"embeddable":true,"href":"https:\/\/radioinfinitagoya.com.ar\/v1\/wp-json\/wp\/v2\/media\/213832"}],"wp:attachment":[{"href":"https:\/\/radioinfinitagoya.com.ar\/v1\/wp-json\/wp\/v2\/media?parent=213831"}],"wp:term":[{"taxonomy":"category","embeddable":true,"href":"https:\/\/radioinfinitagoya.com.ar\/v1\/wp-json\/wp\/v2\/categories?post=213831"},{"taxonomy":"post_tag","embeddable":true,"href":"https:\/\/radioinfinitagoya.com.ar\/v1\/wp-json\/wp\/v2\/tags?post=213831"}],"curies":[{"name":"wp","href":"https:\/\/api.w.org\/{rel}","templated":true}]}}