{"id":213834,"date":"2026-04-28T15:55:22","date_gmt":"2026-04-28T18:55:22","guid":{"rendered":"https:\/\/radioinfinitagoya.com.ar\/v1\/?p=213834"},"modified":"2026-04-28T15:55:22","modified_gmt":"2026-04-28T18:55:22","slug":"la-virgen-de-itati-llegara-a-lujan-asi-sera-el-recorrido-y-los-detalles-del-viaje","status":"publish","type":"post","link":"https:\/\/radioinfinitagoya.com.ar\/v1\/2026\/04\/28\/la-virgen-de-itati-llegara-a-lujan-asi-sera-el-recorrido-y-los-detalles-del-viaje\/","title":{"rendered":"La Virgen de Itat\u00ed llegar\u00e1 a Luj\u00e1n: as\u00ed ser\u00e1 el recorrido y los detalles del viaje"},"content":{"rendered":"<p>Tendr\u00e1 un paso previo por Resistencia el 5 de mayo.<\/p>\n<p>La llegada de la Virgen de Itat\u00ed a Resistencia marcar\u00e1 un momento especial para los fieles de la regi\u00f3n. El arribo est\u00e1 previsto para el pr\u00f3ximo 5 de mayo, en el marco de la peregrinaci\u00f3n que culminar\u00e1 en la Bas\u00edlica de Luj\u00e1n.<\/p>\n<p>La imagen partir\u00e1 desde la localidad correntina de Itat\u00ed durante la ma\u00f1ana y se espera que llegue a la capital chaque\u00f1a cerca de las 17. Desde ah\u00ed, iniciar\u00e1 un recorrido por la ciudad que concluir\u00e1 con una misa central.<\/p>\n<p>Resistencia<\/p>\n<p>Llegada de la Virgen a la ciudad (17.00)<br \/>\nPunto de inicio: rotonda de avenida Sarmiento y Ruta 16.<br \/>\nTrayecto: avance por avenida Sarmiento hasta la plaza 25 de Mayo.<br \/>\nPasar\u00e1 frente a la Catedral de Resistencia y seguir\u00e1 el recorrido por avenida 9 de Julio y avenida San Mart\u00edn.<br \/>\nDestino: parroquia San Antonio de Padua (San Mart\u00edn 1250).<br \/>\nCelebraci\u00f3n de la misa con presencia de la imagen (19.00).<\/p>\n<p>Camino hacia Luj\u00e1n<\/p>\n<p>La actividad continuar\u00e1 el 6 de mayo, cuando a las 7 la comitiva comience el viaje hacia Luj\u00e1n. En ese trayecto se incluye una parada en el Santuario Inmaculada Concepci\u00f3n de Barranqueras.<\/p>\n<p>El grupo arribar\u00e1 a Luj\u00e1n el 7 de mayo y permanecer\u00e1 hasta el d\u00eda siguiente. El 8 se realizar\u00e1 la conmemoraci\u00f3n de la Virgen de Luj\u00e1n, considerada la instancia principal de esta peregrinaci\u00f3n.<\/p>\n<p>El traslado se organiza con una camioneta para la imagen y una combi para los 26 fieles que participar\u00e1n del viaje. Desde la organizaci\u00f3n indicaron que a\u00fan hay cupos disponibles. Quienes deseen participar pueden acercarse a la parroquia San Antonio de Padua.<\/p>\n","protected":false},"excerpt":{"rendered":"<p>Tendr\u00e1 un paso previo por Resistencia el 5 de mayo. La llegada de la Virgen de Itat\u00ed a Resistencia marcar\u00e1 un momento especial para los fieles de la regi\u00f3n. El arribo est\u00e1 previsto para el pr\u00f3ximo 5 de mayo, en el marco de la peregrinaci\u00f3n que culminar\u00e1 en la Bas\u00edlica de Luj\u00e1n. La imagen partir\u00e1 [&hellip;]<\/p>\n","protected":false},"author":4,"featured_media":213835,"comment_status":"open","ping_status":"open","sticky":false,"template":"","format":"standard","meta":{"_joinchat":[],"footnotes":""},"categories":[26],"tags":[],"class_list":{"0":"post-213834","1":"post","2":"type-post","3":"status-publish","4":"format-standard","5":"has-post-thumbnail","7":"category-provinciales"},"yoast_head":"<!-- This site is optimized with the Yoast SEO plugin v27.2 - https:\/\/yoast.com\/product\/yoast-seo-wordpress\/ -->\n<title>La Virgen de Itat\u00ed llegar\u00e1 a Luj\u00e1n: as\u00ed ser\u00e1 el recorrido y los detalles del viaje - Radio Infinita Goya<\/title>\n<meta name=\"description\" content=\"Tendr\u00e1 un paso previo por Resistencia el 5 de mayo. La llegada de la Virgen de Itat\u00ed a Resistencia marcar\u00e1 un momento especial para los fieles de la\" \/>\n<meta name=\"robots\" content=\"index, follow, max-snippet:-1, max-image-preview:large, max-video-preview:-1\" \/>\n<link rel=\"canonical\" href=\"https:\/\/radioinfinitagoya.com.ar\/v1\/2026\/04\/28\/la-virgen-de-itati-llegara-a-lujan-asi-sera-el-recorrido-y-los-detalles-del-viaje\/\" \/>\n<meta property=\"og:locale\" content=\"es_ES\" \/>\n<meta property=\"og:type\" content=\"article\" \/>\n<meta property=\"og:title\" content=\"La Virgen de Itat\u00ed llegar\u00e1 a Luj\u00e1n: as\u00ed ser\u00e1 el recorrido y los detalles del viaje - Radio Infinita Goya\" \/>\n<meta property=\"og:description\" content=\"Tendr\u00e1 un paso previo por Resistencia el 5 de mayo. La llegada de la Virgen de Itat\u00ed a Resistencia marcar\u00e1 un momento especial para los fieles de la\" \/>\n<meta property=\"og:url\" content=\"https:\/\/radioinfinitagoya.com.ar\/v1\/2026\/04\/28\/la-virgen-de-itati-llegara-a-lujan-asi-sera-el-recorrido-y-los-detalles-del-viaje\/\" \/>\n<meta property=\"og:site_name\" content=\"Radio Infinita Goya\" \/>\n<meta property=\"article:publisher\" content=\"https:\/\/www.facebook.com\/p\/Infinita-Goya-100063870918311\/\" \/>\n<meta property=\"article:published_time\" content=\"2026-04-28T18:55:22+00:00\" \/>\n<meta property=\"og:image\" content=\"https:\/\/radioinfinitagoya.com.ar\/v1\/wp-content\/uploads\/2026\/04\/1777375981149.webp\" \/>\n\t<meta property=\"og:image:width\" content=\"1200\" \/>\n\t<meta property=\"og:image:height\" content=\"675\" \/>\n\t<meta property=\"og:image:type\" content=\"image\/webp\" \/>\n<meta name=\"author\" content=\"Jorge Mi\u00f1o\" \/>\n<meta name=\"twitter:card\" content=\"summary_large_image\" \/>\n<meta name=\"twitter:label1\" content=\"Escrito por\" \/>\n\t<meta name=\"twitter:data1\" content=\"Jorge Mi\u00f1o\" \/>\n\t<meta name=\"twitter:label2\" content=\"Tiempo de lectura\" \/>\n\t<meta name=\"twitter:data2\" content=\"2 minutos\" \/>\n<script type=\"application\/ld+json\" class=\"yoast-schema-graph\">{\"@context\":\"https:\/\/schema.org\",\"@graph\":[{\"@type\":\"Article\",\"@id\":\"https:\/\/radioinfinitagoya.com.ar\/v1\/2026\/04\/28\/la-virgen-de-itati-llegara-a-lujan-asi-sera-el-recorrido-y-los-detalles-del-viaje\/#article\",\"isPartOf\":{\"@id\":\"https:\/\/radioinfinitagoya.com.ar\/v1\/2026\/04\/28\/la-virgen-de-itati-llegara-a-lujan-asi-sera-el-recorrido-y-los-detalles-del-viaje\/\"},\"author\":{\"name\":\"Jorge Mi\u00f1o\",\"@id\":\"https:\/\/radioinfinitagoya.com.ar\/v1\/#\/schema\/person\/d4cf9c413d4f6edb24aabdccab49ca4a\"},\"headline\":\"La Virgen de Itat\u00ed llegar\u00e1 a Luj\u00e1n: as\u00ed ser\u00e1 el recorrido y los detalles del viaje\",\"datePublished\":\"2026-04-28T18:55:22+00:00\",\"mainEntityOfPage\":{\"@id\":\"https:\/\/radioinfinitagoya.com.ar\/v1\/2026\/04\/28\/la-virgen-de-itati-llegara-a-lujan-asi-sera-el-recorrido-y-los-detalles-del-viaje\/\"},\"wordCount\":294,\"commentCount\":0,\"publisher\":{\"@id\":\"https:\/\/radioinfinitagoya.com.ar\/v1\/#organization\"},\"image\":{\"@id\":\"https:\/\/radioinfinitagoya.com.ar\/v1\/2026\/04\/28\/la-virgen-de-itati-llegara-a-lujan-asi-sera-el-recorrido-y-los-detalles-del-viaje\/#primaryimage\"},\"thumbnailUrl\":\"https:\/\/radioinfinitagoya.com.ar\/v1\/wp-content\/uploads\/2026\/04\/1777375981149.webp\",\"articleSection\":[\"PROVINCIALES\"],\"inLanguage\":\"es-AR\",\"potentialAction\":[{\"@type\":\"CommentAction\",\"name\":\"Comment\",\"target\":[\"https:\/\/radioinfinitagoya.com.ar\/v1\/2026\/04\/28\/la-virgen-de-itati-llegara-a-lujan-asi-sera-el-recorrido-y-los-detalles-del-viaje\/#respond\"]}]},{\"@type\":\"WebPage\",\"@id\":\"https:\/\/radioinfinitagoya.com.ar\/v1\/2026\/04\/28\/la-virgen-de-itati-llegara-a-lujan-asi-sera-el-recorrido-y-los-detalles-del-viaje\/\",\"url\":\"https:\/\/radioinfinitagoya.com.ar\/v1\/2026\/04\/28\/la-virgen-de-itati-llegara-a-lujan-asi-sera-el-recorrido-y-los-detalles-del-viaje\/\",\"name\":\"La Virgen de Itat\u00ed llegar\u00e1 a Luj\u00e1n: as\u00ed ser\u00e1 el recorrido y los detalles del viaje - Radio Infinita Goya\",\"isPartOf\":{\"@id\":\"https:\/\/radioinfinitagoya.com.ar\/v1\/#website\"},\"primaryImageOfPage\":{\"@id\":\"https:\/\/radioinfinitagoya.com.ar\/v1\/2026\/04\/28\/la-virgen-de-itati-llegara-a-lujan-asi-sera-el-recorrido-y-los-detalles-del-viaje\/#primaryimage\"},\"image\":{\"@id\":\"https:\/\/radioinfinitagoya.com.ar\/v1\/2026\/04\/28\/la-virgen-de-itati-llegara-a-lujan-asi-sera-el-recorrido-y-los-detalles-del-viaje\/#primaryimage\"},\"thumbnailUrl\":\"https:\/\/radioinfinitagoya.com.ar\/v1\/wp-content\/uploads\/2026\/04\/1777375981149.webp\",\"datePublished\":\"2026-04-28T18:55:22+00:00\",\"description\":\"Tendr\u00e1 un paso previo por Resistencia el 5 de mayo. La llegada de la Virgen de Itat\u00ed a Resistencia marcar\u00e1 un momento especial para los fieles de la\",\"breadcrumb\":{\"@id\":\"https:\/\/radioinfinitagoya.com.ar\/v1\/2026\/04\/28\/la-virgen-de-itati-llegara-a-lujan-asi-sera-el-recorrido-y-los-detalles-del-viaje\/#breadcrumb\"},\"inLanguage\":\"es-AR\",\"potentialAction\":[{\"@type\":\"ReadAction\",\"target\":[\"https:\/\/radioinfinitagoya.com.ar\/v1\/2026\/04\/28\/la-virgen-de-itati-llegara-a-lujan-asi-sera-el-recorrido-y-los-detalles-del-viaje\/\"]}]},{\"@type\":\"ImageObject\",\"inLanguage\":\"es-AR\",\"@id\":\"https:\/\/radioinfinitagoya.com.ar\/v1\/2026\/04\/28\/la-virgen-de-itati-llegara-a-lujan-asi-sera-el-recorrido-y-los-detalles-del-viaje\/#primaryimage\",\"url\":\"https:\/\/radioinfinitagoya.com.ar\/v1\/wp-content\/uploads\/2026\/04\/1777375981149.webp\",\"contentUrl\":\"https:\/\/radioinfinitagoya.com.ar\/v1\/wp-content\/uploads\/2026\/04\/1777375981149.webp\",\"width\":1200,\"height\":675},{\"@type\":\"BreadcrumbList\",\"@id\":\"https:\/\/radioinfinitagoya.com.ar\/v1\/2026\/04\/28\/la-virgen-de-itati-llegara-a-lujan-asi-sera-el-recorrido-y-los-detalles-del-viaje\/#breadcrumb\",\"itemListElement\":[{\"@type\":\"ListItem\",\"position\":1,\"name\":\"Inicio\",\"item\":\"https:\/\/radioinfinitagoya.com.ar\/v1\/\"},{\"@type\":\"ListItem\",\"position\":2,\"name\":\"La Virgen de Itat\u00ed llegar\u00e1 a Luj\u00e1n: as\u00ed ser\u00e1 el recorrido y los detalles del viaje\"}]},{\"@type\":\"WebSite\",\"@id\":\"https:\/\/radioinfinitagoya.com.ar\/v1\/#website\",\"url\":\"https:\/\/radioinfinitagoya.com.ar\/v1\/\",\"name\":\"radioinfinitagoya.com.ar\",\"description\":\"Radio de noticias\",\"publisher\":{\"@id\":\"https:\/\/radioinfinitagoya.com.ar\/v1\/#organization\"},\"potentialAction\":[{\"@type\":\"SearchAction\",\"target\":{\"@type\":\"EntryPoint\",\"urlTemplate\":\"https:\/\/radioinfinitagoya.com.ar\/v1\/?s={search_term_string}\"},\"query-input\":{\"@type\":\"PropertyValueSpecification\",\"valueRequired\":true,\"valueName\":\"search_term_string\"}}],\"inLanguage\":\"es-AR\"},{\"@type\":\"Organization\",\"@id\":\"https:\/\/radioinfinitagoya.com.ar\/v1\/#organization\",\"name\":\"Radio Infinita Goya\",\"url\":\"https:\/\/radioinfinitagoya.com.ar\/v1\/\",\"logo\":{\"@type\":\"ImageObject\",\"inLanguage\":\"es-AR\",\"@id\":\"https:\/\/radioinfinitagoya.com.ar\/v1\/#\/schema\/logo\/image\/\",\"url\":\"https:\/\/radioinfinitagoya.com.ar\/v1\/wp-content\/uploads\/2019\/11\/logo-pie-web.png\",\"contentUrl\":\"https:\/\/radioinfinitagoya.com.ar\/v1\/wp-content\/uploads\/2019\/11\/logo-pie-web.png\",\"width\":635,\"height\":326,\"caption\":\"Radio Infinita Goya\"},\"image\":{\"@id\":\"https:\/\/radioinfinitagoya.com.ar\/v1\/#\/schema\/logo\/image\/\"},\"sameAs\":[\"https:\/\/www.facebook.com\/p\/Infinita-Goya-100063870918311\/\"]},{\"@type\":\"Person\",\"@id\":\"https:\/\/radioinfinitagoya.com.ar\/v1\/#\/schema\/person\/d4cf9c413d4f6edb24aabdccab49ca4a\",\"name\":\"Jorge Mi\u00f1o\",\"image\":{\"@type\":\"ImageObject\",\"inLanguage\":\"es-AR\",\"@id\":\"https:\/\/secure.gravatar.com\/avatar\/910fcf6728fe95320e07a6643c1581fec1c7fc4bf8ae12e3d8f0d0373dc844be?s=96&d=mm&r=g\",\"url\":\"https:\/\/secure.gravatar.com\/avatar\/910fcf6728fe95320e07a6643c1581fec1c7fc4bf8ae12e3d8f0d0373dc844be?s=96&d=mm&r=g\",\"contentUrl\":\"https:\/\/secure.gravatar.com\/avatar\/910fcf6728fe95320e07a6643c1581fec1c7fc4bf8ae12e3d8f0d0373dc844be?s=96&d=mm&r=g\",\"caption\":\"Jorge Mi\u00f1o\"},\"sameAs\":[\"http:\/\/radioinfinitagoya.com.ar\"]}]}<\/script>\n<!-- \/ Yoast SEO plugin. -->","yoast_head_json":{"title":"La Virgen de Itat\u00ed llegar\u00e1 a Luj\u00e1n: as\u00ed ser\u00e1 el recorrido y los detalles del viaje - Radio Infinita Goya","description":"Tendr\u00e1 un paso previo por Resistencia el 5 de mayo. La llegada de la Virgen de Itat\u00ed a Resistencia marcar\u00e1 un momento especial para los fieles de la","robots":{"index":"index","follow":"follow","max-snippet":"max-snippet:-1","max-image-preview":"max-image-preview:large","max-video-preview":"max-video-preview:-1"},"canonical":"https:\/\/radioinfinitagoya.com.ar\/v1\/2026\/04\/28\/la-virgen-de-itati-llegara-a-lujan-asi-sera-el-recorrido-y-los-detalles-del-viaje\/","og_locale":"es_ES","og_type":"article","og_title":"La Virgen de Itat\u00ed llegar\u00e1 a Luj\u00e1n: as\u00ed ser\u00e1 el recorrido y los detalles del viaje - Radio Infinita Goya","og_description":"Tendr\u00e1 un paso previo por Resistencia el 5 de mayo. La llegada de la Virgen de Itat\u00ed a Resistencia marcar\u00e1 un momento especial para los fieles de la","og_url":"https:\/\/radioinfinitagoya.com.ar\/v1\/2026\/04\/28\/la-virgen-de-itati-llegara-a-lujan-asi-sera-el-recorrido-y-los-detalles-del-viaje\/","og_site_name":"Radio Infinita Goya","article_publisher":"https:\/\/www.facebook.com\/p\/Infinita-Goya-100063870918311\/","article_published_time":"2026-04-28T18:55:22+00:00","og_image":[{"width":1200,"height":675,"url":"https:\/\/radioinfinitagoya.com.ar\/v1\/wp-content\/uploads\/2026\/04\/1777375981149.webp","type":"image\/webp"}],"author":"Jorge Mi\u00f1o","twitter_card":"summary_large_image","twitter_misc":{"Escrito por":"Jorge Mi\u00f1o","Tiempo de lectura":"2 minutos"},"schema":{"@context":"https:\/\/schema.org","@graph":[{"@type":"Article","@id":"https:\/\/radioinfinitagoya.com.ar\/v1\/2026\/04\/28\/la-virgen-de-itati-llegara-a-lujan-asi-sera-el-recorrido-y-los-detalles-del-viaje\/#article","isPartOf":{"@id":"https:\/\/radioinfinitagoya.com.ar\/v1\/2026\/04\/28\/la-virgen-de-itati-llegara-a-lujan-asi-sera-el-recorrido-y-los-detalles-del-viaje\/"},"author":{"name":"Jorge Mi\u00f1o","@id":"https:\/\/radioinfinitagoya.com.ar\/v1\/#\/schema\/person\/d4cf9c413d4f6edb24aabdccab49ca4a"},"headline":"La Virgen de Itat\u00ed llegar\u00e1 a Luj\u00e1n: as\u00ed ser\u00e1 el recorrido y los detalles del viaje","datePublished":"2026-04-28T18:55:22+00:00","mainEntityOfPage":{"@id":"https:\/\/radioinfinitagoya.com.ar\/v1\/2026\/04\/28\/la-virgen-de-itati-llegara-a-lujan-asi-sera-el-recorrido-y-los-detalles-del-viaje\/"},"wordCount":294,"commentCount":0,"publisher":{"@id":"https:\/\/radioinfinitagoya.com.ar\/v1\/#organization"},"image":{"@id":"https:\/\/radioinfinitagoya.com.ar\/v1\/2026\/04\/28\/la-virgen-de-itati-llegara-a-lujan-asi-sera-el-recorrido-y-los-detalles-del-viaje\/#primaryimage"},"thumbnailUrl":"https:\/\/radioinfinitagoya.com.ar\/v1\/wp-content\/uploads\/2026\/04\/1777375981149.webp","articleSection":["PROVINCIALES"],"inLanguage":"es-AR","potentialAction":[{"@type":"CommentAction","name":"Comment","target":["https:\/\/radioinfinitagoya.com.ar\/v1\/2026\/04\/28\/la-virgen-de-itati-llegara-a-lujan-asi-sera-el-recorrido-y-los-detalles-del-viaje\/#respond"]}]},{"@type":"WebPage","@id":"https:\/\/radioinfinitagoya.com.ar\/v1\/2026\/04\/28\/la-virgen-de-itati-llegara-a-lujan-asi-sera-el-recorrido-y-los-detalles-del-viaje\/","url":"https:\/\/radioinfinitagoya.com.ar\/v1\/2026\/04\/28\/la-virgen-de-itati-llegara-a-lujan-asi-sera-el-recorrido-y-los-detalles-del-viaje\/","name":"La Virgen de Itat\u00ed llegar\u00e1 a Luj\u00e1n: as\u00ed ser\u00e1 el recorrido y los detalles del viaje - Radio Infinita Goya","isPartOf":{"@id":"https:\/\/radioinfinitagoya.com.ar\/v1\/#website"},"primaryImageOfPage":{"@id":"https:\/\/radioinfinitagoya.com.ar\/v1\/2026\/04\/28\/la-virgen-de-itati-llegara-a-lujan-asi-sera-el-recorrido-y-los-detalles-del-viaje\/#primaryimage"},"image":{"@id":"https:\/\/radioinfinitagoya.com.ar\/v1\/2026\/04\/28\/la-virgen-de-itati-llegara-a-lujan-asi-sera-el-recorrido-y-los-detalles-del-viaje\/#primaryimage"},"thumbnailUrl":"https:\/\/radioinfinitagoya.com.ar\/v1\/wp-content\/uploads\/2026\/04\/1777375981149.webp","datePublished":"2026-04-28T18:55:22+00:00","description":"Tendr\u00e1 un paso previo por Resistencia el 5 de mayo. La llegada de la Virgen de Itat\u00ed a Resistencia marcar\u00e1 un momento especial para los fieles de la","breadcrumb":{"@id":"https:\/\/radioinfinitagoya.com.ar\/v1\/2026\/04\/28\/la-virgen-de-itati-llegara-a-lujan-asi-sera-el-recorrido-y-los-detalles-del-viaje\/#breadcrumb"},"inLanguage":"es-AR","potentialAction":[{"@type":"ReadAction","target":["https:\/\/radioinfinitagoya.com.ar\/v1\/2026\/04\/28\/la-virgen-de-itati-llegara-a-lujan-asi-sera-el-recorrido-y-los-detalles-del-viaje\/"]}]},{"@type":"ImageObject","inLanguage":"es-AR","@id":"https:\/\/radioinfinitagoya.com.ar\/v1\/2026\/04\/28\/la-virgen-de-itati-llegara-a-lujan-asi-sera-el-recorrido-y-los-detalles-del-viaje\/#primaryimage","url":"https:\/\/radioinfinitagoya.com.ar\/v1\/wp-content\/uploads\/2026\/04\/1777375981149.webp","contentUrl":"https:\/\/radioinfinitagoya.com.ar\/v1\/wp-content\/uploads\/2026\/04\/1777375981149.webp","width":1200,"height":675},{"@type":"BreadcrumbList","@id":"https:\/\/radioinfinitagoya.com.ar\/v1\/2026\/04\/28\/la-virgen-de-itati-llegara-a-lujan-asi-sera-el-recorrido-y-los-detalles-del-viaje\/#breadcrumb","itemListElement":[{"@type":"ListItem","position":1,"name":"Inicio","item":"https:\/\/radioinfinitagoya.com.ar\/v1\/"},{"@type":"ListItem","position":2,"name":"La Virgen de Itat\u00ed llegar\u00e1 a Luj\u00e1n: as\u00ed ser\u00e1 el recorrido y los detalles del viaje"}]},{"@type":"WebSite","@id":"https:\/\/radioinfinitagoya.com.ar\/v1\/#website","url":"https:\/\/radioinfinitagoya.com.ar\/v1\/","name":"radioinfinitagoya.com.ar","description":"Radio de noticias","publisher":{"@id":"https:\/\/radioinfinitagoya.com.ar\/v1\/#organization"},"potentialAction":[{"@type":"SearchAction","target":{"@type":"EntryPoint","urlTemplate":"https:\/\/radioinfinitagoya.com.ar\/v1\/?s={search_term_string}"},"query-input":{"@type":"PropertyValueSpecification","valueRequired":true,"valueName":"search_term_string"}}],"inLanguage":"es-AR"},{"@type":"Organization","@id":"https:\/\/radioinfinitagoya.com.ar\/v1\/#organization","name":"Radio Infinita Goya","url":"https:\/\/radioinfinitagoya.com.ar\/v1\/","logo":{"@type":"ImageObject","inLanguage":"es-AR","@id":"https:\/\/radioinfinitagoya.com.ar\/v1\/#\/schema\/logo\/image\/","url":"https:\/\/radioinfinitagoya.com.ar\/v1\/wp-content\/uploads\/2019\/11\/logo-pie-web.png","contentUrl":"https:\/\/radioinfinitagoya.com.ar\/v1\/wp-content\/uploads\/2019\/11\/logo-pie-web.png","width":635,"height":326,"caption":"Radio Infinita Goya"},"image":{"@id":"https:\/\/radioinfinitagoya.com.ar\/v1\/#\/schema\/logo\/image\/"},"sameAs":["https:\/\/www.facebook.com\/p\/Infinita-Goya-100063870918311\/"]},{"@type":"Person","@id":"https:\/\/radioinfinitagoya.com.ar\/v1\/#\/schema\/person\/d4cf9c413d4f6edb24aabdccab49ca4a","name":"Jorge Mi\u00f1o","image":{"@type":"ImageObject","inLanguage":"es-AR","@id":"https:\/\/secure.gravatar.com\/avatar\/910fcf6728fe95320e07a6643c1581fec1c7fc4bf8ae12e3d8f0d0373dc844be?s=96&d=mm&r=g","url":"https:\/\/secure.gravatar.com\/avatar\/910fcf6728fe95320e07a6643c1581fec1c7fc4bf8ae12e3d8f0d0373dc844be?s=96&d=mm&r=g","contentUrl":"https:\/\/secure.gravatar.com\/avatar\/910fcf6728fe95320e07a6643c1581fec1c7fc4bf8ae12e3d8f0d0373dc844be?s=96&d=mm&r=g","caption":"Jorge Mi\u00f1o"},"sameAs":["http:\/\/radioinfinitagoya.com.ar"]}]}},"_links":{"self":[{"href":"https:\/\/radioinfinitagoya.com.ar\/v1\/wp-json\/wp\/v2\/posts\/213834","targetHints":{"allow":["GET"]}}],"collection":[{"href":"https:\/\/radioinfinitagoya.com.ar\/v1\/wp-json\/wp\/v2\/posts"}],"about":[{"href":"https:\/\/radioinfinitagoya.com.ar\/v1\/wp-json\/wp\/v2\/types\/post"}],"author":[{"embeddable":true,"href":"https:\/\/radioinfinitagoya.com.ar\/v1\/wp-json\/wp\/v2\/users\/4"}],"replies":[{"embeddable":true,"href":"https:\/\/radioinfinitagoya.com.ar\/v1\/wp-json\/wp\/v2\/comments?post=213834"}],"version-history":[{"count":1,"href":"https:\/\/radioinfinitagoya.com.ar\/v1\/wp-json\/wp\/v2\/posts\/213834\/revisions"}],"predecessor-version":[{"id":213836,"href":"https:\/\/radioinfinitagoya.com.ar\/v1\/wp-json\/wp\/v2\/posts\/213834\/revisions\/213836"}],"wp:featuredmedia":[{"embeddable":true,"href":"https:\/\/radioinfinitagoya.com.ar\/v1\/wp-json\/wp\/v2\/media\/213835"}],"wp:attachment":[{"href":"https:\/\/radioinfinitagoya.com.ar\/v1\/wp-json\/wp\/v2\/media?parent=213834"}],"wp:term":[{"taxonomy":"category","embeddable":true,"href":"https:\/\/radioinfinitagoya.com.ar\/v1\/wp-json\/wp\/v2\/categories?post=213834"},{"taxonomy":"post_tag","embeddable":true,"href":"https:\/\/radioinfinitagoya.com.ar\/v1\/wp-json\/wp\/v2\/tags?post=213834"}],"curies":[{"name":"wp","href":"https:\/\/api.w.org\/{rel}","templated":true}]}}