{"id":213841,"date":"2026-04-28T16:04:04","date_gmt":"2026-04-28T19:04:04","guid":{"rendered":"https:\/\/radioinfinitagoya.com.ar\/v1\/?p=213841"},"modified":"2026-04-28T16:04:04","modified_gmt":"2026-04-28T19:04:04","slug":"vacunacion-en-corrientes-donde-y-cuando-aplicarse-la-dosis-antigripal","status":"publish","type":"post","link":"https:\/\/radioinfinitagoya.com.ar\/v1\/2026\/04\/28\/vacunacion-en-corrientes-donde-y-cuando-aplicarse-la-dosis-antigripal\/","title":{"rendered":"Vacunaci\u00f3n en Corrientes: d\u00f3nde y cu\u00e1ndo aplicarse la dosis antigripal"},"content":{"rendered":"<p>En el marco de la Semana de Vacunaci\u00f3n en las Am\u00e9ricas, se reforz\u00f3 la disponibilidad de dosis en toda la provincia. La campa\u00f1a apunta a ni\u00f1os, adultos con patolog\u00edas y mayores de 65 a\u00f1os.<\/p>\n<p>El Ministerio de Salud P\u00fablica, encabezado por el Dr. Emilio Lanari Zubiaur, enfatiz\u00f3 que la vacunaci\u00f3n es la herramienta de prevenci\u00f3n m\u00e1s efectiva.<\/p>\n<p>En el marco de la Semana de Vacunaci\u00f3n en las Am\u00e9ricas 2026, se inst\u00f3 a los tutores a respetar el calendario oficial y a los ciudadanos a completar sus esquemas para proteger a toda la comunidad.<\/p>\n<p>Grupos de Riesgo para Vacuna Antigripal<br \/>\nLa convocatoria est\u00e1 dirigida especialmente a quienes presentan mayor vulnerabilidad ante el virus de la influenza:<\/p>\n<p>Personal de Salud y Embarazadas: En cualquier etapa de gestaci\u00f3n.<\/p>\n<p>Pu\u00e9rperas: Hasta 10 d\u00edas tras el parto (si no se vacunaron antes).<\/p>\n<p>Ni\u00f1os de 6 a 24 meses: Requieren dos dosis (intervalo de 4 semanas).<\/p>\n<p>Personas de 2 a 64 a\u00f1os con patolog\u00edas: (Diabetes, obesidad, enfermedades card\u00edacas o respiratorias, pacientes oncol\u00f3gicos). Deben presentar orden m\u00e9dica.<\/p>\n<p>Mayores de 65 a\u00f1os: No requieren orden m\u00e9dica.<\/p>\n<p><img loading=\"lazy\" decoding=\"async\" class=\"alignnone size-medium wp-image-213843\" src=\"https:\/\/radioinfinitagoya.com.ar\/v1\/wp-content\/uploads\/2026\/04\/1777374088996-600x399.jpeg\" alt=\"\" width=\"600\" height=\"399\" srcset=\"https:\/\/radioinfinitagoya.com.ar\/v1\/wp-content\/uploads\/2026\/04\/1777374088996-600x399.jpeg 600w, https:\/\/radioinfinitagoya.com.ar\/v1\/wp-content\/uploads\/2026\/04\/1777374088996-150x100.jpeg 150w, https:\/\/radioinfinitagoya.com.ar\/v1\/wp-content\/uploads\/2026\/04\/1777374088996-768x511.jpeg 768w, https:\/\/radioinfinitagoya.com.ar\/v1\/wp-content\/uploads\/2026\/04\/1777374088996-631x420.jpeg 631w, https:\/\/radioinfinitagoya.com.ar\/v1\/wp-content\/uploads\/2026\/04\/1777374088996-696x463.jpeg 696w, https:\/\/radioinfinitagoya.com.ar\/v1\/wp-content\/uploads\/2026\/04\/1777374088996.jpeg 807w\" sizes=\"auto, (max-width: 600px) 100vw, 600px\" \/><\/p>\n<p>Puntos de Vacunaci\u00f3n en Capital<\/p>\n<p>Las dosis est\u00e1n disponibles de lunes a jueves (08:00 a 12:00 y 14:00 a 18:00) y el s\u00e1bado 2 de mayo (09:00 a 12:00) en:<\/p>\n<p>Estaci\u00f3n Saludable Plaza Cabral.<\/p>\n<p>Hospital de Campa\u00f1a Escuela Hogar (mayores de 15 a\u00f1os).<\/p>\n<p>Operativos territoriales: Barrios, comunidades, espacios p\u00fablicos e instituciones educativas.<\/p>\n<p><img loading=\"lazy\" decoding=\"async\" class=\"alignnone size-medium wp-image-213844\" src=\"https:\/\/radioinfinitagoya.com.ar\/v1\/wp-content\/uploads\/2026\/04\/1777374088329-600x399.jpeg\" alt=\"\" width=\"600\" height=\"399\" srcset=\"https:\/\/radioinfinitagoya.com.ar\/v1\/wp-content\/uploads\/2026\/04\/1777374088329-600x399.jpeg 600w, https:\/\/radioinfinitagoya.com.ar\/v1\/wp-content\/uploads\/2026\/04\/1777374088329-150x100.jpeg 150w, https:\/\/radioinfinitagoya.com.ar\/v1\/wp-content\/uploads\/2026\/04\/1777374088329-768x511.jpeg 768w, https:\/\/radioinfinitagoya.com.ar\/v1\/wp-content\/uploads\/2026\/04\/1777374088329-631x420.jpeg 631w, https:\/\/radioinfinitagoya.com.ar\/v1\/wp-content\/uploads\/2026\/04\/1777374088329-696x463.jpeg 696w, https:\/\/radioinfinitagoya.com.ar\/v1\/wp-content\/uploads\/2026\/04\/1777374088329.jpeg 807w\" sizes=\"auto, (max-width: 600px) 100vw, 600px\" \/><\/p>\n<p>Los interesados deben asistir con su DNI y el Carnet de Vacunaci\u00f3n para registrar la dosis aplicada y asegurar el seguimiento del esquema.<\/p>\n","protected":false},"excerpt":{"rendered":"<p>En el marco de la Semana de Vacunaci\u00f3n en las Am\u00e9ricas, se reforz\u00f3 la disponibilidad de dosis en toda la provincia. La campa\u00f1a apunta a ni\u00f1os, adultos con patolog\u00edas y mayores de 65 a\u00f1os. El Ministerio de Salud P\u00fablica, encabezado por el Dr. Emilio Lanari Zubiaur, enfatiz\u00f3 que la vacunaci\u00f3n es la herramienta de prevenci\u00f3n [&hellip;]<\/p>\n","protected":false},"author":4,"featured_media":213842,"comment_status":"open","ping_status":"open","sticky":false,"template":"","format":"standard","meta":{"_joinchat":[],"footnotes":""},"categories":[26],"tags":[],"class_list":{"0":"post-213841","1":"post","2":"type-post","3":"status-publish","4":"format-standard","5":"has-post-thumbnail","7":"category-provinciales"},"yoast_head":"<!-- This site is optimized with the Yoast SEO plugin v27.2 - https:\/\/yoast.com\/product\/yoast-seo-wordpress\/ -->\n<title>Vacunaci\u00f3n en Corrientes: d\u00f3nde y cu\u00e1ndo aplicarse la dosis antigripal - Radio Infinita Goya<\/title>\n<meta name=\"description\" content=\"En el marco de la Semana de Vacunaci\u00f3n en las Am\u00e9ricas, se reforz\u00f3 la disponibilidad de dosis en toda la provincia. La campa\u00f1a apunta a ni\u00f1os, adultos con\" \/>\n<meta name=\"robots\" content=\"index, follow, max-snippet:-1, max-image-preview:large, max-video-preview:-1\" \/>\n<link rel=\"canonical\" href=\"https:\/\/radioinfinitagoya.com.ar\/v1\/2026\/04\/28\/vacunacion-en-corrientes-donde-y-cuando-aplicarse-la-dosis-antigripal\/\" \/>\n<meta property=\"og:locale\" content=\"es_ES\" \/>\n<meta property=\"og:type\" content=\"article\" \/>\n<meta property=\"og:title\" content=\"Vacunaci\u00f3n en Corrientes: d\u00f3nde y cu\u00e1ndo aplicarse la dosis antigripal - Radio Infinita Goya\" \/>\n<meta property=\"og:description\" content=\"En el marco de la Semana de Vacunaci\u00f3n en las Am\u00e9ricas, se reforz\u00f3 la disponibilidad de dosis en toda la provincia. La campa\u00f1a apunta a ni\u00f1os, adultos con\" \/>\n<meta property=\"og:url\" content=\"https:\/\/radioinfinitagoya.com.ar\/v1\/2026\/04\/28\/vacunacion-en-corrientes-donde-y-cuando-aplicarse-la-dosis-antigripal\/\" \/>\n<meta property=\"og:site_name\" content=\"Radio Infinita Goya\" \/>\n<meta property=\"article:publisher\" content=\"https:\/\/www.facebook.com\/p\/Infinita-Goya-100063870918311\/\" \/>\n<meta property=\"article:published_time\" content=\"2026-04-28T19:04:04+00:00\" \/>\n<meta property=\"og:image\" content=\"https:\/\/radioinfinitagoya.com.ar\/v1\/wp-content\/uploads\/2026\/04\/1777374089503.webp\" \/>\n\t<meta property=\"og:image:width\" content=\"1200\" \/>\n\t<meta property=\"og:image:height\" content=\"675\" \/>\n\t<meta property=\"og:image:type\" content=\"image\/webp\" \/>\n<meta name=\"author\" content=\"Jorge Mi\u00f1o\" \/>\n<meta name=\"twitter:card\" content=\"summary_large_image\" \/>\n<meta name=\"twitter:label1\" content=\"Escrito por\" \/>\n\t<meta name=\"twitter:data1\" content=\"Jorge Mi\u00f1o\" \/>\n\t<meta name=\"twitter:label2\" content=\"Tiempo de lectura\" \/>\n\t<meta name=\"twitter:data2\" content=\"2 minutos\" \/>\n<script type=\"application\/ld+json\" class=\"yoast-schema-graph\">{\"@context\":\"https:\/\/schema.org\",\"@graph\":[{\"@type\":\"Article\",\"@id\":\"https:\/\/radioinfinitagoya.com.ar\/v1\/2026\/04\/28\/vacunacion-en-corrientes-donde-y-cuando-aplicarse-la-dosis-antigripal\/#article\",\"isPartOf\":{\"@id\":\"https:\/\/radioinfinitagoya.com.ar\/v1\/2026\/04\/28\/vacunacion-en-corrientes-donde-y-cuando-aplicarse-la-dosis-antigripal\/\"},\"author\":{\"name\":\"Jorge Mi\u00f1o\",\"@id\":\"https:\/\/radioinfinitagoya.com.ar\/v1\/#\/schema\/person\/d4cf9c413d4f6edb24aabdccab49ca4a\"},\"headline\":\"Vacunaci\u00f3n en Corrientes: d\u00f3nde y cu\u00e1ndo aplicarse la dosis antigripal\",\"datePublished\":\"2026-04-28T19:04:04+00:00\",\"mainEntityOfPage\":{\"@id\":\"https:\/\/radioinfinitagoya.com.ar\/v1\/2026\/04\/28\/vacunacion-en-corrientes-donde-y-cuando-aplicarse-la-dosis-antigripal\/\"},\"wordCount\":280,\"commentCount\":0,\"publisher\":{\"@id\":\"https:\/\/radioinfinitagoya.com.ar\/v1\/#organization\"},\"image\":{\"@id\":\"https:\/\/radioinfinitagoya.com.ar\/v1\/2026\/04\/28\/vacunacion-en-corrientes-donde-y-cuando-aplicarse-la-dosis-antigripal\/#primaryimage\"},\"thumbnailUrl\":\"https:\/\/radioinfinitagoya.com.ar\/v1\/wp-content\/uploads\/2026\/04\/1777374089503.webp\",\"articleSection\":[\"PROVINCIALES\"],\"inLanguage\":\"es-AR\",\"potentialAction\":[{\"@type\":\"CommentAction\",\"name\":\"Comment\",\"target\":[\"https:\/\/radioinfinitagoya.com.ar\/v1\/2026\/04\/28\/vacunacion-en-corrientes-donde-y-cuando-aplicarse-la-dosis-antigripal\/#respond\"]}]},{\"@type\":\"WebPage\",\"@id\":\"https:\/\/radioinfinitagoya.com.ar\/v1\/2026\/04\/28\/vacunacion-en-corrientes-donde-y-cuando-aplicarse-la-dosis-antigripal\/\",\"url\":\"https:\/\/radioinfinitagoya.com.ar\/v1\/2026\/04\/28\/vacunacion-en-corrientes-donde-y-cuando-aplicarse-la-dosis-antigripal\/\",\"name\":\"Vacunaci\u00f3n en Corrientes: d\u00f3nde y cu\u00e1ndo aplicarse la dosis antigripal - Radio Infinita Goya\",\"isPartOf\":{\"@id\":\"https:\/\/radioinfinitagoya.com.ar\/v1\/#website\"},\"primaryImageOfPage\":{\"@id\":\"https:\/\/radioinfinitagoya.com.ar\/v1\/2026\/04\/28\/vacunacion-en-corrientes-donde-y-cuando-aplicarse-la-dosis-antigripal\/#primaryimage\"},\"image\":{\"@id\":\"https:\/\/radioinfinitagoya.com.ar\/v1\/2026\/04\/28\/vacunacion-en-corrientes-donde-y-cuando-aplicarse-la-dosis-antigripal\/#primaryimage\"},\"thumbnailUrl\":\"https:\/\/radioinfinitagoya.com.ar\/v1\/wp-content\/uploads\/2026\/04\/1777374089503.webp\",\"datePublished\":\"2026-04-28T19:04:04+00:00\",\"description\":\"En el marco de la Semana de Vacunaci\u00f3n en las Am\u00e9ricas, se reforz\u00f3 la disponibilidad de dosis en toda la provincia. La campa\u00f1a apunta a ni\u00f1os, adultos con\",\"breadcrumb\":{\"@id\":\"https:\/\/radioinfinitagoya.com.ar\/v1\/2026\/04\/28\/vacunacion-en-corrientes-donde-y-cuando-aplicarse-la-dosis-antigripal\/#breadcrumb\"},\"inLanguage\":\"es-AR\",\"potentialAction\":[{\"@type\":\"ReadAction\",\"target\":[\"https:\/\/radioinfinitagoya.com.ar\/v1\/2026\/04\/28\/vacunacion-en-corrientes-donde-y-cuando-aplicarse-la-dosis-antigripal\/\"]}]},{\"@type\":\"ImageObject\",\"inLanguage\":\"es-AR\",\"@id\":\"https:\/\/radioinfinitagoya.com.ar\/v1\/2026\/04\/28\/vacunacion-en-corrientes-donde-y-cuando-aplicarse-la-dosis-antigripal\/#primaryimage\",\"url\":\"https:\/\/radioinfinitagoya.com.ar\/v1\/wp-content\/uploads\/2026\/04\/1777374089503.webp\",\"contentUrl\":\"https:\/\/radioinfinitagoya.com.ar\/v1\/wp-content\/uploads\/2026\/04\/1777374089503.webp\",\"width\":1200,\"height\":675},{\"@type\":\"BreadcrumbList\",\"@id\":\"https:\/\/radioinfinitagoya.com.ar\/v1\/2026\/04\/28\/vacunacion-en-corrientes-donde-y-cuando-aplicarse-la-dosis-antigripal\/#breadcrumb\",\"itemListElement\":[{\"@type\":\"ListItem\",\"position\":1,\"name\":\"Inicio\",\"item\":\"https:\/\/radioinfinitagoya.com.ar\/v1\/\"},{\"@type\":\"ListItem\",\"position\":2,\"name\":\"Vacunaci\u00f3n en Corrientes: d\u00f3nde y cu\u00e1ndo aplicarse la dosis antigripal\"}]},{\"@type\":\"WebSite\",\"@id\":\"https:\/\/radioinfinitagoya.com.ar\/v1\/#website\",\"url\":\"https:\/\/radioinfinitagoya.com.ar\/v1\/\",\"name\":\"radioinfinitagoya.com.ar\",\"description\":\"Radio de noticias\",\"publisher\":{\"@id\":\"https:\/\/radioinfinitagoya.com.ar\/v1\/#organization\"},\"potentialAction\":[{\"@type\":\"SearchAction\",\"target\":{\"@type\":\"EntryPoint\",\"urlTemplate\":\"https:\/\/radioinfinitagoya.com.ar\/v1\/?s={search_term_string}\"},\"query-input\":{\"@type\":\"PropertyValueSpecification\",\"valueRequired\":true,\"valueName\":\"search_term_string\"}}],\"inLanguage\":\"es-AR\"},{\"@type\":\"Organization\",\"@id\":\"https:\/\/radioinfinitagoya.com.ar\/v1\/#organization\",\"name\":\"Radio Infinita Goya\",\"url\":\"https:\/\/radioinfinitagoya.com.ar\/v1\/\",\"logo\":{\"@type\":\"ImageObject\",\"inLanguage\":\"es-AR\",\"@id\":\"https:\/\/radioinfinitagoya.com.ar\/v1\/#\/schema\/logo\/image\/\",\"url\":\"https:\/\/radioinfinitagoya.com.ar\/v1\/wp-content\/uploads\/2019\/11\/logo-pie-web.png\",\"contentUrl\":\"https:\/\/radioinfinitagoya.com.ar\/v1\/wp-content\/uploads\/2019\/11\/logo-pie-web.png\",\"width\":635,\"height\":326,\"caption\":\"Radio Infinita Goya\"},\"image\":{\"@id\":\"https:\/\/radioinfinitagoya.com.ar\/v1\/#\/schema\/logo\/image\/\"},\"sameAs\":[\"https:\/\/www.facebook.com\/p\/Infinita-Goya-100063870918311\/\"]},{\"@type\":\"Person\",\"@id\":\"https:\/\/radioinfinitagoya.com.ar\/v1\/#\/schema\/person\/d4cf9c413d4f6edb24aabdccab49ca4a\",\"name\":\"Jorge Mi\u00f1o\",\"image\":{\"@type\":\"ImageObject\",\"inLanguage\":\"es-AR\",\"@id\":\"https:\/\/secure.gravatar.com\/avatar\/910fcf6728fe95320e07a6643c1581fec1c7fc4bf8ae12e3d8f0d0373dc844be?s=96&d=mm&r=g\",\"url\":\"https:\/\/secure.gravatar.com\/avatar\/910fcf6728fe95320e07a6643c1581fec1c7fc4bf8ae12e3d8f0d0373dc844be?s=96&d=mm&r=g\",\"contentUrl\":\"https:\/\/secure.gravatar.com\/avatar\/910fcf6728fe95320e07a6643c1581fec1c7fc4bf8ae12e3d8f0d0373dc844be?s=96&d=mm&r=g\",\"caption\":\"Jorge Mi\u00f1o\"},\"sameAs\":[\"http:\/\/radioinfinitagoya.com.ar\"]}]}<\/script>\n<!-- \/ Yoast SEO plugin. -->","yoast_head_json":{"title":"Vacunaci\u00f3n en Corrientes: d\u00f3nde y cu\u00e1ndo aplicarse la dosis antigripal - Radio Infinita Goya","description":"En el marco de la Semana de Vacunaci\u00f3n en las Am\u00e9ricas, se reforz\u00f3 la disponibilidad de dosis en toda la provincia. La campa\u00f1a apunta a ni\u00f1os, adultos con","robots":{"index":"index","follow":"follow","max-snippet":"max-snippet:-1","max-image-preview":"max-image-preview:large","max-video-preview":"max-video-preview:-1"},"canonical":"https:\/\/radioinfinitagoya.com.ar\/v1\/2026\/04\/28\/vacunacion-en-corrientes-donde-y-cuando-aplicarse-la-dosis-antigripal\/","og_locale":"es_ES","og_type":"article","og_title":"Vacunaci\u00f3n en Corrientes: d\u00f3nde y cu\u00e1ndo aplicarse la dosis antigripal - Radio Infinita Goya","og_description":"En el marco de la Semana de Vacunaci\u00f3n en las Am\u00e9ricas, se reforz\u00f3 la disponibilidad de dosis en toda la provincia. La campa\u00f1a apunta a ni\u00f1os, adultos con","og_url":"https:\/\/radioinfinitagoya.com.ar\/v1\/2026\/04\/28\/vacunacion-en-corrientes-donde-y-cuando-aplicarse-la-dosis-antigripal\/","og_site_name":"Radio Infinita Goya","article_publisher":"https:\/\/www.facebook.com\/p\/Infinita-Goya-100063870918311\/","article_published_time":"2026-04-28T19:04:04+00:00","og_image":[{"width":1200,"height":675,"url":"https:\/\/radioinfinitagoya.com.ar\/v1\/wp-content\/uploads\/2026\/04\/1777374089503.webp","type":"image\/webp"}],"author":"Jorge Mi\u00f1o","twitter_card":"summary_large_image","twitter_misc":{"Escrito por":"Jorge Mi\u00f1o","Tiempo de lectura":"2 minutos"},"schema":{"@context":"https:\/\/schema.org","@graph":[{"@type":"Article","@id":"https:\/\/radioinfinitagoya.com.ar\/v1\/2026\/04\/28\/vacunacion-en-corrientes-donde-y-cuando-aplicarse-la-dosis-antigripal\/#article","isPartOf":{"@id":"https:\/\/radioinfinitagoya.com.ar\/v1\/2026\/04\/28\/vacunacion-en-corrientes-donde-y-cuando-aplicarse-la-dosis-antigripal\/"},"author":{"name":"Jorge Mi\u00f1o","@id":"https:\/\/radioinfinitagoya.com.ar\/v1\/#\/schema\/person\/d4cf9c413d4f6edb24aabdccab49ca4a"},"headline":"Vacunaci\u00f3n en Corrientes: d\u00f3nde y cu\u00e1ndo aplicarse la dosis antigripal","datePublished":"2026-04-28T19:04:04+00:00","mainEntityOfPage":{"@id":"https:\/\/radioinfinitagoya.com.ar\/v1\/2026\/04\/28\/vacunacion-en-corrientes-donde-y-cuando-aplicarse-la-dosis-antigripal\/"},"wordCount":280,"commentCount":0,"publisher":{"@id":"https:\/\/radioinfinitagoya.com.ar\/v1\/#organization"},"image":{"@id":"https:\/\/radioinfinitagoya.com.ar\/v1\/2026\/04\/28\/vacunacion-en-corrientes-donde-y-cuando-aplicarse-la-dosis-antigripal\/#primaryimage"},"thumbnailUrl":"https:\/\/radioinfinitagoya.com.ar\/v1\/wp-content\/uploads\/2026\/04\/1777374089503.webp","articleSection":["PROVINCIALES"],"inLanguage":"es-AR","potentialAction":[{"@type":"CommentAction","name":"Comment","target":["https:\/\/radioinfinitagoya.com.ar\/v1\/2026\/04\/28\/vacunacion-en-corrientes-donde-y-cuando-aplicarse-la-dosis-antigripal\/#respond"]}]},{"@type":"WebPage","@id":"https:\/\/radioinfinitagoya.com.ar\/v1\/2026\/04\/28\/vacunacion-en-corrientes-donde-y-cuando-aplicarse-la-dosis-antigripal\/","url":"https:\/\/radioinfinitagoya.com.ar\/v1\/2026\/04\/28\/vacunacion-en-corrientes-donde-y-cuando-aplicarse-la-dosis-antigripal\/","name":"Vacunaci\u00f3n en Corrientes: d\u00f3nde y cu\u00e1ndo aplicarse la dosis antigripal - Radio Infinita Goya","isPartOf":{"@id":"https:\/\/radioinfinitagoya.com.ar\/v1\/#website"},"primaryImageOfPage":{"@id":"https:\/\/radioinfinitagoya.com.ar\/v1\/2026\/04\/28\/vacunacion-en-corrientes-donde-y-cuando-aplicarse-la-dosis-antigripal\/#primaryimage"},"image":{"@id":"https:\/\/radioinfinitagoya.com.ar\/v1\/2026\/04\/28\/vacunacion-en-corrientes-donde-y-cuando-aplicarse-la-dosis-antigripal\/#primaryimage"},"thumbnailUrl":"https:\/\/radioinfinitagoya.com.ar\/v1\/wp-content\/uploads\/2026\/04\/1777374089503.webp","datePublished":"2026-04-28T19:04:04+00:00","description":"En el marco de la Semana de Vacunaci\u00f3n en las Am\u00e9ricas, se reforz\u00f3 la disponibilidad de dosis en toda la provincia. La campa\u00f1a apunta a ni\u00f1os, adultos con","breadcrumb":{"@id":"https:\/\/radioinfinitagoya.com.ar\/v1\/2026\/04\/28\/vacunacion-en-corrientes-donde-y-cuando-aplicarse-la-dosis-antigripal\/#breadcrumb"},"inLanguage":"es-AR","potentialAction":[{"@type":"ReadAction","target":["https:\/\/radioinfinitagoya.com.ar\/v1\/2026\/04\/28\/vacunacion-en-corrientes-donde-y-cuando-aplicarse-la-dosis-antigripal\/"]}]},{"@type":"ImageObject","inLanguage":"es-AR","@id":"https:\/\/radioinfinitagoya.com.ar\/v1\/2026\/04\/28\/vacunacion-en-corrientes-donde-y-cuando-aplicarse-la-dosis-antigripal\/#primaryimage","url":"https:\/\/radioinfinitagoya.com.ar\/v1\/wp-content\/uploads\/2026\/04\/1777374089503.webp","contentUrl":"https:\/\/radioinfinitagoya.com.ar\/v1\/wp-content\/uploads\/2026\/04\/1777374089503.webp","width":1200,"height":675},{"@type":"BreadcrumbList","@id":"https:\/\/radioinfinitagoya.com.ar\/v1\/2026\/04\/28\/vacunacion-en-corrientes-donde-y-cuando-aplicarse-la-dosis-antigripal\/#breadcrumb","itemListElement":[{"@type":"ListItem","position":1,"name":"Inicio","item":"https:\/\/radioinfinitagoya.com.ar\/v1\/"},{"@type":"ListItem","position":2,"name":"Vacunaci\u00f3n en Corrientes: d\u00f3nde y cu\u00e1ndo aplicarse la dosis antigripal"}]},{"@type":"WebSite","@id":"https:\/\/radioinfinitagoya.com.ar\/v1\/#website","url":"https:\/\/radioinfinitagoya.com.ar\/v1\/","name":"radioinfinitagoya.com.ar","description":"Radio de noticias","publisher":{"@id":"https:\/\/radioinfinitagoya.com.ar\/v1\/#organization"},"potentialAction":[{"@type":"SearchAction","target":{"@type":"EntryPoint","urlTemplate":"https:\/\/radioinfinitagoya.com.ar\/v1\/?s={search_term_string}"},"query-input":{"@type":"PropertyValueSpecification","valueRequired":true,"valueName":"search_term_string"}}],"inLanguage":"es-AR"},{"@type":"Organization","@id":"https:\/\/radioinfinitagoya.com.ar\/v1\/#organization","name":"Radio Infinita Goya","url":"https:\/\/radioinfinitagoya.com.ar\/v1\/","logo":{"@type":"ImageObject","inLanguage":"es-AR","@id":"https:\/\/radioinfinitagoya.com.ar\/v1\/#\/schema\/logo\/image\/","url":"https:\/\/radioinfinitagoya.com.ar\/v1\/wp-content\/uploads\/2019\/11\/logo-pie-web.png","contentUrl":"https:\/\/radioinfinitagoya.com.ar\/v1\/wp-content\/uploads\/2019\/11\/logo-pie-web.png","width":635,"height":326,"caption":"Radio Infinita Goya"},"image":{"@id":"https:\/\/radioinfinitagoya.com.ar\/v1\/#\/schema\/logo\/image\/"},"sameAs":["https:\/\/www.facebook.com\/p\/Infinita-Goya-100063870918311\/"]},{"@type":"Person","@id":"https:\/\/radioinfinitagoya.com.ar\/v1\/#\/schema\/person\/d4cf9c413d4f6edb24aabdccab49ca4a","name":"Jorge Mi\u00f1o","image":{"@type":"ImageObject","inLanguage":"es-AR","@id":"https:\/\/secure.gravatar.com\/avatar\/910fcf6728fe95320e07a6643c1581fec1c7fc4bf8ae12e3d8f0d0373dc844be?s=96&d=mm&r=g","url":"https:\/\/secure.gravatar.com\/avatar\/910fcf6728fe95320e07a6643c1581fec1c7fc4bf8ae12e3d8f0d0373dc844be?s=96&d=mm&r=g","contentUrl":"https:\/\/secure.gravatar.com\/avatar\/910fcf6728fe95320e07a6643c1581fec1c7fc4bf8ae12e3d8f0d0373dc844be?s=96&d=mm&r=g","caption":"Jorge Mi\u00f1o"},"sameAs":["http:\/\/radioinfinitagoya.com.ar"]}]}},"_links":{"self":[{"href":"https:\/\/radioinfinitagoya.com.ar\/v1\/wp-json\/wp\/v2\/posts\/213841","targetHints":{"allow":["GET"]}}],"collection":[{"href":"https:\/\/radioinfinitagoya.com.ar\/v1\/wp-json\/wp\/v2\/posts"}],"about":[{"href":"https:\/\/radioinfinitagoya.com.ar\/v1\/wp-json\/wp\/v2\/types\/post"}],"author":[{"embeddable":true,"href":"https:\/\/radioinfinitagoya.com.ar\/v1\/wp-json\/wp\/v2\/users\/4"}],"replies":[{"embeddable":true,"href":"https:\/\/radioinfinitagoya.com.ar\/v1\/wp-json\/wp\/v2\/comments?post=213841"}],"version-history":[{"count":1,"href":"https:\/\/radioinfinitagoya.com.ar\/v1\/wp-json\/wp\/v2\/posts\/213841\/revisions"}],"predecessor-version":[{"id":213845,"href":"https:\/\/radioinfinitagoya.com.ar\/v1\/wp-json\/wp\/v2\/posts\/213841\/revisions\/213845"}],"wp:featuredmedia":[{"embeddable":true,"href":"https:\/\/radioinfinitagoya.com.ar\/v1\/wp-json\/wp\/v2\/media\/213842"}],"wp:attachment":[{"href":"https:\/\/radioinfinitagoya.com.ar\/v1\/wp-json\/wp\/v2\/media?parent=213841"}],"wp:term":[{"taxonomy":"category","embeddable":true,"href":"https:\/\/radioinfinitagoya.com.ar\/v1\/wp-json\/wp\/v2\/categories?post=213841"},{"taxonomy":"post_tag","embeddable":true,"href":"https:\/\/radioinfinitagoya.com.ar\/v1\/wp-json\/wp\/v2\/tags?post=213841"}],"curies":[{"name":"wp","href":"https:\/\/api.w.org\/{rel}","templated":true}]}}