{"id":213846,"date":"2026-04-28T16:07:44","date_gmt":"2026-04-28T19:07:44","guid":{"rendered":"https:\/\/radioinfinitagoya.com.ar\/v1\/?p=213846"},"modified":"2026-04-28T16:07:44","modified_gmt":"2026-04-28T19:07:44","slug":"manuel-adorni-ensayo-para-dar-su-informe-frente-a-los-legisladores","status":"publish","type":"post","link":"https:\/\/radioinfinitagoya.com.ar\/v1\/2026\/04\/28\/manuel-adorni-ensayo-para-dar-su-informe-frente-a-los-legisladores\/","title":{"rendered":"Manuel Adorni ensay\u00f3 para dar su informe frente a los legisladores"},"content":{"rendered":"<p>El jefe de Gabinete recorri\u00f3 el pasillo que desemboca en el recinto y se ubic\u00f3 en el hemiciclo desde donde dar\u00e1 su informe de gesti\u00f3n, tal como lo establece el art\u00edculo 101 de la Constituci\u00f3n Nacional.<\/p>\n<p>Manuel Adorni recorri\u00f3 este lunes junto a Mart\u00edn Menem la C\u00e1mara de Diputados y ensay\u00f3 parte de la exposici\u00f3n que har\u00e1 frente a los legisladores este mi\u00e9rcoles.<\/p>\n<p>El jefe de Gabinete recorri\u00f3 el pasillo que desemboca en el recinto y se ubic\u00f3 en el hemiciclo desde donde dar\u00e1 su informe de gesti\u00f3n, tal como lo establece el art\u00edculo 101 de la Constituci\u00f3n Nacional.<\/p>\n<p>Con fuerte custodia de la Casa Militar, que impidi\u00f3 el ingreso de cualquier curioso a la C\u00e1mara, Adorni prob\u00f3 dos opciones: exponer desde un atril de pie frente a los legisladores o hacerlo sentado frente al hemiciclo. Parecer\u00eda haberse inclinado por la segunda opci\u00f3n.<\/p>\n<p>El jefe de Gabinete tambi\u00e9n mir\u00f3 en varias ocasiones hacia el palco principal en la C\u00e1mara Baja, ubicado en el centro de la primera bandeja, lugar donde el pr\u00f3ximo mi\u00e9rcoles se ubicar\u00e1n el Presidente y su hermana, la secretaria Karina Milei.<\/p>\n<p>El informe por escrito llegar\u00e1 este martes a los diputados y contempla las respuestas a m\u00e1s de dos mil preguntas realizadas por los legisladores.<\/p>\n<p>La oposici\u00f3n pretender\u00e1 insistir con las denuncias que se tramitan en sede judicial sobre un supuesto enriquecimiento il\u00edcito de Adorni.<\/p>\n<p>Los pedidos de la oposici\u00f3n<\/p>\n<p>Los sectores de la oposici\u00f3n buscaron este lunes, tras un encuentro remoto, acordar una postura com\u00fan en el recinto el pr\u00f3ximo mi\u00e9rcoles. Por ahora, cada sector ir\u00e1 con su propia estrategia. Desde Uni\u00f3n por la Patria (UxP), la diputada Sabrina Selva le dijo a TN: \u201cNosotros queremos que el jefe de Gabinete d\u00e9 explicaciones\u201d.<\/p>\n<p>Mientras que el diputado Esteban Paul\u00f3n de Provincias Unidas le pidi\u00f3 al presidente de la C\u00e1mara, Mart\u00edn Menem, que no haya p\u00fablico invitado durante la exposici\u00f3n. \u201cEs indispensable asumir un compromiso colectivo para que la sesi\u00f3n del pr\u00f3ximo mi\u00e9rcoles se desarrolle en los carriles l\u00f3gicos de transparencia y respeto, reflejando una actitud madura que sin dudas la sociedad argentina sabr\u00e1 valorar\u201d.<\/p>\n<p>&nbsp;<\/p>\n","protected":false},"excerpt":{"rendered":"<p>El jefe de Gabinete recorri\u00f3 el pasillo que desemboca en el recinto y se ubic\u00f3 en el hemiciclo desde donde dar\u00e1 su informe de gesti\u00f3n, tal como lo establece el art\u00edculo 101 de la Constituci\u00f3n Nacional. Manuel Adorni recorri\u00f3 este lunes junto a Mart\u00edn Menem la C\u00e1mara de Diputados y ensay\u00f3 parte de la exposici\u00f3n [&hellip;]<\/p>\n","protected":false},"author":4,"featured_media":213847,"comment_status":"open","ping_status":"open","sticky":false,"template":"","format":"standard","meta":{"_joinchat":[],"footnotes":""},"categories":[29],"tags":[],"class_list":{"0":"post-213846","1":"post","2":"type-post","3":"status-publish","4":"format-standard","5":"has-post-thumbnail","7":"category-nacionales"},"yoast_head":"<!-- This site is optimized with the Yoast SEO plugin v27.2 - https:\/\/yoast.com\/product\/yoast-seo-wordpress\/ -->\n<title>Manuel Adorni ensay\u00f3 para dar su informe frente a los legisladores - Radio Infinita Goya<\/title>\n<meta name=\"description\" content=\"El jefe de Gabinete recorri\u00f3 el pasillo que desemboca en el recinto y se ubic\u00f3 en el hemiciclo desde donde dar\u00e1 su informe de gesti\u00f3n, tal como lo\" \/>\n<meta name=\"robots\" content=\"index, follow, max-snippet:-1, max-image-preview:large, max-video-preview:-1\" \/>\n<link rel=\"canonical\" href=\"https:\/\/radioinfinitagoya.com.ar\/v1\/2026\/04\/28\/manuel-adorni-ensayo-para-dar-su-informe-frente-a-los-legisladores\/\" \/>\n<meta property=\"og:locale\" content=\"es_ES\" \/>\n<meta property=\"og:type\" content=\"article\" \/>\n<meta property=\"og:title\" content=\"Manuel Adorni ensay\u00f3 para dar su informe frente a los legisladores - Radio Infinita Goya\" \/>\n<meta property=\"og:description\" content=\"El jefe de Gabinete recorri\u00f3 el pasillo que desemboca en el recinto y se ubic\u00f3 en el hemiciclo desde donde dar\u00e1 su informe de gesti\u00f3n, tal como lo\" \/>\n<meta property=\"og:url\" content=\"https:\/\/radioinfinitagoya.com.ar\/v1\/2026\/04\/28\/manuel-adorni-ensayo-para-dar-su-informe-frente-a-los-legisladores\/\" \/>\n<meta property=\"og:site_name\" content=\"Radio Infinita Goya\" \/>\n<meta property=\"article:publisher\" content=\"https:\/\/www.facebook.com\/p\/Infinita-Goya-100063870918311\/\" \/>\n<meta property=\"article:published_time\" content=\"2026-04-28T19:07:44+00:00\" \/>\n<meta property=\"og:image\" content=\"https:\/\/radioinfinitagoya.com.ar\/v1\/wp-content\/uploads\/2026\/04\/A3_HIzQ4.jpg\" \/>\n\t<meta property=\"og:image:width\" content=\"680\" \/>\n\t<meta property=\"og:image:height\" content=\"383\" \/>\n\t<meta property=\"og:image:type\" content=\"image\/jpeg\" \/>\n<meta name=\"author\" content=\"Jorge Mi\u00f1o\" \/>\n<meta name=\"twitter:card\" content=\"summary_large_image\" \/>\n<meta name=\"twitter:label1\" content=\"Escrito por\" \/>\n\t<meta name=\"twitter:data1\" content=\"Jorge Mi\u00f1o\" \/>\n\t<meta name=\"twitter:label2\" content=\"Tiempo de lectura\" \/>\n\t<meta name=\"twitter:data2\" content=\"2 minutos\" \/>\n<script type=\"application\/ld+json\" class=\"yoast-schema-graph\">{\"@context\":\"https:\/\/schema.org\",\"@graph\":[{\"@type\":\"Article\",\"@id\":\"https:\/\/radioinfinitagoya.com.ar\/v1\/2026\/04\/28\/manuel-adorni-ensayo-para-dar-su-informe-frente-a-los-legisladores\/#article\",\"isPartOf\":{\"@id\":\"https:\/\/radioinfinitagoya.com.ar\/v1\/2026\/04\/28\/manuel-adorni-ensayo-para-dar-su-informe-frente-a-los-legisladores\/\"},\"author\":{\"name\":\"Jorge Mi\u00f1o\",\"@id\":\"https:\/\/radioinfinitagoya.com.ar\/v1\/#\/schema\/person\/d4cf9c413d4f6edb24aabdccab49ca4a\"},\"headline\":\"Manuel Adorni ensay\u00f3 para dar su informe frente a los legisladores\",\"datePublished\":\"2026-04-28T19:07:44+00:00\",\"mainEntityOfPage\":{\"@id\":\"https:\/\/radioinfinitagoya.com.ar\/v1\/2026\/04\/28\/manuel-adorni-ensayo-para-dar-su-informe-frente-a-los-legisladores\/\"},\"wordCount\":394,\"commentCount\":0,\"publisher\":{\"@id\":\"https:\/\/radioinfinitagoya.com.ar\/v1\/#organization\"},\"image\":{\"@id\":\"https:\/\/radioinfinitagoya.com.ar\/v1\/2026\/04\/28\/manuel-adorni-ensayo-para-dar-su-informe-frente-a-los-legisladores\/#primaryimage\"},\"thumbnailUrl\":\"https:\/\/radioinfinitagoya.com.ar\/v1\/wp-content\/uploads\/2026\/04\/A3_HIzQ4.jpg\",\"articleSection\":[\"NACIONALES\"],\"inLanguage\":\"es-AR\",\"potentialAction\":[{\"@type\":\"CommentAction\",\"name\":\"Comment\",\"target\":[\"https:\/\/radioinfinitagoya.com.ar\/v1\/2026\/04\/28\/manuel-adorni-ensayo-para-dar-su-informe-frente-a-los-legisladores\/#respond\"]}]},{\"@type\":\"WebPage\",\"@id\":\"https:\/\/radioinfinitagoya.com.ar\/v1\/2026\/04\/28\/manuel-adorni-ensayo-para-dar-su-informe-frente-a-los-legisladores\/\",\"url\":\"https:\/\/radioinfinitagoya.com.ar\/v1\/2026\/04\/28\/manuel-adorni-ensayo-para-dar-su-informe-frente-a-los-legisladores\/\",\"name\":\"Manuel Adorni ensay\u00f3 para dar su informe frente a los legisladores - Radio Infinita Goya\",\"isPartOf\":{\"@id\":\"https:\/\/radioinfinitagoya.com.ar\/v1\/#website\"},\"primaryImageOfPage\":{\"@id\":\"https:\/\/radioinfinitagoya.com.ar\/v1\/2026\/04\/28\/manuel-adorni-ensayo-para-dar-su-informe-frente-a-los-legisladores\/#primaryimage\"},\"image\":{\"@id\":\"https:\/\/radioinfinitagoya.com.ar\/v1\/2026\/04\/28\/manuel-adorni-ensayo-para-dar-su-informe-frente-a-los-legisladores\/#primaryimage\"},\"thumbnailUrl\":\"https:\/\/radioinfinitagoya.com.ar\/v1\/wp-content\/uploads\/2026\/04\/A3_HIzQ4.jpg\",\"datePublished\":\"2026-04-28T19:07:44+00:00\",\"description\":\"El jefe de Gabinete recorri\u00f3 el pasillo que desemboca en el recinto y se ubic\u00f3 en el hemiciclo desde donde dar\u00e1 su informe de gesti\u00f3n, tal como lo\",\"breadcrumb\":{\"@id\":\"https:\/\/radioinfinitagoya.com.ar\/v1\/2026\/04\/28\/manuel-adorni-ensayo-para-dar-su-informe-frente-a-los-legisladores\/#breadcrumb\"},\"inLanguage\":\"es-AR\",\"potentialAction\":[{\"@type\":\"ReadAction\",\"target\":[\"https:\/\/radioinfinitagoya.com.ar\/v1\/2026\/04\/28\/manuel-adorni-ensayo-para-dar-su-informe-frente-a-los-legisladores\/\"]}]},{\"@type\":\"ImageObject\",\"inLanguage\":\"es-AR\",\"@id\":\"https:\/\/radioinfinitagoya.com.ar\/v1\/2026\/04\/28\/manuel-adorni-ensayo-para-dar-su-informe-frente-a-los-legisladores\/#primaryimage\",\"url\":\"https:\/\/radioinfinitagoya.com.ar\/v1\/wp-content\/uploads\/2026\/04\/A3_HIzQ4.jpg\",\"contentUrl\":\"https:\/\/radioinfinitagoya.com.ar\/v1\/wp-content\/uploads\/2026\/04\/A3_HIzQ4.jpg\",\"width\":680,\"height\":383},{\"@type\":\"BreadcrumbList\",\"@id\":\"https:\/\/radioinfinitagoya.com.ar\/v1\/2026\/04\/28\/manuel-adorni-ensayo-para-dar-su-informe-frente-a-los-legisladores\/#breadcrumb\",\"itemListElement\":[{\"@type\":\"ListItem\",\"position\":1,\"name\":\"Inicio\",\"item\":\"https:\/\/radioinfinitagoya.com.ar\/v1\/\"},{\"@type\":\"ListItem\",\"position\":2,\"name\":\"Manuel Adorni ensay\u00f3 para dar su informe frente a los legisladores\"}]},{\"@type\":\"WebSite\",\"@id\":\"https:\/\/radioinfinitagoya.com.ar\/v1\/#website\",\"url\":\"https:\/\/radioinfinitagoya.com.ar\/v1\/\",\"name\":\"radioinfinitagoya.com.ar\",\"description\":\"Radio de noticias\",\"publisher\":{\"@id\":\"https:\/\/radioinfinitagoya.com.ar\/v1\/#organization\"},\"potentialAction\":[{\"@type\":\"SearchAction\",\"target\":{\"@type\":\"EntryPoint\",\"urlTemplate\":\"https:\/\/radioinfinitagoya.com.ar\/v1\/?s={search_term_string}\"},\"query-input\":{\"@type\":\"PropertyValueSpecification\",\"valueRequired\":true,\"valueName\":\"search_term_string\"}}],\"inLanguage\":\"es-AR\"},{\"@type\":\"Organization\",\"@id\":\"https:\/\/radioinfinitagoya.com.ar\/v1\/#organization\",\"name\":\"Radio Infinita Goya\",\"url\":\"https:\/\/radioinfinitagoya.com.ar\/v1\/\",\"logo\":{\"@type\":\"ImageObject\",\"inLanguage\":\"es-AR\",\"@id\":\"https:\/\/radioinfinitagoya.com.ar\/v1\/#\/schema\/logo\/image\/\",\"url\":\"https:\/\/radioinfinitagoya.com.ar\/v1\/wp-content\/uploads\/2019\/11\/logo-pie-web.png\",\"contentUrl\":\"https:\/\/radioinfinitagoya.com.ar\/v1\/wp-content\/uploads\/2019\/11\/logo-pie-web.png\",\"width\":635,\"height\":326,\"caption\":\"Radio Infinita Goya\"},\"image\":{\"@id\":\"https:\/\/radioinfinitagoya.com.ar\/v1\/#\/schema\/logo\/image\/\"},\"sameAs\":[\"https:\/\/www.facebook.com\/p\/Infinita-Goya-100063870918311\/\"]},{\"@type\":\"Person\",\"@id\":\"https:\/\/radioinfinitagoya.com.ar\/v1\/#\/schema\/person\/d4cf9c413d4f6edb24aabdccab49ca4a\",\"name\":\"Jorge Mi\u00f1o\",\"image\":{\"@type\":\"ImageObject\",\"inLanguage\":\"es-AR\",\"@id\":\"https:\/\/secure.gravatar.com\/avatar\/910fcf6728fe95320e07a6643c1581fec1c7fc4bf8ae12e3d8f0d0373dc844be?s=96&d=mm&r=g\",\"url\":\"https:\/\/secure.gravatar.com\/avatar\/910fcf6728fe95320e07a6643c1581fec1c7fc4bf8ae12e3d8f0d0373dc844be?s=96&d=mm&r=g\",\"contentUrl\":\"https:\/\/secure.gravatar.com\/avatar\/910fcf6728fe95320e07a6643c1581fec1c7fc4bf8ae12e3d8f0d0373dc844be?s=96&d=mm&r=g\",\"caption\":\"Jorge Mi\u00f1o\"},\"sameAs\":[\"http:\/\/radioinfinitagoya.com.ar\"]}]}<\/script>\n<!-- \/ Yoast SEO plugin. -->","yoast_head_json":{"title":"Manuel Adorni ensay\u00f3 para dar su informe frente a los legisladores - Radio Infinita Goya","description":"El jefe de Gabinete recorri\u00f3 el pasillo que desemboca en el recinto y se ubic\u00f3 en el hemiciclo desde donde dar\u00e1 su informe de gesti\u00f3n, tal como lo","robots":{"index":"index","follow":"follow","max-snippet":"max-snippet:-1","max-image-preview":"max-image-preview:large","max-video-preview":"max-video-preview:-1"},"canonical":"https:\/\/radioinfinitagoya.com.ar\/v1\/2026\/04\/28\/manuel-adorni-ensayo-para-dar-su-informe-frente-a-los-legisladores\/","og_locale":"es_ES","og_type":"article","og_title":"Manuel Adorni ensay\u00f3 para dar su informe frente a los legisladores - Radio Infinita Goya","og_description":"El jefe de Gabinete recorri\u00f3 el pasillo que desemboca en el recinto y se ubic\u00f3 en el hemiciclo desde donde dar\u00e1 su informe de gesti\u00f3n, tal como lo","og_url":"https:\/\/radioinfinitagoya.com.ar\/v1\/2026\/04\/28\/manuel-adorni-ensayo-para-dar-su-informe-frente-a-los-legisladores\/","og_site_name":"Radio Infinita Goya","article_publisher":"https:\/\/www.facebook.com\/p\/Infinita-Goya-100063870918311\/","article_published_time":"2026-04-28T19:07:44+00:00","og_image":[{"width":680,"height":383,"url":"https:\/\/radioinfinitagoya.com.ar\/v1\/wp-content\/uploads\/2026\/04\/A3_HIzQ4.jpg","type":"image\/jpeg"}],"author":"Jorge Mi\u00f1o","twitter_card":"summary_large_image","twitter_misc":{"Escrito por":"Jorge Mi\u00f1o","Tiempo de lectura":"2 minutos"},"schema":{"@context":"https:\/\/schema.org","@graph":[{"@type":"Article","@id":"https:\/\/radioinfinitagoya.com.ar\/v1\/2026\/04\/28\/manuel-adorni-ensayo-para-dar-su-informe-frente-a-los-legisladores\/#article","isPartOf":{"@id":"https:\/\/radioinfinitagoya.com.ar\/v1\/2026\/04\/28\/manuel-adorni-ensayo-para-dar-su-informe-frente-a-los-legisladores\/"},"author":{"name":"Jorge Mi\u00f1o","@id":"https:\/\/radioinfinitagoya.com.ar\/v1\/#\/schema\/person\/d4cf9c413d4f6edb24aabdccab49ca4a"},"headline":"Manuel Adorni ensay\u00f3 para dar su informe frente a los legisladores","datePublished":"2026-04-28T19:07:44+00:00","mainEntityOfPage":{"@id":"https:\/\/radioinfinitagoya.com.ar\/v1\/2026\/04\/28\/manuel-adorni-ensayo-para-dar-su-informe-frente-a-los-legisladores\/"},"wordCount":394,"commentCount":0,"publisher":{"@id":"https:\/\/radioinfinitagoya.com.ar\/v1\/#organization"},"image":{"@id":"https:\/\/radioinfinitagoya.com.ar\/v1\/2026\/04\/28\/manuel-adorni-ensayo-para-dar-su-informe-frente-a-los-legisladores\/#primaryimage"},"thumbnailUrl":"https:\/\/radioinfinitagoya.com.ar\/v1\/wp-content\/uploads\/2026\/04\/A3_HIzQ4.jpg","articleSection":["NACIONALES"],"inLanguage":"es-AR","potentialAction":[{"@type":"CommentAction","name":"Comment","target":["https:\/\/radioinfinitagoya.com.ar\/v1\/2026\/04\/28\/manuel-adorni-ensayo-para-dar-su-informe-frente-a-los-legisladores\/#respond"]}]},{"@type":"WebPage","@id":"https:\/\/radioinfinitagoya.com.ar\/v1\/2026\/04\/28\/manuel-adorni-ensayo-para-dar-su-informe-frente-a-los-legisladores\/","url":"https:\/\/radioinfinitagoya.com.ar\/v1\/2026\/04\/28\/manuel-adorni-ensayo-para-dar-su-informe-frente-a-los-legisladores\/","name":"Manuel Adorni ensay\u00f3 para dar su informe frente a los legisladores - Radio Infinita Goya","isPartOf":{"@id":"https:\/\/radioinfinitagoya.com.ar\/v1\/#website"},"primaryImageOfPage":{"@id":"https:\/\/radioinfinitagoya.com.ar\/v1\/2026\/04\/28\/manuel-adorni-ensayo-para-dar-su-informe-frente-a-los-legisladores\/#primaryimage"},"image":{"@id":"https:\/\/radioinfinitagoya.com.ar\/v1\/2026\/04\/28\/manuel-adorni-ensayo-para-dar-su-informe-frente-a-los-legisladores\/#primaryimage"},"thumbnailUrl":"https:\/\/radioinfinitagoya.com.ar\/v1\/wp-content\/uploads\/2026\/04\/A3_HIzQ4.jpg","datePublished":"2026-04-28T19:07:44+00:00","description":"El jefe de Gabinete recorri\u00f3 el pasillo que desemboca en el recinto y se ubic\u00f3 en el hemiciclo desde donde dar\u00e1 su informe de gesti\u00f3n, tal como lo","breadcrumb":{"@id":"https:\/\/radioinfinitagoya.com.ar\/v1\/2026\/04\/28\/manuel-adorni-ensayo-para-dar-su-informe-frente-a-los-legisladores\/#breadcrumb"},"inLanguage":"es-AR","potentialAction":[{"@type":"ReadAction","target":["https:\/\/radioinfinitagoya.com.ar\/v1\/2026\/04\/28\/manuel-adorni-ensayo-para-dar-su-informe-frente-a-los-legisladores\/"]}]},{"@type":"ImageObject","inLanguage":"es-AR","@id":"https:\/\/radioinfinitagoya.com.ar\/v1\/2026\/04\/28\/manuel-adorni-ensayo-para-dar-su-informe-frente-a-los-legisladores\/#primaryimage","url":"https:\/\/radioinfinitagoya.com.ar\/v1\/wp-content\/uploads\/2026\/04\/A3_HIzQ4.jpg","contentUrl":"https:\/\/radioinfinitagoya.com.ar\/v1\/wp-content\/uploads\/2026\/04\/A3_HIzQ4.jpg","width":680,"height":383},{"@type":"BreadcrumbList","@id":"https:\/\/radioinfinitagoya.com.ar\/v1\/2026\/04\/28\/manuel-adorni-ensayo-para-dar-su-informe-frente-a-los-legisladores\/#breadcrumb","itemListElement":[{"@type":"ListItem","position":1,"name":"Inicio","item":"https:\/\/radioinfinitagoya.com.ar\/v1\/"},{"@type":"ListItem","position":2,"name":"Manuel Adorni ensay\u00f3 para dar su informe frente a los legisladores"}]},{"@type":"WebSite","@id":"https:\/\/radioinfinitagoya.com.ar\/v1\/#website","url":"https:\/\/radioinfinitagoya.com.ar\/v1\/","name":"radioinfinitagoya.com.ar","description":"Radio de noticias","publisher":{"@id":"https:\/\/radioinfinitagoya.com.ar\/v1\/#organization"},"potentialAction":[{"@type":"SearchAction","target":{"@type":"EntryPoint","urlTemplate":"https:\/\/radioinfinitagoya.com.ar\/v1\/?s={search_term_string}"},"query-input":{"@type":"PropertyValueSpecification","valueRequired":true,"valueName":"search_term_string"}}],"inLanguage":"es-AR"},{"@type":"Organization","@id":"https:\/\/radioinfinitagoya.com.ar\/v1\/#organization","name":"Radio Infinita Goya","url":"https:\/\/radioinfinitagoya.com.ar\/v1\/","logo":{"@type":"ImageObject","inLanguage":"es-AR","@id":"https:\/\/radioinfinitagoya.com.ar\/v1\/#\/schema\/logo\/image\/","url":"https:\/\/radioinfinitagoya.com.ar\/v1\/wp-content\/uploads\/2019\/11\/logo-pie-web.png","contentUrl":"https:\/\/radioinfinitagoya.com.ar\/v1\/wp-content\/uploads\/2019\/11\/logo-pie-web.png","width":635,"height":326,"caption":"Radio Infinita Goya"},"image":{"@id":"https:\/\/radioinfinitagoya.com.ar\/v1\/#\/schema\/logo\/image\/"},"sameAs":["https:\/\/www.facebook.com\/p\/Infinita-Goya-100063870918311\/"]},{"@type":"Person","@id":"https:\/\/radioinfinitagoya.com.ar\/v1\/#\/schema\/person\/d4cf9c413d4f6edb24aabdccab49ca4a","name":"Jorge Mi\u00f1o","image":{"@type":"ImageObject","inLanguage":"es-AR","@id":"https:\/\/secure.gravatar.com\/avatar\/910fcf6728fe95320e07a6643c1581fec1c7fc4bf8ae12e3d8f0d0373dc844be?s=96&d=mm&r=g","url":"https:\/\/secure.gravatar.com\/avatar\/910fcf6728fe95320e07a6643c1581fec1c7fc4bf8ae12e3d8f0d0373dc844be?s=96&d=mm&r=g","contentUrl":"https:\/\/secure.gravatar.com\/avatar\/910fcf6728fe95320e07a6643c1581fec1c7fc4bf8ae12e3d8f0d0373dc844be?s=96&d=mm&r=g","caption":"Jorge Mi\u00f1o"},"sameAs":["http:\/\/radioinfinitagoya.com.ar"]}]}},"_links":{"self":[{"href":"https:\/\/radioinfinitagoya.com.ar\/v1\/wp-json\/wp\/v2\/posts\/213846","targetHints":{"allow":["GET"]}}],"collection":[{"href":"https:\/\/radioinfinitagoya.com.ar\/v1\/wp-json\/wp\/v2\/posts"}],"about":[{"href":"https:\/\/radioinfinitagoya.com.ar\/v1\/wp-json\/wp\/v2\/types\/post"}],"author":[{"embeddable":true,"href":"https:\/\/radioinfinitagoya.com.ar\/v1\/wp-json\/wp\/v2\/users\/4"}],"replies":[{"embeddable":true,"href":"https:\/\/radioinfinitagoya.com.ar\/v1\/wp-json\/wp\/v2\/comments?post=213846"}],"version-history":[{"count":1,"href":"https:\/\/radioinfinitagoya.com.ar\/v1\/wp-json\/wp\/v2\/posts\/213846\/revisions"}],"predecessor-version":[{"id":213848,"href":"https:\/\/radioinfinitagoya.com.ar\/v1\/wp-json\/wp\/v2\/posts\/213846\/revisions\/213848"}],"wp:featuredmedia":[{"embeddable":true,"href":"https:\/\/radioinfinitagoya.com.ar\/v1\/wp-json\/wp\/v2\/media\/213847"}],"wp:attachment":[{"href":"https:\/\/radioinfinitagoya.com.ar\/v1\/wp-json\/wp\/v2\/media?parent=213846"}],"wp:term":[{"taxonomy":"category","embeddable":true,"href":"https:\/\/radioinfinitagoya.com.ar\/v1\/wp-json\/wp\/v2\/categories?post=213846"},{"taxonomy":"post_tag","embeddable":true,"href":"https:\/\/radioinfinitagoya.com.ar\/v1\/wp-json\/wp\/v2\/tags?post=213846"}],"curies":[{"name":"wp","href":"https:\/\/api.w.org\/{rel}","templated":true}]}}