{"id":213849,"date":"2026-04-28T16:11:05","date_gmt":"2026-04-28T19:11:05","guid":{"rendered":"https:\/\/radioinfinitagoya.com.ar\/v1\/?p=213849"},"modified":"2026-04-28T16:11:05","modified_gmt":"2026-04-28T19:11:05","slug":"caso-andis-spagnuolo-se-nego-a-declarar-en-la-causa-que-investiga-corrupcion","status":"publish","type":"post","link":"https:\/\/radioinfinitagoya.com.ar\/v1\/2026\/04\/28\/caso-andis-spagnuolo-se-nego-a-declarar-en-la-causa-que-investiga-corrupcion\/","title":{"rendered":"Caso Andis: Spagnuolo se neg\u00f3 a declarar en la causa que investiga corrupci\u00f3n"},"content":{"rendered":"<p>El ex titular del organismo se present\u00f3 este martes en Comodoro Py. En total, son 34 los imputados por presuntas maniobras il\u00edcitas que involucran cifras millonarias y un entramado de funcionarios y empresarios.<\/p>\n<p>El extitular de la Agencia Nacional de Discapacidad (Andis), Diego Spagnuolo, se present\u00f3 en Comodoro Py este martes, citado en el marco de la causa que investiga el manejo de fondos del organismo y dar\u00e1 inicio a la ronda de indagatorias. En total, son 34 los imputados por presuntas maniobras de corrupci\u00f3n que involucran cifras millonarias y un entramado de funcionarios y empresarios.<\/p>\n<p>El exfuncionario se present\u00f3 ante el juez Ariel Lijo y el fiscal Franco Picardi, pero se neg\u00f3 a declarar. Tampoco present\u00f3 un escrito y, a su vez, reclam\u00f3 que se realice el peritaje a los audios por los cuales comenz\u00f3 a ser investigado.<\/p>\n<p>La indagatorias continuaron con quien fuera el segundo a cargo de la Andis, Daniel Mar\u00eda Garbellini, quien tambi\u00e9n se neg\u00f3 a declarar. Al igual que Spagnuolo, \u00e9l tampoco present\u00f3 un escrito.<\/p>\n<p>El cronograma prev\u00e9 que Miguel \u00c1ngel Calvete declare hoy y Andr\u00e9s Horacio Arnaudo, ma\u00f1ana.<br \/>\n\u201cSe habr\u00eda implementado un sistema de compulsas de precios direccionadas y cartelizadas, mediante la convocatoria reiterada de un conjunto reducido de firmas vinculadas entre s\u00ed y con funcionarios del organismo. Simulaban competir entre ellas cuando, en realidad, actuaban de manera coordinada para asegurar adjudicaciones previamente acordadas\u201d, se\u00f1ala la resoluci\u00f3n del juez federal Ariel Lijo, quien orden\u00f3 las citaciones.<\/p>\n<p>El magistrado tambi\u00e9n decret\u00f3 la inhibici\u00f3n general de bienes de las personas y empresas involucradas. \u201cLas hip\u00f3tesis delictivas investigadas permiten advertir la posibilidad de maniobras tendientes al desprendimiento de activos que pudieron haber sido instrumentos, productos u objeto de posibles delitos y, por ende, susceptibles de ser recuperados por el Estado\u201d, sostuvo.<\/p>\n<p>Aunque la causa ya ten\u00eda varios procesados desde febrero, en los \u00faltimos meses la investigaci\u00f3n avanz\u00f3 sobre un segundo circuito de desv\u00edos dentro de la Andis. Seg\u00fan el fiscal federal Franco Picardi y el titular de la Procuradur\u00eda de Investigaciones Administrativas (PIA), Sergio Rodr\u00edguez, se detectaron m\u00e1s de $75 mil millones devengados \u201cen favor de un reducido grupo empresarial\u201d.<\/p>\n<p>\u201cSe detectaron nuevas maniobras de corrupci\u00f3n desplegadas en la Agencia Nacional de Discapacidad (Andis), de manera articulada entre funcionarios p\u00fablicos y empresarios proveedores de insumos de alto costo. Maniobras que implicaron la erogaci\u00f3n de aproximadamente $75.478.149.019 provenientes del erario estatal, en favor de un reducido grupo empresarial\u201d, sostuvo Picardi en su pedido de indagatoria.<\/p>\n<p>En la causa se investigan una serie de maniobras il\u00edcitas que se habr\u00edan desarrollado, en principio, entre diciembre de 2023 y octubre de 2025 dentro de la Agencia, que en ese per\u00edodo depend\u00eda del Ministerio de Salud de la Naci\u00f3n. \u201cDurante ese lapso, distintas acciones de corrupci\u00f3n fueron posibles gracias a acuerdos indebidos entre funcionarios de la Andis y actores del \u00e1mbito privado vinculados con droguer\u00edas y proveedores de medicamentos e insumos de alto costo y baja incidencia (Pacbi)\u201d, explicaron los fiscales en su dictamen.<\/p>\n","protected":false},"excerpt":{"rendered":"<p>El ex titular del organismo se present\u00f3 este martes en Comodoro Py. En total, son 34 los imputados por presuntas maniobras il\u00edcitas que involucran cifras millonarias y un entramado de funcionarios y empresarios. El extitular de la Agencia Nacional de Discapacidad (Andis), Diego Spagnuolo, se present\u00f3 en Comodoro Py este martes, citado en el marco [&hellip;]<\/p>\n","protected":false},"author":4,"featured_media":213850,"comment_status":"open","ping_status":"open","sticky":false,"template":"","format":"standard","meta":{"_joinchat":[],"footnotes":""},"categories":[29],"tags":[],"class_list":{"0":"post-213849","1":"post","2":"type-post","3":"status-publish","4":"format-standard","5":"has-post-thumbnail","7":"category-nacionales"},"yoast_head":"<!-- This site is optimized with the Yoast SEO plugin v27.2 - https:\/\/yoast.com\/product\/yoast-seo-wordpress\/ -->\n<title>Caso Andis: Spagnuolo se neg\u00f3 a declarar en la causa que investiga corrupci\u00f3n - Radio Infinita Goya<\/title>\n<meta name=\"description\" content=\"El ex titular del organismo se present\u00f3 este martes en Comodoro Py. En total, son 34 los imputados por presuntas maniobras il\u00edcitas que involucran cifras\" \/>\n<meta name=\"robots\" content=\"index, follow, max-snippet:-1, max-image-preview:large, max-video-preview:-1\" \/>\n<link rel=\"canonical\" href=\"https:\/\/radioinfinitagoya.com.ar\/v1\/2026\/04\/28\/caso-andis-spagnuolo-se-nego-a-declarar-en-la-causa-que-investiga-corrupcion\/\" \/>\n<meta property=\"og:locale\" content=\"es_ES\" \/>\n<meta property=\"og:type\" content=\"article\" \/>\n<meta property=\"og:title\" content=\"Caso Andis: Spagnuolo se neg\u00f3 a declarar en la causa que investiga corrupci\u00f3n - Radio Infinita Goya\" \/>\n<meta property=\"og:description\" content=\"El ex titular del organismo se present\u00f3 este martes en Comodoro Py. En total, son 34 los imputados por presuntas maniobras il\u00edcitas que involucran cifras\" \/>\n<meta property=\"og:url\" content=\"https:\/\/radioinfinitagoya.com.ar\/v1\/2026\/04\/28\/caso-andis-spagnuolo-se-nego-a-declarar-en-la-causa-que-investiga-corrupcion\/\" \/>\n<meta property=\"og:site_name\" content=\"Radio Infinita Goya\" \/>\n<meta property=\"article:publisher\" content=\"https:\/\/www.facebook.com\/p\/Infinita-Goya-100063870918311\/\" \/>\n<meta property=\"article:published_time\" content=\"2026-04-28T19:11:05+00:00\" \/>\n<meta property=\"og:image\" content=\"https:\/\/radioinfinitagoya.com.ar\/v1\/wp-content\/uploads\/2026\/04\/PvEUeF8C.jpg\" \/>\n\t<meta property=\"og:image:width\" content=\"680\" \/>\n\t<meta property=\"og:image:height\" content=\"357\" \/>\n\t<meta property=\"og:image:type\" content=\"image\/jpeg\" \/>\n<meta name=\"author\" content=\"Jorge Mi\u00f1o\" \/>\n<meta name=\"twitter:card\" content=\"summary_large_image\" \/>\n<meta name=\"twitter:label1\" content=\"Escrito por\" \/>\n\t<meta name=\"twitter:data1\" content=\"Jorge Mi\u00f1o\" \/>\n\t<meta name=\"twitter:label2\" content=\"Tiempo de lectura\" \/>\n\t<meta name=\"twitter:data2\" content=\"3 minutos\" \/>\n<script type=\"application\/ld+json\" class=\"yoast-schema-graph\">{\"@context\":\"https:\/\/schema.org\",\"@graph\":[{\"@type\":\"Article\",\"@id\":\"https:\/\/radioinfinitagoya.com.ar\/v1\/2026\/04\/28\/caso-andis-spagnuolo-se-nego-a-declarar-en-la-causa-que-investiga-corrupcion\/#article\",\"isPartOf\":{\"@id\":\"https:\/\/radioinfinitagoya.com.ar\/v1\/2026\/04\/28\/caso-andis-spagnuolo-se-nego-a-declarar-en-la-causa-que-investiga-corrupcion\/\"},\"author\":{\"name\":\"Jorge Mi\u00f1o\",\"@id\":\"https:\/\/radioinfinitagoya.com.ar\/v1\/#\/schema\/person\/d4cf9c413d4f6edb24aabdccab49ca4a\"},\"headline\":\"Caso Andis: Spagnuolo se neg\u00f3 a declarar en la causa que investiga corrupci\u00f3n\",\"datePublished\":\"2026-04-28T19:11:05+00:00\",\"mainEntityOfPage\":{\"@id\":\"https:\/\/radioinfinitagoya.com.ar\/v1\/2026\/04\/28\/caso-andis-spagnuolo-se-nego-a-declarar-en-la-causa-que-investiga-corrupcion\/\"},\"wordCount\":529,\"commentCount\":0,\"publisher\":{\"@id\":\"https:\/\/radioinfinitagoya.com.ar\/v1\/#organization\"},\"image\":{\"@id\":\"https:\/\/radioinfinitagoya.com.ar\/v1\/2026\/04\/28\/caso-andis-spagnuolo-se-nego-a-declarar-en-la-causa-que-investiga-corrupcion\/#primaryimage\"},\"thumbnailUrl\":\"https:\/\/radioinfinitagoya.com.ar\/v1\/wp-content\/uploads\/2026\/04\/PvEUeF8C.jpg\",\"articleSection\":[\"NACIONALES\"],\"inLanguage\":\"es-AR\",\"potentialAction\":[{\"@type\":\"CommentAction\",\"name\":\"Comment\",\"target\":[\"https:\/\/radioinfinitagoya.com.ar\/v1\/2026\/04\/28\/caso-andis-spagnuolo-se-nego-a-declarar-en-la-causa-que-investiga-corrupcion\/#respond\"]}]},{\"@type\":\"WebPage\",\"@id\":\"https:\/\/radioinfinitagoya.com.ar\/v1\/2026\/04\/28\/caso-andis-spagnuolo-se-nego-a-declarar-en-la-causa-que-investiga-corrupcion\/\",\"url\":\"https:\/\/radioinfinitagoya.com.ar\/v1\/2026\/04\/28\/caso-andis-spagnuolo-se-nego-a-declarar-en-la-causa-que-investiga-corrupcion\/\",\"name\":\"Caso Andis: Spagnuolo se neg\u00f3 a declarar en la causa que investiga corrupci\u00f3n - Radio Infinita Goya\",\"isPartOf\":{\"@id\":\"https:\/\/radioinfinitagoya.com.ar\/v1\/#website\"},\"primaryImageOfPage\":{\"@id\":\"https:\/\/radioinfinitagoya.com.ar\/v1\/2026\/04\/28\/caso-andis-spagnuolo-se-nego-a-declarar-en-la-causa-que-investiga-corrupcion\/#primaryimage\"},\"image\":{\"@id\":\"https:\/\/radioinfinitagoya.com.ar\/v1\/2026\/04\/28\/caso-andis-spagnuolo-se-nego-a-declarar-en-la-causa-que-investiga-corrupcion\/#primaryimage\"},\"thumbnailUrl\":\"https:\/\/radioinfinitagoya.com.ar\/v1\/wp-content\/uploads\/2026\/04\/PvEUeF8C.jpg\",\"datePublished\":\"2026-04-28T19:11:05+00:00\",\"description\":\"El ex titular del organismo se present\u00f3 este martes en Comodoro Py. En total, son 34 los imputados por presuntas maniobras il\u00edcitas que involucran cifras\",\"breadcrumb\":{\"@id\":\"https:\/\/radioinfinitagoya.com.ar\/v1\/2026\/04\/28\/caso-andis-spagnuolo-se-nego-a-declarar-en-la-causa-que-investiga-corrupcion\/#breadcrumb\"},\"inLanguage\":\"es-AR\",\"potentialAction\":[{\"@type\":\"ReadAction\",\"target\":[\"https:\/\/radioinfinitagoya.com.ar\/v1\/2026\/04\/28\/caso-andis-spagnuolo-se-nego-a-declarar-en-la-causa-que-investiga-corrupcion\/\"]}]},{\"@type\":\"ImageObject\",\"inLanguage\":\"es-AR\",\"@id\":\"https:\/\/radioinfinitagoya.com.ar\/v1\/2026\/04\/28\/caso-andis-spagnuolo-se-nego-a-declarar-en-la-causa-que-investiga-corrupcion\/#primaryimage\",\"url\":\"https:\/\/radioinfinitagoya.com.ar\/v1\/wp-content\/uploads\/2026\/04\/PvEUeF8C.jpg\",\"contentUrl\":\"https:\/\/radioinfinitagoya.com.ar\/v1\/wp-content\/uploads\/2026\/04\/PvEUeF8C.jpg\",\"width\":680,\"height\":357},{\"@type\":\"BreadcrumbList\",\"@id\":\"https:\/\/radioinfinitagoya.com.ar\/v1\/2026\/04\/28\/caso-andis-spagnuolo-se-nego-a-declarar-en-la-causa-que-investiga-corrupcion\/#breadcrumb\",\"itemListElement\":[{\"@type\":\"ListItem\",\"position\":1,\"name\":\"Inicio\",\"item\":\"https:\/\/radioinfinitagoya.com.ar\/v1\/\"},{\"@type\":\"ListItem\",\"position\":2,\"name\":\"Caso Andis: Spagnuolo se neg\u00f3 a declarar en la causa que investiga corrupci\u00f3n\"}]},{\"@type\":\"WebSite\",\"@id\":\"https:\/\/radioinfinitagoya.com.ar\/v1\/#website\",\"url\":\"https:\/\/radioinfinitagoya.com.ar\/v1\/\",\"name\":\"radioinfinitagoya.com.ar\",\"description\":\"Radio de noticias\",\"publisher\":{\"@id\":\"https:\/\/radioinfinitagoya.com.ar\/v1\/#organization\"},\"potentialAction\":[{\"@type\":\"SearchAction\",\"target\":{\"@type\":\"EntryPoint\",\"urlTemplate\":\"https:\/\/radioinfinitagoya.com.ar\/v1\/?s={search_term_string}\"},\"query-input\":{\"@type\":\"PropertyValueSpecification\",\"valueRequired\":true,\"valueName\":\"search_term_string\"}}],\"inLanguage\":\"es-AR\"},{\"@type\":\"Organization\",\"@id\":\"https:\/\/radioinfinitagoya.com.ar\/v1\/#organization\",\"name\":\"Radio Infinita Goya\",\"url\":\"https:\/\/radioinfinitagoya.com.ar\/v1\/\",\"logo\":{\"@type\":\"ImageObject\",\"inLanguage\":\"es-AR\",\"@id\":\"https:\/\/radioinfinitagoya.com.ar\/v1\/#\/schema\/logo\/image\/\",\"url\":\"https:\/\/radioinfinitagoya.com.ar\/v1\/wp-content\/uploads\/2019\/11\/logo-pie-web.png\",\"contentUrl\":\"https:\/\/radioinfinitagoya.com.ar\/v1\/wp-content\/uploads\/2019\/11\/logo-pie-web.png\",\"width\":635,\"height\":326,\"caption\":\"Radio Infinita Goya\"},\"image\":{\"@id\":\"https:\/\/radioinfinitagoya.com.ar\/v1\/#\/schema\/logo\/image\/\"},\"sameAs\":[\"https:\/\/www.facebook.com\/p\/Infinita-Goya-100063870918311\/\"]},{\"@type\":\"Person\",\"@id\":\"https:\/\/radioinfinitagoya.com.ar\/v1\/#\/schema\/person\/d4cf9c413d4f6edb24aabdccab49ca4a\",\"name\":\"Jorge Mi\u00f1o\",\"image\":{\"@type\":\"ImageObject\",\"inLanguage\":\"es-AR\",\"@id\":\"https:\/\/secure.gravatar.com\/avatar\/910fcf6728fe95320e07a6643c1581fec1c7fc4bf8ae12e3d8f0d0373dc844be?s=96&d=mm&r=g\",\"url\":\"https:\/\/secure.gravatar.com\/avatar\/910fcf6728fe95320e07a6643c1581fec1c7fc4bf8ae12e3d8f0d0373dc844be?s=96&d=mm&r=g\",\"contentUrl\":\"https:\/\/secure.gravatar.com\/avatar\/910fcf6728fe95320e07a6643c1581fec1c7fc4bf8ae12e3d8f0d0373dc844be?s=96&d=mm&r=g\",\"caption\":\"Jorge Mi\u00f1o\"},\"sameAs\":[\"http:\/\/radioinfinitagoya.com.ar\"]}]}<\/script>\n<!-- \/ Yoast SEO plugin. -->","yoast_head_json":{"title":"Caso Andis: Spagnuolo se neg\u00f3 a declarar en la causa que investiga corrupci\u00f3n - Radio Infinita Goya","description":"El ex titular del organismo se present\u00f3 este martes en Comodoro Py. En total, son 34 los imputados por presuntas maniobras il\u00edcitas que involucran cifras","robots":{"index":"index","follow":"follow","max-snippet":"max-snippet:-1","max-image-preview":"max-image-preview:large","max-video-preview":"max-video-preview:-1"},"canonical":"https:\/\/radioinfinitagoya.com.ar\/v1\/2026\/04\/28\/caso-andis-spagnuolo-se-nego-a-declarar-en-la-causa-que-investiga-corrupcion\/","og_locale":"es_ES","og_type":"article","og_title":"Caso Andis: Spagnuolo se neg\u00f3 a declarar en la causa que investiga corrupci\u00f3n - Radio Infinita Goya","og_description":"El ex titular del organismo se present\u00f3 este martes en Comodoro Py. En total, son 34 los imputados por presuntas maniobras il\u00edcitas que involucran cifras","og_url":"https:\/\/radioinfinitagoya.com.ar\/v1\/2026\/04\/28\/caso-andis-spagnuolo-se-nego-a-declarar-en-la-causa-que-investiga-corrupcion\/","og_site_name":"Radio Infinita Goya","article_publisher":"https:\/\/www.facebook.com\/p\/Infinita-Goya-100063870918311\/","article_published_time":"2026-04-28T19:11:05+00:00","og_image":[{"width":680,"height":357,"url":"https:\/\/radioinfinitagoya.com.ar\/v1\/wp-content\/uploads\/2026\/04\/PvEUeF8C.jpg","type":"image\/jpeg"}],"author":"Jorge Mi\u00f1o","twitter_card":"summary_large_image","twitter_misc":{"Escrito por":"Jorge Mi\u00f1o","Tiempo de lectura":"3 minutos"},"schema":{"@context":"https:\/\/schema.org","@graph":[{"@type":"Article","@id":"https:\/\/radioinfinitagoya.com.ar\/v1\/2026\/04\/28\/caso-andis-spagnuolo-se-nego-a-declarar-en-la-causa-que-investiga-corrupcion\/#article","isPartOf":{"@id":"https:\/\/radioinfinitagoya.com.ar\/v1\/2026\/04\/28\/caso-andis-spagnuolo-se-nego-a-declarar-en-la-causa-que-investiga-corrupcion\/"},"author":{"name":"Jorge Mi\u00f1o","@id":"https:\/\/radioinfinitagoya.com.ar\/v1\/#\/schema\/person\/d4cf9c413d4f6edb24aabdccab49ca4a"},"headline":"Caso Andis: Spagnuolo se neg\u00f3 a declarar en la causa que investiga corrupci\u00f3n","datePublished":"2026-04-28T19:11:05+00:00","mainEntityOfPage":{"@id":"https:\/\/radioinfinitagoya.com.ar\/v1\/2026\/04\/28\/caso-andis-spagnuolo-se-nego-a-declarar-en-la-causa-que-investiga-corrupcion\/"},"wordCount":529,"commentCount":0,"publisher":{"@id":"https:\/\/radioinfinitagoya.com.ar\/v1\/#organization"},"image":{"@id":"https:\/\/radioinfinitagoya.com.ar\/v1\/2026\/04\/28\/caso-andis-spagnuolo-se-nego-a-declarar-en-la-causa-que-investiga-corrupcion\/#primaryimage"},"thumbnailUrl":"https:\/\/radioinfinitagoya.com.ar\/v1\/wp-content\/uploads\/2026\/04\/PvEUeF8C.jpg","articleSection":["NACIONALES"],"inLanguage":"es-AR","potentialAction":[{"@type":"CommentAction","name":"Comment","target":["https:\/\/radioinfinitagoya.com.ar\/v1\/2026\/04\/28\/caso-andis-spagnuolo-se-nego-a-declarar-en-la-causa-que-investiga-corrupcion\/#respond"]}]},{"@type":"WebPage","@id":"https:\/\/radioinfinitagoya.com.ar\/v1\/2026\/04\/28\/caso-andis-spagnuolo-se-nego-a-declarar-en-la-causa-que-investiga-corrupcion\/","url":"https:\/\/radioinfinitagoya.com.ar\/v1\/2026\/04\/28\/caso-andis-spagnuolo-se-nego-a-declarar-en-la-causa-que-investiga-corrupcion\/","name":"Caso Andis: Spagnuolo se neg\u00f3 a declarar en la causa que investiga corrupci\u00f3n - Radio Infinita Goya","isPartOf":{"@id":"https:\/\/radioinfinitagoya.com.ar\/v1\/#website"},"primaryImageOfPage":{"@id":"https:\/\/radioinfinitagoya.com.ar\/v1\/2026\/04\/28\/caso-andis-spagnuolo-se-nego-a-declarar-en-la-causa-que-investiga-corrupcion\/#primaryimage"},"image":{"@id":"https:\/\/radioinfinitagoya.com.ar\/v1\/2026\/04\/28\/caso-andis-spagnuolo-se-nego-a-declarar-en-la-causa-que-investiga-corrupcion\/#primaryimage"},"thumbnailUrl":"https:\/\/radioinfinitagoya.com.ar\/v1\/wp-content\/uploads\/2026\/04\/PvEUeF8C.jpg","datePublished":"2026-04-28T19:11:05+00:00","description":"El ex titular del organismo se present\u00f3 este martes en Comodoro Py. En total, son 34 los imputados por presuntas maniobras il\u00edcitas que involucran cifras","breadcrumb":{"@id":"https:\/\/radioinfinitagoya.com.ar\/v1\/2026\/04\/28\/caso-andis-spagnuolo-se-nego-a-declarar-en-la-causa-que-investiga-corrupcion\/#breadcrumb"},"inLanguage":"es-AR","potentialAction":[{"@type":"ReadAction","target":["https:\/\/radioinfinitagoya.com.ar\/v1\/2026\/04\/28\/caso-andis-spagnuolo-se-nego-a-declarar-en-la-causa-que-investiga-corrupcion\/"]}]},{"@type":"ImageObject","inLanguage":"es-AR","@id":"https:\/\/radioinfinitagoya.com.ar\/v1\/2026\/04\/28\/caso-andis-spagnuolo-se-nego-a-declarar-en-la-causa-que-investiga-corrupcion\/#primaryimage","url":"https:\/\/radioinfinitagoya.com.ar\/v1\/wp-content\/uploads\/2026\/04\/PvEUeF8C.jpg","contentUrl":"https:\/\/radioinfinitagoya.com.ar\/v1\/wp-content\/uploads\/2026\/04\/PvEUeF8C.jpg","width":680,"height":357},{"@type":"BreadcrumbList","@id":"https:\/\/radioinfinitagoya.com.ar\/v1\/2026\/04\/28\/caso-andis-spagnuolo-se-nego-a-declarar-en-la-causa-que-investiga-corrupcion\/#breadcrumb","itemListElement":[{"@type":"ListItem","position":1,"name":"Inicio","item":"https:\/\/radioinfinitagoya.com.ar\/v1\/"},{"@type":"ListItem","position":2,"name":"Caso Andis: Spagnuolo se neg\u00f3 a declarar en la causa que investiga corrupci\u00f3n"}]},{"@type":"WebSite","@id":"https:\/\/radioinfinitagoya.com.ar\/v1\/#website","url":"https:\/\/radioinfinitagoya.com.ar\/v1\/","name":"radioinfinitagoya.com.ar","description":"Radio de noticias","publisher":{"@id":"https:\/\/radioinfinitagoya.com.ar\/v1\/#organization"},"potentialAction":[{"@type":"SearchAction","target":{"@type":"EntryPoint","urlTemplate":"https:\/\/radioinfinitagoya.com.ar\/v1\/?s={search_term_string}"},"query-input":{"@type":"PropertyValueSpecification","valueRequired":true,"valueName":"search_term_string"}}],"inLanguage":"es-AR"},{"@type":"Organization","@id":"https:\/\/radioinfinitagoya.com.ar\/v1\/#organization","name":"Radio Infinita Goya","url":"https:\/\/radioinfinitagoya.com.ar\/v1\/","logo":{"@type":"ImageObject","inLanguage":"es-AR","@id":"https:\/\/radioinfinitagoya.com.ar\/v1\/#\/schema\/logo\/image\/","url":"https:\/\/radioinfinitagoya.com.ar\/v1\/wp-content\/uploads\/2019\/11\/logo-pie-web.png","contentUrl":"https:\/\/radioinfinitagoya.com.ar\/v1\/wp-content\/uploads\/2019\/11\/logo-pie-web.png","width":635,"height":326,"caption":"Radio Infinita Goya"},"image":{"@id":"https:\/\/radioinfinitagoya.com.ar\/v1\/#\/schema\/logo\/image\/"},"sameAs":["https:\/\/www.facebook.com\/p\/Infinita-Goya-100063870918311\/"]},{"@type":"Person","@id":"https:\/\/radioinfinitagoya.com.ar\/v1\/#\/schema\/person\/d4cf9c413d4f6edb24aabdccab49ca4a","name":"Jorge Mi\u00f1o","image":{"@type":"ImageObject","inLanguage":"es-AR","@id":"https:\/\/secure.gravatar.com\/avatar\/910fcf6728fe95320e07a6643c1581fec1c7fc4bf8ae12e3d8f0d0373dc844be?s=96&d=mm&r=g","url":"https:\/\/secure.gravatar.com\/avatar\/910fcf6728fe95320e07a6643c1581fec1c7fc4bf8ae12e3d8f0d0373dc844be?s=96&d=mm&r=g","contentUrl":"https:\/\/secure.gravatar.com\/avatar\/910fcf6728fe95320e07a6643c1581fec1c7fc4bf8ae12e3d8f0d0373dc844be?s=96&d=mm&r=g","caption":"Jorge Mi\u00f1o"},"sameAs":["http:\/\/radioinfinitagoya.com.ar"]}]}},"_links":{"self":[{"href":"https:\/\/radioinfinitagoya.com.ar\/v1\/wp-json\/wp\/v2\/posts\/213849","targetHints":{"allow":["GET"]}}],"collection":[{"href":"https:\/\/radioinfinitagoya.com.ar\/v1\/wp-json\/wp\/v2\/posts"}],"about":[{"href":"https:\/\/radioinfinitagoya.com.ar\/v1\/wp-json\/wp\/v2\/types\/post"}],"author":[{"embeddable":true,"href":"https:\/\/radioinfinitagoya.com.ar\/v1\/wp-json\/wp\/v2\/users\/4"}],"replies":[{"embeddable":true,"href":"https:\/\/radioinfinitagoya.com.ar\/v1\/wp-json\/wp\/v2\/comments?post=213849"}],"version-history":[{"count":1,"href":"https:\/\/radioinfinitagoya.com.ar\/v1\/wp-json\/wp\/v2\/posts\/213849\/revisions"}],"predecessor-version":[{"id":213851,"href":"https:\/\/radioinfinitagoya.com.ar\/v1\/wp-json\/wp\/v2\/posts\/213849\/revisions\/213851"}],"wp:featuredmedia":[{"embeddable":true,"href":"https:\/\/radioinfinitagoya.com.ar\/v1\/wp-json\/wp\/v2\/media\/213850"}],"wp:attachment":[{"href":"https:\/\/radioinfinitagoya.com.ar\/v1\/wp-json\/wp\/v2\/media?parent=213849"}],"wp:term":[{"taxonomy":"category","embeddable":true,"href":"https:\/\/radioinfinitagoya.com.ar\/v1\/wp-json\/wp\/v2\/categories?post=213849"},{"taxonomy":"post_tag","embeddable":true,"href":"https:\/\/radioinfinitagoya.com.ar\/v1\/wp-json\/wp\/v2\/tags?post=213849"}],"curies":[{"name":"wp","href":"https:\/\/api.w.org\/{rel}","templated":true}]}}