{"id":213855,"date":"2026-04-28T16:23:36","date_gmt":"2026-04-28T19:23:36","guid":{"rendered":"https:\/\/radioinfinitagoya.com.ar\/v1\/?p=213855"},"modified":"2026-04-28T16:23:36","modified_gmt":"2026-04-28T19:23:36","slug":"alpine-tendra-un-diseno-especial-para-el-gp-de-miami-de-f1","status":"publish","type":"post","link":"https:\/\/radioinfinitagoya.com.ar\/v1\/2026\/04\/28\/alpine-tendra-un-diseno-especial-para-el-gp-de-miami-de-f1\/","title":{"rendered":"Alpine tendr\u00e1 un dise\u00f1o especial para el GP de Miami de F1"},"content":{"rendered":"<p>La resonante frase del director tras la exhibici\u00f3n de Colapinto<\/p>\n<p>El A526 presentar\u00e1 algunos retoques de cara a la pr\u00f3xima fecha en Estados Unidos. La palabra del piloto argentino, Pierre Gasly y Steve Nielsen en la previa<\/p>\n<p>Luego de la multitudinaria exhibici\u00f3n en Buenos Aires, Franco Colapinto volver\u00e1 a presentarse en la F\u00f3rmula 1, que regresar\u00e1 el pr\u00f3ximo fin de semana en los Estados Unidos, donde se correr\u00e1 el Gran Premio de Miami. El equipo BWT Alpine emiti\u00f3 un comunicado en la previa a la competencia en el circuito de la Florida en el que destaca que el monoplaza A526 presentar\u00e1 una decoraci\u00f3n especial.<\/p>\n<p>En la vuelta al circuito de Miami, luego del parate en el calendario a ra\u00edz de las cancelaciones de los GP de Bahr\u00e9in y Arabia Saudita por el conflicto b\u00e9lico, la escuder\u00eda francesa anunci\u00f3 que en su regreso a Am\u00e9rica volver\u00e1 a verse el logo de la empresa de comercio electr\u00f3nico, que el coche luci\u00f3 en tres carreras durante el 2025. \u201cEl emblem\u00e1tico apret\u00f3n de manos\u201d de la reconocida marca volver\u00e1 a aparecer en la cubierta del motor y en el aler\u00f3n trasero, lo que le da al A526 un toque amarillo brillante en el Estado del Sol&#8221;, public\u00f3 Alpine.<\/p>\n<p>Por su parte, el equipo con sede en Enstone comunic\u00f3 que tanto Pierre Gasly como Colapinto aprovecharon las semanas sin competencia oficial para trabajar intensamente en el desarrollo del monoplaza, adem\u00e1s de tomarse unos d\u00edas de pausa. En el parte, Alpine destac\u00f3 que el piloto argentino \u201cdisfrut\u00f3 de un descanso emocionante\u201d, en clara referencia al espectacular evento Road Show en Palermo, donde se congregaron unas 600.000 personas. \u201cFranco realiz\u00f3 pasadas a gran velocidad y giros con el E20, el coche ganador de la carrera de 2012. En un evento hist\u00f3rico, se convirti\u00f3 en el primer argentino en manejar un monoplaza de F\u00f3rmula 1 por las calles de la ciudad, y la alegr\u00eda genuina del p\u00fablico lo convirti\u00f3 en una experiencia memorable\u201d, precisaron.<\/p>\n<p><img loading=\"lazy\" decoding=\"async\" class=\"alignnone size-medium wp-image-213857\" src=\"https:\/\/radioinfinitagoya.com.ar\/v1\/wp-content\/uploads\/2026\/04\/N2W5BQXWMZDN5DX232ZLRJYDGE-600x338.jpg\" alt=\"\" width=\"600\" height=\"338\" srcset=\"https:\/\/radioinfinitagoya.com.ar\/v1\/wp-content\/uploads\/2026\/04\/N2W5BQXWMZDN5DX232ZLRJYDGE-600x338.jpg 600w, https:\/\/radioinfinitagoya.com.ar\/v1\/wp-content\/uploads\/2026\/04\/N2W5BQXWMZDN5DX232ZLRJYDGE-150x84.jpg 150w, https:\/\/radioinfinitagoya.com.ar\/v1\/wp-content\/uploads\/2026\/04\/N2W5BQXWMZDN5DX232ZLRJYDGE-768x432.jpg 768w, https:\/\/radioinfinitagoya.com.ar\/v1\/wp-content\/uploads\/2026\/04\/N2W5BQXWMZDN5DX232ZLRJYDGE-747x420.jpg 747w, https:\/\/radioinfinitagoya.com.ar\/v1\/wp-content\/uploads\/2026\/04\/N2W5BQXWMZDN5DX232ZLRJYDGE-696x392.jpg 696w, https:\/\/radioinfinitagoya.com.ar\/v1\/wp-content\/uploads\/2026\/04\/N2W5BQXWMZDN5DX232ZLRJYDGE.avif 992w\" sizes=\"auto, (max-width: 600px) 100vw, 600px\" \/><\/p>\n<p>\u201cTras la \u00faltima carrera en Suzuka, es fant\u00e1stico volver a prepararnos para otra semana de carrera, sobre todo en un lugar tan especial como Miami. Como equipo, hemos realizado un trabajo muy valioso durante el descanso en el simulador, tuvimos una jornada de rodaje muy productiva en Silverstone con el A526 y, por supuesto, el incre\u00edble Road Show en Buenos Aires. Todav\u00eda no me puedo creer lo especial que fue pilotear un coche de F\u00f3rmula 1 en casa\u201c, expres\u00f3 Colapinto.<\/p>\n<p>El corredor de 22 a\u00f1os agreg\u00f3 acerca del evento en Buenos Aires y lo que se viene en la F1: \u201cLos fan\u00e1ticos nos apoyaron much\u00edsimo y fue precioso hacerlo por ellos. Pero ahora, toda mi atenci\u00f3n est\u00e1 puesta en Miami y en el fin de semana de Sprint que tenemos por delante. El viernes tenemos una FP1 m\u00e1s larga, lo que nos ser\u00e1 de gran ayuda para conocer nuestro coche antes de un fin de semana muy intenso. No he corrido antes en Miami, as\u00ed que esta sesi\u00f3n es muy importante para m\u00ed para conocer el circuito antes de la clasificaci\u00f3n de Sprint por la tarde y el resto del fin de semana. Estoy emocionado por el reto y por volver a correr. Nuestro objetivo, como siempre, es hacer el mejor trabajo posible y retomar la temporada con otra llegada a puntos&#8221;.<\/p>\n<p>Por su parte, Gasly dijo que se encuentra emocionado por volver a correr. \u201cParece que ha pasado mucho tiempo desde Jap\u00f3n y ahora estoy listo para volver al coche, competir y, con suerte, retomar el nivel de competitividad que ten\u00edamos en Suzuka. Ha sido muy reconfortante pasar un tiempo en un mismo lugar sin el estr\u00e9s de tener que viajar tanto. He estado con mi familia y amigos en algunos momentos, lo cual ha sido estupendo, ya que durante una temporada normal solemos tener muy poco tiempo para estas cosas. Incluso tuve la oportunidad de ir a ver algo de f\u00fatbol, una de mis pasiones, con un viaje a Par\u00eds para ver la Champions League y una visita a Liverpool para ver Anfield por primera vez&#8221;, cont\u00f3 el franc\u00e9s.<\/p>\n<p><img loading=\"lazy\" decoding=\"async\" class=\"alignnone size-medium wp-image-213858\" src=\"https:\/\/radioinfinitagoya.com.ar\/v1\/wp-content\/uploads\/2026\/04\/Z6GHKGLI75CQLPJPLSMXVDXVCI-600x421.jpg\" alt=\"\" width=\"600\" height=\"421\" srcset=\"https:\/\/radioinfinitagoya.com.ar\/v1\/wp-content\/uploads\/2026\/04\/Z6GHKGLI75CQLPJPLSMXVDXVCI-600x421.jpg 600w, https:\/\/radioinfinitagoya.com.ar\/v1\/wp-content\/uploads\/2026\/04\/Z6GHKGLI75CQLPJPLSMXVDXVCI-150x105.jpg 150w, https:\/\/radioinfinitagoya.com.ar\/v1\/wp-content\/uploads\/2026\/04\/Z6GHKGLI75CQLPJPLSMXVDXVCI-768x539.jpg 768w, https:\/\/radioinfinitagoya.com.ar\/v1\/wp-content\/uploads\/2026\/04\/Z6GHKGLI75CQLPJPLSMXVDXVCI-599x420.jpg 599w, https:\/\/radioinfinitagoya.com.ar\/v1\/wp-content\/uploads\/2026\/04\/Z6GHKGLI75CQLPJPLSMXVDXVCI-696x488.jpg 696w, https:\/\/radioinfinitagoya.com.ar\/v1\/wp-content\/uploads\/2026\/04\/Z6GHKGLI75CQLPJPLSMXVDXVCI-100x70.jpg 100w, https:\/\/radioinfinitagoya.com.ar\/v1\/wp-content\/uploads\/2026\/04\/Z6GHKGLI75CQLPJPLSMXVDXVCI.avif 992w\" sizes=\"auto, (max-width: 600px) 100vw, 600px\" \/><\/p>\n<p>\u201cAhora, mi atenci\u00f3n vuelve a centrarse en las carreras y en hacer el mejor trabajo posible en Miami. Ser\u00e1 muy interesante ver qu\u00e9 aportan todos en cuanto a mejoras. Nosotros, por supuesto, queremos retomar donde lo dejamos en Jap\u00f3n, y eso significa estar bien posicionados para la Q3 y los puntos. S\u00e9 que el equipo de Enstone ha trabajado muy duro para mejorar el rendimiento del coche y estoy deseando volver al A526 este fin de semana. Es una prueba de Sprint, as\u00ed que es importante que aprovechemos al m\u00e1ximo la primera sesi\u00f3n de entrenamientos libres y que, a partir de ah\u00ed, ejecutemos cada sesi\u00f3n a la perfecci\u00f3n. Al final, queremos puntos y ese es nuestro objetivo&#8221;, agreg\u00f3 el galo.<\/p>\n<p>Toda la atenci\u00f3n del equipo Alpine se centrar\u00e1 en volver a competir en la M\u00e1xima. El Aut\u00f3dromo Internacional de Miami ser\u00e1 el segundo fin de semana de Sprint del a\u00f1o y se ha dado a conocer por ser un circuito de F\u00f3rmula 1 por excelencia. El trazado, que rodea el Hard Rock Stadium, cuenta con una mezcla de curvas fluidas de alta velocidad, largas rectas y tramos estrechos de circuito urbano. La primera sesi\u00f3n de entrenamientos libres se ha ampliado a 90 minutos y ser\u00e1 la \u00fanica oportunidad que tendr\u00e1n los pilotos de familiarizarse con el circuito en la nueva generaci\u00f3n de monoplazas antes de la clasificaci\u00f3n de Sprint del viernes por la tarde, que determinar\u00e1 la parrilla para la carrera de Sprint del s\u00e1bado.<\/p>\n<p><img loading=\"lazy\" decoding=\"async\" class=\"alignnone size-medium wp-image-213859\" src=\"https:\/\/radioinfinitagoya.com.ar\/v1\/wp-content\/uploads\/2026\/04\/SX25SZUJ5NEHDAGUZL2X4XYFG4-600x338.jpg\" alt=\"\" width=\"600\" height=\"338\" srcset=\"https:\/\/radioinfinitagoya.com.ar\/v1\/wp-content\/uploads\/2026\/04\/SX25SZUJ5NEHDAGUZL2X4XYFG4-600x338.jpg 600w, https:\/\/radioinfinitagoya.com.ar\/v1\/wp-content\/uploads\/2026\/04\/SX25SZUJ5NEHDAGUZL2X4XYFG4-150x84.jpg 150w, https:\/\/radioinfinitagoya.com.ar\/v1\/wp-content\/uploads\/2026\/04\/SX25SZUJ5NEHDAGUZL2X4XYFG4-768x432.jpg 768w, https:\/\/radioinfinitagoya.com.ar\/v1\/wp-content\/uploads\/2026\/04\/SX25SZUJ5NEHDAGUZL2X4XYFG4-747x420.jpg 747w, https:\/\/radioinfinitagoya.com.ar\/v1\/wp-content\/uploads\/2026\/04\/SX25SZUJ5NEHDAGUZL2X4XYFG4-696x392.jpg 696w, https:\/\/radioinfinitagoya.com.ar\/v1\/wp-content\/uploads\/2026\/04\/SX25SZUJ5NEHDAGUZL2X4XYFG4.avif 992w\" sizes=\"auto, (max-width: 600px) 100vw, 600px\" \/><\/p>\n<p>Por \u00faltimo, Steve Nielsen, director general de Alpine, se manifest\u00f3 de cara a la competencia. \u201cEn el mundo de la F\u00f3rmula 1, es muy inusual tener un mes sin carreras. Dicho esto, han sido unas semanas de excepci\u00f3n ajetreadas para el equipo, mientras nos preparamos para reanudar la temporada en Miami este fin de semana. Hemos tenido un comienzo competitivo en 2026, sumando puntos en cada prueba, y esa sigue siendo nuestra intenci\u00f3n en cada evento. Sabemos que nuestros rivales habr\u00e1n trabajado duro en las mejoras, as\u00ed que ser\u00e1 interesante ver algunas de las diferencias el viernes, cuando volvamos a la pista&#8221;, dijo en declaraciones difundidas por el equipo.<\/p>\n<p>\u201cTengan por seguro que nosotros tambi\u00e9n hemos dedicado tiempo a revisar los puntos fuertes y d\u00e9biles de nuestro paquete y hemos trabajado sin descanso para acelerar algunos aspectos de cara a Miami este fin de semana con el fin de, con suerte, mantenernos en la lucha por los puntos. Los pilotos han pasado alg\u00fan tiempo en la f\u00e1brica prepar\u00e1ndose y fue estupendo ver a Franco volver a casa, a Buenos Aires, el fin de semana en lo que pareci\u00f3 un espectacular evento de demostraci\u00f3n con uno de nuestros antiguos coches. Estoy seguro de que eso le habr\u00e1 recargado las pilas y le habr\u00e1 dado la motivaci\u00f3n para rendir en la pista cuando volvamos a competir. Pierre tambi\u00e9n ha estado ocupado prepar\u00e1ndose y tiene tantas ganas como siempre de retomar la competici\u00f3n donde la dej\u00f3 y mantener su racha de puntuaci\u00f3n del 100% en lo que va del a\u00f1o. Tenemos 30 minutos adicionales de entrenamientos el viernes antes de que comience el trepidante fin de semana de Sprint. Tenemos que estar concentrados y listos desde el primer momento, y estamos deseando ir a Miami y dar lo mejor de nosotros mismos&#8221;, concluy\u00f3 el ingeniero.<\/p>\n<p>&nbsp;<\/p>\n","protected":false},"excerpt":{"rendered":"<p>La resonante frase del director tras la exhibici\u00f3n de Colapinto El A526 presentar\u00e1 algunos retoques de cara a la pr\u00f3xima fecha en Estados Unidos. La palabra del piloto argentino, Pierre Gasly y Steve Nielsen en la previa Luego de la multitudinaria exhibici\u00f3n en Buenos Aires, Franco Colapinto volver\u00e1 a presentarse en la F\u00f3rmula 1, que [&hellip;]<\/p>\n","protected":false},"author":4,"featured_media":213856,"comment_status":"open","ping_status":"open","sticky":false,"template":"","format":"standard","meta":{"_joinchat":[],"footnotes":""},"categories":[28],"tags":[],"class_list":{"0":"post-213855","1":"post","2":"type-post","3":"status-publish","4":"format-standard","5":"has-post-thumbnail","7":"category-deportes"},"yoast_head":"<!-- This site is optimized with the Yoast SEO plugin v27.2 - https:\/\/yoast.com\/product\/yoast-seo-wordpress\/ -->\n<title>Alpine tendr\u00e1 un dise\u00f1o especial para el GP de Miami de F1 - Radio Infinita Goya<\/title>\n<meta name=\"description\" content=\"La resonante frase del director tras la exhibici\u00f3n de Colapinto El A526 presentar\u00e1 algunos retoques de cara a la pr\u00f3xima fecha en Estados Unidos. La\" \/>\n<meta name=\"robots\" content=\"index, follow, max-snippet:-1, max-image-preview:large, max-video-preview:-1\" \/>\n<link rel=\"canonical\" href=\"https:\/\/radioinfinitagoya.com.ar\/v1\/2026\/04\/28\/alpine-tendra-un-diseno-especial-para-el-gp-de-miami-de-f1\/\" \/>\n<meta property=\"og:locale\" content=\"es_ES\" \/>\n<meta property=\"og:type\" content=\"article\" \/>\n<meta property=\"og:title\" content=\"Alpine tendr\u00e1 un dise\u00f1o especial para el GP de Miami de F1 - Radio Infinita Goya\" \/>\n<meta property=\"og:description\" content=\"La resonante frase del director tras la exhibici\u00f3n de Colapinto El A526 presentar\u00e1 algunos retoques de cara a la pr\u00f3xima fecha en Estados Unidos. La\" \/>\n<meta property=\"og:url\" content=\"https:\/\/radioinfinitagoya.com.ar\/v1\/2026\/04\/28\/alpine-tendra-un-diseno-especial-para-el-gp-de-miami-de-f1\/\" \/>\n<meta property=\"og:site_name\" content=\"Radio Infinita Goya\" \/>\n<meta property=\"article:publisher\" content=\"https:\/\/www.facebook.com\/p\/Infinita-Goya-100063870918311\/\" \/>\n<meta property=\"article:published_time\" content=\"2026-04-28T19:23:36+00:00\" \/>\n<meta property=\"og:image\" content=\"https:\/\/radioinfinitagoya.com.ar\/v1\/wp-content\/uploads\/2026\/04\/WiYNBNMz.jpg\" \/>\n\t<meta property=\"og:image:width\" content=\"680\" \/>\n\t<meta property=\"og:image:height\" content=\"340\" \/>\n\t<meta property=\"og:image:type\" content=\"image\/jpeg\" \/>\n<meta name=\"author\" content=\"Jorge Mi\u00f1o\" \/>\n<meta name=\"twitter:card\" content=\"summary_large_image\" \/>\n<meta name=\"twitter:label1\" content=\"Escrito por\" \/>\n\t<meta name=\"twitter:data1\" content=\"Jorge Mi\u00f1o\" \/>\n\t<meta name=\"twitter:label2\" content=\"Tiempo de lectura\" \/>\n\t<meta name=\"twitter:data2\" content=\"7 minutos\" \/>\n<script type=\"application\/ld+json\" class=\"yoast-schema-graph\">{\"@context\":\"https:\/\/schema.org\",\"@graph\":[{\"@type\":\"Article\",\"@id\":\"https:\/\/radioinfinitagoya.com.ar\/v1\/2026\/04\/28\/alpine-tendra-un-diseno-especial-para-el-gp-de-miami-de-f1\/#article\",\"isPartOf\":{\"@id\":\"https:\/\/radioinfinitagoya.com.ar\/v1\/2026\/04\/28\/alpine-tendra-un-diseno-especial-para-el-gp-de-miami-de-f1\/\"},\"author\":{\"name\":\"Jorge Mi\u00f1o\",\"@id\":\"https:\/\/radioinfinitagoya.com.ar\/v1\/#\/schema\/person\/d4cf9c413d4f6edb24aabdccab49ca4a\"},\"headline\":\"Alpine tendr\u00e1 un dise\u00f1o especial para el GP de Miami de F1\",\"datePublished\":\"2026-04-28T19:23:36+00:00\",\"mainEntityOfPage\":{\"@id\":\"https:\/\/radioinfinitagoya.com.ar\/v1\/2026\/04\/28\/alpine-tendra-un-diseno-especial-para-el-gp-de-miami-de-f1\/\"},\"wordCount\":1295,\"commentCount\":0,\"publisher\":{\"@id\":\"https:\/\/radioinfinitagoya.com.ar\/v1\/#organization\"},\"image\":{\"@id\":\"https:\/\/radioinfinitagoya.com.ar\/v1\/2026\/04\/28\/alpine-tendra-un-diseno-especial-para-el-gp-de-miami-de-f1\/#primaryimage\"},\"thumbnailUrl\":\"https:\/\/radioinfinitagoya.com.ar\/v1\/wp-content\/uploads\/2026\/04\/WiYNBNMz.jpg\",\"articleSection\":[\"DEPORTES\"],\"inLanguage\":\"es-AR\",\"potentialAction\":[{\"@type\":\"CommentAction\",\"name\":\"Comment\",\"target\":[\"https:\/\/radioinfinitagoya.com.ar\/v1\/2026\/04\/28\/alpine-tendra-un-diseno-especial-para-el-gp-de-miami-de-f1\/#respond\"]}]},{\"@type\":\"WebPage\",\"@id\":\"https:\/\/radioinfinitagoya.com.ar\/v1\/2026\/04\/28\/alpine-tendra-un-diseno-especial-para-el-gp-de-miami-de-f1\/\",\"url\":\"https:\/\/radioinfinitagoya.com.ar\/v1\/2026\/04\/28\/alpine-tendra-un-diseno-especial-para-el-gp-de-miami-de-f1\/\",\"name\":\"Alpine tendr\u00e1 un dise\u00f1o especial para el GP de Miami de F1 - Radio Infinita Goya\",\"isPartOf\":{\"@id\":\"https:\/\/radioinfinitagoya.com.ar\/v1\/#website\"},\"primaryImageOfPage\":{\"@id\":\"https:\/\/radioinfinitagoya.com.ar\/v1\/2026\/04\/28\/alpine-tendra-un-diseno-especial-para-el-gp-de-miami-de-f1\/#primaryimage\"},\"image\":{\"@id\":\"https:\/\/radioinfinitagoya.com.ar\/v1\/2026\/04\/28\/alpine-tendra-un-diseno-especial-para-el-gp-de-miami-de-f1\/#primaryimage\"},\"thumbnailUrl\":\"https:\/\/radioinfinitagoya.com.ar\/v1\/wp-content\/uploads\/2026\/04\/WiYNBNMz.jpg\",\"datePublished\":\"2026-04-28T19:23:36+00:00\",\"description\":\"La resonante frase del director tras la exhibici\u00f3n de Colapinto El A526 presentar\u00e1 algunos retoques de cara a la pr\u00f3xima fecha en Estados Unidos. La\",\"breadcrumb\":{\"@id\":\"https:\/\/radioinfinitagoya.com.ar\/v1\/2026\/04\/28\/alpine-tendra-un-diseno-especial-para-el-gp-de-miami-de-f1\/#breadcrumb\"},\"inLanguage\":\"es-AR\",\"potentialAction\":[{\"@type\":\"ReadAction\",\"target\":[\"https:\/\/radioinfinitagoya.com.ar\/v1\/2026\/04\/28\/alpine-tendra-un-diseno-especial-para-el-gp-de-miami-de-f1\/\"]}]},{\"@type\":\"ImageObject\",\"inLanguage\":\"es-AR\",\"@id\":\"https:\/\/radioinfinitagoya.com.ar\/v1\/2026\/04\/28\/alpine-tendra-un-diseno-especial-para-el-gp-de-miami-de-f1\/#primaryimage\",\"url\":\"https:\/\/radioinfinitagoya.com.ar\/v1\/wp-content\/uploads\/2026\/04\/WiYNBNMz.jpg\",\"contentUrl\":\"https:\/\/radioinfinitagoya.com.ar\/v1\/wp-content\/uploads\/2026\/04\/WiYNBNMz.jpg\",\"width\":680,\"height\":340},{\"@type\":\"BreadcrumbList\",\"@id\":\"https:\/\/radioinfinitagoya.com.ar\/v1\/2026\/04\/28\/alpine-tendra-un-diseno-especial-para-el-gp-de-miami-de-f1\/#breadcrumb\",\"itemListElement\":[{\"@type\":\"ListItem\",\"position\":1,\"name\":\"Inicio\",\"item\":\"https:\/\/radioinfinitagoya.com.ar\/v1\/\"},{\"@type\":\"ListItem\",\"position\":2,\"name\":\"Alpine tendr\u00e1 un dise\u00f1o especial para el GP de Miami de F1\"}]},{\"@type\":\"WebSite\",\"@id\":\"https:\/\/radioinfinitagoya.com.ar\/v1\/#website\",\"url\":\"https:\/\/radioinfinitagoya.com.ar\/v1\/\",\"name\":\"radioinfinitagoya.com.ar\",\"description\":\"Radio de noticias\",\"publisher\":{\"@id\":\"https:\/\/radioinfinitagoya.com.ar\/v1\/#organization\"},\"potentialAction\":[{\"@type\":\"SearchAction\",\"target\":{\"@type\":\"EntryPoint\",\"urlTemplate\":\"https:\/\/radioinfinitagoya.com.ar\/v1\/?s={search_term_string}\"},\"query-input\":{\"@type\":\"PropertyValueSpecification\",\"valueRequired\":true,\"valueName\":\"search_term_string\"}}],\"inLanguage\":\"es-AR\"},{\"@type\":\"Organization\",\"@id\":\"https:\/\/radioinfinitagoya.com.ar\/v1\/#organization\",\"name\":\"Radio Infinita Goya\",\"url\":\"https:\/\/radioinfinitagoya.com.ar\/v1\/\",\"logo\":{\"@type\":\"ImageObject\",\"inLanguage\":\"es-AR\",\"@id\":\"https:\/\/radioinfinitagoya.com.ar\/v1\/#\/schema\/logo\/image\/\",\"url\":\"https:\/\/radioinfinitagoya.com.ar\/v1\/wp-content\/uploads\/2019\/11\/logo-pie-web.png\",\"contentUrl\":\"https:\/\/radioinfinitagoya.com.ar\/v1\/wp-content\/uploads\/2019\/11\/logo-pie-web.png\",\"width\":635,\"height\":326,\"caption\":\"Radio Infinita Goya\"},\"image\":{\"@id\":\"https:\/\/radioinfinitagoya.com.ar\/v1\/#\/schema\/logo\/image\/\"},\"sameAs\":[\"https:\/\/www.facebook.com\/p\/Infinita-Goya-100063870918311\/\"]},{\"@type\":\"Person\",\"@id\":\"https:\/\/radioinfinitagoya.com.ar\/v1\/#\/schema\/person\/d4cf9c413d4f6edb24aabdccab49ca4a\",\"name\":\"Jorge Mi\u00f1o\",\"image\":{\"@type\":\"ImageObject\",\"inLanguage\":\"es-AR\",\"@id\":\"https:\/\/secure.gravatar.com\/avatar\/910fcf6728fe95320e07a6643c1581fec1c7fc4bf8ae12e3d8f0d0373dc844be?s=96&d=mm&r=g\",\"url\":\"https:\/\/secure.gravatar.com\/avatar\/910fcf6728fe95320e07a6643c1581fec1c7fc4bf8ae12e3d8f0d0373dc844be?s=96&d=mm&r=g\",\"contentUrl\":\"https:\/\/secure.gravatar.com\/avatar\/910fcf6728fe95320e07a6643c1581fec1c7fc4bf8ae12e3d8f0d0373dc844be?s=96&d=mm&r=g\",\"caption\":\"Jorge Mi\u00f1o\"},\"sameAs\":[\"http:\/\/radioinfinitagoya.com.ar\"]}]}<\/script>\n<!-- \/ Yoast SEO plugin. -->","yoast_head_json":{"title":"Alpine tendr\u00e1 un dise\u00f1o especial para el GP de Miami de F1 - Radio Infinita Goya","description":"La resonante frase del director tras la exhibici\u00f3n de Colapinto El A526 presentar\u00e1 algunos retoques de cara a la pr\u00f3xima fecha en Estados Unidos. La","robots":{"index":"index","follow":"follow","max-snippet":"max-snippet:-1","max-image-preview":"max-image-preview:large","max-video-preview":"max-video-preview:-1"},"canonical":"https:\/\/radioinfinitagoya.com.ar\/v1\/2026\/04\/28\/alpine-tendra-un-diseno-especial-para-el-gp-de-miami-de-f1\/","og_locale":"es_ES","og_type":"article","og_title":"Alpine tendr\u00e1 un dise\u00f1o especial para el GP de Miami de F1 - Radio Infinita Goya","og_description":"La resonante frase del director tras la exhibici\u00f3n de Colapinto El A526 presentar\u00e1 algunos retoques de cara a la pr\u00f3xima fecha en Estados Unidos. La","og_url":"https:\/\/radioinfinitagoya.com.ar\/v1\/2026\/04\/28\/alpine-tendra-un-diseno-especial-para-el-gp-de-miami-de-f1\/","og_site_name":"Radio Infinita Goya","article_publisher":"https:\/\/www.facebook.com\/p\/Infinita-Goya-100063870918311\/","article_published_time":"2026-04-28T19:23:36+00:00","og_image":[{"width":680,"height":340,"url":"https:\/\/radioinfinitagoya.com.ar\/v1\/wp-content\/uploads\/2026\/04\/WiYNBNMz.jpg","type":"image\/jpeg"}],"author":"Jorge Mi\u00f1o","twitter_card":"summary_large_image","twitter_misc":{"Escrito por":"Jorge Mi\u00f1o","Tiempo de lectura":"7 minutos"},"schema":{"@context":"https:\/\/schema.org","@graph":[{"@type":"Article","@id":"https:\/\/radioinfinitagoya.com.ar\/v1\/2026\/04\/28\/alpine-tendra-un-diseno-especial-para-el-gp-de-miami-de-f1\/#article","isPartOf":{"@id":"https:\/\/radioinfinitagoya.com.ar\/v1\/2026\/04\/28\/alpine-tendra-un-diseno-especial-para-el-gp-de-miami-de-f1\/"},"author":{"name":"Jorge Mi\u00f1o","@id":"https:\/\/radioinfinitagoya.com.ar\/v1\/#\/schema\/person\/d4cf9c413d4f6edb24aabdccab49ca4a"},"headline":"Alpine tendr\u00e1 un dise\u00f1o especial para el GP de Miami de F1","datePublished":"2026-04-28T19:23:36+00:00","mainEntityOfPage":{"@id":"https:\/\/radioinfinitagoya.com.ar\/v1\/2026\/04\/28\/alpine-tendra-un-diseno-especial-para-el-gp-de-miami-de-f1\/"},"wordCount":1295,"commentCount":0,"publisher":{"@id":"https:\/\/radioinfinitagoya.com.ar\/v1\/#organization"},"image":{"@id":"https:\/\/radioinfinitagoya.com.ar\/v1\/2026\/04\/28\/alpine-tendra-un-diseno-especial-para-el-gp-de-miami-de-f1\/#primaryimage"},"thumbnailUrl":"https:\/\/radioinfinitagoya.com.ar\/v1\/wp-content\/uploads\/2026\/04\/WiYNBNMz.jpg","articleSection":["DEPORTES"],"inLanguage":"es-AR","potentialAction":[{"@type":"CommentAction","name":"Comment","target":["https:\/\/radioinfinitagoya.com.ar\/v1\/2026\/04\/28\/alpine-tendra-un-diseno-especial-para-el-gp-de-miami-de-f1\/#respond"]}]},{"@type":"WebPage","@id":"https:\/\/radioinfinitagoya.com.ar\/v1\/2026\/04\/28\/alpine-tendra-un-diseno-especial-para-el-gp-de-miami-de-f1\/","url":"https:\/\/radioinfinitagoya.com.ar\/v1\/2026\/04\/28\/alpine-tendra-un-diseno-especial-para-el-gp-de-miami-de-f1\/","name":"Alpine tendr\u00e1 un dise\u00f1o especial para el GP de Miami de F1 - Radio Infinita Goya","isPartOf":{"@id":"https:\/\/radioinfinitagoya.com.ar\/v1\/#website"},"primaryImageOfPage":{"@id":"https:\/\/radioinfinitagoya.com.ar\/v1\/2026\/04\/28\/alpine-tendra-un-diseno-especial-para-el-gp-de-miami-de-f1\/#primaryimage"},"image":{"@id":"https:\/\/radioinfinitagoya.com.ar\/v1\/2026\/04\/28\/alpine-tendra-un-diseno-especial-para-el-gp-de-miami-de-f1\/#primaryimage"},"thumbnailUrl":"https:\/\/radioinfinitagoya.com.ar\/v1\/wp-content\/uploads\/2026\/04\/WiYNBNMz.jpg","datePublished":"2026-04-28T19:23:36+00:00","description":"La resonante frase del director tras la exhibici\u00f3n de Colapinto El A526 presentar\u00e1 algunos retoques de cara a la pr\u00f3xima fecha en Estados Unidos. La","breadcrumb":{"@id":"https:\/\/radioinfinitagoya.com.ar\/v1\/2026\/04\/28\/alpine-tendra-un-diseno-especial-para-el-gp-de-miami-de-f1\/#breadcrumb"},"inLanguage":"es-AR","potentialAction":[{"@type":"ReadAction","target":["https:\/\/radioinfinitagoya.com.ar\/v1\/2026\/04\/28\/alpine-tendra-un-diseno-especial-para-el-gp-de-miami-de-f1\/"]}]},{"@type":"ImageObject","inLanguage":"es-AR","@id":"https:\/\/radioinfinitagoya.com.ar\/v1\/2026\/04\/28\/alpine-tendra-un-diseno-especial-para-el-gp-de-miami-de-f1\/#primaryimage","url":"https:\/\/radioinfinitagoya.com.ar\/v1\/wp-content\/uploads\/2026\/04\/WiYNBNMz.jpg","contentUrl":"https:\/\/radioinfinitagoya.com.ar\/v1\/wp-content\/uploads\/2026\/04\/WiYNBNMz.jpg","width":680,"height":340},{"@type":"BreadcrumbList","@id":"https:\/\/radioinfinitagoya.com.ar\/v1\/2026\/04\/28\/alpine-tendra-un-diseno-especial-para-el-gp-de-miami-de-f1\/#breadcrumb","itemListElement":[{"@type":"ListItem","position":1,"name":"Inicio","item":"https:\/\/radioinfinitagoya.com.ar\/v1\/"},{"@type":"ListItem","position":2,"name":"Alpine tendr\u00e1 un dise\u00f1o especial para el GP de Miami de F1"}]},{"@type":"WebSite","@id":"https:\/\/radioinfinitagoya.com.ar\/v1\/#website","url":"https:\/\/radioinfinitagoya.com.ar\/v1\/","name":"radioinfinitagoya.com.ar","description":"Radio de noticias","publisher":{"@id":"https:\/\/radioinfinitagoya.com.ar\/v1\/#organization"},"potentialAction":[{"@type":"SearchAction","target":{"@type":"EntryPoint","urlTemplate":"https:\/\/radioinfinitagoya.com.ar\/v1\/?s={search_term_string}"},"query-input":{"@type":"PropertyValueSpecification","valueRequired":true,"valueName":"search_term_string"}}],"inLanguage":"es-AR"},{"@type":"Organization","@id":"https:\/\/radioinfinitagoya.com.ar\/v1\/#organization","name":"Radio Infinita Goya","url":"https:\/\/radioinfinitagoya.com.ar\/v1\/","logo":{"@type":"ImageObject","inLanguage":"es-AR","@id":"https:\/\/radioinfinitagoya.com.ar\/v1\/#\/schema\/logo\/image\/","url":"https:\/\/radioinfinitagoya.com.ar\/v1\/wp-content\/uploads\/2019\/11\/logo-pie-web.png","contentUrl":"https:\/\/radioinfinitagoya.com.ar\/v1\/wp-content\/uploads\/2019\/11\/logo-pie-web.png","width":635,"height":326,"caption":"Radio Infinita Goya"},"image":{"@id":"https:\/\/radioinfinitagoya.com.ar\/v1\/#\/schema\/logo\/image\/"},"sameAs":["https:\/\/www.facebook.com\/p\/Infinita-Goya-100063870918311\/"]},{"@type":"Person","@id":"https:\/\/radioinfinitagoya.com.ar\/v1\/#\/schema\/person\/d4cf9c413d4f6edb24aabdccab49ca4a","name":"Jorge Mi\u00f1o","image":{"@type":"ImageObject","inLanguage":"es-AR","@id":"https:\/\/secure.gravatar.com\/avatar\/910fcf6728fe95320e07a6643c1581fec1c7fc4bf8ae12e3d8f0d0373dc844be?s=96&d=mm&r=g","url":"https:\/\/secure.gravatar.com\/avatar\/910fcf6728fe95320e07a6643c1581fec1c7fc4bf8ae12e3d8f0d0373dc844be?s=96&d=mm&r=g","contentUrl":"https:\/\/secure.gravatar.com\/avatar\/910fcf6728fe95320e07a6643c1581fec1c7fc4bf8ae12e3d8f0d0373dc844be?s=96&d=mm&r=g","caption":"Jorge Mi\u00f1o"},"sameAs":["http:\/\/radioinfinitagoya.com.ar"]}]}},"_links":{"self":[{"href":"https:\/\/radioinfinitagoya.com.ar\/v1\/wp-json\/wp\/v2\/posts\/213855","targetHints":{"allow":["GET"]}}],"collection":[{"href":"https:\/\/radioinfinitagoya.com.ar\/v1\/wp-json\/wp\/v2\/posts"}],"about":[{"href":"https:\/\/radioinfinitagoya.com.ar\/v1\/wp-json\/wp\/v2\/types\/post"}],"author":[{"embeddable":true,"href":"https:\/\/radioinfinitagoya.com.ar\/v1\/wp-json\/wp\/v2\/users\/4"}],"replies":[{"embeddable":true,"href":"https:\/\/radioinfinitagoya.com.ar\/v1\/wp-json\/wp\/v2\/comments?post=213855"}],"version-history":[{"count":1,"href":"https:\/\/radioinfinitagoya.com.ar\/v1\/wp-json\/wp\/v2\/posts\/213855\/revisions"}],"predecessor-version":[{"id":213860,"href":"https:\/\/radioinfinitagoya.com.ar\/v1\/wp-json\/wp\/v2\/posts\/213855\/revisions\/213860"}],"wp:featuredmedia":[{"embeddable":true,"href":"https:\/\/radioinfinitagoya.com.ar\/v1\/wp-json\/wp\/v2\/media\/213856"}],"wp:attachment":[{"href":"https:\/\/radioinfinitagoya.com.ar\/v1\/wp-json\/wp\/v2\/media?parent=213855"}],"wp:term":[{"taxonomy":"category","embeddable":true,"href":"https:\/\/radioinfinitagoya.com.ar\/v1\/wp-json\/wp\/v2\/categories?post=213855"},{"taxonomy":"post_tag","embeddable":true,"href":"https:\/\/radioinfinitagoya.com.ar\/v1\/wp-json\/wp\/v2\/tags?post=213855"}],"curies":[{"name":"wp","href":"https:\/\/api.w.org\/{rel}","templated":true}]}}