{"id":213867,"date":"2026-04-28T16:34:19","date_gmt":"2026-04-28T19:34:19","guid":{"rendered":"https:\/\/radioinfinitagoya.com.ar\/v1\/?p=213867"},"modified":"2026-04-28T16:34:19","modified_gmt":"2026-04-28T19:34:19","slug":"barcelona-tiene-en-la-mira-a-otra-estrella-de-la-seleccion-argentina","status":"publish","type":"post","link":"https:\/\/radioinfinitagoya.com.ar\/v1\/2026\/04\/28\/barcelona-tiene-en-la-mira-a-otra-estrella-de-la-seleccion-argentina\/","title":{"rendered":"Barcelona tiene en la mira a otra estrella de la selecci\u00f3n argentina"},"content":{"rendered":"<p>Si no logra concretar la llegada de Juli\u00e1n \u00c1lvarez<\/p>\n<p>Los catalanes le siguen los pasos a Lautaro Mart\u00ednez, que ya son\u00f3 en varios mercados<\/p>\n<p>Barcelona le sigue los pasos a Juli\u00e1n \u00c1lvarez desde hace mucho tiempo y da la sensaci\u00f3n de que la posible transferencia del delantero del Atl\u00e9tico Madrid a suelo catal\u00e1n puede ser una de las novelas del verano europeo. Claro que todav\u00eda tiene que definirse la temporada en Espa\u00f1a y tambi\u00e9n la Copa del Mundo, puntos importantes a la hora de charlar su cotizaci\u00f3n y salario pretendido. Los cul\u00e9s, igualmente, trabajan en alternativas dentro del mercado por si el fichaje del cordob\u00e9s no se ejecuta. Y en el radar figura otro argentino.<\/p>\n<p>Lautaro Mart\u00ednez surge como otro posible refuerzo para el ataque barcelonista, tal como ha sucedido en ventanas de mercado previas. El delantero argentino, de 28 a\u00f1os y jugador del Inter Mil\u00e1n, cuenta con contrato hasta 2029 y un valor de mercado estimativo de 85 millones de euros. A pesar de los problemas f\u00edsicos que arrastra desde febrero, el Toro es actualmente el m\u00e1ximo artillero de la Serie A y registra 20 goles m\u00e1s cuatro asistencias en lo que va de la temporada.<\/p>\n<p>Seg\u00fan pudo saber Infobae, en las \u00faltimas horas Barcelona habr\u00eda avanzado varios metros por el pase de Juli\u00e1n, aunque todo est\u00e1 por verse. El Atl\u00e9tico pag\u00f3 m\u00e1s de 70 millones de euros m\u00e1s otros 20 en variables al Manchester City a mediados de 2024 y buscar\u00eda un monto cercano a los 100 millones de euros para quedarse con los servicios del delantero oriundo de Calch\u00edn, C\u00f3rdoba. Las negociaciones no son sencillas, entre otras cosas, porque el ex jugador de River Plate tiene una cl\u00e1usula de salida de 500 millones de euros. No obstante, el deseo del futbolista ser\u00e1 clave para definir su futuro.<\/p>\n<p><img loading=\"lazy\" decoding=\"async\" class=\"alignnone size-medium wp-image-213869\" src=\"https:\/\/radioinfinitagoya.com.ar\/v1\/wp-content\/uploads\/2026\/04\/JSCB6QU2FVAODK4WPLD7B5ABXU-600x338.jpg\" alt=\"\" width=\"600\" height=\"338\" srcset=\"https:\/\/radioinfinitagoya.com.ar\/v1\/wp-content\/uploads\/2026\/04\/JSCB6QU2FVAODK4WPLD7B5ABXU-600x338.jpg 600w, https:\/\/radioinfinitagoya.com.ar\/v1\/wp-content\/uploads\/2026\/04\/JSCB6QU2FVAODK4WPLD7B5ABXU-150x84.jpg 150w, https:\/\/radioinfinitagoya.com.ar\/v1\/wp-content\/uploads\/2026\/04\/JSCB6QU2FVAODK4WPLD7B5ABXU-768x432.jpg 768w, https:\/\/radioinfinitagoya.com.ar\/v1\/wp-content\/uploads\/2026\/04\/JSCB6QU2FVAODK4WPLD7B5ABXU-747x420.jpg 747w, https:\/\/radioinfinitagoya.com.ar\/v1\/wp-content\/uploads\/2026\/04\/JSCB6QU2FVAODK4WPLD7B5ABXU-696x392.jpg 696w, https:\/\/radioinfinitagoya.com.ar\/v1\/wp-content\/uploads\/2026\/04\/JSCB6QU2FVAODK4WPLD7B5ABXU.avif 992w\" sizes=\"auto, (max-width: 600px) 100vw, 600px\" \/><\/p>\n<p>En v\u00edsperas del encuentro de ma\u00f1ana por las semifinales de la Champions ante Arsenal en Madrid, Diego Simeone fue consultado por el futuro de la Ara\u00f1a y no anduvo con vueltas: \u201cNo estoy en la cabeza de Juli\u00e1n Alvarez. Entiendo que es normal que un jugador extraordinario como es Juli\u00e1n lo quiera el Arsenal, el Par\u00eds Saint Germain o el Barcelona. Es normal, porque es muy bueno\u201d.<\/p>\n<p>Hay que mencionar que otro de los nombres que suena fuerte en el Camp Nou es el del brasile\u00f1o Joao Pedro, del Chelsea, que a esta hora emergue como una opci\u00f3n prioritaria para la direcci\u00f3n deportiva de la entidad blaugrana. La necesidad de fichajes de primer nivel obedece a la intenci\u00f3n de competir por la Champions League con garant\u00edas, despu\u00e9s de m\u00e1s de una d\u00e9cada sin conquistar el trofeo, seg\u00fan inform\u00f3 el programa Qu\u00e8 t\u2019hi jugues de la Cadena SER.<\/p>\n<p>El brasile\u00f1o de 24 a\u00f1os se perfila como una alternativa s\u00f3lida al argentino Juli\u00e1n \u00c1lvarez, cuyo fichaje es considerado complejo debido a los obst\u00e1culos econ\u00f3micos que enfrenta el club catal\u00e1n y la dificultad de negociaci\u00f3n con el Atl\u00e9tico de Madrid. La valoraci\u00f3n de mercado de Joao Pedro alcanza los 75 millones de euros, de acuerdo con el portal especializado Transfermarkt. El jugador tiene contrato vigente con el Chelsea hasta 2033 y su incorporaci\u00f3n podr\u00eda verse favorecida por la crisis deportiva que atraviesa el club londinense y su necesidad de captar ingresos para cumplir con las exigencias del \u2018fair play\u2019 financiero.<\/p>\n<p><img loading=\"lazy\" decoding=\"async\" class=\"alignnone size-medium wp-image-213870\" src=\"https:\/\/radioinfinitagoya.com.ar\/v1\/wp-content\/uploads\/2026\/04\/D63BRU4BMFF35GKAPWQV73CEHY-600x419.jpg\" alt=\"\" width=\"600\" height=\"419\" srcset=\"https:\/\/radioinfinitagoya.com.ar\/v1\/wp-content\/uploads\/2026\/04\/D63BRU4BMFF35GKAPWQV73CEHY-600x419.jpg 600w, https:\/\/radioinfinitagoya.com.ar\/v1\/wp-content\/uploads\/2026\/04\/D63BRU4BMFF35GKAPWQV73CEHY-150x105.jpg 150w, https:\/\/radioinfinitagoya.com.ar\/v1\/wp-content\/uploads\/2026\/04\/D63BRU4BMFF35GKAPWQV73CEHY-768x537.jpg 768w, https:\/\/radioinfinitagoya.com.ar\/v1\/wp-content\/uploads\/2026\/04\/D63BRU4BMFF35GKAPWQV73CEHY-601x420.jpg 601w, https:\/\/radioinfinitagoya.com.ar\/v1\/wp-content\/uploads\/2026\/04\/D63BRU4BMFF35GKAPWQV73CEHY-696x486.jpg 696w, https:\/\/radioinfinitagoya.com.ar\/v1\/wp-content\/uploads\/2026\/04\/D63BRU4BMFF35GKAPWQV73CEHY-100x70.jpg 100w, https:\/\/radioinfinitagoya.com.ar\/v1\/wp-content\/uploads\/2026\/04\/D63BRU4BMFF35GKAPWQV73CEHY.avif 992w\" sizes=\"auto, (max-width: 600px) 100vw, 600px\" \/><\/p>\n<p>La secretar\u00eda t\u00e9cnica liderada por Deco valora especialmente el perfil m\u00f3vil de Joao Pedro y su presumible r\u00e1pida adaptaci\u00f3n al esquema de Hansi Flick. Adem\u00e1s, se destaca el rendimiento del brasile\u00f1o esta temporada en la Premier League, con 19 goles y cuatro asistencias, y el elevado monto de 63,7 millones de euros que el Chelsea invirti\u00f3 hace menos de un a\u00f1o para concretar su fichaje.<\/p>\n<p>La decisi\u00f3n sobre el futuro delantero tambi\u00e9n est\u00e1 condicionada a la situaci\u00f3n de Robert Lewandowski y al margen fiscal disponible tras las operaciones necesarias para equilibrar las finanzas. A pesar de las dificultades financieras y el alto coste de los principales candidatos, la directiva del Bar\u00e7a analiza las posibilidades para concretar un fichaje que permita aumentar el nivel competitivo de la plantilla y sit\u00fae al club como uno de los favoritos en los torneos continentales.<\/p>\n<p>&nbsp;<\/p>\n<p>&nbsp;<\/p>\n<p>&nbsp;<\/p>\n","protected":false},"excerpt":{"rendered":"<p>Si no logra concretar la llegada de Juli\u00e1n \u00c1lvarez Los catalanes le siguen los pasos a Lautaro Mart\u00ednez, que ya son\u00f3 en varios mercados Barcelona le sigue los pasos a Juli\u00e1n \u00c1lvarez desde hace mucho tiempo y da la sensaci\u00f3n de que la posible transferencia del delantero del Atl\u00e9tico Madrid a suelo catal\u00e1n puede ser [&hellip;]<\/p>\n","protected":false},"author":4,"featured_media":213868,"comment_status":"open","ping_status":"open","sticky":false,"template":"","format":"standard","meta":{"_joinchat":[],"footnotes":""},"categories":[28],"tags":[],"class_list":{"0":"post-213867","1":"post","2":"type-post","3":"status-publish","4":"format-standard","5":"has-post-thumbnail","7":"category-deportes"},"yoast_head":"<!-- This site is optimized with the Yoast SEO plugin v27.2 - https:\/\/yoast.com\/product\/yoast-seo-wordpress\/ -->\n<title>Barcelona tiene en la mira a otra estrella de la selecci\u00f3n argentina - Radio Infinita Goya<\/title>\n<meta name=\"description\" content=\"Si no logra concretar la llegada de Juli\u00e1n \u00c1lvarez Los catalanes le siguen los pasos a Lautaro Mart\u00ednez, que ya son\u00f3 en varios mercados Barcelona le sigue\" \/>\n<meta name=\"robots\" content=\"index, follow, max-snippet:-1, max-image-preview:large, max-video-preview:-1\" \/>\n<link rel=\"canonical\" href=\"https:\/\/radioinfinitagoya.com.ar\/v1\/2026\/04\/28\/barcelona-tiene-en-la-mira-a-otra-estrella-de-la-seleccion-argentina\/\" \/>\n<meta property=\"og:locale\" content=\"es_ES\" \/>\n<meta property=\"og:type\" content=\"article\" \/>\n<meta property=\"og:title\" content=\"Barcelona tiene en la mira a otra estrella de la selecci\u00f3n argentina - Radio Infinita Goya\" \/>\n<meta property=\"og:description\" content=\"Si no logra concretar la llegada de Juli\u00e1n \u00c1lvarez Los catalanes le siguen los pasos a Lautaro Mart\u00ednez, que ya son\u00f3 en varios mercados Barcelona le sigue\" \/>\n<meta property=\"og:url\" content=\"https:\/\/radioinfinitagoya.com.ar\/v1\/2026\/04\/28\/barcelona-tiene-en-la-mira-a-otra-estrella-de-la-seleccion-argentina\/\" \/>\n<meta property=\"og:site_name\" content=\"Radio Infinita Goya\" \/>\n<meta property=\"article:publisher\" content=\"https:\/\/www.facebook.com\/p\/Infinita-Goya-100063870918311\/\" \/>\n<meta property=\"article:published_time\" content=\"2026-04-28T19:34:19+00:00\" \/>\n<meta name=\"author\" content=\"Jorge Mi\u00f1o\" \/>\n<meta name=\"twitter:card\" content=\"summary_large_image\" \/>\n<meta name=\"twitter:label1\" content=\"Escrito por\" \/>\n\t<meta name=\"twitter:data1\" content=\"Jorge Mi\u00f1o\" \/>\n\t<meta name=\"twitter:label2\" content=\"Tiempo de lectura\" \/>\n\t<meta name=\"twitter:data2\" content=\"4 minutos\" \/>\n<script type=\"application\/ld+json\" class=\"yoast-schema-graph\">{\"@context\":\"https:\/\/schema.org\",\"@graph\":[{\"@type\":\"Article\",\"@id\":\"https:\/\/radioinfinitagoya.com.ar\/v1\/2026\/04\/28\/barcelona-tiene-en-la-mira-a-otra-estrella-de-la-seleccion-argentina\/#article\",\"isPartOf\":{\"@id\":\"https:\/\/radioinfinitagoya.com.ar\/v1\/2026\/04\/28\/barcelona-tiene-en-la-mira-a-otra-estrella-de-la-seleccion-argentina\/\"},\"author\":{\"name\":\"Jorge Mi\u00f1o\",\"@id\":\"https:\/\/radioinfinitagoya.com.ar\/v1\/#\/schema\/person\/d4cf9c413d4f6edb24aabdccab49ca4a\"},\"headline\":\"Barcelona tiene en la mira a otra estrella de la selecci\u00f3n argentina\",\"datePublished\":\"2026-04-28T19:34:19+00:00\",\"mainEntityOfPage\":{\"@id\":\"https:\/\/radioinfinitagoya.com.ar\/v1\/2026\/04\/28\/barcelona-tiene-en-la-mira-a-otra-estrella-de-la-seleccion-argentina\/\"},\"wordCount\":758,\"commentCount\":0,\"publisher\":{\"@id\":\"https:\/\/radioinfinitagoya.com.ar\/v1\/#organization\"},\"image\":{\"@id\":\"https:\/\/radioinfinitagoya.com.ar\/v1\/2026\/04\/28\/barcelona-tiene-en-la-mira-a-otra-estrella-de-la-seleccion-argentina\/#primaryimage\"},\"thumbnailUrl\":\"https:\/\/radioinfinitagoya.com.ar\/v1\/wp-content\/uploads\/2026\/04\/CUBPZ7S6ANGITHMGVAX2TYWKMU.avif\",\"articleSection\":[\"DEPORTES\"],\"inLanguage\":\"es-AR\",\"potentialAction\":[{\"@type\":\"CommentAction\",\"name\":\"Comment\",\"target\":[\"https:\/\/radioinfinitagoya.com.ar\/v1\/2026\/04\/28\/barcelona-tiene-en-la-mira-a-otra-estrella-de-la-seleccion-argentina\/#respond\"]}]},{\"@type\":\"WebPage\",\"@id\":\"https:\/\/radioinfinitagoya.com.ar\/v1\/2026\/04\/28\/barcelona-tiene-en-la-mira-a-otra-estrella-de-la-seleccion-argentina\/\",\"url\":\"https:\/\/radioinfinitagoya.com.ar\/v1\/2026\/04\/28\/barcelona-tiene-en-la-mira-a-otra-estrella-de-la-seleccion-argentina\/\",\"name\":\"Barcelona tiene en la mira a otra estrella de la selecci\u00f3n argentina - Radio Infinita Goya\",\"isPartOf\":{\"@id\":\"https:\/\/radioinfinitagoya.com.ar\/v1\/#website\"},\"primaryImageOfPage\":{\"@id\":\"https:\/\/radioinfinitagoya.com.ar\/v1\/2026\/04\/28\/barcelona-tiene-en-la-mira-a-otra-estrella-de-la-seleccion-argentina\/#primaryimage\"},\"image\":{\"@id\":\"https:\/\/radioinfinitagoya.com.ar\/v1\/2026\/04\/28\/barcelona-tiene-en-la-mira-a-otra-estrella-de-la-seleccion-argentina\/#primaryimage\"},\"thumbnailUrl\":\"https:\/\/radioinfinitagoya.com.ar\/v1\/wp-content\/uploads\/2026\/04\/CUBPZ7S6ANGITHMGVAX2TYWKMU.avif\",\"datePublished\":\"2026-04-28T19:34:19+00:00\",\"description\":\"Si no logra concretar la llegada de Juli\u00e1n \u00c1lvarez Los catalanes le siguen los pasos a Lautaro Mart\u00ednez, que ya son\u00f3 en varios mercados Barcelona le sigue\",\"breadcrumb\":{\"@id\":\"https:\/\/radioinfinitagoya.com.ar\/v1\/2026\/04\/28\/barcelona-tiene-en-la-mira-a-otra-estrella-de-la-seleccion-argentina\/#breadcrumb\"},\"inLanguage\":\"es-AR\",\"potentialAction\":[{\"@type\":\"ReadAction\",\"target\":[\"https:\/\/radioinfinitagoya.com.ar\/v1\/2026\/04\/28\/barcelona-tiene-en-la-mira-a-otra-estrella-de-la-seleccion-argentina\/\"]}]},{\"@type\":\"ImageObject\",\"inLanguage\":\"es-AR\",\"@id\":\"https:\/\/radioinfinitagoya.com.ar\/v1\/2026\/04\/28\/barcelona-tiene-en-la-mira-a-otra-estrella-de-la-seleccion-argentina\/#primaryimage\",\"url\":\"https:\/\/radioinfinitagoya.com.ar\/v1\/wp-content\/uploads\/2026\/04\/CUBPZ7S6ANGITHMGVAX2TYWKMU.avif\",\"contentUrl\":\"https:\/\/radioinfinitagoya.com.ar\/v1\/wp-content\/uploads\/2026\/04\/CUBPZ7S6ANGITHMGVAX2TYWKMU.avif\",\"width\":992,\"height\":656},{\"@type\":\"BreadcrumbList\",\"@id\":\"https:\/\/radioinfinitagoya.com.ar\/v1\/2026\/04\/28\/barcelona-tiene-en-la-mira-a-otra-estrella-de-la-seleccion-argentina\/#breadcrumb\",\"itemListElement\":[{\"@type\":\"ListItem\",\"position\":1,\"name\":\"Inicio\",\"item\":\"https:\/\/radioinfinitagoya.com.ar\/v1\/\"},{\"@type\":\"ListItem\",\"position\":2,\"name\":\"Barcelona tiene en la mira a otra estrella de la selecci\u00f3n argentina\"}]},{\"@type\":\"WebSite\",\"@id\":\"https:\/\/radioinfinitagoya.com.ar\/v1\/#website\",\"url\":\"https:\/\/radioinfinitagoya.com.ar\/v1\/\",\"name\":\"radioinfinitagoya.com.ar\",\"description\":\"Radio de noticias\",\"publisher\":{\"@id\":\"https:\/\/radioinfinitagoya.com.ar\/v1\/#organization\"},\"potentialAction\":[{\"@type\":\"SearchAction\",\"target\":{\"@type\":\"EntryPoint\",\"urlTemplate\":\"https:\/\/radioinfinitagoya.com.ar\/v1\/?s={search_term_string}\"},\"query-input\":{\"@type\":\"PropertyValueSpecification\",\"valueRequired\":true,\"valueName\":\"search_term_string\"}}],\"inLanguage\":\"es-AR\"},{\"@type\":\"Organization\",\"@id\":\"https:\/\/radioinfinitagoya.com.ar\/v1\/#organization\",\"name\":\"Radio Infinita Goya\",\"url\":\"https:\/\/radioinfinitagoya.com.ar\/v1\/\",\"logo\":{\"@type\":\"ImageObject\",\"inLanguage\":\"es-AR\",\"@id\":\"https:\/\/radioinfinitagoya.com.ar\/v1\/#\/schema\/logo\/image\/\",\"url\":\"https:\/\/radioinfinitagoya.com.ar\/v1\/wp-content\/uploads\/2019\/11\/logo-pie-web.png\",\"contentUrl\":\"https:\/\/radioinfinitagoya.com.ar\/v1\/wp-content\/uploads\/2019\/11\/logo-pie-web.png\",\"width\":635,\"height\":326,\"caption\":\"Radio Infinita Goya\"},\"image\":{\"@id\":\"https:\/\/radioinfinitagoya.com.ar\/v1\/#\/schema\/logo\/image\/\"},\"sameAs\":[\"https:\/\/www.facebook.com\/p\/Infinita-Goya-100063870918311\/\"]},{\"@type\":\"Person\",\"@id\":\"https:\/\/radioinfinitagoya.com.ar\/v1\/#\/schema\/person\/d4cf9c413d4f6edb24aabdccab49ca4a\",\"name\":\"Jorge Mi\u00f1o\",\"image\":{\"@type\":\"ImageObject\",\"inLanguage\":\"es-AR\",\"@id\":\"https:\/\/secure.gravatar.com\/avatar\/910fcf6728fe95320e07a6643c1581fec1c7fc4bf8ae12e3d8f0d0373dc844be?s=96&d=mm&r=g\",\"url\":\"https:\/\/secure.gravatar.com\/avatar\/910fcf6728fe95320e07a6643c1581fec1c7fc4bf8ae12e3d8f0d0373dc844be?s=96&d=mm&r=g\",\"contentUrl\":\"https:\/\/secure.gravatar.com\/avatar\/910fcf6728fe95320e07a6643c1581fec1c7fc4bf8ae12e3d8f0d0373dc844be?s=96&d=mm&r=g\",\"caption\":\"Jorge Mi\u00f1o\"},\"sameAs\":[\"http:\/\/radioinfinitagoya.com.ar\"]}]}<\/script>\n<!-- \/ Yoast SEO plugin. -->","yoast_head_json":{"title":"Barcelona tiene en la mira a otra estrella de la selecci\u00f3n argentina - Radio Infinita Goya","description":"Si no logra concretar la llegada de Juli\u00e1n \u00c1lvarez Los catalanes le siguen los pasos a Lautaro Mart\u00ednez, que ya son\u00f3 en varios mercados Barcelona le sigue","robots":{"index":"index","follow":"follow","max-snippet":"max-snippet:-1","max-image-preview":"max-image-preview:large","max-video-preview":"max-video-preview:-1"},"canonical":"https:\/\/radioinfinitagoya.com.ar\/v1\/2026\/04\/28\/barcelona-tiene-en-la-mira-a-otra-estrella-de-la-seleccion-argentina\/","og_locale":"es_ES","og_type":"article","og_title":"Barcelona tiene en la mira a otra estrella de la selecci\u00f3n argentina - Radio Infinita Goya","og_description":"Si no logra concretar la llegada de Juli\u00e1n \u00c1lvarez Los catalanes le siguen los pasos a Lautaro Mart\u00ednez, que ya son\u00f3 en varios mercados Barcelona le sigue","og_url":"https:\/\/radioinfinitagoya.com.ar\/v1\/2026\/04\/28\/barcelona-tiene-en-la-mira-a-otra-estrella-de-la-seleccion-argentina\/","og_site_name":"Radio Infinita Goya","article_publisher":"https:\/\/www.facebook.com\/p\/Infinita-Goya-100063870918311\/","article_published_time":"2026-04-28T19:34:19+00:00","author":"Jorge Mi\u00f1o","twitter_card":"summary_large_image","twitter_misc":{"Escrito por":"Jorge Mi\u00f1o","Tiempo de lectura":"4 minutos"},"schema":{"@context":"https:\/\/schema.org","@graph":[{"@type":"Article","@id":"https:\/\/radioinfinitagoya.com.ar\/v1\/2026\/04\/28\/barcelona-tiene-en-la-mira-a-otra-estrella-de-la-seleccion-argentina\/#article","isPartOf":{"@id":"https:\/\/radioinfinitagoya.com.ar\/v1\/2026\/04\/28\/barcelona-tiene-en-la-mira-a-otra-estrella-de-la-seleccion-argentina\/"},"author":{"name":"Jorge Mi\u00f1o","@id":"https:\/\/radioinfinitagoya.com.ar\/v1\/#\/schema\/person\/d4cf9c413d4f6edb24aabdccab49ca4a"},"headline":"Barcelona tiene en la mira a otra estrella de la selecci\u00f3n argentina","datePublished":"2026-04-28T19:34:19+00:00","mainEntityOfPage":{"@id":"https:\/\/radioinfinitagoya.com.ar\/v1\/2026\/04\/28\/barcelona-tiene-en-la-mira-a-otra-estrella-de-la-seleccion-argentina\/"},"wordCount":758,"commentCount":0,"publisher":{"@id":"https:\/\/radioinfinitagoya.com.ar\/v1\/#organization"},"image":{"@id":"https:\/\/radioinfinitagoya.com.ar\/v1\/2026\/04\/28\/barcelona-tiene-en-la-mira-a-otra-estrella-de-la-seleccion-argentina\/#primaryimage"},"thumbnailUrl":"https:\/\/radioinfinitagoya.com.ar\/v1\/wp-content\/uploads\/2026\/04\/CUBPZ7S6ANGITHMGVAX2TYWKMU.avif","articleSection":["DEPORTES"],"inLanguage":"es-AR","potentialAction":[{"@type":"CommentAction","name":"Comment","target":["https:\/\/radioinfinitagoya.com.ar\/v1\/2026\/04\/28\/barcelona-tiene-en-la-mira-a-otra-estrella-de-la-seleccion-argentina\/#respond"]}]},{"@type":"WebPage","@id":"https:\/\/radioinfinitagoya.com.ar\/v1\/2026\/04\/28\/barcelona-tiene-en-la-mira-a-otra-estrella-de-la-seleccion-argentina\/","url":"https:\/\/radioinfinitagoya.com.ar\/v1\/2026\/04\/28\/barcelona-tiene-en-la-mira-a-otra-estrella-de-la-seleccion-argentina\/","name":"Barcelona tiene en la mira a otra estrella de la selecci\u00f3n argentina - Radio Infinita Goya","isPartOf":{"@id":"https:\/\/radioinfinitagoya.com.ar\/v1\/#website"},"primaryImageOfPage":{"@id":"https:\/\/radioinfinitagoya.com.ar\/v1\/2026\/04\/28\/barcelona-tiene-en-la-mira-a-otra-estrella-de-la-seleccion-argentina\/#primaryimage"},"image":{"@id":"https:\/\/radioinfinitagoya.com.ar\/v1\/2026\/04\/28\/barcelona-tiene-en-la-mira-a-otra-estrella-de-la-seleccion-argentina\/#primaryimage"},"thumbnailUrl":"https:\/\/radioinfinitagoya.com.ar\/v1\/wp-content\/uploads\/2026\/04\/CUBPZ7S6ANGITHMGVAX2TYWKMU.avif","datePublished":"2026-04-28T19:34:19+00:00","description":"Si no logra concretar la llegada de Juli\u00e1n \u00c1lvarez Los catalanes le siguen los pasos a Lautaro Mart\u00ednez, que ya son\u00f3 en varios mercados Barcelona le sigue","breadcrumb":{"@id":"https:\/\/radioinfinitagoya.com.ar\/v1\/2026\/04\/28\/barcelona-tiene-en-la-mira-a-otra-estrella-de-la-seleccion-argentina\/#breadcrumb"},"inLanguage":"es-AR","potentialAction":[{"@type":"ReadAction","target":["https:\/\/radioinfinitagoya.com.ar\/v1\/2026\/04\/28\/barcelona-tiene-en-la-mira-a-otra-estrella-de-la-seleccion-argentina\/"]}]},{"@type":"ImageObject","inLanguage":"es-AR","@id":"https:\/\/radioinfinitagoya.com.ar\/v1\/2026\/04\/28\/barcelona-tiene-en-la-mira-a-otra-estrella-de-la-seleccion-argentina\/#primaryimage","url":"https:\/\/radioinfinitagoya.com.ar\/v1\/wp-content\/uploads\/2026\/04\/CUBPZ7S6ANGITHMGVAX2TYWKMU.avif","contentUrl":"https:\/\/radioinfinitagoya.com.ar\/v1\/wp-content\/uploads\/2026\/04\/CUBPZ7S6ANGITHMGVAX2TYWKMU.avif","width":992,"height":656},{"@type":"BreadcrumbList","@id":"https:\/\/radioinfinitagoya.com.ar\/v1\/2026\/04\/28\/barcelona-tiene-en-la-mira-a-otra-estrella-de-la-seleccion-argentina\/#breadcrumb","itemListElement":[{"@type":"ListItem","position":1,"name":"Inicio","item":"https:\/\/radioinfinitagoya.com.ar\/v1\/"},{"@type":"ListItem","position":2,"name":"Barcelona tiene en la mira a otra estrella de la selecci\u00f3n argentina"}]},{"@type":"WebSite","@id":"https:\/\/radioinfinitagoya.com.ar\/v1\/#website","url":"https:\/\/radioinfinitagoya.com.ar\/v1\/","name":"radioinfinitagoya.com.ar","description":"Radio de noticias","publisher":{"@id":"https:\/\/radioinfinitagoya.com.ar\/v1\/#organization"},"potentialAction":[{"@type":"SearchAction","target":{"@type":"EntryPoint","urlTemplate":"https:\/\/radioinfinitagoya.com.ar\/v1\/?s={search_term_string}"},"query-input":{"@type":"PropertyValueSpecification","valueRequired":true,"valueName":"search_term_string"}}],"inLanguage":"es-AR"},{"@type":"Organization","@id":"https:\/\/radioinfinitagoya.com.ar\/v1\/#organization","name":"Radio Infinita Goya","url":"https:\/\/radioinfinitagoya.com.ar\/v1\/","logo":{"@type":"ImageObject","inLanguage":"es-AR","@id":"https:\/\/radioinfinitagoya.com.ar\/v1\/#\/schema\/logo\/image\/","url":"https:\/\/radioinfinitagoya.com.ar\/v1\/wp-content\/uploads\/2019\/11\/logo-pie-web.png","contentUrl":"https:\/\/radioinfinitagoya.com.ar\/v1\/wp-content\/uploads\/2019\/11\/logo-pie-web.png","width":635,"height":326,"caption":"Radio Infinita Goya"},"image":{"@id":"https:\/\/radioinfinitagoya.com.ar\/v1\/#\/schema\/logo\/image\/"},"sameAs":["https:\/\/www.facebook.com\/p\/Infinita-Goya-100063870918311\/"]},{"@type":"Person","@id":"https:\/\/radioinfinitagoya.com.ar\/v1\/#\/schema\/person\/d4cf9c413d4f6edb24aabdccab49ca4a","name":"Jorge Mi\u00f1o","image":{"@type":"ImageObject","inLanguage":"es-AR","@id":"https:\/\/secure.gravatar.com\/avatar\/910fcf6728fe95320e07a6643c1581fec1c7fc4bf8ae12e3d8f0d0373dc844be?s=96&d=mm&r=g","url":"https:\/\/secure.gravatar.com\/avatar\/910fcf6728fe95320e07a6643c1581fec1c7fc4bf8ae12e3d8f0d0373dc844be?s=96&d=mm&r=g","contentUrl":"https:\/\/secure.gravatar.com\/avatar\/910fcf6728fe95320e07a6643c1581fec1c7fc4bf8ae12e3d8f0d0373dc844be?s=96&d=mm&r=g","caption":"Jorge Mi\u00f1o"},"sameAs":["http:\/\/radioinfinitagoya.com.ar"]}]}},"_links":{"self":[{"href":"https:\/\/radioinfinitagoya.com.ar\/v1\/wp-json\/wp\/v2\/posts\/213867","targetHints":{"allow":["GET"]}}],"collection":[{"href":"https:\/\/radioinfinitagoya.com.ar\/v1\/wp-json\/wp\/v2\/posts"}],"about":[{"href":"https:\/\/radioinfinitagoya.com.ar\/v1\/wp-json\/wp\/v2\/types\/post"}],"author":[{"embeddable":true,"href":"https:\/\/radioinfinitagoya.com.ar\/v1\/wp-json\/wp\/v2\/users\/4"}],"replies":[{"embeddable":true,"href":"https:\/\/radioinfinitagoya.com.ar\/v1\/wp-json\/wp\/v2\/comments?post=213867"}],"version-history":[{"count":1,"href":"https:\/\/radioinfinitagoya.com.ar\/v1\/wp-json\/wp\/v2\/posts\/213867\/revisions"}],"predecessor-version":[{"id":213871,"href":"https:\/\/radioinfinitagoya.com.ar\/v1\/wp-json\/wp\/v2\/posts\/213867\/revisions\/213871"}],"wp:featuredmedia":[{"embeddable":true,"href":"https:\/\/radioinfinitagoya.com.ar\/v1\/wp-json\/wp\/v2\/media\/213868"}],"wp:attachment":[{"href":"https:\/\/radioinfinitagoya.com.ar\/v1\/wp-json\/wp\/v2\/media?parent=213867"}],"wp:term":[{"taxonomy":"category","embeddable":true,"href":"https:\/\/radioinfinitagoya.com.ar\/v1\/wp-json\/wp\/v2\/categories?post=213867"},{"taxonomy":"post_tag","embeddable":true,"href":"https:\/\/radioinfinitagoya.com.ar\/v1\/wp-json\/wp\/v2\/tags?post=213867"}],"curies":[{"name":"wp","href":"https:\/\/api.w.org\/{rel}","templated":true}]}}