{"id":213872,"date":"2026-04-28T16:39:26","date_gmt":"2026-04-28T19:39:26","guid":{"rendered":"https:\/\/radioinfinitagoya.com.ar\/v1\/?p=213872"},"modified":"2026-04-28T16:39:26","modified_gmt":"2026-04-28T19:39:26","slug":"espectaculo-en-el-cielo-un-bolido-ilumino-la-noche-portena-y-se-hizo-viral","status":"publish","type":"post","link":"https:\/\/radioinfinitagoya.com.ar\/v1\/2026\/04\/28\/espectaculo-en-el-cielo-un-bolido-ilumino-la-noche-portena-y-se-hizo-viral\/","title":{"rendered":"Espect\u00e1culo en el cielo: un b\u00f3lido ilumin\u00f3 la noche porte\u00f1a y se hizo viral"},"content":{"rendered":"<p>Fue visto este lunes por la noche, el AMBA y tambi\u00e9n en Montevido, Uruguay.<\/p>\n<p><a href=\"https:\/\/x.com\/Tiempo_AMBA\/status\/2048980464182911156\">https:\/\/x.com\/Tiempo_AMBA\/status\/2048980464182911156<\/a><\/p>\n<p>Una luz brillante atraves\u00f3 el cielo este lunes por la noche y llam\u00f3 la atenci\u00f3n de vecinos de la Ciudad de Buenos Aires y el Conurbano. Se trat\u00f3 de un b\u00f3lido verdoso y sus im\u00e1genes se hicieron virales en redes sociales.<\/p>\n<p>Cerca de las 22.50 hs, una bola luminosa de color verde azulado cruz\u00f3 el cielo. Aunque apenas dur\u00f3 unos segundos, gener\u00f3 sorpresa entre quienes lograron verla, tanto que -de inmediato- sacaron sus tel\u00e9fonos celulares para documentar el fen\u00f3meno.<\/p>\n<p><img loading=\"lazy\" decoding=\"async\" class=\"alignnone size-medium wp-image-213874\" src=\"https:\/\/radioinfinitagoya.com.ar\/v1\/wp-content\/uploads\/2026\/04\/PYSNTEHTWZAPBB5USTNZTPEMDQ-600x339.jpg\" alt=\"\" width=\"600\" height=\"339\" srcset=\"https:\/\/radioinfinitagoya.com.ar\/v1\/wp-content\/uploads\/2026\/04\/PYSNTEHTWZAPBB5USTNZTPEMDQ-600x339.jpg 600w, https:\/\/radioinfinitagoya.com.ar\/v1\/wp-content\/uploads\/2026\/04\/PYSNTEHTWZAPBB5USTNZTPEMDQ-150x85.jpg 150w, https:\/\/radioinfinitagoya.com.ar\/v1\/wp-content\/uploads\/2026\/04\/PYSNTEHTWZAPBB5USTNZTPEMDQ-768x434.jpg 768w, https:\/\/radioinfinitagoya.com.ar\/v1\/wp-content\/uploads\/2026\/04\/PYSNTEHTWZAPBB5USTNZTPEMDQ-743x420.jpg 743w, https:\/\/radioinfinitagoya.com.ar\/v1\/wp-content\/uploads\/2026\/04\/PYSNTEHTWZAPBB5USTNZTPEMDQ-696x393.jpg 696w, https:\/\/radioinfinitagoya.com.ar\/v1\/wp-content\/uploads\/2026\/04\/PYSNTEHTWZAPBB5USTNZTPEMDQ.avif 980w\" sizes=\"auto, (max-width: 600px) 100vw, 600px\" \/><\/p>\n<p>As\u00ed, en las redes sociales aparecieron gran cantidad de videos y fotos de esta luz misteriosa, que -adem\u00e1s de en el AMBA- fue vista desde Montevido, Uruguay.<\/p>\n<p>Seg\u00fan se pudo saber, esta \u201cbola luminosa\u201d era un b\u00f3lido. Seg\u00fan detalla la web del Observatorio Astron\u00f3mico de C\u00f3rdoba, un b\u00f3lido \u201ces un meteoro extremadamente brillante que generalmente explota en la atm\u00f3sfera debido a la gran velocidad y la fricci\u00f3n\u201d.<\/p>\n<p>Esta explosi\u00f3n, agrega, puede ser acompa\u00f1ada de un sonido estruendoso y puede dejar fragmentos que caen a la Tierra como meteoritos. Sin embargo, hasta el momento no hay reportes de que se haya escuchado estruendo y tampoco se supo que hayan aparecido restos.<\/p>\n<p>&nbsp;<\/p>\n<p>&nbsp;<\/p>\n","protected":false},"excerpt":{"rendered":"<p>Fue visto este lunes por la noche, el AMBA y tambi\u00e9n en Montevido, Uruguay. https:\/\/x.com\/Tiempo_AMBA\/status\/2048980464182911156 Una luz brillante atraves\u00f3 el cielo este lunes por la noche y llam\u00f3 la atenci\u00f3n de vecinos de la Ciudad de Buenos Aires y el Conurbano. Se trat\u00f3 de un b\u00f3lido verdoso y sus im\u00e1genes se hicieron virales en redes [&hellip;]<\/p>\n","protected":false},"author":4,"featured_media":213873,"comment_status":"open","ping_status":"open","sticky":false,"template":"","format":"standard","meta":{"_joinchat":[],"footnotes":""},"categories":[31],"tags":[],"class_list":{"0":"post-213872","1":"post","2":"type-post","3":"status-publish","4":"format-standard","5":"has-post-thumbnail","7":"category-informacion-general"},"yoast_head":"<!-- This site is optimized with the Yoast SEO plugin v27.2 - https:\/\/yoast.com\/product\/yoast-seo-wordpress\/ -->\n<title>Espect\u00e1culo en el cielo: un b\u00f3lido ilumin\u00f3 la noche porte\u00f1a y se hizo viral - Radio Infinita Goya<\/title>\n<meta name=\"description\" content=\"Fue visto este lunes por la noche, el AMBA y tambi\u00e9n en Montevido, Uruguay. https:\/\/x.com\/Tiempo_AMBA\/status\/2048980464182911156 Una luz brillante\" \/>\n<meta name=\"robots\" content=\"index, follow, max-snippet:-1, max-image-preview:large, max-video-preview:-1\" \/>\n<link rel=\"canonical\" href=\"https:\/\/radioinfinitagoya.com.ar\/v1\/2026\/04\/28\/espectaculo-en-el-cielo-un-bolido-ilumino-la-noche-portena-y-se-hizo-viral\/\" \/>\n<meta property=\"og:locale\" content=\"es_ES\" \/>\n<meta property=\"og:type\" content=\"article\" \/>\n<meta property=\"og:title\" content=\"Espect\u00e1culo en el cielo: un b\u00f3lido ilumin\u00f3 la noche porte\u00f1a y se hizo viral - Radio Infinita Goya\" \/>\n<meta property=\"og:description\" content=\"Fue visto este lunes por la noche, el AMBA y tambi\u00e9n en Montevido, Uruguay. https:\/\/x.com\/Tiempo_AMBA\/status\/2048980464182911156 Una luz brillante\" \/>\n<meta property=\"og:url\" content=\"https:\/\/radioinfinitagoya.com.ar\/v1\/2026\/04\/28\/espectaculo-en-el-cielo-un-bolido-ilumino-la-noche-portena-y-se-hizo-viral\/\" \/>\n<meta property=\"og:site_name\" content=\"Radio Infinita Goya\" \/>\n<meta property=\"article:publisher\" content=\"https:\/\/www.facebook.com\/p\/Infinita-Goya-100063870918311\/\" \/>\n<meta property=\"article:published_time\" content=\"2026-04-28T19:39:26+00:00\" \/>\n<meta property=\"og:image\" content=\"https:\/\/radioinfinitagoya.com.ar\/v1\/wp-content\/uploads\/2026\/04\/ZUUoloKF.jpg\" \/>\n\t<meta property=\"og:image:width\" content=\"680\" \/>\n\t<meta property=\"og:image:height\" content=\"383\" \/>\n\t<meta property=\"og:image:type\" content=\"image\/jpeg\" \/>\n<meta name=\"author\" content=\"Jorge Mi\u00f1o\" \/>\n<meta name=\"twitter:card\" content=\"summary_large_image\" \/>\n<meta name=\"twitter:label1\" content=\"Escrito por\" \/>\n\t<meta name=\"twitter:data1\" content=\"Jorge Mi\u00f1o\" \/>\n\t<meta name=\"twitter:label2\" content=\"Tiempo de lectura\" \/>\n\t<meta name=\"twitter:data2\" content=\"2 minutos\" \/>\n<script type=\"application\/ld+json\" class=\"yoast-schema-graph\">{\"@context\":\"https:\/\/schema.org\",\"@graph\":[{\"@type\":\"Article\",\"@id\":\"https:\/\/radioinfinitagoya.com.ar\/v1\/2026\/04\/28\/espectaculo-en-el-cielo-un-bolido-ilumino-la-noche-portena-y-se-hizo-viral\/#article\",\"isPartOf\":{\"@id\":\"https:\/\/radioinfinitagoya.com.ar\/v1\/2026\/04\/28\/espectaculo-en-el-cielo-un-bolido-ilumino-la-noche-portena-y-se-hizo-viral\/\"},\"author\":{\"name\":\"Jorge Mi\u00f1o\",\"@id\":\"https:\/\/radioinfinitagoya.com.ar\/v1\/#\/schema\/person\/d4cf9c413d4f6edb24aabdccab49ca4a\"},\"headline\":\"Espect\u00e1culo en el cielo: un b\u00f3lido ilumin\u00f3 la noche porte\u00f1a y se hizo viral\",\"datePublished\":\"2026-04-28T19:39:26+00:00\",\"mainEntityOfPage\":{\"@id\":\"https:\/\/radioinfinitagoya.com.ar\/v1\/2026\/04\/28\/espectaculo-en-el-cielo-un-bolido-ilumino-la-noche-portena-y-se-hizo-viral\/\"},\"wordCount\":244,\"commentCount\":0,\"publisher\":{\"@id\":\"https:\/\/radioinfinitagoya.com.ar\/v1\/#organization\"},\"image\":{\"@id\":\"https:\/\/radioinfinitagoya.com.ar\/v1\/2026\/04\/28\/espectaculo-en-el-cielo-un-bolido-ilumino-la-noche-portena-y-se-hizo-viral\/#primaryimage\"},\"thumbnailUrl\":\"https:\/\/radioinfinitagoya.com.ar\/v1\/wp-content\/uploads\/2026\/04\/ZUUoloKF.jpg\",\"articleSection\":[\"INFORMACI\u00d3N GENERAL\"],\"inLanguage\":\"es-AR\",\"potentialAction\":[{\"@type\":\"CommentAction\",\"name\":\"Comment\",\"target\":[\"https:\/\/radioinfinitagoya.com.ar\/v1\/2026\/04\/28\/espectaculo-en-el-cielo-un-bolido-ilumino-la-noche-portena-y-se-hizo-viral\/#respond\"]}]},{\"@type\":\"WebPage\",\"@id\":\"https:\/\/radioinfinitagoya.com.ar\/v1\/2026\/04\/28\/espectaculo-en-el-cielo-un-bolido-ilumino-la-noche-portena-y-se-hizo-viral\/\",\"url\":\"https:\/\/radioinfinitagoya.com.ar\/v1\/2026\/04\/28\/espectaculo-en-el-cielo-un-bolido-ilumino-la-noche-portena-y-se-hizo-viral\/\",\"name\":\"Espect\u00e1culo en el cielo: un b\u00f3lido ilumin\u00f3 la noche porte\u00f1a y se hizo viral - Radio Infinita Goya\",\"isPartOf\":{\"@id\":\"https:\/\/radioinfinitagoya.com.ar\/v1\/#website\"},\"primaryImageOfPage\":{\"@id\":\"https:\/\/radioinfinitagoya.com.ar\/v1\/2026\/04\/28\/espectaculo-en-el-cielo-un-bolido-ilumino-la-noche-portena-y-se-hizo-viral\/#primaryimage\"},\"image\":{\"@id\":\"https:\/\/radioinfinitagoya.com.ar\/v1\/2026\/04\/28\/espectaculo-en-el-cielo-un-bolido-ilumino-la-noche-portena-y-se-hizo-viral\/#primaryimage\"},\"thumbnailUrl\":\"https:\/\/radioinfinitagoya.com.ar\/v1\/wp-content\/uploads\/2026\/04\/ZUUoloKF.jpg\",\"datePublished\":\"2026-04-28T19:39:26+00:00\",\"description\":\"Fue visto este lunes por la noche, el AMBA y tambi\u00e9n en Montevido, Uruguay. https:\/\/x.com\/Tiempo_AMBA\/status\/2048980464182911156 Una luz brillante\",\"breadcrumb\":{\"@id\":\"https:\/\/radioinfinitagoya.com.ar\/v1\/2026\/04\/28\/espectaculo-en-el-cielo-un-bolido-ilumino-la-noche-portena-y-se-hizo-viral\/#breadcrumb\"},\"inLanguage\":\"es-AR\",\"potentialAction\":[{\"@type\":\"ReadAction\",\"target\":[\"https:\/\/radioinfinitagoya.com.ar\/v1\/2026\/04\/28\/espectaculo-en-el-cielo-un-bolido-ilumino-la-noche-portena-y-se-hizo-viral\/\"]}]},{\"@type\":\"ImageObject\",\"inLanguage\":\"es-AR\",\"@id\":\"https:\/\/radioinfinitagoya.com.ar\/v1\/2026\/04\/28\/espectaculo-en-el-cielo-un-bolido-ilumino-la-noche-portena-y-se-hizo-viral\/#primaryimage\",\"url\":\"https:\/\/radioinfinitagoya.com.ar\/v1\/wp-content\/uploads\/2026\/04\/ZUUoloKF.jpg\",\"contentUrl\":\"https:\/\/radioinfinitagoya.com.ar\/v1\/wp-content\/uploads\/2026\/04\/ZUUoloKF.jpg\",\"width\":680,\"height\":383},{\"@type\":\"BreadcrumbList\",\"@id\":\"https:\/\/radioinfinitagoya.com.ar\/v1\/2026\/04\/28\/espectaculo-en-el-cielo-un-bolido-ilumino-la-noche-portena-y-se-hizo-viral\/#breadcrumb\",\"itemListElement\":[{\"@type\":\"ListItem\",\"position\":1,\"name\":\"Inicio\",\"item\":\"https:\/\/radioinfinitagoya.com.ar\/v1\/\"},{\"@type\":\"ListItem\",\"position\":2,\"name\":\"Espect\u00e1culo en el cielo: un b\u00f3lido ilumin\u00f3 la noche porte\u00f1a y se hizo viral\"}]},{\"@type\":\"WebSite\",\"@id\":\"https:\/\/radioinfinitagoya.com.ar\/v1\/#website\",\"url\":\"https:\/\/radioinfinitagoya.com.ar\/v1\/\",\"name\":\"radioinfinitagoya.com.ar\",\"description\":\"Radio de noticias\",\"publisher\":{\"@id\":\"https:\/\/radioinfinitagoya.com.ar\/v1\/#organization\"},\"potentialAction\":[{\"@type\":\"SearchAction\",\"target\":{\"@type\":\"EntryPoint\",\"urlTemplate\":\"https:\/\/radioinfinitagoya.com.ar\/v1\/?s={search_term_string}\"},\"query-input\":{\"@type\":\"PropertyValueSpecification\",\"valueRequired\":true,\"valueName\":\"search_term_string\"}}],\"inLanguage\":\"es-AR\"},{\"@type\":\"Organization\",\"@id\":\"https:\/\/radioinfinitagoya.com.ar\/v1\/#organization\",\"name\":\"Radio Infinita Goya\",\"url\":\"https:\/\/radioinfinitagoya.com.ar\/v1\/\",\"logo\":{\"@type\":\"ImageObject\",\"inLanguage\":\"es-AR\",\"@id\":\"https:\/\/radioinfinitagoya.com.ar\/v1\/#\/schema\/logo\/image\/\",\"url\":\"https:\/\/radioinfinitagoya.com.ar\/v1\/wp-content\/uploads\/2019\/11\/logo-pie-web.png\",\"contentUrl\":\"https:\/\/radioinfinitagoya.com.ar\/v1\/wp-content\/uploads\/2019\/11\/logo-pie-web.png\",\"width\":635,\"height\":326,\"caption\":\"Radio Infinita Goya\"},\"image\":{\"@id\":\"https:\/\/radioinfinitagoya.com.ar\/v1\/#\/schema\/logo\/image\/\"},\"sameAs\":[\"https:\/\/www.facebook.com\/p\/Infinita-Goya-100063870918311\/\"]},{\"@type\":\"Person\",\"@id\":\"https:\/\/radioinfinitagoya.com.ar\/v1\/#\/schema\/person\/d4cf9c413d4f6edb24aabdccab49ca4a\",\"name\":\"Jorge Mi\u00f1o\",\"image\":{\"@type\":\"ImageObject\",\"inLanguage\":\"es-AR\",\"@id\":\"https:\/\/secure.gravatar.com\/avatar\/910fcf6728fe95320e07a6643c1581fec1c7fc4bf8ae12e3d8f0d0373dc844be?s=96&d=mm&r=g\",\"url\":\"https:\/\/secure.gravatar.com\/avatar\/910fcf6728fe95320e07a6643c1581fec1c7fc4bf8ae12e3d8f0d0373dc844be?s=96&d=mm&r=g\",\"contentUrl\":\"https:\/\/secure.gravatar.com\/avatar\/910fcf6728fe95320e07a6643c1581fec1c7fc4bf8ae12e3d8f0d0373dc844be?s=96&d=mm&r=g\",\"caption\":\"Jorge Mi\u00f1o\"},\"sameAs\":[\"http:\/\/radioinfinitagoya.com.ar\"]}]}<\/script>\n<!-- \/ Yoast SEO plugin. -->","yoast_head_json":{"title":"Espect\u00e1culo en el cielo: un b\u00f3lido ilumin\u00f3 la noche porte\u00f1a y se hizo viral - Radio Infinita Goya","description":"Fue visto este lunes por la noche, el AMBA y tambi\u00e9n en Montevido, Uruguay. https:\/\/x.com\/Tiempo_AMBA\/status\/2048980464182911156 Una luz brillante","robots":{"index":"index","follow":"follow","max-snippet":"max-snippet:-1","max-image-preview":"max-image-preview:large","max-video-preview":"max-video-preview:-1"},"canonical":"https:\/\/radioinfinitagoya.com.ar\/v1\/2026\/04\/28\/espectaculo-en-el-cielo-un-bolido-ilumino-la-noche-portena-y-se-hizo-viral\/","og_locale":"es_ES","og_type":"article","og_title":"Espect\u00e1culo en el cielo: un b\u00f3lido ilumin\u00f3 la noche porte\u00f1a y se hizo viral - Radio Infinita Goya","og_description":"Fue visto este lunes por la noche, el AMBA y tambi\u00e9n en Montevido, Uruguay. https:\/\/x.com\/Tiempo_AMBA\/status\/2048980464182911156 Una luz brillante","og_url":"https:\/\/radioinfinitagoya.com.ar\/v1\/2026\/04\/28\/espectaculo-en-el-cielo-un-bolido-ilumino-la-noche-portena-y-se-hizo-viral\/","og_site_name":"Radio Infinita Goya","article_publisher":"https:\/\/www.facebook.com\/p\/Infinita-Goya-100063870918311\/","article_published_time":"2026-04-28T19:39:26+00:00","og_image":[{"width":680,"height":383,"url":"https:\/\/radioinfinitagoya.com.ar\/v1\/wp-content\/uploads\/2026\/04\/ZUUoloKF.jpg","type":"image\/jpeg"}],"author":"Jorge Mi\u00f1o","twitter_card":"summary_large_image","twitter_misc":{"Escrito por":"Jorge Mi\u00f1o","Tiempo de lectura":"2 minutos"},"schema":{"@context":"https:\/\/schema.org","@graph":[{"@type":"Article","@id":"https:\/\/radioinfinitagoya.com.ar\/v1\/2026\/04\/28\/espectaculo-en-el-cielo-un-bolido-ilumino-la-noche-portena-y-se-hizo-viral\/#article","isPartOf":{"@id":"https:\/\/radioinfinitagoya.com.ar\/v1\/2026\/04\/28\/espectaculo-en-el-cielo-un-bolido-ilumino-la-noche-portena-y-se-hizo-viral\/"},"author":{"name":"Jorge Mi\u00f1o","@id":"https:\/\/radioinfinitagoya.com.ar\/v1\/#\/schema\/person\/d4cf9c413d4f6edb24aabdccab49ca4a"},"headline":"Espect\u00e1culo en el cielo: un b\u00f3lido ilumin\u00f3 la noche porte\u00f1a y se hizo viral","datePublished":"2026-04-28T19:39:26+00:00","mainEntityOfPage":{"@id":"https:\/\/radioinfinitagoya.com.ar\/v1\/2026\/04\/28\/espectaculo-en-el-cielo-un-bolido-ilumino-la-noche-portena-y-se-hizo-viral\/"},"wordCount":244,"commentCount":0,"publisher":{"@id":"https:\/\/radioinfinitagoya.com.ar\/v1\/#organization"},"image":{"@id":"https:\/\/radioinfinitagoya.com.ar\/v1\/2026\/04\/28\/espectaculo-en-el-cielo-un-bolido-ilumino-la-noche-portena-y-se-hizo-viral\/#primaryimage"},"thumbnailUrl":"https:\/\/radioinfinitagoya.com.ar\/v1\/wp-content\/uploads\/2026\/04\/ZUUoloKF.jpg","articleSection":["INFORMACI\u00d3N GENERAL"],"inLanguage":"es-AR","potentialAction":[{"@type":"CommentAction","name":"Comment","target":["https:\/\/radioinfinitagoya.com.ar\/v1\/2026\/04\/28\/espectaculo-en-el-cielo-un-bolido-ilumino-la-noche-portena-y-se-hizo-viral\/#respond"]}]},{"@type":"WebPage","@id":"https:\/\/radioinfinitagoya.com.ar\/v1\/2026\/04\/28\/espectaculo-en-el-cielo-un-bolido-ilumino-la-noche-portena-y-se-hizo-viral\/","url":"https:\/\/radioinfinitagoya.com.ar\/v1\/2026\/04\/28\/espectaculo-en-el-cielo-un-bolido-ilumino-la-noche-portena-y-se-hizo-viral\/","name":"Espect\u00e1culo en el cielo: un b\u00f3lido ilumin\u00f3 la noche porte\u00f1a y se hizo viral - Radio Infinita Goya","isPartOf":{"@id":"https:\/\/radioinfinitagoya.com.ar\/v1\/#website"},"primaryImageOfPage":{"@id":"https:\/\/radioinfinitagoya.com.ar\/v1\/2026\/04\/28\/espectaculo-en-el-cielo-un-bolido-ilumino-la-noche-portena-y-se-hizo-viral\/#primaryimage"},"image":{"@id":"https:\/\/radioinfinitagoya.com.ar\/v1\/2026\/04\/28\/espectaculo-en-el-cielo-un-bolido-ilumino-la-noche-portena-y-se-hizo-viral\/#primaryimage"},"thumbnailUrl":"https:\/\/radioinfinitagoya.com.ar\/v1\/wp-content\/uploads\/2026\/04\/ZUUoloKF.jpg","datePublished":"2026-04-28T19:39:26+00:00","description":"Fue visto este lunes por la noche, el AMBA y tambi\u00e9n en Montevido, Uruguay. https:\/\/x.com\/Tiempo_AMBA\/status\/2048980464182911156 Una luz brillante","breadcrumb":{"@id":"https:\/\/radioinfinitagoya.com.ar\/v1\/2026\/04\/28\/espectaculo-en-el-cielo-un-bolido-ilumino-la-noche-portena-y-se-hizo-viral\/#breadcrumb"},"inLanguage":"es-AR","potentialAction":[{"@type":"ReadAction","target":["https:\/\/radioinfinitagoya.com.ar\/v1\/2026\/04\/28\/espectaculo-en-el-cielo-un-bolido-ilumino-la-noche-portena-y-se-hizo-viral\/"]}]},{"@type":"ImageObject","inLanguage":"es-AR","@id":"https:\/\/radioinfinitagoya.com.ar\/v1\/2026\/04\/28\/espectaculo-en-el-cielo-un-bolido-ilumino-la-noche-portena-y-se-hizo-viral\/#primaryimage","url":"https:\/\/radioinfinitagoya.com.ar\/v1\/wp-content\/uploads\/2026\/04\/ZUUoloKF.jpg","contentUrl":"https:\/\/radioinfinitagoya.com.ar\/v1\/wp-content\/uploads\/2026\/04\/ZUUoloKF.jpg","width":680,"height":383},{"@type":"BreadcrumbList","@id":"https:\/\/radioinfinitagoya.com.ar\/v1\/2026\/04\/28\/espectaculo-en-el-cielo-un-bolido-ilumino-la-noche-portena-y-se-hizo-viral\/#breadcrumb","itemListElement":[{"@type":"ListItem","position":1,"name":"Inicio","item":"https:\/\/radioinfinitagoya.com.ar\/v1\/"},{"@type":"ListItem","position":2,"name":"Espect\u00e1culo en el cielo: un b\u00f3lido ilumin\u00f3 la noche porte\u00f1a y se hizo viral"}]},{"@type":"WebSite","@id":"https:\/\/radioinfinitagoya.com.ar\/v1\/#website","url":"https:\/\/radioinfinitagoya.com.ar\/v1\/","name":"radioinfinitagoya.com.ar","description":"Radio de noticias","publisher":{"@id":"https:\/\/radioinfinitagoya.com.ar\/v1\/#organization"},"potentialAction":[{"@type":"SearchAction","target":{"@type":"EntryPoint","urlTemplate":"https:\/\/radioinfinitagoya.com.ar\/v1\/?s={search_term_string}"},"query-input":{"@type":"PropertyValueSpecification","valueRequired":true,"valueName":"search_term_string"}}],"inLanguage":"es-AR"},{"@type":"Organization","@id":"https:\/\/radioinfinitagoya.com.ar\/v1\/#organization","name":"Radio Infinita Goya","url":"https:\/\/radioinfinitagoya.com.ar\/v1\/","logo":{"@type":"ImageObject","inLanguage":"es-AR","@id":"https:\/\/radioinfinitagoya.com.ar\/v1\/#\/schema\/logo\/image\/","url":"https:\/\/radioinfinitagoya.com.ar\/v1\/wp-content\/uploads\/2019\/11\/logo-pie-web.png","contentUrl":"https:\/\/radioinfinitagoya.com.ar\/v1\/wp-content\/uploads\/2019\/11\/logo-pie-web.png","width":635,"height":326,"caption":"Radio Infinita Goya"},"image":{"@id":"https:\/\/radioinfinitagoya.com.ar\/v1\/#\/schema\/logo\/image\/"},"sameAs":["https:\/\/www.facebook.com\/p\/Infinita-Goya-100063870918311\/"]},{"@type":"Person","@id":"https:\/\/radioinfinitagoya.com.ar\/v1\/#\/schema\/person\/d4cf9c413d4f6edb24aabdccab49ca4a","name":"Jorge Mi\u00f1o","image":{"@type":"ImageObject","inLanguage":"es-AR","@id":"https:\/\/secure.gravatar.com\/avatar\/910fcf6728fe95320e07a6643c1581fec1c7fc4bf8ae12e3d8f0d0373dc844be?s=96&d=mm&r=g","url":"https:\/\/secure.gravatar.com\/avatar\/910fcf6728fe95320e07a6643c1581fec1c7fc4bf8ae12e3d8f0d0373dc844be?s=96&d=mm&r=g","contentUrl":"https:\/\/secure.gravatar.com\/avatar\/910fcf6728fe95320e07a6643c1581fec1c7fc4bf8ae12e3d8f0d0373dc844be?s=96&d=mm&r=g","caption":"Jorge Mi\u00f1o"},"sameAs":["http:\/\/radioinfinitagoya.com.ar"]}]}},"_links":{"self":[{"href":"https:\/\/radioinfinitagoya.com.ar\/v1\/wp-json\/wp\/v2\/posts\/213872","targetHints":{"allow":["GET"]}}],"collection":[{"href":"https:\/\/radioinfinitagoya.com.ar\/v1\/wp-json\/wp\/v2\/posts"}],"about":[{"href":"https:\/\/radioinfinitagoya.com.ar\/v1\/wp-json\/wp\/v2\/types\/post"}],"author":[{"embeddable":true,"href":"https:\/\/radioinfinitagoya.com.ar\/v1\/wp-json\/wp\/v2\/users\/4"}],"replies":[{"embeddable":true,"href":"https:\/\/radioinfinitagoya.com.ar\/v1\/wp-json\/wp\/v2\/comments?post=213872"}],"version-history":[{"count":1,"href":"https:\/\/radioinfinitagoya.com.ar\/v1\/wp-json\/wp\/v2\/posts\/213872\/revisions"}],"predecessor-version":[{"id":213875,"href":"https:\/\/radioinfinitagoya.com.ar\/v1\/wp-json\/wp\/v2\/posts\/213872\/revisions\/213875"}],"wp:featuredmedia":[{"embeddable":true,"href":"https:\/\/radioinfinitagoya.com.ar\/v1\/wp-json\/wp\/v2\/media\/213873"}],"wp:attachment":[{"href":"https:\/\/radioinfinitagoya.com.ar\/v1\/wp-json\/wp\/v2\/media?parent=213872"}],"wp:term":[{"taxonomy":"category","embeddable":true,"href":"https:\/\/radioinfinitagoya.com.ar\/v1\/wp-json\/wp\/v2\/categories?post=213872"},{"taxonomy":"post_tag","embeddable":true,"href":"https:\/\/radioinfinitagoya.com.ar\/v1\/wp-json\/wp\/v2\/tags?post=213872"}],"curies":[{"name":"wp","href":"https:\/\/api.w.org\/{rel}","templated":true}]}}