{"id":213882,"date":"2026-04-28T16:52:41","date_gmt":"2026-04-28T19:52:41","guid":{"rendered":"https:\/\/radioinfinitagoya.com.ar\/v1\/?p=213882"},"modified":"2026-04-28T16:52:41","modified_gmt":"2026-04-28T19:52:41","slug":"luis-caputo-defendio-su-plan-economico-y-aseguro-que-la-inflacion-seguira-bajando","status":"publish","type":"post","link":"https:\/\/radioinfinitagoya.com.ar\/v1\/2026\/04\/28\/luis-caputo-defendio-su-plan-economico-y-aseguro-que-la-inflacion-seguira-bajando\/","title":{"rendered":"Luis Caputo defendi\u00f3 su plan econ\u00f3mico y asegur\u00f3 que la inflaci\u00f3n seguir\u00e1 bajando"},"content":{"rendered":"<p>El ministro Luis Caputo asegur\u00f3 que la inflaci\u00f3n inici\u00f3 un camino descendente tras el pico de marzo y destac\u00f3 se\u00f1ales de recuperaci\u00f3n en la actividad.<\/p>\n<p>En una conferencia frente a empresarios e inversores en CABA, el ministro de Econom\u00eda, Luis Caputo habl\u00f3 sobre el rumbo econ\u00f3mico e insisti\u00f3 que la inflaci\u00f3n va a desacelerarse.<\/p>\n<p>Luis Caputo defendi\u00f3 el plan econ\u00f3mico y asegur\u00f3 que la inflaci\u00f3n seguir\u00e1 bajando en los pr\u00f3ximos meses<\/p>\n<p>El ministro de Econom\u00eda, Luis Caputo, volvi\u00f3 a respaldar el rumbo econ\u00f3mico del Gobierno y asegur\u00f3 que el proceso de desinflaci\u00f3n continuar\u00e1 en los pr\u00f3ximos meses, pese al repunte registrado en marzo.<\/p>\n<p>Seg\u00fan explic\u00f3, el 3,4% de ese mes represent\u00f3 un \u201cpico\u201d y desde abril la tendencia ser\u00e1 descendente.<\/p>\n<p>Durante su exposici\u00f3n ante empresarios e inversores, el funcionario destac\u00f3 que la Argentina logr\u00f3 atravesar con solidez el impacto internacional de la suba del petr\u00f3leo, vinculada al conflicto en Medio Oriente.<\/p>\n<p>Atribuy\u00f3 ese desempe\u00f1o a la \u201crobustez\u201d del programa econ\u00f3mico y remarc\u00f3 que ya comienzan a verse se\u00f1ales positivas en distintos indicadores.<\/p>\n<p>En ese sentido, se\u00f1al\u00f3 que la recaudaci\u00f3n muestra mejoras y que sectores como la industria y la construcci\u00f3n, que ven\u00edan rezagados, empiezan a dar indicios de recuperaci\u00f3n. \u201cEsto reci\u00e9n empieza\u201d, afirm\u00f3.<\/p>\n<p>Cu\u00e1les son las metas fiscales y el panorama del empleo seg\u00fan Luis Caputo<br \/>\nCaputo tambi\u00e9n se refiri\u00f3 a la hoja de ruta fiscal y a la relaci\u00f3n con el Fondo Monetario Internacional, en el marco de la segunda revisi\u00f3n del acuerdo vigente.<\/p>\n<p>Ratific\u00f3 que el super\u00e1vit fiscal es el eje central del programa y que el objetivo es alcanzar un super\u00e1vit primario de 1,4% del PBI este a\u00f1o mediante un estricto \u201ccontrol del gasto riguroso y continuo\u201d.<\/p>\n<p>Adem\u00e1s, plante\u00f3 una proyecci\u00f3n de crecimiento acumulado del 20% entre 2023 y 2027 si se cumplen las estimaciones del organismo internacional.<\/p>\n<p>En materia laboral, reconoci\u00f3 que el empleo registrado cay\u00f3, aunque asegur\u00f3 que se generaron unos 100.000 nuevos puestos desde el inicio de la gesti\u00f3n de Javier Milei.<\/p>\n<p>&nbsp;<\/p>\n<p>&nbsp;<\/p>\n","protected":false},"excerpt":{"rendered":"<p>El ministro Luis Caputo asegur\u00f3 que la inflaci\u00f3n inici\u00f3 un camino descendente tras el pico de marzo y destac\u00f3 se\u00f1ales de recuperaci\u00f3n en la actividad. En una conferencia frente a empresarios e inversores en CABA, el ministro de Econom\u00eda, Luis Caputo habl\u00f3 sobre el rumbo econ\u00f3mico e insisti\u00f3 que la inflaci\u00f3n va a desacelerarse. Luis [&hellip;]<\/p>\n","protected":false},"author":4,"featured_media":213883,"comment_status":"open","ping_status":"open","sticky":false,"template":"","format":"standard","meta":{"_joinchat":[],"footnotes":""},"categories":[34],"tags":[],"class_list":{"0":"post-213882","1":"post","2":"type-post","3":"status-publish","4":"format-standard","5":"has-post-thumbnail","7":"category-principal"},"yoast_head":"<!-- This site is optimized with the Yoast SEO plugin v27.2 - https:\/\/yoast.com\/product\/yoast-seo-wordpress\/ -->\n<title>Luis Caputo defendi\u00f3 su plan econ\u00f3mico y asegur\u00f3 que la inflaci\u00f3n seguir\u00e1 bajando - Radio Infinita Goya<\/title>\n<meta name=\"description\" content=\"El ministro Luis Caputo asegur\u00f3 que la inflaci\u00f3n inici\u00f3 un camino descendente tras el pico de marzo y destac\u00f3 se\u00f1ales de recuperaci\u00f3n en la actividad. En\" \/>\n<meta name=\"robots\" content=\"index, follow, max-snippet:-1, max-image-preview:large, max-video-preview:-1\" \/>\n<link rel=\"canonical\" href=\"https:\/\/radioinfinitagoya.com.ar\/v1\/2026\/04\/28\/luis-caputo-defendio-su-plan-economico-y-aseguro-que-la-inflacion-seguira-bajando\/\" \/>\n<meta property=\"og:locale\" content=\"es_ES\" \/>\n<meta property=\"og:type\" content=\"article\" \/>\n<meta property=\"og:title\" content=\"Luis Caputo defendi\u00f3 su plan econ\u00f3mico y asegur\u00f3 que la inflaci\u00f3n seguir\u00e1 bajando - Radio Infinita Goya\" \/>\n<meta property=\"og:description\" content=\"El ministro Luis Caputo asegur\u00f3 que la inflaci\u00f3n inici\u00f3 un camino descendente tras el pico de marzo y destac\u00f3 se\u00f1ales de recuperaci\u00f3n en la actividad. En\" \/>\n<meta property=\"og:url\" content=\"https:\/\/radioinfinitagoya.com.ar\/v1\/2026\/04\/28\/luis-caputo-defendio-su-plan-economico-y-aseguro-que-la-inflacion-seguira-bajando\/\" \/>\n<meta property=\"og:site_name\" content=\"Radio Infinita Goya\" \/>\n<meta property=\"article:publisher\" content=\"https:\/\/www.facebook.com\/p\/Infinita-Goya-100063870918311\/\" \/>\n<meta property=\"article:published_time\" content=\"2026-04-28T19:52:41+00:00\" \/>\n<meta name=\"author\" content=\"Jorge Mi\u00f1o\" \/>\n<meta name=\"twitter:card\" content=\"summary_large_image\" \/>\n<meta name=\"twitter:label1\" content=\"Escrito por\" \/>\n\t<meta name=\"twitter:data1\" content=\"Jorge Mi\u00f1o\" \/>\n\t<meta name=\"twitter:label2\" content=\"Tiempo de lectura\" \/>\n\t<meta name=\"twitter:data2\" content=\"2 minutos\" \/>\n<script type=\"application\/ld+json\" class=\"yoast-schema-graph\">{\"@context\":\"https:\/\/schema.org\",\"@graph\":[{\"@type\":\"Article\",\"@id\":\"https:\/\/radioinfinitagoya.com.ar\/v1\/2026\/04\/28\/luis-caputo-defendio-su-plan-economico-y-aseguro-que-la-inflacion-seguira-bajando\/#article\",\"isPartOf\":{\"@id\":\"https:\/\/radioinfinitagoya.com.ar\/v1\/2026\/04\/28\/luis-caputo-defendio-su-plan-economico-y-aseguro-que-la-inflacion-seguira-bajando\/\"},\"author\":{\"name\":\"Jorge Mi\u00f1o\",\"@id\":\"https:\/\/radioinfinitagoya.com.ar\/v1\/#\/schema\/person\/d4cf9c413d4f6edb24aabdccab49ca4a\"},\"headline\":\"Luis Caputo defendi\u00f3 su plan econ\u00f3mico y asegur\u00f3 que la inflaci\u00f3n seguir\u00e1 bajando\",\"datePublished\":\"2026-04-28T19:52:41+00:00\",\"mainEntityOfPage\":{\"@id\":\"https:\/\/radioinfinitagoya.com.ar\/v1\/2026\/04\/28\/luis-caputo-defendio-su-plan-economico-y-aseguro-que-la-inflacion-seguira-bajando\/\"},\"wordCount\":375,\"commentCount\":0,\"publisher\":{\"@id\":\"https:\/\/radioinfinitagoya.com.ar\/v1\/#organization\"},\"image\":{\"@id\":\"https:\/\/radioinfinitagoya.com.ar\/v1\/2026\/04\/28\/luis-caputo-defendio-su-plan-economico-y-aseguro-que-la-inflacion-seguira-bajando\/#primaryimage\"},\"thumbnailUrl\":\"https:\/\/radioinfinitagoya.com.ar\/v1\/wp-content\/uploads\/2026\/04\/ZFYBZKHEJ5DATFCKBH6L76VMCU.avif\",\"articleSection\":[\"PRINCIPAL\"],\"inLanguage\":\"es-AR\",\"potentialAction\":[{\"@type\":\"CommentAction\",\"name\":\"Comment\",\"target\":[\"https:\/\/radioinfinitagoya.com.ar\/v1\/2026\/04\/28\/luis-caputo-defendio-su-plan-economico-y-aseguro-que-la-inflacion-seguira-bajando\/#respond\"]}]},{\"@type\":\"WebPage\",\"@id\":\"https:\/\/radioinfinitagoya.com.ar\/v1\/2026\/04\/28\/luis-caputo-defendio-su-plan-economico-y-aseguro-que-la-inflacion-seguira-bajando\/\",\"url\":\"https:\/\/radioinfinitagoya.com.ar\/v1\/2026\/04\/28\/luis-caputo-defendio-su-plan-economico-y-aseguro-que-la-inflacion-seguira-bajando\/\",\"name\":\"Luis Caputo defendi\u00f3 su plan econ\u00f3mico y asegur\u00f3 que la inflaci\u00f3n seguir\u00e1 bajando - Radio Infinita Goya\",\"isPartOf\":{\"@id\":\"https:\/\/radioinfinitagoya.com.ar\/v1\/#website\"},\"primaryImageOfPage\":{\"@id\":\"https:\/\/radioinfinitagoya.com.ar\/v1\/2026\/04\/28\/luis-caputo-defendio-su-plan-economico-y-aseguro-que-la-inflacion-seguira-bajando\/#primaryimage\"},\"image\":{\"@id\":\"https:\/\/radioinfinitagoya.com.ar\/v1\/2026\/04\/28\/luis-caputo-defendio-su-plan-economico-y-aseguro-que-la-inflacion-seguira-bajando\/#primaryimage\"},\"thumbnailUrl\":\"https:\/\/radioinfinitagoya.com.ar\/v1\/wp-content\/uploads\/2026\/04\/ZFYBZKHEJ5DATFCKBH6L76VMCU.avif\",\"datePublished\":\"2026-04-28T19:52:41+00:00\",\"description\":\"El ministro Luis Caputo asegur\u00f3 que la inflaci\u00f3n inici\u00f3 un camino descendente tras el pico de marzo y destac\u00f3 se\u00f1ales de recuperaci\u00f3n en la actividad. En\",\"breadcrumb\":{\"@id\":\"https:\/\/radioinfinitagoya.com.ar\/v1\/2026\/04\/28\/luis-caputo-defendio-su-plan-economico-y-aseguro-que-la-inflacion-seguira-bajando\/#breadcrumb\"},\"inLanguage\":\"es-AR\",\"potentialAction\":[{\"@type\":\"ReadAction\",\"target\":[\"https:\/\/radioinfinitagoya.com.ar\/v1\/2026\/04\/28\/luis-caputo-defendio-su-plan-economico-y-aseguro-que-la-inflacion-seguira-bajando\/\"]}]},{\"@type\":\"ImageObject\",\"inLanguage\":\"es-AR\",\"@id\":\"https:\/\/radioinfinitagoya.com.ar\/v1\/2026\/04\/28\/luis-caputo-defendio-su-plan-economico-y-aseguro-que-la-inflacion-seguira-bajando\/#primaryimage\",\"url\":\"https:\/\/radioinfinitagoya.com.ar\/v1\/wp-content\/uploads\/2026\/04\/ZFYBZKHEJ5DATFCKBH6L76VMCU.avif\",\"contentUrl\":\"https:\/\/radioinfinitagoya.com.ar\/v1\/wp-content\/uploads\/2026\/04\/ZFYBZKHEJ5DATFCKBH6L76VMCU.avif\",\"width\":1440,\"height\":720},{\"@type\":\"BreadcrumbList\",\"@id\":\"https:\/\/radioinfinitagoya.com.ar\/v1\/2026\/04\/28\/luis-caputo-defendio-su-plan-economico-y-aseguro-que-la-inflacion-seguira-bajando\/#breadcrumb\",\"itemListElement\":[{\"@type\":\"ListItem\",\"position\":1,\"name\":\"Inicio\",\"item\":\"https:\/\/radioinfinitagoya.com.ar\/v1\/\"},{\"@type\":\"ListItem\",\"position\":2,\"name\":\"Luis Caputo defendi\u00f3 su plan econ\u00f3mico y asegur\u00f3 que la inflaci\u00f3n seguir\u00e1 bajando\"}]},{\"@type\":\"WebSite\",\"@id\":\"https:\/\/radioinfinitagoya.com.ar\/v1\/#website\",\"url\":\"https:\/\/radioinfinitagoya.com.ar\/v1\/\",\"name\":\"radioinfinitagoya.com.ar\",\"description\":\"Radio de noticias\",\"publisher\":{\"@id\":\"https:\/\/radioinfinitagoya.com.ar\/v1\/#organization\"},\"potentialAction\":[{\"@type\":\"SearchAction\",\"target\":{\"@type\":\"EntryPoint\",\"urlTemplate\":\"https:\/\/radioinfinitagoya.com.ar\/v1\/?s={search_term_string}\"},\"query-input\":{\"@type\":\"PropertyValueSpecification\",\"valueRequired\":true,\"valueName\":\"search_term_string\"}}],\"inLanguage\":\"es-AR\"},{\"@type\":\"Organization\",\"@id\":\"https:\/\/radioinfinitagoya.com.ar\/v1\/#organization\",\"name\":\"Radio Infinita Goya\",\"url\":\"https:\/\/radioinfinitagoya.com.ar\/v1\/\",\"logo\":{\"@type\":\"ImageObject\",\"inLanguage\":\"es-AR\",\"@id\":\"https:\/\/radioinfinitagoya.com.ar\/v1\/#\/schema\/logo\/image\/\",\"url\":\"https:\/\/radioinfinitagoya.com.ar\/v1\/wp-content\/uploads\/2019\/11\/logo-pie-web.png\",\"contentUrl\":\"https:\/\/radioinfinitagoya.com.ar\/v1\/wp-content\/uploads\/2019\/11\/logo-pie-web.png\",\"width\":635,\"height\":326,\"caption\":\"Radio Infinita Goya\"},\"image\":{\"@id\":\"https:\/\/radioinfinitagoya.com.ar\/v1\/#\/schema\/logo\/image\/\"},\"sameAs\":[\"https:\/\/www.facebook.com\/p\/Infinita-Goya-100063870918311\/\"]},{\"@type\":\"Person\",\"@id\":\"https:\/\/radioinfinitagoya.com.ar\/v1\/#\/schema\/person\/d4cf9c413d4f6edb24aabdccab49ca4a\",\"name\":\"Jorge Mi\u00f1o\",\"image\":{\"@type\":\"ImageObject\",\"inLanguage\":\"es-AR\",\"@id\":\"https:\/\/secure.gravatar.com\/avatar\/910fcf6728fe95320e07a6643c1581fec1c7fc4bf8ae12e3d8f0d0373dc844be?s=96&d=mm&r=g\",\"url\":\"https:\/\/secure.gravatar.com\/avatar\/910fcf6728fe95320e07a6643c1581fec1c7fc4bf8ae12e3d8f0d0373dc844be?s=96&d=mm&r=g\",\"contentUrl\":\"https:\/\/secure.gravatar.com\/avatar\/910fcf6728fe95320e07a6643c1581fec1c7fc4bf8ae12e3d8f0d0373dc844be?s=96&d=mm&r=g\",\"caption\":\"Jorge Mi\u00f1o\"},\"sameAs\":[\"http:\/\/radioinfinitagoya.com.ar\"]}]}<\/script>\n<!-- \/ Yoast SEO plugin. -->","yoast_head_json":{"title":"Luis Caputo defendi\u00f3 su plan econ\u00f3mico y asegur\u00f3 que la inflaci\u00f3n seguir\u00e1 bajando - Radio Infinita Goya","description":"El ministro Luis Caputo asegur\u00f3 que la inflaci\u00f3n inici\u00f3 un camino descendente tras el pico de marzo y destac\u00f3 se\u00f1ales de recuperaci\u00f3n en la actividad. En","robots":{"index":"index","follow":"follow","max-snippet":"max-snippet:-1","max-image-preview":"max-image-preview:large","max-video-preview":"max-video-preview:-1"},"canonical":"https:\/\/radioinfinitagoya.com.ar\/v1\/2026\/04\/28\/luis-caputo-defendio-su-plan-economico-y-aseguro-que-la-inflacion-seguira-bajando\/","og_locale":"es_ES","og_type":"article","og_title":"Luis Caputo defendi\u00f3 su plan econ\u00f3mico y asegur\u00f3 que la inflaci\u00f3n seguir\u00e1 bajando - Radio Infinita Goya","og_description":"El ministro Luis Caputo asegur\u00f3 que la inflaci\u00f3n inici\u00f3 un camino descendente tras el pico de marzo y destac\u00f3 se\u00f1ales de recuperaci\u00f3n en la actividad. En","og_url":"https:\/\/radioinfinitagoya.com.ar\/v1\/2026\/04\/28\/luis-caputo-defendio-su-plan-economico-y-aseguro-que-la-inflacion-seguira-bajando\/","og_site_name":"Radio Infinita Goya","article_publisher":"https:\/\/www.facebook.com\/p\/Infinita-Goya-100063870918311\/","article_published_time":"2026-04-28T19:52:41+00:00","author":"Jorge Mi\u00f1o","twitter_card":"summary_large_image","twitter_misc":{"Escrito por":"Jorge Mi\u00f1o","Tiempo de lectura":"2 minutos"},"schema":{"@context":"https:\/\/schema.org","@graph":[{"@type":"Article","@id":"https:\/\/radioinfinitagoya.com.ar\/v1\/2026\/04\/28\/luis-caputo-defendio-su-plan-economico-y-aseguro-que-la-inflacion-seguira-bajando\/#article","isPartOf":{"@id":"https:\/\/radioinfinitagoya.com.ar\/v1\/2026\/04\/28\/luis-caputo-defendio-su-plan-economico-y-aseguro-que-la-inflacion-seguira-bajando\/"},"author":{"name":"Jorge Mi\u00f1o","@id":"https:\/\/radioinfinitagoya.com.ar\/v1\/#\/schema\/person\/d4cf9c413d4f6edb24aabdccab49ca4a"},"headline":"Luis Caputo defendi\u00f3 su plan econ\u00f3mico y asegur\u00f3 que la inflaci\u00f3n seguir\u00e1 bajando","datePublished":"2026-04-28T19:52:41+00:00","mainEntityOfPage":{"@id":"https:\/\/radioinfinitagoya.com.ar\/v1\/2026\/04\/28\/luis-caputo-defendio-su-plan-economico-y-aseguro-que-la-inflacion-seguira-bajando\/"},"wordCount":375,"commentCount":0,"publisher":{"@id":"https:\/\/radioinfinitagoya.com.ar\/v1\/#organization"},"image":{"@id":"https:\/\/radioinfinitagoya.com.ar\/v1\/2026\/04\/28\/luis-caputo-defendio-su-plan-economico-y-aseguro-que-la-inflacion-seguira-bajando\/#primaryimage"},"thumbnailUrl":"https:\/\/radioinfinitagoya.com.ar\/v1\/wp-content\/uploads\/2026\/04\/ZFYBZKHEJ5DATFCKBH6L76VMCU.avif","articleSection":["PRINCIPAL"],"inLanguage":"es-AR","potentialAction":[{"@type":"CommentAction","name":"Comment","target":["https:\/\/radioinfinitagoya.com.ar\/v1\/2026\/04\/28\/luis-caputo-defendio-su-plan-economico-y-aseguro-que-la-inflacion-seguira-bajando\/#respond"]}]},{"@type":"WebPage","@id":"https:\/\/radioinfinitagoya.com.ar\/v1\/2026\/04\/28\/luis-caputo-defendio-su-plan-economico-y-aseguro-que-la-inflacion-seguira-bajando\/","url":"https:\/\/radioinfinitagoya.com.ar\/v1\/2026\/04\/28\/luis-caputo-defendio-su-plan-economico-y-aseguro-que-la-inflacion-seguira-bajando\/","name":"Luis Caputo defendi\u00f3 su plan econ\u00f3mico y asegur\u00f3 que la inflaci\u00f3n seguir\u00e1 bajando - Radio Infinita Goya","isPartOf":{"@id":"https:\/\/radioinfinitagoya.com.ar\/v1\/#website"},"primaryImageOfPage":{"@id":"https:\/\/radioinfinitagoya.com.ar\/v1\/2026\/04\/28\/luis-caputo-defendio-su-plan-economico-y-aseguro-que-la-inflacion-seguira-bajando\/#primaryimage"},"image":{"@id":"https:\/\/radioinfinitagoya.com.ar\/v1\/2026\/04\/28\/luis-caputo-defendio-su-plan-economico-y-aseguro-que-la-inflacion-seguira-bajando\/#primaryimage"},"thumbnailUrl":"https:\/\/radioinfinitagoya.com.ar\/v1\/wp-content\/uploads\/2026\/04\/ZFYBZKHEJ5DATFCKBH6L76VMCU.avif","datePublished":"2026-04-28T19:52:41+00:00","description":"El ministro Luis Caputo asegur\u00f3 que la inflaci\u00f3n inici\u00f3 un camino descendente tras el pico de marzo y destac\u00f3 se\u00f1ales de recuperaci\u00f3n en la actividad. En","breadcrumb":{"@id":"https:\/\/radioinfinitagoya.com.ar\/v1\/2026\/04\/28\/luis-caputo-defendio-su-plan-economico-y-aseguro-que-la-inflacion-seguira-bajando\/#breadcrumb"},"inLanguage":"es-AR","potentialAction":[{"@type":"ReadAction","target":["https:\/\/radioinfinitagoya.com.ar\/v1\/2026\/04\/28\/luis-caputo-defendio-su-plan-economico-y-aseguro-que-la-inflacion-seguira-bajando\/"]}]},{"@type":"ImageObject","inLanguage":"es-AR","@id":"https:\/\/radioinfinitagoya.com.ar\/v1\/2026\/04\/28\/luis-caputo-defendio-su-plan-economico-y-aseguro-que-la-inflacion-seguira-bajando\/#primaryimage","url":"https:\/\/radioinfinitagoya.com.ar\/v1\/wp-content\/uploads\/2026\/04\/ZFYBZKHEJ5DATFCKBH6L76VMCU.avif","contentUrl":"https:\/\/radioinfinitagoya.com.ar\/v1\/wp-content\/uploads\/2026\/04\/ZFYBZKHEJ5DATFCKBH6L76VMCU.avif","width":1440,"height":720},{"@type":"BreadcrumbList","@id":"https:\/\/radioinfinitagoya.com.ar\/v1\/2026\/04\/28\/luis-caputo-defendio-su-plan-economico-y-aseguro-que-la-inflacion-seguira-bajando\/#breadcrumb","itemListElement":[{"@type":"ListItem","position":1,"name":"Inicio","item":"https:\/\/radioinfinitagoya.com.ar\/v1\/"},{"@type":"ListItem","position":2,"name":"Luis Caputo defendi\u00f3 su plan econ\u00f3mico y asegur\u00f3 que la inflaci\u00f3n seguir\u00e1 bajando"}]},{"@type":"WebSite","@id":"https:\/\/radioinfinitagoya.com.ar\/v1\/#website","url":"https:\/\/radioinfinitagoya.com.ar\/v1\/","name":"radioinfinitagoya.com.ar","description":"Radio de noticias","publisher":{"@id":"https:\/\/radioinfinitagoya.com.ar\/v1\/#organization"},"potentialAction":[{"@type":"SearchAction","target":{"@type":"EntryPoint","urlTemplate":"https:\/\/radioinfinitagoya.com.ar\/v1\/?s={search_term_string}"},"query-input":{"@type":"PropertyValueSpecification","valueRequired":true,"valueName":"search_term_string"}}],"inLanguage":"es-AR"},{"@type":"Organization","@id":"https:\/\/radioinfinitagoya.com.ar\/v1\/#organization","name":"Radio Infinita Goya","url":"https:\/\/radioinfinitagoya.com.ar\/v1\/","logo":{"@type":"ImageObject","inLanguage":"es-AR","@id":"https:\/\/radioinfinitagoya.com.ar\/v1\/#\/schema\/logo\/image\/","url":"https:\/\/radioinfinitagoya.com.ar\/v1\/wp-content\/uploads\/2019\/11\/logo-pie-web.png","contentUrl":"https:\/\/radioinfinitagoya.com.ar\/v1\/wp-content\/uploads\/2019\/11\/logo-pie-web.png","width":635,"height":326,"caption":"Radio Infinita Goya"},"image":{"@id":"https:\/\/radioinfinitagoya.com.ar\/v1\/#\/schema\/logo\/image\/"},"sameAs":["https:\/\/www.facebook.com\/p\/Infinita-Goya-100063870918311\/"]},{"@type":"Person","@id":"https:\/\/radioinfinitagoya.com.ar\/v1\/#\/schema\/person\/d4cf9c413d4f6edb24aabdccab49ca4a","name":"Jorge Mi\u00f1o","image":{"@type":"ImageObject","inLanguage":"es-AR","@id":"https:\/\/secure.gravatar.com\/avatar\/910fcf6728fe95320e07a6643c1581fec1c7fc4bf8ae12e3d8f0d0373dc844be?s=96&d=mm&r=g","url":"https:\/\/secure.gravatar.com\/avatar\/910fcf6728fe95320e07a6643c1581fec1c7fc4bf8ae12e3d8f0d0373dc844be?s=96&d=mm&r=g","contentUrl":"https:\/\/secure.gravatar.com\/avatar\/910fcf6728fe95320e07a6643c1581fec1c7fc4bf8ae12e3d8f0d0373dc844be?s=96&d=mm&r=g","caption":"Jorge Mi\u00f1o"},"sameAs":["http:\/\/radioinfinitagoya.com.ar"]}]}},"_links":{"self":[{"href":"https:\/\/radioinfinitagoya.com.ar\/v1\/wp-json\/wp\/v2\/posts\/213882","targetHints":{"allow":["GET"]}}],"collection":[{"href":"https:\/\/radioinfinitagoya.com.ar\/v1\/wp-json\/wp\/v2\/posts"}],"about":[{"href":"https:\/\/radioinfinitagoya.com.ar\/v1\/wp-json\/wp\/v2\/types\/post"}],"author":[{"embeddable":true,"href":"https:\/\/radioinfinitagoya.com.ar\/v1\/wp-json\/wp\/v2\/users\/4"}],"replies":[{"embeddable":true,"href":"https:\/\/radioinfinitagoya.com.ar\/v1\/wp-json\/wp\/v2\/comments?post=213882"}],"version-history":[{"count":1,"href":"https:\/\/radioinfinitagoya.com.ar\/v1\/wp-json\/wp\/v2\/posts\/213882\/revisions"}],"predecessor-version":[{"id":213884,"href":"https:\/\/radioinfinitagoya.com.ar\/v1\/wp-json\/wp\/v2\/posts\/213882\/revisions\/213884"}],"wp:featuredmedia":[{"embeddable":true,"href":"https:\/\/radioinfinitagoya.com.ar\/v1\/wp-json\/wp\/v2\/media\/213883"}],"wp:attachment":[{"href":"https:\/\/radioinfinitagoya.com.ar\/v1\/wp-json\/wp\/v2\/media?parent=213882"}],"wp:term":[{"taxonomy":"category","embeddable":true,"href":"https:\/\/radioinfinitagoya.com.ar\/v1\/wp-json\/wp\/v2\/categories?post=213882"},{"taxonomy":"post_tag","embeddable":true,"href":"https:\/\/radioinfinitagoya.com.ar\/v1\/wp-json\/wp\/v2\/tags?post=213882"}],"curies":[{"name":"wp","href":"https:\/\/api.w.org\/{rel}","templated":true}]}}