{"id":213885,"date":"2026-04-28T16:56:01","date_gmt":"2026-04-28T19:56:01","guid":{"rendered":"https:\/\/radioinfinitagoya.com.ar\/v1\/?p=213885"},"modified":"2026-04-28T17:25:46","modified_gmt":"2026-04-28T20:25:46","slug":"donald-trump-con-el-rey-carlos-iii-por-las-islas-malvinas","status":"publish","type":"post","link":"https:\/\/radioinfinitagoya.com.ar\/v1\/2026\/04\/28\/donald-trump-con-el-rey-carlos-iii-por-las-islas-malvinas\/","title":{"rendered":"Donald Trump con el rey Carlos III por las Islas Malvinas"},"content":{"rendered":"<p>\u201cNo tenemos amigos m\u00e1s cercanos que los brit\u00e1nicos\u201d<\/p>\n<p>Donald Trump reafirm\u00f3 su alianza con el Reino Unido al recibir al rey Carlos III, en medio de tensiones por las Islas Malvinas.<\/p>\n<p>&nbsp;<\/p>\n<p>En medio de tensiones diplom\u00e1ticas, Donald Trump recibi\u00f3 al rey Carlos III con un mensaje de fuerte respaldo al v\u00ednculo bilateral. El gesto, que incluy\u00f3 elogios y llamados a sostener la \u201crelaci\u00f3n especial\u201d.<\/p>\n<p>El gesto de Donald Trump con el rey Carlos III en plena tensi\u00f3n por las Islas Malvinas<br \/>\nEl presidente de Estados Unidos, Donald Trump, sorprendi\u00f3 con un gesto hacia el Reino Unido al recibir en la Casa Blanca al rey Carlos III.<\/p>\n<p>En su discurso de bienvenida, asegur\u00f3 que su pa\u00eds \u201cno tiene amigos m\u00e1s cercanos que los brit\u00e1nicos\u201d, en un contexto marcado por tensiones recientes tanto por el conflicto en Medio Oriente como por la cuesti\u00f3n de las Islas Malvinas.<\/p>\n<p>La ceremonia incluy\u00f3 honores formales, como una salva de 21 ca\u00f1onazos, y un tono conciliador que contrast\u00f3 con declaraciones previas del mandatario republicano, quien hab\u00eda criticado al gobierno brit\u00e1nico por no alinearse con Washington en el conflicto con Ir\u00e1n.<\/p>\n<p>Durante su mensaje, Trump destac\u00f3 la hist\u00f3rica \u201crelaci\u00f3n especial\u201d entre ambos pa\u00edses y elogi\u00f3 el rol de las fuerzas brit\u00e1nicas en operaciones conjuntas con Estados Unidos.<\/p>\n<p>La visita clave del rey Carlos III para recomponer la relaci\u00f3n con Estados Unidos<br \/>\nLa llegada de Carlos III a Washington, acompa\u00f1ado por la reina consorte, se extendi\u00f3 por cuatro d\u00edas e incluy\u00f3 reuniones protocolares, recorridas oficiales y una cena de Estado organizada por el gobierno estadounidense.<\/p>\n<p>El viaje ten\u00eda como objetivo inicial conmemorar los 250 a\u00f1os de la independencia de Estados Unidos, pero qued\u00f3 atravesado por diferencias pol\u00edticas recientes.<\/p>\n<p>A sus 77 a\u00f1os, el monarca brit\u00e1nico asumi\u00f3 un rol activo en la b\u00fasqueda de acercamiento, con una agenda que incluy\u00f3 un discurso ante el Congreso y mensajes orientados a la \u201creconciliaci\u00f3n\u201d entre ambos pa\u00edses.<\/p>\n","protected":false},"excerpt":{"rendered":"<p>\u201cNo tenemos amigos m\u00e1s cercanos que los brit\u00e1nicos\u201d Donald Trump reafirm\u00f3 su alianza con el Reino Unido al recibir al rey Carlos III, en medio de tensiones por las Islas Malvinas. &nbsp; En medio de tensiones diplom\u00e1ticas, Donald Trump recibi\u00f3 al rey Carlos III con un mensaje de fuerte respaldo al v\u00ednculo bilateral. El gesto, [&hellip;]<\/p>\n","protected":false},"author":4,"featured_media":213886,"comment_status":"open","ping_status":"open","sticky":false,"template":"","format":"standard","meta":{"_joinchat":[],"footnotes":""},"categories":[25,1],"tags":[],"class_list":{"0":"post-213885","1":"post","2":"type-post","3":"status-publish","4":"format-standard","5":"has-post-thumbnail","7":"category-destacados","8":"category-sin-categoria"},"yoast_head":"<!-- This site is optimized with the Yoast SEO plugin v27.2 - https:\/\/yoast.com\/product\/yoast-seo-wordpress\/ -->\n<title>Donald Trump con el rey Carlos III por las Islas Malvinas - Radio Infinita Goya<\/title>\n<meta name=\"description\" content=\"\u201cNo tenemos amigos m\u00e1s cercanos que los brit\u00e1nicos\u201d Donald Trump reafirm\u00f3 su alianza con el Reino Unido al recibir al rey Carlos III, en medio de\" \/>\n<meta name=\"robots\" content=\"index, follow, max-snippet:-1, max-image-preview:large, max-video-preview:-1\" \/>\n<link rel=\"canonical\" href=\"https:\/\/radioinfinitagoya.com.ar\/v1\/2026\/04\/28\/donald-trump-con-el-rey-carlos-iii-por-las-islas-malvinas\/\" \/>\n<meta property=\"og:locale\" content=\"es_ES\" \/>\n<meta property=\"og:type\" content=\"article\" \/>\n<meta property=\"og:title\" content=\"Donald Trump con el rey Carlos III por las Islas Malvinas - Radio Infinita Goya\" \/>\n<meta property=\"og:description\" content=\"\u201cNo tenemos amigos m\u00e1s cercanos que los brit\u00e1nicos\u201d Donald Trump reafirm\u00f3 su alianza con el Reino Unido al recibir al rey Carlos III, en medio de\" \/>\n<meta property=\"og:url\" content=\"https:\/\/radioinfinitagoya.com.ar\/v1\/2026\/04\/28\/donald-trump-con-el-rey-carlos-iii-por-las-islas-malvinas\/\" \/>\n<meta property=\"og:site_name\" content=\"Radio Infinita Goya\" \/>\n<meta property=\"article:publisher\" content=\"https:\/\/www.facebook.com\/p\/Infinita-Goya-100063870918311\/\" \/>\n<meta property=\"article:published_time\" content=\"2026-04-28T19:56:01+00:00\" \/>\n<meta property=\"article:modified_time\" content=\"2026-04-28T20:25:46+00:00\" \/>\n<meta name=\"author\" content=\"Jorge Mi\u00f1o\" \/>\n<meta name=\"twitter:card\" content=\"summary_large_image\" \/>\n<meta name=\"twitter:label1\" content=\"Escrito por\" \/>\n\t<meta name=\"twitter:data1\" content=\"Jorge Mi\u00f1o\" \/>\n\t<meta name=\"twitter:label2\" content=\"Tiempo de lectura\" \/>\n\t<meta name=\"twitter:data2\" content=\"2 minutos\" \/>\n<script type=\"application\/ld+json\" class=\"yoast-schema-graph\">{\"@context\":\"https:\/\/schema.org\",\"@graph\":[{\"@type\":\"Article\",\"@id\":\"https:\/\/radioinfinitagoya.com.ar\/v1\/2026\/04\/28\/donald-trump-con-el-rey-carlos-iii-por-las-islas-malvinas\/#article\",\"isPartOf\":{\"@id\":\"https:\/\/radioinfinitagoya.com.ar\/v1\/2026\/04\/28\/donald-trump-con-el-rey-carlos-iii-por-las-islas-malvinas\/\"},\"author\":{\"name\":\"Jorge Mi\u00f1o\",\"@id\":\"https:\/\/radioinfinitagoya.com.ar\/v1\/#\/schema\/person\/d4cf9c413d4f6edb24aabdccab49ca4a\"},\"headline\":\"Donald Trump con el rey Carlos III por las Islas Malvinas\",\"datePublished\":\"2026-04-28T19:56:01+00:00\",\"dateModified\":\"2026-04-28T20:25:46+00:00\",\"mainEntityOfPage\":{\"@id\":\"https:\/\/radioinfinitagoya.com.ar\/v1\/2026\/04\/28\/donald-trump-con-el-rey-carlos-iii-por-las-islas-malvinas\/\"},\"wordCount\":353,\"commentCount\":0,\"publisher\":{\"@id\":\"https:\/\/radioinfinitagoya.com.ar\/v1\/#organization\"},\"image\":{\"@id\":\"https:\/\/radioinfinitagoya.com.ar\/v1\/2026\/04\/28\/donald-trump-con-el-rey-carlos-iii-por-las-islas-malvinas\/#primaryimage\"},\"thumbnailUrl\":\"https:\/\/radioinfinitagoya.com.ar\/v1\/wp-content\/uploads\/2026\/04\/3VYCZYONQVHTBBTHUV4B77TIPQ.avif\",\"articleSection\":[\"DESTACADOS\"],\"inLanguage\":\"es-AR\",\"potentialAction\":[{\"@type\":\"CommentAction\",\"name\":\"Comment\",\"target\":[\"https:\/\/radioinfinitagoya.com.ar\/v1\/2026\/04\/28\/donald-trump-con-el-rey-carlos-iii-por-las-islas-malvinas\/#respond\"]}]},{\"@type\":\"WebPage\",\"@id\":\"https:\/\/radioinfinitagoya.com.ar\/v1\/2026\/04\/28\/donald-trump-con-el-rey-carlos-iii-por-las-islas-malvinas\/\",\"url\":\"https:\/\/radioinfinitagoya.com.ar\/v1\/2026\/04\/28\/donald-trump-con-el-rey-carlos-iii-por-las-islas-malvinas\/\",\"name\":\"Donald Trump con el rey Carlos III por las Islas Malvinas - Radio Infinita Goya\",\"isPartOf\":{\"@id\":\"https:\/\/radioinfinitagoya.com.ar\/v1\/#website\"},\"primaryImageOfPage\":{\"@id\":\"https:\/\/radioinfinitagoya.com.ar\/v1\/2026\/04\/28\/donald-trump-con-el-rey-carlos-iii-por-las-islas-malvinas\/#primaryimage\"},\"image\":{\"@id\":\"https:\/\/radioinfinitagoya.com.ar\/v1\/2026\/04\/28\/donald-trump-con-el-rey-carlos-iii-por-las-islas-malvinas\/#primaryimage\"},\"thumbnailUrl\":\"https:\/\/radioinfinitagoya.com.ar\/v1\/wp-content\/uploads\/2026\/04\/3VYCZYONQVHTBBTHUV4B77TIPQ.avif\",\"datePublished\":\"2026-04-28T19:56:01+00:00\",\"dateModified\":\"2026-04-28T20:25:46+00:00\",\"description\":\"\u201cNo tenemos amigos m\u00e1s cercanos que los brit\u00e1nicos\u201d Donald Trump reafirm\u00f3 su alianza con el Reino Unido al recibir al rey Carlos III, en medio de\",\"breadcrumb\":{\"@id\":\"https:\/\/radioinfinitagoya.com.ar\/v1\/2026\/04\/28\/donald-trump-con-el-rey-carlos-iii-por-las-islas-malvinas\/#breadcrumb\"},\"inLanguage\":\"es-AR\",\"potentialAction\":[{\"@type\":\"ReadAction\",\"target\":[\"https:\/\/radioinfinitagoya.com.ar\/v1\/2026\/04\/28\/donald-trump-con-el-rey-carlos-iii-por-las-islas-malvinas\/\"]}]},{\"@type\":\"ImageObject\",\"inLanguage\":\"es-AR\",\"@id\":\"https:\/\/radioinfinitagoya.com.ar\/v1\/2026\/04\/28\/donald-trump-con-el-rey-carlos-iii-por-las-islas-malvinas\/#primaryimage\",\"url\":\"https:\/\/radioinfinitagoya.com.ar\/v1\/wp-content\/uploads\/2026\/04\/3VYCZYONQVHTBBTHUV4B77TIPQ.avif\",\"contentUrl\":\"https:\/\/radioinfinitagoya.com.ar\/v1\/wp-content\/uploads\/2026\/04\/3VYCZYONQVHTBBTHUV4B77TIPQ.avif\",\"width\":1440,\"height\":720},{\"@type\":\"BreadcrumbList\",\"@id\":\"https:\/\/radioinfinitagoya.com.ar\/v1\/2026\/04\/28\/donald-trump-con-el-rey-carlos-iii-por-las-islas-malvinas\/#breadcrumb\",\"itemListElement\":[{\"@type\":\"ListItem\",\"position\":1,\"name\":\"Inicio\",\"item\":\"https:\/\/radioinfinitagoya.com.ar\/v1\/\"},{\"@type\":\"ListItem\",\"position\":2,\"name\":\"Donald Trump con el rey Carlos III por las Islas Malvinas\"}]},{\"@type\":\"WebSite\",\"@id\":\"https:\/\/radioinfinitagoya.com.ar\/v1\/#website\",\"url\":\"https:\/\/radioinfinitagoya.com.ar\/v1\/\",\"name\":\"radioinfinitagoya.com.ar\",\"description\":\"Radio de noticias\",\"publisher\":{\"@id\":\"https:\/\/radioinfinitagoya.com.ar\/v1\/#organization\"},\"potentialAction\":[{\"@type\":\"SearchAction\",\"target\":{\"@type\":\"EntryPoint\",\"urlTemplate\":\"https:\/\/radioinfinitagoya.com.ar\/v1\/?s={search_term_string}\"},\"query-input\":{\"@type\":\"PropertyValueSpecification\",\"valueRequired\":true,\"valueName\":\"search_term_string\"}}],\"inLanguage\":\"es-AR\"},{\"@type\":\"Organization\",\"@id\":\"https:\/\/radioinfinitagoya.com.ar\/v1\/#organization\",\"name\":\"Radio Infinita Goya\",\"url\":\"https:\/\/radioinfinitagoya.com.ar\/v1\/\",\"logo\":{\"@type\":\"ImageObject\",\"inLanguage\":\"es-AR\",\"@id\":\"https:\/\/radioinfinitagoya.com.ar\/v1\/#\/schema\/logo\/image\/\",\"url\":\"https:\/\/radioinfinitagoya.com.ar\/v1\/wp-content\/uploads\/2019\/11\/logo-pie-web.png\",\"contentUrl\":\"https:\/\/radioinfinitagoya.com.ar\/v1\/wp-content\/uploads\/2019\/11\/logo-pie-web.png\",\"width\":635,\"height\":326,\"caption\":\"Radio Infinita Goya\"},\"image\":{\"@id\":\"https:\/\/radioinfinitagoya.com.ar\/v1\/#\/schema\/logo\/image\/\"},\"sameAs\":[\"https:\/\/www.facebook.com\/p\/Infinita-Goya-100063870918311\/\"]},{\"@type\":\"Person\",\"@id\":\"https:\/\/radioinfinitagoya.com.ar\/v1\/#\/schema\/person\/d4cf9c413d4f6edb24aabdccab49ca4a\",\"name\":\"Jorge Mi\u00f1o\",\"image\":{\"@type\":\"ImageObject\",\"inLanguage\":\"es-AR\",\"@id\":\"https:\/\/secure.gravatar.com\/avatar\/910fcf6728fe95320e07a6643c1581fec1c7fc4bf8ae12e3d8f0d0373dc844be?s=96&d=mm&r=g\",\"url\":\"https:\/\/secure.gravatar.com\/avatar\/910fcf6728fe95320e07a6643c1581fec1c7fc4bf8ae12e3d8f0d0373dc844be?s=96&d=mm&r=g\",\"contentUrl\":\"https:\/\/secure.gravatar.com\/avatar\/910fcf6728fe95320e07a6643c1581fec1c7fc4bf8ae12e3d8f0d0373dc844be?s=96&d=mm&r=g\",\"caption\":\"Jorge Mi\u00f1o\"},\"sameAs\":[\"http:\/\/radioinfinitagoya.com.ar\"]}]}<\/script>\n<!-- \/ Yoast SEO plugin. -->","yoast_head_json":{"title":"Donald Trump con el rey Carlos III por las Islas Malvinas - Radio Infinita Goya","description":"\u201cNo tenemos amigos m\u00e1s cercanos que los brit\u00e1nicos\u201d Donald Trump reafirm\u00f3 su alianza con el Reino Unido al recibir al rey Carlos III, en medio de","robots":{"index":"index","follow":"follow","max-snippet":"max-snippet:-1","max-image-preview":"max-image-preview:large","max-video-preview":"max-video-preview:-1"},"canonical":"https:\/\/radioinfinitagoya.com.ar\/v1\/2026\/04\/28\/donald-trump-con-el-rey-carlos-iii-por-las-islas-malvinas\/","og_locale":"es_ES","og_type":"article","og_title":"Donald Trump con el rey Carlos III por las Islas Malvinas - Radio Infinita Goya","og_description":"\u201cNo tenemos amigos m\u00e1s cercanos que los brit\u00e1nicos\u201d Donald Trump reafirm\u00f3 su alianza con el Reino Unido al recibir al rey Carlos III, en medio de","og_url":"https:\/\/radioinfinitagoya.com.ar\/v1\/2026\/04\/28\/donald-trump-con-el-rey-carlos-iii-por-las-islas-malvinas\/","og_site_name":"Radio Infinita Goya","article_publisher":"https:\/\/www.facebook.com\/p\/Infinita-Goya-100063870918311\/","article_published_time":"2026-04-28T19:56:01+00:00","article_modified_time":"2026-04-28T20:25:46+00:00","author":"Jorge Mi\u00f1o","twitter_card":"summary_large_image","twitter_misc":{"Escrito por":"Jorge Mi\u00f1o","Tiempo de lectura":"2 minutos"},"schema":{"@context":"https:\/\/schema.org","@graph":[{"@type":"Article","@id":"https:\/\/radioinfinitagoya.com.ar\/v1\/2026\/04\/28\/donald-trump-con-el-rey-carlos-iii-por-las-islas-malvinas\/#article","isPartOf":{"@id":"https:\/\/radioinfinitagoya.com.ar\/v1\/2026\/04\/28\/donald-trump-con-el-rey-carlos-iii-por-las-islas-malvinas\/"},"author":{"name":"Jorge Mi\u00f1o","@id":"https:\/\/radioinfinitagoya.com.ar\/v1\/#\/schema\/person\/d4cf9c413d4f6edb24aabdccab49ca4a"},"headline":"Donald Trump con el rey Carlos III por las Islas Malvinas","datePublished":"2026-04-28T19:56:01+00:00","dateModified":"2026-04-28T20:25:46+00:00","mainEntityOfPage":{"@id":"https:\/\/radioinfinitagoya.com.ar\/v1\/2026\/04\/28\/donald-trump-con-el-rey-carlos-iii-por-las-islas-malvinas\/"},"wordCount":353,"commentCount":0,"publisher":{"@id":"https:\/\/radioinfinitagoya.com.ar\/v1\/#organization"},"image":{"@id":"https:\/\/radioinfinitagoya.com.ar\/v1\/2026\/04\/28\/donald-trump-con-el-rey-carlos-iii-por-las-islas-malvinas\/#primaryimage"},"thumbnailUrl":"https:\/\/radioinfinitagoya.com.ar\/v1\/wp-content\/uploads\/2026\/04\/3VYCZYONQVHTBBTHUV4B77TIPQ.avif","articleSection":["DESTACADOS"],"inLanguage":"es-AR","potentialAction":[{"@type":"CommentAction","name":"Comment","target":["https:\/\/radioinfinitagoya.com.ar\/v1\/2026\/04\/28\/donald-trump-con-el-rey-carlos-iii-por-las-islas-malvinas\/#respond"]}]},{"@type":"WebPage","@id":"https:\/\/radioinfinitagoya.com.ar\/v1\/2026\/04\/28\/donald-trump-con-el-rey-carlos-iii-por-las-islas-malvinas\/","url":"https:\/\/radioinfinitagoya.com.ar\/v1\/2026\/04\/28\/donald-trump-con-el-rey-carlos-iii-por-las-islas-malvinas\/","name":"Donald Trump con el rey Carlos III por las Islas Malvinas - Radio Infinita Goya","isPartOf":{"@id":"https:\/\/radioinfinitagoya.com.ar\/v1\/#website"},"primaryImageOfPage":{"@id":"https:\/\/radioinfinitagoya.com.ar\/v1\/2026\/04\/28\/donald-trump-con-el-rey-carlos-iii-por-las-islas-malvinas\/#primaryimage"},"image":{"@id":"https:\/\/radioinfinitagoya.com.ar\/v1\/2026\/04\/28\/donald-trump-con-el-rey-carlos-iii-por-las-islas-malvinas\/#primaryimage"},"thumbnailUrl":"https:\/\/radioinfinitagoya.com.ar\/v1\/wp-content\/uploads\/2026\/04\/3VYCZYONQVHTBBTHUV4B77TIPQ.avif","datePublished":"2026-04-28T19:56:01+00:00","dateModified":"2026-04-28T20:25:46+00:00","description":"\u201cNo tenemos amigos m\u00e1s cercanos que los brit\u00e1nicos\u201d Donald Trump reafirm\u00f3 su alianza con el Reino Unido al recibir al rey Carlos III, en medio de","breadcrumb":{"@id":"https:\/\/radioinfinitagoya.com.ar\/v1\/2026\/04\/28\/donald-trump-con-el-rey-carlos-iii-por-las-islas-malvinas\/#breadcrumb"},"inLanguage":"es-AR","potentialAction":[{"@type":"ReadAction","target":["https:\/\/radioinfinitagoya.com.ar\/v1\/2026\/04\/28\/donald-trump-con-el-rey-carlos-iii-por-las-islas-malvinas\/"]}]},{"@type":"ImageObject","inLanguage":"es-AR","@id":"https:\/\/radioinfinitagoya.com.ar\/v1\/2026\/04\/28\/donald-trump-con-el-rey-carlos-iii-por-las-islas-malvinas\/#primaryimage","url":"https:\/\/radioinfinitagoya.com.ar\/v1\/wp-content\/uploads\/2026\/04\/3VYCZYONQVHTBBTHUV4B77TIPQ.avif","contentUrl":"https:\/\/radioinfinitagoya.com.ar\/v1\/wp-content\/uploads\/2026\/04\/3VYCZYONQVHTBBTHUV4B77TIPQ.avif","width":1440,"height":720},{"@type":"BreadcrumbList","@id":"https:\/\/radioinfinitagoya.com.ar\/v1\/2026\/04\/28\/donald-trump-con-el-rey-carlos-iii-por-las-islas-malvinas\/#breadcrumb","itemListElement":[{"@type":"ListItem","position":1,"name":"Inicio","item":"https:\/\/radioinfinitagoya.com.ar\/v1\/"},{"@type":"ListItem","position":2,"name":"Donald Trump con el rey Carlos III por las Islas Malvinas"}]},{"@type":"WebSite","@id":"https:\/\/radioinfinitagoya.com.ar\/v1\/#website","url":"https:\/\/radioinfinitagoya.com.ar\/v1\/","name":"radioinfinitagoya.com.ar","description":"Radio de noticias","publisher":{"@id":"https:\/\/radioinfinitagoya.com.ar\/v1\/#organization"},"potentialAction":[{"@type":"SearchAction","target":{"@type":"EntryPoint","urlTemplate":"https:\/\/radioinfinitagoya.com.ar\/v1\/?s={search_term_string}"},"query-input":{"@type":"PropertyValueSpecification","valueRequired":true,"valueName":"search_term_string"}}],"inLanguage":"es-AR"},{"@type":"Organization","@id":"https:\/\/radioinfinitagoya.com.ar\/v1\/#organization","name":"Radio Infinita Goya","url":"https:\/\/radioinfinitagoya.com.ar\/v1\/","logo":{"@type":"ImageObject","inLanguage":"es-AR","@id":"https:\/\/radioinfinitagoya.com.ar\/v1\/#\/schema\/logo\/image\/","url":"https:\/\/radioinfinitagoya.com.ar\/v1\/wp-content\/uploads\/2019\/11\/logo-pie-web.png","contentUrl":"https:\/\/radioinfinitagoya.com.ar\/v1\/wp-content\/uploads\/2019\/11\/logo-pie-web.png","width":635,"height":326,"caption":"Radio Infinita Goya"},"image":{"@id":"https:\/\/radioinfinitagoya.com.ar\/v1\/#\/schema\/logo\/image\/"},"sameAs":["https:\/\/www.facebook.com\/p\/Infinita-Goya-100063870918311\/"]},{"@type":"Person","@id":"https:\/\/radioinfinitagoya.com.ar\/v1\/#\/schema\/person\/d4cf9c413d4f6edb24aabdccab49ca4a","name":"Jorge Mi\u00f1o","image":{"@type":"ImageObject","inLanguage":"es-AR","@id":"https:\/\/secure.gravatar.com\/avatar\/910fcf6728fe95320e07a6643c1581fec1c7fc4bf8ae12e3d8f0d0373dc844be?s=96&d=mm&r=g","url":"https:\/\/secure.gravatar.com\/avatar\/910fcf6728fe95320e07a6643c1581fec1c7fc4bf8ae12e3d8f0d0373dc844be?s=96&d=mm&r=g","contentUrl":"https:\/\/secure.gravatar.com\/avatar\/910fcf6728fe95320e07a6643c1581fec1c7fc4bf8ae12e3d8f0d0373dc844be?s=96&d=mm&r=g","caption":"Jorge Mi\u00f1o"},"sameAs":["http:\/\/radioinfinitagoya.com.ar"]}]}},"_links":{"self":[{"href":"https:\/\/radioinfinitagoya.com.ar\/v1\/wp-json\/wp\/v2\/posts\/213885","targetHints":{"allow":["GET"]}}],"collection":[{"href":"https:\/\/radioinfinitagoya.com.ar\/v1\/wp-json\/wp\/v2\/posts"}],"about":[{"href":"https:\/\/radioinfinitagoya.com.ar\/v1\/wp-json\/wp\/v2\/types\/post"}],"author":[{"embeddable":true,"href":"https:\/\/radioinfinitagoya.com.ar\/v1\/wp-json\/wp\/v2\/users\/4"}],"replies":[{"embeddable":true,"href":"https:\/\/radioinfinitagoya.com.ar\/v1\/wp-json\/wp\/v2\/comments?post=213885"}],"version-history":[{"count":4,"href":"https:\/\/radioinfinitagoya.com.ar\/v1\/wp-json\/wp\/v2\/posts\/213885\/revisions"}],"predecessor-version":[{"id":213893,"href":"https:\/\/radioinfinitagoya.com.ar\/v1\/wp-json\/wp\/v2\/posts\/213885\/revisions\/213893"}],"wp:featuredmedia":[{"embeddable":true,"href":"https:\/\/radioinfinitagoya.com.ar\/v1\/wp-json\/wp\/v2\/media\/213886"}],"wp:attachment":[{"href":"https:\/\/radioinfinitagoya.com.ar\/v1\/wp-json\/wp\/v2\/media?parent=213885"}],"wp:term":[{"taxonomy":"category","embeddable":true,"href":"https:\/\/radioinfinitagoya.com.ar\/v1\/wp-json\/wp\/v2\/categories?post=213885"},{"taxonomy":"post_tag","embeddable":true,"href":"https:\/\/radioinfinitagoya.com.ar\/v1\/wp-json\/wp\/v2\/tags?post=213885"}],"curies":[{"name":"wp","href":"https:\/\/api.w.org\/{rel}","templated":true}]}}