{"id":213897,"date":"2026-04-29T15:45:49","date_gmt":"2026-04-29T18:45:49","guid":{"rendered":"https:\/\/radioinfinitagoya.com.ar\/v1\/?p=213897"},"modified":"2026-04-29T15:45:49","modified_gmt":"2026-04-29T18:45:49","slug":"inauguracion-de-la-costanera-y-puesta-en-valor-de-la-plaza-italia","status":"publish","type":"post","link":"https:\/\/radioinfinitagoya.com.ar\/v1\/2026\/04\/29\/inauguracion-de-la-costanera-y-puesta-en-valor-de-la-plaza-italia\/","title":{"rendered":"Inauguraci\u00f3n de la Costanera y puesta en valor de la Plaza Italia"},"content":{"rendered":"<p>Ciudad de Goya | 2022\u20132026<\/p>\n<p>Este proyecto urbano-arquitect\u00f3nico constituye una intervenci\u00f3n estrat\u00e9gica que integra infraestructura, espacio p\u00fablico y paisaje, con el r\u00edo Paran\u00e1 como eje central.<\/p>\n<p>En noviembre de 2022, un proceso de socavamiento provoc\u00f3 el derrumbe de 40 metros de la costanera. A partir de esa situaci\u00f3n, se ejecutaron tareas de emergencia y consolidaci\u00f3n que dieron origen a una obra integral de mayor alcance.<\/p>\n<p>Desde 2023, se desarroll\u00f3 la construcci\u00f3n de m\u00e1s de 500 metros de nueva costanera junto con la puesta en valor de la plaza Italia, consolidando un frente urbano que vincula el casco hist\u00f3rico con el r\u00edo, promoviendo un espacio p\u00fablico accesible, sustentable y representativo de la identidad local.<\/p>\n<p>La obra cumple una doble funci\u00f3n: por un lado, la recuperaci\u00f3n y jerarquizaci\u00f3n del espacio urbano; y por otro, un rol fundamental como sistema de defensa contra las inundaciones del r\u00edo Paran\u00e1, ejecutado conforme al proyecto desarrollado por el Gobierno de la Provincia de Corrientes, la Municipalidad de Goya y con la participaci\u00f3n de la comunidad.<\/p>\n<p>En este marco, se ejecutaron 468 metros de defensa costera, con m\u00e1s de 1.700 m\u00b3 de hormig\u00f3n armado, m\u00e1s de 100 toneladas de acero y un enrocado superior a las 101.000 toneladas, garantizando la protecci\u00f3n y estabilidad del borde ribere\u00f1o.<\/p>\n<p>La intervenci\u00f3n se completa con m\u00e1s de 6.000 m\u00b2 de solados, 5.100 m\u00b2 de adoquinado, amplios sectores parquizado con riego autom\u00e1tico, m\u00e1s de 180 elementos de mobiliario urbano, juegos infantiles y equipamiento recreativo.<\/p>\n<p>Asimismo, se incorpor\u00f3 infraestructura esencial: sistema de desag\u00fces pluviales con c\u00e1maras y rejillas, instalaci\u00f3n el\u00e9ctrica integral con m\u00e1s de 100 luminarias, y un ba\u00f1o p\u00fablico totalmente equipado.<\/p>\n<p>El dise\u00f1o incluye terrazas y rampas que vinculan los distintos niveles del paseo, asegurando accesibilidad e integraci\u00f3n de todos los sectores.<\/p>\n<p>Esta obra fue realizada \u00edntegramente con recursos genuinos del Gobierno de la Provincia de Corrientes, en articulaci\u00f3n con la Municipalidad de Goya.<\/p>\n<p>Hoy, Goya recupera un espacio emblem\u00e1tico, fortalece su v\u00ednculo con el r\u00edo y consolida un lugar de encuentro y disfrute para todos los vecinos.<\/p>\n<p>Direcci\u00f3n de Prensa \u2013 Municipalidad de Goya<\/p>\n","protected":false},"excerpt":{"rendered":"<p>Ciudad de Goya | 2022\u20132026 Este proyecto urbano-arquitect\u00f3nico constituye una intervenci\u00f3n estrat\u00e9gica que integra infraestructura, espacio p\u00fablico y paisaje, con el r\u00edo Paran\u00e1 como eje central. En noviembre de 2022, un proceso de socavamiento provoc\u00f3 el derrumbe de 40 metros de la costanera. A partir de esa situaci\u00f3n, se ejecutaron tareas de emergencia y consolidaci\u00f3n [&hellip;]<\/p>\n","protected":false},"author":4,"featured_media":213898,"comment_status":"open","ping_status":"open","sticky":false,"template":"","format":"standard","meta":{"_joinchat":[],"footnotes":""},"categories":[27],"tags":[],"class_list":{"0":"post-213897","1":"post","2":"type-post","3":"status-publish","4":"format-standard","5":"has-post-thumbnail","7":"category-locales"},"yoast_head":"<!-- This site is optimized with the Yoast SEO plugin v27.2 - https:\/\/yoast.com\/product\/yoast-seo-wordpress\/ -->\n<title>Inauguraci\u00f3n de la Costanera y puesta en valor de la Plaza Italia - Radio Infinita Goya<\/title>\n<meta name=\"description\" content=\"Ciudad de Goya | 2022\u20132026 Este proyecto urbano-arquitect\u00f3nico constituye una intervenci\u00f3n estrat\u00e9gica que integra infraestructura, espacio p\u00fablico y\" \/>\n<meta name=\"robots\" content=\"index, follow, max-snippet:-1, max-image-preview:large, max-video-preview:-1\" \/>\n<link rel=\"canonical\" href=\"https:\/\/radioinfinitagoya.com.ar\/v1\/2026\/04\/29\/inauguracion-de-la-costanera-y-puesta-en-valor-de-la-plaza-italia\/\" \/>\n<meta property=\"og:locale\" content=\"es_ES\" \/>\n<meta property=\"og:type\" content=\"article\" \/>\n<meta property=\"og:title\" content=\"Inauguraci\u00f3n de la Costanera y puesta en valor de la Plaza Italia - Radio Infinita Goya\" \/>\n<meta property=\"og:description\" content=\"Ciudad de Goya | 2022\u20132026 Este proyecto urbano-arquitect\u00f3nico constituye una intervenci\u00f3n estrat\u00e9gica que integra infraestructura, espacio p\u00fablico y\" \/>\n<meta property=\"og:url\" content=\"https:\/\/radioinfinitagoya.com.ar\/v1\/2026\/04\/29\/inauguracion-de-la-costanera-y-puesta-en-valor-de-la-plaza-italia\/\" \/>\n<meta property=\"og:site_name\" content=\"Radio Infinita Goya\" \/>\n<meta property=\"article:publisher\" content=\"https:\/\/www.facebook.com\/p\/Infinita-Goya-100063870918311\/\" \/>\n<meta property=\"article:published_time\" content=\"2026-04-29T18:45:49+00:00\" \/>\n<meta property=\"og:image\" content=\"https:\/\/radioinfinitagoya.com.ar\/v1\/wp-content\/uploads\/2026\/04\/inaugurcion_costanera_goy.jpg\" \/>\n\t<meta property=\"og:image:width\" content=\"848\" \/>\n\t<meta property=\"og:image:height\" content=\"477\" \/>\n\t<meta property=\"og:image:type\" content=\"image\/jpeg\" \/>\n<meta name=\"author\" content=\"Jorge Mi\u00f1o\" \/>\n<meta name=\"twitter:card\" content=\"summary_large_image\" \/>\n<meta name=\"twitter:label1\" content=\"Escrito por\" \/>\n\t<meta name=\"twitter:data1\" content=\"Jorge Mi\u00f1o\" \/>\n\t<meta name=\"twitter:label2\" content=\"Tiempo de lectura\" \/>\n\t<meta name=\"twitter:data2\" content=\"2 minutos\" \/>\n<script type=\"application\/ld+json\" class=\"yoast-schema-graph\">{\"@context\":\"https:\/\/schema.org\",\"@graph\":[{\"@type\":\"Article\",\"@id\":\"https:\/\/radioinfinitagoya.com.ar\/v1\/2026\/04\/29\/inauguracion-de-la-costanera-y-puesta-en-valor-de-la-plaza-italia\/#article\",\"isPartOf\":{\"@id\":\"https:\/\/radioinfinitagoya.com.ar\/v1\/2026\/04\/29\/inauguracion-de-la-costanera-y-puesta-en-valor-de-la-plaza-italia\/\"},\"author\":{\"name\":\"Jorge Mi\u00f1o\",\"@id\":\"https:\/\/radioinfinitagoya.com.ar\/v1\/#\/schema\/person\/d4cf9c413d4f6edb24aabdccab49ca4a\"},\"headline\":\"Inauguraci\u00f3n de la Costanera y puesta en valor de la Plaza Italia\",\"datePublished\":\"2026-04-29T18:45:49+00:00\",\"mainEntityOfPage\":{\"@id\":\"https:\/\/radioinfinitagoya.com.ar\/v1\/2026\/04\/29\/inauguracion-de-la-costanera-y-puesta-en-valor-de-la-plaza-italia\/\"},\"wordCount\":381,\"commentCount\":0,\"publisher\":{\"@id\":\"https:\/\/radioinfinitagoya.com.ar\/v1\/#organization\"},\"image\":{\"@id\":\"https:\/\/radioinfinitagoya.com.ar\/v1\/2026\/04\/29\/inauguracion-de-la-costanera-y-puesta-en-valor-de-la-plaza-italia\/#primaryimage\"},\"thumbnailUrl\":\"https:\/\/radioinfinitagoya.com.ar\/v1\/wp-content\/uploads\/2026\/04\/inaugurcion_costanera_goy.jpg\",\"articleSection\":[\"LOCALES\"],\"inLanguage\":\"es-AR\",\"potentialAction\":[{\"@type\":\"CommentAction\",\"name\":\"Comment\",\"target\":[\"https:\/\/radioinfinitagoya.com.ar\/v1\/2026\/04\/29\/inauguracion-de-la-costanera-y-puesta-en-valor-de-la-plaza-italia\/#respond\"]}]},{\"@type\":\"WebPage\",\"@id\":\"https:\/\/radioinfinitagoya.com.ar\/v1\/2026\/04\/29\/inauguracion-de-la-costanera-y-puesta-en-valor-de-la-plaza-italia\/\",\"url\":\"https:\/\/radioinfinitagoya.com.ar\/v1\/2026\/04\/29\/inauguracion-de-la-costanera-y-puesta-en-valor-de-la-plaza-italia\/\",\"name\":\"Inauguraci\u00f3n de la Costanera y puesta en valor de la Plaza Italia - Radio Infinita Goya\",\"isPartOf\":{\"@id\":\"https:\/\/radioinfinitagoya.com.ar\/v1\/#website\"},\"primaryImageOfPage\":{\"@id\":\"https:\/\/radioinfinitagoya.com.ar\/v1\/2026\/04\/29\/inauguracion-de-la-costanera-y-puesta-en-valor-de-la-plaza-italia\/#primaryimage\"},\"image\":{\"@id\":\"https:\/\/radioinfinitagoya.com.ar\/v1\/2026\/04\/29\/inauguracion-de-la-costanera-y-puesta-en-valor-de-la-plaza-italia\/#primaryimage\"},\"thumbnailUrl\":\"https:\/\/radioinfinitagoya.com.ar\/v1\/wp-content\/uploads\/2026\/04\/inaugurcion_costanera_goy.jpg\",\"datePublished\":\"2026-04-29T18:45:49+00:00\",\"description\":\"Ciudad de Goya | 2022\u20132026 Este proyecto urbano-arquitect\u00f3nico constituye una intervenci\u00f3n estrat\u00e9gica que integra infraestructura, espacio p\u00fablico y\",\"breadcrumb\":{\"@id\":\"https:\/\/radioinfinitagoya.com.ar\/v1\/2026\/04\/29\/inauguracion-de-la-costanera-y-puesta-en-valor-de-la-plaza-italia\/#breadcrumb\"},\"inLanguage\":\"es-AR\",\"potentialAction\":[{\"@type\":\"ReadAction\",\"target\":[\"https:\/\/radioinfinitagoya.com.ar\/v1\/2026\/04\/29\/inauguracion-de-la-costanera-y-puesta-en-valor-de-la-plaza-italia\/\"]}]},{\"@type\":\"ImageObject\",\"inLanguage\":\"es-AR\",\"@id\":\"https:\/\/radioinfinitagoya.com.ar\/v1\/2026\/04\/29\/inauguracion-de-la-costanera-y-puesta-en-valor-de-la-plaza-italia\/#primaryimage\",\"url\":\"https:\/\/radioinfinitagoya.com.ar\/v1\/wp-content\/uploads\/2026\/04\/inaugurcion_costanera_goy.jpg\",\"contentUrl\":\"https:\/\/radioinfinitagoya.com.ar\/v1\/wp-content\/uploads\/2026\/04\/inaugurcion_costanera_goy.jpg\",\"width\":848,\"height\":477},{\"@type\":\"BreadcrumbList\",\"@id\":\"https:\/\/radioinfinitagoya.com.ar\/v1\/2026\/04\/29\/inauguracion-de-la-costanera-y-puesta-en-valor-de-la-plaza-italia\/#breadcrumb\",\"itemListElement\":[{\"@type\":\"ListItem\",\"position\":1,\"name\":\"Inicio\",\"item\":\"https:\/\/radioinfinitagoya.com.ar\/v1\/\"},{\"@type\":\"ListItem\",\"position\":2,\"name\":\"Inauguraci\u00f3n de la Costanera y puesta en valor de la Plaza Italia\"}]},{\"@type\":\"WebSite\",\"@id\":\"https:\/\/radioinfinitagoya.com.ar\/v1\/#website\",\"url\":\"https:\/\/radioinfinitagoya.com.ar\/v1\/\",\"name\":\"radioinfinitagoya.com.ar\",\"description\":\"Radio de noticias\",\"publisher\":{\"@id\":\"https:\/\/radioinfinitagoya.com.ar\/v1\/#organization\"},\"potentialAction\":[{\"@type\":\"SearchAction\",\"target\":{\"@type\":\"EntryPoint\",\"urlTemplate\":\"https:\/\/radioinfinitagoya.com.ar\/v1\/?s={search_term_string}\"},\"query-input\":{\"@type\":\"PropertyValueSpecification\",\"valueRequired\":true,\"valueName\":\"search_term_string\"}}],\"inLanguage\":\"es-AR\"},{\"@type\":\"Organization\",\"@id\":\"https:\/\/radioinfinitagoya.com.ar\/v1\/#organization\",\"name\":\"Radio Infinita Goya\",\"url\":\"https:\/\/radioinfinitagoya.com.ar\/v1\/\",\"logo\":{\"@type\":\"ImageObject\",\"inLanguage\":\"es-AR\",\"@id\":\"https:\/\/radioinfinitagoya.com.ar\/v1\/#\/schema\/logo\/image\/\",\"url\":\"https:\/\/radioinfinitagoya.com.ar\/v1\/wp-content\/uploads\/2019\/11\/logo-pie-web.png\",\"contentUrl\":\"https:\/\/radioinfinitagoya.com.ar\/v1\/wp-content\/uploads\/2019\/11\/logo-pie-web.png\",\"width\":635,\"height\":326,\"caption\":\"Radio Infinita Goya\"},\"image\":{\"@id\":\"https:\/\/radioinfinitagoya.com.ar\/v1\/#\/schema\/logo\/image\/\"},\"sameAs\":[\"https:\/\/www.facebook.com\/p\/Infinita-Goya-100063870918311\/\"]},{\"@type\":\"Person\",\"@id\":\"https:\/\/radioinfinitagoya.com.ar\/v1\/#\/schema\/person\/d4cf9c413d4f6edb24aabdccab49ca4a\",\"name\":\"Jorge Mi\u00f1o\",\"image\":{\"@type\":\"ImageObject\",\"inLanguage\":\"es-AR\",\"@id\":\"https:\/\/secure.gravatar.com\/avatar\/910fcf6728fe95320e07a6643c1581fec1c7fc4bf8ae12e3d8f0d0373dc844be?s=96&d=mm&r=g\",\"url\":\"https:\/\/secure.gravatar.com\/avatar\/910fcf6728fe95320e07a6643c1581fec1c7fc4bf8ae12e3d8f0d0373dc844be?s=96&d=mm&r=g\",\"contentUrl\":\"https:\/\/secure.gravatar.com\/avatar\/910fcf6728fe95320e07a6643c1581fec1c7fc4bf8ae12e3d8f0d0373dc844be?s=96&d=mm&r=g\",\"caption\":\"Jorge Mi\u00f1o\"},\"sameAs\":[\"http:\/\/radioinfinitagoya.com.ar\"]}]}<\/script>\n<!-- \/ Yoast SEO plugin. -->","yoast_head_json":{"title":"Inauguraci\u00f3n de la Costanera y puesta en valor de la Plaza Italia - Radio Infinita Goya","description":"Ciudad de Goya | 2022\u20132026 Este proyecto urbano-arquitect\u00f3nico constituye una intervenci\u00f3n estrat\u00e9gica que integra infraestructura, espacio p\u00fablico y","robots":{"index":"index","follow":"follow","max-snippet":"max-snippet:-1","max-image-preview":"max-image-preview:large","max-video-preview":"max-video-preview:-1"},"canonical":"https:\/\/radioinfinitagoya.com.ar\/v1\/2026\/04\/29\/inauguracion-de-la-costanera-y-puesta-en-valor-de-la-plaza-italia\/","og_locale":"es_ES","og_type":"article","og_title":"Inauguraci\u00f3n de la Costanera y puesta en valor de la Plaza Italia - Radio Infinita Goya","og_description":"Ciudad de Goya | 2022\u20132026 Este proyecto urbano-arquitect\u00f3nico constituye una intervenci\u00f3n estrat\u00e9gica que integra infraestructura, espacio p\u00fablico y","og_url":"https:\/\/radioinfinitagoya.com.ar\/v1\/2026\/04\/29\/inauguracion-de-la-costanera-y-puesta-en-valor-de-la-plaza-italia\/","og_site_name":"Radio Infinita Goya","article_publisher":"https:\/\/www.facebook.com\/p\/Infinita-Goya-100063870918311\/","article_published_time":"2026-04-29T18:45:49+00:00","og_image":[{"width":848,"height":477,"url":"https:\/\/radioinfinitagoya.com.ar\/v1\/wp-content\/uploads\/2026\/04\/inaugurcion_costanera_goy.jpg","type":"image\/jpeg"}],"author":"Jorge Mi\u00f1o","twitter_card":"summary_large_image","twitter_misc":{"Escrito por":"Jorge Mi\u00f1o","Tiempo de lectura":"2 minutos"},"schema":{"@context":"https:\/\/schema.org","@graph":[{"@type":"Article","@id":"https:\/\/radioinfinitagoya.com.ar\/v1\/2026\/04\/29\/inauguracion-de-la-costanera-y-puesta-en-valor-de-la-plaza-italia\/#article","isPartOf":{"@id":"https:\/\/radioinfinitagoya.com.ar\/v1\/2026\/04\/29\/inauguracion-de-la-costanera-y-puesta-en-valor-de-la-plaza-italia\/"},"author":{"name":"Jorge Mi\u00f1o","@id":"https:\/\/radioinfinitagoya.com.ar\/v1\/#\/schema\/person\/d4cf9c413d4f6edb24aabdccab49ca4a"},"headline":"Inauguraci\u00f3n de la Costanera y puesta en valor de la Plaza Italia","datePublished":"2026-04-29T18:45:49+00:00","mainEntityOfPage":{"@id":"https:\/\/radioinfinitagoya.com.ar\/v1\/2026\/04\/29\/inauguracion-de-la-costanera-y-puesta-en-valor-de-la-plaza-italia\/"},"wordCount":381,"commentCount":0,"publisher":{"@id":"https:\/\/radioinfinitagoya.com.ar\/v1\/#organization"},"image":{"@id":"https:\/\/radioinfinitagoya.com.ar\/v1\/2026\/04\/29\/inauguracion-de-la-costanera-y-puesta-en-valor-de-la-plaza-italia\/#primaryimage"},"thumbnailUrl":"https:\/\/radioinfinitagoya.com.ar\/v1\/wp-content\/uploads\/2026\/04\/inaugurcion_costanera_goy.jpg","articleSection":["LOCALES"],"inLanguage":"es-AR","potentialAction":[{"@type":"CommentAction","name":"Comment","target":["https:\/\/radioinfinitagoya.com.ar\/v1\/2026\/04\/29\/inauguracion-de-la-costanera-y-puesta-en-valor-de-la-plaza-italia\/#respond"]}]},{"@type":"WebPage","@id":"https:\/\/radioinfinitagoya.com.ar\/v1\/2026\/04\/29\/inauguracion-de-la-costanera-y-puesta-en-valor-de-la-plaza-italia\/","url":"https:\/\/radioinfinitagoya.com.ar\/v1\/2026\/04\/29\/inauguracion-de-la-costanera-y-puesta-en-valor-de-la-plaza-italia\/","name":"Inauguraci\u00f3n de la Costanera y puesta en valor de la Plaza Italia - Radio Infinita Goya","isPartOf":{"@id":"https:\/\/radioinfinitagoya.com.ar\/v1\/#website"},"primaryImageOfPage":{"@id":"https:\/\/radioinfinitagoya.com.ar\/v1\/2026\/04\/29\/inauguracion-de-la-costanera-y-puesta-en-valor-de-la-plaza-italia\/#primaryimage"},"image":{"@id":"https:\/\/radioinfinitagoya.com.ar\/v1\/2026\/04\/29\/inauguracion-de-la-costanera-y-puesta-en-valor-de-la-plaza-italia\/#primaryimage"},"thumbnailUrl":"https:\/\/radioinfinitagoya.com.ar\/v1\/wp-content\/uploads\/2026\/04\/inaugurcion_costanera_goy.jpg","datePublished":"2026-04-29T18:45:49+00:00","description":"Ciudad de Goya | 2022\u20132026 Este proyecto urbano-arquitect\u00f3nico constituye una intervenci\u00f3n estrat\u00e9gica que integra infraestructura, espacio p\u00fablico y","breadcrumb":{"@id":"https:\/\/radioinfinitagoya.com.ar\/v1\/2026\/04\/29\/inauguracion-de-la-costanera-y-puesta-en-valor-de-la-plaza-italia\/#breadcrumb"},"inLanguage":"es-AR","potentialAction":[{"@type":"ReadAction","target":["https:\/\/radioinfinitagoya.com.ar\/v1\/2026\/04\/29\/inauguracion-de-la-costanera-y-puesta-en-valor-de-la-plaza-italia\/"]}]},{"@type":"ImageObject","inLanguage":"es-AR","@id":"https:\/\/radioinfinitagoya.com.ar\/v1\/2026\/04\/29\/inauguracion-de-la-costanera-y-puesta-en-valor-de-la-plaza-italia\/#primaryimage","url":"https:\/\/radioinfinitagoya.com.ar\/v1\/wp-content\/uploads\/2026\/04\/inaugurcion_costanera_goy.jpg","contentUrl":"https:\/\/radioinfinitagoya.com.ar\/v1\/wp-content\/uploads\/2026\/04\/inaugurcion_costanera_goy.jpg","width":848,"height":477},{"@type":"BreadcrumbList","@id":"https:\/\/radioinfinitagoya.com.ar\/v1\/2026\/04\/29\/inauguracion-de-la-costanera-y-puesta-en-valor-de-la-plaza-italia\/#breadcrumb","itemListElement":[{"@type":"ListItem","position":1,"name":"Inicio","item":"https:\/\/radioinfinitagoya.com.ar\/v1\/"},{"@type":"ListItem","position":2,"name":"Inauguraci\u00f3n de la Costanera y puesta en valor de la Plaza Italia"}]},{"@type":"WebSite","@id":"https:\/\/radioinfinitagoya.com.ar\/v1\/#website","url":"https:\/\/radioinfinitagoya.com.ar\/v1\/","name":"radioinfinitagoya.com.ar","description":"Radio de noticias","publisher":{"@id":"https:\/\/radioinfinitagoya.com.ar\/v1\/#organization"},"potentialAction":[{"@type":"SearchAction","target":{"@type":"EntryPoint","urlTemplate":"https:\/\/radioinfinitagoya.com.ar\/v1\/?s={search_term_string}"},"query-input":{"@type":"PropertyValueSpecification","valueRequired":true,"valueName":"search_term_string"}}],"inLanguage":"es-AR"},{"@type":"Organization","@id":"https:\/\/radioinfinitagoya.com.ar\/v1\/#organization","name":"Radio Infinita Goya","url":"https:\/\/radioinfinitagoya.com.ar\/v1\/","logo":{"@type":"ImageObject","inLanguage":"es-AR","@id":"https:\/\/radioinfinitagoya.com.ar\/v1\/#\/schema\/logo\/image\/","url":"https:\/\/radioinfinitagoya.com.ar\/v1\/wp-content\/uploads\/2019\/11\/logo-pie-web.png","contentUrl":"https:\/\/radioinfinitagoya.com.ar\/v1\/wp-content\/uploads\/2019\/11\/logo-pie-web.png","width":635,"height":326,"caption":"Radio Infinita Goya"},"image":{"@id":"https:\/\/radioinfinitagoya.com.ar\/v1\/#\/schema\/logo\/image\/"},"sameAs":["https:\/\/www.facebook.com\/p\/Infinita-Goya-100063870918311\/"]},{"@type":"Person","@id":"https:\/\/radioinfinitagoya.com.ar\/v1\/#\/schema\/person\/d4cf9c413d4f6edb24aabdccab49ca4a","name":"Jorge Mi\u00f1o","image":{"@type":"ImageObject","inLanguage":"es-AR","@id":"https:\/\/secure.gravatar.com\/avatar\/910fcf6728fe95320e07a6643c1581fec1c7fc4bf8ae12e3d8f0d0373dc844be?s=96&d=mm&r=g","url":"https:\/\/secure.gravatar.com\/avatar\/910fcf6728fe95320e07a6643c1581fec1c7fc4bf8ae12e3d8f0d0373dc844be?s=96&d=mm&r=g","contentUrl":"https:\/\/secure.gravatar.com\/avatar\/910fcf6728fe95320e07a6643c1581fec1c7fc4bf8ae12e3d8f0d0373dc844be?s=96&d=mm&r=g","caption":"Jorge Mi\u00f1o"},"sameAs":["http:\/\/radioinfinitagoya.com.ar"]}]}},"_links":{"self":[{"href":"https:\/\/radioinfinitagoya.com.ar\/v1\/wp-json\/wp\/v2\/posts\/213897","targetHints":{"allow":["GET"]}}],"collection":[{"href":"https:\/\/radioinfinitagoya.com.ar\/v1\/wp-json\/wp\/v2\/posts"}],"about":[{"href":"https:\/\/radioinfinitagoya.com.ar\/v1\/wp-json\/wp\/v2\/types\/post"}],"author":[{"embeddable":true,"href":"https:\/\/radioinfinitagoya.com.ar\/v1\/wp-json\/wp\/v2\/users\/4"}],"replies":[{"embeddable":true,"href":"https:\/\/radioinfinitagoya.com.ar\/v1\/wp-json\/wp\/v2\/comments?post=213897"}],"version-history":[{"count":1,"href":"https:\/\/radioinfinitagoya.com.ar\/v1\/wp-json\/wp\/v2\/posts\/213897\/revisions"}],"predecessor-version":[{"id":213899,"href":"https:\/\/radioinfinitagoya.com.ar\/v1\/wp-json\/wp\/v2\/posts\/213897\/revisions\/213899"}],"wp:featuredmedia":[{"embeddable":true,"href":"https:\/\/radioinfinitagoya.com.ar\/v1\/wp-json\/wp\/v2\/media\/213898"}],"wp:attachment":[{"href":"https:\/\/radioinfinitagoya.com.ar\/v1\/wp-json\/wp\/v2\/media?parent=213897"}],"wp:term":[{"taxonomy":"category","embeddable":true,"href":"https:\/\/radioinfinitagoya.com.ar\/v1\/wp-json\/wp\/v2\/categories?post=213897"},{"taxonomy":"post_tag","embeddable":true,"href":"https:\/\/radioinfinitagoya.com.ar\/v1\/wp-json\/wp\/v2\/tags?post=213897"}],"curies":[{"name":"wp","href":"https:\/\/api.w.org\/{rel}","templated":true}]}}