{"id":213903,"date":"2026-04-29T16:01:08","date_gmt":"2026-04-29T19:01:08","guid":{"rendered":"https:\/\/radioinfinitagoya.com.ar\/v1\/?p=213903"},"modified":"2026-04-29T16:01:08","modified_gmt":"2026-04-29T19:01:08","slug":"investigan-mensajes-antisemitas-contra-una-menor-y-su-familia","status":"publish","type":"post","link":"https:\/\/radioinfinitagoya.com.ar\/v1\/2026\/04\/29\/investigan-mensajes-antisemitas-contra-una-menor-y-su-familia\/","title":{"rendered":"Investigan mensajes antisemitas contra una menor y su familia"},"content":{"rendered":"<p>La denuncia fue presentada ante la fiscal\u00eda a cargo de Carlos Schafer y el caso cuenta con el acompa\u00f1amiento de la Delegaci\u00f3n de Asociaciones Israelitas Argentinas.<\/p>\n<p>La Justicia federal de Corrientes inici\u00f3 una investigaci\u00f3n por mensajes de odio religioso y antisemitas contra una familia de la comunidad jud\u00eda. La denuncia fue presentada el 22 de abril ante la fiscal\u00eda a cargo de Carlos Schafer.<\/p>\n<p>El caso cuenta con el acompa\u00f1amiento de la Delegaci\u00f3n de Asociaciones Israelitas Argentinas (Daia), a trav\u00e9s de su filial local. La entidad brinda asesoramiento jur\u00eddico y respaldo institucional a los denunciantes.<\/p>\n<p>Mensajes intimidantes<br \/>\nEl hecho se remonta al domingo 19 de abril, cuando una menor recibi\u00f3 una serie de mensajes ofensivos en su celular. Llegaron a trav\u00e9s de WhatsApp e inclu\u00edan alrededor de 50 stickers e im\u00e1genes con simbolog\u00eda nazi. Entre ellos se observaron esv\u00e1sticas y referencias al r\u00e9gimen, con contenido ofensivo dirigido a la identidad religiosa de la menor.<\/p>\n<p>De acuerdo con la denuncia, los mensajes constituyen una manifestaci\u00f3n directa de odio y resultan especialmente graves por tratarse de una v\u00edctima menor de edad. Adem\u00e1s, se\u00f1alaron que el contenido tuvo un car\u00e1cter intimidante hacia todo el grupo familiar.<\/p>\n<p>La causa busca determinar el origen de los env\u00edos y establecer posibles responsabilidades penales en el marco de la legislaci\u00f3n vigente.<\/p>\n","protected":false},"excerpt":{"rendered":"<p>La denuncia fue presentada ante la fiscal\u00eda a cargo de Carlos Schafer y el caso cuenta con el acompa\u00f1amiento de la Delegaci\u00f3n de Asociaciones Israelitas Argentinas. La Justicia federal de Corrientes inici\u00f3 una investigaci\u00f3n por mensajes de odio religioso y antisemitas contra una familia de la comunidad jud\u00eda. La denuncia fue presentada el 22 de [&hellip;]<\/p>\n","protected":false},"author":4,"featured_media":213904,"comment_status":"open","ping_status":"open","sticky":false,"template":"","format":"standard","meta":{"_joinchat":[],"footnotes":""},"categories":[26],"tags":[],"class_list":{"0":"post-213903","1":"post","2":"type-post","3":"status-publish","4":"format-standard","5":"has-post-thumbnail","7":"category-provinciales"},"yoast_head":"<!-- This site is optimized with the Yoast SEO plugin v27.2 - https:\/\/yoast.com\/product\/yoast-seo-wordpress\/ -->\n<title>Investigan mensajes antisemitas contra una menor y su familia - Radio Infinita Goya<\/title>\n<meta name=\"description\" content=\"La denuncia fue presentada ante la fiscal\u00eda a cargo de Carlos Schafer y el caso cuenta con el acompa\u00f1amiento de la Delegaci\u00f3n de Asociaciones Israelitas\" \/>\n<meta name=\"robots\" content=\"index, follow, max-snippet:-1, max-image-preview:large, max-video-preview:-1\" \/>\n<link rel=\"canonical\" href=\"https:\/\/radioinfinitagoya.com.ar\/v1\/2026\/04\/29\/investigan-mensajes-antisemitas-contra-una-menor-y-su-familia\/\" \/>\n<meta property=\"og:locale\" content=\"es_ES\" \/>\n<meta property=\"og:type\" content=\"article\" \/>\n<meta property=\"og:title\" content=\"Investigan mensajes antisemitas contra una menor y su familia - Radio Infinita Goya\" \/>\n<meta property=\"og:description\" content=\"La denuncia fue presentada ante la fiscal\u00eda a cargo de Carlos Schafer y el caso cuenta con el acompa\u00f1amiento de la Delegaci\u00f3n de Asociaciones Israelitas\" \/>\n<meta property=\"og:url\" content=\"https:\/\/radioinfinitagoya.com.ar\/v1\/2026\/04\/29\/investigan-mensajes-antisemitas-contra-una-menor-y-su-familia\/\" \/>\n<meta property=\"og:site_name\" content=\"Radio Infinita Goya\" \/>\n<meta property=\"article:publisher\" content=\"https:\/\/www.facebook.com\/p\/Infinita-Goya-100063870918311\/\" \/>\n<meta property=\"article:published_time\" content=\"2026-04-29T19:01:08+00:00\" \/>\n<meta property=\"og:image\" content=\"https:\/\/radioinfinitagoya.com.ar\/v1\/wp-content\/uploads\/2026\/04\/1777464730942.webp\" \/>\n\t<meta property=\"og:image:width\" content=\"1200\" \/>\n\t<meta property=\"og:image:height\" content=\"675\" \/>\n\t<meta property=\"og:image:type\" content=\"image\/webp\" \/>\n<meta name=\"author\" content=\"Jorge Mi\u00f1o\" \/>\n<meta name=\"twitter:card\" content=\"summary_large_image\" \/>\n<meta name=\"twitter:label1\" content=\"Escrito por\" \/>\n\t<meta name=\"twitter:data1\" content=\"Jorge Mi\u00f1o\" \/>\n\t<meta name=\"twitter:label2\" content=\"Tiempo de lectura\" \/>\n\t<meta name=\"twitter:data2\" content=\"2 minutos\" \/>\n<script type=\"application\/ld+json\" class=\"yoast-schema-graph\">{\"@context\":\"https:\/\/schema.org\",\"@graph\":[{\"@type\":\"Article\",\"@id\":\"https:\/\/radioinfinitagoya.com.ar\/v1\/2026\/04\/29\/investigan-mensajes-antisemitas-contra-una-menor-y-su-familia\/#article\",\"isPartOf\":{\"@id\":\"https:\/\/radioinfinitagoya.com.ar\/v1\/2026\/04\/29\/investigan-mensajes-antisemitas-contra-una-menor-y-su-familia\/\"},\"author\":{\"name\":\"Jorge Mi\u00f1o\",\"@id\":\"https:\/\/radioinfinitagoya.com.ar\/v1\/#\/schema\/person\/d4cf9c413d4f6edb24aabdccab49ca4a\"},\"headline\":\"Investigan mensajes antisemitas contra una menor y su familia\",\"datePublished\":\"2026-04-29T19:01:08+00:00\",\"mainEntityOfPage\":{\"@id\":\"https:\/\/radioinfinitagoya.com.ar\/v1\/2026\/04\/29\/investigan-mensajes-antisemitas-contra-una-menor-y-su-familia\/\"},\"wordCount\":243,\"commentCount\":0,\"publisher\":{\"@id\":\"https:\/\/radioinfinitagoya.com.ar\/v1\/#organization\"},\"image\":{\"@id\":\"https:\/\/radioinfinitagoya.com.ar\/v1\/2026\/04\/29\/investigan-mensajes-antisemitas-contra-una-menor-y-su-familia\/#primaryimage\"},\"thumbnailUrl\":\"https:\/\/radioinfinitagoya.com.ar\/v1\/wp-content\/uploads\/2026\/04\/1777464730942.webp\",\"articleSection\":[\"PROVINCIALES\"],\"inLanguage\":\"es-AR\",\"potentialAction\":[{\"@type\":\"CommentAction\",\"name\":\"Comment\",\"target\":[\"https:\/\/radioinfinitagoya.com.ar\/v1\/2026\/04\/29\/investigan-mensajes-antisemitas-contra-una-menor-y-su-familia\/#respond\"]}]},{\"@type\":\"WebPage\",\"@id\":\"https:\/\/radioinfinitagoya.com.ar\/v1\/2026\/04\/29\/investigan-mensajes-antisemitas-contra-una-menor-y-su-familia\/\",\"url\":\"https:\/\/radioinfinitagoya.com.ar\/v1\/2026\/04\/29\/investigan-mensajes-antisemitas-contra-una-menor-y-su-familia\/\",\"name\":\"Investigan mensajes antisemitas contra una menor y su familia - Radio Infinita Goya\",\"isPartOf\":{\"@id\":\"https:\/\/radioinfinitagoya.com.ar\/v1\/#website\"},\"primaryImageOfPage\":{\"@id\":\"https:\/\/radioinfinitagoya.com.ar\/v1\/2026\/04\/29\/investigan-mensajes-antisemitas-contra-una-menor-y-su-familia\/#primaryimage\"},\"image\":{\"@id\":\"https:\/\/radioinfinitagoya.com.ar\/v1\/2026\/04\/29\/investigan-mensajes-antisemitas-contra-una-menor-y-su-familia\/#primaryimage\"},\"thumbnailUrl\":\"https:\/\/radioinfinitagoya.com.ar\/v1\/wp-content\/uploads\/2026\/04\/1777464730942.webp\",\"datePublished\":\"2026-04-29T19:01:08+00:00\",\"description\":\"La denuncia fue presentada ante la fiscal\u00eda a cargo de Carlos Schafer y el caso cuenta con el acompa\u00f1amiento de la Delegaci\u00f3n de Asociaciones Israelitas\",\"breadcrumb\":{\"@id\":\"https:\/\/radioinfinitagoya.com.ar\/v1\/2026\/04\/29\/investigan-mensajes-antisemitas-contra-una-menor-y-su-familia\/#breadcrumb\"},\"inLanguage\":\"es-AR\",\"potentialAction\":[{\"@type\":\"ReadAction\",\"target\":[\"https:\/\/radioinfinitagoya.com.ar\/v1\/2026\/04\/29\/investigan-mensajes-antisemitas-contra-una-menor-y-su-familia\/\"]}]},{\"@type\":\"ImageObject\",\"inLanguage\":\"es-AR\",\"@id\":\"https:\/\/radioinfinitagoya.com.ar\/v1\/2026\/04\/29\/investigan-mensajes-antisemitas-contra-una-menor-y-su-familia\/#primaryimage\",\"url\":\"https:\/\/radioinfinitagoya.com.ar\/v1\/wp-content\/uploads\/2026\/04\/1777464730942.webp\",\"contentUrl\":\"https:\/\/radioinfinitagoya.com.ar\/v1\/wp-content\/uploads\/2026\/04\/1777464730942.webp\",\"width\":1200,\"height\":675},{\"@type\":\"BreadcrumbList\",\"@id\":\"https:\/\/radioinfinitagoya.com.ar\/v1\/2026\/04\/29\/investigan-mensajes-antisemitas-contra-una-menor-y-su-familia\/#breadcrumb\",\"itemListElement\":[{\"@type\":\"ListItem\",\"position\":1,\"name\":\"Inicio\",\"item\":\"https:\/\/radioinfinitagoya.com.ar\/v1\/\"},{\"@type\":\"ListItem\",\"position\":2,\"name\":\"Investigan mensajes antisemitas contra una menor y su familia\"}]},{\"@type\":\"WebSite\",\"@id\":\"https:\/\/radioinfinitagoya.com.ar\/v1\/#website\",\"url\":\"https:\/\/radioinfinitagoya.com.ar\/v1\/\",\"name\":\"radioinfinitagoya.com.ar\",\"description\":\"Radio de noticias\",\"publisher\":{\"@id\":\"https:\/\/radioinfinitagoya.com.ar\/v1\/#organization\"},\"potentialAction\":[{\"@type\":\"SearchAction\",\"target\":{\"@type\":\"EntryPoint\",\"urlTemplate\":\"https:\/\/radioinfinitagoya.com.ar\/v1\/?s={search_term_string}\"},\"query-input\":{\"@type\":\"PropertyValueSpecification\",\"valueRequired\":true,\"valueName\":\"search_term_string\"}}],\"inLanguage\":\"es-AR\"},{\"@type\":\"Organization\",\"@id\":\"https:\/\/radioinfinitagoya.com.ar\/v1\/#organization\",\"name\":\"Radio Infinita Goya\",\"url\":\"https:\/\/radioinfinitagoya.com.ar\/v1\/\",\"logo\":{\"@type\":\"ImageObject\",\"inLanguage\":\"es-AR\",\"@id\":\"https:\/\/radioinfinitagoya.com.ar\/v1\/#\/schema\/logo\/image\/\",\"url\":\"https:\/\/radioinfinitagoya.com.ar\/v1\/wp-content\/uploads\/2019\/11\/logo-pie-web.png\",\"contentUrl\":\"https:\/\/radioinfinitagoya.com.ar\/v1\/wp-content\/uploads\/2019\/11\/logo-pie-web.png\",\"width\":635,\"height\":326,\"caption\":\"Radio Infinita Goya\"},\"image\":{\"@id\":\"https:\/\/radioinfinitagoya.com.ar\/v1\/#\/schema\/logo\/image\/\"},\"sameAs\":[\"https:\/\/www.facebook.com\/p\/Infinita-Goya-100063870918311\/\"]},{\"@type\":\"Person\",\"@id\":\"https:\/\/radioinfinitagoya.com.ar\/v1\/#\/schema\/person\/d4cf9c413d4f6edb24aabdccab49ca4a\",\"name\":\"Jorge Mi\u00f1o\",\"image\":{\"@type\":\"ImageObject\",\"inLanguage\":\"es-AR\",\"@id\":\"https:\/\/secure.gravatar.com\/avatar\/910fcf6728fe95320e07a6643c1581fec1c7fc4bf8ae12e3d8f0d0373dc844be?s=96&d=mm&r=g\",\"url\":\"https:\/\/secure.gravatar.com\/avatar\/910fcf6728fe95320e07a6643c1581fec1c7fc4bf8ae12e3d8f0d0373dc844be?s=96&d=mm&r=g\",\"contentUrl\":\"https:\/\/secure.gravatar.com\/avatar\/910fcf6728fe95320e07a6643c1581fec1c7fc4bf8ae12e3d8f0d0373dc844be?s=96&d=mm&r=g\",\"caption\":\"Jorge Mi\u00f1o\"},\"sameAs\":[\"http:\/\/radioinfinitagoya.com.ar\"]}]}<\/script>\n<!-- \/ Yoast SEO plugin. -->","yoast_head_json":{"title":"Investigan mensajes antisemitas contra una menor y su familia - Radio Infinita Goya","description":"La denuncia fue presentada ante la fiscal\u00eda a cargo de Carlos Schafer y el caso cuenta con el acompa\u00f1amiento de la Delegaci\u00f3n de Asociaciones Israelitas","robots":{"index":"index","follow":"follow","max-snippet":"max-snippet:-1","max-image-preview":"max-image-preview:large","max-video-preview":"max-video-preview:-1"},"canonical":"https:\/\/radioinfinitagoya.com.ar\/v1\/2026\/04\/29\/investigan-mensajes-antisemitas-contra-una-menor-y-su-familia\/","og_locale":"es_ES","og_type":"article","og_title":"Investigan mensajes antisemitas contra una menor y su familia - Radio Infinita Goya","og_description":"La denuncia fue presentada ante la fiscal\u00eda a cargo de Carlos Schafer y el caso cuenta con el acompa\u00f1amiento de la Delegaci\u00f3n de Asociaciones Israelitas","og_url":"https:\/\/radioinfinitagoya.com.ar\/v1\/2026\/04\/29\/investigan-mensajes-antisemitas-contra-una-menor-y-su-familia\/","og_site_name":"Radio Infinita Goya","article_publisher":"https:\/\/www.facebook.com\/p\/Infinita-Goya-100063870918311\/","article_published_time":"2026-04-29T19:01:08+00:00","og_image":[{"width":1200,"height":675,"url":"https:\/\/radioinfinitagoya.com.ar\/v1\/wp-content\/uploads\/2026\/04\/1777464730942.webp","type":"image\/webp"}],"author":"Jorge Mi\u00f1o","twitter_card":"summary_large_image","twitter_misc":{"Escrito por":"Jorge Mi\u00f1o","Tiempo de lectura":"2 minutos"},"schema":{"@context":"https:\/\/schema.org","@graph":[{"@type":"Article","@id":"https:\/\/radioinfinitagoya.com.ar\/v1\/2026\/04\/29\/investigan-mensajes-antisemitas-contra-una-menor-y-su-familia\/#article","isPartOf":{"@id":"https:\/\/radioinfinitagoya.com.ar\/v1\/2026\/04\/29\/investigan-mensajes-antisemitas-contra-una-menor-y-su-familia\/"},"author":{"name":"Jorge Mi\u00f1o","@id":"https:\/\/radioinfinitagoya.com.ar\/v1\/#\/schema\/person\/d4cf9c413d4f6edb24aabdccab49ca4a"},"headline":"Investigan mensajes antisemitas contra una menor y su familia","datePublished":"2026-04-29T19:01:08+00:00","mainEntityOfPage":{"@id":"https:\/\/radioinfinitagoya.com.ar\/v1\/2026\/04\/29\/investigan-mensajes-antisemitas-contra-una-menor-y-su-familia\/"},"wordCount":243,"commentCount":0,"publisher":{"@id":"https:\/\/radioinfinitagoya.com.ar\/v1\/#organization"},"image":{"@id":"https:\/\/radioinfinitagoya.com.ar\/v1\/2026\/04\/29\/investigan-mensajes-antisemitas-contra-una-menor-y-su-familia\/#primaryimage"},"thumbnailUrl":"https:\/\/radioinfinitagoya.com.ar\/v1\/wp-content\/uploads\/2026\/04\/1777464730942.webp","articleSection":["PROVINCIALES"],"inLanguage":"es-AR","potentialAction":[{"@type":"CommentAction","name":"Comment","target":["https:\/\/radioinfinitagoya.com.ar\/v1\/2026\/04\/29\/investigan-mensajes-antisemitas-contra-una-menor-y-su-familia\/#respond"]}]},{"@type":"WebPage","@id":"https:\/\/radioinfinitagoya.com.ar\/v1\/2026\/04\/29\/investigan-mensajes-antisemitas-contra-una-menor-y-su-familia\/","url":"https:\/\/radioinfinitagoya.com.ar\/v1\/2026\/04\/29\/investigan-mensajes-antisemitas-contra-una-menor-y-su-familia\/","name":"Investigan mensajes antisemitas contra una menor y su familia - Radio Infinita Goya","isPartOf":{"@id":"https:\/\/radioinfinitagoya.com.ar\/v1\/#website"},"primaryImageOfPage":{"@id":"https:\/\/radioinfinitagoya.com.ar\/v1\/2026\/04\/29\/investigan-mensajes-antisemitas-contra-una-menor-y-su-familia\/#primaryimage"},"image":{"@id":"https:\/\/radioinfinitagoya.com.ar\/v1\/2026\/04\/29\/investigan-mensajes-antisemitas-contra-una-menor-y-su-familia\/#primaryimage"},"thumbnailUrl":"https:\/\/radioinfinitagoya.com.ar\/v1\/wp-content\/uploads\/2026\/04\/1777464730942.webp","datePublished":"2026-04-29T19:01:08+00:00","description":"La denuncia fue presentada ante la fiscal\u00eda a cargo de Carlos Schafer y el caso cuenta con el acompa\u00f1amiento de la Delegaci\u00f3n de Asociaciones Israelitas","breadcrumb":{"@id":"https:\/\/radioinfinitagoya.com.ar\/v1\/2026\/04\/29\/investigan-mensajes-antisemitas-contra-una-menor-y-su-familia\/#breadcrumb"},"inLanguage":"es-AR","potentialAction":[{"@type":"ReadAction","target":["https:\/\/radioinfinitagoya.com.ar\/v1\/2026\/04\/29\/investigan-mensajes-antisemitas-contra-una-menor-y-su-familia\/"]}]},{"@type":"ImageObject","inLanguage":"es-AR","@id":"https:\/\/radioinfinitagoya.com.ar\/v1\/2026\/04\/29\/investigan-mensajes-antisemitas-contra-una-menor-y-su-familia\/#primaryimage","url":"https:\/\/radioinfinitagoya.com.ar\/v1\/wp-content\/uploads\/2026\/04\/1777464730942.webp","contentUrl":"https:\/\/radioinfinitagoya.com.ar\/v1\/wp-content\/uploads\/2026\/04\/1777464730942.webp","width":1200,"height":675},{"@type":"BreadcrumbList","@id":"https:\/\/radioinfinitagoya.com.ar\/v1\/2026\/04\/29\/investigan-mensajes-antisemitas-contra-una-menor-y-su-familia\/#breadcrumb","itemListElement":[{"@type":"ListItem","position":1,"name":"Inicio","item":"https:\/\/radioinfinitagoya.com.ar\/v1\/"},{"@type":"ListItem","position":2,"name":"Investigan mensajes antisemitas contra una menor y su familia"}]},{"@type":"WebSite","@id":"https:\/\/radioinfinitagoya.com.ar\/v1\/#website","url":"https:\/\/radioinfinitagoya.com.ar\/v1\/","name":"radioinfinitagoya.com.ar","description":"Radio de noticias","publisher":{"@id":"https:\/\/radioinfinitagoya.com.ar\/v1\/#organization"},"potentialAction":[{"@type":"SearchAction","target":{"@type":"EntryPoint","urlTemplate":"https:\/\/radioinfinitagoya.com.ar\/v1\/?s={search_term_string}"},"query-input":{"@type":"PropertyValueSpecification","valueRequired":true,"valueName":"search_term_string"}}],"inLanguage":"es-AR"},{"@type":"Organization","@id":"https:\/\/radioinfinitagoya.com.ar\/v1\/#organization","name":"Radio Infinita Goya","url":"https:\/\/radioinfinitagoya.com.ar\/v1\/","logo":{"@type":"ImageObject","inLanguage":"es-AR","@id":"https:\/\/radioinfinitagoya.com.ar\/v1\/#\/schema\/logo\/image\/","url":"https:\/\/radioinfinitagoya.com.ar\/v1\/wp-content\/uploads\/2019\/11\/logo-pie-web.png","contentUrl":"https:\/\/radioinfinitagoya.com.ar\/v1\/wp-content\/uploads\/2019\/11\/logo-pie-web.png","width":635,"height":326,"caption":"Radio Infinita Goya"},"image":{"@id":"https:\/\/radioinfinitagoya.com.ar\/v1\/#\/schema\/logo\/image\/"},"sameAs":["https:\/\/www.facebook.com\/p\/Infinita-Goya-100063870918311\/"]},{"@type":"Person","@id":"https:\/\/radioinfinitagoya.com.ar\/v1\/#\/schema\/person\/d4cf9c413d4f6edb24aabdccab49ca4a","name":"Jorge Mi\u00f1o","image":{"@type":"ImageObject","inLanguage":"es-AR","@id":"https:\/\/secure.gravatar.com\/avatar\/910fcf6728fe95320e07a6643c1581fec1c7fc4bf8ae12e3d8f0d0373dc844be?s=96&d=mm&r=g","url":"https:\/\/secure.gravatar.com\/avatar\/910fcf6728fe95320e07a6643c1581fec1c7fc4bf8ae12e3d8f0d0373dc844be?s=96&d=mm&r=g","contentUrl":"https:\/\/secure.gravatar.com\/avatar\/910fcf6728fe95320e07a6643c1581fec1c7fc4bf8ae12e3d8f0d0373dc844be?s=96&d=mm&r=g","caption":"Jorge Mi\u00f1o"},"sameAs":["http:\/\/radioinfinitagoya.com.ar"]}]}},"_links":{"self":[{"href":"https:\/\/radioinfinitagoya.com.ar\/v1\/wp-json\/wp\/v2\/posts\/213903","targetHints":{"allow":["GET"]}}],"collection":[{"href":"https:\/\/radioinfinitagoya.com.ar\/v1\/wp-json\/wp\/v2\/posts"}],"about":[{"href":"https:\/\/radioinfinitagoya.com.ar\/v1\/wp-json\/wp\/v2\/types\/post"}],"author":[{"embeddable":true,"href":"https:\/\/radioinfinitagoya.com.ar\/v1\/wp-json\/wp\/v2\/users\/4"}],"replies":[{"embeddable":true,"href":"https:\/\/radioinfinitagoya.com.ar\/v1\/wp-json\/wp\/v2\/comments?post=213903"}],"version-history":[{"count":1,"href":"https:\/\/radioinfinitagoya.com.ar\/v1\/wp-json\/wp\/v2\/posts\/213903\/revisions"}],"predecessor-version":[{"id":213905,"href":"https:\/\/radioinfinitagoya.com.ar\/v1\/wp-json\/wp\/v2\/posts\/213903\/revisions\/213905"}],"wp:featuredmedia":[{"embeddable":true,"href":"https:\/\/radioinfinitagoya.com.ar\/v1\/wp-json\/wp\/v2\/media\/213904"}],"wp:attachment":[{"href":"https:\/\/radioinfinitagoya.com.ar\/v1\/wp-json\/wp\/v2\/media?parent=213903"}],"wp:term":[{"taxonomy":"category","embeddable":true,"href":"https:\/\/radioinfinitagoya.com.ar\/v1\/wp-json\/wp\/v2\/categories?post=213903"},{"taxonomy":"post_tag","embeddable":true,"href":"https:\/\/radioinfinitagoya.com.ar\/v1\/wp-json\/wp\/v2\/tags?post=213903"}],"curies":[{"name":"wp","href":"https:\/\/api.w.org\/{rel}","templated":true}]}}