{"id":213906,"date":"2026-04-29T16:04:27","date_gmt":"2026-04-29T19:04:27","guid":{"rendered":"https:\/\/radioinfinitagoya.com.ar\/v1\/?p=213906"},"modified":"2026-04-29T16:04:27","modified_gmt":"2026-04-29T19:04:27","slug":"corrientes-sancionaron-a-un-padre-por-incumplir-con-la-cuota-alimentaria","status":"publish","type":"post","link":"https:\/\/radioinfinitagoya.com.ar\/v1\/2026\/04\/29\/corrientes-sancionaron-a-un-padre-por-incumplir-con-la-cuota-alimentaria\/","title":{"rendered":"Corrientes: sancionaron a un padre por incumplir con la cuota alimentaria"},"content":{"rendered":"<p>Y viajar a Punta del Este<\/p>\n<p>Se le prohibi\u00f3 salir del pa\u00eds y tambi\u00e9n se le suspendi\u00f3 la licencia de conducir. Adem\u00e1s, se dispuso la participaci\u00f3n de los abuelos paternos en el cumplimiento de la obligaci\u00f3n.<\/p>\n<p>La Justicia de Corrientes tom\u00f3 una serie de medidas contra un padre por incumplir de manera reiterada con la cuota alimentaria de su hija. La resoluci\u00f3n dictada el 10 de abril busca garantizar el sostenimiento econ\u00f3mico de la menor.<\/p>\n<p>Origen del incumplimiento<\/p>\n<p>El caso se origin\u00f3 tras un acuerdo homologado en octubre de 2024, que fijaba un aporte del 40% de los ingresos del progenitor. Sin embargo, el cumplimiento fue interrumpido durante varios meses, pese a las intimaciones judiciales.<\/p>\n<p>Para el fallo, se tuvo en cuenta que el hombre viaj\u00f3 varias veces a Punta del Este durante el verano. Seg\u00fan la Justicia, esto evidenci\u00f3 una conducta desinteresada respecto de las necesidades de su hija.<\/p>\n<p>Ante tal situaci\u00f3n, se resolvi\u00f3 avanzar con medidas restrictivas. Entre ellas, se dispuso su inscripci\u00f3n en el Registro de Deudores Alimentarios y la suspensi\u00f3n de su licencia de conducir. Tambi\u00e9n se orden\u00f3 su inclusi\u00f3n en el sistema financiero (Veraz) con calificaci\u00f3n de alto riesgo crediticio y se le prohibi\u00f3 salir del pa\u00eds.<\/p>\n<p>Medidas para la familia<\/p>\n<p>Como parte de la resoluci\u00f3n, el juzgado habilit\u00f3 la v\u00eda subsidiaria y dispuso la participaci\u00f3n de los abuelos paternos en el cumplimiento de la obligaci\u00f3n alimentaria. De esa manera, se fij\u00f3 una cuota provisoria del 15% de los ingresos de cada uno.<\/p>\n<p>La Justicia sostuvo que el incumplimiento sostenido puede afectar directamente la calidad de vida del ni\u00f1o o la ni\u00f1a involucrada. En ese sentido, lo encuadr\u00f3 como una posible forma de violencia econ\u00f3mica.<\/p>\n<p>La resoluci\u00f3n se apoya en normativa nacional e internacional y prioriza el inter\u00e9s superior de la ni\u00f1a. Las medidas se mantendr\u00e1n hasta que la deuda sea regularizada.<\/p>\n","protected":false},"excerpt":{"rendered":"<p>Y viajar a Punta del Este Se le prohibi\u00f3 salir del pa\u00eds y tambi\u00e9n se le suspendi\u00f3 la licencia de conducir. Adem\u00e1s, se dispuso la participaci\u00f3n de los abuelos paternos en el cumplimiento de la obligaci\u00f3n. La Justicia de Corrientes tom\u00f3 una serie de medidas contra un padre por incumplir de manera reiterada con la [&hellip;]<\/p>\n","protected":false},"author":4,"featured_media":213907,"comment_status":"open","ping_status":"open","sticky":false,"template":"","format":"standard","meta":{"_joinchat":[],"footnotes":""},"categories":[26],"tags":[],"class_list":{"0":"post-213906","1":"post","2":"type-post","3":"status-publish","4":"format-standard","5":"has-post-thumbnail","7":"category-provinciales"},"yoast_head":"<!-- This site is optimized with the Yoast SEO plugin v27.2 - https:\/\/yoast.com\/product\/yoast-seo-wordpress\/ -->\n<title>Corrientes: sancionaron a un padre por incumplir con la cuota alimentaria - Radio Infinita Goya<\/title>\n<meta name=\"description\" content=\"Y viajar a Punta del Este Se le prohibi\u00f3 salir del pa\u00eds y tambi\u00e9n se le suspendi\u00f3 la licencia de conducir. Adem\u00e1s, se dispuso la participaci\u00f3n de los\" \/>\n<meta name=\"robots\" content=\"index, follow, max-snippet:-1, max-image-preview:large, max-video-preview:-1\" \/>\n<link rel=\"canonical\" href=\"https:\/\/radioinfinitagoya.com.ar\/v1\/2026\/04\/29\/corrientes-sancionaron-a-un-padre-por-incumplir-con-la-cuota-alimentaria\/\" \/>\n<meta property=\"og:locale\" content=\"es_ES\" \/>\n<meta property=\"og:type\" content=\"article\" \/>\n<meta property=\"og:title\" content=\"Corrientes: sancionaron a un padre por incumplir con la cuota alimentaria - Radio Infinita Goya\" \/>\n<meta property=\"og:description\" content=\"Y viajar a Punta del Este Se le prohibi\u00f3 salir del pa\u00eds y tambi\u00e9n se le suspendi\u00f3 la licencia de conducir. Adem\u00e1s, se dispuso la participaci\u00f3n de los\" \/>\n<meta property=\"og:url\" content=\"https:\/\/radioinfinitagoya.com.ar\/v1\/2026\/04\/29\/corrientes-sancionaron-a-un-padre-por-incumplir-con-la-cuota-alimentaria\/\" \/>\n<meta property=\"og:site_name\" content=\"Radio Infinita Goya\" \/>\n<meta property=\"article:publisher\" content=\"https:\/\/www.facebook.com\/p\/Infinita-Goya-100063870918311\/\" \/>\n<meta property=\"article:published_time\" content=\"2026-04-29T19:04:27+00:00\" \/>\n<meta property=\"og:image\" content=\"https:\/\/radioinfinitagoya.com.ar\/v1\/wp-content\/uploads\/2026\/04\/1777469086241.webp\" \/>\n\t<meta property=\"og:image:width\" content=\"1200\" \/>\n\t<meta property=\"og:image:height\" content=\"675\" \/>\n\t<meta property=\"og:image:type\" content=\"image\/webp\" \/>\n<meta name=\"author\" content=\"Jorge Mi\u00f1o\" \/>\n<meta name=\"twitter:card\" content=\"summary_large_image\" \/>\n<meta name=\"twitter:label1\" content=\"Escrito por\" \/>\n\t<meta name=\"twitter:data1\" content=\"Jorge Mi\u00f1o\" \/>\n\t<meta name=\"twitter:label2\" content=\"Tiempo de lectura\" \/>\n\t<meta name=\"twitter:data2\" content=\"2 minutos\" \/>\n<script type=\"application\/ld+json\" class=\"yoast-schema-graph\">{\"@context\":\"https:\/\/schema.org\",\"@graph\":[{\"@type\":\"Article\",\"@id\":\"https:\/\/radioinfinitagoya.com.ar\/v1\/2026\/04\/29\/corrientes-sancionaron-a-un-padre-por-incumplir-con-la-cuota-alimentaria\/#article\",\"isPartOf\":{\"@id\":\"https:\/\/radioinfinitagoya.com.ar\/v1\/2026\/04\/29\/corrientes-sancionaron-a-un-padre-por-incumplir-con-la-cuota-alimentaria\/\"},\"author\":{\"name\":\"Jorge Mi\u00f1o\",\"@id\":\"https:\/\/radioinfinitagoya.com.ar\/v1\/#\/schema\/person\/d4cf9c413d4f6edb24aabdccab49ca4a\"},\"headline\":\"Corrientes: sancionaron a un padre por incumplir con la cuota alimentaria\",\"datePublished\":\"2026-04-29T19:04:27+00:00\",\"mainEntityOfPage\":{\"@id\":\"https:\/\/radioinfinitagoya.com.ar\/v1\/2026\/04\/29\/corrientes-sancionaron-a-un-padre-por-incumplir-con-la-cuota-alimentaria\/\"},\"wordCount\":340,\"commentCount\":0,\"publisher\":{\"@id\":\"https:\/\/radioinfinitagoya.com.ar\/v1\/#organization\"},\"image\":{\"@id\":\"https:\/\/radioinfinitagoya.com.ar\/v1\/2026\/04\/29\/corrientes-sancionaron-a-un-padre-por-incumplir-con-la-cuota-alimentaria\/#primaryimage\"},\"thumbnailUrl\":\"https:\/\/radioinfinitagoya.com.ar\/v1\/wp-content\/uploads\/2026\/04\/1777469086241.webp\",\"articleSection\":[\"PROVINCIALES\"],\"inLanguage\":\"es-AR\",\"potentialAction\":[{\"@type\":\"CommentAction\",\"name\":\"Comment\",\"target\":[\"https:\/\/radioinfinitagoya.com.ar\/v1\/2026\/04\/29\/corrientes-sancionaron-a-un-padre-por-incumplir-con-la-cuota-alimentaria\/#respond\"]}]},{\"@type\":\"WebPage\",\"@id\":\"https:\/\/radioinfinitagoya.com.ar\/v1\/2026\/04\/29\/corrientes-sancionaron-a-un-padre-por-incumplir-con-la-cuota-alimentaria\/\",\"url\":\"https:\/\/radioinfinitagoya.com.ar\/v1\/2026\/04\/29\/corrientes-sancionaron-a-un-padre-por-incumplir-con-la-cuota-alimentaria\/\",\"name\":\"Corrientes: sancionaron a un padre por incumplir con la cuota alimentaria - Radio Infinita Goya\",\"isPartOf\":{\"@id\":\"https:\/\/radioinfinitagoya.com.ar\/v1\/#website\"},\"primaryImageOfPage\":{\"@id\":\"https:\/\/radioinfinitagoya.com.ar\/v1\/2026\/04\/29\/corrientes-sancionaron-a-un-padre-por-incumplir-con-la-cuota-alimentaria\/#primaryimage\"},\"image\":{\"@id\":\"https:\/\/radioinfinitagoya.com.ar\/v1\/2026\/04\/29\/corrientes-sancionaron-a-un-padre-por-incumplir-con-la-cuota-alimentaria\/#primaryimage\"},\"thumbnailUrl\":\"https:\/\/radioinfinitagoya.com.ar\/v1\/wp-content\/uploads\/2026\/04\/1777469086241.webp\",\"datePublished\":\"2026-04-29T19:04:27+00:00\",\"description\":\"Y viajar a Punta del Este Se le prohibi\u00f3 salir del pa\u00eds y tambi\u00e9n se le suspendi\u00f3 la licencia de conducir. Adem\u00e1s, se dispuso la participaci\u00f3n de los\",\"breadcrumb\":{\"@id\":\"https:\/\/radioinfinitagoya.com.ar\/v1\/2026\/04\/29\/corrientes-sancionaron-a-un-padre-por-incumplir-con-la-cuota-alimentaria\/#breadcrumb\"},\"inLanguage\":\"es-AR\",\"potentialAction\":[{\"@type\":\"ReadAction\",\"target\":[\"https:\/\/radioinfinitagoya.com.ar\/v1\/2026\/04\/29\/corrientes-sancionaron-a-un-padre-por-incumplir-con-la-cuota-alimentaria\/\"]}]},{\"@type\":\"ImageObject\",\"inLanguage\":\"es-AR\",\"@id\":\"https:\/\/radioinfinitagoya.com.ar\/v1\/2026\/04\/29\/corrientes-sancionaron-a-un-padre-por-incumplir-con-la-cuota-alimentaria\/#primaryimage\",\"url\":\"https:\/\/radioinfinitagoya.com.ar\/v1\/wp-content\/uploads\/2026\/04\/1777469086241.webp\",\"contentUrl\":\"https:\/\/radioinfinitagoya.com.ar\/v1\/wp-content\/uploads\/2026\/04\/1777469086241.webp\",\"width\":1200,\"height\":675},{\"@type\":\"BreadcrumbList\",\"@id\":\"https:\/\/radioinfinitagoya.com.ar\/v1\/2026\/04\/29\/corrientes-sancionaron-a-un-padre-por-incumplir-con-la-cuota-alimentaria\/#breadcrumb\",\"itemListElement\":[{\"@type\":\"ListItem\",\"position\":1,\"name\":\"Inicio\",\"item\":\"https:\/\/radioinfinitagoya.com.ar\/v1\/\"},{\"@type\":\"ListItem\",\"position\":2,\"name\":\"Corrientes: sancionaron a un padre por incumplir con la cuota alimentaria\"}]},{\"@type\":\"WebSite\",\"@id\":\"https:\/\/radioinfinitagoya.com.ar\/v1\/#website\",\"url\":\"https:\/\/radioinfinitagoya.com.ar\/v1\/\",\"name\":\"radioinfinitagoya.com.ar\",\"description\":\"Radio de noticias\",\"publisher\":{\"@id\":\"https:\/\/radioinfinitagoya.com.ar\/v1\/#organization\"},\"potentialAction\":[{\"@type\":\"SearchAction\",\"target\":{\"@type\":\"EntryPoint\",\"urlTemplate\":\"https:\/\/radioinfinitagoya.com.ar\/v1\/?s={search_term_string}\"},\"query-input\":{\"@type\":\"PropertyValueSpecification\",\"valueRequired\":true,\"valueName\":\"search_term_string\"}}],\"inLanguage\":\"es-AR\"},{\"@type\":\"Organization\",\"@id\":\"https:\/\/radioinfinitagoya.com.ar\/v1\/#organization\",\"name\":\"Radio Infinita Goya\",\"url\":\"https:\/\/radioinfinitagoya.com.ar\/v1\/\",\"logo\":{\"@type\":\"ImageObject\",\"inLanguage\":\"es-AR\",\"@id\":\"https:\/\/radioinfinitagoya.com.ar\/v1\/#\/schema\/logo\/image\/\",\"url\":\"https:\/\/radioinfinitagoya.com.ar\/v1\/wp-content\/uploads\/2019\/11\/logo-pie-web.png\",\"contentUrl\":\"https:\/\/radioinfinitagoya.com.ar\/v1\/wp-content\/uploads\/2019\/11\/logo-pie-web.png\",\"width\":635,\"height\":326,\"caption\":\"Radio Infinita Goya\"},\"image\":{\"@id\":\"https:\/\/radioinfinitagoya.com.ar\/v1\/#\/schema\/logo\/image\/\"},\"sameAs\":[\"https:\/\/www.facebook.com\/p\/Infinita-Goya-100063870918311\/\"]},{\"@type\":\"Person\",\"@id\":\"https:\/\/radioinfinitagoya.com.ar\/v1\/#\/schema\/person\/d4cf9c413d4f6edb24aabdccab49ca4a\",\"name\":\"Jorge Mi\u00f1o\",\"image\":{\"@type\":\"ImageObject\",\"inLanguage\":\"es-AR\",\"@id\":\"https:\/\/secure.gravatar.com\/avatar\/910fcf6728fe95320e07a6643c1581fec1c7fc4bf8ae12e3d8f0d0373dc844be?s=96&d=mm&r=g\",\"url\":\"https:\/\/secure.gravatar.com\/avatar\/910fcf6728fe95320e07a6643c1581fec1c7fc4bf8ae12e3d8f0d0373dc844be?s=96&d=mm&r=g\",\"contentUrl\":\"https:\/\/secure.gravatar.com\/avatar\/910fcf6728fe95320e07a6643c1581fec1c7fc4bf8ae12e3d8f0d0373dc844be?s=96&d=mm&r=g\",\"caption\":\"Jorge Mi\u00f1o\"},\"sameAs\":[\"http:\/\/radioinfinitagoya.com.ar\"]}]}<\/script>\n<!-- \/ Yoast SEO plugin. -->","yoast_head_json":{"title":"Corrientes: sancionaron a un padre por incumplir con la cuota alimentaria - Radio Infinita Goya","description":"Y viajar a Punta del Este Se le prohibi\u00f3 salir del pa\u00eds y tambi\u00e9n se le suspendi\u00f3 la licencia de conducir. Adem\u00e1s, se dispuso la participaci\u00f3n de los","robots":{"index":"index","follow":"follow","max-snippet":"max-snippet:-1","max-image-preview":"max-image-preview:large","max-video-preview":"max-video-preview:-1"},"canonical":"https:\/\/radioinfinitagoya.com.ar\/v1\/2026\/04\/29\/corrientes-sancionaron-a-un-padre-por-incumplir-con-la-cuota-alimentaria\/","og_locale":"es_ES","og_type":"article","og_title":"Corrientes: sancionaron a un padre por incumplir con la cuota alimentaria - Radio Infinita Goya","og_description":"Y viajar a Punta del Este Se le prohibi\u00f3 salir del pa\u00eds y tambi\u00e9n se le suspendi\u00f3 la licencia de conducir. Adem\u00e1s, se dispuso la participaci\u00f3n de los","og_url":"https:\/\/radioinfinitagoya.com.ar\/v1\/2026\/04\/29\/corrientes-sancionaron-a-un-padre-por-incumplir-con-la-cuota-alimentaria\/","og_site_name":"Radio Infinita Goya","article_publisher":"https:\/\/www.facebook.com\/p\/Infinita-Goya-100063870918311\/","article_published_time":"2026-04-29T19:04:27+00:00","og_image":[{"width":1200,"height":675,"url":"https:\/\/radioinfinitagoya.com.ar\/v1\/wp-content\/uploads\/2026\/04\/1777469086241.webp","type":"image\/webp"}],"author":"Jorge Mi\u00f1o","twitter_card":"summary_large_image","twitter_misc":{"Escrito por":"Jorge Mi\u00f1o","Tiempo de lectura":"2 minutos"},"schema":{"@context":"https:\/\/schema.org","@graph":[{"@type":"Article","@id":"https:\/\/radioinfinitagoya.com.ar\/v1\/2026\/04\/29\/corrientes-sancionaron-a-un-padre-por-incumplir-con-la-cuota-alimentaria\/#article","isPartOf":{"@id":"https:\/\/radioinfinitagoya.com.ar\/v1\/2026\/04\/29\/corrientes-sancionaron-a-un-padre-por-incumplir-con-la-cuota-alimentaria\/"},"author":{"name":"Jorge Mi\u00f1o","@id":"https:\/\/radioinfinitagoya.com.ar\/v1\/#\/schema\/person\/d4cf9c413d4f6edb24aabdccab49ca4a"},"headline":"Corrientes: sancionaron a un padre por incumplir con la cuota alimentaria","datePublished":"2026-04-29T19:04:27+00:00","mainEntityOfPage":{"@id":"https:\/\/radioinfinitagoya.com.ar\/v1\/2026\/04\/29\/corrientes-sancionaron-a-un-padre-por-incumplir-con-la-cuota-alimentaria\/"},"wordCount":340,"commentCount":0,"publisher":{"@id":"https:\/\/radioinfinitagoya.com.ar\/v1\/#organization"},"image":{"@id":"https:\/\/radioinfinitagoya.com.ar\/v1\/2026\/04\/29\/corrientes-sancionaron-a-un-padre-por-incumplir-con-la-cuota-alimentaria\/#primaryimage"},"thumbnailUrl":"https:\/\/radioinfinitagoya.com.ar\/v1\/wp-content\/uploads\/2026\/04\/1777469086241.webp","articleSection":["PROVINCIALES"],"inLanguage":"es-AR","potentialAction":[{"@type":"CommentAction","name":"Comment","target":["https:\/\/radioinfinitagoya.com.ar\/v1\/2026\/04\/29\/corrientes-sancionaron-a-un-padre-por-incumplir-con-la-cuota-alimentaria\/#respond"]}]},{"@type":"WebPage","@id":"https:\/\/radioinfinitagoya.com.ar\/v1\/2026\/04\/29\/corrientes-sancionaron-a-un-padre-por-incumplir-con-la-cuota-alimentaria\/","url":"https:\/\/radioinfinitagoya.com.ar\/v1\/2026\/04\/29\/corrientes-sancionaron-a-un-padre-por-incumplir-con-la-cuota-alimentaria\/","name":"Corrientes: sancionaron a un padre por incumplir con la cuota alimentaria - Radio Infinita Goya","isPartOf":{"@id":"https:\/\/radioinfinitagoya.com.ar\/v1\/#website"},"primaryImageOfPage":{"@id":"https:\/\/radioinfinitagoya.com.ar\/v1\/2026\/04\/29\/corrientes-sancionaron-a-un-padre-por-incumplir-con-la-cuota-alimentaria\/#primaryimage"},"image":{"@id":"https:\/\/radioinfinitagoya.com.ar\/v1\/2026\/04\/29\/corrientes-sancionaron-a-un-padre-por-incumplir-con-la-cuota-alimentaria\/#primaryimage"},"thumbnailUrl":"https:\/\/radioinfinitagoya.com.ar\/v1\/wp-content\/uploads\/2026\/04\/1777469086241.webp","datePublished":"2026-04-29T19:04:27+00:00","description":"Y viajar a Punta del Este Se le prohibi\u00f3 salir del pa\u00eds y tambi\u00e9n se le suspendi\u00f3 la licencia de conducir. Adem\u00e1s, se dispuso la participaci\u00f3n de los","breadcrumb":{"@id":"https:\/\/radioinfinitagoya.com.ar\/v1\/2026\/04\/29\/corrientes-sancionaron-a-un-padre-por-incumplir-con-la-cuota-alimentaria\/#breadcrumb"},"inLanguage":"es-AR","potentialAction":[{"@type":"ReadAction","target":["https:\/\/radioinfinitagoya.com.ar\/v1\/2026\/04\/29\/corrientes-sancionaron-a-un-padre-por-incumplir-con-la-cuota-alimentaria\/"]}]},{"@type":"ImageObject","inLanguage":"es-AR","@id":"https:\/\/radioinfinitagoya.com.ar\/v1\/2026\/04\/29\/corrientes-sancionaron-a-un-padre-por-incumplir-con-la-cuota-alimentaria\/#primaryimage","url":"https:\/\/radioinfinitagoya.com.ar\/v1\/wp-content\/uploads\/2026\/04\/1777469086241.webp","contentUrl":"https:\/\/radioinfinitagoya.com.ar\/v1\/wp-content\/uploads\/2026\/04\/1777469086241.webp","width":1200,"height":675},{"@type":"BreadcrumbList","@id":"https:\/\/radioinfinitagoya.com.ar\/v1\/2026\/04\/29\/corrientes-sancionaron-a-un-padre-por-incumplir-con-la-cuota-alimentaria\/#breadcrumb","itemListElement":[{"@type":"ListItem","position":1,"name":"Inicio","item":"https:\/\/radioinfinitagoya.com.ar\/v1\/"},{"@type":"ListItem","position":2,"name":"Corrientes: sancionaron a un padre por incumplir con la cuota alimentaria"}]},{"@type":"WebSite","@id":"https:\/\/radioinfinitagoya.com.ar\/v1\/#website","url":"https:\/\/radioinfinitagoya.com.ar\/v1\/","name":"radioinfinitagoya.com.ar","description":"Radio de noticias","publisher":{"@id":"https:\/\/radioinfinitagoya.com.ar\/v1\/#organization"},"potentialAction":[{"@type":"SearchAction","target":{"@type":"EntryPoint","urlTemplate":"https:\/\/radioinfinitagoya.com.ar\/v1\/?s={search_term_string}"},"query-input":{"@type":"PropertyValueSpecification","valueRequired":true,"valueName":"search_term_string"}}],"inLanguage":"es-AR"},{"@type":"Organization","@id":"https:\/\/radioinfinitagoya.com.ar\/v1\/#organization","name":"Radio Infinita Goya","url":"https:\/\/radioinfinitagoya.com.ar\/v1\/","logo":{"@type":"ImageObject","inLanguage":"es-AR","@id":"https:\/\/radioinfinitagoya.com.ar\/v1\/#\/schema\/logo\/image\/","url":"https:\/\/radioinfinitagoya.com.ar\/v1\/wp-content\/uploads\/2019\/11\/logo-pie-web.png","contentUrl":"https:\/\/radioinfinitagoya.com.ar\/v1\/wp-content\/uploads\/2019\/11\/logo-pie-web.png","width":635,"height":326,"caption":"Radio Infinita Goya"},"image":{"@id":"https:\/\/radioinfinitagoya.com.ar\/v1\/#\/schema\/logo\/image\/"},"sameAs":["https:\/\/www.facebook.com\/p\/Infinita-Goya-100063870918311\/"]},{"@type":"Person","@id":"https:\/\/radioinfinitagoya.com.ar\/v1\/#\/schema\/person\/d4cf9c413d4f6edb24aabdccab49ca4a","name":"Jorge Mi\u00f1o","image":{"@type":"ImageObject","inLanguage":"es-AR","@id":"https:\/\/secure.gravatar.com\/avatar\/910fcf6728fe95320e07a6643c1581fec1c7fc4bf8ae12e3d8f0d0373dc844be?s=96&d=mm&r=g","url":"https:\/\/secure.gravatar.com\/avatar\/910fcf6728fe95320e07a6643c1581fec1c7fc4bf8ae12e3d8f0d0373dc844be?s=96&d=mm&r=g","contentUrl":"https:\/\/secure.gravatar.com\/avatar\/910fcf6728fe95320e07a6643c1581fec1c7fc4bf8ae12e3d8f0d0373dc844be?s=96&d=mm&r=g","caption":"Jorge Mi\u00f1o"},"sameAs":["http:\/\/radioinfinitagoya.com.ar"]}]}},"_links":{"self":[{"href":"https:\/\/radioinfinitagoya.com.ar\/v1\/wp-json\/wp\/v2\/posts\/213906","targetHints":{"allow":["GET"]}}],"collection":[{"href":"https:\/\/radioinfinitagoya.com.ar\/v1\/wp-json\/wp\/v2\/posts"}],"about":[{"href":"https:\/\/radioinfinitagoya.com.ar\/v1\/wp-json\/wp\/v2\/types\/post"}],"author":[{"embeddable":true,"href":"https:\/\/radioinfinitagoya.com.ar\/v1\/wp-json\/wp\/v2\/users\/4"}],"replies":[{"embeddable":true,"href":"https:\/\/radioinfinitagoya.com.ar\/v1\/wp-json\/wp\/v2\/comments?post=213906"}],"version-history":[{"count":1,"href":"https:\/\/radioinfinitagoya.com.ar\/v1\/wp-json\/wp\/v2\/posts\/213906\/revisions"}],"predecessor-version":[{"id":213908,"href":"https:\/\/radioinfinitagoya.com.ar\/v1\/wp-json\/wp\/v2\/posts\/213906\/revisions\/213908"}],"wp:featuredmedia":[{"embeddable":true,"href":"https:\/\/radioinfinitagoya.com.ar\/v1\/wp-json\/wp\/v2\/media\/213907"}],"wp:attachment":[{"href":"https:\/\/radioinfinitagoya.com.ar\/v1\/wp-json\/wp\/v2\/media?parent=213906"}],"wp:term":[{"taxonomy":"category","embeddable":true,"href":"https:\/\/radioinfinitagoya.com.ar\/v1\/wp-json\/wp\/v2\/categories?post=213906"},{"taxonomy":"post_tag","embeddable":true,"href":"https:\/\/radioinfinitagoya.com.ar\/v1\/wp-json\/wp\/v2\/tags?post=213906"}],"curies":[{"name":"wp","href":"https:\/\/api.w.org\/{rel}","templated":true}]}}