{"id":213914,"date":"2026-04-29T16:11:48","date_gmt":"2026-04-29T19:11:48","guid":{"rendered":"https:\/\/radioinfinitagoya.com.ar\/v1\/?p=213914"},"modified":"2026-04-29T16:12:07","modified_gmt":"2026-04-29T19:12:07","slug":"juan-pablo-valdes-inauguro-la-nueva-costanera-de-goya-con-una-inversion-millonaria","status":"publish","type":"post","link":"https:\/\/radioinfinitagoya.com.ar\/v1\/2026\/04\/29\/juan-pablo-valdes-inauguro-la-nueva-costanera-de-goya-con-una-inversion-millonaria\/","title":{"rendered":"Juan P Vald\u00e9s inaugur\u00f3 la nueva costanera de Goya con una inversi\u00f3n millonaria"},"content":{"rendered":"<p>El gobernador encabez\u00f3 la apertura del renovado paseo costero.<\/p>\n<p>La nueva costanera de Goya fue inaugurada este martes por la noche, en un acto encabezado por el gobernador Juan Pablo Vald\u00e9s. La obra, financiada en su totalidad por la provincia de Corrientes, se presenta como un eje estrat\u00e9gico para el crecimiento de la ciudad.<\/p>\n<p>La habilitaci\u00f3n se realiz\u00f3 en el marco de la 49\u00b0 Fiesta Nacional del Surub\u00ed, uno de los eventos m\u00e1s convocantes de la regi\u00f3n. Durante el acto, el mandatario destac\u00f3 la magnitud de la inversi\u00f3n y el impacto de la intervenci\u00f3n en la ribera local.<\/p>\n<p>\u201cEl Gobierno de Corrientes destin\u00f3 casi 26 mil millones de pesos a la costanera. Eso es lo que significa Goya para nosotros\u201d, afirm\u00f3 Vald\u00e9s, al resaltar el esfuerzo econ\u00f3mico enfocado a recuperar un espacio emblem\u00e1tico.<\/p>\n<p>Una obra que redefine la ribera<\/p>\n<p><img loading=\"lazy\" decoding=\"async\" class=\"alignnone size-medium wp-image-213916\" src=\"https:\/\/radioinfinitagoya.com.ar\/v1\/wp-content\/uploads\/2026\/04\/1777459377445-600x399.jpeg\" alt=\"\" width=\"600\" height=\"399\" srcset=\"https:\/\/radioinfinitagoya.com.ar\/v1\/wp-content\/uploads\/2026\/04\/1777459377445-600x399.jpeg 600w, https:\/\/radioinfinitagoya.com.ar\/v1\/wp-content\/uploads\/2026\/04\/1777459377445-150x100.jpeg 150w, https:\/\/radioinfinitagoya.com.ar\/v1\/wp-content\/uploads\/2026\/04\/1777459377445-768x511.jpeg 768w, https:\/\/radioinfinitagoya.com.ar\/v1\/wp-content\/uploads\/2026\/04\/1777459377445-631x420.jpeg 631w, https:\/\/radioinfinitagoya.com.ar\/v1\/wp-content\/uploads\/2026\/04\/1777459377445-696x463.jpeg 696w, https:\/\/radioinfinitagoya.com.ar\/v1\/wp-content\/uploads\/2026\/04\/1777459377445.jpeg 807w\" sizes=\"auto, (max-width: 600px) 100vw, 600px\" \/><\/p>\n<p>El proyecto surgi\u00f3 tras el derrumbe de un sector del paseo en 2022, durante la gesti\u00f3n del entonces gobernador Gustavo Vald\u00e9s. Lo que inicialmente fue una reparaci\u00f3n puntual se convirti\u00f3 en una obra integral de mayor escala.<\/p>\n<p>La nueva infraestructura abarca cerca de 500 metros de extensi\u00f3n y se organiza en dos niveles. El superior ofrece vistas al r\u00edo Paran\u00e1, mientras que el inferior permite un contacto m\u00e1s directo con el entorno natural.<\/p>\n<p>Ambos sectores est\u00e1n conectados mediante terrazas, escalinatas, grader\u00edas y rampas que garantizan accesibilidad. La intervenci\u00f3n incluy\u00f3 adem\u00e1s defensas costeras de hormig\u00f3n, sistemas de desag\u00fce y nueva iluminaci\u00f3n.<\/p>\n<p>Proyecci\u00f3n y servicios<\/p>\n<p>El gobernador anticip\u00f3 la posibilidad de ampliar la obra en una pr\u00f3xima etapa. \u201cAhora queda trabajar en c\u00f3mo vamos a hacer la prolongaci\u00f3n de esta gran obra\u201d, se\u00f1al\u00f3 junto al intendente Mariano Hormaechea.<\/p>\n<p><img loading=\"lazy\" decoding=\"async\" class=\"alignnone size-medium wp-image-213917\" src=\"https:\/\/radioinfinitagoya.com.ar\/v1\/wp-content\/uploads\/2026\/04\/1777459433295-600x312.png\" alt=\"\" width=\"600\" height=\"312\" srcset=\"https:\/\/radioinfinitagoya.com.ar\/v1\/wp-content\/uploads\/2026\/04\/1777459433295-600x312.png 600w, https:\/\/radioinfinitagoya.com.ar\/v1\/wp-content\/uploads\/2026\/04\/1777459433295-150x78.png 150w, https:\/\/radioinfinitagoya.com.ar\/v1\/wp-content\/uploads\/2026\/04\/1777459433295-768x400.png 768w, https:\/\/radioinfinitagoya.com.ar\/v1\/wp-content\/uploads\/2026\/04\/1777459433295-696x362.png 696w, https:\/\/radioinfinitagoya.com.ar\/v1\/wp-content\/uploads\/2026\/04\/1777459433295.png 807w\" sizes=\"auto, (max-width: 600px) 100vw, 600px\" \/><\/p>\n<p>&nbsp;<\/p>\n","protected":false},"excerpt":{"rendered":"<p>El gobernador encabez\u00f3 la apertura del renovado paseo costero. La nueva costanera de Goya fue inaugurada este martes por la noche, en un acto encabezado por el gobernador Juan Pablo Vald\u00e9s. La obra, financiada en su totalidad por la provincia de Corrientes, se presenta como un eje estrat\u00e9gico para el crecimiento de la ciudad. La [&hellip;]<\/p>\n","protected":false},"author":4,"featured_media":213915,"comment_status":"open","ping_status":"open","sticky":false,"template":"","format":"standard","meta":{"_joinchat":[],"footnotes":""},"categories":[26],"tags":[],"class_list":{"0":"post-213914","1":"post","2":"type-post","3":"status-publish","4":"format-standard","5":"has-post-thumbnail","7":"category-provinciales"},"yoast_head":"<!-- This site is optimized with the Yoast SEO plugin v27.2 - https:\/\/yoast.com\/product\/yoast-seo-wordpress\/ -->\n<title>Juan P Vald\u00e9s inaugur\u00f3 la nueva costanera de Goya con una inversi\u00f3n millonaria - Radio Infinita Goya<\/title>\n<meta name=\"description\" content=\"El gobernador encabez\u00f3 la apertura del renovado paseo costero. La nueva costanera de Goya fue inaugurada este martes por la noche, en un acto encabezado\" \/>\n<meta name=\"robots\" content=\"index, follow, max-snippet:-1, max-image-preview:large, max-video-preview:-1\" \/>\n<link rel=\"canonical\" href=\"https:\/\/radioinfinitagoya.com.ar\/v1\/2026\/04\/29\/juan-pablo-valdes-inauguro-la-nueva-costanera-de-goya-con-una-inversion-millonaria\/\" \/>\n<meta property=\"og:locale\" content=\"es_ES\" \/>\n<meta property=\"og:type\" content=\"article\" \/>\n<meta property=\"og:title\" content=\"Juan P Vald\u00e9s inaugur\u00f3 la nueva costanera de Goya con una inversi\u00f3n millonaria - Radio Infinita Goya\" \/>\n<meta property=\"og:description\" content=\"El gobernador encabez\u00f3 la apertura del renovado paseo costero. La nueva costanera de Goya fue inaugurada este martes por la noche, en un acto encabezado\" \/>\n<meta property=\"og:url\" content=\"https:\/\/radioinfinitagoya.com.ar\/v1\/2026\/04\/29\/juan-pablo-valdes-inauguro-la-nueva-costanera-de-goya-con-una-inversion-millonaria\/\" \/>\n<meta property=\"og:site_name\" content=\"Radio Infinita Goya\" \/>\n<meta property=\"article:publisher\" content=\"https:\/\/www.facebook.com\/p\/Infinita-Goya-100063870918311\/\" \/>\n<meta property=\"article:published_time\" content=\"2026-04-29T19:11:48+00:00\" \/>\n<meta property=\"article:modified_time\" content=\"2026-04-29T19:12:07+00:00\" \/>\n<meta property=\"og:image\" content=\"https:\/\/radioinfinitagoya.com.ar\/v1\/wp-content\/uploads\/2026\/04\/1777459287633.webp\" \/>\n\t<meta property=\"og:image:width\" content=\"1200\" \/>\n\t<meta property=\"og:image:height\" content=\"675\" \/>\n\t<meta property=\"og:image:type\" content=\"image\/webp\" \/>\n<meta name=\"author\" content=\"Jorge Mi\u00f1o\" \/>\n<meta name=\"twitter:card\" content=\"summary_large_image\" \/>\n<meta name=\"twitter:label1\" content=\"Escrito por\" \/>\n\t<meta name=\"twitter:data1\" content=\"Jorge Mi\u00f1o\" \/>\n\t<meta name=\"twitter:label2\" content=\"Tiempo de lectura\" \/>\n\t<meta name=\"twitter:data2\" content=\"2 minutos\" \/>\n<script type=\"application\/ld+json\" class=\"yoast-schema-graph\">{\"@context\":\"https:\/\/schema.org\",\"@graph\":[{\"@type\":\"Article\",\"@id\":\"https:\/\/radioinfinitagoya.com.ar\/v1\/2026\/04\/29\/juan-pablo-valdes-inauguro-la-nueva-costanera-de-goya-con-una-inversion-millonaria\/#article\",\"isPartOf\":{\"@id\":\"https:\/\/radioinfinitagoya.com.ar\/v1\/2026\/04\/29\/juan-pablo-valdes-inauguro-la-nueva-costanera-de-goya-con-una-inversion-millonaria\/\"},\"author\":{\"name\":\"Jorge Mi\u00f1o\",\"@id\":\"https:\/\/radioinfinitagoya.com.ar\/v1\/#\/schema\/person\/d4cf9c413d4f6edb24aabdccab49ca4a\"},\"headline\":\"Juan P Vald\u00e9s inaugur\u00f3 la nueva costanera de Goya con una inversi\u00f3n millonaria\",\"datePublished\":\"2026-04-29T19:11:48+00:00\",\"dateModified\":\"2026-04-29T19:12:07+00:00\",\"mainEntityOfPage\":{\"@id\":\"https:\/\/radioinfinitagoya.com.ar\/v1\/2026\/04\/29\/juan-pablo-valdes-inauguro-la-nueva-costanera-de-goya-con-una-inversion-millonaria\/\"},\"wordCount\":315,\"commentCount\":0,\"publisher\":{\"@id\":\"https:\/\/radioinfinitagoya.com.ar\/v1\/#organization\"},\"image\":{\"@id\":\"https:\/\/radioinfinitagoya.com.ar\/v1\/2026\/04\/29\/juan-pablo-valdes-inauguro-la-nueva-costanera-de-goya-con-una-inversion-millonaria\/#primaryimage\"},\"thumbnailUrl\":\"https:\/\/radioinfinitagoya.com.ar\/v1\/wp-content\/uploads\/2026\/04\/1777459287633.webp\",\"articleSection\":[\"PROVINCIALES\"],\"inLanguage\":\"es-AR\",\"potentialAction\":[{\"@type\":\"CommentAction\",\"name\":\"Comment\",\"target\":[\"https:\/\/radioinfinitagoya.com.ar\/v1\/2026\/04\/29\/juan-pablo-valdes-inauguro-la-nueva-costanera-de-goya-con-una-inversion-millonaria\/#respond\"]}]},{\"@type\":\"WebPage\",\"@id\":\"https:\/\/radioinfinitagoya.com.ar\/v1\/2026\/04\/29\/juan-pablo-valdes-inauguro-la-nueva-costanera-de-goya-con-una-inversion-millonaria\/\",\"url\":\"https:\/\/radioinfinitagoya.com.ar\/v1\/2026\/04\/29\/juan-pablo-valdes-inauguro-la-nueva-costanera-de-goya-con-una-inversion-millonaria\/\",\"name\":\"Juan P Vald\u00e9s inaugur\u00f3 la nueva costanera de Goya con una inversi\u00f3n millonaria - Radio Infinita Goya\",\"isPartOf\":{\"@id\":\"https:\/\/radioinfinitagoya.com.ar\/v1\/#website\"},\"primaryImageOfPage\":{\"@id\":\"https:\/\/radioinfinitagoya.com.ar\/v1\/2026\/04\/29\/juan-pablo-valdes-inauguro-la-nueva-costanera-de-goya-con-una-inversion-millonaria\/#primaryimage\"},\"image\":{\"@id\":\"https:\/\/radioinfinitagoya.com.ar\/v1\/2026\/04\/29\/juan-pablo-valdes-inauguro-la-nueva-costanera-de-goya-con-una-inversion-millonaria\/#primaryimage\"},\"thumbnailUrl\":\"https:\/\/radioinfinitagoya.com.ar\/v1\/wp-content\/uploads\/2026\/04\/1777459287633.webp\",\"datePublished\":\"2026-04-29T19:11:48+00:00\",\"dateModified\":\"2026-04-29T19:12:07+00:00\",\"description\":\"El gobernador encabez\u00f3 la apertura del renovado paseo costero. La nueva costanera de Goya fue inaugurada este martes por la noche, en un acto encabezado\",\"breadcrumb\":{\"@id\":\"https:\/\/radioinfinitagoya.com.ar\/v1\/2026\/04\/29\/juan-pablo-valdes-inauguro-la-nueva-costanera-de-goya-con-una-inversion-millonaria\/#breadcrumb\"},\"inLanguage\":\"es-AR\",\"potentialAction\":[{\"@type\":\"ReadAction\",\"target\":[\"https:\/\/radioinfinitagoya.com.ar\/v1\/2026\/04\/29\/juan-pablo-valdes-inauguro-la-nueva-costanera-de-goya-con-una-inversion-millonaria\/\"]}]},{\"@type\":\"ImageObject\",\"inLanguage\":\"es-AR\",\"@id\":\"https:\/\/radioinfinitagoya.com.ar\/v1\/2026\/04\/29\/juan-pablo-valdes-inauguro-la-nueva-costanera-de-goya-con-una-inversion-millonaria\/#primaryimage\",\"url\":\"https:\/\/radioinfinitagoya.com.ar\/v1\/wp-content\/uploads\/2026\/04\/1777459287633.webp\",\"contentUrl\":\"https:\/\/radioinfinitagoya.com.ar\/v1\/wp-content\/uploads\/2026\/04\/1777459287633.webp\",\"width\":1200,\"height\":675},{\"@type\":\"BreadcrumbList\",\"@id\":\"https:\/\/radioinfinitagoya.com.ar\/v1\/2026\/04\/29\/juan-pablo-valdes-inauguro-la-nueva-costanera-de-goya-con-una-inversion-millonaria\/#breadcrumb\",\"itemListElement\":[{\"@type\":\"ListItem\",\"position\":1,\"name\":\"Inicio\",\"item\":\"https:\/\/radioinfinitagoya.com.ar\/v1\/\"},{\"@type\":\"ListItem\",\"position\":2,\"name\":\"Juan P Vald\u00e9s inaugur\u00f3 la nueva costanera de Goya con una inversi\u00f3n millonaria\"}]},{\"@type\":\"WebSite\",\"@id\":\"https:\/\/radioinfinitagoya.com.ar\/v1\/#website\",\"url\":\"https:\/\/radioinfinitagoya.com.ar\/v1\/\",\"name\":\"radioinfinitagoya.com.ar\",\"description\":\"Radio de noticias\",\"publisher\":{\"@id\":\"https:\/\/radioinfinitagoya.com.ar\/v1\/#organization\"},\"potentialAction\":[{\"@type\":\"SearchAction\",\"target\":{\"@type\":\"EntryPoint\",\"urlTemplate\":\"https:\/\/radioinfinitagoya.com.ar\/v1\/?s={search_term_string}\"},\"query-input\":{\"@type\":\"PropertyValueSpecification\",\"valueRequired\":true,\"valueName\":\"search_term_string\"}}],\"inLanguage\":\"es-AR\"},{\"@type\":\"Organization\",\"@id\":\"https:\/\/radioinfinitagoya.com.ar\/v1\/#organization\",\"name\":\"Radio Infinita Goya\",\"url\":\"https:\/\/radioinfinitagoya.com.ar\/v1\/\",\"logo\":{\"@type\":\"ImageObject\",\"inLanguage\":\"es-AR\",\"@id\":\"https:\/\/radioinfinitagoya.com.ar\/v1\/#\/schema\/logo\/image\/\",\"url\":\"https:\/\/radioinfinitagoya.com.ar\/v1\/wp-content\/uploads\/2019\/11\/logo-pie-web.png\",\"contentUrl\":\"https:\/\/radioinfinitagoya.com.ar\/v1\/wp-content\/uploads\/2019\/11\/logo-pie-web.png\",\"width\":635,\"height\":326,\"caption\":\"Radio Infinita Goya\"},\"image\":{\"@id\":\"https:\/\/radioinfinitagoya.com.ar\/v1\/#\/schema\/logo\/image\/\"},\"sameAs\":[\"https:\/\/www.facebook.com\/p\/Infinita-Goya-100063870918311\/\"]},{\"@type\":\"Person\",\"@id\":\"https:\/\/radioinfinitagoya.com.ar\/v1\/#\/schema\/person\/d4cf9c413d4f6edb24aabdccab49ca4a\",\"name\":\"Jorge Mi\u00f1o\",\"image\":{\"@type\":\"ImageObject\",\"inLanguage\":\"es-AR\",\"@id\":\"https:\/\/secure.gravatar.com\/avatar\/910fcf6728fe95320e07a6643c1581fec1c7fc4bf8ae12e3d8f0d0373dc844be?s=96&d=mm&r=g\",\"url\":\"https:\/\/secure.gravatar.com\/avatar\/910fcf6728fe95320e07a6643c1581fec1c7fc4bf8ae12e3d8f0d0373dc844be?s=96&d=mm&r=g\",\"contentUrl\":\"https:\/\/secure.gravatar.com\/avatar\/910fcf6728fe95320e07a6643c1581fec1c7fc4bf8ae12e3d8f0d0373dc844be?s=96&d=mm&r=g\",\"caption\":\"Jorge Mi\u00f1o\"},\"sameAs\":[\"http:\/\/radioinfinitagoya.com.ar\"]}]}<\/script>\n<!-- \/ Yoast SEO plugin. -->","yoast_head_json":{"title":"Juan P Vald\u00e9s inaugur\u00f3 la nueva costanera de Goya con una inversi\u00f3n millonaria - Radio Infinita Goya","description":"El gobernador encabez\u00f3 la apertura del renovado paseo costero. La nueva costanera de Goya fue inaugurada este martes por la noche, en un acto encabezado","robots":{"index":"index","follow":"follow","max-snippet":"max-snippet:-1","max-image-preview":"max-image-preview:large","max-video-preview":"max-video-preview:-1"},"canonical":"https:\/\/radioinfinitagoya.com.ar\/v1\/2026\/04\/29\/juan-pablo-valdes-inauguro-la-nueva-costanera-de-goya-con-una-inversion-millonaria\/","og_locale":"es_ES","og_type":"article","og_title":"Juan P Vald\u00e9s inaugur\u00f3 la nueva costanera de Goya con una inversi\u00f3n millonaria - Radio Infinita Goya","og_description":"El gobernador encabez\u00f3 la apertura del renovado paseo costero. La nueva costanera de Goya fue inaugurada este martes por la noche, en un acto encabezado","og_url":"https:\/\/radioinfinitagoya.com.ar\/v1\/2026\/04\/29\/juan-pablo-valdes-inauguro-la-nueva-costanera-de-goya-con-una-inversion-millonaria\/","og_site_name":"Radio Infinita Goya","article_publisher":"https:\/\/www.facebook.com\/p\/Infinita-Goya-100063870918311\/","article_published_time":"2026-04-29T19:11:48+00:00","article_modified_time":"2026-04-29T19:12:07+00:00","og_image":[{"width":1200,"height":675,"url":"https:\/\/radioinfinitagoya.com.ar\/v1\/wp-content\/uploads\/2026\/04\/1777459287633.webp","type":"image\/webp"}],"author":"Jorge Mi\u00f1o","twitter_card":"summary_large_image","twitter_misc":{"Escrito por":"Jorge Mi\u00f1o","Tiempo de lectura":"2 minutos"},"schema":{"@context":"https:\/\/schema.org","@graph":[{"@type":"Article","@id":"https:\/\/radioinfinitagoya.com.ar\/v1\/2026\/04\/29\/juan-pablo-valdes-inauguro-la-nueva-costanera-de-goya-con-una-inversion-millonaria\/#article","isPartOf":{"@id":"https:\/\/radioinfinitagoya.com.ar\/v1\/2026\/04\/29\/juan-pablo-valdes-inauguro-la-nueva-costanera-de-goya-con-una-inversion-millonaria\/"},"author":{"name":"Jorge Mi\u00f1o","@id":"https:\/\/radioinfinitagoya.com.ar\/v1\/#\/schema\/person\/d4cf9c413d4f6edb24aabdccab49ca4a"},"headline":"Juan P Vald\u00e9s inaugur\u00f3 la nueva costanera de Goya con una inversi\u00f3n millonaria","datePublished":"2026-04-29T19:11:48+00:00","dateModified":"2026-04-29T19:12:07+00:00","mainEntityOfPage":{"@id":"https:\/\/radioinfinitagoya.com.ar\/v1\/2026\/04\/29\/juan-pablo-valdes-inauguro-la-nueva-costanera-de-goya-con-una-inversion-millonaria\/"},"wordCount":315,"commentCount":0,"publisher":{"@id":"https:\/\/radioinfinitagoya.com.ar\/v1\/#organization"},"image":{"@id":"https:\/\/radioinfinitagoya.com.ar\/v1\/2026\/04\/29\/juan-pablo-valdes-inauguro-la-nueva-costanera-de-goya-con-una-inversion-millonaria\/#primaryimage"},"thumbnailUrl":"https:\/\/radioinfinitagoya.com.ar\/v1\/wp-content\/uploads\/2026\/04\/1777459287633.webp","articleSection":["PROVINCIALES"],"inLanguage":"es-AR","potentialAction":[{"@type":"CommentAction","name":"Comment","target":["https:\/\/radioinfinitagoya.com.ar\/v1\/2026\/04\/29\/juan-pablo-valdes-inauguro-la-nueva-costanera-de-goya-con-una-inversion-millonaria\/#respond"]}]},{"@type":"WebPage","@id":"https:\/\/radioinfinitagoya.com.ar\/v1\/2026\/04\/29\/juan-pablo-valdes-inauguro-la-nueva-costanera-de-goya-con-una-inversion-millonaria\/","url":"https:\/\/radioinfinitagoya.com.ar\/v1\/2026\/04\/29\/juan-pablo-valdes-inauguro-la-nueva-costanera-de-goya-con-una-inversion-millonaria\/","name":"Juan P Vald\u00e9s inaugur\u00f3 la nueva costanera de Goya con una inversi\u00f3n millonaria - Radio Infinita Goya","isPartOf":{"@id":"https:\/\/radioinfinitagoya.com.ar\/v1\/#website"},"primaryImageOfPage":{"@id":"https:\/\/radioinfinitagoya.com.ar\/v1\/2026\/04\/29\/juan-pablo-valdes-inauguro-la-nueva-costanera-de-goya-con-una-inversion-millonaria\/#primaryimage"},"image":{"@id":"https:\/\/radioinfinitagoya.com.ar\/v1\/2026\/04\/29\/juan-pablo-valdes-inauguro-la-nueva-costanera-de-goya-con-una-inversion-millonaria\/#primaryimage"},"thumbnailUrl":"https:\/\/radioinfinitagoya.com.ar\/v1\/wp-content\/uploads\/2026\/04\/1777459287633.webp","datePublished":"2026-04-29T19:11:48+00:00","dateModified":"2026-04-29T19:12:07+00:00","description":"El gobernador encabez\u00f3 la apertura del renovado paseo costero. La nueva costanera de Goya fue inaugurada este martes por la noche, en un acto encabezado","breadcrumb":{"@id":"https:\/\/radioinfinitagoya.com.ar\/v1\/2026\/04\/29\/juan-pablo-valdes-inauguro-la-nueva-costanera-de-goya-con-una-inversion-millonaria\/#breadcrumb"},"inLanguage":"es-AR","potentialAction":[{"@type":"ReadAction","target":["https:\/\/radioinfinitagoya.com.ar\/v1\/2026\/04\/29\/juan-pablo-valdes-inauguro-la-nueva-costanera-de-goya-con-una-inversion-millonaria\/"]}]},{"@type":"ImageObject","inLanguage":"es-AR","@id":"https:\/\/radioinfinitagoya.com.ar\/v1\/2026\/04\/29\/juan-pablo-valdes-inauguro-la-nueva-costanera-de-goya-con-una-inversion-millonaria\/#primaryimage","url":"https:\/\/radioinfinitagoya.com.ar\/v1\/wp-content\/uploads\/2026\/04\/1777459287633.webp","contentUrl":"https:\/\/radioinfinitagoya.com.ar\/v1\/wp-content\/uploads\/2026\/04\/1777459287633.webp","width":1200,"height":675},{"@type":"BreadcrumbList","@id":"https:\/\/radioinfinitagoya.com.ar\/v1\/2026\/04\/29\/juan-pablo-valdes-inauguro-la-nueva-costanera-de-goya-con-una-inversion-millonaria\/#breadcrumb","itemListElement":[{"@type":"ListItem","position":1,"name":"Inicio","item":"https:\/\/radioinfinitagoya.com.ar\/v1\/"},{"@type":"ListItem","position":2,"name":"Juan P Vald\u00e9s inaugur\u00f3 la nueva costanera de Goya con una inversi\u00f3n millonaria"}]},{"@type":"WebSite","@id":"https:\/\/radioinfinitagoya.com.ar\/v1\/#website","url":"https:\/\/radioinfinitagoya.com.ar\/v1\/","name":"radioinfinitagoya.com.ar","description":"Radio de noticias","publisher":{"@id":"https:\/\/radioinfinitagoya.com.ar\/v1\/#organization"},"potentialAction":[{"@type":"SearchAction","target":{"@type":"EntryPoint","urlTemplate":"https:\/\/radioinfinitagoya.com.ar\/v1\/?s={search_term_string}"},"query-input":{"@type":"PropertyValueSpecification","valueRequired":true,"valueName":"search_term_string"}}],"inLanguage":"es-AR"},{"@type":"Organization","@id":"https:\/\/radioinfinitagoya.com.ar\/v1\/#organization","name":"Radio Infinita Goya","url":"https:\/\/radioinfinitagoya.com.ar\/v1\/","logo":{"@type":"ImageObject","inLanguage":"es-AR","@id":"https:\/\/radioinfinitagoya.com.ar\/v1\/#\/schema\/logo\/image\/","url":"https:\/\/radioinfinitagoya.com.ar\/v1\/wp-content\/uploads\/2019\/11\/logo-pie-web.png","contentUrl":"https:\/\/radioinfinitagoya.com.ar\/v1\/wp-content\/uploads\/2019\/11\/logo-pie-web.png","width":635,"height":326,"caption":"Radio Infinita Goya"},"image":{"@id":"https:\/\/radioinfinitagoya.com.ar\/v1\/#\/schema\/logo\/image\/"},"sameAs":["https:\/\/www.facebook.com\/p\/Infinita-Goya-100063870918311\/"]},{"@type":"Person","@id":"https:\/\/radioinfinitagoya.com.ar\/v1\/#\/schema\/person\/d4cf9c413d4f6edb24aabdccab49ca4a","name":"Jorge Mi\u00f1o","image":{"@type":"ImageObject","inLanguage":"es-AR","@id":"https:\/\/secure.gravatar.com\/avatar\/910fcf6728fe95320e07a6643c1581fec1c7fc4bf8ae12e3d8f0d0373dc844be?s=96&d=mm&r=g","url":"https:\/\/secure.gravatar.com\/avatar\/910fcf6728fe95320e07a6643c1581fec1c7fc4bf8ae12e3d8f0d0373dc844be?s=96&d=mm&r=g","contentUrl":"https:\/\/secure.gravatar.com\/avatar\/910fcf6728fe95320e07a6643c1581fec1c7fc4bf8ae12e3d8f0d0373dc844be?s=96&d=mm&r=g","caption":"Jorge Mi\u00f1o"},"sameAs":["http:\/\/radioinfinitagoya.com.ar"]}]}},"_links":{"self":[{"href":"https:\/\/radioinfinitagoya.com.ar\/v1\/wp-json\/wp\/v2\/posts\/213914","targetHints":{"allow":["GET"]}}],"collection":[{"href":"https:\/\/radioinfinitagoya.com.ar\/v1\/wp-json\/wp\/v2\/posts"}],"about":[{"href":"https:\/\/radioinfinitagoya.com.ar\/v1\/wp-json\/wp\/v2\/types\/post"}],"author":[{"embeddable":true,"href":"https:\/\/radioinfinitagoya.com.ar\/v1\/wp-json\/wp\/v2\/users\/4"}],"replies":[{"embeddable":true,"href":"https:\/\/radioinfinitagoya.com.ar\/v1\/wp-json\/wp\/v2\/comments?post=213914"}],"version-history":[{"count":2,"href":"https:\/\/radioinfinitagoya.com.ar\/v1\/wp-json\/wp\/v2\/posts\/213914\/revisions"}],"predecessor-version":[{"id":213919,"href":"https:\/\/radioinfinitagoya.com.ar\/v1\/wp-json\/wp\/v2\/posts\/213914\/revisions\/213919"}],"wp:featuredmedia":[{"embeddable":true,"href":"https:\/\/radioinfinitagoya.com.ar\/v1\/wp-json\/wp\/v2\/media\/213915"}],"wp:attachment":[{"href":"https:\/\/radioinfinitagoya.com.ar\/v1\/wp-json\/wp\/v2\/media?parent=213914"}],"wp:term":[{"taxonomy":"category","embeddable":true,"href":"https:\/\/radioinfinitagoya.com.ar\/v1\/wp-json\/wp\/v2\/categories?post=213914"},{"taxonomy":"post_tag","embeddable":true,"href":"https:\/\/radioinfinitagoya.com.ar\/v1\/wp-json\/wp\/v2\/tags?post=213914"}],"curies":[{"name":"wp","href":"https:\/\/api.w.org\/{rel}","templated":true}]}}