{"id":213920,"date":"2026-04-29T16:16:49","date_gmt":"2026-04-29T19:16:49","guid":{"rendered":"https:\/\/radioinfinitagoya.com.ar\/v1\/?p=213920"},"modified":"2026-04-29T16:16:49","modified_gmt":"2026-04-29T19:16:49","slug":"juicio-por-maradona-declaro-veronica-ojeda-e-incorporan-un-sorpresivo-audio","status":"publish","type":"post","link":"https:\/\/radioinfinitagoya.com.ar\/v1\/2026\/04\/29\/juicio-por-maradona-declaro-veronica-ojeda-e-incorporan-un-sorpresivo-audio\/","title":{"rendered":"Juicio por Maradona: declar\u00f3 Ver\u00f3nica Ojeda e incorporan un sorpresivo audio"},"content":{"rendered":"<p>Se trata de la quinta jornada del debate para esclarecer el fallecimiento del astro.<\/p>\n<p>La quinta jornada del juicio por la muerte de Diego Armando Maradona (60) sum\u00f3 este martes un sorpresivo audio sobre la reuni\u00f3n en la Cl\u00ednica Olivos donde se decidi\u00f3 la internaci\u00f3n domiciliaria tras su operaci\u00f3n de un hematoma subdural.<\/p>\n<p>Ver\u00f3nica Ojeda ingres\u00f3 14.40 a la sala de audiencias por la misma puerta que lo hacen los jueces del Tribunal Oral en lo Criminal (TOC) N\u00b0 7 de San Isidro. Se sent\u00f3 frente a ellos y comenz\u00f3 a declarar en la quinta jornada del juicio por la muerte de su ex pareja y padre de su hijo, Dieguito.<\/p>\n<p>La testigo reafirm\u00f3 m\u00e1s de una vez que el neurocirujano Leopoldo Luque (45) y la psiquiatra Agustina Cosachov (41) eran los m\u00e9dicos tratantes de Maradona en sus \u00faltimos meses de vida.<\/p>\n<p>&#8220;Son m\u00e9dicos de Diego en su momento, cuando estaba vivo\u201d, dijo ni bien comenz\u00f3 su declaraci\u00f3n, que fue dirigida por el fiscal general adjunto de San Isidro, Cosme Iribarren.<\/p>\n<p>Ojeda sostuvo que \u201cDiego no estaba bien de salud\u201d, que en su \u00faltimo tiempo \u201ctomaba mucho vino y cerveza\u201d, que era suministrado por gente de su entorno. &#8220;Con ese estado con mi hijo no pod\u00eda estar. No era un ambiente para que vea a su padre en ese estado\u201d, asever\u00f3.<\/p>\n<p>Luego, habl\u00f3 nuevamente del rol de Luque en la salud de Maradona: \u201cLuque era el medico de Diego. Me lo presentaron como el m\u00e9dico de Diego cuando empec\u00e9 a tener un dialogo de vuelta, en 2020\u201d.<\/p>\n<p>En otro tramo de su declaraci\u00f3n Ojeda cont\u00f3 lo dif\u00edcil que fue volver a tener v\u00ednculo con Maradona, especialmente para que su hijo vuelva a tener contacto con su padre y apunt\u00f3 al c\u00edrculo m\u00e1s cercano, entre ellos Mat\u00edas Morla, su hermana Vanesa y Maximiliano Pomargo.<\/p>\n<p>Un sorpresivo audio<br \/>\nCuando transcurr\u00edan cerca de 40 minutos de interrogatorio, y declaraba sobre la reuni\u00f3n en la Cl\u00ednica Olivos para arreglar los detalles de la externaci\u00f3n de Maradona, Ojeda dijo que ten\u00eda un archivo con el audio de lo que hab\u00eda pasado en ese lugar.<\/p>\n<p>Seg\u00fan record\u00f3 la testigo, de la charla estuvieron presentes Luque; Cosachov; el psic\u00f3logo Carlos D\u00edaz (34); las hermanas de Maradona; las hijas Dalma, Gianinna y Jana; el empresario V\u00edctor Stinfale y Pomargo.<\/p>\n<p>\u201cSe barajaron otras opciones. Ellos sugirieron (por los m\u00e9dicos) una internaci\u00f3n domiciliaria. Est\u00e1 la grabaci\u00f3n de esa charla. Yo tambi\u00e9n la grab\u00e9 porque fui con un abogado amigo que me sugiri\u00f3 que grabe porque no sab\u00eda con qu\u00e9 me iba a encontrar. La grabaci\u00f3n que pusieron el a\u00f1o pasado creo que dur\u00f3 una hora y la m\u00eda una hora y 45 minutos. Si quieren doy el audio\u201d, dijo la testigo.<\/p>\n<p>En ese momento se gener\u00f3 una discusi\u00f3n en la sala, comandada por los abogados Julio Rivas, Francisco Oneto y Roberto Rall\u00edn, quienes si bien no se opusieron a la incorporaci\u00f3n de pleno argumentaron que deber\u00eda ser peritado para \u201cevitar conflictos y nulidades\u201d.<\/p>\n<p>El audio al que hizo referencia Ojeda fue el aportado por el m\u00e9dico Rodolfo Benvenutti, quien lleg\u00f3 a ver a Maradona en la Cl\u00ednica Olivos de la mano de Stinfale. El archivo fue incorporado durante la etapa de instrucci\u00f3n y exhibido en el juicio pasado, que qued\u00f3 nulo.<\/p>\n<p>\u201cEs un audio sorpresivo\u201d, exclam\u00f3 Rall\u00edn. Alberto Ortolani, uno de los tres jueces, dijo que es se trata de \u201cuna prueba documental que no requiere conformidad de la contraparte\u201d, a lo que nuevamente el defensor de Luque expres\u00f3 que \u201cla querella lo ten\u00eda guardado\u201d.<\/p>\n<p>\u201cVenimos hablando desde hace cinco audiencias de la reuni\u00f3n de Olivos. Es un registro de audio manifiestamente \u00fatil\u201d, expres\u00f3 Nicol\u00e1s D\u2019Albora, defensor de la coordinadora de Swiss Medical, Nancy Forlini (57).<\/p>\n<p>Tanto para Fernando Burlando, abogado de las hijas de Maradona, como para la fiscal\u00eda, el audio \u201ces prueba indispensable\u201d para el debate.<\/p>\n<p>Tras un breve cuarto intermedio, el presidente del tribunal Alberto Gaig comunic\u00f3 que la prueba iba a ser aceptada e incluida en el debate.<\/p>\n<p>&#8220;Resulta pertinente y es necesario para esclarecer los hechos. No es prueba nueva pero s\u00ed est\u00e1 editado o recortado el anterior, para superar esa duda, lo vamos a incorporar&#8221;, se\u00f1al\u00f3 Gaig y adelant\u00f3 que pod\u00eda ser pasado en la audiencia del pr\u00f3ximo jueves, cuando se reanudar\u00e1 el debate.<\/p>\n","protected":false},"excerpt":{"rendered":"<p>Se trata de la quinta jornada del debate para esclarecer el fallecimiento del astro. La quinta jornada del juicio por la muerte de Diego Armando Maradona (60) sum\u00f3 este martes un sorpresivo audio sobre la reuni\u00f3n en la Cl\u00ednica Olivos donde se decidi\u00f3 la internaci\u00f3n domiciliaria tras su operaci\u00f3n de un hematoma subdural. Ver\u00f3nica Ojeda [&hellip;]<\/p>\n","protected":false},"author":4,"featured_media":213921,"comment_status":"open","ping_status":"open","sticky":false,"template":"","format":"standard","meta":{"_joinchat":[],"footnotes":""},"categories":[29],"tags":[],"class_list":{"0":"post-213920","1":"post","2":"type-post","3":"status-publish","4":"format-standard","5":"has-post-thumbnail","7":"category-nacionales"},"yoast_head":"<!-- This site is optimized with the Yoast SEO plugin v27.2 - https:\/\/yoast.com\/product\/yoast-seo-wordpress\/ -->\n<title>Juicio por Maradona: declar\u00f3 Ver\u00f3nica Ojeda e incorporan un sorpresivo audio - Radio Infinita Goya<\/title>\n<meta name=\"description\" content=\"Se trata de la quinta jornada del debate para esclarecer el fallecimiento del astro. La quinta jornada del juicio por la muerte de Diego Armando Maradona\" \/>\n<meta name=\"robots\" content=\"index, follow, max-snippet:-1, max-image-preview:large, max-video-preview:-1\" \/>\n<link rel=\"canonical\" href=\"https:\/\/radioinfinitagoya.com.ar\/v1\/2026\/04\/29\/juicio-por-maradona-declaro-veronica-ojeda-e-incorporan-un-sorpresivo-audio\/\" \/>\n<meta property=\"og:locale\" content=\"es_ES\" \/>\n<meta property=\"og:type\" content=\"article\" \/>\n<meta property=\"og:title\" content=\"Juicio por Maradona: declar\u00f3 Ver\u00f3nica Ojeda e incorporan un sorpresivo audio - Radio Infinita Goya\" \/>\n<meta property=\"og:description\" content=\"Se trata de la quinta jornada del debate para esclarecer el fallecimiento del astro. La quinta jornada del juicio por la muerte de Diego Armando Maradona\" \/>\n<meta property=\"og:url\" content=\"https:\/\/radioinfinitagoya.com.ar\/v1\/2026\/04\/29\/juicio-por-maradona-declaro-veronica-ojeda-e-incorporan-un-sorpresivo-audio\/\" \/>\n<meta property=\"og:site_name\" content=\"Radio Infinita Goya\" \/>\n<meta property=\"article:publisher\" content=\"https:\/\/www.facebook.com\/p\/Infinita-Goya-100063870918311\/\" \/>\n<meta property=\"article:published_time\" content=\"2026-04-29T19:16:49+00:00\" \/>\n<meta property=\"og:image\" content=\"https:\/\/radioinfinitagoya.com.ar\/v1\/wp-content\/uploads\/2026\/04\/SsgbGtMq.jpg\" \/>\n\t<meta property=\"og:image:width\" content=\"640\" \/>\n\t<meta property=\"og:image:height\" content=\"473\" \/>\n\t<meta property=\"og:image:type\" content=\"image\/jpeg\" \/>\n<meta name=\"author\" content=\"Jorge Mi\u00f1o\" \/>\n<meta name=\"twitter:card\" content=\"summary_large_image\" \/>\n<meta name=\"twitter:label1\" content=\"Escrito por\" \/>\n\t<meta name=\"twitter:data1\" content=\"Jorge Mi\u00f1o\" \/>\n\t<meta name=\"twitter:label2\" content=\"Tiempo de lectura\" \/>\n\t<meta name=\"twitter:data2\" content=\"4 minutos\" \/>\n<script type=\"application\/ld+json\" class=\"yoast-schema-graph\">{\"@context\":\"https:\/\/schema.org\",\"@graph\":[{\"@type\":\"Article\",\"@id\":\"https:\/\/radioinfinitagoya.com.ar\/v1\/2026\/04\/29\/juicio-por-maradona-declaro-veronica-ojeda-e-incorporan-un-sorpresivo-audio\/#article\",\"isPartOf\":{\"@id\":\"https:\/\/radioinfinitagoya.com.ar\/v1\/2026\/04\/29\/juicio-por-maradona-declaro-veronica-ojeda-e-incorporan-un-sorpresivo-audio\/\"},\"author\":{\"name\":\"Jorge Mi\u00f1o\",\"@id\":\"https:\/\/radioinfinitagoya.com.ar\/v1\/#\/schema\/person\/d4cf9c413d4f6edb24aabdccab49ca4a\"},\"headline\":\"Juicio por Maradona: declar\u00f3 Ver\u00f3nica Ojeda e incorporan un sorpresivo audio\",\"datePublished\":\"2026-04-29T19:16:49+00:00\",\"mainEntityOfPage\":{\"@id\":\"https:\/\/radioinfinitagoya.com.ar\/v1\/2026\/04\/29\/juicio-por-maradona-declaro-veronica-ojeda-e-incorporan-un-sorpresivo-audio\/\"},\"wordCount\":763,\"commentCount\":0,\"publisher\":{\"@id\":\"https:\/\/radioinfinitagoya.com.ar\/v1\/#organization\"},\"image\":{\"@id\":\"https:\/\/radioinfinitagoya.com.ar\/v1\/2026\/04\/29\/juicio-por-maradona-declaro-veronica-ojeda-e-incorporan-un-sorpresivo-audio\/#primaryimage\"},\"thumbnailUrl\":\"https:\/\/radioinfinitagoya.com.ar\/v1\/wp-content\/uploads\/2026\/04\/SsgbGtMq.jpg\",\"articleSection\":[\"NACIONALES\"],\"inLanguage\":\"es-AR\",\"potentialAction\":[{\"@type\":\"CommentAction\",\"name\":\"Comment\",\"target\":[\"https:\/\/radioinfinitagoya.com.ar\/v1\/2026\/04\/29\/juicio-por-maradona-declaro-veronica-ojeda-e-incorporan-un-sorpresivo-audio\/#respond\"]}]},{\"@type\":\"WebPage\",\"@id\":\"https:\/\/radioinfinitagoya.com.ar\/v1\/2026\/04\/29\/juicio-por-maradona-declaro-veronica-ojeda-e-incorporan-un-sorpresivo-audio\/\",\"url\":\"https:\/\/radioinfinitagoya.com.ar\/v1\/2026\/04\/29\/juicio-por-maradona-declaro-veronica-ojeda-e-incorporan-un-sorpresivo-audio\/\",\"name\":\"Juicio por Maradona: declar\u00f3 Ver\u00f3nica Ojeda e incorporan un sorpresivo audio - Radio Infinita Goya\",\"isPartOf\":{\"@id\":\"https:\/\/radioinfinitagoya.com.ar\/v1\/#website\"},\"primaryImageOfPage\":{\"@id\":\"https:\/\/radioinfinitagoya.com.ar\/v1\/2026\/04\/29\/juicio-por-maradona-declaro-veronica-ojeda-e-incorporan-un-sorpresivo-audio\/#primaryimage\"},\"image\":{\"@id\":\"https:\/\/radioinfinitagoya.com.ar\/v1\/2026\/04\/29\/juicio-por-maradona-declaro-veronica-ojeda-e-incorporan-un-sorpresivo-audio\/#primaryimage\"},\"thumbnailUrl\":\"https:\/\/radioinfinitagoya.com.ar\/v1\/wp-content\/uploads\/2026\/04\/SsgbGtMq.jpg\",\"datePublished\":\"2026-04-29T19:16:49+00:00\",\"description\":\"Se trata de la quinta jornada del debate para esclarecer el fallecimiento del astro. La quinta jornada del juicio por la muerte de Diego Armando Maradona\",\"breadcrumb\":{\"@id\":\"https:\/\/radioinfinitagoya.com.ar\/v1\/2026\/04\/29\/juicio-por-maradona-declaro-veronica-ojeda-e-incorporan-un-sorpresivo-audio\/#breadcrumb\"},\"inLanguage\":\"es-AR\",\"potentialAction\":[{\"@type\":\"ReadAction\",\"target\":[\"https:\/\/radioinfinitagoya.com.ar\/v1\/2026\/04\/29\/juicio-por-maradona-declaro-veronica-ojeda-e-incorporan-un-sorpresivo-audio\/\"]}]},{\"@type\":\"ImageObject\",\"inLanguage\":\"es-AR\",\"@id\":\"https:\/\/radioinfinitagoya.com.ar\/v1\/2026\/04\/29\/juicio-por-maradona-declaro-veronica-ojeda-e-incorporan-un-sorpresivo-audio\/#primaryimage\",\"url\":\"https:\/\/radioinfinitagoya.com.ar\/v1\/wp-content\/uploads\/2026\/04\/SsgbGtMq.jpg\",\"contentUrl\":\"https:\/\/radioinfinitagoya.com.ar\/v1\/wp-content\/uploads\/2026\/04\/SsgbGtMq.jpg\",\"width\":640,\"height\":473},{\"@type\":\"BreadcrumbList\",\"@id\":\"https:\/\/radioinfinitagoya.com.ar\/v1\/2026\/04\/29\/juicio-por-maradona-declaro-veronica-ojeda-e-incorporan-un-sorpresivo-audio\/#breadcrumb\",\"itemListElement\":[{\"@type\":\"ListItem\",\"position\":1,\"name\":\"Inicio\",\"item\":\"https:\/\/radioinfinitagoya.com.ar\/v1\/\"},{\"@type\":\"ListItem\",\"position\":2,\"name\":\"Juicio por Maradona: declar\u00f3 Ver\u00f3nica Ojeda e incorporan un sorpresivo audio\"}]},{\"@type\":\"WebSite\",\"@id\":\"https:\/\/radioinfinitagoya.com.ar\/v1\/#website\",\"url\":\"https:\/\/radioinfinitagoya.com.ar\/v1\/\",\"name\":\"radioinfinitagoya.com.ar\",\"description\":\"Radio de noticias\",\"publisher\":{\"@id\":\"https:\/\/radioinfinitagoya.com.ar\/v1\/#organization\"},\"potentialAction\":[{\"@type\":\"SearchAction\",\"target\":{\"@type\":\"EntryPoint\",\"urlTemplate\":\"https:\/\/radioinfinitagoya.com.ar\/v1\/?s={search_term_string}\"},\"query-input\":{\"@type\":\"PropertyValueSpecification\",\"valueRequired\":true,\"valueName\":\"search_term_string\"}}],\"inLanguage\":\"es-AR\"},{\"@type\":\"Organization\",\"@id\":\"https:\/\/radioinfinitagoya.com.ar\/v1\/#organization\",\"name\":\"Radio Infinita Goya\",\"url\":\"https:\/\/radioinfinitagoya.com.ar\/v1\/\",\"logo\":{\"@type\":\"ImageObject\",\"inLanguage\":\"es-AR\",\"@id\":\"https:\/\/radioinfinitagoya.com.ar\/v1\/#\/schema\/logo\/image\/\",\"url\":\"https:\/\/radioinfinitagoya.com.ar\/v1\/wp-content\/uploads\/2019\/11\/logo-pie-web.png\",\"contentUrl\":\"https:\/\/radioinfinitagoya.com.ar\/v1\/wp-content\/uploads\/2019\/11\/logo-pie-web.png\",\"width\":635,\"height\":326,\"caption\":\"Radio Infinita Goya\"},\"image\":{\"@id\":\"https:\/\/radioinfinitagoya.com.ar\/v1\/#\/schema\/logo\/image\/\"},\"sameAs\":[\"https:\/\/www.facebook.com\/p\/Infinita-Goya-100063870918311\/\"]},{\"@type\":\"Person\",\"@id\":\"https:\/\/radioinfinitagoya.com.ar\/v1\/#\/schema\/person\/d4cf9c413d4f6edb24aabdccab49ca4a\",\"name\":\"Jorge Mi\u00f1o\",\"image\":{\"@type\":\"ImageObject\",\"inLanguage\":\"es-AR\",\"@id\":\"https:\/\/secure.gravatar.com\/avatar\/910fcf6728fe95320e07a6643c1581fec1c7fc4bf8ae12e3d8f0d0373dc844be?s=96&d=mm&r=g\",\"url\":\"https:\/\/secure.gravatar.com\/avatar\/910fcf6728fe95320e07a6643c1581fec1c7fc4bf8ae12e3d8f0d0373dc844be?s=96&d=mm&r=g\",\"contentUrl\":\"https:\/\/secure.gravatar.com\/avatar\/910fcf6728fe95320e07a6643c1581fec1c7fc4bf8ae12e3d8f0d0373dc844be?s=96&d=mm&r=g\",\"caption\":\"Jorge Mi\u00f1o\"},\"sameAs\":[\"http:\/\/radioinfinitagoya.com.ar\"]}]}<\/script>\n<!-- \/ Yoast SEO plugin. -->","yoast_head_json":{"title":"Juicio por Maradona: declar\u00f3 Ver\u00f3nica Ojeda e incorporan un sorpresivo audio - Radio Infinita Goya","description":"Se trata de la quinta jornada del debate para esclarecer el fallecimiento del astro. La quinta jornada del juicio por la muerte de Diego Armando Maradona","robots":{"index":"index","follow":"follow","max-snippet":"max-snippet:-1","max-image-preview":"max-image-preview:large","max-video-preview":"max-video-preview:-1"},"canonical":"https:\/\/radioinfinitagoya.com.ar\/v1\/2026\/04\/29\/juicio-por-maradona-declaro-veronica-ojeda-e-incorporan-un-sorpresivo-audio\/","og_locale":"es_ES","og_type":"article","og_title":"Juicio por Maradona: declar\u00f3 Ver\u00f3nica Ojeda e incorporan un sorpresivo audio - Radio Infinita Goya","og_description":"Se trata de la quinta jornada del debate para esclarecer el fallecimiento del astro. La quinta jornada del juicio por la muerte de Diego Armando Maradona","og_url":"https:\/\/radioinfinitagoya.com.ar\/v1\/2026\/04\/29\/juicio-por-maradona-declaro-veronica-ojeda-e-incorporan-un-sorpresivo-audio\/","og_site_name":"Radio Infinita Goya","article_publisher":"https:\/\/www.facebook.com\/p\/Infinita-Goya-100063870918311\/","article_published_time":"2026-04-29T19:16:49+00:00","og_image":[{"width":640,"height":473,"url":"https:\/\/radioinfinitagoya.com.ar\/v1\/wp-content\/uploads\/2026\/04\/SsgbGtMq.jpg","type":"image\/jpeg"}],"author":"Jorge Mi\u00f1o","twitter_card":"summary_large_image","twitter_misc":{"Escrito por":"Jorge Mi\u00f1o","Tiempo de lectura":"4 minutos"},"schema":{"@context":"https:\/\/schema.org","@graph":[{"@type":"Article","@id":"https:\/\/radioinfinitagoya.com.ar\/v1\/2026\/04\/29\/juicio-por-maradona-declaro-veronica-ojeda-e-incorporan-un-sorpresivo-audio\/#article","isPartOf":{"@id":"https:\/\/radioinfinitagoya.com.ar\/v1\/2026\/04\/29\/juicio-por-maradona-declaro-veronica-ojeda-e-incorporan-un-sorpresivo-audio\/"},"author":{"name":"Jorge Mi\u00f1o","@id":"https:\/\/radioinfinitagoya.com.ar\/v1\/#\/schema\/person\/d4cf9c413d4f6edb24aabdccab49ca4a"},"headline":"Juicio por Maradona: declar\u00f3 Ver\u00f3nica Ojeda e incorporan un sorpresivo audio","datePublished":"2026-04-29T19:16:49+00:00","mainEntityOfPage":{"@id":"https:\/\/radioinfinitagoya.com.ar\/v1\/2026\/04\/29\/juicio-por-maradona-declaro-veronica-ojeda-e-incorporan-un-sorpresivo-audio\/"},"wordCount":763,"commentCount":0,"publisher":{"@id":"https:\/\/radioinfinitagoya.com.ar\/v1\/#organization"},"image":{"@id":"https:\/\/radioinfinitagoya.com.ar\/v1\/2026\/04\/29\/juicio-por-maradona-declaro-veronica-ojeda-e-incorporan-un-sorpresivo-audio\/#primaryimage"},"thumbnailUrl":"https:\/\/radioinfinitagoya.com.ar\/v1\/wp-content\/uploads\/2026\/04\/SsgbGtMq.jpg","articleSection":["NACIONALES"],"inLanguage":"es-AR","potentialAction":[{"@type":"CommentAction","name":"Comment","target":["https:\/\/radioinfinitagoya.com.ar\/v1\/2026\/04\/29\/juicio-por-maradona-declaro-veronica-ojeda-e-incorporan-un-sorpresivo-audio\/#respond"]}]},{"@type":"WebPage","@id":"https:\/\/radioinfinitagoya.com.ar\/v1\/2026\/04\/29\/juicio-por-maradona-declaro-veronica-ojeda-e-incorporan-un-sorpresivo-audio\/","url":"https:\/\/radioinfinitagoya.com.ar\/v1\/2026\/04\/29\/juicio-por-maradona-declaro-veronica-ojeda-e-incorporan-un-sorpresivo-audio\/","name":"Juicio por Maradona: declar\u00f3 Ver\u00f3nica Ojeda e incorporan un sorpresivo audio - Radio Infinita Goya","isPartOf":{"@id":"https:\/\/radioinfinitagoya.com.ar\/v1\/#website"},"primaryImageOfPage":{"@id":"https:\/\/radioinfinitagoya.com.ar\/v1\/2026\/04\/29\/juicio-por-maradona-declaro-veronica-ojeda-e-incorporan-un-sorpresivo-audio\/#primaryimage"},"image":{"@id":"https:\/\/radioinfinitagoya.com.ar\/v1\/2026\/04\/29\/juicio-por-maradona-declaro-veronica-ojeda-e-incorporan-un-sorpresivo-audio\/#primaryimage"},"thumbnailUrl":"https:\/\/radioinfinitagoya.com.ar\/v1\/wp-content\/uploads\/2026\/04\/SsgbGtMq.jpg","datePublished":"2026-04-29T19:16:49+00:00","description":"Se trata de la quinta jornada del debate para esclarecer el fallecimiento del astro. La quinta jornada del juicio por la muerte de Diego Armando Maradona","breadcrumb":{"@id":"https:\/\/radioinfinitagoya.com.ar\/v1\/2026\/04\/29\/juicio-por-maradona-declaro-veronica-ojeda-e-incorporan-un-sorpresivo-audio\/#breadcrumb"},"inLanguage":"es-AR","potentialAction":[{"@type":"ReadAction","target":["https:\/\/radioinfinitagoya.com.ar\/v1\/2026\/04\/29\/juicio-por-maradona-declaro-veronica-ojeda-e-incorporan-un-sorpresivo-audio\/"]}]},{"@type":"ImageObject","inLanguage":"es-AR","@id":"https:\/\/radioinfinitagoya.com.ar\/v1\/2026\/04\/29\/juicio-por-maradona-declaro-veronica-ojeda-e-incorporan-un-sorpresivo-audio\/#primaryimage","url":"https:\/\/radioinfinitagoya.com.ar\/v1\/wp-content\/uploads\/2026\/04\/SsgbGtMq.jpg","contentUrl":"https:\/\/radioinfinitagoya.com.ar\/v1\/wp-content\/uploads\/2026\/04\/SsgbGtMq.jpg","width":640,"height":473},{"@type":"BreadcrumbList","@id":"https:\/\/radioinfinitagoya.com.ar\/v1\/2026\/04\/29\/juicio-por-maradona-declaro-veronica-ojeda-e-incorporan-un-sorpresivo-audio\/#breadcrumb","itemListElement":[{"@type":"ListItem","position":1,"name":"Inicio","item":"https:\/\/radioinfinitagoya.com.ar\/v1\/"},{"@type":"ListItem","position":2,"name":"Juicio por Maradona: declar\u00f3 Ver\u00f3nica Ojeda e incorporan un sorpresivo audio"}]},{"@type":"WebSite","@id":"https:\/\/radioinfinitagoya.com.ar\/v1\/#website","url":"https:\/\/radioinfinitagoya.com.ar\/v1\/","name":"radioinfinitagoya.com.ar","description":"Radio de noticias","publisher":{"@id":"https:\/\/radioinfinitagoya.com.ar\/v1\/#organization"},"potentialAction":[{"@type":"SearchAction","target":{"@type":"EntryPoint","urlTemplate":"https:\/\/radioinfinitagoya.com.ar\/v1\/?s={search_term_string}"},"query-input":{"@type":"PropertyValueSpecification","valueRequired":true,"valueName":"search_term_string"}}],"inLanguage":"es-AR"},{"@type":"Organization","@id":"https:\/\/radioinfinitagoya.com.ar\/v1\/#organization","name":"Radio Infinita Goya","url":"https:\/\/radioinfinitagoya.com.ar\/v1\/","logo":{"@type":"ImageObject","inLanguage":"es-AR","@id":"https:\/\/radioinfinitagoya.com.ar\/v1\/#\/schema\/logo\/image\/","url":"https:\/\/radioinfinitagoya.com.ar\/v1\/wp-content\/uploads\/2019\/11\/logo-pie-web.png","contentUrl":"https:\/\/radioinfinitagoya.com.ar\/v1\/wp-content\/uploads\/2019\/11\/logo-pie-web.png","width":635,"height":326,"caption":"Radio Infinita Goya"},"image":{"@id":"https:\/\/radioinfinitagoya.com.ar\/v1\/#\/schema\/logo\/image\/"},"sameAs":["https:\/\/www.facebook.com\/p\/Infinita-Goya-100063870918311\/"]},{"@type":"Person","@id":"https:\/\/radioinfinitagoya.com.ar\/v1\/#\/schema\/person\/d4cf9c413d4f6edb24aabdccab49ca4a","name":"Jorge Mi\u00f1o","image":{"@type":"ImageObject","inLanguage":"es-AR","@id":"https:\/\/secure.gravatar.com\/avatar\/910fcf6728fe95320e07a6643c1581fec1c7fc4bf8ae12e3d8f0d0373dc844be?s=96&d=mm&r=g","url":"https:\/\/secure.gravatar.com\/avatar\/910fcf6728fe95320e07a6643c1581fec1c7fc4bf8ae12e3d8f0d0373dc844be?s=96&d=mm&r=g","contentUrl":"https:\/\/secure.gravatar.com\/avatar\/910fcf6728fe95320e07a6643c1581fec1c7fc4bf8ae12e3d8f0d0373dc844be?s=96&d=mm&r=g","caption":"Jorge Mi\u00f1o"},"sameAs":["http:\/\/radioinfinitagoya.com.ar"]}]}},"_links":{"self":[{"href":"https:\/\/radioinfinitagoya.com.ar\/v1\/wp-json\/wp\/v2\/posts\/213920","targetHints":{"allow":["GET"]}}],"collection":[{"href":"https:\/\/radioinfinitagoya.com.ar\/v1\/wp-json\/wp\/v2\/posts"}],"about":[{"href":"https:\/\/radioinfinitagoya.com.ar\/v1\/wp-json\/wp\/v2\/types\/post"}],"author":[{"embeddable":true,"href":"https:\/\/radioinfinitagoya.com.ar\/v1\/wp-json\/wp\/v2\/users\/4"}],"replies":[{"embeddable":true,"href":"https:\/\/radioinfinitagoya.com.ar\/v1\/wp-json\/wp\/v2\/comments?post=213920"}],"version-history":[{"count":1,"href":"https:\/\/radioinfinitagoya.com.ar\/v1\/wp-json\/wp\/v2\/posts\/213920\/revisions"}],"predecessor-version":[{"id":213922,"href":"https:\/\/radioinfinitagoya.com.ar\/v1\/wp-json\/wp\/v2\/posts\/213920\/revisions\/213922"}],"wp:featuredmedia":[{"embeddable":true,"href":"https:\/\/radioinfinitagoya.com.ar\/v1\/wp-json\/wp\/v2\/media\/213921"}],"wp:attachment":[{"href":"https:\/\/radioinfinitagoya.com.ar\/v1\/wp-json\/wp\/v2\/media?parent=213920"}],"wp:term":[{"taxonomy":"category","embeddable":true,"href":"https:\/\/radioinfinitagoya.com.ar\/v1\/wp-json\/wp\/v2\/categories?post=213920"},{"taxonomy":"post_tag","embeddable":true,"href":"https:\/\/radioinfinitagoya.com.ar\/v1\/wp-json\/wp\/v2\/tags?post=213920"}],"curies":[{"name":"wp","href":"https:\/\/api.w.org\/{rel}","templated":true}]}}