{"id":213923,"date":"2026-04-29T16:23:02","date_gmt":"2026-04-29T19:23:02","guid":{"rendered":"https:\/\/radioinfinitagoya.com.ar\/v1\/?p=213923"},"modified":"2026-04-29T16:23:02","modified_gmt":"2026-04-29T19:23:02","slug":"corruptos-son-ustedes-el-nuevo-ataque-de-milei-a-los-periodistas-en-el-congreso","status":"publish","type":"post","link":"https:\/\/radioinfinitagoya.com.ar\/v1\/2026\/04\/29\/corruptos-son-ustedes-el-nuevo-ataque-de-milei-a-los-periodistas-en-el-congreso\/","title":{"rendered":"&#8220;Corruptos son ustedes&#8221;: el nuevo ataque de Milei a los periodistas en el Congreso"},"content":{"rendered":"<p>Javier Milei respondi\u00f3 con agravios al ser consultado por la situaci\u00f3n judicial de Manuel Adorni. El hecho refleja una escalada en el conflicto con la prensa.<\/p>\n<p>El presidente Javier Milei protagoniz\u00f3 un nuevo y tenso cruce con la prensa acreditada en el Congreso de la Naci\u00f3n. Al ingresar al Palacio Legislativo a paso raudo, escoltado por su hermana Karina y con el Gabinete a pleno detr\u00e1s suyo, el mandatario reaccion\u00f3 con insultos ante las insistentes preguntas sobre la situaci\u00f3n del jefe de Gabinete, Manuel Adorni.<\/p>\n<p>Ante la consulta reiterada de un cronista sobre por qu\u00e9 sostiene al funcionario en su cargo, y tras escuchar que alguien le gritaba &#8220;corrupto&#8221;, el jefe de Estado se mostr\u00f3 visiblemente fastidioso y respondi\u00f3 sin frenar su marcha con un fuerte agravio generalizado: &#8220;Corruptos son ustedes&#8221;.<\/p>\n<p>El silencio de los ministros y la escalada contra la prensa<\/p>\n<p>El clima de hostilidad tambi\u00e9n se reflej\u00f3 en el resto de la comitiva oficial. Los ministros que caminaban detr\u00e1s del Presidente evitaron responder a las consultas period\u00edsticas. Las \u00fanicas excepciones fueron el ministro del Interior, Diego Santilli; la senadora nacional Patricia Bullrich, y la ministra de Capital Humano, Sandra Pettovello, quienes al menos saludaron y se excusaron ante los micr\u00f3fonos.<\/p>\n<p>Este episodio en el Congreso no es un hecho aislado, sino que se enmarca en una escalada del Gobierno contra la prensa. El jueves de la semana pasada, Milei orden\u00f3 a la Casa Militar prohibir el ingreso de los periodistas acreditados a la Casa Rosada, retirando las credenciales a m\u00e1s de 60 trabajadores de prensa.<\/p>\n<p>Las causas judiciales que incomodan al oficialismo<\/p>\n<p>Los repetidos insultos del Presidente hacia el periodismo, replicados diariamente en redes sociales por funcionarios y simpatizantes libertarios, se han potenciado en las \u00faltimas semanas.<\/p>\n<p>Este nivel de confrontaci\u00f3n crece al comp\u00e1s de los vaivenes del plan econ\u00f3mico y de las fuertes novedades judiciales que sacuden a la administraci\u00f3n: el presunto enriquecimiento il\u00edcito de Manuel Adorni, los avances en la causa $LIBRA (donde se investiga una presunta mega estafa), y las graves acusaciones de corrupci\u00f3n impulsadas por la Justicia por irregularidades detectadas en la Agencia Nacional de Discapacidad.<\/p>\n<p>&nbsp;<\/p>\n<p>&nbsp;<\/p>\n","protected":false},"excerpt":{"rendered":"<p>Javier Milei respondi\u00f3 con agravios al ser consultado por la situaci\u00f3n judicial de Manuel Adorni. El hecho refleja una escalada en el conflicto con la prensa. El presidente Javier Milei protagoniz\u00f3 un nuevo y tenso cruce con la prensa acreditada en el Congreso de la Naci\u00f3n. Al ingresar al Palacio Legislativo a paso raudo, escoltado [&hellip;]<\/p>\n","protected":false},"author":4,"featured_media":213924,"comment_status":"open","ping_status":"open","sticky":false,"template":"","format":"standard","meta":{"_joinchat":[],"footnotes":""},"categories":[29],"tags":[],"class_list":{"0":"post-213923","1":"post","2":"type-post","3":"status-publish","4":"format-standard","5":"has-post-thumbnail","7":"category-nacionales"},"yoast_head":"<!-- This site is optimized with the Yoast SEO plugin v27.2 - https:\/\/yoast.com\/product\/yoast-seo-wordpress\/ -->\n<title>&quot;Corruptos son ustedes&quot;: el nuevo ataque de Milei a los periodistas en el Congreso - Radio Infinita Goya<\/title>\n<meta name=\"description\" content=\"Javier Milei respondi\u00f3 con agravios al ser consultado por la situaci\u00f3n judicial de Manuel Adorni. El hecho refleja una escalada en el conflicto con la\" \/>\n<meta name=\"robots\" content=\"index, follow, max-snippet:-1, max-image-preview:large, max-video-preview:-1\" \/>\n<link rel=\"canonical\" href=\"https:\/\/radioinfinitagoya.com.ar\/v1\/2026\/04\/29\/corruptos-son-ustedes-el-nuevo-ataque-de-milei-a-los-periodistas-en-el-congreso\/\" \/>\n<meta property=\"og:locale\" content=\"es_ES\" \/>\n<meta property=\"og:type\" content=\"article\" \/>\n<meta property=\"og:title\" content=\"&quot;Corruptos son ustedes&quot;: el nuevo ataque de Milei a los periodistas en el Congreso - Radio Infinita Goya\" \/>\n<meta property=\"og:description\" content=\"Javier Milei respondi\u00f3 con agravios al ser consultado por la situaci\u00f3n judicial de Manuel Adorni. El hecho refleja una escalada en el conflicto con la\" \/>\n<meta property=\"og:url\" content=\"https:\/\/radioinfinitagoya.com.ar\/v1\/2026\/04\/29\/corruptos-son-ustedes-el-nuevo-ataque-de-milei-a-los-periodistas-en-el-congreso\/\" \/>\n<meta property=\"og:site_name\" content=\"Radio Infinita Goya\" \/>\n<meta property=\"article:publisher\" content=\"https:\/\/www.facebook.com\/p\/Infinita-Goya-100063870918311\/\" \/>\n<meta property=\"article:published_time\" content=\"2026-04-29T19:23:02+00:00\" \/>\n<meta property=\"og:image\" content=\"https:\/\/radioinfinitagoya.com.ar\/v1\/wp-content\/uploads\/2026\/04\/284762w380h254c.jpg.webp\" \/>\n\t<meta property=\"og:image:width\" content=\"380\" \/>\n\t<meta property=\"og:image:height\" content=\"254\" \/>\n\t<meta property=\"og:image:type\" content=\"image\/webp\" \/>\n<meta name=\"author\" content=\"Jorge Mi\u00f1o\" \/>\n<meta name=\"twitter:card\" content=\"summary_large_image\" \/>\n<meta name=\"twitter:label1\" content=\"Escrito por\" \/>\n\t<meta name=\"twitter:data1\" content=\"Jorge Mi\u00f1o\" \/>\n\t<meta name=\"twitter:label2\" content=\"Tiempo de lectura\" \/>\n\t<meta name=\"twitter:data2\" content=\"2 minutos\" \/>\n<script type=\"application\/ld+json\" class=\"yoast-schema-graph\">{\"@context\":\"https:\/\/schema.org\",\"@graph\":[{\"@type\":\"Article\",\"@id\":\"https:\/\/radioinfinitagoya.com.ar\/v1\/2026\/04\/29\/corruptos-son-ustedes-el-nuevo-ataque-de-milei-a-los-periodistas-en-el-congreso\/#article\",\"isPartOf\":{\"@id\":\"https:\/\/radioinfinitagoya.com.ar\/v1\/2026\/04\/29\/corruptos-son-ustedes-el-nuevo-ataque-de-milei-a-los-periodistas-en-el-congreso\/\"},\"author\":{\"name\":\"Jorge Mi\u00f1o\",\"@id\":\"https:\/\/radioinfinitagoya.com.ar\/v1\/#\/schema\/person\/d4cf9c413d4f6edb24aabdccab49ca4a\"},\"headline\":\"&#8220;Corruptos son ustedes&#8221;: el nuevo ataque de Milei a los periodistas en el Congreso\",\"datePublished\":\"2026-04-29T19:23:02+00:00\",\"mainEntityOfPage\":{\"@id\":\"https:\/\/radioinfinitagoya.com.ar\/v1\/2026\/04\/29\/corruptos-son-ustedes-el-nuevo-ataque-de-milei-a-los-periodistas-en-el-congreso\/\"},\"wordCount\":382,\"commentCount\":0,\"publisher\":{\"@id\":\"https:\/\/radioinfinitagoya.com.ar\/v1\/#organization\"},\"image\":{\"@id\":\"https:\/\/radioinfinitagoya.com.ar\/v1\/2026\/04\/29\/corruptos-son-ustedes-el-nuevo-ataque-de-milei-a-los-periodistas-en-el-congreso\/#primaryimage\"},\"thumbnailUrl\":\"https:\/\/radioinfinitagoya.com.ar\/v1\/wp-content\/uploads\/2026\/04\/284762w380h254c.jpg.webp\",\"articleSection\":[\"NACIONALES\"],\"inLanguage\":\"es-AR\",\"potentialAction\":[{\"@type\":\"CommentAction\",\"name\":\"Comment\",\"target\":[\"https:\/\/radioinfinitagoya.com.ar\/v1\/2026\/04\/29\/corruptos-son-ustedes-el-nuevo-ataque-de-milei-a-los-periodistas-en-el-congreso\/#respond\"]}]},{\"@type\":\"WebPage\",\"@id\":\"https:\/\/radioinfinitagoya.com.ar\/v1\/2026\/04\/29\/corruptos-son-ustedes-el-nuevo-ataque-de-milei-a-los-periodistas-en-el-congreso\/\",\"url\":\"https:\/\/radioinfinitagoya.com.ar\/v1\/2026\/04\/29\/corruptos-son-ustedes-el-nuevo-ataque-de-milei-a-los-periodistas-en-el-congreso\/\",\"name\":\"\\\"Corruptos son ustedes\\\": el nuevo ataque de Milei a los periodistas en el Congreso - Radio Infinita Goya\",\"isPartOf\":{\"@id\":\"https:\/\/radioinfinitagoya.com.ar\/v1\/#website\"},\"primaryImageOfPage\":{\"@id\":\"https:\/\/radioinfinitagoya.com.ar\/v1\/2026\/04\/29\/corruptos-son-ustedes-el-nuevo-ataque-de-milei-a-los-periodistas-en-el-congreso\/#primaryimage\"},\"image\":{\"@id\":\"https:\/\/radioinfinitagoya.com.ar\/v1\/2026\/04\/29\/corruptos-son-ustedes-el-nuevo-ataque-de-milei-a-los-periodistas-en-el-congreso\/#primaryimage\"},\"thumbnailUrl\":\"https:\/\/radioinfinitagoya.com.ar\/v1\/wp-content\/uploads\/2026\/04\/284762w380h254c.jpg.webp\",\"datePublished\":\"2026-04-29T19:23:02+00:00\",\"description\":\"Javier Milei respondi\u00f3 con agravios al ser consultado por la situaci\u00f3n judicial de Manuel Adorni. El hecho refleja una escalada en el conflicto con la\",\"breadcrumb\":{\"@id\":\"https:\/\/radioinfinitagoya.com.ar\/v1\/2026\/04\/29\/corruptos-son-ustedes-el-nuevo-ataque-de-milei-a-los-periodistas-en-el-congreso\/#breadcrumb\"},\"inLanguage\":\"es-AR\",\"potentialAction\":[{\"@type\":\"ReadAction\",\"target\":[\"https:\/\/radioinfinitagoya.com.ar\/v1\/2026\/04\/29\/corruptos-son-ustedes-el-nuevo-ataque-de-milei-a-los-periodistas-en-el-congreso\/\"]}]},{\"@type\":\"ImageObject\",\"inLanguage\":\"es-AR\",\"@id\":\"https:\/\/radioinfinitagoya.com.ar\/v1\/2026\/04\/29\/corruptos-son-ustedes-el-nuevo-ataque-de-milei-a-los-periodistas-en-el-congreso\/#primaryimage\",\"url\":\"https:\/\/radioinfinitagoya.com.ar\/v1\/wp-content\/uploads\/2026\/04\/284762w380h254c.jpg.webp\",\"contentUrl\":\"https:\/\/radioinfinitagoya.com.ar\/v1\/wp-content\/uploads\/2026\/04\/284762w380h254c.jpg.webp\",\"width\":380,\"height\":254},{\"@type\":\"BreadcrumbList\",\"@id\":\"https:\/\/radioinfinitagoya.com.ar\/v1\/2026\/04\/29\/corruptos-son-ustedes-el-nuevo-ataque-de-milei-a-los-periodistas-en-el-congreso\/#breadcrumb\",\"itemListElement\":[{\"@type\":\"ListItem\",\"position\":1,\"name\":\"Inicio\",\"item\":\"https:\/\/radioinfinitagoya.com.ar\/v1\/\"},{\"@type\":\"ListItem\",\"position\":2,\"name\":\"&#8220;Corruptos son ustedes&#8221;: el nuevo ataque de Milei a los periodistas en el Congreso\"}]},{\"@type\":\"WebSite\",\"@id\":\"https:\/\/radioinfinitagoya.com.ar\/v1\/#website\",\"url\":\"https:\/\/radioinfinitagoya.com.ar\/v1\/\",\"name\":\"radioinfinitagoya.com.ar\",\"description\":\"Radio de noticias\",\"publisher\":{\"@id\":\"https:\/\/radioinfinitagoya.com.ar\/v1\/#organization\"},\"potentialAction\":[{\"@type\":\"SearchAction\",\"target\":{\"@type\":\"EntryPoint\",\"urlTemplate\":\"https:\/\/radioinfinitagoya.com.ar\/v1\/?s={search_term_string}\"},\"query-input\":{\"@type\":\"PropertyValueSpecification\",\"valueRequired\":true,\"valueName\":\"search_term_string\"}}],\"inLanguage\":\"es-AR\"},{\"@type\":\"Organization\",\"@id\":\"https:\/\/radioinfinitagoya.com.ar\/v1\/#organization\",\"name\":\"Radio Infinita Goya\",\"url\":\"https:\/\/radioinfinitagoya.com.ar\/v1\/\",\"logo\":{\"@type\":\"ImageObject\",\"inLanguage\":\"es-AR\",\"@id\":\"https:\/\/radioinfinitagoya.com.ar\/v1\/#\/schema\/logo\/image\/\",\"url\":\"https:\/\/radioinfinitagoya.com.ar\/v1\/wp-content\/uploads\/2019\/11\/logo-pie-web.png\",\"contentUrl\":\"https:\/\/radioinfinitagoya.com.ar\/v1\/wp-content\/uploads\/2019\/11\/logo-pie-web.png\",\"width\":635,\"height\":326,\"caption\":\"Radio Infinita Goya\"},\"image\":{\"@id\":\"https:\/\/radioinfinitagoya.com.ar\/v1\/#\/schema\/logo\/image\/\"},\"sameAs\":[\"https:\/\/www.facebook.com\/p\/Infinita-Goya-100063870918311\/\"]},{\"@type\":\"Person\",\"@id\":\"https:\/\/radioinfinitagoya.com.ar\/v1\/#\/schema\/person\/d4cf9c413d4f6edb24aabdccab49ca4a\",\"name\":\"Jorge Mi\u00f1o\",\"image\":{\"@type\":\"ImageObject\",\"inLanguage\":\"es-AR\",\"@id\":\"https:\/\/secure.gravatar.com\/avatar\/910fcf6728fe95320e07a6643c1581fec1c7fc4bf8ae12e3d8f0d0373dc844be?s=96&d=mm&r=g\",\"url\":\"https:\/\/secure.gravatar.com\/avatar\/910fcf6728fe95320e07a6643c1581fec1c7fc4bf8ae12e3d8f0d0373dc844be?s=96&d=mm&r=g\",\"contentUrl\":\"https:\/\/secure.gravatar.com\/avatar\/910fcf6728fe95320e07a6643c1581fec1c7fc4bf8ae12e3d8f0d0373dc844be?s=96&d=mm&r=g\",\"caption\":\"Jorge Mi\u00f1o\"},\"sameAs\":[\"http:\/\/radioinfinitagoya.com.ar\"]}]}<\/script>\n<!-- \/ Yoast SEO plugin. -->","yoast_head_json":{"title":"\"Corruptos son ustedes\": el nuevo ataque de Milei a los periodistas en el Congreso - Radio Infinita Goya","description":"Javier Milei respondi\u00f3 con agravios al ser consultado por la situaci\u00f3n judicial de Manuel Adorni. El hecho refleja una escalada en el conflicto con la","robots":{"index":"index","follow":"follow","max-snippet":"max-snippet:-1","max-image-preview":"max-image-preview:large","max-video-preview":"max-video-preview:-1"},"canonical":"https:\/\/radioinfinitagoya.com.ar\/v1\/2026\/04\/29\/corruptos-son-ustedes-el-nuevo-ataque-de-milei-a-los-periodistas-en-el-congreso\/","og_locale":"es_ES","og_type":"article","og_title":"\"Corruptos son ustedes\": el nuevo ataque de Milei a los periodistas en el Congreso - Radio Infinita Goya","og_description":"Javier Milei respondi\u00f3 con agravios al ser consultado por la situaci\u00f3n judicial de Manuel Adorni. El hecho refleja una escalada en el conflicto con la","og_url":"https:\/\/radioinfinitagoya.com.ar\/v1\/2026\/04\/29\/corruptos-son-ustedes-el-nuevo-ataque-de-milei-a-los-periodistas-en-el-congreso\/","og_site_name":"Radio Infinita Goya","article_publisher":"https:\/\/www.facebook.com\/p\/Infinita-Goya-100063870918311\/","article_published_time":"2026-04-29T19:23:02+00:00","og_image":[{"width":380,"height":254,"url":"https:\/\/radioinfinitagoya.com.ar\/v1\/wp-content\/uploads\/2026\/04\/284762w380h254c.jpg.webp","type":"image\/webp"}],"author":"Jorge Mi\u00f1o","twitter_card":"summary_large_image","twitter_misc":{"Escrito por":"Jorge Mi\u00f1o","Tiempo de lectura":"2 minutos"},"schema":{"@context":"https:\/\/schema.org","@graph":[{"@type":"Article","@id":"https:\/\/radioinfinitagoya.com.ar\/v1\/2026\/04\/29\/corruptos-son-ustedes-el-nuevo-ataque-de-milei-a-los-periodistas-en-el-congreso\/#article","isPartOf":{"@id":"https:\/\/radioinfinitagoya.com.ar\/v1\/2026\/04\/29\/corruptos-son-ustedes-el-nuevo-ataque-de-milei-a-los-periodistas-en-el-congreso\/"},"author":{"name":"Jorge Mi\u00f1o","@id":"https:\/\/radioinfinitagoya.com.ar\/v1\/#\/schema\/person\/d4cf9c413d4f6edb24aabdccab49ca4a"},"headline":"&#8220;Corruptos son ustedes&#8221;: el nuevo ataque de Milei a los periodistas en el Congreso","datePublished":"2026-04-29T19:23:02+00:00","mainEntityOfPage":{"@id":"https:\/\/radioinfinitagoya.com.ar\/v1\/2026\/04\/29\/corruptos-son-ustedes-el-nuevo-ataque-de-milei-a-los-periodistas-en-el-congreso\/"},"wordCount":382,"commentCount":0,"publisher":{"@id":"https:\/\/radioinfinitagoya.com.ar\/v1\/#organization"},"image":{"@id":"https:\/\/radioinfinitagoya.com.ar\/v1\/2026\/04\/29\/corruptos-son-ustedes-el-nuevo-ataque-de-milei-a-los-periodistas-en-el-congreso\/#primaryimage"},"thumbnailUrl":"https:\/\/radioinfinitagoya.com.ar\/v1\/wp-content\/uploads\/2026\/04\/284762w380h254c.jpg.webp","articleSection":["NACIONALES"],"inLanguage":"es-AR","potentialAction":[{"@type":"CommentAction","name":"Comment","target":["https:\/\/radioinfinitagoya.com.ar\/v1\/2026\/04\/29\/corruptos-son-ustedes-el-nuevo-ataque-de-milei-a-los-periodistas-en-el-congreso\/#respond"]}]},{"@type":"WebPage","@id":"https:\/\/radioinfinitagoya.com.ar\/v1\/2026\/04\/29\/corruptos-son-ustedes-el-nuevo-ataque-de-milei-a-los-periodistas-en-el-congreso\/","url":"https:\/\/radioinfinitagoya.com.ar\/v1\/2026\/04\/29\/corruptos-son-ustedes-el-nuevo-ataque-de-milei-a-los-periodistas-en-el-congreso\/","name":"\"Corruptos son ustedes\": el nuevo ataque de Milei a los periodistas en el Congreso - Radio Infinita Goya","isPartOf":{"@id":"https:\/\/radioinfinitagoya.com.ar\/v1\/#website"},"primaryImageOfPage":{"@id":"https:\/\/radioinfinitagoya.com.ar\/v1\/2026\/04\/29\/corruptos-son-ustedes-el-nuevo-ataque-de-milei-a-los-periodistas-en-el-congreso\/#primaryimage"},"image":{"@id":"https:\/\/radioinfinitagoya.com.ar\/v1\/2026\/04\/29\/corruptos-son-ustedes-el-nuevo-ataque-de-milei-a-los-periodistas-en-el-congreso\/#primaryimage"},"thumbnailUrl":"https:\/\/radioinfinitagoya.com.ar\/v1\/wp-content\/uploads\/2026\/04\/284762w380h254c.jpg.webp","datePublished":"2026-04-29T19:23:02+00:00","description":"Javier Milei respondi\u00f3 con agravios al ser consultado por la situaci\u00f3n judicial de Manuel Adorni. El hecho refleja una escalada en el conflicto con la","breadcrumb":{"@id":"https:\/\/radioinfinitagoya.com.ar\/v1\/2026\/04\/29\/corruptos-son-ustedes-el-nuevo-ataque-de-milei-a-los-periodistas-en-el-congreso\/#breadcrumb"},"inLanguage":"es-AR","potentialAction":[{"@type":"ReadAction","target":["https:\/\/radioinfinitagoya.com.ar\/v1\/2026\/04\/29\/corruptos-son-ustedes-el-nuevo-ataque-de-milei-a-los-periodistas-en-el-congreso\/"]}]},{"@type":"ImageObject","inLanguage":"es-AR","@id":"https:\/\/radioinfinitagoya.com.ar\/v1\/2026\/04\/29\/corruptos-son-ustedes-el-nuevo-ataque-de-milei-a-los-periodistas-en-el-congreso\/#primaryimage","url":"https:\/\/radioinfinitagoya.com.ar\/v1\/wp-content\/uploads\/2026\/04\/284762w380h254c.jpg.webp","contentUrl":"https:\/\/radioinfinitagoya.com.ar\/v1\/wp-content\/uploads\/2026\/04\/284762w380h254c.jpg.webp","width":380,"height":254},{"@type":"BreadcrumbList","@id":"https:\/\/radioinfinitagoya.com.ar\/v1\/2026\/04\/29\/corruptos-son-ustedes-el-nuevo-ataque-de-milei-a-los-periodistas-en-el-congreso\/#breadcrumb","itemListElement":[{"@type":"ListItem","position":1,"name":"Inicio","item":"https:\/\/radioinfinitagoya.com.ar\/v1\/"},{"@type":"ListItem","position":2,"name":"&#8220;Corruptos son ustedes&#8221;: el nuevo ataque de Milei a los periodistas en el Congreso"}]},{"@type":"WebSite","@id":"https:\/\/radioinfinitagoya.com.ar\/v1\/#website","url":"https:\/\/radioinfinitagoya.com.ar\/v1\/","name":"radioinfinitagoya.com.ar","description":"Radio de noticias","publisher":{"@id":"https:\/\/radioinfinitagoya.com.ar\/v1\/#organization"},"potentialAction":[{"@type":"SearchAction","target":{"@type":"EntryPoint","urlTemplate":"https:\/\/radioinfinitagoya.com.ar\/v1\/?s={search_term_string}"},"query-input":{"@type":"PropertyValueSpecification","valueRequired":true,"valueName":"search_term_string"}}],"inLanguage":"es-AR"},{"@type":"Organization","@id":"https:\/\/radioinfinitagoya.com.ar\/v1\/#organization","name":"Radio Infinita Goya","url":"https:\/\/radioinfinitagoya.com.ar\/v1\/","logo":{"@type":"ImageObject","inLanguage":"es-AR","@id":"https:\/\/radioinfinitagoya.com.ar\/v1\/#\/schema\/logo\/image\/","url":"https:\/\/radioinfinitagoya.com.ar\/v1\/wp-content\/uploads\/2019\/11\/logo-pie-web.png","contentUrl":"https:\/\/radioinfinitagoya.com.ar\/v1\/wp-content\/uploads\/2019\/11\/logo-pie-web.png","width":635,"height":326,"caption":"Radio Infinita Goya"},"image":{"@id":"https:\/\/radioinfinitagoya.com.ar\/v1\/#\/schema\/logo\/image\/"},"sameAs":["https:\/\/www.facebook.com\/p\/Infinita-Goya-100063870918311\/"]},{"@type":"Person","@id":"https:\/\/radioinfinitagoya.com.ar\/v1\/#\/schema\/person\/d4cf9c413d4f6edb24aabdccab49ca4a","name":"Jorge Mi\u00f1o","image":{"@type":"ImageObject","inLanguage":"es-AR","@id":"https:\/\/secure.gravatar.com\/avatar\/910fcf6728fe95320e07a6643c1581fec1c7fc4bf8ae12e3d8f0d0373dc844be?s=96&d=mm&r=g","url":"https:\/\/secure.gravatar.com\/avatar\/910fcf6728fe95320e07a6643c1581fec1c7fc4bf8ae12e3d8f0d0373dc844be?s=96&d=mm&r=g","contentUrl":"https:\/\/secure.gravatar.com\/avatar\/910fcf6728fe95320e07a6643c1581fec1c7fc4bf8ae12e3d8f0d0373dc844be?s=96&d=mm&r=g","caption":"Jorge Mi\u00f1o"},"sameAs":["http:\/\/radioinfinitagoya.com.ar"]}]}},"_links":{"self":[{"href":"https:\/\/radioinfinitagoya.com.ar\/v1\/wp-json\/wp\/v2\/posts\/213923","targetHints":{"allow":["GET"]}}],"collection":[{"href":"https:\/\/radioinfinitagoya.com.ar\/v1\/wp-json\/wp\/v2\/posts"}],"about":[{"href":"https:\/\/radioinfinitagoya.com.ar\/v1\/wp-json\/wp\/v2\/types\/post"}],"author":[{"embeddable":true,"href":"https:\/\/radioinfinitagoya.com.ar\/v1\/wp-json\/wp\/v2\/users\/4"}],"replies":[{"embeddable":true,"href":"https:\/\/radioinfinitagoya.com.ar\/v1\/wp-json\/wp\/v2\/comments?post=213923"}],"version-history":[{"count":1,"href":"https:\/\/radioinfinitagoya.com.ar\/v1\/wp-json\/wp\/v2\/posts\/213923\/revisions"}],"predecessor-version":[{"id":213925,"href":"https:\/\/radioinfinitagoya.com.ar\/v1\/wp-json\/wp\/v2\/posts\/213923\/revisions\/213925"}],"wp:featuredmedia":[{"embeddable":true,"href":"https:\/\/radioinfinitagoya.com.ar\/v1\/wp-json\/wp\/v2\/media\/213924"}],"wp:attachment":[{"href":"https:\/\/radioinfinitagoya.com.ar\/v1\/wp-json\/wp\/v2\/media?parent=213923"}],"wp:term":[{"taxonomy":"category","embeddable":true,"href":"https:\/\/radioinfinitagoya.com.ar\/v1\/wp-json\/wp\/v2\/categories?post=213923"},{"taxonomy":"post_tag","embeddable":true,"href":"https:\/\/radioinfinitagoya.com.ar\/v1\/wp-json\/wp\/v2\/tags?post=213923"}],"curies":[{"name":"wp","href":"https:\/\/api.w.org\/{rel}","templated":true}]}}