{"id":213929,"date":"2026-04-29T16:30:03","date_gmt":"2026-04-29T19:30:03","guid":{"rendered":"https:\/\/radioinfinitagoya.com.ar\/v1\/?p=213929"},"modified":"2026-04-29T16:30:29","modified_gmt":"2026-04-29T19:30:29","slug":"manuel-adorni-en-el-congreso-en-vivo-quiero-dejarles-en-claro-a-todos-que-no-voy-a-renunciar","status":"publish","type":"post","link":"https:\/\/radioinfinitagoya.com.ar\/v1\/2026\/04\/29\/manuel-adorni-en-el-congreso-en-vivo-quiero-dejarles-en-claro-a-todos-que-no-voy-a-renunciar\/","title":{"rendered":"Manuel Adorni en el Congreso: \u201cQuiero dejarles en claro a todos que no voy a renunciar\u201d"},"content":{"rendered":"<p>Al brindar su informe de gesti\u00f3n ante la C\u00e1mara de Diputados, el jefe de Gabinete se refiri\u00f3 al viaje de su esposa en el avi\u00f3n presidencial, sus salidas familiares al exterior y los presuntos contratos con su amigo, el periodista Marcelo Grandio. \u201c\u00a1Ac\u00e1 estoy, cumpliendo con la Constituci\u00f3n Nacional\u201d, vocifer\u00f3<\/p>\n<div class=\"youtube-embed\" data-video_id=\"zX_X3QFiwl4\"><iframe loading=\"lazy\" title=\"Informe de gesti\u00f3n de Manuel Adorni en el Congreso\" width=\"696\" height=\"522\" src=\"https:\/\/www.youtube.com\/embed\/zX_X3QFiwl4?feature=oembed&#038;enablejsapi=1\" frameborder=\"0\" allow=\"accelerometer; autoplay; clipboard-write; encrypted-media; gyroscope; picture-in-picture; web-share\" referrerpolicy=\"strict-origin-when-cross-origin\" allowfullscreen><\/iframe><\/div>\n<p>El jefe de Gabinete, Manuel Adorni, presenta este mi\u00e9rcoles en la C\u00e1mara de Diputados de la Naci\u00f3n su informe de gesti\u00f3n, en una sesi\u00f3n atravesada por un fuerte clima pol\u00edtico y con la presencia en el recinto de Javier Milei y gran parte del Gabinete como se\u00f1al de respaldo. Aunque la comparecencia responde a una obligaci\u00f3n constitucional, el contexto le otorga un peso adicional: el funcionario lleg\u00f3 bajo cuestionamientos por denuncias de presunto enriquecimiento il\u00edcito y utiliz\u00f3 su exposici\u00f3n para rechazar las acusaciones y defender su actuaci\u00f3n.<\/p>\n<p>En ese marco, los bloques opositores hab\u00edan elevado m\u00e1s de 4.800 preguntas por escrito, de las cuales el Poder Ejecutivo respondi\u00f3 poco m\u00e1s de 2.100, con foco en econom\u00eda, producci\u00f3n, salud y seguridad, entre otros temas. Con ese volumen de planteos y un recinto tensionado, la oposici\u00f3n busca sostener una estrategia coordinada para evitar cruces que desordenen la sesi\u00f3n, mientras el oficialismo apuesta a blindar pol\u00edticamente al jefe de Gabinete en una jornada que combina exposici\u00f3n de gesti\u00f3n, defensa personal y alto voltaje pol\u00edtico.<\/p>\n<p>La poco feliz comparaci\u00f3n de Florencia Carignano: \u201cNo se da cuenta que est\u00e1 \u2018muerto\u2019\u201d<br \/>\nFlorencia Carignano, diputada nacional kirchnerista, utiliz\u00f3 una poco feliz comparaci\u00f3n para graficar la situaci\u00f3n de Manuel Adorni, en medio de la presentaci\u00f3n del jefe de Gabinete en el Congreso.<\/p>\n<p>\u201cManuel Adorni es Bruce Willis en Sexto sentido, no se da cuenta que est\u00e1 \u2018muerto\u2019. Y Javier Milei es el nene que habla con \u00e9l sin saberlo&#8221;, escribi\u00f3 la legisladora en su cuenta de la red social X.<\/p>\n<p>Natalia Zaracho: \u201cTienen la cara de piedra\u201d<br \/>\nLa diputada nacional kirchnerista Natalia Zaracho acus\u00f3 de \u201cchanta\u201d y de \u201cvender humo\u201d a Manuel Adorni, en medio de su presentaci\u00f3n de informe en el Congreso.<\/p>\n<p>\u201cSe cagan de risa en la cara de la gente. Vienen al Congreso a dibujar n\u00fameros y a vender humo. Tienen la cara de piedra. La gente se endeuda para cargar la sube y este chanta viaja en avi\u00f3n privado\u201d, escribi\u00f3 la legisladora en redes sociales, en plena sesi\u00f3n.<\/p>\n<p>Qui\u00e9nes fueron los dos diputados de peso que se ausentaron en la sesi\u00f3n informativa de Manuel Adorni<\/p>\n<p>Miguel \u00c1ngel Pichetto y Marcela Pagano no participaron durante la presentaci\u00f3n del jefe de Gabinete en el Congreso de la Naci\u00f3n. Los motivos<\/p>\n<p><img loading=\"lazy\" decoding=\"async\" class=\"alignnone size-medium wp-image-213931\" src=\"https:\/\/radioinfinitagoya.com.ar\/v1\/wp-content\/uploads\/2026\/04\/GFN5YQDIOJACZDV74OUTGWOQVU-600x400.jpg\" alt=\"\" width=\"600\" height=\"400\" srcset=\"https:\/\/radioinfinitagoya.com.ar\/v1\/wp-content\/uploads\/2026\/04\/GFN5YQDIOJACZDV74OUTGWOQVU-600x400.jpg 600w, https:\/\/radioinfinitagoya.com.ar\/v1\/wp-content\/uploads\/2026\/04\/GFN5YQDIOJACZDV74OUTGWOQVU-150x100.jpg 150w, https:\/\/radioinfinitagoya.com.ar\/v1\/wp-content\/uploads\/2026\/04\/GFN5YQDIOJACZDV74OUTGWOQVU-768x512.jpg 768w, https:\/\/radioinfinitagoya.com.ar\/v1\/wp-content\/uploads\/2026\/04\/GFN5YQDIOJACZDV74OUTGWOQVU-630x420.jpg 630w, https:\/\/radioinfinitagoya.com.ar\/v1\/wp-content\/uploads\/2026\/04\/GFN5YQDIOJACZDV74OUTGWOQVU-696x464.jpg 696w, https:\/\/radioinfinitagoya.com.ar\/v1\/wp-content\/uploads\/2026\/04\/GFN5YQDIOJACZDV74OUTGWOQVU.avif 992w\" sizes=\"auto, (max-width: 600px) 100vw, 600px\" \/><\/p>\n<p>La sesi\u00f3n informativa que llev\u00f3 a cabo el jefe de Gabinete, Manuel Adorni, reanud\u00f3 la actividad en el Congreso de la Naci\u00f3n. Sin embargo, aunque en el recinto hab\u00eda presentes 231 diputados de los 257 que conforman la C\u00e1mara al momento de inicio de la sesi\u00f3n, hubo un par de ausencias que llamaron la atenci\u00f3n por su importancia relativa respecto de sus pares.<\/p>\n<p>El pedido de un diputado kirchnerista a Adorni: \u201cHaga como Frugoni y renuncie\u201d<br \/>\nEl diputado kirchnerista Juan Marino record\u00f3 en el recinto la reciente renuncia de Carlos Frugoni, quien se desempe\u00f1aba como secretario de Coordinaci\u00f3n de Infraestructura, luego de que se conociera que ten\u00eda siete propiedades en Miami sin declarar ante la Oficina Anticorrupci\u00f3n y ARCA. En ese sentido, le pregunt\u00f3 a Manuel Adorni por qu\u00e9 \u00e9l no dejaba su cargo ante sospechas similares.<\/p>\n<p>\u201c\u00bfPor qu\u00e9 el criterio que el Gobierno aplic\u00f3 con Frugoni no se aplica con usted? Si a\u00fan le queda algo de dignidad, haga como Frugoni y renuncie. Fin\u201c, ironiz\u00f3 al terminar su mensaje, en referencia a la forma del jefe de Gabinete de finalizar sus publicaciones en redes sociales.<\/p>\n","protected":false},"excerpt":{"rendered":"<p>Al brindar su informe de gesti\u00f3n ante la C\u00e1mara de Diputados, el jefe de Gabinete se refiri\u00f3 al viaje de su esposa en el avi\u00f3n presidencial, sus salidas familiares al exterior y los presuntos contratos con su amigo, el periodista Marcelo Grandio. \u201c\u00a1Ac\u00e1 estoy, cumpliendo con la Constituci\u00f3n Nacional\u201d, vocifer\u00f3 El jefe de Gabinete, Manuel [&hellip;]<\/p>\n","protected":false},"author":4,"featured_media":213930,"comment_status":"open","ping_status":"open","sticky":false,"template":"","format":"standard","meta":{"_joinchat":[],"footnotes":""},"categories":[34],"tags":[],"class_list":{"0":"post-213929","1":"post","2":"type-post","3":"status-publish","4":"format-standard","5":"has-post-thumbnail","7":"category-principal"},"yoast_head":"<!-- This site is optimized with the Yoast SEO plugin v27.2 - https:\/\/yoast.com\/product\/yoast-seo-wordpress\/ -->\n<title>Manuel Adorni en el Congreso: \u201cQuiero dejarles en claro a todos que no voy a renunciar\u201d - Radio Infinita Goya<\/title>\n<meta name=\"description\" content=\"Al brindar su informe de gesti\u00f3n ante la C\u00e1mara de Diputados, el jefe de Gabinete se refiri\u00f3 al viaje de su esposa en el avi\u00f3n presidencial, sus salidas\" \/>\n<meta name=\"robots\" content=\"index, follow, max-snippet:-1, max-image-preview:large, max-video-preview:-1\" \/>\n<link rel=\"canonical\" href=\"https:\/\/radioinfinitagoya.com.ar\/v1\/2026\/04\/29\/manuel-adorni-en-el-congreso-en-vivo-quiero-dejarles-en-claro-a-todos-que-no-voy-a-renunciar\/\" \/>\n<meta property=\"og:locale\" content=\"es_ES\" \/>\n<meta property=\"og:type\" content=\"article\" \/>\n<meta property=\"og:title\" content=\"Manuel Adorni en el Congreso: \u201cQuiero dejarles en claro a todos que no voy a renunciar\u201d - Radio Infinita Goya\" \/>\n<meta property=\"og:description\" content=\"Al brindar su informe de gesti\u00f3n ante la C\u00e1mara de Diputados, el jefe de Gabinete se refiri\u00f3 al viaje de su esposa en el avi\u00f3n presidencial, sus salidas\" \/>\n<meta property=\"og:url\" content=\"https:\/\/radioinfinitagoya.com.ar\/v1\/2026\/04\/29\/manuel-adorni-en-el-congreso-en-vivo-quiero-dejarles-en-claro-a-todos-que-no-voy-a-renunciar\/\" \/>\n<meta property=\"og:site_name\" content=\"Radio Infinita Goya\" \/>\n<meta property=\"article:publisher\" content=\"https:\/\/www.facebook.com\/p\/Infinita-Goya-100063870918311\/\" \/>\n<meta property=\"article:published_time\" content=\"2026-04-29T19:30:03+00:00\" \/>\n<meta property=\"article:modified_time\" content=\"2026-04-29T19:30:29+00:00\" \/>\n<meta property=\"og:image\" content=\"https:\/\/radioinfinitagoya.com.ar\/v1\/wp-content\/uploads\/2026\/04\/eWFIxPrR.jpg\" \/>\n\t<meta property=\"og:image:width\" content=\"680\" \/>\n\t<meta property=\"og:image:height\" content=\"383\" \/>\n\t<meta property=\"og:image:type\" content=\"image\/jpeg\" \/>\n<meta name=\"author\" content=\"Jorge Mi\u00f1o\" \/>\n<meta name=\"twitter:card\" content=\"summary_large_image\" \/>\n<meta name=\"twitter:label1\" content=\"Escrito por\" \/>\n\t<meta name=\"twitter:data1\" content=\"Jorge Mi\u00f1o\" \/>\n\t<meta name=\"twitter:label2\" content=\"Tiempo de lectura\" \/>\n\t<meta name=\"twitter:data2\" content=\"4 minutos\" \/>\n<script type=\"application\/ld+json\" class=\"yoast-schema-graph\">{\"@context\":\"https:\/\/schema.org\",\"@graph\":[{\"@type\":\"Article\",\"@id\":\"https:\/\/radioinfinitagoya.com.ar\/v1\/2026\/04\/29\/manuel-adorni-en-el-congreso-en-vivo-quiero-dejarles-en-claro-a-todos-que-no-voy-a-renunciar\/#article\",\"isPartOf\":{\"@id\":\"https:\/\/radioinfinitagoya.com.ar\/v1\/2026\/04\/29\/manuel-adorni-en-el-congreso-en-vivo-quiero-dejarles-en-claro-a-todos-que-no-voy-a-renunciar\/\"},\"author\":{\"name\":\"Jorge Mi\u00f1o\",\"@id\":\"https:\/\/radioinfinitagoya.com.ar\/v1\/#\/schema\/person\/d4cf9c413d4f6edb24aabdccab49ca4a\"},\"headline\":\"Manuel Adorni en el Congreso: \u201cQuiero dejarles en claro a todos que no voy a renunciar\u201d\",\"datePublished\":\"2026-04-29T19:30:03+00:00\",\"dateModified\":\"2026-04-29T19:30:29+00:00\",\"mainEntityOfPage\":{\"@id\":\"https:\/\/radioinfinitagoya.com.ar\/v1\/2026\/04\/29\/manuel-adorni-en-el-congreso-en-vivo-quiero-dejarles-en-claro-a-todos-que-no-voy-a-renunciar\/\"},\"wordCount\":680,\"commentCount\":0,\"publisher\":{\"@id\":\"https:\/\/radioinfinitagoya.com.ar\/v1\/#organization\"},\"image\":{\"@id\":\"https:\/\/radioinfinitagoya.com.ar\/v1\/2026\/04\/29\/manuel-adorni-en-el-congreso-en-vivo-quiero-dejarles-en-claro-a-todos-que-no-voy-a-renunciar\/#primaryimage\"},\"thumbnailUrl\":\"https:\/\/radioinfinitagoya.com.ar\/v1\/wp-content\/uploads\/2026\/04\/eWFIxPrR.jpg\",\"articleSection\":[\"PRINCIPAL\"],\"inLanguage\":\"es-AR\",\"potentialAction\":[{\"@type\":\"CommentAction\",\"name\":\"Comment\",\"target\":[\"https:\/\/radioinfinitagoya.com.ar\/v1\/2026\/04\/29\/manuel-adorni-en-el-congreso-en-vivo-quiero-dejarles-en-claro-a-todos-que-no-voy-a-renunciar\/#respond\"]}]},{\"@type\":\"WebPage\",\"@id\":\"https:\/\/radioinfinitagoya.com.ar\/v1\/2026\/04\/29\/manuel-adorni-en-el-congreso-en-vivo-quiero-dejarles-en-claro-a-todos-que-no-voy-a-renunciar\/\",\"url\":\"https:\/\/radioinfinitagoya.com.ar\/v1\/2026\/04\/29\/manuel-adorni-en-el-congreso-en-vivo-quiero-dejarles-en-claro-a-todos-que-no-voy-a-renunciar\/\",\"name\":\"Manuel Adorni en el Congreso: \u201cQuiero dejarles en claro a todos que no voy a renunciar\u201d - Radio Infinita Goya\",\"isPartOf\":{\"@id\":\"https:\/\/radioinfinitagoya.com.ar\/v1\/#website\"},\"primaryImageOfPage\":{\"@id\":\"https:\/\/radioinfinitagoya.com.ar\/v1\/2026\/04\/29\/manuel-adorni-en-el-congreso-en-vivo-quiero-dejarles-en-claro-a-todos-que-no-voy-a-renunciar\/#primaryimage\"},\"image\":{\"@id\":\"https:\/\/radioinfinitagoya.com.ar\/v1\/2026\/04\/29\/manuel-adorni-en-el-congreso-en-vivo-quiero-dejarles-en-claro-a-todos-que-no-voy-a-renunciar\/#primaryimage\"},\"thumbnailUrl\":\"https:\/\/radioinfinitagoya.com.ar\/v1\/wp-content\/uploads\/2026\/04\/eWFIxPrR.jpg\",\"datePublished\":\"2026-04-29T19:30:03+00:00\",\"dateModified\":\"2026-04-29T19:30:29+00:00\",\"description\":\"Al brindar su informe de gesti\u00f3n ante la C\u00e1mara de Diputados, el jefe de Gabinete se refiri\u00f3 al viaje de su esposa en el avi\u00f3n presidencial, sus salidas\",\"breadcrumb\":{\"@id\":\"https:\/\/radioinfinitagoya.com.ar\/v1\/2026\/04\/29\/manuel-adorni-en-el-congreso-en-vivo-quiero-dejarles-en-claro-a-todos-que-no-voy-a-renunciar\/#breadcrumb\"},\"inLanguage\":\"es-AR\",\"potentialAction\":[{\"@type\":\"ReadAction\",\"target\":[\"https:\/\/radioinfinitagoya.com.ar\/v1\/2026\/04\/29\/manuel-adorni-en-el-congreso-en-vivo-quiero-dejarles-en-claro-a-todos-que-no-voy-a-renunciar\/\"]}]},{\"@type\":\"ImageObject\",\"inLanguage\":\"es-AR\",\"@id\":\"https:\/\/radioinfinitagoya.com.ar\/v1\/2026\/04\/29\/manuel-adorni-en-el-congreso-en-vivo-quiero-dejarles-en-claro-a-todos-que-no-voy-a-renunciar\/#primaryimage\",\"url\":\"https:\/\/radioinfinitagoya.com.ar\/v1\/wp-content\/uploads\/2026\/04\/eWFIxPrR.jpg\",\"contentUrl\":\"https:\/\/radioinfinitagoya.com.ar\/v1\/wp-content\/uploads\/2026\/04\/eWFIxPrR.jpg\",\"width\":680,\"height\":383},{\"@type\":\"BreadcrumbList\",\"@id\":\"https:\/\/radioinfinitagoya.com.ar\/v1\/2026\/04\/29\/manuel-adorni-en-el-congreso-en-vivo-quiero-dejarles-en-claro-a-todos-que-no-voy-a-renunciar\/#breadcrumb\",\"itemListElement\":[{\"@type\":\"ListItem\",\"position\":1,\"name\":\"Inicio\",\"item\":\"https:\/\/radioinfinitagoya.com.ar\/v1\/\"},{\"@type\":\"ListItem\",\"position\":2,\"name\":\"Manuel Adorni en el Congreso: \u201cQuiero dejarles en claro a todos que no voy a renunciar\u201d\"}]},{\"@type\":\"WebSite\",\"@id\":\"https:\/\/radioinfinitagoya.com.ar\/v1\/#website\",\"url\":\"https:\/\/radioinfinitagoya.com.ar\/v1\/\",\"name\":\"radioinfinitagoya.com.ar\",\"description\":\"Radio de noticias\",\"publisher\":{\"@id\":\"https:\/\/radioinfinitagoya.com.ar\/v1\/#organization\"},\"potentialAction\":[{\"@type\":\"SearchAction\",\"target\":{\"@type\":\"EntryPoint\",\"urlTemplate\":\"https:\/\/radioinfinitagoya.com.ar\/v1\/?s={search_term_string}\"},\"query-input\":{\"@type\":\"PropertyValueSpecification\",\"valueRequired\":true,\"valueName\":\"search_term_string\"}}],\"inLanguage\":\"es-AR\"},{\"@type\":\"Organization\",\"@id\":\"https:\/\/radioinfinitagoya.com.ar\/v1\/#organization\",\"name\":\"Radio Infinita Goya\",\"url\":\"https:\/\/radioinfinitagoya.com.ar\/v1\/\",\"logo\":{\"@type\":\"ImageObject\",\"inLanguage\":\"es-AR\",\"@id\":\"https:\/\/radioinfinitagoya.com.ar\/v1\/#\/schema\/logo\/image\/\",\"url\":\"https:\/\/radioinfinitagoya.com.ar\/v1\/wp-content\/uploads\/2019\/11\/logo-pie-web.png\",\"contentUrl\":\"https:\/\/radioinfinitagoya.com.ar\/v1\/wp-content\/uploads\/2019\/11\/logo-pie-web.png\",\"width\":635,\"height\":326,\"caption\":\"Radio Infinita Goya\"},\"image\":{\"@id\":\"https:\/\/radioinfinitagoya.com.ar\/v1\/#\/schema\/logo\/image\/\"},\"sameAs\":[\"https:\/\/www.facebook.com\/p\/Infinita-Goya-100063870918311\/\"]},{\"@type\":\"Person\",\"@id\":\"https:\/\/radioinfinitagoya.com.ar\/v1\/#\/schema\/person\/d4cf9c413d4f6edb24aabdccab49ca4a\",\"name\":\"Jorge Mi\u00f1o\",\"image\":{\"@type\":\"ImageObject\",\"inLanguage\":\"es-AR\",\"@id\":\"https:\/\/secure.gravatar.com\/avatar\/910fcf6728fe95320e07a6643c1581fec1c7fc4bf8ae12e3d8f0d0373dc844be?s=96&d=mm&r=g\",\"url\":\"https:\/\/secure.gravatar.com\/avatar\/910fcf6728fe95320e07a6643c1581fec1c7fc4bf8ae12e3d8f0d0373dc844be?s=96&d=mm&r=g\",\"contentUrl\":\"https:\/\/secure.gravatar.com\/avatar\/910fcf6728fe95320e07a6643c1581fec1c7fc4bf8ae12e3d8f0d0373dc844be?s=96&d=mm&r=g\",\"caption\":\"Jorge Mi\u00f1o\"},\"sameAs\":[\"http:\/\/radioinfinitagoya.com.ar\"]}]}<\/script>\n<!-- \/ Yoast SEO plugin. -->","yoast_head_json":{"title":"Manuel Adorni en el Congreso: \u201cQuiero dejarles en claro a todos que no voy a renunciar\u201d - Radio Infinita Goya","description":"Al brindar su informe de gesti\u00f3n ante la C\u00e1mara de Diputados, el jefe de Gabinete se refiri\u00f3 al viaje de su esposa en el avi\u00f3n presidencial, sus salidas","robots":{"index":"index","follow":"follow","max-snippet":"max-snippet:-1","max-image-preview":"max-image-preview:large","max-video-preview":"max-video-preview:-1"},"canonical":"https:\/\/radioinfinitagoya.com.ar\/v1\/2026\/04\/29\/manuel-adorni-en-el-congreso-en-vivo-quiero-dejarles-en-claro-a-todos-que-no-voy-a-renunciar\/","og_locale":"es_ES","og_type":"article","og_title":"Manuel Adorni en el Congreso: \u201cQuiero dejarles en claro a todos que no voy a renunciar\u201d - Radio Infinita Goya","og_description":"Al brindar su informe de gesti\u00f3n ante la C\u00e1mara de Diputados, el jefe de Gabinete se refiri\u00f3 al viaje de su esposa en el avi\u00f3n presidencial, sus salidas","og_url":"https:\/\/radioinfinitagoya.com.ar\/v1\/2026\/04\/29\/manuel-adorni-en-el-congreso-en-vivo-quiero-dejarles-en-claro-a-todos-que-no-voy-a-renunciar\/","og_site_name":"Radio Infinita Goya","article_publisher":"https:\/\/www.facebook.com\/p\/Infinita-Goya-100063870918311\/","article_published_time":"2026-04-29T19:30:03+00:00","article_modified_time":"2026-04-29T19:30:29+00:00","og_image":[{"width":680,"height":383,"url":"https:\/\/radioinfinitagoya.com.ar\/v1\/wp-content\/uploads\/2026\/04\/eWFIxPrR.jpg","type":"image\/jpeg"}],"author":"Jorge Mi\u00f1o","twitter_card":"summary_large_image","twitter_misc":{"Escrito por":"Jorge Mi\u00f1o","Tiempo de lectura":"4 minutos"},"schema":{"@context":"https:\/\/schema.org","@graph":[{"@type":"Article","@id":"https:\/\/radioinfinitagoya.com.ar\/v1\/2026\/04\/29\/manuel-adorni-en-el-congreso-en-vivo-quiero-dejarles-en-claro-a-todos-que-no-voy-a-renunciar\/#article","isPartOf":{"@id":"https:\/\/radioinfinitagoya.com.ar\/v1\/2026\/04\/29\/manuel-adorni-en-el-congreso-en-vivo-quiero-dejarles-en-claro-a-todos-que-no-voy-a-renunciar\/"},"author":{"name":"Jorge Mi\u00f1o","@id":"https:\/\/radioinfinitagoya.com.ar\/v1\/#\/schema\/person\/d4cf9c413d4f6edb24aabdccab49ca4a"},"headline":"Manuel Adorni en el Congreso: \u201cQuiero dejarles en claro a todos que no voy a renunciar\u201d","datePublished":"2026-04-29T19:30:03+00:00","dateModified":"2026-04-29T19:30:29+00:00","mainEntityOfPage":{"@id":"https:\/\/radioinfinitagoya.com.ar\/v1\/2026\/04\/29\/manuel-adorni-en-el-congreso-en-vivo-quiero-dejarles-en-claro-a-todos-que-no-voy-a-renunciar\/"},"wordCount":680,"commentCount":0,"publisher":{"@id":"https:\/\/radioinfinitagoya.com.ar\/v1\/#organization"},"image":{"@id":"https:\/\/radioinfinitagoya.com.ar\/v1\/2026\/04\/29\/manuel-adorni-en-el-congreso-en-vivo-quiero-dejarles-en-claro-a-todos-que-no-voy-a-renunciar\/#primaryimage"},"thumbnailUrl":"https:\/\/radioinfinitagoya.com.ar\/v1\/wp-content\/uploads\/2026\/04\/eWFIxPrR.jpg","articleSection":["PRINCIPAL"],"inLanguage":"es-AR","potentialAction":[{"@type":"CommentAction","name":"Comment","target":["https:\/\/radioinfinitagoya.com.ar\/v1\/2026\/04\/29\/manuel-adorni-en-el-congreso-en-vivo-quiero-dejarles-en-claro-a-todos-que-no-voy-a-renunciar\/#respond"]}]},{"@type":"WebPage","@id":"https:\/\/radioinfinitagoya.com.ar\/v1\/2026\/04\/29\/manuel-adorni-en-el-congreso-en-vivo-quiero-dejarles-en-claro-a-todos-que-no-voy-a-renunciar\/","url":"https:\/\/radioinfinitagoya.com.ar\/v1\/2026\/04\/29\/manuel-adorni-en-el-congreso-en-vivo-quiero-dejarles-en-claro-a-todos-que-no-voy-a-renunciar\/","name":"Manuel Adorni en el Congreso: \u201cQuiero dejarles en claro a todos que no voy a renunciar\u201d - Radio Infinita Goya","isPartOf":{"@id":"https:\/\/radioinfinitagoya.com.ar\/v1\/#website"},"primaryImageOfPage":{"@id":"https:\/\/radioinfinitagoya.com.ar\/v1\/2026\/04\/29\/manuel-adorni-en-el-congreso-en-vivo-quiero-dejarles-en-claro-a-todos-que-no-voy-a-renunciar\/#primaryimage"},"image":{"@id":"https:\/\/radioinfinitagoya.com.ar\/v1\/2026\/04\/29\/manuel-adorni-en-el-congreso-en-vivo-quiero-dejarles-en-claro-a-todos-que-no-voy-a-renunciar\/#primaryimage"},"thumbnailUrl":"https:\/\/radioinfinitagoya.com.ar\/v1\/wp-content\/uploads\/2026\/04\/eWFIxPrR.jpg","datePublished":"2026-04-29T19:30:03+00:00","dateModified":"2026-04-29T19:30:29+00:00","description":"Al brindar su informe de gesti\u00f3n ante la C\u00e1mara de Diputados, el jefe de Gabinete se refiri\u00f3 al viaje de su esposa en el avi\u00f3n presidencial, sus salidas","breadcrumb":{"@id":"https:\/\/radioinfinitagoya.com.ar\/v1\/2026\/04\/29\/manuel-adorni-en-el-congreso-en-vivo-quiero-dejarles-en-claro-a-todos-que-no-voy-a-renunciar\/#breadcrumb"},"inLanguage":"es-AR","potentialAction":[{"@type":"ReadAction","target":["https:\/\/radioinfinitagoya.com.ar\/v1\/2026\/04\/29\/manuel-adorni-en-el-congreso-en-vivo-quiero-dejarles-en-claro-a-todos-que-no-voy-a-renunciar\/"]}]},{"@type":"ImageObject","inLanguage":"es-AR","@id":"https:\/\/radioinfinitagoya.com.ar\/v1\/2026\/04\/29\/manuel-adorni-en-el-congreso-en-vivo-quiero-dejarles-en-claro-a-todos-que-no-voy-a-renunciar\/#primaryimage","url":"https:\/\/radioinfinitagoya.com.ar\/v1\/wp-content\/uploads\/2026\/04\/eWFIxPrR.jpg","contentUrl":"https:\/\/radioinfinitagoya.com.ar\/v1\/wp-content\/uploads\/2026\/04\/eWFIxPrR.jpg","width":680,"height":383},{"@type":"BreadcrumbList","@id":"https:\/\/radioinfinitagoya.com.ar\/v1\/2026\/04\/29\/manuel-adorni-en-el-congreso-en-vivo-quiero-dejarles-en-claro-a-todos-que-no-voy-a-renunciar\/#breadcrumb","itemListElement":[{"@type":"ListItem","position":1,"name":"Inicio","item":"https:\/\/radioinfinitagoya.com.ar\/v1\/"},{"@type":"ListItem","position":2,"name":"Manuel Adorni en el Congreso: \u201cQuiero dejarles en claro a todos que no voy a renunciar\u201d"}]},{"@type":"WebSite","@id":"https:\/\/radioinfinitagoya.com.ar\/v1\/#website","url":"https:\/\/radioinfinitagoya.com.ar\/v1\/","name":"radioinfinitagoya.com.ar","description":"Radio de noticias","publisher":{"@id":"https:\/\/radioinfinitagoya.com.ar\/v1\/#organization"},"potentialAction":[{"@type":"SearchAction","target":{"@type":"EntryPoint","urlTemplate":"https:\/\/radioinfinitagoya.com.ar\/v1\/?s={search_term_string}"},"query-input":{"@type":"PropertyValueSpecification","valueRequired":true,"valueName":"search_term_string"}}],"inLanguage":"es-AR"},{"@type":"Organization","@id":"https:\/\/radioinfinitagoya.com.ar\/v1\/#organization","name":"Radio Infinita Goya","url":"https:\/\/radioinfinitagoya.com.ar\/v1\/","logo":{"@type":"ImageObject","inLanguage":"es-AR","@id":"https:\/\/radioinfinitagoya.com.ar\/v1\/#\/schema\/logo\/image\/","url":"https:\/\/radioinfinitagoya.com.ar\/v1\/wp-content\/uploads\/2019\/11\/logo-pie-web.png","contentUrl":"https:\/\/radioinfinitagoya.com.ar\/v1\/wp-content\/uploads\/2019\/11\/logo-pie-web.png","width":635,"height":326,"caption":"Radio Infinita Goya"},"image":{"@id":"https:\/\/radioinfinitagoya.com.ar\/v1\/#\/schema\/logo\/image\/"},"sameAs":["https:\/\/www.facebook.com\/p\/Infinita-Goya-100063870918311\/"]},{"@type":"Person","@id":"https:\/\/radioinfinitagoya.com.ar\/v1\/#\/schema\/person\/d4cf9c413d4f6edb24aabdccab49ca4a","name":"Jorge Mi\u00f1o","image":{"@type":"ImageObject","inLanguage":"es-AR","@id":"https:\/\/secure.gravatar.com\/avatar\/910fcf6728fe95320e07a6643c1581fec1c7fc4bf8ae12e3d8f0d0373dc844be?s=96&d=mm&r=g","url":"https:\/\/secure.gravatar.com\/avatar\/910fcf6728fe95320e07a6643c1581fec1c7fc4bf8ae12e3d8f0d0373dc844be?s=96&d=mm&r=g","contentUrl":"https:\/\/secure.gravatar.com\/avatar\/910fcf6728fe95320e07a6643c1581fec1c7fc4bf8ae12e3d8f0d0373dc844be?s=96&d=mm&r=g","caption":"Jorge Mi\u00f1o"},"sameAs":["http:\/\/radioinfinitagoya.com.ar"]}]}},"_links":{"self":[{"href":"https:\/\/radioinfinitagoya.com.ar\/v1\/wp-json\/wp\/v2\/posts\/213929","targetHints":{"allow":["GET"]}}],"collection":[{"href":"https:\/\/radioinfinitagoya.com.ar\/v1\/wp-json\/wp\/v2\/posts"}],"about":[{"href":"https:\/\/radioinfinitagoya.com.ar\/v1\/wp-json\/wp\/v2\/types\/post"}],"author":[{"embeddable":true,"href":"https:\/\/radioinfinitagoya.com.ar\/v1\/wp-json\/wp\/v2\/users\/4"}],"replies":[{"embeddable":true,"href":"https:\/\/radioinfinitagoya.com.ar\/v1\/wp-json\/wp\/v2\/comments?post=213929"}],"version-history":[{"count":2,"href":"https:\/\/radioinfinitagoya.com.ar\/v1\/wp-json\/wp\/v2\/posts\/213929\/revisions"}],"predecessor-version":[{"id":213933,"href":"https:\/\/radioinfinitagoya.com.ar\/v1\/wp-json\/wp\/v2\/posts\/213929\/revisions\/213933"}],"wp:featuredmedia":[{"embeddable":true,"href":"https:\/\/radioinfinitagoya.com.ar\/v1\/wp-json\/wp\/v2\/media\/213930"}],"wp:attachment":[{"href":"https:\/\/radioinfinitagoya.com.ar\/v1\/wp-json\/wp\/v2\/media?parent=213929"}],"wp:term":[{"taxonomy":"category","embeddable":true,"href":"https:\/\/radioinfinitagoya.com.ar\/v1\/wp-json\/wp\/v2\/categories?post=213929"},{"taxonomy":"post_tag","embeddable":true,"href":"https:\/\/radioinfinitagoya.com.ar\/v1\/wp-json\/wp\/v2\/tags?post=213929"}],"curies":[{"name":"wp","href":"https:\/\/api.w.org\/{rel}","templated":true}]}}