{"id":213934,"date":"2026-04-29T16:34:09","date_gmt":"2026-04-29T19:34:09","guid":{"rendered":"https:\/\/radioinfinitagoya.com.ar\/v1\/?p=213934"},"modified":"2026-04-29T16:34:09","modified_gmt":"2026-04-29T19:34:09","slug":"corrientes-presento-arteco-en-buenos-aires-con-el-banco-como-puente-hacia-el-pais","status":"publish","type":"post","link":"https:\/\/radioinfinitagoya.com.ar\/v1\/2026\/04\/29\/corrientes-presento-arteco-en-buenos-aires-con-el-banco-como-puente-hacia-el-pais\/","title":{"rendered":"Corrientes present\u00f3 ArteCo en Buenos Aires con el BanCo como puente hacia el pa\u00eds"},"content":{"rendered":"<p>La 8\u00aa edici\u00f3n de la Feria de Arte Contempor\u00e1neo de Corrientes se realizar\u00e1 del 21 al 24 de mayo en el Museo de Arte Contempor\u00e1neo de Corrientes. El lanzamiento tuvo lugar en el Centro de Negocios del Banco de Corrientes en Buenos Aires, con la presencia del gobernador Juan Pablo Vald\u00e9s.<\/p>\n<p>El Banco de Corrientes fue anfitri\u00f3n del lanzamiento en Buenos Aires de la 8\u00aa edici\u00f3n de ArteCo, la Feria de Arte Contempor\u00e1neo de Corrientes, que se realizar\u00e1 del 21 al 24 de mayo de 2026 en el Museo de Arte Contempor\u00e1neo de Corrientes (MACC), con entrada libre y gratuita.<\/p>\n<p>La presentaci\u00f3n se llev\u00f3 a cabo este martes 28 de abril en el Centro de Negocios del Banco de Corrientes en Buenos Aires. El encuentro reuni\u00f3 al gobernador de Corrientes, Juan Pablo Vald\u00e9s; la presidente del Banco de Corrientes, Laura Sprovieri; la presidente del Instituto de Cultura de la Provincia, Lourdes S\u00e1nchez; el curador de la feria, Marcelo Dansey; autoridades provinciales, legisladores nacionales, empresarios, artistas, coleccionistas, curadores y representantes de la prensa.<\/p>\n<p>Desde Buenos Aires, Corrientes present\u00f3 una propuesta que busca consolidarse como una de las plataformas culturales m\u00e1s importantes de la regi\u00f3n, con una mirada puesta en el arte contempor\u00e1neo, el desarrollo del mercado art\u00edstico y la proyecci\u00f3n nacional e internacional de los creadores correntinos.<\/p>\n<p>En ese marco, el rol del Banco de Corrientes tuvo un valor central. La entidad abri\u00f3 las puertas de su Centro de Negocios en Buenos Aires, ubicado en el edificio anexo a su sucursal, para acompa\u00f1ar una iniciativa que expresa identidad, cultura y desarrollo. Durante su mensaje de bienvenida, Laura Sprovieri destac\u00f3 el sentido estrat\u00e9gico del espacio donde se realiz\u00f3 el lanzamiento y record\u00f3 que fue concebido para fortalecer el v\u00ednculo entre Corrientes y el resto del pa\u00eds.<\/p>\n<p>Durante su intervenci\u00f3n, el gobernador Juan Pablo Vald\u00e9s remarc\u00f3 el orgullo de presentar en Buenos Aires una nueva edici\u00f3n de ArteCo y puso en valor el trabajo sostenido que permiti\u00f3 que la feria llegue a su octava edici\u00f3n. Se\u00f1al\u00f3 que Corrientes viene desarrollando una pol\u00edtica clara de inversi\u00f3n en cultura, orientada a cuidar sus ra\u00edces, modernizar la provincia y confiar en el talento correntino.<\/p>\n<p>&#8220;Llegamos a este momento por el trabajo de much\u00edsima gente y por una mirada clara: entender que en Corrientes tenemos artistas maravillosos y que hab\u00eda que apostar por ellos\u201d, expres\u00f3 el Gobernador. Vald\u00e9s tambi\u00e9n destac\u00f3 la transformaci\u00f3n del antiguo edificio del Banco de Corrientes en el actual MACC, un espacio que defini\u00f3 como un verdadero orgullo para la provincia. En esa l\u00ednea, subray\u00f3 que ArteCo permite integrar arte, turismo, identidad y desarrollo econ\u00f3mico, generando un punto de encuentro entre artistas correntinos, creadores de otras provincias y referentes internacionales. \u201cLos artistas tienen la posibilidad de comerciar con su arte, de mostrarlo, de crecer y de tener ingresos. Eso tambi\u00e9n es importante para nosotros\u201d, afirm\u00f3.<\/p>\n<p>En ese marco, la presidente del Banco de Corrientes, Laura Sprovieri, resalt\u00f3 el rol institucional de la entidad como anfitriona del lanzamiento y el sentido estrat\u00e9gico del Centro de Negocios en Buenos Aires. \u201cEste Centro de Negocios del Banco de Corrientes, ac\u00e1 en Buenos Aires, fue creado y pensado para hacer puente entre nuestra provincia y el pa\u00eds. Y esta convocatoria es una muestra de ello\u201d, se\u00f1al\u00f3<\/p>\n<p>Sprovieri expres\u00f3 que ArteCo es mucho m\u00e1s que una feria, porque permite mostrar la cultura, la identidad y el talento de los artistas correntinos en un escenario nacional. Adem\u00e1s, destac\u00f3 el valor especial que tiene para el Banco que esta edici\u00f3n se realice en el MACC, edificio que durante muchos a\u00f1os fue sede central de la entidad. \u201cPara nosotros como Banco tiene un sentido especial, porque fue durante much\u00edsimos a\u00f1os la sede central del Banco de Corrientes\u201d, record\u00f3.<\/p>\n<p>Con este lanzamiento en Buenos Aires, ArteCo 2026 comienza a desplegar una nueva edici\u00f3n que consolida a Corrientes como un punto clave del arte contempor\u00e1neo argentino. Desde su Centro de Negocios, el Banco de Corrientes reafirma su rol como puente institucional entre la provincia y el pa\u00eds, acompa\u00f1ando las pol\u00edticas que impulsan la cultura, el desarrollo y la proyecci\u00f3n del talento correntino.<\/p>\n<p>&nbsp;<\/p>\n","protected":false},"excerpt":{"rendered":"<p>La 8\u00aa edici\u00f3n de la Feria de Arte Contempor\u00e1neo de Corrientes se realizar\u00e1 del 21 al 24 de mayo en el Museo de Arte Contempor\u00e1neo de Corrientes. El lanzamiento tuvo lugar en el Centro de Negocios del Banco de Corrientes en Buenos Aires, con la presencia del gobernador Juan Pablo Vald\u00e9s. El Banco de Corrientes [&hellip;]<\/p>\n","protected":false},"author":4,"featured_media":213935,"comment_status":"open","ping_status":"open","sticky":false,"template":"","format":"standard","meta":{"_joinchat":[],"footnotes":""},"categories":[31],"tags":[],"class_list":{"0":"post-213934","1":"post","2":"type-post","3":"status-publish","4":"format-standard","5":"has-post-thumbnail","7":"category-informacion-general"},"yoast_head":"<!-- This site is optimized with the Yoast SEO plugin v27.2 - https:\/\/yoast.com\/product\/yoast-seo-wordpress\/ -->\n<title>Corrientes present\u00f3 ArteCo en Buenos Aires con el BanCo como puente hacia el pa\u00eds - Radio Infinita Goya<\/title>\n<meta name=\"description\" content=\"La 8\u00aa edici\u00f3n de la Feria de Arte Contempor\u00e1neo de Corrientes se realizar\u00e1 del 21 al 24 de mayo en el Museo de Arte Contempor\u00e1neo de Corrientes. El\" \/>\n<meta name=\"robots\" content=\"index, follow, max-snippet:-1, max-image-preview:large, max-video-preview:-1\" \/>\n<link rel=\"canonical\" href=\"https:\/\/radioinfinitagoya.com.ar\/v1\/2026\/04\/29\/corrientes-presento-arteco-en-buenos-aires-con-el-banco-como-puente-hacia-el-pais\/\" \/>\n<meta property=\"og:locale\" content=\"es_ES\" \/>\n<meta property=\"og:type\" content=\"article\" \/>\n<meta property=\"og:title\" content=\"Corrientes present\u00f3 ArteCo en Buenos Aires con el BanCo como puente hacia el pa\u00eds - Radio Infinita Goya\" \/>\n<meta property=\"og:description\" content=\"La 8\u00aa edici\u00f3n de la Feria de Arte Contempor\u00e1neo de Corrientes se realizar\u00e1 del 21 al 24 de mayo en el Museo de Arte Contempor\u00e1neo de Corrientes. El\" \/>\n<meta property=\"og:url\" content=\"https:\/\/radioinfinitagoya.com.ar\/v1\/2026\/04\/29\/corrientes-presento-arteco-en-buenos-aires-con-el-banco-como-puente-hacia-el-pais\/\" \/>\n<meta property=\"og:site_name\" content=\"Radio Infinita Goya\" \/>\n<meta property=\"article:publisher\" content=\"https:\/\/www.facebook.com\/p\/Infinita-Goya-100063870918311\/\" \/>\n<meta property=\"article:published_time\" content=\"2026-04-29T19:34:09+00:00\" \/>\n<meta property=\"og:image\" content=\"https:\/\/radioinfinitagoya.com.ar\/v1\/wp-content\/uploads\/2026\/04\/1777468561115.webp\" \/>\n\t<meta property=\"og:image:width\" content=\"1200\" \/>\n\t<meta property=\"og:image:height\" content=\"675\" \/>\n\t<meta property=\"og:image:type\" content=\"image\/webp\" \/>\n<meta name=\"author\" content=\"Jorge Mi\u00f1o\" \/>\n<meta name=\"twitter:card\" content=\"summary_large_image\" \/>\n<meta name=\"twitter:label1\" content=\"Escrito por\" \/>\n\t<meta name=\"twitter:data1\" content=\"Jorge Mi\u00f1o\" \/>\n\t<meta name=\"twitter:label2\" content=\"Tiempo de lectura\" \/>\n\t<meta name=\"twitter:data2\" content=\"4 minutos\" \/>\n<script type=\"application\/ld+json\" class=\"yoast-schema-graph\">{\"@context\":\"https:\/\/schema.org\",\"@graph\":[{\"@type\":\"Article\",\"@id\":\"https:\/\/radioinfinitagoya.com.ar\/v1\/2026\/04\/29\/corrientes-presento-arteco-en-buenos-aires-con-el-banco-como-puente-hacia-el-pais\/#article\",\"isPartOf\":{\"@id\":\"https:\/\/radioinfinitagoya.com.ar\/v1\/2026\/04\/29\/corrientes-presento-arteco-en-buenos-aires-con-el-banco-como-puente-hacia-el-pais\/\"},\"author\":{\"name\":\"Jorge Mi\u00f1o\",\"@id\":\"https:\/\/radioinfinitagoya.com.ar\/v1\/#\/schema\/person\/d4cf9c413d4f6edb24aabdccab49ca4a\"},\"headline\":\"Corrientes present\u00f3 ArteCo en Buenos Aires con el BanCo como puente hacia el pa\u00eds\",\"datePublished\":\"2026-04-29T19:34:09+00:00\",\"mainEntityOfPage\":{\"@id\":\"https:\/\/radioinfinitagoya.com.ar\/v1\/2026\/04\/29\/corrientes-presento-arteco-en-buenos-aires-con-el-banco-como-puente-hacia-el-pais\/\"},\"wordCount\":736,\"commentCount\":0,\"publisher\":{\"@id\":\"https:\/\/radioinfinitagoya.com.ar\/v1\/#organization\"},\"image\":{\"@id\":\"https:\/\/radioinfinitagoya.com.ar\/v1\/2026\/04\/29\/corrientes-presento-arteco-en-buenos-aires-con-el-banco-como-puente-hacia-el-pais\/#primaryimage\"},\"thumbnailUrl\":\"https:\/\/radioinfinitagoya.com.ar\/v1\/wp-content\/uploads\/2026\/04\/1777468561115.webp\",\"articleSection\":[\"INFORMACI\u00d3N GENERAL\"],\"inLanguage\":\"es-AR\",\"potentialAction\":[{\"@type\":\"CommentAction\",\"name\":\"Comment\",\"target\":[\"https:\/\/radioinfinitagoya.com.ar\/v1\/2026\/04\/29\/corrientes-presento-arteco-en-buenos-aires-con-el-banco-como-puente-hacia-el-pais\/#respond\"]}]},{\"@type\":\"WebPage\",\"@id\":\"https:\/\/radioinfinitagoya.com.ar\/v1\/2026\/04\/29\/corrientes-presento-arteco-en-buenos-aires-con-el-banco-como-puente-hacia-el-pais\/\",\"url\":\"https:\/\/radioinfinitagoya.com.ar\/v1\/2026\/04\/29\/corrientes-presento-arteco-en-buenos-aires-con-el-banco-como-puente-hacia-el-pais\/\",\"name\":\"Corrientes present\u00f3 ArteCo en Buenos Aires con el BanCo como puente hacia el pa\u00eds - Radio Infinita Goya\",\"isPartOf\":{\"@id\":\"https:\/\/radioinfinitagoya.com.ar\/v1\/#website\"},\"primaryImageOfPage\":{\"@id\":\"https:\/\/radioinfinitagoya.com.ar\/v1\/2026\/04\/29\/corrientes-presento-arteco-en-buenos-aires-con-el-banco-como-puente-hacia-el-pais\/#primaryimage\"},\"image\":{\"@id\":\"https:\/\/radioinfinitagoya.com.ar\/v1\/2026\/04\/29\/corrientes-presento-arteco-en-buenos-aires-con-el-banco-como-puente-hacia-el-pais\/#primaryimage\"},\"thumbnailUrl\":\"https:\/\/radioinfinitagoya.com.ar\/v1\/wp-content\/uploads\/2026\/04\/1777468561115.webp\",\"datePublished\":\"2026-04-29T19:34:09+00:00\",\"description\":\"La 8\u00aa edici\u00f3n de la Feria de Arte Contempor\u00e1neo de Corrientes se realizar\u00e1 del 21 al 24 de mayo en el Museo de Arte Contempor\u00e1neo de Corrientes. El\",\"breadcrumb\":{\"@id\":\"https:\/\/radioinfinitagoya.com.ar\/v1\/2026\/04\/29\/corrientes-presento-arteco-en-buenos-aires-con-el-banco-como-puente-hacia-el-pais\/#breadcrumb\"},\"inLanguage\":\"es-AR\",\"potentialAction\":[{\"@type\":\"ReadAction\",\"target\":[\"https:\/\/radioinfinitagoya.com.ar\/v1\/2026\/04\/29\/corrientes-presento-arteco-en-buenos-aires-con-el-banco-como-puente-hacia-el-pais\/\"]}]},{\"@type\":\"ImageObject\",\"inLanguage\":\"es-AR\",\"@id\":\"https:\/\/radioinfinitagoya.com.ar\/v1\/2026\/04\/29\/corrientes-presento-arteco-en-buenos-aires-con-el-banco-como-puente-hacia-el-pais\/#primaryimage\",\"url\":\"https:\/\/radioinfinitagoya.com.ar\/v1\/wp-content\/uploads\/2026\/04\/1777468561115.webp\",\"contentUrl\":\"https:\/\/radioinfinitagoya.com.ar\/v1\/wp-content\/uploads\/2026\/04\/1777468561115.webp\",\"width\":1200,\"height\":675},{\"@type\":\"BreadcrumbList\",\"@id\":\"https:\/\/radioinfinitagoya.com.ar\/v1\/2026\/04\/29\/corrientes-presento-arteco-en-buenos-aires-con-el-banco-como-puente-hacia-el-pais\/#breadcrumb\",\"itemListElement\":[{\"@type\":\"ListItem\",\"position\":1,\"name\":\"Inicio\",\"item\":\"https:\/\/radioinfinitagoya.com.ar\/v1\/\"},{\"@type\":\"ListItem\",\"position\":2,\"name\":\"Corrientes present\u00f3 ArteCo en Buenos Aires con el BanCo como puente hacia el pa\u00eds\"}]},{\"@type\":\"WebSite\",\"@id\":\"https:\/\/radioinfinitagoya.com.ar\/v1\/#website\",\"url\":\"https:\/\/radioinfinitagoya.com.ar\/v1\/\",\"name\":\"radioinfinitagoya.com.ar\",\"description\":\"Radio de noticias\",\"publisher\":{\"@id\":\"https:\/\/radioinfinitagoya.com.ar\/v1\/#organization\"},\"potentialAction\":[{\"@type\":\"SearchAction\",\"target\":{\"@type\":\"EntryPoint\",\"urlTemplate\":\"https:\/\/radioinfinitagoya.com.ar\/v1\/?s={search_term_string}\"},\"query-input\":{\"@type\":\"PropertyValueSpecification\",\"valueRequired\":true,\"valueName\":\"search_term_string\"}}],\"inLanguage\":\"es-AR\"},{\"@type\":\"Organization\",\"@id\":\"https:\/\/radioinfinitagoya.com.ar\/v1\/#organization\",\"name\":\"Radio Infinita Goya\",\"url\":\"https:\/\/radioinfinitagoya.com.ar\/v1\/\",\"logo\":{\"@type\":\"ImageObject\",\"inLanguage\":\"es-AR\",\"@id\":\"https:\/\/radioinfinitagoya.com.ar\/v1\/#\/schema\/logo\/image\/\",\"url\":\"https:\/\/radioinfinitagoya.com.ar\/v1\/wp-content\/uploads\/2019\/11\/logo-pie-web.png\",\"contentUrl\":\"https:\/\/radioinfinitagoya.com.ar\/v1\/wp-content\/uploads\/2019\/11\/logo-pie-web.png\",\"width\":635,\"height\":326,\"caption\":\"Radio Infinita Goya\"},\"image\":{\"@id\":\"https:\/\/radioinfinitagoya.com.ar\/v1\/#\/schema\/logo\/image\/\"},\"sameAs\":[\"https:\/\/www.facebook.com\/p\/Infinita-Goya-100063870918311\/\"]},{\"@type\":\"Person\",\"@id\":\"https:\/\/radioinfinitagoya.com.ar\/v1\/#\/schema\/person\/d4cf9c413d4f6edb24aabdccab49ca4a\",\"name\":\"Jorge Mi\u00f1o\",\"image\":{\"@type\":\"ImageObject\",\"inLanguage\":\"es-AR\",\"@id\":\"https:\/\/secure.gravatar.com\/avatar\/910fcf6728fe95320e07a6643c1581fec1c7fc4bf8ae12e3d8f0d0373dc844be?s=96&d=mm&r=g\",\"url\":\"https:\/\/secure.gravatar.com\/avatar\/910fcf6728fe95320e07a6643c1581fec1c7fc4bf8ae12e3d8f0d0373dc844be?s=96&d=mm&r=g\",\"contentUrl\":\"https:\/\/secure.gravatar.com\/avatar\/910fcf6728fe95320e07a6643c1581fec1c7fc4bf8ae12e3d8f0d0373dc844be?s=96&d=mm&r=g\",\"caption\":\"Jorge Mi\u00f1o\"},\"sameAs\":[\"http:\/\/radioinfinitagoya.com.ar\"]}]}<\/script>\n<!-- \/ Yoast SEO plugin. -->","yoast_head_json":{"title":"Corrientes present\u00f3 ArteCo en Buenos Aires con el BanCo como puente hacia el pa\u00eds - Radio Infinita Goya","description":"La 8\u00aa edici\u00f3n de la Feria de Arte Contempor\u00e1neo de Corrientes se realizar\u00e1 del 21 al 24 de mayo en el Museo de Arte Contempor\u00e1neo de Corrientes. El","robots":{"index":"index","follow":"follow","max-snippet":"max-snippet:-1","max-image-preview":"max-image-preview:large","max-video-preview":"max-video-preview:-1"},"canonical":"https:\/\/radioinfinitagoya.com.ar\/v1\/2026\/04\/29\/corrientes-presento-arteco-en-buenos-aires-con-el-banco-como-puente-hacia-el-pais\/","og_locale":"es_ES","og_type":"article","og_title":"Corrientes present\u00f3 ArteCo en Buenos Aires con el BanCo como puente hacia el pa\u00eds - Radio Infinita Goya","og_description":"La 8\u00aa edici\u00f3n de la Feria de Arte Contempor\u00e1neo de Corrientes se realizar\u00e1 del 21 al 24 de mayo en el Museo de Arte Contempor\u00e1neo de Corrientes. El","og_url":"https:\/\/radioinfinitagoya.com.ar\/v1\/2026\/04\/29\/corrientes-presento-arteco-en-buenos-aires-con-el-banco-como-puente-hacia-el-pais\/","og_site_name":"Radio Infinita Goya","article_publisher":"https:\/\/www.facebook.com\/p\/Infinita-Goya-100063870918311\/","article_published_time":"2026-04-29T19:34:09+00:00","og_image":[{"width":1200,"height":675,"url":"https:\/\/radioinfinitagoya.com.ar\/v1\/wp-content\/uploads\/2026\/04\/1777468561115.webp","type":"image\/webp"}],"author":"Jorge Mi\u00f1o","twitter_card":"summary_large_image","twitter_misc":{"Escrito por":"Jorge Mi\u00f1o","Tiempo de lectura":"4 minutos"},"schema":{"@context":"https:\/\/schema.org","@graph":[{"@type":"Article","@id":"https:\/\/radioinfinitagoya.com.ar\/v1\/2026\/04\/29\/corrientes-presento-arteco-en-buenos-aires-con-el-banco-como-puente-hacia-el-pais\/#article","isPartOf":{"@id":"https:\/\/radioinfinitagoya.com.ar\/v1\/2026\/04\/29\/corrientes-presento-arteco-en-buenos-aires-con-el-banco-como-puente-hacia-el-pais\/"},"author":{"name":"Jorge Mi\u00f1o","@id":"https:\/\/radioinfinitagoya.com.ar\/v1\/#\/schema\/person\/d4cf9c413d4f6edb24aabdccab49ca4a"},"headline":"Corrientes present\u00f3 ArteCo en Buenos Aires con el BanCo como puente hacia el pa\u00eds","datePublished":"2026-04-29T19:34:09+00:00","mainEntityOfPage":{"@id":"https:\/\/radioinfinitagoya.com.ar\/v1\/2026\/04\/29\/corrientes-presento-arteco-en-buenos-aires-con-el-banco-como-puente-hacia-el-pais\/"},"wordCount":736,"commentCount":0,"publisher":{"@id":"https:\/\/radioinfinitagoya.com.ar\/v1\/#organization"},"image":{"@id":"https:\/\/radioinfinitagoya.com.ar\/v1\/2026\/04\/29\/corrientes-presento-arteco-en-buenos-aires-con-el-banco-como-puente-hacia-el-pais\/#primaryimage"},"thumbnailUrl":"https:\/\/radioinfinitagoya.com.ar\/v1\/wp-content\/uploads\/2026\/04\/1777468561115.webp","articleSection":["INFORMACI\u00d3N GENERAL"],"inLanguage":"es-AR","potentialAction":[{"@type":"CommentAction","name":"Comment","target":["https:\/\/radioinfinitagoya.com.ar\/v1\/2026\/04\/29\/corrientes-presento-arteco-en-buenos-aires-con-el-banco-como-puente-hacia-el-pais\/#respond"]}]},{"@type":"WebPage","@id":"https:\/\/radioinfinitagoya.com.ar\/v1\/2026\/04\/29\/corrientes-presento-arteco-en-buenos-aires-con-el-banco-como-puente-hacia-el-pais\/","url":"https:\/\/radioinfinitagoya.com.ar\/v1\/2026\/04\/29\/corrientes-presento-arteco-en-buenos-aires-con-el-banco-como-puente-hacia-el-pais\/","name":"Corrientes present\u00f3 ArteCo en Buenos Aires con el BanCo como puente hacia el pa\u00eds - Radio Infinita Goya","isPartOf":{"@id":"https:\/\/radioinfinitagoya.com.ar\/v1\/#website"},"primaryImageOfPage":{"@id":"https:\/\/radioinfinitagoya.com.ar\/v1\/2026\/04\/29\/corrientes-presento-arteco-en-buenos-aires-con-el-banco-como-puente-hacia-el-pais\/#primaryimage"},"image":{"@id":"https:\/\/radioinfinitagoya.com.ar\/v1\/2026\/04\/29\/corrientes-presento-arteco-en-buenos-aires-con-el-banco-como-puente-hacia-el-pais\/#primaryimage"},"thumbnailUrl":"https:\/\/radioinfinitagoya.com.ar\/v1\/wp-content\/uploads\/2026\/04\/1777468561115.webp","datePublished":"2026-04-29T19:34:09+00:00","description":"La 8\u00aa edici\u00f3n de la Feria de Arte Contempor\u00e1neo de Corrientes se realizar\u00e1 del 21 al 24 de mayo en el Museo de Arte Contempor\u00e1neo de Corrientes. El","breadcrumb":{"@id":"https:\/\/radioinfinitagoya.com.ar\/v1\/2026\/04\/29\/corrientes-presento-arteco-en-buenos-aires-con-el-banco-como-puente-hacia-el-pais\/#breadcrumb"},"inLanguage":"es-AR","potentialAction":[{"@type":"ReadAction","target":["https:\/\/radioinfinitagoya.com.ar\/v1\/2026\/04\/29\/corrientes-presento-arteco-en-buenos-aires-con-el-banco-como-puente-hacia-el-pais\/"]}]},{"@type":"ImageObject","inLanguage":"es-AR","@id":"https:\/\/radioinfinitagoya.com.ar\/v1\/2026\/04\/29\/corrientes-presento-arteco-en-buenos-aires-con-el-banco-como-puente-hacia-el-pais\/#primaryimage","url":"https:\/\/radioinfinitagoya.com.ar\/v1\/wp-content\/uploads\/2026\/04\/1777468561115.webp","contentUrl":"https:\/\/radioinfinitagoya.com.ar\/v1\/wp-content\/uploads\/2026\/04\/1777468561115.webp","width":1200,"height":675},{"@type":"BreadcrumbList","@id":"https:\/\/radioinfinitagoya.com.ar\/v1\/2026\/04\/29\/corrientes-presento-arteco-en-buenos-aires-con-el-banco-como-puente-hacia-el-pais\/#breadcrumb","itemListElement":[{"@type":"ListItem","position":1,"name":"Inicio","item":"https:\/\/radioinfinitagoya.com.ar\/v1\/"},{"@type":"ListItem","position":2,"name":"Corrientes present\u00f3 ArteCo en Buenos Aires con el BanCo como puente hacia el pa\u00eds"}]},{"@type":"WebSite","@id":"https:\/\/radioinfinitagoya.com.ar\/v1\/#website","url":"https:\/\/radioinfinitagoya.com.ar\/v1\/","name":"radioinfinitagoya.com.ar","description":"Radio de noticias","publisher":{"@id":"https:\/\/radioinfinitagoya.com.ar\/v1\/#organization"},"potentialAction":[{"@type":"SearchAction","target":{"@type":"EntryPoint","urlTemplate":"https:\/\/radioinfinitagoya.com.ar\/v1\/?s={search_term_string}"},"query-input":{"@type":"PropertyValueSpecification","valueRequired":true,"valueName":"search_term_string"}}],"inLanguage":"es-AR"},{"@type":"Organization","@id":"https:\/\/radioinfinitagoya.com.ar\/v1\/#organization","name":"Radio Infinita Goya","url":"https:\/\/radioinfinitagoya.com.ar\/v1\/","logo":{"@type":"ImageObject","inLanguage":"es-AR","@id":"https:\/\/radioinfinitagoya.com.ar\/v1\/#\/schema\/logo\/image\/","url":"https:\/\/radioinfinitagoya.com.ar\/v1\/wp-content\/uploads\/2019\/11\/logo-pie-web.png","contentUrl":"https:\/\/radioinfinitagoya.com.ar\/v1\/wp-content\/uploads\/2019\/11\/logo-pie-web.png","width":635,"height":326,"caption":"Radio Infinita Goya"},"image":{"@id":"https:\/\/radioinfinitagoya.com.ar\/v1\/#\/schema\/logo\/image\/"},"sameAs":["https:\/\/www.facebook.com\/p\/Infinita-Goya-100063870918311\/"]},{"@type":"Person","@id":"https:\/\/radioinfinitagoya.com.ar\/v1\/#\/schema\/person\/d4cf9c413d4f6edb24aabdccab49ca4a","name":"Jorge Mi\u00f1o","image":{"@type":"ImageObject","inLanguage":"es-AR","@id":"https:\/\/secure.gravatar.com\/avatar\/910fcf6728fe95320e07a6643c1581fec1c7fc4bf8ae12e3d8f0d0373dc844be?s=96&d=mm&r=g","url":"https:\/\/secure.gravatar.com\/avatar\/910fcf6728fe95320e07a6643c1581fec1c7fc4bf8ae12e3d8f0d0373dc844be?s=96&d=mm&r=g","contentUrl":"https:\/\/secure.gravatar.com\/avatar\/910fcf6728fe95320e07a6643c1581fec1c7fc4bf8ae12e3d8f0d0373dc844be?s=96&d=mm&r=g","caption":"Jorge Mi\u00f1o"},"sameAs":["http:\/\/radioinfinitagoya.com.ar"]}]}},"_links":{"self":[{"href":"https:\/\/radioinfinitagoya.com.ar\/v1\/wp-json\/wp\/v2\/posts\/213934","targetHints":{"allow":["GET"]}}],"collection":[{"href":"https:\/\/radioinfinitagoya.com.ar\/v1\/wp-json\/wp\/v2\/posts"}],"about":[{"href":"https:\/\/radioinfinitagoya.com.ar\/v1\/wp-json\/wp\/v2\/types\/post"}],"author":[{"embeddable":true,"href":"https:\/\/radioinfinitagoya.com.ar\/v1\/wp-json\/wp\/v2\/users\/4"}],"replies":[{"embeddable":true,"href":"https:\/\/radioinfinitagoya.com.ar\/v1\/wp-json\/wp\/v2\/comments?post=213934"}],"version-history":[{"count":1,"href":"https:\/\/radioinfinitagoya.com.ar\/v1\/wp-json\/wp\/v2\/posts\/213934\/revisions"}],"predecessor-version":[{"id":213936,"href":"https:\/\/radioinfinitagoya.com.ar\/v1\/wp-json\/wp\/v2\/posts\/213934\/revisions\/213936"}],"wp:featuredmedia":[{"embeddable":true,"href":"https:\/\/radioinfinitagoya.com.ar\/v1\/wp-json\/wp\/v2\/media\/213935"}],"wp:attachment":[{"href":"https:\/\/radioinfinitagoya.com.ar\/v1\/wp-json\/wp\/v2\/media?parent=213934"}],"wp:term":[{"taxonomy":"category","embeddable":true,"href":"https:\/\/radioinfinitagoya.com.ar\/v1\/wp-json\/wp\/v2\/categories?post=213934"},{"taxonomy":"post_tag","embeddable":true,"href":"https:\/\/radioinfinitagoya.com.ar\/v1\/wp-json\/wp\/v2\/tags?post=213934"}],"curies":[{"name":"wp","href":"https:\/\/api.w.org\/{rel}","templated":true}]}}