{"id":213937,"date":"2026-04-29T16:37:15","date_gmt":"2026-04-29T19:37:15","guid":{"rendered":"https:\/\/radioinfinitagoya.com.ar\/v1\/?p=213937"},"modified":"2026-04-29T16:37:15","modified_gmt":"2026-04-29T19:37:15","slug":"boca-perdio-ante-cruzeiro-y-corto-su-invicto","status":"publish","type":"post","link":"https:\/\/radioinfinitagoya.com.ar\/v1\/2026\/04\/29\/boca-perdio-ante-cruzeiro-y-corto-su-invicto\/","title":{"rendered":"Boca perdi\u00f3 ante Cruzeiro y cort\u00f3 su invicto"},"content":{"rendered":"<p>La expulsi\u00f3n de Adam Bareiro por doble amarilla condicion\u00f3 el desarrollo del partido.<\/p>\n<p>Boca Juniors perdi\u00f3 1-0 ante Cruzeiro en Belo Horizonte, por la tercera fecha de la fase de grupos de la Copa Libertadores. El equipo argentino ven\u00eda de una racha de 14 partidos sin derrotas, que se cort\u00f3 en Brasil.<\/p>\n<p>El encuentro fue intenso desde el inicio, con un juego friccionado y varias faltas de ambos lados. La expulsi\u00f3n de Adam Bareiro, por doble amarilla en el cierre del primer tiempo, condicion\u00f3 el desarrollo del partido.<\/p>\n<p>Ya en desventaja num\u00e9rica, el entrenador Claudio \u00dabeda realiz\u00f3 modificaciones en el complemento. Ingresaron Exequiel Zeballos y Nicol\u00e1s Figal, con una l\u00ednea de cinco defensores para reforzar la defensa.<\/p>\n<p>El cambio termin\u00f3 dejando al equipo demasiado replegado en su campo. Cruzeiro aprovech\u00f3 la situaci\u00f3n y convirti\u00f3 a siete minutos del final mediante Neyser Villarreal, pr\u00e1cticamente debajo del arco.<\/p>\n<p>El conjunto brasile\u00f1o hab\u00eda generado poco peligro hasta ese momento, pero fue efectivo en la \u00fanica jugada clara del tramo final. Boca no logr\u00f3 reaccionar y se qued\u00f3 sin puntos en su visita.<\/p>\n<p>Incidente final en Belo Horizonte<br \/>\nTras el pitazo final se produjo un cruce entre jugadores de ambos equipos. Una supuesta provocaci\u00f3n deriv\u00f3 en un enfrentamiento generalizado dentro del campo de juego. El incidente dej\u00f3 abierta la posibilidad de sanciones disciplinarias para algunos futbolistas en las pr\u00f3ximas horas.<\/p>\n<p>Con este resultado, Boca qued\u00f3 con seis puntos en el grupo y deber\u00e1 viajar a Ecuador. Su pr\u00f3ximo compromiso ser\u00e1 ante Barcelona en Guayaquil.<\/p>\n","protected":false},"excerpt":{"rendered":"<p>La expulsi\u00f3n de Adam Bareiro por doble amarilla condicion\u00f3 el desarrollo del partido. Boca Juniors perdi\u00f3 1-0 ante Cruzeiro en Belo Horizonte, por la tercera fecha de la fase de grupos de la Copa Libertadores. El equipo argentino ven\u00eda de una racha de 14 partidos sin derrotas, que se cort\u00f3 en Brasil. El encuentro fue [&hellip;]<\/p>\n","protected":false},"author":4,"featured_media":213938,"comment_status":"open","ping_status":"open","sticky":false,"template":"","format":"standard","meta":{"_joinchat":[],"footnotes":""},"categories":[28],"tags":[],"class_list":{"0":"post-213937","1":"post","2":"type-post","3":"status-publish","4":"format-standard","5":"has-post-thumbnail","7":"category-deportes"},"yoast_head":"<!-- This site is optimized with the Yoast SEO plugin v27.2 - https:\/\/yoast.com\/product\/yoast-seo-wordpress\/ -->\n<title>Boca perdi\u00f3 ante Cruzeiro y cort\u00f3 su invicto - Radio Infinita Goya<\/title>\n<meta name=\"description\" content=\"La expulsi\u00f3n de Adam Bareiro por doble amarilla condicion\u00f3 el desarrollo del partido. Boca Juniors perdi\u00f3 1-0 ante Cruzeiro en Belo Horizonte, por la\" \/>\n<meta name=\"robots\" content=\"index, follow, max-snippet:-1, max-image-preview:large, max-video-preview:-1\" \/>\n<link rel=\"canonical\" href=\"https:\/\/radioinfinitagoya.com.ar\/v1\/2026\/04\/29\/boca-perdio-ante-cruzeiro-y-corto-su-invicto\/\" \/>\n<meta property=\"og:locale\" content=\"es_ES\" \/>\n<meta property=\"og:type\" content=\"article\" \/>\n<meta property=\"og:title\" content=\"Boca perdi\u00f3 ante Cruzeiro y cort\u00f3 su invicto - Radio Infinita Goya\" \/>\n<meta property=\"og:description\" content=\"La expulsi\u00f3n de Adam Bareiro por doble amarilla condicion\u00f3 el desarrollo del partido. Boca Juniors perdi\u00f3 1-0 ante Cruzeiro en Belo Horizonte, por la\" \/>\n<meta property=\"og:url\" content=\"https:\/\/radioinfinitagoya.com.ar\/v1\/2026\/04\/29\/boca-perdio-ante-cruzeiro-y-corto-su-invicto\/\" \/>\n<meta property=\"og:site_name\" content=\"Radio Infinita Goya\" \/>\n<meta property=\"article:publisher\" content=\"https:\/\/www.facebook.com\/p\/Infinita-Goya-100063870918311\/\" \/>\n<meta property=\"article:published_time\" content=\"2026-04-29T19:37:15+00:00\" \/>\n<meta property=\"og:image\" content=\"https:\/\/radioinfinitagoya.com.ar\/v1\/wp-content\/uploads\/2026\/04\/RnZrb-Xj.jpg\" \/>\n\t<meta property=\"og:image:width\" content=\"680\" \/>\n\t<meta property=\"og:image:height\" content=\"510\" \/>\n\t<meta property=\"og:image:type\" content=\"image\/jpeg\" \/>\n<meta name=\"author\" content=\"Jorge Mi\u00f1o\" \/>\n<meta name=\"twitter:card\" content=\"summary_large_image\" \/>\n<meta name=\"twitter:label1\" content=\"Escrito por\" \/>\n\t<meta name=\"twitter:data1\" content=\"Jorge Mi\u00f1o\" \/>\n\t<meta name=\"twitter:label2\" content=\"Tiempo de lectura\" \/>\n\t<meta name=\"twitter:data2\" content=\"2 minutos\" \/>\n<script type=\"application\/ld+json\" class=\"yoast-schema-graph\">{\"@context\":\"https:\/\/schema.org\",\"@graph\":[{\"@type\":\"Article\",\"@id\":\"https:\/\/radioinfinitagoya.com.ar\/v1\/2026\/04\/29\/boca-perdio-ante-cruzeiro-y-corto-su-invicto\/#article\",\"isPartOf\":{\"@id\":\"https:\/\/radioinfinitagoya.com.ar\/v1\/2026\/04\/29\/boca-perdio-ante-cruzeiro-y-corto-su-invicto\/\"},\"author\":{\"name\":\"Jorge Mi\u00f1o\",\"@id\":\"https:\/\/radioinfinitagoya.com.ar\/v1\/#\/schema\/person\/d4cf9c413d4f6edb24aabdccab49ca4a\"},\"headline\":\"Boca perdi\u00f3 ante Cruzeiro y cort\u00f3 su invicto\",\"datePublished\":\"2026-04-29T19:37:15+00:00\",\"mainEntityOfPage\":{\"@id\":\"https:\/\/radioinfinitagoya.com.ar\/v1\/2026\/04\/29\/boca-perdio-ante-cruzeiro-y-corto-su-invicto\/\"},\"wordCount\":270,\"commentCount\":0,\"publisher\":{\"@id\":\"https:\/\/radioinfinitagoya.com.ar\/v1\/#organization\"},\"image\":{\"@id\":\"https:\/\/radioinfinitagoya.com.ar\/v1\/2026\/04\/29\/boca-perdio-ante-cruzeiro-y-corto-su-invicto\/#primaryimage\"},\"thumbnailUrl\":\"https:\/\/radioinfinitagoya.com.ar\/v1\/wp-content\/uploads\/2026\/04\/RnZrb-Xj.jpg\",\"articleSection\":[\"DEPORTES\"],\"inLanguage\":\"es-AR\",\"potentialAction\":[{\"@type\":\"CommentAction\",\"name\":\"Comment\",\"target\":[\"https:\/\/radioinfinitagoya.com.ar\/v1\/2026\/04\/29\/boca-perdio-ante-cruzeiro-y-corto-su-invicto\/#respond\"]}]},{\"@type\":\"WebPage\",\"@id\":\"https:\/\/radioinfinitagoya.com.ar\/v1\/2026\/04\/29\/boca-perdio-ante-cruzeiro-y-corto-su-invicto\/\",\"url\":\"https:\/\/radioinfinitagoya.com.ar\/v1\/2026\/04\/29\/boca-perdio-ante-cruzeiro-y-corto-su-invicto\/\",\"name\":\"Boca perdi\u00f3 ante Cruzeiro y cort\u00f3 su invicto - Radio Infinita Goya\",\"isPartOf\":{\"@id\":\"https:\/\/radioinfinitagoya.com.ar\/v1\/#website\"},\"primaryImageOfPage\":{\"@id\":\"https:\/\/radioinfinitagoya.com.ar\/v1\/2026\/04\/29\/boca-perdio-ante-cruzeiro-y-corto-su-invicto\/#primaryimage\"},\"image\":{\"@id\":\"https:\/\/radioinfinitagoya.com.ar\/v1\/2026\/04\/29\/boca-perdio-ante-cruzeiro-y-corto-su-invicto\/#primaryimage\"},\"thumbnailUrl\":\"https:\/\/radioinfinitagoya.com.ar\/v1\/wp-content\/uploads\/2026\/04\/RnZrb-Xj.jpg\",\"datePublished\":\"2026-04-29T19:37:15+00:00\",\"description\":\"La expulsi\u00f3n de Adam Bareiro por doble amarilla condicion\u00f3 el desarrollo del partido. Boca Juniors perdi\u00f3 1-0 ante Cruzeiro en Belo Horizonte, por la\",\"breadcrumb\":{\"@id\":\"https:\/\/radioinfinitagoya.com.ar\/v1\/2026\/04\/29\/boca-perdio-ante-cruzeiro-y-corto-su-invicto\/#breadcrumb\"},\"inLanguage\":\"es-AR\",\"potentialAction\":[{\"@type\":\"ReadAction\",\"target\":[\"https:\/\/radioinfinitagoya.com.ar\/v1\/2026\/04\/29\/boca-perdio-ante-cruzeiro-y-corto-su-invicto\/\"]}]},{\"@type\":\"ImageObject\",\"inLanguage\":\"es-AR\",\"@id\":\"https:\/\/radioinfinitagoya.com.ar\/v1\/2026\/04\/29\/boca-perdio-ante-cruzeiro-y-corto-su-invicto\/#primaryimage\",\"url\":\"https:\/\/radioinfinitagoya.com.ar\/v1\/wp-content\/uploads\/2026\/04\/RnZrb-Xj.jpg\",\"contentUrl\":\"https:\/\/radioinfinitagoya.com.ar\/v1\/wp-content\/uploads\/2026\/04\/RnZrb-Xj.jpg\",\"width\":680,\"height\":510},{\"@type\":\"BreadcrumbList\",\"@id\":\"https:\/\/radioinfinitagoya.com.ar\/v1\/2026\/04\/29\/boca-perdio-ante-cruzeiro-y-corto-su-invicto\/#breadcrumb\",\"itemListElement\":[{\"@type\":\"ListItem\",\"position\":1,\"name\":\"Inicio\",\"item\":\"https:\/\/radioinfinitagoya.com.ar\/v1\/\"},{\"@type\":\"ListItem\",\"position\":2,\"name\":\"Boca perdi\u00f3 ante Cruzeiro y cort\u00f3 su invicto\"}]},{\"@type\":\"WebSite\",\"@id\":\"https:\/\/radioinfinitagoya.com.ar\/v1\/#website\",\"url\":\"https:\/\/radioinfinitagoya.com.ar\/v1\/\",\"name\":\"radioinfinitagoya.com.ar\",\"description\":\"Radio de noticias\",\"publisher\":{\"@id\":\"https:\/\/radioinfinitagoya.com.ar\/v1\/#organization\"},\"potentialAction\":[{\"@type\":\"SearchAction\",\"target\":{\"@type\":\"EntryPoint\",\"urlTemplate\":\"https:\/\/radioinfinitagoya.com.ar\/v1\/?s={search_term_string}\"},\"query-input\":{\"@type\":\"PropertyValueSpecification\",\"valueRequired\":true,\"valueName\":\"search_term_string\"}}],\"inLanguage\":\"es-AR\"},{\"@type\":\"Organization\",\"@id\":\"https:\/\/radioinfinitagoya.com.ar\/v1\/#organization\",\"name\":\"Radio Infinita Goya\",\"url\":\"https:\/\/radioinfinitagoya.com.ar\/v1\/\",\"logo\":{\"@type\":\"ImageObject\",\"inLanguage\":\"es-AR\",\"@id\":\"https:\/\/radioinfinitagoya.com.ar\/v1\/#\/schema\/logo\/image\/\",\"url\":\"https:\/\/radioinfinitagoya.com.ar\/v1\/wp-content\/uploads\/2019\/11\/logo-pie-web.png\",\"contentUrl\":\"https:\/\/radioinfinitagoya.com.ar\/v1\/wp-content\/uploads\/2019\/11\/logo-pie-web.png\",\"width\":635,\"height\":326,\"caption\":\"Radio Infinita Goya\"},\"image\":{\"@id\":\"https:\/\/radioinfinitagoya.com.ar\/v1\/#\/schema\/logo\/image\/\"},\"sameAs\":[\"https:\/\/www.facebook.com\/p\/Infinita-Goya-100063870918311\/\"]},{\"@type\":\"Person\",\"@id\":\"https:\/\/radioinfinitagoya.com.ar\/v1\/#\/schema\/person\/d4cf9c413d4f6edb24aabdccab49ca4a\",\"name\":\"Jorge Mi\u00f1o\",\"image\":{\"@type\":\"ImageObject\",\"inLanguage\":\"es-AR\",\"@id\":\"https:\/\/secure.gravatar.com\/avatar\/910fcf6728fe95320e07a6643c1581fec1c7fc4bf8ae12e3d8f0d0373dc844be?s=96&d=mm&r=g\",\"url\":\"https:\/\/secure.gravatar.com\/avatar\/910fcf6728fe95320e07a6643c1581fec1c7fc4bf8ae12e3d8f0d0373dc844be?s=96&d=mm&r=g\",\"contentUrl\":\"https:\/\/secure.gravatar.com\/avatar\/910fcf6728fe95320e07a6643c1581fec1c7fc4bf8ae12e3d8f0d0373dc844be?s=96&d=mm&r=g\",\"caption\":\"Jorge Mi\u00f1o\"},\"sameAs\":[\"http:\/\/radioinfinitagoya.com.ar\"]}]}<\/script>\n<!-- \/ Yoast SEO plugin. -->","yoast_head_json":{"title":"Boca perdi\u00f3 ante Cruzeiro y cort\u00f3 su invicto - Radio Infinita Goya","description":"La expulsi\u00f3n de Adam Bareiro por doble amarilla condicion\u00f3 el desarrollo del partido. Boca Juniors perdi\u00f3 1-0 ante Cruzeiro en Belo Horizonte, por la","robots":{"index":"index","follow":"follow","max-snippet":"max-snippet:-1","max-image-preview":"max-image-preview:large","max-video-preview":"max-video-preview:-1"},"canonical":"https:\/\/radioinfinitagoya.com.ar\/v1\/2026\/04\/29\/boca-perdio-ante-cruzeiro-y-corto-su-invicto\/","og_locale":"es_ES","og_type":"article","og_title":"Boca perdi\u00f3 ante Cruzeiro y cort\u00f3 su invicto - Radio Infinita Goya","og_description":"La expulsi\u00f3n de Adam Bareiro por doble amarilla condicion\u00f3 el desarrollo del partido. Boca Juniors perdi\u00f3 1-0 ante Cruzeiro en Belo Horizonte, por la","og_url":"https:\/\/radioinfinitagoya.com.ar\/v1\/2026\/04\/29\/boca-perdio-ante-cruzeiro-y-corto-su-invicto\/","og_site_name":"Radio Infinita Goya","article_publisher":"https:\/\/www.facebook.com\/p\/Infinita-Goya-100063870918311\/","article_published_time":"2026-04-29T19:37:15+00:00","og_image":[{"width":680,"height":510,"url":"https:\/\/radioinfinitagoya.com.ar\/v1\/wp-content\/uploads\/2026\/04\/RnZrb-Xj.jpg","type":"image\/jpeg"}],"author":"Jorge Mi\u00f1o","twitter_card":"summary_large_image","twitter_misc":{"Escrito por":"Jorge Mi\u00f1o","Tiempo de lectura":"2 minutos"},"schema":{"@context":"https:\/\/schema.org","@graph":[{"@type":"Article","@id":"https:\/\/radioinfinitagoya.com.ar\/v1\/2026\/04\/29\/boca-perdio-ante-cruzeiro-y-corto-su-invicto\/#article","isPartOf":{"@id":"https:\/\/radioinfinitagoya.com.ar\/v1\/2026\/04\/29\/boca-perdio-ante-cruzeiro-y-corto-su-invicto\/"},"author":{"name":"Jorge Mi\u00f1o","@id":"https:\/\/radioinfinitagoya.com.ar\/v1\/#\/schema\/person\/d4cf9c413d4f6edb24aabdccab49ca4a"},"headline":"Boca perdi\u00f3 ante Cruzeiro y cort\u00f3 su invicto","datePublished":"2026-04-29T19:37:15+00:00","mainEntityOfPage":{"@id":"https:\/\/radioinfinitagoya.com.ar\/v1\/2026\/04\/29\/boca-perdio-ante-cruzeiro-y-corto-su-invicto\/"},"wordCount":270,"commentCount":0,"publisher":{"@id":"https:\/\/radioinfinitagoya.com.ar\/v1\/#organization"},"image":{"@id":"https:\/\/radioinfinitagoya.com.ar\/v1\/2026\/04\/29\/boca-perdio-ante-cruzeiro-y-corto-su-invicto\/#primaryimage"},"thumbnailUrl":"https:\/\/radioinfinitagoya.com.ar\/v1\/wp-content\/uploads\/2026\/04\/RnZrb-Xj.jpg","articleSection":["DEPORTES"],"inLanguage":"es-AR","potentialAction":[{"@type":"CommentAction","name":"Comment","target":["https:\/\/radioinfinitagoya.com.ar\/v1\/2026\/04\/29\/boca-perdio-ante-cruzeiro-y-corto-su-invicto\/#respond"]}]},{"@type":"WebPage","@id":"https:\/\/radioinfinitagoya.com.ar\/v1\/2026\/04\/29\/boca-perdio-ante-cruzeiro-y-corto-su-invicto\/","url":"https:\/\/radioinfinitagoya.com.ar\/v1\/2026\/04\/29\/boca-perdio-ante-cruzeiro-y-corto-su-invicto\/","name":"Boca perdi\u00f3 ante Cruzeiro y cort\u00f3 su invicto - Radio Infinita Goya","isPartOf":{"@id":"https:\/\/radioinfinitagoya.com.ar\/v1\/#website"},"primaryImageOfPage":{"@id":"https:\/\/radioinfinitagoya.com.ar\/v1\/2026\/04\/29\/boca-perdio-ante-cruzeiro-y-corto-su-invicto\/#primaryimage"},"image":{"@id":"https:\/\/radioinfinitagoya.com.ar\/v1\/2026\/04\/29\/boca-perdio-ante-cruzeiro-y-corto-su-invicto\/#primaryimage"},"thumbnailUrl":"https:\/\/radioinfinitagoya.com.ar\/v1\/wp-content\/uploads\/2026\/04\/RnZrb-Xj.jpg","datePublished":"2026-04-29T19:37:15+00:00","description":"La expulsi\u00f3n de Adam Bareiro por doble amarilla condicion\u00f3 el desarrollo del partido. Boca Juniors perdi\u00f3 1-0 ante Cruzeiro en Belo Horizonte, por la","breadcrumb":{"@id":"https:\/\/radioinfinitagoya.com.ar\/v1\/2026\/04\/29\/boca-perdio-ante-cruzeiro-y-corto-su-invicto\/#breadcrumb"},"inLanguage":"es-AR","potentialAction":[{"@type":"ReadAction","target":["https:\/\/radioinfinitagoya.com.ar\/v1\/2026\/04\/29\/boca-perdio-ante-cruzeiro-y-corto-su-invicto\/"]}]},{"@type":"ImageObject","inLanguage":"es-AR","@id":"https:\/\/radioinfinitagoya.com.ar\/v1\/2026\/04\/29\/boca-perdio-ante-cruzeiro-y-corto-su-invicto\/#primaryimage","url":"https:\/\/radioinfinitagoya.com.ar\/v1\/wp-content\/uploads\/2026\/04\/RnZrb-Xj.jpg","contentUrl":"https:\/\/radioinfinitagoya.com.ar\/v1\/wp-content\/uploads\/2026\/04\/RnZrb-Xj.jpg","width":680,"height":510},{"@type":"BreadcrumbList","@id":"https:\/\/radioinfinitagoya.com.ar\/v1\/2026\/04\/29\/boca-perdio-ante-cruzeiro-y-corto-su-invicto\/#breadcrumb","itemListElement":[{"@type":"ListItem","position":1,"name":"Inicio","item":"https:\/\/radioinfinitagoya.com.ar\/v1\/"},{"@type":"ListItem","position":2,"name":"Boca perdi\u00f3 ante Cruzeiro y cort\u00f3 su invicto"}]},{"@type":"WebSite","@id":"https:\/\/radioinfinitagoya.com.ar\/v1\/#website","url":"https:\/\/radioinfinitagoya.com.ar\/v1\/","name":"radioinfinitagoya.com.ar","description":"Radio de noticias","publisher":{"@id":"https:\/\/radioinfinitagoya.com.ar\/v1\/#organization"},"potentialAction":[{"@type":"SearchAction","target":{"@type":"EntryPoint","urlTemplate":"https:\/\/radioinfinitagoya.com.ar\/v1\/?s={search_term_string}"},"query-input":{"@type":"PropertyValueSpecification","valueRequired":true,"valueName":"search_term_string"}}],"inLanguage":"es-AR"},{"@type":"Organization","@id":"https:\/\/radioinfinitagoya.com.ar\/v1\/#organization","name":"Radio Infinita Goya","url":"https:\/\/radioinfinitagoya.com.ar\/v1\/","logo":{"@type":"ImageObject","inLanguage":"es-AR","@id":"https:\/\/radioinfinitagoya.com.ar\/v1\/#\/schema\/logo\/image\/","url":"https:\/\/radioinfinitagoya.com.ar\/v1\/wp-content\/uploads\/2019\/11\/logo-pie-web.png","contentUrl":"https:\/\/radioinfinitagoya.com.ar\/v1\/wp-content\/uploads\/2019\/11\/logo-pie-web.png","width":635,"height":326,"caption":"Radio Infinita Goya"},"image":{"@id":"https:\/\/radioinfinitagoya.com.ar\/v1\/#\/schema\/logo\/image\/"},"sameAs":["https:\/\/www.facebook.com\/p\/Infinita-Goya-100063870918311\/"]},{"@type":"Person","@id":"https:\/\/radioinfinitagoya.com.ar\/v1\/#\/schema\/person\/d4cf9c413d4f6edb24aabdccab49ca4a","name":"Jorge Mi\u00f1o","image":{"@type":"ImageObject","inLanguage":"es-AR","@id":"https:\/\/secure.gravatar.com\/avatar\/910fcf6728fe95320e07a6643c1581fec1c7fc4bf8ae12e3d8f0d0373dc844be?s=96&d=mm&r=g","url":"https:\/\/secure.gravatar.com\/avatar\/910fcf6728fe95320e07a6643c1581fec1c7fc4bf8ae12e3d8f0d0373dc844be?s=96&d=mm&r=g","contentUrl":"https:\/\/secure.gravatar.com\/avatar\/910fcf6728fe95320e07a6643c1581fec1c7fc4bf8ae12e3d8f0d0373dc844be?s=96&d=mm&r=g","caption":"Jorge Mi\u00f1o"},"sameAs":["http:\/\/radioinfinitagoya.com.ar"]}]}},"_links":{"self":[{"href":"https:\/\/radioinfinitagoya.com.ar\/v1\/wp-json\/wp\/v2\/posts\/213937","targetHints":{"allow":["GET"]}}],"collection":[{"href":"https:\/\/radioinfinitagoya.com.ar\/v1\/wp-json\/wp\/v2\/posts"}],"about":[{"href":"https:\/\/radioinfinitagoya.com.ar\/v1\/wp-json\/wp\/v2\/types\/post"}],"author":[{"embeddable":true,"href":"https:\/\/radioinfinitagoya.com.ar\/v1\/wp-json\/wp\/v2\/users\/4"}],"replies":[{"embeddable":true,"href":"https:\/\/radioinfinitagoya.com.ar\/v1\/wp-json\/wp\/v2\/comments?post=213937"}],"version-history":[{"count":1,"href":"https:\/\/radioinfinitagoya.com.ar\/v1\/wp-json\/wp\/v2\/posts\/213937\/revisions"}],"predecessor-version":[{"id":213939,"href":"https:\/\/radioinfinitagoya.com.ar\/v1\/wp-json\/wp\/v2\/posts\/213937\/revisions\/213939"}],"wp:featuredmedia":[{"embeddable":true,"href":"https:\/\/radioinfinitagoya.com.ar\/v1\/wp-json\/wp\/v2\/media\/213938"}],"wp:attachment":[{"href":"https:\/\/radioinfinitagoya.com.ar\/v1\/wp-json\/wp\/v2\/media?parent=213937"}],"wp:term":[{"taxonomy":"category","embeddable":true,"href":"https:\/\/radioinfinitagoya.com.ar\/v1\/wp-json\/wp\/v2\/categories?post=213937"},{"taxonomy":"post_tag","embeddable":true,"href":"https:\/\/radioinfinitagoya.com.ar\/v1\/wp-json\/wp\/v2\/tags?post=213937"}],"curies":[{"name":"wp","href":"https:\/\/api.w.org\/{rel}","templated":true}]}}