{"id":213940,"date":"2026-04-29T16:42:16","date_gmt":"2026-04-29T19:42:16","guid":{"rendered":"https:\/\/radioinfinitagoya.com.ar\/v1\/?p=213940"},"modified":"2026-04-29T16:42:16","modified_gmt":"2026-04-29T19:42:16","slug":"crisis-interna-en-el-real-madrid-del-cortocircuito-entre-mbappe-y-otras-figuras","status":"publish","type":"post","link":"https:\/\/radioinfinitagoya.com.ar\/v1\/2026\/04\/29\/crisis-interna-en-el-real-madrid-del-cortocircuito-entre-mbappe-y-otras-figuras\/","title":{"rendered":"Crisis interna en el Real Madrid: del cortocircuito entre Mbapp\u00e9 y otras figuras"},"content":{"rendered":"<p>Tras dos temporadas sin t\u00edtulos, la Casa Blanca tiene problemas que deber\u00e1 resolver para despu\u00e9s del Mundial<\/p>\n<p>El Real Madrid enfrenta una crisis interna en la recta final de la temporada 2025-26, con el equipo dirigido por \u00c1lvaro Arbeloa al borde de cerrar el a\u00f1o futbol\u00edstico sin t\u00edtulos y expuesto a fuertes tensiones en su vestuario. La eliminaci\u00f3n en octavos de final de la Copa del Rey frente al Albacete, la ca\u00edda ante el Bayern M\u00fanich en cuartos de Champions y la amplia distancia frente al l\u00edder Barcelona en la liga han profundizado el des\u00e1nimo en la Casa Blanca.<\/p>\n<p>De acuerdo con informaci\u00f3n publicada por el portal franc\u00e9s Journal du Real, el arribo de Kylian Mbapp\u00e9 al conjunto blanco tras su salida del PSG ha coincidido con un deterioro en la din\u00e1mica del tr\u00edo ofensivo que forman Vin\u00edcius J\u00fanior, Mbapp\u00e9 y Jude Bellingham. El medio sostiene que \u201ctras dos temporadas juntos, el tr\u00edo formado por Vin\u00edcius, Mbapp\u00e9 y Bellingham tiene dificultades para compenetrarse\u201d. Seg\u00fan el mismo reporte, antes de la llegada del delantero franc\u00e9s, tanto el brasile\u00f1o como el ingl\u00e9s exhib\u00edan un nivel alto y hab\u00edan sido piezas clave en la conquista de la Champions League 2023-2024.<\/p>\n<p>Journal du Real describi\u00f3 que Vin\u00edcius J\u00fanior se muestra lejos de su mejor versi\u00f3n, mientras que Jude Bellingham no logra encontrar su lugar dentro del equipo. El medio ilustr\u00f3 este quiebre con un episodio ocurrido durante el partido de vuelta de los cuartos de final de la Champions ante el Bayern M\u00fanich. En esa ocasi\u00f3n, Vin\u00edcius opt\u00f3 por avanzar solo, perdi\u00f3 el bal\u00f3n y provoc\u00f3 la frustraci\u00f3n del mediocampista ingl\u00e9s, quien le reclam\u00f3 en pleno campo. Seg\u00fan el relato, el brasile\u00f1o respondi\u00f3 con brusquedad: \u201c\u00bfQu\u00e9 quieres? \u00a1C\u00e1llate!\u201d.<\/p>\n<p>Las tensiones no se limitan a ese incidente. El sitio tambi\u00e9n asegur\u00f3 que Kylian Mbapp\u00e9 ha manifestado su descontento con el rendimiento general del equipo y ha responsabilizado a algunos jugadores, incluido Bellingham, por el bajo desempe\u00f1o del club. El medio franc\u00e9s puntualiz\u00f3 que el atacante galo ha realizado reproches directos a sus compa\u00f1eros y los acusa de haber \u201carruinado la temporada\u201d, present\u00e1ndose como el \u00fanico que ha cumplido su papel en base a sus goles.<\/p>\n<p>A este escenario se sumaron otros episodios de enfrentamientos internos. Seg\u00fan el mismo medio, la temporada ha estado marcada por choques entre distintas figuras, incluidos conflictos entre Vin\u00edcius y Xabi Alonso, y entre Arbeloa y Carvajal. La falta de cohesi\u00f3n y el clima de tensi\u00f3n parecen haberse instalado en el vestuario, con consecuencias sobre el rendimiento colectivo.<\/p>\n<p>Adem\u00e1s, el periodista Marcos Benito brind\u00f3 detalles sobre el ambiente que se vive en la ciudad deportiva de Valdebebas durante su intervenci\u00f3n en El Chiringuito. \u201cCon la eliminaci\u00f3n contra el Bayern y la liga pr\u00e1cticamente imposible, las semanas se est\u00e1n haciendo bastante pesadas. Desde que se llega a Valdebebas me dicen que el ambiente del vestuario est\u00e1 alica\u00eddo, nadie habla, nadie comenta nada, nadie bromea, silencio absoluto. Como aut\u00f3matas directamente van al campo de juego a entrenar pero no se genera ese tipo de convivencia normal de un vestuario, de ruido, me dicen que eso ha desaparecido en las \u00faltimas semanas\u201d, relat\u00f3 el periodista espa\u00f1ol.<\/p>\n<p>Seg\u00fan Benito, las diferencias de intensidad en los entrenamientos agravan el malestar. \u201cA la hora de entrenar se nota que hay ciertos jugadores que van a una intensidad y otros a otra. Hay jugadores que se juegan objetivos personales suyos, pero los otros que saben que van al Mundial y la cantidad de lesiones, van a otro tipo de intensidad. Entre que unos van muy fuerte y otros no, se han generado ciertas fricciones que no est\u00e1n ayudando a que esas semanas pasen m\u00e1s r\u00e1pido\u201d, explic\u00f3.<\/p>\n<p>Sobre el rol del entrenador, Benito indic\u00f3 que \u00c1lvaro Arbeloa intenta motivar al grupo, aunque sin \u00e9xito. \u201cCon el tema de Arbeloa, \u00e9l intenta animarles semana tras semana, pero a esos jugadores que lo est\u00e1n dando el 100% ahora, pero que no los convoca, se le est\u00e1n acumulando problemas personales. Su discurso no lo compran los jugadores\u201d, se\u00f1al\u00f3 en el programa.<\/p>\n<p>La temporada del Real Madrid evidencia un desgaste colectivo, con fracturas internas que, seg\u00fan las fuentes citadas, han erosionado el \u00e1nimo y la convivencia de la plantilla. El desenlace de las cinco jornadas restantes y la gesti\u00f3n de la crisis determinar\u00e1n si el club logra revertir una din\u00e1mica adversa que amenaza con dejar la temporada sin t\u00edtulos y con un vestuario lejos de la armon\u00eda. La pr\u00f3xima presentaci\u00f3n del conjunto Blanco ser\u00e1 ante el Espanyol de Barcelona y est\u00e1n obligados a ganar, ya que si pierden, y el Barcelona gana su partido contra el Osasuna, podr\u00edan recibir al equipo cul\u00e9 en el Santiago Bernab\u00e9u la semana siguiente con la liga resuelta y con los de Hansi Flick ya consagrados.<\/p>\n<p>A la espera del final de la temporada, habr\u00e1 que ver qui\u00e9n asumir\u00e1 como el nuevo entrenador en el Merengue, un paso clavo para cambiar la din\u00e1mica de los \u00faltimos dos a\u00f1os sin t\u00edtulos para uno de los clubes m\u00e1s importantes del mundo del f\u00fatbol.<\/p>\n","protected":false},"excerpt":{"rendered":"<p>Tras dos temporadas sin t\u00edtulos, la Casa Blanca tiene problemas que deber\u00e1 resolver para despu\u00e9s del Mundial El Real Madrid enfrenta una crisis interna en la recta final de la temporada 2025-26, con el equipo dirigido por \u00c1lvaro Arbeloa al borde de cerrar el a\u00f1o futbol\u00edstico sin t\u00edtulos y expuesto a fuertes tensiones en su [&hellip;]<\/p>\n","protected":false},"author":4,"featured_media":213941,"comment_status":"open","ping_status":"open","sticky":false,"template":"","format":"standard","meta":{"_joinchat":[],"footnotes":""},"categories":[28],"tags":[],"class_list":{"0":"post-213940","1":"post","2":"type-post","3":"status-publish","4":"format-standard","5":"has-post-thumbnail","7":"category-deportes"},"yoast_head":"<!-- This site is optimized with the Yoast SEO plugin v27.2 - https:\/\/yoast.com\/product\/yoast-seo-wordpress\/ -->\n<title>Crisis interna en el Real Madrid: del cortocircuito entre Mbapp\u00e9 y otras figuras - Radio Infinita Goya<\/title>\n<meta name=\"description\" content=\"Tras dos temporadas sin t\u00edtulos, la Casa Blanca tiene problemas que deber\u00e1 resolver para despu\u00e9s del Mundial El Real Madrid enfrenta una crisis interna en\" \/>\n<meta name=\"robots\" content=\"index, follow, max-snippet:-1, max-image-preview:large, max-video-preview:-1\" \/>\n<link rel=\"canonical\" href=\"https:\/\/radioinfinitagoya.com.ar\/v1\/2026\/04\/29\/crisis-interna-en-el-real-madrid-del-cortocircuito-entre-mbappe-y-otras-figuras\/\" \/>\n<meta property=\"og:locale\" content=\"es_ES\" \/>\n<meta property=\"og:type\" content=\"article\" \/>\n<meta property=\"og:title\" content=\"Crisis interna en el Real Madrid: del cortocircuito entre Mbapp\u00e9 y otras figuras - Radio Infinita Goya\" \/>\n<meta property=\"og:description\" content=\"Tras dos temporadas sin t\u00edtulos, la Casa Blanca tiene problemas que deber\u00e1 resolver para despu\u00e9s del Mundial El Real Madrid enfrenta una crisis interna en\" \/>\n<meta property=\"og:url\" content=\"https:\/\/radioinfinitagoya.com.ar\/v1\/2026\/04\/29\/crisis-interna-en-el-real-madrid-del-cortocircuito-entre-mbappe-y-otras-figuras\/\" \/>\n<meta property=\"og:site_name\" content=\"Radio Infinita Goya\" \/>\n<meta property=\"article:publisher\" content=\"https:\/\/www.facebook.com\/p\/Infinita-Goya-100063870918311\/\" \/>\n<meta property=\"article:published_time\" content=\"2026-04-29T19:42:16+00:00\" \/>\n<meta property=\"og:image\" content=\"https:\/\/radioinfinitagoya.com.ar\/v1\/wp-content\/uploads\/2026\/04\/RfqMqXXo.jpg\" \/>\n\t<meta property=\"og:image:width\" content=\"680\" \/>\n\t<meta property=\"og:image:height\" content=\"340\" \/>\n\t<meta property=\"og:image:type\" content=\"image\/jpeg\" \/>\n<meta name=\"author\" content=\"Jorge Mi\u00f1o\" \/>\n<meta name=\"twitter:card\" content=\"summary_large_image\" \/>\n<meta name=\"twitter:label1\" content=\"Escrito por\" \/>\n\t<meta name=\"twitter:data1\" content=\"Jorge Mi\u00f1o\" \/>\n\t<meta name=\"twitter:label2\" content=\"Tiempo de lectura\" \/>\n\t<meta name=\"twitter:data2\" content=\"5 minutos\" \/>\n<script type=\"application\/ld+json\" class=\"yoast-schema-graph\">{\"@context\":\"https:\/\/schema.org\",\"@graph\":[{\"@type\":\"Article\",\"@id\":\"https:\/\/radioinfinitagoya.com.ar\/v1\/2026\/04\/29\/crisis-interna-en-el-real-madrid-del-cortocircuito-entre-mbappe-y-otras-figuras\/#article\",\"isPartOf\":{\"@id\":\"https:\/\/radioinfinitagoya.com.ar\/v1\/2026\/04\/29\/crisis-interna-en-el-real-madrid-del-cortocircuito-entre-mbappe-y-otras-figuras\/\"},\"author\":{\"name\":\"Jorge Mi\u00f1o\",\"@id\":\"https:\/\/radioinfinitagoya.com.ar\/v1\/#\/schema\/person\/d4cf9c413d4f6edb24aabdccab49ca4a\"},\"headline\":\"Crisis interna en el Real Madrid: del cortocircuito entre Mbapp\u00e9 y otras figuras\",\"datePublished\":\"2026-04-29T19:42:16+00:00\",\"mainEntityOfPage\":{\"@id\":\"https:\/\/radioinfinitagoya.com.ar\/v1\/2026\/04\/29\/crisis-interna-en-el-real-madrid-del-cortocircuito-entre-mbappe-y-otras-figuras\/\"},\"wordCount\":922,\"commentCount\":0,\"publisher\":{\"@id\":\"https:\/\/radioinfinitagoya.com.ar\/v1\/#organization\"},\"image\":{\"@id\":\"https:\/\/radioinfinitagoya.com.ar\/v1\/2026\/04\/29\/crisis-interna-en-el-real-madrid-del-cortocircuito-entre-mbappe-y-otras-figuras\/#primaryimage\"},\"thumbnailUrl\":\"https:\/\/radioinfinitagoya.com.ar\/v1\/wp-content\/uploads\/2026\/04\/RfqMqXXo.jpg\",\"articleSection\":[\"DEPORTES\"],\"inLanguage\":\"es-AR\",\"potentialAction\":[{\"@type\":\"CommentAction\",\"name\":\"Comment\",\"target\":[\"https:\/\/radioinfinitagoya.com.ar\/v1\/2026\/04\/29\/crisis-interna-en-el-real-madrid-del-cortocircuito-entre-mbappe-y-otras-figuras\/#respond\"]}]},{\"@type\":\"WebPage\",\"@id\":\"https:\/\/radioinfinitagoya.com.ar\/v1\/2026\/04\/29\/crisis-interna-en-el-real-madrid-del-cortocircuito-entre-mbappe-y-otras-figuras\/\",\"url\":\"https:\/\/radioinfinitagoya.com.ar\/v1\/2026\/04\/29\/crisis-interna-en-el-real-madrid-del-cortocircuito-entre-mbappe-y-otras-figuras\/\",\"name\":\"Crisis interna en el Real Madrid: del cortocircuito entre Mbapp\u00e9 y otras figuras - Radio Infinita Goya\",\"isPartOf\":{\"@id\":\"https:\/\/radioinfinitagoya.com.ar\/v1\/#website\"},\"primaryImageOfPage\":{\"@id\":\"https:\/\/radioinfinitagoya.com.ar\/v1\/2026\/04\/29\/crisis-interna-en-el-real-madrid-del-cortocircuito-entre-mbappe-y-otras-figuras\/#primaryimage\"},\"image\":{\"@id\":\"https:\/\/radioinfinitagoya.com.ar\/v1\/2026\/04\/29\/crisis-interna-en-el-real-madrid-del-cortocircuito-entre-mbappe-y-otras-figuras\/#primaryimage\"},\"thumbnailUrl\":\"https:\/\/radioinfinitagoya.com.ar\/v1\/wp-content\/uploads\/2026\/04\/RfqMqXXo.jpg\",\"datePublished\":\"2026-04-29T19:42:16+00:00\",\"description\":\"Tras dos temporadas sin t\u00edtulos, la Casa Blanca tiene problemas que deber\u00e1 resolver para despu\u00e9s del Mundial El Real Madrid enfrenta una crisis interna en\",\"breadcrumb\":{\"@id\":\"https:\/\/radioinfinitagoya.com.ar\/v1\/2026\/04\/29\/crisis-interna-en-el-real-madrid-del-cortocircuito-entre-mbappe-y-otras-figuras\/#breadcrumb\"},\"inLanguage\":\"es-AR\",\"potentialAction\":[{\"@type\":\"ReadAction\",\"target\":[\"https:\/\/radioinfinitagoya.com.ar\/v1\/2026\/04\/29\/crisis-interna-en-el-real-madrid-del-cortocircuito-entre-mbappe-y-otras-figuras\/\"]}]},{\"@type\":\"ImageObject\",\"inLanguage\":\"es-AR\",\"@id\":\"https:\/\/radioinfinitagoya.com.ar\/v1\/2026\/04\/29\/crisis-interna-en-el-real-madrid-del-cortocircuito-entre-mbappe-y-otras-figuras\/#primaryimage\",\"url\":\"https:\/\/radioinfinitagoya.com.ar\/v1\/wp-content\/uploads\/2026\/04\/RfqMqXXo.jpg\",\"contentUrl\":\"https:\/\/radioinfinitagoya.com.ar\/v1\/wp-content\/uploads\/2026\/04\/RfqMqXXo.jpg\",\"width\":680,\"height\":340},{\"@type\":\"BreadcrumbList\",\"@id\":\"https:\/\/radioinfinitagoya.com.ar\/v1\/2026\/04\/29\/crisis-interna-en-el-real-madrid-del-cortocircuito-entre-mbappe-y-otras-figuras\/#breadcrumb\",\"itemListElement\":[{\"@type\":\"ListItem\",\"position\":1,\"name\":\"Inicio\",\"item\":\"https:\/\/radioinfinitagoya.com.ar\/v1\/\"},{\"@type\":\"ListItem\",\"position\":2,\"name\":\"Crisis interna en el Real Madrid: del cortocircuito entre Mbapp\u00e9 y otras figuras\"}]},{\"@type\":\"WebSite\",\"@id\":\"https:\/\/radioinfinitagoya.com.ar\/v1\/#website\",\"url\":\"https:\/\/radioinfinitagoya.com.ar\/v1\/\",\"name\":\"radioinfinitagoya.com.ar\",\"description\":\"Radio de noticias\",\"publisher\":{\"@id\":\"https:\/\/radioinfinitagoya.com.ar\/v1\/#organization\"},\"potentialAction\":[{\"@type\":\"SearchAction\",\"target\":{\"@type\":\"EntryPoint\",\"urlTemplate\":\"https:\/\/radioinfinitagoya.com.ar\/v1\/?s={search_term_string}\"},\"query-input\":{\"@type\":\"PropertyValueSpecification\",\"valueRequired\":true,\"valueName\":\"search_term_string\"}}],\"inLanguage\":\"es-AR\"},{\"@type\":\"Organization\",\"@id\":\"https:\/\/radioinfinitagoya.com.ar\/v1\/#organization\",\"name\":\"Radio Infinita Goya\",\"url\":\"https:\/\/radioinfinitagoya.com.ar\/v1\/\",\"logo\":{\"@type\":\"ImageObject\",\"inLanguage\":\"es-AR\",\"@id\":\"https:\/\/radioinfinitagoya.com.ar\/v1\/#\/schema\/logo\/image\/\",\"url\":\"https:\/\/radioinfinitagoya.com.ar\/v1\/wp-content\/uploads\/2019\/11\/logo-pie-web.png\",\"contentUrl\":\"https:\/\/radioinfinitagoya.com.ar\/v1\/wp-content\/uploads\/2019\/11\/logo-pie-web.png\",\"width\":635,\"height\":326,\"caption\":\"Radio Infinita Goya\"},\"image\":{\"@id\":\"https:\/\/radioinfinitagoya.com.ar\/v1\/#\/schema\/logo\/image\/\"},\"sameAs\":[\"https:\/\/www.facebook.com\/p\/Infinita-Goya-100063870918311\/\"]},{\"@type\":\"Person\",\"@id\":\"https:\/\/radioinfinitagoya.com.ar\/v1\/#\/schema\/person\/d4cf9c413d4f6edb24aabdccab49ca4a\",\"name\":\"Jorge Mi\u00f1o\",\"image\":{\"@type\":\"ImageObject\",\"inLanguage\":\"es-AR\",\"@id\":\"https:\/\/secure.gravatar.com\/avatar\/910fcf6728fe95320e07a6643c1581fec1c7fc4bf8ae12e3d8f0d0373dc844be?s=96&d=mm&r=g\",\"url\":\"https:\/\/secure.gravatar.com\/avatar\/910fcf6728fe95320e07a6643c1581fec1c7fc4bf8ae12e3d8f0d0373dc844be?s=96&d=mm&r=g\",\"contentUrl\":\"https:\/\/secure.gravatar.com\/avatar\/910fcf6728fe95320e07a6643c1581fec1c7fc4bf8ae12e3d8f0d0373dc844be?s=96&d=mm&r=g\",\"caption\":\"Jorge Mi\u00f1o\"},\"sameAs\":[\"http:\/\/radioinfinitagoya.com.ar\"]}]}<\/script>\n<!-- \/ Yoast SEO plugin. -->","yoast_head_json":{"title":"Crisis interna en el Real Madrid: del cortocircuito entre Mbapp\u00e9 y otras figuras - Radio Infinita Goya","description":"Tras dos temporadas sin t\u00edtulos, la Casa Blanca tiene problemas que deber\u00e1 resolver para despu\u00e9s del Mundial El Real Madrid enfrenta una crisis interna en","robots":{"index":"index","follow":"follow","max-snippet":"max-snippet:-1","max-image-preview":"max-image-preview:large","max-video-preview":"max-video-preview:-1"},"canonical":"https:\/\/radioinfinitagoya.com.ar\/v1\/2026\/04\/29\/crisis-interna-en-el-real-madrid-del-cortocircuito-entre-mbappe-y-otras-figuras\/","og_locale":"es_ES","og_type":"article","og_title":"Crisis interna en el Real Madrid: del cortocircuito entre Mbapp\u00e9 y otras figuras - Radio Infinita Goya","og_description":"Tras dos temporadas sin t\u00edtulos, la Casa Blanca tiene problemas que deber\u00e1 resolver para despu\u00e9s del Mundial El Real Madrid enfrenta una crisis interna en","og_url":"https:\/\/radioinfinitagoya.com.ar\/v1\/2026\/04\/29\/crisis-interna-en-el-real-madrid-del-cortocircuito-entre-mbappe-y-otras-figuras\/","og_site_name":"Radio Infinita Goya","article_publisher":"https:\/\/www.facebook.com\/p\/Infinita-Goya-100063870918311\/","article_published_time":"2026-04-29T19:42:16+00:00","og_image":[{"width":680,"height":340,"url":"https:\/\/radioinfinitagoya.com.ar\/v1\/wp-content\/uploads\/2026\/04\/RfqMqXXo.jpg","type":"image\/jpeg"}],"author":"Jorge Mi\u00f1o","twitter_card":"summary_large_image","twitter_misc":{"Escrito por":"Jorge Mi\u00f1o","Tiempo de lectura":"5 minutos"},"schema":{"@context":"https:\/\/schema.org","@graph":[{"@type":"Article","@id":"https:\/\/radioinfinitagoya.com.ar\/v1\/2026\/04\/29\/crisis-interna-en-el-real-madrid-del-cortocircuito-entre-mbappe-y-otras-figuras\/#article","isPartOf":{"@id":"https:\/\/radioinfinitagoya.com.ar\/v1\/2026\/04\/29\/crisis-interna-en-el-real-madrid-del-cortocircuito-entre-mbappe-y-otras-figuras\/"},"author":{"name":"Jorge Mi\u00f1o","@id":"https:\/\/radioinfinitagoya.com.ar\/v1\/#\/schema\/person\/d4cf9c413d4f6edb24aabdccab49ca4a"},"headline":"Crisis interna en el Real Madrid: del cortocircuito entre Mbapp\u00e9 y otras figuras","datePublished":"2026-04-29T19:42:16+00:00","mainEntityOfPage":{"@id":"https:\/\/radioinfinitagoya.com.ar\/v1\/2026\/04\/29\/crisis-interna-en-el-real-madrid-del-cortocircuito-entre-mbappe-y-otras-figuras\/"},"wordCount":922,"commentCount":0,"publisher":{"@id":"https:\/\/radioinfinitagoya.com.ar\/v1\/#organization"},"image":{"@id":"https:\/\/radioinfinitagoya.com.ar\/v1\/2026\/04\/29\/crisis-interna-en-el-real-madrid-del-cortocircuito-entre-mbappe-y-otras-figuras\/#primaryimage"},"thumbnailUrl":"https:\/\/radioinfinitagoya.com.ar\/v1\/wp-content\/uploads\/2026\/04\/RfqMqXXo.jpg","articleSection":["DEPORTES"],"inLanguage":"es-AR","potentialAction":[{"@type":"CommentAction","name":"Comment","target":["https:\/\/radioinfinitagoya.com.ar\/v1\/2026\/04\/29\/crisis-interna-en-el-real-madrid-del-cortocircuito-entre-mbappe-y-otras-figuras\/#respond"]}]},{"@type":"WebPage","@id":"https:\/\/radioinfinitagoya.com.ar\/v1\/2026\/04\/29\/crisis-interna-en-el-real-madrid-del-cortocircuito-entre-mbappe-y-otras-figuras\/","url":"https:\/\/radioinfinitagoya.com.ar\/v1\/2026\/04\/29\/crisis-interna-en-el-real-madrid-del-cortocircuito-entre-mbappe-y-otras-figuras\/","name":"Crisis interna en el Real Madrid: del cortocircuito entre Mbapp\u00e9 y otras figuras - Radio Infinita Goya","isPartOf":{"@id":"https:\/\/radioinfinitagoya.com.ar\/v1\/#website"},"primaryImageOfPage":{"@id":"https:\/\/radioinfinitagoya.com.ar\/v1\/2026\/04\/29\/crisis-interna-en-el-real-madrid-del-cortocircuito-entre-mbappe-y-otras-figuras\/#primaryimage"},"image":{"@id":"https:\/\/radioinfinitagoya.com.ar\/v1\/2026\/04\/29\/crisis-interna-en-el-real-madrid-del-cortocircuito-entre-mbappe-y-otras-figuras\/#primaryimage"},"thumbnailUrl":"https:\/\/radioinfinitagoya.com.ar\/v1\/wp-content\/uploads\/2026\/04\/RfqMqXXo.jpg","datePublished":"2026-04-29T19:42:16+00:00","description":"Tras dos temporadas sin t\u00edtulos, la Casa Blanca tiene problemas que deber\u00e1 resolver para despu\u00e9s del Mundial El Real Madrid enfrenta una crisis interna en","breadcrumb":{"@id":"https:\/\/radioinfinitagoya.com.ar\/v1\/2026\/04\/29\/crisis-interna-en-el-real-madrid-del-cortocircuito-entre-mbappe-y-otras-figuras\/#breadcrumb"},"inLanguage":"es-AR","potentialAction":[{"@type":"ReadAction","target":["https:\/\/radioinfinitagoya.com.ar\/v1\/2026\/04\/29\/crisis-interna-en-el-real-madrid-del-cortocircuito-entre-mbappe-y-otras-figuras\/"]}]},{"@type":"ImageObject","inLanguage":"es-AR","@id":"https:\/\/radioinfinitagoya.com.ar\/v1\/2026\/04\/29\/crisis-interna-en-el-real-madrid-del-cortocircuito-entre-mbappe-y-otras-figuras\/#primaryimage","url":"https:\/\/radioinfinitagoya.com.ar\/v1\/wp-content\/uploads\/2026\/04\/RfqMqXXo.jpg","contentUrl":"https:\/\/radioinfinitagoya.com.ar\/v1\/wp-content\/uploads\/2026\/04\/RfqMqXXo.jpg","width":680,"height":340},{"@type":"BreadcrumbList","@id":"https:\/\/radioinfinitagoya.com.ar\/v1\/2026\/04\/29\/crisis-interna-en-el-real-madrid-del-cortocircuito-entre-mbappe-y-otras-figuras\/#breadcrumb","itemListElement":[{"@type":"ListItem","position":1,"name":"Inicio","item":"https:\/\/radioinfinitagoya.com.ar\/v1\/"},{"@type":"ListItem","position":2,"name":"Crisis interna en el Real Madrid: del cortocircuito entre Mbapp\u00e9 y otras figuras"}]},{"@type":"WebSite","@id":"https:\/\/radioinfinitagoya.com.ar\/v1\/#website","url":"https:\/\/radioinfinitagoya.com.ar\/v1\/","name":"radioinfinitagoya.com.ar","description":"Radio de noticias","publisher":{"@id":"https:\/\/radioinfinitagoya.com.ar\/v1\/#organization"},"potentialAction":[{"@type":"SearchAction","target":{"@type":"EntryPoint","urlTemplate":"https:\/\/radioinfinitagoya.com.ar\/v1\/?s={search_term_string}"},"query-input":{"@type":"PropertyValueSpecification","valueRequired":true,"valueName":"search_term_string"}}],"inLanguage":"es-AR"},{"@type":"Organization","@id":"https:\/\/radioinfinitagoya.com.ar\/v1\/#organization","name":"Radio Infinita Goya","url":"https:\/\/radioinfinitagoya.com.ar\/v1\/","logo":{"@type":"ImageObject","inLanguage":"es-AR","@id":"https:\/\/radioinfinitagoya.com.ar\/v1\/#\/schema\/logo\/image\/","url":"https:\/\/radioinfinitagoya.com.ar\/v1\/wp-content\/uploads\/2019\/11\/logo-pie-web.png","contentUrl":"https:\/\/radioinfinitagoya.com.ar\/v1\/wp-content\/uploads\/2019\/11\/logo-pie-web.png","width":635,"height":326,"caption":"Radio Infinita Goya"},"image":{"@id":"https:\/\/radioinfinitagoya.com.ar\/v1\/#\/schema\/logo\/image\/"},"sameAs":["https:\/\/www.facebook.com\/p\/Infinita-Goya-100063870918311\/"]},{"@type":"Person","@id":"https:\/\/radioinfinitagoya.com.ar\/v1\/#\/schema\/person\/d4cf9c413d4f6edb24aabdccab49ca4a","name":"Jorge Mi\u00f1o","image":{"@type":"ImageObject","inLanguage":"es-AR","@id":"https:\/\/secure.gravatar.com\/avatar\/910fcf6728fe95320e07a6643c1581fec1c7fc4bf8ae12e3d8f0d0373dc844be?s=96&d=mm&r=g","url":"https:\/\/secure.gravatar.com\/avatar\/910fcf6728fe95320e07a6643c1581fec1c7fc4bf8ae12e3d8f0d0373dc844be?s=96&d=mm&r=g","contentUrl":"https:\/\/secure.gravatar.com\/avatar\/910fcf6728fe95320e07a6643c1581fec1c7fc4bf8ae12e3d8f0d0373dc844be?s=96&d=mm&r=g","caption":"Jorge Mi\u00f1o"},"sameAs":["http:\/\/radioinfinitagoya.com.ar"]}]}},"_links":{"self":[{"href":"https:\/\/radioinfinitagoya.com.ar\/v1\/wp-json\/wp\/v2\/posts\/213940","targetHints":{"allow":["GET"]}}],"collection":[{"href":"https:\/\/radioinfinitagoya.com.ar\/v1\/wp-json\/wp\/v2\/posts"}],"about":[{"href":"https:\/\/radioinfinitagoya.com.ar\/v1\/wp-json\/wp\/v2\/types\/post"}],"author":[{"embeddable":true,"href":"https:\/\/radioinfinitagoya.com.ar\/v1\/wp-json\/wp\/v2\/users\/4"}],"replies":[{"embeddable":true,"href":"https:\/\/radioinfinitagoya.com.ar\/v1\/wp-json\/wp\/v2\/comments?post=213940"}],"version-history":[{"count":1,"href":"https:\/\/radioinfinitagoya.com.ar\/v1\/wp-json\/wp\/v2\/posts\/213940\/revisions"}],"predecessor-version":[{"id":213942,"href":"https:\/\/radioinfinitagoya.com.ar\/v1\/wp-json\/wp\/v2\/posts\/213940\/revisions\/213942"}],"wp:featuredmedia":[{"embeddable":true,"href":"https:\/\/radioinfinitagoya.com.ar\/v1\/wp-json\/wp\/v2\/media\/213941"}],"wp:attachment":[{"href":"https:\/\/radioinfinitagoya.com.ar\/v1\/wp-json\/wp\/v2\/media?parent=213940"}],"wp:term":[{"taxonomy":"category","embeddable":true,"href":"https:\/\/radioinfinitagoya.com.ar\/v1\/wp-json\/wp\/v2\/categories?post=213940"},{"taxonomy":"post_tag","embeddable":true,"href":"https:\/\/radioinfinitagoya.com.ar\/v1\/wp-json\/wp\/v2\/tags?post=213940"}],"curies":[{"name":"wp","href":"https:\/\/api.w.org\/{rel}","templated":true}]}}