{"id":213943,"date":"2026-04-29T16:47:12","date_gmt":"2026-04-29T19:47:12","guid":{"rendered":"https:\/\/radioinfinitagoya.com.ar\/v1\/?p=213943"},"modified":"2026-04-29T16:47:12","modified_gmt":"2026-04-29T19:47:12","slug":"esteban-andrada-recibio-una-historica-sancion-tras-la-trompada-que-le-pego-a-un-rival-en-espana","status":"publish","type":"post","link":"https:\/\/radioinfinitagoya.com.ar\/v1\/2026\/04\/29\/esteban-andrada-recibio-una-historica-sancion-tras-la-trompada-que-le-pego-a-un-rival-en-espana\/","title":{"rendered":"Esteban Andrada recibi\u00f3 una hist\u00f3rica sanci\u00f3n tras la trompada que le peg\u00f3 a un rival en Espa\u00f1a"},"content":{"rendered":"<p>El Comit\u00e9 de Disciplina impuso una suspensi\u00f3n de 12 partidos por la agresi\u00f3n m\u00e1s uno por la expulsi\u00f3n<\/p>\n<p><img loading=\"lazy\" decoding=\"async\" class=\"alignnone size-medium wp-image-213945\" src=\"https:\/\/radioinfinitagoya.com.ar\/v1\/wp-content\/uploads\/2026\/04\/NMCKTKMNLJA5JKLHH5ZPYOZL5E-600x396.jpg\" alt=\"\" width=\"600\" height=\"396\" srcset=\"https:\/\/radioinfinitagoya.com.ar\/v1\/wp-content\/uploads\/2026\/04\/NMCKTKMNLJA5JKLHH5ZPYOZL5E-600x396.jpg 600w, https:\/\/radioinfinitagoya.com.ar\/v1\/wp-content\/uploads\/2026\/04\/NMCKTKMNLJA5JKLHH5ZPYOZL5E-150x99.jpg 150w, https:\/\/radioinfinitagoya.com.ar\/v1\/wp-content\/uploads\/2026\/04\/NMCKTKMNLJA5JKLHH5ZPYOZL5E-768x506.jpg 768w, https:\/\/radioinfinitagoya.com.ar\/v1\/wp-content\/uploads\/2026\/04\/NMCKTKMNLJA5JKLHH5ZPYOZL5E-637x420.jpg 637w, https:\/\/radioinfinitagoya.com.ar\/v1\/wp-content\/uploads\/2026\/04\/NMCKTKMNLJA5JKLHH5ZPYOZL5E-696x459.jpg 696w, https:\/\/radioinfinitagoya.com.ar\/v1\/wp-content\/uploads\/2026\/04\/NMCKTKMNLJA5JKLHH5ZPYOZL5E.avif 992w\" sizes=\"auto, (max-width: 600px) 100vw, 600px\" \/><\/p>\n<p>El arquero argentino de Real Zaragoza, Esteban Andrada, recibi\u00f3 una sanci\u00f3n de 13 partidos tras agredir a Jorge Pulido, capit\u00e1n del Huesca, en el encuentro disputado en el estadio El Alcoraz. La decisi\u00f3n del Comit\u00e9 de Disciplina de la Real Federaci\u00f3n Espa\u00f1ola de F\u00fatbol (RFEF) se fundamenta en la gravedad de la agresi\u00f3n cometida en los minutos finales del encuentro correspondiente a la trig\u00e9sima s\u00e9ptima jornada de LaLiga Hypermotion.<\/p>\n<p>El Comit\u00e9 determin\u00f3 que Andrada deber\u00e1 cumplir una suspensi\u00f3n de 12 partidos por agresi\u00f3n y uno adicional por doble amonestaci\u00f3n y expulsi\u00f3n. El acta arbitral especific\u00f3 que, tras recibir la segunda tarjeta amarilla por empujar a un rival con el juego detenido, el arquero reaccion\u00f3 de forma violenta, corri\u00f3 hacia Jorge Pulido y le propin\u00f3 un pu\u00f1etazo en la cara, gener\u00e1ndole un hematoma en el p\u00f3mulo izquierdo.<\/p>\n<p>La resoluci\u00f3n resalt\u00f3: \u201cLa naturaleza del golpe \u2014directo, en la cara, con fuerza excesiva\u2014 sit\u00faa la conducta en el extremo m\u00e1s grave del espectro de agresiones subsumibles en el tipo\u201d, seg\u00fan figura en el acuerdo oficial.<\/p>\n<p>El suceso no solo signific\u00f3 la expulsi\u00f3n inmediata del guardameta, sino que tambi\u00e9n provoc\u00f3 una confrontaci\u00f3n generalizada entre jugadores de ambos equipos, requiriendo la intervenci\u00f3n de las Fuerzas y Cuerpos de Seguridad del Estado para trasladar a Andrada al vestuario.<\/p>\n<p>El Comit\u00e9 de Disciplina enfatiz\u00f3 que la agresi\u00f3n, ocurrida en un contexto de m\u00e1xima rivalidad y tensi\u00f3n por la lucha por la permanencia, \u201ctrasciende la agresi\u00f3n individual y pone en riesgo la integridad de terceros y el orden del encuentro\u201d.<\/p>\n<p>El \u00e1rbitro D\u00e1maso Arcediano anot\u00f3 en el acta que el portero del Zaragoza, tras la primera infracci\u00f3n, \u201cempuj\u00f3 de forma temeraria a un adversario, encontr\u00e1ndose el juego detenido\u201d. La reacci\u00f3n posterior desencaden\u00f3 la sanci\u00f3n ejemplar, considerada por la RFEF como la m\u00e1xima aplicable en este tipo de casos.<\/p>\n<p>El Comit\u00e9 tambi\u00e9n valor\u00f3 como agravante la premeditaci\u00f3n m\u00ednima necesaria para desplazarse de forma voluntaria hacia el jugador rival y ejecutar el golpe, as\u00ed como la persistencia en la actitud confrontativa tras la expulsi\u00f3n. Adem\u00e1s, destac\u00f3 que el hecho ocurri\u00f3 en el marco de una competici\u00f3n profesional, lo que \u201cotorga un plus de responsabilidad de los participantes\u201d.<\/p>\n<p>En respuesta a los hechos, Esteban Andrada emiti\u00f3 disculpas p\u00fablicas el mismo domingo, dirigidas tanto al Real Zaragoza y su afici\u00f3n como al propio Jorge Pulido. \u201cEstoy muy arrepentido\u201d, expres\u00f3 el portero. D\u00edas despu\u00e9s, el guardameta contact\u00f3 de manera privada al capit\u00e1n del Huesca mediante un mensaje telef\u00f3nico para reiterar sus disculpas y buscar la reconciliaci\u00f3n tras un incidente que gener\u00f3 repercusi\u00f3n internacional.<\/p>\n<p>El t\u00e9cnico del Real Zaragoza, David Navarro, se refiri\u00f3 al estado emocional del arquero en conferencia de prensa: \u201cAhora mismo, lo que me preocupa es la persona; todos los d\u00edas hablamos, \u00e9l est\u00e1 dolido por lo que sucedi\u00f3. Creo que es un ser humano, aunque lo podamos olvidar, ha cometido un error, lo va a pagar y ya est\u00e1\u201d, declar\u00f3 el entrenador. Navarro subray\u00f3 que el vestuario mantuvo la compostura ante la situaci\u00f3n, destacando la reacci\u00f3n colectiva del equipo.<\/p>\n<p>La sanci\u00f3n a Andrada no fue la \u00fanica derivada del altercado. El Comit\u00e9 de Disciplina impuso cuatro encuentros de suspensi\u00f3n a Dani Jim\u00e9nez, portero del Huesca, por su participaci\u00f3n en la tangana posterior, y dos partidos a Tasende, jugador del Zaragoza.<\/p>\n<p>El Comit\u00e9 justific\u00f3 la severidad de la medida por la \u201cintensidad real de la acci\u00f3n\u201d y el impacto negativo sobre la imagen de la Segunda Divisi\u00f3n, una categor\u00eda de alto inter\u00e9s social nacional. El acuerdo concluye que corresponde la sanci\u00f3n m\u00e1xima de doce partidos por agresi\u00f3n, m\u00e1s uno por la doble amonestaci\u00f3n, acompa\u00f1ados de las multas accesorias previstas en el C\u00f3digo Disciplinario de la RFEF.<\/p>\n<p>La sanci\u00f3n apartar\u00e1 a Esteban Andrada de la competici\u00f3n hasta bien avanzada la pr\u00f3xima temporada y que pone en cuestionamiento su futuro en el club luego de su llegada tras participar en Monterrey, del f\u00fatbol mexicano.<\/p>\n<p>El comunicado sobre la sanci\u00f3n a Esteban Andrada:<br \/>\nA juicio de este Comit\u00e9 son circunstancias concurrentes agravantes de la conducta: en primer lugar, debe referirse que la conducta agresora se produce estando el juego detenido y como reacci\u00f3n a la expulsi\u00f3n del jugador ulteriormente agresor, por doble amonestaci\u00f3n. En lugar de retirarse al vestuario, conforme mandata el art\u00edculo 120.3 el jugador adopta una actitud agresiva y se dirige corriendo -de forma voluntaria- al capit\u00e1n del equipo rival. Una vez le alcanza, (i). salta hacia \u00e9l y (ii). Le propina un pu\u00f1etazo.<\/p>\n<p>La premeditaci\u00f3n m\u00ednima que exige desplazarse hasta la posici\u00f3n del agredido, unida a la ejecuci\u00f3n de la acci\u00f3n con uso de fuerza excesiva seg\u00fan recoge el acta, acredita un dolo espec\u00edfico que este Comit\u00e9 valora como circunstancia agravante de primer orden. La naturaleza del golpe -directo, en la cara, con fuerza excesiva- sit\u00faa la conducta en el extremo m\u00e1s grave del espectro de agresiones subsumibles en el tipo.<\/p>\n<p>A ello se a\u00f1ade el resultado da\u00f1oso constatable: hematoma en el p\u00f3mulo izquierdo, que acredita la intensidad real de la acci\u00f3n. La consecuencia de este hecho es la generaci\u00f3n de una tangana entre los restantes jugadores. Es decir, la agresi\u00f3n genera una confrontaci\u00f3n entre equipos que no es propia de los valores del deporte, puesto que es circunstancia que trasciende la agresi\u00f3n individual y pone en riesgo la integridad de terceros y el orden del encuentro. Adem\u00e1s, ha de valorarse que el jugador agresor no depone su actitud y continua su \u00e1nimo confrontativo. Esto provoc\u00f3 que fuera necesaria la intervenci\u00f3n de las Fuerzas y Cuerpos de Seguridad del Estado para proceder a trasladarle al vestuario.<\/p>\n<p>Finalmente, no es menos importante se\u00f1alar que el presente sucede en el marco de una competici\u00f3n profesional, concretamente en la Segunda Divisi\u00f3n, siendo esta una categor\u00eda del m\u00e1ximo inter\u00e9s social nacional, por lo que la imagen proyectada en la misma trasciende el mero evento deportivo, lo que otorga un plus de responsabilidad de los participantes en la misma. El conjunto de las circunstancias expuestas justifica plenamente, a juicio de este Comit\u00e9, la imposici\u00f3n de la sanci\u00f3n en su grado m\u00e1ximo de doce partidos de suspensi\u00f3n, y todo ello en consonancia con la resoluci\u00f3n del TAD citada al inicio de esta resoluci\u00f3n.<\/p>\n<p>En virtud de cuanto antecede, este Comit\u00e9 acuerda sancionar a Andrada, Esteban Maximiliano con un (1) partido de sanci\u00f3n por doble amonestaci\u00f3n con ocasi\u00f3n de un partido y doce (12) partidos de sanci\u00f3n por la comisi\u00f3n de una infracci\u00f3n de agresi\u00f3n, prevista en el art\u00edculo 103.1 del C\u00f3digo Disciplinario de la RFEF. Todo ello con las correspondientes multas accesorias previstas en el art\u00edculo 52 del C\u00f3digo Disciplinario de la RFEF.<\/p>\n<p>&nbsp;<\/p>\n<p>&nbsp;<\/p>\n","protected":false},"excerpt":{"rendered":"<p>El Comit\u00e9 de Disciplina impuso una suspensi\u00f3n de 12 partidos por la agresi\u00f3n m\u00e1s uno por la expulsi\u00f3n El arquero argentino de Real Zaragoza, Esteban Andrada, recibi\u00f3 una sanci\u00f3n de 13 partidos tras agredir a Jorge Pulido, capit\u00e1n del Huesca, en el encuentro disputado en el estadio El Alcoraz. La decisi\u00f3n del Comit\u00e9 de Disciplina [&hellip;]<\/p>\n","protected":false},"author":4,"featured_media":213944,"comment_status":"open","ping_status":"open","sticky":false,"template":"","format":"standard","meta":{"_joinchat":[],"footnotes":""},"categories":[28],"tags":[],"class_list":{"0":"post-213943","1":"post","2":"type-post","3":"status-publish","4":"format-standard","5":"has-post-thumbnail","7":"category-deportes"},"yoast_head":"<!-- This site is optimized with the Yoast SEO plugin v27.2 - https:\/\/yoast.com\/product\/yoast-seo-wordpress\/ -->\n<title>Esteban Andrada recibi\u00f3 una hist\u00f3rica sanci\u00f3n tras la trompada que le peg\u00f3 a un rival en Espa\u00f1a - Radio Infinita Goya<\/title>\n<meta name=\"description\" content=\"El Comit\u00e9 de Disciplina impuso una suspensi\u00f3n de 12 partidos por la agresi\u00f3n m\u00e1s uno por la expulsi\u00f3n El arquero argentino de Real Zaragoza, Esteban\" \/>\n<meta name=\"robots\" content=\"index, follow, max-snippet:-1, max-image-preview:large, max-video-preview:-1\" \/>\n<link rel=\"canonical\" href=\"https:\/\/radioinfinitagoya.com.ar\/v1\/2026\/04\/29\/esteban-andrada-recibio-una-historica-sancion-tras-la-trompada-que-le-pego-a-un-rival-en-espana\/\" \/>\n<meta property=\"og:locale\" content=\"es_ES\" \/>\n<meta property=\"og:type\" content=\"article\" \/>\n<meta property=\"og:title\" content=\"Esteban Andrada recibi\u00f3 una hist\u00f3rica sanci\u00f3n tras la trompada que le peg\u00f3 a un rival en Espa\u00f1a - Radio Infinita Goya\" \/>\n<meta property=\"og:description\" content=\"El Comit\u00e9 de Disciplina impuso una suspensi\u00f3n de 12 partidos por la agresi\u00f3n m\u00e1s uno por la expulsi\u00f3n El arquero argentino de Real Zaragoza, Esteban\" \/>\n<meta property=\"og:url\" content=\"https:\/\/radioinfinitagoya.com.ar\/v1\/2026\/04\/29\/esteban-andrada-recibio-una-historica-sancion-tras-la-trompada-que-le-pego-a-un-rival-en-espana\/\" \/>\n<meta property=\"og:site_name\" content=\"Radio Infinita Goya\" \/>\n<meta property=\"article:publisher\" content=\"https:\/\/www.facebook.com\/p\/Infinita-Goya-100063870918311\/\" \/>\n<meta property=\"article:published_time\" content=\"2026-04-29T19:47:12+00:00\" \/>\n<meta name=\"author\" content=\"Jorge Mi\u00f1o\" \/>\n<meta name=\"twitter:card\" content=\"summary_large_image\" \/>\n<meta name=\"twitter:label1\" content=\"Escrito por\" \/>\n\t<meta name=\"twitter:data1\" content=\"Jorge Mi\u00f1o\" \/>\n\t<meta name=\"twitter:label2\" content=\"Tiempo de lectura\" \/>\n\t<meta name=\"twitter:data2\" content=\"6 minutos\" \/>\n<script type=\"application\/ld+json\" class=\"yoast-schema-graph\">{\"@context\":\"https:\/\/schema.org\",\"@graph\":[{\"@type\":\"Article\",\"@id\":\"https:\/\/radioinfinitagoya.com.ar\/v1\/2026\/04\/29\/esteban-andrada-recibio-una-historica-sancion-tras-la-trompada-que-le-pego-a-un-rival-en-espana\/#article\",\"isPartOf\":{\"@id\":\"https:\/\/radioinfinitagoya.com.ar\/v1\/2026\/04\/29\/esteban-andrada-recibio-una-historica-sancion-tras-la-trompada-que-le-pego-a-un-rival-en-espana\/\"},\"author\":{\"name\":\"Jorge Mi\u00f1o\",\"@id\":\"https:\/\/radioinfinitagoya.com.ar\/v1\/#\/schema\/person\/d4cf9c413d4f6edb24aabdccab49ca4a\"},\"headline\":\"Esteban Andrada recibi\u00f3 una hist\u00f3rica sanci\u00f3n tras la trompada que le peg\u00f3 a un rival en Espa\u00f1a\",\"datePublished\":\"2026-04-29T19:47:12+00:00\",\"mainEntityOfPage\":{\"@id\":\"https:\/\/radioinfinitagoya.com.ar\/v1\/2026\/04\/29\/esteban-andrada-recibio-una-historica-sancion-tras-la-trompada-que-le-pego-a-un-rival-en-espana\/\"},\"wordCount\":1242,\"commentCount\":0,\"publisher\":{\"@id\":\"https:\/\/radioinfinitagoya.com.ar\/v1\/#organization\"},\"image\":{\"@id\":\"https:\/\/radioinfinitagoya.com.ar\/v1\/2026\/04\/29\/esteban-andrada-recibio-una-historica-sancion-tras-la-trompada-que-le-pego-a-un-rival-en-espana\/#primaryimage\"},\"thumbnailUrl\":\"https:\/\/radioinfinitagoya.com.ar\/v1\/wp-content\/uploads\/2026\/04\/JPFZ64GFGBBFZJD56BUTJQ3EOU.avif\",\"articleSection\":[\"DEPORTES\"],\"inLanguage\":\"es-AR\",\"potentialAction\":[{\"@type\":\"CommentAction\",\"name\":\"Comment\",\"target\":[\"https:\/\/radioinfinitagoya.com.ar\/v1\/2026\/04\/29\/esteban-andrada-recibio-una-historica-sancion-tras-la-trompada-que-le-pego-a-un-rival-en-espana\/#respond\"]}]},{\"@type\":\"WebPage\",\"@id\":\"https:\/\/radioinfinitagoya.com.ar\/v1\/2026\/04\/29\/esteban-andrada-recibio-una-historica-sancion-tras-la-trompada-que-le-pego-a-un-rival-en-espana\/\",\"url\":\"https:\/\/radioinfinitagoya.com.ar\/v1\/2026\/04\/29\/esteban-andrada-recibio-una-historica-sancion-tras-la-trompada-que-le-pego-a-un-rival-en-espana\/\",\"name\":\"Esteban Andrada recibi\u00f3 una hist\u00f3rica sanci\u00f3n tras la trompada que le peg\u00f3 a un rival en Espa\u00f1a - Radio Infinita Goya\",\"isPartOf\":{\"@id\":\"https:\/\/radioinfinitagoya.com.ar\/v1\/#website\"},\"primaryImageOfPage\":{\"@id\":\"https:\/\/radioinfinitagoya.com.ar\/v1\/2026\/04\/29\/esteban-andrada-recibio-una-historica-sancion-tras-la-trompada-que-le-pego-a-un-rival-en-espana\/#primaryimage\"},\"image\":{\"@id\":\"https:\/\/radioinfinitagoya.com.ar\/v1\/2026\/04\/29\/esteban-andrada-recibio-una-historica-sancion-tras-la-trompada-que-le-pego-a-un-rival-en-espana\/#primaryimage\"},\"thumbnailUrl\":\"https:\/\/radioinfinitagoya.com.ar\/v1\/wp-content\/uploads\/2026\/04\/JPFZ64GFGBBFZJD56BUTJQ3EOU.avif\",\"datePublished\":\"2026-04-29T19:47:12+00:00\",\"description\":\"El Comit\u00e9 de Disciplina impuso una suspensi\u00f3n de 12 partidos por la agresi\u00f3n m\u00e1s uno por la expulsi\u00f3n El arquero argentino de Real Zaragoza, Esteban\",\"breadcrumb\":{\"@id\":\"https:\/\/radioinfinitagoya.com.ar\/v1\/2026\/04\/29\/esteban-andrada-recibio-una-historica-sancion-tras-la-trompada-que-le-pego-a-un-rival-en-espana\/#breadcrumb\"},\"inLanguage\":\"es-AR\",\"potentialAction\":[{\"@type\":\"ReadAction\",\"target\":[\"https:\/\/radioinfinitagoya.com.ar\/v1\/2026\/04\/29\/esteban-andrada-recibio-una-historica-sancion-tras-la-trompada-que-le-pego-a-un-rival-en-espana\/\"]}]},{\"@type\":\"ImageObject\",\"inLanguage\":\"es-AR\",\"@id\":\"https:\/\/radioinfinitagoya.com.ar\/v1\/2026\/04\/29\/esteban-andrada-recibio-una-historica-sancion-tras-la-trompada-que-le-pego-a-un-rival-en-espana\/#primaryimage\",\"url\":\"https:\/\/radioinfinitagoya.com.ar\/v1\/wp-content\/uploads\/2026\/04\/JPFZ64GFGBBFZJD56BUTJQ3EOU.avif\",\"contentUrl\":\"https:\/\/radioinfinitagoya.com.ar\/v1\/wp-content\/uploads\/2026\/04\/JPFZ64GFGBBFZJD56BUTJQ3EOU.avif\",\"width\":992,\"height\":558},{\"@type\":\"BreadcrumbList\",\"@id\":\"https:\/\/radioinfinitagoya.com.ar\/v1\/2026\/04\/29\/esteban-andrada-recibio-una-historica-sancion-tras-la-trompada-que-le-pego-a-un-rival-en-espana\/#breadcrumb\",\"itemListElement\":[{\"@type\":\"ListItem\",\"position\":1,\"name\":\"Inicio\",\"item\":\"https:\/\/radioinfinitagoya.com.ar\/v1\/\"},{\"@type\":\"ListItem\",\"position\":2,\"name\":\"Esteban Andrada recibi\u00f3 una hist\u00f3rica sanci\u00f3n tras la trompada que le peg\u00f3 a un rival en Espa\u00f1a\"}]},{\"@type\":\"WebSite\",\"@id\":\"https:\/\/radioinfinitagoya.com.ar\/v1\/#website\",\"url\":\"https:\/\/radioinfinitagoya.com.ar\/v1\/\",\"name\":\"radioinfinitagoya.com.ar\",\"description\":\"Radio de noticias\",\"publisher\":{\"@id\":\"https:\/\/radioinfinitagoya.com.ar\/v1\/#organization\"},\"potentialAction\":[{\"@type\":\"SearchAction\",\"target\":{\"@type\":\"EntryPoint\",\"urlTemplate\":\"https:\/\/radioinfinitagoya.com.ar\/v1\/?s={search_term_string}\"},\"query-input\":{\"@type\":\"PropertyValueSpecification\",\"valueRequired\":true,\"valueName\":\"search_term_string\"}}],\"inLanguage\":\"es-AR\"},{\"@type\":\"Organization\",\"@id\":\"https:\/\/radioinfinitagoya.com.ar\/v1\/#organization\",\"name\":\"Radio Infinita Goya\",\"url\":\"https:\/\/radioinfinitagoya.com.ar\/v1\/\",\"logo\":{\"@type\":\"ImageObject\",\"inLanguage\":\"es-AR\",\"@id\":\"https:\/\/radioinfinitagoya.com.ar\/v1\/#\/schema\/logo\/image\/\",\"url\":\"https:\/\/radioinfinitagoya.com.ar\/v1\/wp-content\/uploads\/2019\/11\/logo-pie-web.png\",\"contentUrl\":\"https:\/\/radioinfinitagoya.com.ar\/v1\/wp-content\/uploads\/2019\/11\/logo-pie-web.png\",\"width\":635,\"height\":326,\"caption\":\"Radio Infinita Goya\"},\"image\":{\"@id\":\"https:\/\/radioinfinitagoya.com.ar\/v1\/#\/schema\/logo\/image\/\"},\"sameAs\":[\"https:\/\/www.facebook.com\/p\/Infinita-Goya-100063870918311\/\"]},{\"@type\":\"Person\",\"@id\":\"https:\/\/radioinfinitagoya.com.ar\/v1\/#\/schema\/person\/d4cf9c413d4f6edb24aabdccab49ca4a\",\"name\":\"Jorge Mi\u00f1o\",\"image\":{\"@type\":\"ImageObject\",\"inLanguage\":\"es-AR\",\"@id\":\"https:\/\/secure.gravatar.com\/avatar\/910fcf6728fe95320e07a6643c1581fec1c7fc4bf8ae12e3d8f0d0373dc844be?s=96&d=mm&r=g\",\"url\":\"https:\/\/secure.gravatar.com\/avatar\/910fcf6728fe95320e07a6643c1581fec1c7fc4bf8ae12e3d8f0d0373dc844be?s=96&d=mm&r=g\",\"contentUrl\":\"https:\/\/secure.gravatar.com\/avatar\/910fcf6728fe95320e07a6643c1581fec1c7fc4bf8ae12e3d8f0d0373dc844be?s=96&d=mm&r=g\",\"caption\":\"Jorge Mi\u00f1o\"},\"sameAs\":[\"http:\/\/radioinfinitagoya.com.ar\"]}]}<\/script>\n<!-- \/ Yoast SEO plugin. -->","yoast_head_json":{"title":"Esteban Andrada recibi\u00f3 una hist\u00f3rica sanci\u00f3n tras la trompada que le peg\u00f3 a un rival en Espa\u00f1a - Radio Infinita Goya","description":"El Comit\u00e9 de Disciplina impuso una suspensi\u00f3n de 12 partidos por la agresi\u00f3n m\u00e1s uno por la expulsi\u00f3n El arquero argentino de Real Zaragoza, Esteban","robots":{"index":"index","follow":"follow","max-snippet":"max-snippet:-1","max-image-preview":"max-image-preview:large","max-video-preview":"max-video-preview:-1"},"canonical":"https:\/\/radioinfinitagoya.com.ar\/v1\/2026\/04\/29\/esteban-andrada-recibio-una-historica-sancion-tras-la-trompada-que-le-pego-a-un-rival-en-espana\/","og_locale":"es_ES","og_type":"article","og_title":"Esteban Andrada recibi\u00f3 una hist\u00f3rica sanci\u00f3n tras la trompada que le peg\u00f3 a un rival en Espa\u00f1a - Radio Infinita Goya","og_description":"El Comit\u00e9 de Disciplina impuso una suspensi\u00f3n de 12 partidos por la agresi\u00f3n m\u00e1s uno por la expulsi\u00f3n El arquero argentino de Real Zaragoza, Esteban","og_url":"https:\/\/radioinfinitagoya.com.ar\/v1\/2026\/04\/29\/esteban-andrada-recibio-una-historica-sancion-tras-la-trompada-que-le-pego-a-un-rival-en-espana\/","og_site_name":"Radio Infinita Goya","article_publisher":"https:\/\/www.facebook.com\/p\/Infinita-Goya-100063870918311\/","article_published_time":"2026-04-29T19:47:12+00:00","author":"Jorge Mi\u00f1o","twitter_card":"summary_large_image","twitter_misc":{"Escrito por":"Jorge Mi\u00f1o","Tiempo de lectura":"6 minutos"},"schema":{"@context":"https:\/\/schema.org","@graph":[{"@type":"Article","@id":"https:\/\/radioinfinitagoya.com.ar\/v1\/2026\/04\/29\/esteban-andrada-recibio-una-historica-sancion-tras-la-trompada-que-le-pego-a-un-rival-en-espana\/#article","isPartOf":{"@id":"https:\/\/radioinfinitagoya.com.ar\/v1\/2026\/04\/29\/esteban-andrada-recibio-una-historica-sancion-tras-la-trompada-que-le-pego-a-un-rival-en-espana\/"},"author":{"name":"Jorge Mi\u00f1o","@id":"https:\/\/radioinfinitagoya.com.ar\/v1\/#\/schema\/person\/d4cf9c413d4f6edb24aabdccab49ca4a"},"headline":"Esteban Andrada recibi\u00f3 una hist\u00f3rica sanci\u00f3n tras la trompada que le peg\u00f3 a un rival en Espa\u00f1a","datePublished":"2026-04-29T19:47:12+00:00","mainEntityOfPage":{"@id":"https:\/\/radioinfinitagoya.com.ar\/v1\/2026\/04\/29\/esteban-andrada-recibio-una-historica-sancion-tras-la-trompada-que-le-pego-a-un-rival-en-espana\/"},"wordCount":1242,"commentCount":0,"publisher":{"@id":"https:\/\/radioinfinitagoya.com.ar\/v1\/#organization"},"image":{"@id":"https:\/\/radioinfinitagoya.com.ar\/v1\/2026\/04\/29\/esteban-andrada-recibio-una-historica-sancion-tras-la-trompada-que-le-pego-a-un-rival-en-espana\/#primaryimage"},"thumbnailUrl":"https:\/\/radioinfinitagoya.com.ar\/v1\/wp-content\/uploads\/2026\/04\/JPFZ64GFGBBFZJD56BUTJQ3EOU.avif","articleSection":["DEPORTES"],"inLanguage":"es-AR","potentialAction":[{"@type":"CommentAction","name":"Comment","target":["https:\/\/radioinfinitagoya.com.ar\/v1\/2026\/04\/29\/esteban-andrada-recibio-una-historica-sancion-tras-la-trompada-que-le-pego-a-un-rival-en-espana\/#respond"]}]},{"@type":"WebPage","@id":"https:\/\/radioinfinitagoya.com.ar\/v1\/2026\/04\/29\/esteban-andrada-recibio-una-historica-sancion-tras-la-trompada-que-le-pego-a-un-rival-en-espana\/","url":"https:\/\/radioinfinitagoya.com.ar\/v1\/2026\/04\/29\/esteban-andrada-recibio-una-historica-sancion-tras-la-trompada-que-le-pego-a-un-rival-en-espana\/","name":"Esteban Andrada recibi\u00f3 una hist\u00f3rica sanci\u00f3n tras la trompada que le peg\u00f3 a un rival en Espa\u00f1a - Radio Infinita Goya","isPartOf":{"@id":"https:\/\/radioinfinitagoya.com.ar\/v1\/#website"},"primaryImageOfPage":{"@id":"https:\/\/radioinfinitagoya.com.ar\/v1\/2026\/04\/29\/esteban-andrada-recibio-una-historica-sancion-tras-la-trompada-que-le-pego-a-un-rival-en-espana\/#primaryimage"},"image":{"@id":"https:\/\/radioinfinitagoya.com.ar\/v1\/2026\/04\/29\/esteban-andrada-recibio-una-historica-sancion-tras-la-trompada-que-le-pego-a-un-rival-en-espana\/#primaryimage"},"thumbnailUrl":"https:\/\/radioinfinitagoya.com.ar\/v1\/wp-content\/uploads\/2026\/04\/JPFZ64GFGBBFZJD56BUTJQ3EOU.avif","datePublished":"2026-04-29T19:47:12+00:00","description":"El Comit\u00e9 de Disciplina impuso una suspensi\u00f3n de 12 partidos por la agresi\u00f3n m\u00e1s uno por la expulsi\u00f3n El arquero argentino de Real Zaragoza, Esteban","breadcrumb":{"@id":"https:\/\/radioinfinitagoya.com.ar\/v1\/2026\/04\/29\/esteban-andrada-recibio-una-historica-sancion-tras-la-trompada-que-le-pego-a-un-rival-en-espana\/#breadcrumb"},"inLanguage":"es-AR","potentialAction":[{"@type":"ReadAction","target":["https:\/\/radioinfinitagoya.com.ar\/v1\/2026\/04\/29\/esteban-andrada-recibio-una-historica-sancion-tras-la-trompada-que-le-pego-a-un-rival-en-espana\/"]}]},{"@type":"ImageObject","inLanguage":"es-AR","@id":"https:\/\/radioinfinitagoya.com.ar\/v1\/2026\/04\/29\/esteban-andrada-recibio-una-historica-sancion-tras-la-trompada-que-le-pego-a-un-rival-en-espana\/#primaryimage","url":"https:\/\/radioinfinitagoya.com.ar\/v1\/wp-content\/uploads\/2026\/04\/JPFZ64GFGBBFZJD56BUTJQ3EOU.avif","contentUrl":"https:\/\/radioinfinitagoya.com.ar\/v1\/wp-content\/uploads\/2026\/04\/JPFZ64GFGBBFZJD56BUTJQ3EOU.avif","width":992,"height":558},{"@type":"BreadcrumbList","@id":"https:\/\/radioinfinitagoya.com.ar\/v1\/2026\/04\/29\/esteban-andrada-recibio-una-historica-sancion-tras-la-trompada-que-le-pego-a-un-rival-en-espana\/#breadcrumb","itemListElement":[{"@type":"ListItem","position":1,"name":"Inicio","item":"https:\/\/radioinfinitagoya.com.ar\/v1\/"},{"@type":"ListItem","position":2,"name":"Esteban Andrada recibi\u00f3 una hist\u00f3rica sanci\u00f3n tras la trompada que le peg\u00f3 a un rival en Espa\u00f1a"}]},{"@type":"WebSite","@id":"https:\/\/radioinfinitagoya.com.ar\/v1\/#website","url":"https:\/\/radioinfinitagoya.com.ar\/v1\/","name":"radioinfinitagoya.com.ar","description":"Radio de noticias","publisher":{"@id":"https:\/\/radioinfinitagoya.com.ar\/v1\/#organization"},"potentialAction":[{"@type":"SearchAction","target":{"@type":"EntryPoint","urlTemplate":"https:\/\/radioinfinitagoya.com.ar\/v1\/?s={search_term_string}"},"query-input":{"@type":"PropertyValueSpecification","valueRequired":true,"valueName":"search_term_string"}}],"inLanguage":"es-AR"},{"@type":"Organization","@id":"https:\/\/radioinfinitagoya.com.ar\/v1\/#organization","name":"Radio Infinita Goya","url":"https:\/\/radioinfinitagoya.com.ar\/v1\/","logo":{"@type":"ImageObject","inLanguage":"es-AR","@id":"https:\/\/radioinfinitagoya.com.ar\/v1\/#\/schema\/logo\/image\/","url":"https:\/\/radioinfinitagoya.com.ar\/v1\/wp-content\/uploads\/2019\/11\/logo-pie-web.png","contentUrl":"https:\/\/radioinfinitagoya.com.ar\/v1\/wp-content\/uploads\/2019\/11\/logo-pie-web.png","width":635,"height":326,"caption":"Radio Infinita Goya"},"image":{"@id":"https:\/\/radioinfinitagoya.com.ar\/v1\/#\/schema\/logo\/image\/"},"sameAs":["https:\/\/www.facebook.com\/p\/Infinita-Goya-100063870918311\/"]},{"@type":"Person","@id":"https:\/\/radioinfinitagoya.com.ar\/v1\/#\/schema\/person\/d4cf9c413d4f6edb24aabdccab49ca4a","name":"Jorge Mi\u00f1o","image":{"@type":"ImageObject","inLanguage":"es-AR","@id":"https:\/\/secure.gravatar.com\/avatar\/910fcf6728fe95320e07a6643c1581fec1c7fc4bf8ae12e3d8f0d0373dc844be?s=96&d=mm&r=g","url":"https:\/\/secure.gravatar.com\/avatar\/910fcf6728fe95320e07a6643c1581fec1c7fc4bf8ae12e3d8f0d0373dc844be?s=96&d=mm&r=g","contentUrl":"https:\/\/secure.gravatar.com\/avatar\/910fcf6728fe95320e07a6643c1581fec1c7fc4bf8ae12e3d8f0d0373dc844be?s=96&d=mm&r=g","caption":"Jorge Mi\u00f1o"},"sameAs":["http:\/\/radioinfinitagoya.com.ar"]}]}},"_links":{"self":[{"href":"https:\/\/radioinfinitagoya.com.ar\/v1\/wp-json\/wp\/v2\/posts\/213943","targetHints":{"allow":["GET"]}}],"collection":[{"href":"https:\/\/radioinfinitagoya.com.ar\/v1\/wp-json\/wp\/v2\/posts"}],"about":[{"href":"https:\/\/radioinfinitagoya.com.ar\/v1\/wp-json\/wp\/v2\/types\/post"}],"author":[{"embeddable":true,"href":"https:\/\/radioinfinitagoya.com.ar\/v1\/wp-json\/wp\/v2\/users\/4"}],"replies":[{"embeddable":true,"href":"https:\/\/radioinfinitagoya.com.ar\/v1\/wp-json\/wp\/v2\/comments?post=213943"}],"version-history":[{"count":1,"href":"https:\/\/radioinfinitagoya.com.ar\/v1\/wp-json\/wp\/v2\/posts\/213943\/revisions"}],"predecessor-version":[{"id":213946,"href":"https:\/\/radioinfinitagoya.com.ar\/v1\/wp-json\/wp\/v2\/posts\/213943\/revisions\/213946"}],"wp:featuredmedia":[{"embeddable":true,"href":"https:\/\/radioinfinitagoya.com.ar\/v1\/wp-json\/wp\/v2\/media\/213944"}],"wp:attachment":[{"href":"https:\/\/radioinfinitagoya.com.ar\/v1\/wp-json\/wp\/v2\/media?parent=213943"}],"wp:term":[{"taxonomy":"category","embeddable":true,"href":"https:\/\/radioinfinitagoya.com.ar\/v1\/wp-json\/wp\/v2\/categories?post=213943"},{"taxonomy":"post_tag","embeddable":true,"href":"https:\/\/radioinfinitagoya.com.ar\/v1\/wp-json\/wp\/v2\/tags?post=213943"}],"curies":[{"name":"wp","href":"https:\/\/api.w.org\/{rel}","templated":true}]}}